{"id":128,"date":"2009-06-21T08:00:00","date_gmt":"2009-06-21T08:00:00","guid":{"rendered":"https:\/\/www.inmsol.com\/"},"modified":"2014-07-31T08:46:23","modified_gmt":"2014-07-31T08:46:23","slug":"herbst-granada","status":"publish","type":"post","link":"https:\/\/www.inmsol.com\/de\/blog-de-de\/herbst-granada\/","title":{"rendered":"Herbst in Granada"},"content":{"rendered":"<div><span style=\"color: #993300; font-family: 'Comic Sans MS'; font-size: small;\">El <b>oto\u00f1o en Granada<\/b> se inicia con una fiesta religiosa, la procesi\u00f3n de la <b>Virgen de las Angustias<\/b>, patrona de la cuidad. El \u00faltimo domingo de septiembre la ciudad acoge a miles de fervientes devotos de esta advocaci\u00f3n provenientes de toda la provincia llenan la ciudad.<\/span><\/div>\n<div><span style=\"color: #993300; font-family: 'Comic Sans MS'; font-size: small;\"><br \/>\nLa fiesta religiosa se acompa\u00f1a de la primera degustaci\u00f3n de los frutos oto\u00f1ales. Numerosos puestos ambulantes ofrecen estas delicias: acerolas, azofaifas, membrillos, caquis,\u2026 y una fruta emblem\u00e1tica e indispensable: <b>la GRANADA<\/b>, que a partir de estos d\u00edas se hace indispensable en la dieta local, llenando de colorido los platos fuertes como las migas con granada.<\/span><\/div>\n<div><span style=\"color: #993300; font-family: 'Comic Sans MS'; font-size: small;\"><br \/>\nA partir de <b>octubre <\/b>se revive un rito ancestral, los puestos de asar casta\u00f1as en cada esquina del centro de la ciudad. El crepitar del fuego y las pavesas confieren un sabor particular a las oscuras tardes\u00a0 oto\u00f1ales, llenas de bulliciosos viandantes.<\/span><\/div>\n<div><span style=\"color: #993300; font-family: 'Comic Sans MS'; font-size: small;\"><br \/>\nEl <b>mirador de San Nicol\u00e1s<\/b>, considerado por muchos el mejor lugar para contemplar la puesta de sol, es en estos momentos digno de su fama. La calidez de los rayos de sol al incidir sobre la <b>Alhambra <\/b>y el <b>Albaic\u00edn <\/b>en estas fechas es una de las experiencias m\u00e1s memorables.<\/span><\/div>\n","protected":false},"excerpt":{"rendered":"<p>El oto\u00f1o en Granada se inicia con una fiesta religiosa, la procesi\u00f3n de la Virgen de las Angustias, patrona de la cuidad. El \u00faltimo domingo de septiembre la ciudad acoge a miles de fervientes devotos de esta advocaci\u00f3n provenientes de toda la provincia llenan la&#8230;<\/p>\n","protected":false},"author":2,"featured_media":0,"comment_status":"closed","ping_status":"closed","sticky":false,"template":"","format":"standard","meta":{"_acf_changed":false,"footnotes":""},"categories":[5,127,128],"tags":[],"class_list":["post-128","post","type-post","status-publish","format-standard","hentry","category-blog-de-de","category-nachrichten-de-de","category-veranstaltungen-granada-de-de"],"acf":[],"yoast_head":"<!-- This site is optimized with the Yoast SEO plugin v27.5 - https:\/\/yoast.com\/product\/yoast-seo-wordpress\/ -->\n<title>Herbst in Granada &#8226; iNMSOL<\/title>\n<meta name=\"description\" content=\"Granada en oto\u00f1o acoje diferentes festivales para todos los gustos y edades.\" \/>\n<meta name=\"robots\" content=\"index, follow, max-snippet:-1, max-image-preview:large, max-video-preview:-1\" \/>\n<link rel=\"canonical\" href=\"https:\/\/www.inmsol.com\/de\/blog-de-de\/herbst-granada\/\" \/>\n<meta property=\"og:locale\" content=\"de_DE\" \/>\n<meta property=\"og:type\" content=\"article\" \/>\n<meta property=\"og:title\" content=\"Herbst in Granada &#8226; iNMSOL\" \/>\n<meta property=\"og:description\" content=\"Granada en oto\u00f1o acoje diferentes festivales para todos los gustos y edades.\" \/>\n<meta property=\"og:url\" content=\"https:\/\/www.inmsol.com\/de\/blog-de-de\/herbst-granada\/\" \/>\n<meta property=\"og:site_name\" content=\"iNMSOL\" \/>\n<meta property=\"article:publisher\" content=\"https:\/\/www.facebook.com\/spanishcourses\" \/>\n<meta property=\"article:published_time\" content=\"2009-06-21T08:00:00+00:00\" \/>\n<meta property=\"article:modified_time\" content=\"2014-07-31T08:46:23+00:00\" \/>\n<meta property=\"og:image\" content=\"https:\/\/www.inmsol.com\/wp-content\/uploads\/2019\/08\/logo-inmsol.png\" \/>\n\t<meta property=\"og:image:width\" content=\"320\" \/>\n\t<meta property=\"og:image:height\" content=\"154\" \/>\n\t<meta property=\"og:image:type\" content=\"image\/png\" \/>\n<meta name=\"author\" content=\"Javier Torres\" \/>\n<meta name=\"twitter:label1\" content=\"Verfasst von\" \/>\n\t<meta name=\"twitter:data1\" content=\"Javier Torres\" \/>\n\t<meta name=\"twitter:label2\" content=\"Gesch\u00e4tzte Lesezeit\" \/>\n\t<meta name=\"twitter:data2\" content=\"1\u00a0Minute\" \/>\n<script type=\"application\/ld+json\" class=\"yoast-schema-graph\">{\"@context\":\"https:\\\/\\\/schema.org\",\"@graph\":[{\"@type\":\"Article\",\"@id\":\"https:\\\/\\\/www.inmsol.com\\\/de\\\/blog-de-de\\\/herbst-granada\\\/#article\",\"isPartOf\":{\"@id\":\"https:\\\/\\\/www.inmsol.com\\\/de\\\/blog-de-de\\\/herbst-granada\\\/\"},\"author\":{\"name\":\"Javier Torres\",\"@id\":\"https:\\\/\\\/www.inmsol.com\\\/de\\\/#\\\/schema\\\/person\\\/18f18acd0397ef441e373e79ec3eb6ea\"},\"headline\":\"Herbst in Granada\",\"datePublished\":\"2009-06-21T08:00:00+00:00\",\"dateModified\":\"2014-07-31T08:46:23+00:00\",\"mainEntityOfPage\":{\"@id\":\"https:\\\/\\\/www.inmsol.com\\\/de\\\/blog-de-de\\\/herbst-granada\\\/\"},\"wordCount\":209,\"publisher\":{\"@id\":\"https:\\\/\\\/www.inmsol.com\\\/de\\\/#organization\"},\"articleSection\":[\"Blog\",\"Nachrichten\",\"Veranstaltungen in Granada\"],\"inLanguage\":\"de\"},{\"@type\":\"WebPage\",\"@id\":\"https:\\\/\\\/www.inmsol.com\\\/de\\\/blog-de-de\\\/herbst-granada\\\/\",\"url\":\"https:\\\/\\\/www.inmsol.com\\\/de\\\/blog-de-de\\\/herbst-granada\\\/\",\"name\":\"Herbst in Granada &#8226; iNMSOL\",\"isPartOf\":{\"@id\":\"https:\\\/\\\/www.inmsol.com\\\/de\\\/#website\"},\"datePublished\":\"2009-06-21T08:00:00+00:00\",\"dateModified\":\"2014-07-31T08:46:23+00:00\",\"description\":\"Granada en oto\u00f1o acoje diferentes festivales para todos los gustos y edades.\",\"breadcrumb\":{\"@id\":\"https:\\\/\\\/www.inmsol.com\\\/de\\\/blog-de-de\\\/herbst-granada\\\/#breadcrumb\"},\"inLanguage\":\"de\",\"potentialAction\":[{\"@type\":\"ReadAction\",\"target\":[\"https:\\\/\\\/www.inmsol.com\\\/de\\\/blog-de-de\\\/herbst-granada\\\/\"]}]},{\"@type\":\"BreadcrumbList\",\"@id\":\"https:\\\/\\\/www.inmsol.com\\\/de\\\/blog-de-de\\\/herbst-granada\\\/#breadcrumb\",\"itemListElement\":[{\"@type\":\"ListItem\",\"position\":1,\"name\":\"Accredited Center by Instituto Cervantes\",\"item\":\"https:\\\/\\\/www.inmsol.com\\\/de\\\/pagina-ejemplo\\\/\"},{\"@type\":\"ListItem\",\"position\":2,\"name\":\"Blog\",\"item\":\"https:\\\/\\\/www.inmsol.com\\\/de\\\/category\\\/blog-de-de\\\/\"},{\"@type\":\"ListItem\",\"position\":3,\"name\":\"Nachrichten\",\"item\":\"https:\\\/\\\/www.inmsol.com\\\/de\\\/category\\\/blog-de-de\\\/nachrichten-de-de\\\/\"},{\"@type\":\"ListItem\",\"position\":4,\"name\":\"Herbst in Granada\"}]},{\"@type\":\"WebSite\",\"@id\":\"https:\\\/\\\/www.inmsol.com\\\/de\\\/#website\",\"url\":\"https:\\\/\\\/www.inmsol.com\\\/de\\\/\",\"name\":\"iNMSOL\",\"description\":\"Lerne Spanisch mit uns - Cervantes akkreditiertes Lernzentrum\",\"publisher\":{\"@id\":\"https:\\\/\\\/www.inmsol.com\\\/de\\\/#organization\"},\"potentialAction\":[{\"@type\":\"SearchAction\",\"target\":{\"@type\":\"EntryPoint\",\"urlTemplate\":\"https:\\\/\\\/www.inmsol.com\\\/de\\\/?s={search_term_string}\"},\"query-input\":{\"@type\":\"PropertyValueSpecification\",\"valueRequired\":true,\"valueName\":\"search_term_string\"}}],\"inLanguage\":\"de\"},{\"@type\":\"Organization\",\"@id\":\"https:\\\/\\\/www.inmsol.com\\\/de\\\/#organization\",\"name\":\"Instituto Mediterr\u00e1neo Sol\",\"url\":\"https:\\\/\\\/www.inmsol.com\\\/de\\\/\",\"logo\":{\"@type\":\"ImageObject\",\"inLanguage\":\"de\",\"@id\":\"https:\\\/\\\/www.inmsol.com\\\/de\\\/#\\\/schema\\\/logo\\\/image\\\/\",\"url\":\"https:\\\/\\\/www.inmsol.com\\\/wp-content\\\/uploads\\\/2023\\\/06\\\/logo-inmsol-1.png\",\"contentUrl\":\"https:\\\/\\\/www.inmsol.com\\\/wp-content\\\/uploads\\\/2023\\\/06\\\/logo-inmsol-1.png\",\"width\":136,\"height\":73,\"caption\":\"Instituto Mediterr\u00e1neo Sol\"},\"image\":{\"@id\":\"https:\\\/\\\/www.inmsol.com\\\/de\\\/#\\\/schema\\\/logo\\\/image\\\/\"},\"sameAs\":[\"https:\\\/\\\/www.facebook.com\\\/spanishcourses\",\"https:\\\/\\\/x.com\\\/StudyInGranada\",\"http:\\\/\\\/instagram.com\\\/imsolgranada\",\"https:\\\/\\\/es.linkedin.com\\\/company\\\/imsol-granada\",\"https:\\\/\\\/www.pinterest.es\\\/inmsol\\\/\",\"https:\\\/\\\/www.youtube.com\\\/channel\\\/UChz-Qn_7coFMosY85iYMO4g\"]},{\"@type\":\"Person\",\"@id\":\"https:\\\/\\\/www.inmsol.com\\\/de\\\/#\\\/schema\\\/person\\\/18f18acd0397ef441e373e79ec3eb6ea\",\"name\":\"Javier Torres\",\"image\":{\"@type\":\"ImageObject\",\"inLanguage\":\"de\",\"@id\":\"https:\\\/\\\/secure.gravatar.com\\\/avatar\\\/90afa2d6499550218d247408758082af566e5ec3641e1b8eac0d7bb889344a55?s=96&d=mm&r=g\",\"url\":\"https:\\\/\\\/secure.gravatar.com\\\/avatar\\\/90afa2d6499550218d247408758082af566e5ec3641e1b8eac0d7bb889344a55?s=96&d=mm&r=g\",\"contentUrl\":\"https:\\\/\\\/secure.gravatar.com\\\/avatar\\\/90afa2d6499550218d247408758082af566e5ec3641e1b8eac0d7bb889344a55?s=96&d=mm&r=g\",\"caption\":\"Javier Torres\"},\"url\":\"https:\\\/\\\/www.inmsol.com\\\/de\\\/author\\\/javier\\\/\"}]}<\/script>\n<!-- \/ Yoast SEO plugin. -->","yoast_head_json":{"title":"Herbst in Granada &#8226; iNMSOL","description":"Granada en oto\u00f1o acoje diferentes festivales para todos los gustos y edades.","robots":{"index":"index","follow":"follow","max-snippet":"max-snippet:-1","max-image-preview":"max-image-preview:large","max-video-preview":"max-video-preview:-1"},"canonical":"https:\/\/www.inmsol.com\/de\/blog-de-de\/herbst-granada\/","og_locale":"de_DE","og_type":"article","og_title":"Herbst in Granada &#8226; iNMSOL","og_description":"Granada en oto\u00f1o acoje diferentes festivales para todos los gustos y edades.","og_url":"https:\/\/www.inmsol.com\/de\/blog-de-de\/herbst-granada\/","og_site_name":"iNMSOL","article_publisher":"https:\/\/www.facebook.com\/spanishcourses","article_published_time":"2009-06-21T08:00:00+00:00","article_modified_time":"2014-07-31T08:46:23+00:00","og_image":[{"width":320,"height":154,"url":"https:\/\/www.inmsol.com\/wp-content\/uploads\/2019\/08\/logo-inmsol.png","type":"image\/png"}],"author":"Javier Torres","twitter_misc":{"Verfasst von":"Javier Torres","Gesch\u00e4tzte Lesezeit":"1\u00a0Minute"},"schema":{"@context":"https:\/\/schema.org","@graph":[{"@type":"Article","@id":"https:\/\/www.inmsol.com\/de\/blog-de-de\/herbst-granada\/#article","isPartOf":{"@id":"https:\/\/www.inmsol.com\/de\/blog-de-de\/herbst-granada\/"},"author":{"name":"Javier Torres","@id":"https:\/\/www.inmsol.com\/de\/#\/schema\/person\/18f18acd0397ef441e373e79ec3eb6ea"},"headline":"Herbst in Granada","datePublished":"2009-06-21T08:00:00+00:00","dateModified":"2014-07-31T08:46:23+00:00","mainEntityOfPage":{"@id":"https:\/\/www.inmsol.com\/de\/blog-de-de\/herbst-granada\/"},"wordCount":209,"publisher":{"@id":"https:\/\/www.inmsol.com\/de\/#organization"},"articleSection":["Blog","Nachrichten","Veranstaltungen in Granada"],"inLanguage":"de"},{"@type":"WebPage","@id":"https:\/\/www.inmsol.com\/de\/blog-de-de\/herbst-granada\/","url":"https:\/\/www.inmsol.com\/de\/blog-de-de\/herbst-granada\/","name":"Herbst in Granada &#8226; iNMSOL","isPartOf":{"@id":"https:\/\/www.inmsol.com\/de\/#website"},"datePublished":"2009-06-21T08:00:00+00:00","dateModified":"2014-07-31T08:46:23+00:00","description":"Granada en oto\u00f1o acoje diferentes festivales para todos los gustos y edades.","breadcrumb":{"@id":"https:\/\/www.inmsol.com\/de\/blog-de-de\/herbst-granada\/#breadcrumb"},"inLanguage":"de","potentialAction":[{"@type":"ReadAction","target":["https:\/\/www.inmsol.com\/de\/blog-de-de\/herbst-granada\/"]}]},{"@type":"BreadcrumbList","@id":"https:\/\/www.inmsol.com\/de\/blog-de-de\/herbst-granada\/#breadcrumb","itemListElement":[{"@type":"ListItem","position":1,"name":"Accredited Center by Instituto Cervantes","item":"https:\/\/www.inmsol.com\/de\/pagina-ejemplo\/"},{"@type":"ListItem","position":2,"name":"Blog","item":"https:\/\/www.inmsol.com\/de\/category\/blog-de-de\/"},{"@type":"ListItem","position":3,"name":"Nachrichten","item":"https:\/\/www.inmsol.com\/de\/category\/blog-de-de\/nachrichten-de-de\/"},{"@type":"ListItem","position":4,"name":"Herbst in Granada"}]},{"@type":"WebSite","@id":"https:\/\/www.inmsol.com\/de\/#website","url":"https:\/\/www.inmsol.com\/de\/","name":"iNMSOL","description":"Lerne Spanisch mit uns - Cervantes akkreditiertes Lernzentrum","publisher":{"@id":"https:\/\/www.inmsol.com\/de\/#organization"},"potentialAction":[{"@type":"SearchAction","target":{"@type":"EntryPoint","urlTemplate":"https:\/\/www.inmsol.com\/de\/?s={search_term_string}"},"query-input":{"@type":"PropertyValueSpecification","valueRequired":true,"valueName":"search_term_string"}}],"inLanguage":"de"},{"@type":"Organization","@id":"https:\/\/www.inmsol.com\/de\/#organization","name":"Instituto Mediterr\u00e1neo Sol","url":"https:\/\/www.inmsol.com\/de\/","logo":{"@type":"ImageObject","inLanguage":"de","@id":"https:\/\/www.inmsol.com\/de\/#\/schema\/logo\/image\/","url":"https:\/\/www.inmsol.com\/wp-content\/uploads\/2023\/06\/logo-inmsol-1.png","contentUrl":"https:\/\/www.inmsol.com\/wp-content\/uploads\/2023\/06\/logo-inmsol-1.png","width":136,"height":73,"caption":"Instituto Mediterr\u00e1neo Sol"},"image":{"@id":"https:\/\/www.inmsol.com\/de\/#\/schema\/logo\/image\/"},"sameAs":["https:\/\/www.facebook.com\/spanishcourses","https:\/\/x.com\/StudyInGranada","http:\/\/instagram.com\/imsolgranada","https:\/\/es.linkedin.com\/company\/imsol-granada","https:\/\/www.pinterest.es\/inmsol\/","https:\/\/www.youtube.com\/channel\/UChz-Qn_7coFMosY85iYMO4g"]},{"@type":"Person","@id":"https:\/\/www.inmsol.com\/de\/#\/schema\/person\/18f18acd0397ef441e373e79ec3eb6ea","name":"Javier Torres","image":{"@type":"ImageObject","inLanguage":"de","@id":"https:\/\/secure.gravatar.com\/avatar\/90afa2d6499550218d247408758082af566e5ec3641e1b8eac0d7bb889344a55?s=96&d=mm&r=g","url":"https:\/\/secure.gravatar.com\/avatar\/90afa2d6499550218d247408758082af566e5ec3641e1b8eac0d7bb889344a55?s=96&d=mm&r=g","contentUrl":"https:\/\/secure.gravatar.com\/avatar\/90afa2d6499550218d247408758082af566e5ec3641e1b8eac0d7bb889344a55?s=96&d=mm&r=g","caption":"Javier Torres"},"url":"https:\/\/www.inmsol.com\/de\/author\/javier\/"}]}},"_links":{"self":[{"href":"https:\/\/www.inmsol.com\/de\/wp-json\/wp\/v2\/posts\/128","targetHints":{"allow":["GET"]}}],"collection":[{"href":"https:\/\/www.inmsol.com\/de\/wp-json\/wp\/v2\/posts"}],"about":[{"href":"https:\/\/www.inmsol.com\/de\/wp-json\/wp\/v2\/types\/post"}],"author":[{"embeddable":true,"href":"https:\/\/www.inmsol.com\/de\/wp-json\/wp\/v2\/users\/2"}],"replies":[{"embeddable":true,"href":"https:\/\/www.inmsol.com\/de\/wp-json\/wp\/v2\/comments?post=128"}],"version-history":[{"count":0,"href":"https:\/\/www.inmsol.com\/de\/wp-json\/wp\/v2\/posts\/128\/revisions"}],"wp:attachment":[{"href":"https:\/\/www.inmsol.com\/de\/wp-json\/wp\/v2\/media?parent=128"}],"wp:term":[{"taxonomy":"category","embeddable":true,"href":"https:\/\/www.inmsol.com\/de\/wp-json\/wp\/v2\/categories?post=128"},{"taxonomy":"post_tag","embeddable":true,"href":"https:\/\/www.inmsol.com\/de\/wp-json\/wp\/v2\/tags?post=128"}],"curies":[{"name":"wp","href":"https:\/\/api.w.org\/{rel}","templated":true}]}}