{"id":29007,"date":"2016-11-18T10:42:47","date_gmt":"2016-11-18T09:42:47","guid":{"rendered":"https:\/\/www.inmsol.com\/de\/?p=29007"},"modified":"2016-11-18T10:42:47","modified_gmt":"2016-11-18T09:42:47","slug":"die-alamos-strand-festival","status":"publish","type":"post","link":"https:\/\/www.inmsol.com\/de\/blog-de-de\/die-alamos-strand-festival\/","title":{"rendered":"Die Alamos Strand Festival"},"content":{"rendered":"<p>Heute haben wir interessante Neuigkeiten f\u00fcr die jungen Leute,die Musik und verbringt viel Zeil am Strand lieben.Die <a href=\"http:\/\/losalamosbeach.com\/\">Alamos Strand Festival<\/a> ist ein Festival,das im Sommer am Strand von Los Alamos ,eines der sch\u00f6nsten Str\u00e4nde von Torremolinos befindet sich an der \u00b4\u00b4Costa del Sol\u00b4\u00b4,Provinz von Malaga im Sommer stattfindet.In den 70 war Torremolinos das beliebteste Reiseziel der Jet Set und Hollywood Schauspieler und das Festival will erkennen,diesen Sommer ist eine Mischung und Feier zwischen der Vergangenheit und der Gegenwart durch die Muzik.Das Festival dauert vier Tage,16,17,18 und 19 Juli;in diesen Tagen werden junge Menschen live Konzerte und unvergesschliche Sonnenunterg\u00e4nge erleben.<\/p>\n<p><img fetchpriority=\"high\" decoding=\"async\" class=\"aligncenter size-medium wp-image-29008\" src=\"https:\/\/www.inmsol.com\/wp-content\/uploads\/2016\/11\/losalamos-grande-web-460x243.jpg\" alt=\"losalamos-grande-web\" width=\"460\" height=\"243\" srcset=\"https:\/\/www.inmsol.com\/wp-content\/uploads\/2016\/11\/losalamos-grande-web-460x243.jpg 460w, https:\/\/www.inmsol.com\/wp-content\/uploads\/2016\/11\/losalamos-grande-web-64x34.jpg 64w, https:\/\/www.inmsol.com\/wp-content\/uploads\/2016\/11\/losalamos-grande-web-600x316.jpg 600w, https:\/\/www.inmsol.com\/wp-content\/uploads\/2016\/11\/losalamos-grande-web-250x132.jpg 250w, https:\/\/www.inmsol.com\/wp-content\/uploads\/2016\/11\/losalamos-grande-web.jpg 660w\" sizes=\"(max-width: 460px) 100vw, 460px\" \/><\/p>\n<p>Das Festival gliedert sich in drei verschiedenen Stufen mit einigen der ber\u00fchmtesten K\u00fcnstler auf internationaler Ebene bekannt und bietet auch eine grosse Menge an Dienstleistungen:Unterhaltung und Lebensmittelbereich,Wasserparks,Rastpl\u00e4tze,steht\u2026etc.Es gibt verschiedene Arten von fahrkarten\u00a0 von der preiswerten und grundlegend f\u00fcr die vip diejenigen,Preisspane geht von 15 euro bis 500 euro\u2026also gibt es etwas f\u00fcr jeden Geschmack!Wenn Sie die Konzerte mehr als einen Tag geniessen m\u00f6chten,bietet das Festival einen camping Service mit allen Arten von Einrichtungen(Duschen,Toiletten\u2026etc.)und eine Picknick Bereich die den Benutzen vorbehalten.Die ist ein nicht zu verpasste Gelegenheit,f\u00fcr alle Musikliebhaber,f\u00fcr Liebhaber Strandpartys und die Sommer Vibes.Wenn Sie ein paar Tage Spas smit Ihren Freunden verbringen m\u00f6chten,ist dies die Gelegenheit die der Sie gewartet haben!Um mehr \u00fcber Fahrpl\u00e4ne,Fahrkarten und camping Dienstleistungen erfahren m\u00f6chten,besuchen Sie die Webseite http:<a href=\"http:\/\/losalamosbeach.com\/\">\/\/losalamosbeach.com\/<\/a><\/p>\n","protected":false},"excerpt":{"rendered":"<p>Heute haben wir interessante Neuigkeiten f\u00fcr die jungen Leute,die Musik und verbringt viel Zeil am Strand lieben.Die Alamos Strand Festival ist ein Festival,das im Sommer am Strand von Los Alamos ,eines der sch\u00f6nsten Str\u00e4nde von Torremolinos befindet sich an der \u00b4\u00b4Costa del Sol\u00b4\u00b4,Provinz von Malaga&#8230;<\/p>\n","protected":false},"author":3,"featured_media":29022,"comment_status":"closed","ping_status":"closed","sticky":false,"template":"","format":"standard","meta":{"_acf_changed":false,"footnotes":""},"categories":[5],"tags":[],"class_list":["post-29007","post","type-post","status-publish","format-standard","has-post-thumbnail","hentry","category-blog-de-de"],"acf":[],"yoast_head":"<!-- This site is optimized with the Yoast SEO plugin v27.5 - https:\/\/yoast.com\/product\/yoast-seo-wordpress\/ -->\n<title>Die Alamos Strand Festival<\/title>\n<meta name=\"description\" content=\"Heute haben wir interessante Neuigkeiten f\u00fcr die jungen Leute,die Musik und verbringt viel Zeil am Strand lieben.Die Alamos Strand\" \/>\n<meta name=\"robots\" content=\"index, follow, max-snippet:-1, max-image-preview:large, max-video-preview:-1\" \/>\n<link rel=\"canonical\" href=\"https:\/\/www.inmsol.com\/de\/blog-de-de\/die-alamos-strand-festival\/\" \/>\n<meta property=\"og:locale\" content=\"de_DE\" \/>\n<meta property=\"og:type\" content=\"article\" \/>\n<meta property=\"og:title\" content=\"Die Alamos Strand Festival\" \/>\n<meta property=\"og:description\" content=\"Heute haben wir interessante Neuigkeiten f\u00fcr die jungen Leute,die Musik und verbringt viel Zeil am Strand lieben.Die Alamos Strand\" \/>\n<meta property=\"og:url\" content=\"https:\/\/www.inmsol.com\/de\/blog-de-de\/die-alamos-strand-festival\/\" \/>\n<meta property=\"og:site_name\" content=\"iNMSOL\" \/>\n<meta property=\"article:publisher\" content=\"https:\/\/www.facebook.com\/spanishcourses\" \/>\n<meta property=\"article:published_time\" content=\"2016-11-18T09:42:47+00:00\" \/>\n<meta property=\"og:image\" content=\"https:\/\/www.inmsol.com\/wp-content\/uploads\/2016\/11\/11753728_1608654169388763_8147799260941017584_n.jpg\" \/>\n\t<meta property=\"og:image:width\" content=\"960\" \/>\n\t<meta property=\"og:image:height\" content=\"694\" \/>\n\t<meta property=\"og:image:type\" content=\"image\/jpeg\" \/>\n<meta name=\"author\" content=\"- Instituto Mediterr\u00e1neo Sol\" \/>\n<meta name=\"twitter:label1\" content=\"Verfasst von\" \/>\n\t<meta name=\"twitter:data1\" content=\"- Instituto Mediterr\u00e1neo Sol\" \/>\n\t<meta name=\"twitter:label2\" content=\"Gesch\u00e4tzte Lesezeit\" \/>\n\t<meta name=\"twitter:data2\" content=\"1\u00a0Minute\" \/>\n<script type=\"application\/ld+json\" class=\"yoast-schema-graph\">{\"@context\":\"https:\\\/\\\/schema.org\",\"@graph\":[{\"@type\":\"Article\",\"@id\":\"https:\\\/\\\/www.inmsol.com\\\/de\\\/blog-de-de\\\/die-alamos-strand-festival\\\/#article\",\"isPartOf\":{\"@id\":\"https:\\\/\\\/www.inmsol.com\\\/de\\\/blog-de-de\\\/die-alamos-strand-festival\\\/\"},\"author\":{\"name\":\"- Instituto Mediterr\u00e1neo Sol\",\"@id\":\"https:\\\/\\\/www.inmsol.com\\\/de\\\/#\\\/schema\\\/person\\\/94a7a01d14a56d1fbc49c841ffc57fe9\"},\"headline\":\"Die Alamos Strand Festival\",\"datePublished\":\"2016-11-18T09:42:47+00:00\",\"mainEntityOfPage\":{\"@id\":\"https:\\\/\\\/www.inmsol.com\\\/de\\\/blog-de-de\\\/die-alamos-strand-festival\\\/\"},\"wordCount\":270,\"publisher\":{\"@id\":\"https:\\\/\\\/www.inmsol.com\\\/de\\\/#organization\"},\"image\":{\"@id\":\"https:\\\/\\\/www.inmsol.com\\\/de\\\/blog-de-de\\\/die-alamos-strand-festival\\\/#primaryimage\"},\"thumbnailUrl\":\"https:\\\/\\\/www.inmsol.com\\\/wp-content\\\/uploads\\\/2016\\\/11\\\/11753728_1608654169388763_8147799260941017584_n.jpg\",\"articleSection\":[\"Blog\"],\"inLanguage\":\"de\"},{\"@type\":\"WebPage\",\"@id\":\"https:\\\/\\\/www.inmsol.com\\\/de\\\/blog-de-de\\\/die-alamos-strand-festival\\\/\",\"url\":\"https:\\\/\\\/www.inmsol.com\\\/de\\\/blog-de-de\\\/die-alamos-strand-festival\\\/\",\"name\":\"Die Alamos Strand Festival\",\"isPartOf\":{\"@id\":\"https:\\\/\\\/www.inmsol.com\\\/de\\\/#website\"},\"primaryImageOfPage\":{\"@id\":\"https:\\\/\\\/www.inmsol.com\\\/de\\\/blog-de-de\\\/die-alamos-strand-festival\\\/#primaryimage\"},\"image\":{\"@id\":\"https:\\\/\\\/www.inmsol.com\\\/de\\\/blog-de-de\\\/die-alamos-strand-festival\\\/#primaryimage\"},\"thumbnailUrl\":\"https:\\\/\\\/www.inmsol.com\\\/wp-content\\\/uploads\\\/2016\\\/11\\\/11753728_1608654169388763_8147799260941017584_n.jpg\",\"datePublished\":\"2016-11-18T09:42:47+00:00\",\"description\":\"Heute haben wir interessante Neuigkeiten f\u00fcr die jungen Leute,die Musik und verbringt viel Zeil am Strand lieben.Die Alamos Strand\",\"breadcrumb\":{\"@id\":\"https:\\\/\\\/www.inmsol.com\\\/de\\\/blog-de-de\\\/die-alamos-strand-festival\\\/#breadcrumb\"},\"inLanguage\":\"de\",\"potentialAction\":[{\"@type\":\"ReadAction\",\"target\":[\"https:\\\/\\\/www.inmsol.com\\\/de\\\/blog-de-de\\\/die-alamos-strand-festival\\\/\"]}]},{\"@type\":\"ImageObject\",\"inLanguage\":\"de\",\"@id\":\"https:\\\/\\\/www.inmsol.com\\\/de\\\/blog-de-de\\\/die-alamos-strand-festival\\\/#primaryimage\",\"url\":\"https:\\\/\\\/www.inmsol.com\\\/wp-content\\\/uploads\\\/2016\\\/11\\\/11753728_1608654169388763_8147799260941017584_n.jpg\",\"contentUrl\":\"https:\\\/\\\/www.inmsol.com\\\/wp-content\\\/uploads\\\/2016\\\/11\\\/11753728_1608654169388763_8147799260941017584_n.jpg\",\"width\":960,\"height\":694},{\"@type\":\"BreadcrumbList\",\"@id\":\"https:\\\/\\\/www.inmsol.com\\\/de\\\/blog-de-de\\\/die-alamos-strand-festival\\\/#breadcrumb\",\"itemListElement\":[{\"@type\":\"ListItem\",\"position\":1,\"name\":\"Accredited Center by Instituto Cervantes\",\"item\":\"https:\\\/\\\/www.inmsol.com\\\/de\\\/pagina-ejemplo\\\/\"},{\"@type\":\"ListItem\",\"position\":2,\"name\":\"Blog\",\"item\":\"https:\\\/\\\/www.inmsol.com\\\/de\\\/category\\\/blog-de-de\\\/\"},{\"@type\":\"ListItem\",\"position\":3,\"name\":\"Die Alamos Strand Festival\"}]},{\"@type\":\"WebSite\",\"@id\":\"https:\\\/\\\/www.inmsol.com\\\/de\\\/#website\",\"url\":\"https:\\\/\\\/www.inmsol.com\\\/de\\\/\",\"name\":\"iNMSOL\",\"description\":\"Lerne Spanisch mit uns - Cervantes akkreditiertes Lernzentrum\",\"publisher\":{\"@id\":\"https:\\\/\\\/www.inmsol.com\\\/de\\\/#organization\"},\"potentialAction\":[{\"@type\":\"SearchAction\",\"target\":{\"@type\":\"EntryPoint\",\"urlTemplate\":\"https:\\\/\\\/www.inmsol.com\\\/de\\\/?s={search_term_string}\"},\"query-input\":{\"@type\":\"PropertyValueSpecification\",\"valueRequired\":true,\"valueName\":\"search_term_string\"}}],\"inLanguage\":\"de\"},{\"@type\":\"Organization\",\"@id\":\"https:\\\/\\\/www.inmsol.com\\\/de\\\/#organization\",\"name\":\"Instituto Mediterr\u00e1neo Sol\",\"url\":\"https:\\\/\\\/www.inmsol.com\\\/de\\\/\",\"logo\":{\"@type\":\"ImageObject\",\"inLanguage\":\"de\",\"@id\":\"https:\\\/\\\/www.inmsol.com\\\/de\\\/#\\\/schema\\\/logo\\\/image\\\/\",\"url\":\"https:\\\/\\\/www.inmsol.com\\\/wp-content\\\/uploads\\\/2023\\\/06\\\/logo-inmsol-1.png\",\"contentUrl\":\"https:\\\/\\\/www.inmsol.com\\\/wp-content\\\/uploads\\\/2023\\\/06\\\/logo-inmsol-1.png\",\"width\":136,\"height\":73,\"caption\":\"Instituto Mediterr\u00e1neo Sol\"},\"image\":{\"@id\":\"https:\\\/\\\/www.inmsol.com\\\/de\\\/#\\\/schema\\\/logo\\\/image\\\/\"},\"sameAs\":[\"https:\\\/\\\/www.facebook.com\\\/spanishcourses\",\"https:\\\/\\\/x.com\\\/StudyInGranada\",\"http:\\\/\\\/instagram.com\\\/imsolgranada\",\"https:\\\/\\\/es.linkedin.com\\\/company\\\/imsol-granada\",\"https:\\\/\\\/www.pinterest.es\\\/inmsol\\\/\",\"https:\\\/\\\/www.youtube.com\\\/channel\\\/UChz-Qn_7coFMosY85iYMO4g\"]},{\"@type\":\"Person\",\"@id\":\"https:\\\/\\\/www.inmsol.com\\\/de\\\/#\\\/schema\\\/person\\\/94a7a01d14a56d1fbc49c841ffc57fe9\",\"name\":\"- Instituto Mediterr\u00e1neo Sol\",\"image\":{\"@type\":\"ImageObject\",\"inLanguage\":\"de\",\"@id\":\"https:\\\/\\\/secure.gravatar.com\\\/avatar\\\/5607fdabdf1b548b6095cc3d43079829bc1497403e70dd34004e7204a8fef62b?s=96&d=mm&r=g\",\"url\":\"https:\\\/\\\/secure.gravatar.com\\\/avatar\\\/5607fdabdf1b548b6095cc3d43079829bc1497403e70dd34004e7204a8fef62b?s=96&d=mm&r=g\",\"contentUrl\":\"https:\\\/\\\/secure.gravatar.com\\\/avatar\\\/5607fdabdf1b548b6095cc3d43079829bc1497403e70dd34004e7204a8fef62b?s=96&d=mm&r=g\",\"caption\":\"- Instituto Mediterr\u00e1neo Sol\"},\"url\":\"https:\\\/\\\/www.inmsol.com\\\/de\\\/author\\\/laura\\\/\"}]}<\/script>\n<!-- \/ Yoast SEO plugin. -->","yoast_head_json":{"title":"Die Alamos Strand Festival","description":"Heute haben wir interessante Neuigkeiten f\u00fcr die jungen Leute,die Musik und verbringt viel Zeil am Strand lieben.Die Alamos Strand","robots":{"index":"index","follow":"follow","max-snippet":"max-snippet:-1","max-image-preview":"max-image-preview:large","max-video-preview":"max-video-preview:-1"},"canonical":"https:\/\/www.inmsol.com\/de\/blog-de-de\/die-alamos-strand-festival\/","og_locale":"de_DE","og_type":"article","og_title":"Die Alamos Strand Festival","og_description":"Heute haben wir interessante Neuigkeiten f\u00fcr die jungen Leute,die Musik und verbringt viel Zeil am Strand lieben.Die Alamos Strand","og_url":"https:\/\/www.inmsol.com\/de\/blog-de-de\/die-alamos-strand-festival\/","og_site_name":"iNMSOL","article_publisher":"https:\/\/www.facebook.com\/spanishcourses","article_published_time":"2016-11-18T09:42:47+00:00","og_image":[{"width":960,"height":694,"url":"https:\/\/www.inmsol.com\/wp-content\/uploads\/2016\/11\/11753728_1608654169388763_8147799260941017584_n.jpg","type":"image\/jpeg"}],"author":"- Instituto Mediterr\u00e1neo Sol","twitter_misc":{"Verfasst von":"- Instituto Mediterr\u00e1neo Sol","Gesch\u00e4tzte Lesezeit":"1\u00a0Minute"},"schema":{"@context":"https:\/\/schema.org","@graph":[{"@type":"Article","@id":"https:\/\/www.inmsol.com\/de\/blog-de-de\/die-alamos-strand-festival\/#article","isPartOf":{"@id":"https:\/\/www.inmsol.com\/de\/blog-de-de\/die-alamos-strand-festival\/"},"author":{"name":"- Instituto Mediterr\u00e1neo Sol","@id":"https:\/\/www.inmsol.com\/de\/#\/schema\/person\/94a7a01d14a56d1fbc49c841ffc57fe9"},"headline":"Die Alamos Strand Festival","datePublished":"2016-11-18T09:42:47+00:00","mainEntityOfPage":{"@id":"https:\/\/www.inmsol.com\/de\/blog-de-de\/die-alamos-strand-festival\/"},"wordCount":270,"publisher":{"@id":"https:\/\/www.inmsol.com\/de\/#organization"},"image":{"@id":"https:\/\/www.inmsol.com\/de\/blog-de-de\/die-alamos-strand-festival\/#primaryimage"},"thumbnailUrl":"https:\/\/www.inmsol.com\/wp-content\/uploads\/2016\/11\/11753728_1608654169388763_8147799260941017584_n.jpg","articleSection":["Blog"],"inLanguage":"de"},{"@type":"WebPage","@id":"https:\/\/www.inmsol.com\/de\/blog-de-de\/die-alamos-strand-festival\/","url":"https:\/\/www.inmsol.com\/de\/blog-de-de\/die-alamos-strand-festival\/","name":"Die Alamos Strand Festival","isPartOf":{"@id":"https:\/\/www.inmsol.com\/de\/#website"},"primaryImageOfPage":{"@id":"https:\/\/www.inmsol.com\/de\/blog-de-de\/die-alamos-strand-festival\/#primaryimage"},"image":{"@id":"https:\/\/www.inmsol.com\/de\/blog-de-de\/die-alamos-strand-festival\/#primaryimage"},"thumbnailUrl":"https:\/\/www.inmsol.com\/wp-content\/uploads\/2016\/11\/11753728_1608654169388763_8147799260941017584_n.jpg","datePublished":"2016-11-18T09:42:47+00:00","description":"Heute haben wir interessante Neuigkeiten f\u00fcr die jungen Leute,die Musik und verbringt viel Zeil am Strand lieben.Die Alamos Strand","breadcrumb":{"@id":"https:\/\/www.inmsol.com\/de\/blog-de-de\/die-alamos-strand-festival\/#breadcrumb"},"inLanguage":"de","potentialAction":[{"@type":"ReadAction","target":["https:\/\/www.inmsol.com\/de\/blog-de-de\/die-alamos-strand-festival\/"]}]},{"@type":"ImageObject","inLanguage":"de","@id":"https:\/\/www.inmsol.com\/de\/blog-de-de\/die-alamos-strand-festival\/#primaryimage","url":"https:\/\/www.inmsol.com\/wp-content\/uploads\/2016\/11\/11753728_1608654169388763_8147799260941017584_n.jpg","contentUrl":"https:\/\/www.inmsol.com\/wp-content\/uploads\/2016\/11\/11753728_1608654169388763_8147799260941017584_n.jpg","width":960,"height":694},{"@type":"BreadcrumbList","@id":"https:\/\/www.inmsol.com\/de\/blog-de-de\/die-alamos-strand-festival\/#breadcrumb","itemListElement":[{"@type":"ListItem","position":1,"name":"Accredited Center by Instituto Cervantes","item":"https:\/\/www.inmsol.com\/de\/pagina-ejemplo\/"},{"@type":"ListItem","position":2,"name":"Blog","item":"https:\/\/www.inmsol.com\/de\/category\/blog-de-de\/"},{"@type":"ListItem","position":3,"name":"Die Alamos Strand Festival"}]},{"@type":"WebSite","@id":"https:\/\/www.inmsol.com\/de\/#website","url":"https:\/\/www.inmsol.com\/de\/","name":"iNMSOL","description":"Lerne Spanisch mit uns - Cervantes akkreditiertes Lernzentrum","publisher":{"@id":"https:\/\/www.inmsol.com\/de\/#organization"},"potentialAction":[{"@type":"SearchAction","target":{"@type":"EntryPoint","urlTemplate":"https:\/\/www.inmsol.com\/de\/?s={search_term_string}"},"query-input":{"@type":"PropertyValueSpecification","valueRequired":true,"valueName":"search_term_string"}}],"inLanguage":"de"},{"@type":"Organization","@id":"https:\/\/www.inmsol.com\/de\/#organization","name":"Instituto Mediterr\u00e1neo Sol","url":"https:\/\/www.inmsol.com\/de\/","logo":{"@type":"ImageObject","inLanguage":"de","@id":"https:\/\/www.inmsol.com\/de\/#\/schema\/logo\/image\/","url":"https:\/\/www.inmsol.com\/wp-content\/uploads\/2023\/06\/logo-inmsol-1.png","contentUrl":"https:\/\/www.inmsol.com\/wp-content\/uploads\/2023\/06\/logo-inmsol-1.png","width":136,"height":73,"caption":"Instituto Mediterr\u00e1neo Sol"},"image":{"@id":"https:\/\/www.inmsol.com\/de\/#\/schema\/logo\/image\/"},"sameAs":["https:\/\/www.facebook.com\/spanishcourses","https:\/\/x.com\/StudyInGranada","http:\/\/instagram.com\/imsolgranada","https:\/\/es.linkedin.com\/company\/imsol-granada","https:\/\/www.pinterest.es\/inmsol\/","https:\/\/www.youtube.com\/channel\/UChz-Qn_7coFMosY85iYMO4g"]},{"@type":"Person","@id":"https:\/\/www.inmsol.com\/de\/#\/schema\/person\/94a7a01d14a56d1fbc49c841ffc57fe9","name":"- Instituto Mediterr\u00e1neo Sol","image":{"@type":"ImageObject","inLanguage":"de","@id":"https:\/\/secure.gravatar.com\/avatar\/5607fdabdf1b548b6095cc3d43079829bc1497403e70dd34004e7204a8fef62b?s=96&d=mm&r=g","url":"https:\/\/secure.gravatar.com\/avatar\/5607fdabdf1b548b6095cc3d43079829bc1497403e70dd34004e7204a8fef62b?s=96&d=mm&r=g","contentUrl":"https:\/\/secure.gravatar.com\/avatar\/5607fdabdf1b548b6095cc3d43079829bc1497403e70dd34004e7204a8fef62b?s=96&d=mm&r=g","caption":"- Instituto Mediterr\u00e1neo Sol"},"url":"https:\/\/www.inmsol.com\/de\/author\/laura\/"}]}},"_links":{"self":[{"href":"https:\/\/www.inmsol.com\/de\/wp-json\/wp\/v2\/posts\/29007","targetHints":{"allow":["GET"]}}],"collection":[{"href":"https:\/\/www.inmsol.com\/de\/wp-json\/wp\/v2\/posts"}],"about":[{"href":"https:\/\/www.inmsol.com\/de\/wp-json\/wp\/v2\/types\/post"}],"author":[{"embeddable":true,"href":"https:\/\/www.inmsol.com\/de\/wp-json\/wp\/v2\/users\/3"}],"replies":[{"embeddable":true,"href":"https:\/\/www.inmsol.com\/de\/wp-json\/wp\/v2\/comments?post=29007"}],"version-history":[{"count":0,"href":"https:\/\/www.inmsol.com\/de\/wp-json\/wp\/v2\/posts\/29007\/revisions"}],"wp:featuredmedia":[{"embeddable":true,"href":"https:\/\/www.inmsol.com\/de\/wp-json\/wp\/v2\/media\/29022"}],"wp:attachment":[{"href":"https:\/\/www.inmsol.com\/de\/wp-json\/wp\/v2\/media?parent=29007"}],"wp:term":[{"taxonomy":"category","embeddable":true,"href":"https:\/\/www.inmsol.com\/de\/wp-json\/wp\/v2\/categories?post=29007"},{"taxonomy":"post_tag","embeddable":true,"href":"https:\/\/www.inmsol.com\/de\/wp-json\/wp\/v2\/tags?post=29007"}],"curies":[{"name":"wp","href":"https:\/\/api.w.org\/{rel}","templated":true}]}}