{"id":32428,"date":"2017-06-23T13:09:21","date_gmt":"2017-06-23T11:09:21","guid":{"rendered":"https:\/\/www.inmsol.com\/?p=32428\/"},"modified":"2020-05-07T09:15:12","modified_gmt":"2020-05-07T07:15:12","slug":"unsere-spanischkurse-fuer-jugendliche-haben-begonnen","status":"publish","type":"post","link":"https:\/\/www.inmsol.com\/de\/blog-de-de\/nachrichten-de-de\/unsere-spanischkurse-fuer-jugendliche-haben-begonnen\/","title":{"rendered":"Unsere Spanischkurse f\u00fcr Jugendliche haben begonnen!"},"content":{"rendered":"<p><img fetchpriority=\"high\" decoding=\"async\" class=\"alignleft size-medium wp-image-32429\" src=\"https:\/\/www.inmsol.com\/wp-content\/uploads\/2017\/06\/dsc_0377-447x300.jpg\" alt=\"\" width=\"447\" height=\"300\" srcset=\"https:\/\/www.inmsol.com\/wp-content\/uploads\/2017\/06\/dsc_0377-447x300.jpg 447w, https:\/\/www.inmsol.com\/wp-content\/uploads\/2017\/06\/dsc_0377-800x537.jpg 800w, https:\/\/www.inmsol.com\/wp-content\/uploads\/2017\/06\/dsc_0377-64x43.jpg 64w, https:\/\/www.inmsol.com\/wp-content\/uploads\/2017\/06\/dsc_0377-768x516.jpg 768w, https:\/\/www.inmsol.com\/wp-content\/uploads\/2017\/06\/dsc_0377-1024x687.jpg 1024w, https:\/\/www.inmsol.com\/wp-content\/uploads\/2017\/06\/dsc_0377-250x168.jpg 250w, https:\/\/www.inmsol.com\/wp-content\/uploads\/2017\/06\/dsc_0377-596x400.jpg 596w, https:\/\/www.inmsol.com\/wp-content\/uploads\/2017\/06\/dsc_0377.jpg 1500w\" sizes=\"(max-width: 447px) 100vw, 447px\" \/><\/p>\n<p><strong>Letzte Woche haben wir die erste Gruppe Jugendlicher dieses Sommers in unserer <a href=\"https:\/\/www.inmsol.com\/de\/sprachschule-fur-spanisch-granada\/\">Spanisch-Schule<\/a> Instituto Mediterr\u00e1neo Sol in <a href=\"https:\/\/www.inmsol.com\/de\/die-stadt-granada\/\">Granada <\/a>willkommen gehei\u00dfen. Acht Sch\u00fcler verschiedener Nationalit\u00e4ten (Irland, USA, T\u00fcrkei, Kanada&#8230;) haben sich entschieden, w\u00e4hrend ihres 2-w\u00f6chigen Aufenthalts in iNMSOL Spanisch zu lernen.<\/strong><\/p>\n<p>Letzte Woche Montag hat unser erster <a href=\"https:\/\/www.inmsol.com\/de\/sprachschule-fur-spanisch-granada\/\">Spanischkurs f\u00fcr Jugendliche<\/a> des Jahres begonnen. Unsere neuen Sch\u00fcler, alle zwischen 13 und 17 Jahren alt, kamen am Vortag bei ihren spanischen Gastfamilien an, wo sie w\u00e4hrend ihres Aufenthaltes leben werden. Die perfekte M\u00f6glichkeit komplett in die spanische Sprache und Kultur einzutauchen. Am n\u00e4chsten Tag begann dann auch schon gleich der Sprachunterrricht. Auf verschiedene Gruppen je nach Niveau verteilt haben unsere Sch\u00fcler 4 Stunden Spanisch t\u00e4glich, wo sie ihre grammatikalischen, lexikalischen und kommunikativen F\u00e4higkeiten ausbauen k\u00f6nnen.<\/p>\n<p>Aber nat\u00fcrlich wird nicht den ganzen Tag lang geb\u00fcffelt! Wir von iNMSOL legen gro\u00dfen Wert auf unser au\u00dferschulisches <a href=\"https:\/\/www.inmsol.com\/de\/aktivitaeten-und-ausfluege\/\">Aktivit\u00e4tenprogramm<\/a>, da w\u00e4hrend solcher Aktivit\u00e4ten das zuvor Gelernte in einem dynamischen und interaktiven Kontext gemeinsam mit den anderen Sch\u00fclern Anwendung findet.<\/p>\n<p>An ihrem ersten Tag in <a href=\"https:\/\/www.inmsol.com\/de\/\">iNMSOL <\/a>hatten unsere Sch\u00fcler die M\u00f6glichkeit die Stadt w\u00e4hrend einer <strong>gef\u00fchrten Besichtigungstour<\/strong> zu entdecken. Und es war nat\u00fcrlich zugelich eine super Gelegenheit, die anderen ein bisschen besser kennenzulernen. Dank des <strong>Spiele Workshops<\/strong> am Dienstag, konnten die Sch\u00fcler ihre Sprachfertigkeiten in einem entspannten und unterhaltsamen Rahmen \u00fcben. Am Mittwoch ging\u2019s dann auf zur <strong>\u201eGrafitti Tour\u201c<\/strong>: ein kleiner Spaziergang durch das Realejo Viertel in dem sich unsere Schule sich befindet, auf der Suche nach Grafitti des in Granada wohlbekannten K\u00fcnstlers \u201eNi\u00f1o de las Pinturas\u201c. Am Freitag konnten unsere Sch\u00fcler die Welt der Wissenschaft auf Spanisch entdecken. Unser <strong>Ausflug zum Wissenschaftspark Granadas<\/strong> hat uns allen gut gefallen und die Sterne und Planeten im Planetarium zu betrachten ist sicherlich eine Erinnerung, die wir nicht so schnell vergesen werden. Am Samstag hatten wir ebenso viel Spa\u00df: unser <strong>Ausflug in die Alpujarras<\/strong>, mit Besichtigung kleiner D\u00f6rfer, Wein- und Wurstwarenverk\u00f6stigung, Museumsbesuch in Pampaneira und Besuch einer typischen Serranoschinken-Trocknerei in Trev\u00e9lez war ein voller Erfolg. Ein Tag voll spanischer Kultur!<\/p>\n<p>&nbsp;<\/p>\n<p><img decoding=\"async\" class=\"alignleft size-medium wp-image-32431\" src=\"https:\/\/www.inmsol.com\/wp-content\/uploads\/2017\/06\/dsc_0421-447x300.jpg\" alt=\"\" width=\"447\" height=\"300\" srcset=\"https:\/\/www.inmsol.com\/wp-content\/uploads\/2017\/06\/dsc_0421-447x300.jpg 447w, https:\/\/www.inmsol.com\/wp-content\/uploads\/2017\/06\/dsc_0421-800x537.jpg 800w, https:\/\/www.inmsol.com\/wp-content\/uploads\/2017\/06\/dsc_0421-64x43.jpg 64w, https:\/\/www.inmsol.com\/wp-content\/uploads\/2017\/06\/dsc_0421-768x516.jpg 768w, https:\/\/www.inmsol.com\/wp-content\/uploads\/2017\/06\/dsc_0421-1024x687.jpg 1024w, https:\/\/www.inmsol.com\/wp-content\/uploads\/2017\/06\/dsc_0421-250x168.jpg 250w, https:\/\/www.inmsol.com\/wp-content\/uploads\/2017\/06\/dsc_0421-596x400.jpg 596w, https:\/\/www.inmsol.com\/wp-content\/uploads\/2017\/06\/dsc_0421.jpg 1500w\" sizes=\"(max-width: 447px) 100vw, 447px\" \/><\/p>\n<p>Diese Woche haben wir mit einem <strong>Spaziergang durch das malerische Alcaic\u00edn Viertel und den Sacromonte<\/strong> begonnen. W\u00e4hrend sie durch die schmalen Gassen zwischen den wei\u00dfen H\u00e4usern des arabischen Viertels umherliefen, oder auf den f\u00fcr seine H\u00f6hlen-H\u00e4user der Zigeuner bekannten Berg stiegen, konnten unsere Sch\u00fcler den speziellen Charme Granadas erleben. Die Woche \u00fcber folgten wir weiter den Spuren der arabischen Vergangenheit unserer Stadt, welche sie in einen solch einzigartigen Ort verwandelt. Daher haben wir am Dienstag <strong>die ber\u00fchmte Alhambra<\/strong> besucht, diese arabische Festung die hoch \u00fcber der Stadt thront, mit ihren reich verzierten Pal\u00e4sten und schattigen G\u00e4rten und ihrem herrlichen Ausblick. Ein Ort voller Geschichte und, man kann es nich leugnen, auch mit einzigartiger Magie. Heute besuchen wir die letzte Station unserer \u201eArabischen Route\u201c: den <strong>Carmen de los M\u00e1rtires<\/strong>, eine Parkanlage in der N\u00e4he der Alhambra mit wundervollen G\u00e4rten. Die Woche lassen wir am Freitag dann ganz entspannt ausklingen mit einem <strong>Filmnachmittag in unserer Schule<\/strong>. Und am Samstag k\u00f6nnen die, die noch eine weitere Woche bei uns bleiben, nach <strong>C\u00f3rdoba<\/strong> fahren, wo wir die sch\u00f6nsten Orte der Stadt und nat\u00fcrlich die bekannte Moschee besuchen werden.<\/p>\n<p>&nbsp;<\/p>\n<p><img decoding=\"async\" class=\"alignleft size-medium wp-image-32433\" src=\"https:\/\/www.inmsol.com\/wp-content\/uploads\/2017\/06\/dsc_0453-447x300.jpg\" alt=\"\" width=\"447\" height=\"300\" srcset=\"https:\/\/www.inmsol.com\/wp-content\/uploads\/2017\/06\/dsc_0453-447x300.jpg 447w, https:\/\/www.inmsol.com\/wp-content\/uploads\/2017\/06\/dsc_0453-800x537.jpg 800w, https:\/\/www.inmsol.com\/wp-content\/uploads\/2017\/06\/dsc_0453-64x43.jpg 64w, https:\/\/www.inmsol.com\/wp-content\/uploads\/2017\/06\/dsc_0453-768x516.jpg 768w, https:\/\/www.inmsol.com\/wp-content\/uploads\/2017\/06\/dsc_0453-1024x687.jpg 1024w, https:\/\/www.inmsol.com\/wp-content\/uploads\/2017\/06\/dsc_0453-250x168.jpg 250w, https:\/\/www.inmsol.com\/wp-content\/uploads\/2017\/06\/dsc_0453-596x400.jpg 596w, https:\/\/www.inmsol.com\/wp-content\/uploads\/2017\/06\/dsc_0453.jpg 1500w\" sizes=\"(max-width: 447px) 100vw, 447px\" \/><\/p>\n<p><strong>Wir hatten sehr viel Spa\u00df mit unserer ersten Gruppe Jugendlicher und hoffen, dass sie bald wiederkommen! <\/strong><\/p>\n<p><strong>Und nat\u00fcrlich freuen wir uns schon sehr, n\u00e4chtsen Montag unsere neuen Sch\u00fcler kennenzulernen! <\/strong><\/p>\n","protected":false},"excerpt":{"rendered":"<p>Letzte Woche haben wir die erste Gruppe Jugendlicher dieses Sommers in unserer Spanisch-Schule Instituto Mediterr\u00e1neo Sol in Granada willkommen gehei\u00dfen. Acht Sch\u00fcler verschiedener Nationalit\u00e4ten (Irland, USA, T\u00fcrkei, Kanada&#8230;) haben sich entschieden, w\u00e4hrend ihres 2-w\u00f6chigen Aufenthalts in iNMSOL Spanisch zu lernen. Letzte Woche Montag hat unser&#8230;<\/p>\n","protected":false},"author":3,"featured_media":32430,"comment_status":"closed","ping_status":"closed","sticky":false,"template":"","format":"standard","meta":{"_acf_changed":false,"footnotes":""},"categories":[127],"tags":[],"class_list":["post-32428","post","type-post","status-publish","format-standard","has-post-thumbnail","hentry","category-nachrichten-de-de"],"acf":[],"yoast_head":"<!-- This site is optimized with the Yoast SEO plugin v27.5 - https:\/\/yoast.com\/product\/yoast-seo-wordpress\/ -->\n<title>Unsere Spanischkurse f\u00fcr Jugendliche haben begonnen! | Blog iNMSOL<\/title>\n<meta name=\"description\" content=\"Letzte Woche haben wir die erste Gruppe Jugendlicher dieses Sommers in unserer Spanisch-Schule Instituto Mediterr\u00e1neo Sol in Granada willkommen gehei\u00dfen.\" \/>\n<meta name=\"robots\" content=\"index, follow, max-snippet:-1, max-image-preview:large, max-video-preview:-1\" \/>\n<link rel=\"canonical\" href=\"https:\/\/www.inmsol.com\/de\/blog-de-de\/nachrichten-de-de\/unsere-spanischkurse-fuer-jugendliche-haben-begonnen\/\" \/>\n<meta property=\"og:locale\" content=\"de_DE\" \/>\n<meta property=\"og:type\" content=\"article\" \/>\n<meta property=\"og:title\" content=\"Unsere Spanischkurse f\u00fcr Jugendliche haben begonnen! | Blog iNMSOL\" \/>\n<meta property=\"og:description\" content=\"Letzte Woche haben wir die erste Gruppe Jugendlicher dieses Sommers in unserer Spanisch-Schule Instituto Mediterr\u00e1neo Sol in Granada willkommen gehei\u00dfen.\" \/>\n<meta property=\"og:url\" content=\"https:\/\/www.inmsol.com\/de\/blog-de-de\/nachrichten-de-de\/unsere-spanischkurse-fuer-jugendliche-haben-begonnen\/\" \/>\n<meta property=\"og:site_name\" content=\"iNMSOL\" \/>\n<meta property=\"article:publisher\" content=\"https:\/\/www.facebook.com\/spanishcourses\" \/>\n<meta property=\"article:published_time\" content=\"2017-06-23T11:09:21+00:00\" \/>\n<meta property=\"article:modified_time\" content=\"2020-05-07T07:15:12+00:00\" \/>\n<meta property=\"og:image\" content=\"https:\/\/www.inmsol.com\/wp-content\/uploads\/2017\/06\/dsc_0444.jpg\" \/>\n\t<meta property=\"og:image:width\" content=\"1500\" \/>\n\t<meta property=\"og:image:height\" content=\"1007\" \/>\n\t<meta property=\"og:image:type\" content=\"image\/jpeg\" \/>\n<meta name=\"author\" content=\"- Instituto Mediterr\u00e1neo Sol\" \/>\n<meta name=\"twitter:label1\" content=\"Verfasst von\" \/>\n\t<meta name=\"twitter:data1\" content=\"- Instituto Mediterr\u00e1neo Sol\" \/>\n\t<meta name=\"twitter:label2\" content=\"Gesch\u00e4tzte Lesezeit\" \/>\n\t<meta name=\"twitter:data2\" content=\"3\u00a0Minuten\" \/>\n<script type=\"application\/ld+json\" class=\"yoast-schema-graph\">{\"@context\":\"https:\\\/\\\/schema.org\",\"@graph\":[{\"@type\":\"Article\",\"@id\":\"https:\\\/\\\/www.inmsol.com\\\/de\\\/blog-de-de\\\/nachrichten-de-de\\\/unsere-spanischkurse-fuer-jugendliche-haben-begonnen\\\/#article\",\"isPartOf\":{\"@id\":\"https:\\\/\\\/www.inmsol.com\\\/de\\\/blog-de-de\\\/nachrichten-de-de\\\/unsere-spanischkurse-fuer-jugendliche-haben-begonnen\\\/\"},\"author\":{\"name\":\"- Instituto Mediterr\u00e1neo Sol\",\"@id\":\"https:\\\/\\\/www.inmsol.com\\\/de\\\/#\\\/schema\\\/person\\\/94a7a01d14a56d1fbc49c841ffc57fe9\"},\"headline\":\"Unsere Spanischkurse f\u00fcr Jugendliche haben begonnen!\",\"datePublished\":\"2017-06-23T11:09:21+00:00\",\"dateModified\":\"2020-05-07T07:15:12+00:00\",\"mainEntityOfPage\":{\"@id\":\"https:\\\/\\\/www.inmsol.com\\\/de\\\/blog-de-de\\\/nachrichten-de-de\\\/unsere-spanischkurse-fuer-jugendliche-haben-begonnen\\\/\"},\"wordCount\":605,\"publisher\":{\"@id\":\"https:\\\/\\\/www.inmsol.com\\\/de\\\/#organization\"},\"image\":{\"@id\":\"https:\\\/\\\/www.inmsol.com\\\/de\\\/blog-de-de\\\/nachrichten-de-de\\\/unsere-spanischkurse-fuer-jugendliche-haben-begonnen\\\/#primaryimage\"},\"thumbnailUrl\":\"https:\\\/\\\/www.inmsol.com\\\/wp-content\\\/uploads\\\/2017\\\/06\\\/dsc_0444.jpg\",\"articleSection\":[\"Nachrichten\"],\"inLanguage\":\"de\"},{\"@type\":\"WebPage\",\"@id\":\"https:\\\/\\\/www.inmsol.com\\\/de\\\/blog-de-de\\\/nachrichten-de-de\\\/unsere-spanischkurse-fuer-jugendliche-haben-begonnen\\\/\",\"url\":\"https:\\\/\\\/www.inmsol.com\\\/de\\\/blog-de-de\\\/nachrichten-de-de\\\/unsere-spanischkurse-fuer-jugendliche-haben-begonnen\\\/\",\"name\":\"Unsere Spanischkurse f\u00fcr Jugendliche haben begonnen! | Blog iNMSOL\",\"isPartOf\":{\"@id\":\"https:\\\/\\\/www.inmsol.com\\\/de\\\/#website\"},\"primaryImageOfPage\":{\"@id\":\"https:\\\/\\\/www.inmsol.com\\\/de\\\/blog-de-de\\\/nachrichten-de-de\\\/unsere-spanischkurse-fuer-jugendliche-haben-begonnen\\\/#primaryimage\"},\"image\":{\"@id\":\"https:\\\/\\\/www.inmsol.com\\\/de\\\/blog-de-de\\\/nachrichten-de-de\\\/unsere-spanischkurse-fuer-jugendliche-haben-begonnen\\\/#primaryimage\"},\"thumbnailUrl\":\"https:\\\/\\\/www.inmsol.com\\\/wp-content\\\/uploads\\\/2017\\\/06\\\/dsc_0444.jpg\",\"datePublished\":\"2017-06-23T11:09:21+00:00\",\"dateModified\":\"2020-05-07T07:15:12+00:00\",\"description\":\"Letzte Woche haben wir die erste Gruppe Jugendlicher dieses Sommers in unserer Spanisch-Schule Instituto Mediterr\u00e1neo Sol in Granada willkommen gehei\u00dfen.\",\"breadcrumb\":{\"@id\":\"https:\\\/\\\/www.inmsol.com\\\/de\\\/blog-de-de\\\/nachrichten-de-de\\\/unsere-spanischkurse-fuer-jugendliche-haben-begonnen\\\/#breadcrumb\"},\"inLanguage\":\"de\",\"potentialAction\":[{\"@type\":\"ReadAction\",\"target\":[\"https:\\\/\\\/www.inmsol.com\\\/de\\\/blog-de-de\\\/nachrichten-de-de\\\/unsere-spanischkurse-fuer-jugendliche-haben-begonnen\\\/\"]}]},{\"@type\":\"ImageObject\",\"inLanguage\":\"de\",\"@id\":\"https:\\\/\\\/www.inmsol.com\\\/de\\\/blog-de-de\\\/nachrichten-de-de\\\/unsere-spanischkurse-fuer-jugendliche-haben-begonnen\\\/#primaryimage\",\"url\":\"https:\\\/\\\/www.inmsol.com\\\/wp-content\\\/uploads\\\/2017\\\/06\\\/dsc_0444.jpg\",\"contentUrl\":\"https:\\\/\\\/www.inmsol.com\\\/wp-content\\\/uploads\\\/2017\\\/06\\\/dsc_0444.jpg\",\"width\":1500,\"height\":1007},{\"@type\":\"BreadcrumbList\",\"@id\":\"https:\\\/\\\/www.inmsol.com\\\/de\\\/blog-de-de\\\/nachrichten-de-de\\\/unsere-spanischkurse-fuer-jugendliche-haben-begonnen\\\/#breadcrumb\",\"itemListElement\":[{\"@type\":\"ListItem\",\"position\":1,\"name\":\"Accredited Center by Instituto Cervantes\",\"item\":\"https:\\\/\\\/www.inmsol.com\\\/de\\\/pagina-ejemplo\\\/\"},{\"@type\":\"ListItem\",\"position\":2,\"name\":\"Blog\",\"item\":\"https:\\\/\\\/www.inmsol.com\\\/de\\\/category\\\/blog-de-de\\\/\"},{\"@type\":\"ListItem\",\"position\":3,\"name\":\"Nachrichten\",\"item\":\"https:\\\/\\\/www.inmsol.com\\\/de\\\/category\\\/blog-de-de\\\/nachrichten-de-de\\\/\"},{\"@type\":\"ListItem\",\"position\":4,\"name\":\"Unsere Spanischkurse f\u00fcr Jugendliche haben begonnen!\"}]},{\"@type\":\"WebSite\",\"@id\":\"https:\\\/\\\/www.inmsol.com\\\/de\\\/#website\",\"url\":\"https:\\\/\\\/www.inmsol.com\\\/de\\\/\",\"name\":\"iNMSOL\",\"description\":\"Lerne Spanisch mit uns - Cervantes akkreditiertes Lernzentrum\",\"publisher\":{\"@id\":\"https:\\\/\\\/www.inmsol.com\\\/de\\\/#organization\"},\"potentialAction\":[{\"@type\":\"SearchAction\",\"target\":{\"@type\":\"EntryPoint\",\"urlTemplate\":\"https:\\\/\\\/www.inmsol.com\\\/de\\\/?s={search_term_string}\"},\"query-input\":{\"@type\":\"PropertyValueSpecification\",\"valueRequired\":true,\"valueName\":\"search_term_string\"}}],\"inLanguage\":\"de\"},{\"@type\":\"Organization\",\"@id\":\"https:\\\/\\\/www.inmsol.com\\\/de\\\/#organization\",\"name\":\"Instituto Mediterr\u00e1neo Sol\",\"url\":\"https:\\\/\\\/www.inmsol.com\\\/de\\\/\",\"logo\":{\"@type\":\"ImageObject\",\"inLanguage\":\"de\",\"@id\":\"https:\\\/\\\/www.inmsol.com\\\/de\\\/#\\\/schema\\\/logo\\\/image\\\/\",\"url\":\"https:\\\/\\\/www.inmsol.com\\\/wp-content\\\/uploads\\\/2023\\\/06\\\/logo-inmsol-1.png\",\"contentUrl\":\"https:\\\/\\\/www.inmsol.com\\\/wp-content\\\/uploads\\\/2023\\\/06\\\/logo-inmsol-1.png\",\"width\":136,\"height\":73,\"caption\":\"Instituto Mediterr\u00e1neo Sol\"},\"image\":{\"@id\":\"https:\\\/\\\/www.inmsol.com\\\/de\\\/#\\\/schema\\\/logo\\\/image\\\/\"},\"sameAs\":[\"https:\\\/\\\/www.facebook.com\\\/spanishcourses\",\"https:\\\/\\\/x.com\\\/StudyInGranada\",\"http:\\\/\\\/instagram.com\\\/imsolgranada\",\"https:\\\/\\\/es.linkedin.com\\\/company\\\/imsol-granada\",\"https:\\\/\\\/www.pinterest.es\\\/inmsol\\\/\",\"https:\\\/\\\/www.youtube.com\\\/channel\\\/UChz-Qn_7coFMosY85iYMO4g\"]},{\"@type\":\"Person\",\"@id\":\"https:\\\/\\\/www.inmsol.com\\\/de\\\/#\\\/schema\\\/person\\\/94a7a01d14a56d1fbc49c841ffc57fe9\",\"name\":\"- Instituto Mediterr\u00e1neo Sol\",\"image\":{\"@type\":\"ImageObject\",\"inLanguage\":\"de\",\"@id\":\"https:\\\/\\\/secure.gravatar.com\\\/avatar\\\/5607fdabdf1b548b6095cc3d43079829bc1497403e70dd34004e7204a8fef62b?s=96&d=mm&r=g\",\"url\":\"https:\\\/\\\/secure.gravatar.com\\\/avatar\\\/5607fdabdf1b548b6095cc3d43079829bc1497403e70dd34004e7204a8fef62b?s=96&d=mm&r=g\",\"contentUrl\":\"https:\\\/\\\/secure.gravatar.com\\\/avatar\\\/5607fdabdf1b548b6095cc3d43079829bc1497403e70dd34004e7204a8fef62b?s=96&d=mm&r=g\",\"caption\":\"- Instituto Mediterr\u00e1neo Sol\"},\"url\":\"https:\\\/\\\/www.inmsol.com\\\/de\\\/author\\\/laura\\\/\"}]}<\/script>\n<!-- \/ Yoast SEO plugin. -->","yoast_head_json":{"title":"Unsere Spanischkurse f\u00fcr Jugendliche haben begonnen! | Blog iNMSOL","description":"Letzte Woche haben wir die erste Gruppe Jugendlicher dieses Sommers in unserer Spanisch-Schule Instituto Mediterr\u00e1neo Sol in Granada willkommen gehei\u00dfen.","robots":{"index":"index","follow":"follow","max-snippet":"max-snippet:-1","max-image-preview":"max-image-preview:large","max-video-preview":"max-video-preview:-1"},"canonical":"https:\/\/www.inmsol.com\/de\/blog-de-de\/nachrichten-de-de\/unsere-spanischkurse-fuer-jugendliche-haben-begonnen\/","og_locale":"de_DE","og_type":"article","og_title":"Unsere Spanischkurse f\u00fcr Jugendliche haben begonnen! | Blog iNMSOL","og_description":"Letzte Woche haben wir die erste Gruppe Jugendlicher dieses Sommers in unserer Spanisch-Schule Instituto Mediterr\u00e1neo Sol in Granada willkommen gehei\u00dfen.","og_url":"https:\/\/www.inmsol.com\/de\/blog-de-de\/nachrichten-de-de\/unsere-spanischkurse-fuer-jugendliche-haben-begonnen\/","og_site_name":"iNMSOL","article_publisher":"https:\/\/www.facebook.com\/spanishcourses","article_published_time":"2017-06-23T11:09:21+00:00","article_modified_time":"2020-05-07T07:15:12+00:00","og_image":[{"width":1500,"height":1007,"url":"https:\/\/www.inmsol.com\/wp-content\/uploads\/2017\/06\/dsc_0444.jpg","type":"image\/jpeg"}],"author":"- Instituto Mediterr\u00e1neo Sol","twitter_misc":{"Verfasst von":"- Instituto Mediterr\u00e1neo Sol","Gesch\u00e4tzte Lesezeit":"3\u00a0Minuten"},"schema":{"@context":"https:\/\/schema.org","@graph":[{"@type":"Article","@id":"https:\/\/www.inmsol.com\/de\/blog-de-de\/nachrichten-de-de\/unsere-spanischkurse-fuer-jugendliche-haben-begonnen\/#article","isPartOf":{"@id":"https:\/\/www.inmsol.com\/de\/blog-de-de\/nachrichten-de-de\/unsere-spanischkurse-fuer-jugendliche-haben-begonnen\/"},"author":{"name":"- Instituto Mediterr\u00e1neo Sol","@id":"https:\/\/www.inmsol.com\/de\/#\/schema\/person\/94a7a01d14a56d1fbc49c841ffc57fe9"},"headline":"Unsere Spanischkurse f\u00fcr Jugendliche haben begonnen!","datePublished":"2017-06-23T11:09:21+00:00","dateModified":"2020-05-07T07:15:12+00:00","mainEntityOfPage":{"@id":"https:\/\/www.inmsol.com\/de\/blog-de-de\/nachrichten-de-de\/unsere-spanischkurse-fuer-jugendliche-haben-begonnen\/"},"wordCount":605,"publisher":{"@id":"https:\/\/www.inmsol.com\/de\/#organization"},"image":{"@id":"https:\/\/www.inmsol.com\/de\/blog-de-de\/nachrichten-de-de\/unsere-spanischkurse-fuer-jugendliche-haben-begonnen\/#primaryimage"},"thumbnailUrl":"https:\/\/www.inmsol.com\/wp-content\/uploads\/2017\/06\/dsc_0444.jpg","articleSection":["Nachrichten"],"inLanguage":"de"},{"@type":"WebPage","@id":"https:\/\/www.inmsol.com\/de\/blog-de-de\/nachrichten-de-de\/unsere-spanischkurse-fuer-jugendliche-haben-begonnen\/","url":"https:\/\/www.inmsol.com\/de\/blog-de-de\/nachrichten-de-de\/unsere-spanischkurse-fuer-jugendliche-haben-begonnen\/","name":"Unsere Spanischkurse f\u00fcr Jugendliche haben begonnen! | Blog iNMSOL","isPartOf":{"@id":"https:\/\/www.inmsol.com\/de\/#website"},"primaryImageOfPage":{"@id":"https:\/\/www.inmsol.com\/de\/blog-de-de\/nachrichten-de-de\/unsere-spanischkurse-fuer-jugendliche-haben-begonnen\/#primaryimage"},"image":{"@id":"https:\/\/www.inmsol.com\/de\/blog-de-de\/nachrichten-de-de\/unsere-spanischkurse-fuer-jugendliche-haben-begonnen\/#primaryimage"},"thumbnailUrl":"https:\/\/www.inmsol.com\/wp-content\/uploads\/2017\/06\/dsc_0444.jpg","datePublished":"2017-06-23T11:09:21+00:00","dateModified":"2020-05-07T07:15:12+00:00","description":"Letzte Woche haben wir die erste Gruppe Jugendlicher dieses Sommers in unserer Spanisch-Schule Instituto Mediterr\u00e1neo Sol in Granada willkommen gehei\u00dfen.","breadcrumb":{"@id":"https:\/\/www.inmsol.com\/de\/blog-de-de\/nachrichten-de-de\/unsere-spanischkurse-fuer-jugendliche-haben-begonnen\/#breadcrumb"},"inLanguage":"de","potentialAction":[{"@type":"ReadAction","target":["https:\/\/www.inmsol.com\/de\/blog-de-de\/nachrichten-de-de\/unsere-spanischkurse-fuer-jugendliche-haben-begonnen\/"]}]},{"@type":"ImageObject","inLanguage":"de","@id":"https:\/\/www.inmsol.com\/de\/blog-de-de\/nachrichten-de-de\/unsere-spanischkurse-fuer-jugendliche-haben-begonnen\/#primaryimage","url":"https:\/\/www.inmsol.com\/wp-content\/uploads\/2017\/06\/dsc_0444.jpg","contentUrl":"https:\/\/www.inmsol.com\/wp-content\/uploads\/2017\/06\/dsc_0444.jpg","width":1500,"height":1007},{"@type":"BreadcrumbList","@id":"https:\/\/www.inmsol.com\/de\/blog-de-de\/nachrichten-de-de\/unsere-spanischkurse-fuer-jugendliche-haben-begonnen\/#breadcrumb","itemListElement":[{"@type":"ListItem","position":1,"name":"Accredited Center by Instituto Cervantes","item":"https:\/\/www.inmsol.com\/de\/pagina-ejemplo\/"},{"@type":"ListItem","position":2,"name":"Blog","item":"https:\/\/www.inmsol.com\/de\/category\/blog-de-de\/"},{"@type":"ListItem","position":3,"name":"Nachrichten","item":"https:\/\/www.inmsol.com\/de\/category\/blog-de-de\/nachrichten-de-de\/"},{"@type":"ListItem","position":4,"name":"Unsere Spanischkurse f\u00fcr Jugendliche haben begonnen!"}]},{"@type":"WebSite","@id":"https:\/\/www.inmsol.com\/de\/#website","url":"https:\/\/www.inmsol.com\/de\/","name":"iNMSOL","description":"Lerne Spanisch mit uns - Cervantes akkreditiertes Lernzentrum","publisher":{"@id":"https:\/\/www.inmsol.com\/de\/#organization"},"potentialAction":[{"@type":"SearchAction","target":{"@type":"EntryPoint","urlTemplate":"https:\/\/www.inmsol.com\/de\/?s={search_term_string}"},"query-input":{"@type":"PropertyValueSpecification","valueRequired":true,"valueName":"search_term_string"}}],"inLanguage":"de"},{"@type":"Organization","@id":"https:\/\/www.inmsol.com\/de\/#organization","name":"Instituto Mediterr\u00e1neo Sol","url":"https:\/\/www.inmsol.com\/de\/","logo":{"@type":"ImageObject","inLanguage":"de","@id":"https:\/\/www.inmsol.com\/de\/#\/schema\/logo\/image\/","url":"https:\/\/www.inmsol.com\/wp-content\/uploads\/2023\/06\/logo-inmsol-1.png","contentUrl":"https:\/\/www.inmsol.com\/wp-content\/uploads\/2023\/06\/logo-inmsol-1.png","width":136,"height":73,"caption":"Instituto Mediterr\u00e1neo Sol"},"image":{"@id":"https:\/\/www.inmsol.com\/de\/#\/schema\/logo\/image\/"},"sameAs":["https:\/\/www.facebook.com\/spanishcourses","https:\/\/x.com\/StudyInGranada","http:\/\/instagram.com\/imsolgranada","https:\/\/es.linkedin.com\/company\/imsol-granada","https:\/\/www.pinterest.es\/inmsol\/","https:\/\/www.youtube.com\/channel\/UChz-Qn_7coFMosY85iYMO4g"]},{"@type":"Person","@id":"https:\/\/www.inmsol.com\/de\/#\/schema\/person\/94a7a01d14a56d1fbc49c841ffc57fe9","name":"- Instituto Mediterr\u00e1neo Sol","image":{"@type":"ImageObject","inLanguage":"de","@id":"https:\/\/secure.gravatar.com\/avatar\/5607fdabdf1b548b6095cc3d43079829bc1497403e70dd34004e7204a8fef62b?s=96&d=mm&r=g","url":"https:\/\/secure.gravatar.com\/avatar\/5607fdabdf1b548b6095cc3d43079829bc1497403e70dd34004e7204a8fef62b?s=96&d=mm&r=g","contentUrl":"https:\/\/secure.gravatar.com\/avatar\/5607fdabdf1b548b6095cc3d43079829bc1497403e70dd34004e7204a8fef62b?s=96&d=mm&r=g","caption":"- Instituto Mediterr\u00e1neo Sol"},"url":"https:\/\/www.inmsol.com\/de\/author\/laura\/"}]}},"_links":{"self":[{"href":"https:\/\/www.inmsol.com\/de\/wp-json\/wp\/v2\/posts\/32428","targetHints":{"allow":["GET"]}}],"collection":[{"href":"https:\/\/www.inmsol.com\/de\/wp-json\/wp\/v2\/posts"}],"about":[{"href":"https:\/\/www.inmsol.com\/de\/wp-json\/wp\/v2\/types\/post"}],"author":[{"embeddable":true,"href":"https:\/\/www.inmsol.com\/de\/wp-json\/wp\/v2\/users\/3"}],"replies":[{"embeddable":true,"href":"https:\/\/www.inmsol.com\/de\/wp-json\/wp\/v2\/comments?post=32428"}],"version-history":[{"count":0,"href":"https:\/\/www.inmsol.com\/de\/wp-json\/wp\/v2\/posts\/32428\/revisions"}],"wp:featuredmedia":[{"embeddable":true,"href":"https:\/\/www.inmsol.com\/de\/wp-json\/wp\/v2\/media\/32430"}],"wp:attachment":[{"href":"https:\/\/www.inmsol.com\/de\/wp-json\/wp\/v2\/media?parent=32428"}],"wp:term":[{"taxonomy":"category","embeddable":true,"href":"https:\/\/www.inmsol.com\/de\/wp-json\/wp\/v2\/categories?post=32428"},{"taxonomy":"post_tag","embeddable":true,"href":"https:\/\/www.inmsol.com\/de\/wp-json\/wp\/v2\/tags?post=32428"}],"curies":[{"name":"wp","href":"https:\/\/api.w.org\/{rel}","templated":true}]}}