{"id":32475,"date":"2017-06-30T12:55:49","date_gmt":"2017-06-30T10:55:49","guid":{"rendered":"https:\/\/www.inmsol.com\/blog-de-de\/die-termine-fur-die-dele-prufungen-2018-sind-da\/"},"modified":"2017-06-30T13:16:04","modified_gmt":"2017-06-30T11:16:04","slug":"die-termine-fur-die-dele-prufungen-2018-sind-da","status":"publish","type":"post","link":"https:\/\/www.inmsol.com\/de\/blog-de-de\/die-termine-fur-die-dele-prufungen-2018-sind-da\/","title":{"rendered":"Die Termine f\u00fcr die DELE Pr\u00fcfungen 2018 sind da!"},"content":{"rendered":"<h3><strong>Das Cervantes Institut hat die neuen Temine f\u00fcr die DELE Pr\u00fcfungen in 2018 ver\u00f6ffentlicht.<\/strong><\/h3>\n<p><strong>Das Diplom f\u00fcr Spanisch als Fremdsprache (Diploma de Espa\u00f1ol como Lengua Extranjera , kurz DELE)<\/strong> ist ein offizieller Titel, der den Kompetenzgrad und die Beherrschung der spanischen Sprache bescheinigt und vom Instituto Cervantes im Namen des spanischen Ministeriums f\u00fcr Erziehung, Kultur und Sport ausgestellt wird. Ein DELE Zertifikat kann n\u00fctzlich f\u00fcr Studium oder Arbeit sein, es ist notwendig um die Spanische Nationalit\u00e4t zu beantragen und in manchen F\u00e4llen auch f\u00fcr ein Visa. Au\u00dferdem kann es immer hilfreich sein es zu haben, nur f\u00fcr den Fall, dass eure zuk\u00fcnftigen akademischen oder beruflichen Projekte ein gewisses Spanisch Niveau voraussetzen. DELE Pr\u00fcfungen gibt es \u00fcber das ganze Jahr verteilt und sie werden von den vom Instituto Cervantes anerkannten Schulen durchgef\u00fchrt.<\/p>\n<p>&nbsp;<\/p>\n<p><img fetchpriority=\"high\" decoding=\"async\" class=\"alignleft size-full wp-image-31431\" src=\"https:\/\/www.inmsol.com\/wp-content\/uploads\/2017\/03\/logo.png\" alt=\"\" width=\"405\" height=\"291\" srcset=\"https:\/\/www.inmsol.com\/wp-content\/uploads\/2017\/03\/logo.png 405w, https:\/\/www.inmsol.com\/wp-content\/uploads\/2017\/03\/logo-64x46.png 64w, https:\/\/www.inmsol.com\/wp-content\/uploads\/2017\/03\/logo-250x180.png 250w\" sizes=\"(max-width: 405px) 100vw, 405px\" \/><\/p>\n<p>Unsere <a href=\"https:\/\/www.inmsol.com\/de\/sprachschule-fur-spanisch-granada\/\">Spanisch Schule iNMSOL <\/a>ist solch ein anerkanntes Zentrum und bietet daher auch <a href=\"https:\/\/www.inmsol.com\/de\/prufungen-und-bescheinigungen\/\">DELE Pr\u00fcfungen<\/a> an. Aber in iNMSOL kannst du nicht nur deine Pr\u00fcfung absolvieren, sondern dich auch gleich darauf vorbereiten. Wir bieten <a href=\"https:\/\/www.inmsol.com\/de\/spanischkurs-spanien\/spanish-courses-dealing-official-exams-8\/vi-kurs-zur-vorbereitung-auf-die-dele-prufung-granada-spanien\/\">Vorbereitungskurse f\u00fcr DELE Examen<\/a> in allen Niveaustufen an. Bereite dich mit Hilfe unserer speziell ausgebildeten Lehrer auf die Pr\u00fafung vor und erh\u00f6he somit deine Erfolgschancen!<\/p>\n<p>&nbsp;<\/p>\n<p><strong>Wenn du \u00fcberlegst, ein DELE Examen zu machen, ist das deine Chance! F\u00fcr mehr Infos, schau auf <a href=\"https:\/\/www.inmsol.com\/de\/\">unserer Webseite<\/a> vorbei oder auf der <a href=\"https:\/\/examenes.cervantes.es\/\">offiziellen DELE Webseite<\/a> und melde dich noch heute an!<\/strong><\/p>\n<p>&nbsp;<\/p>\n<p><strong>Die Termine f\u00fcr die DELE Pr\u00fcfungen sind die Folgenden:<\/strong><\/p>\n<table width=\"584\">\n<tbody>\n<tr>\n<td width=\"144\">AUSSCHREIBUNG<\/td>\n<td width=\"144\">DATUM DER SCHRIFTLICHEN PR\u00dcFUNG<\/td>\n<td width=\"144\">ANMELDEFRIST<\/td>\n<td width=\"151\">NIVEAU<\/td>\n<\/tr>\n<tr>\n<td width=\"144\">&nbsp;<\/p>\n<p>Februar<\/td>\n<td width=\"144\">&nbsp;<\/p>\n<p>Freitag 9. Februar\u00a02018<\/td>\n<td width=\"144\">&nbsp;<\/p>\n<p>10. Januar\u00a02018<\/p>\n<p>&nbsp;<\/td>\n<td width=\"151\">A2<\/td>\n<\/tr>\n<tr>\n<td width=\"144\">April<\/td>\n<td width=\"144\">&nbsp;<\/p>\n<p>Freitag 6. April 2018<\/td>\n<td width=\"144\">&nbsp;<\/p>\n<p>14. Februar\u00a02018<\/p>\n<p>&nbsp;<\/td>\n<td width=\"151\">\u00a0A1, A2, B1, B2, C1<\/td>\n<\/tr>\n<tr>\n<td width=\"144\">Mai<\/td>\n<td width=\"144\">&nbsp;<\/p>\n<p>Freitag\u00a018. Mai 2018<\/p>\n<p>&#8212;&#8212;&#8212;&#8212;&#8212;&#8212;&#8212;&#8211;<\/p>\n<p>Samstag\u00a019. Mai 2018<\/td>\n<td width=\"144\">&nbsp;<\/p>\n<p>&nbsp;<\/p>\n<p>28 M\u00e4rz 2018<\/p>\n<p>&nbsp;<\/td>\n<td width=\"151\">&nbsp;<\/p>\n<p>A1 und A2\/B1<\/p>\n<p>&#8212;&#8212;&#8212;&#8212;&#8212;&#8212;&#8212;-<\/p>\n<p>A1, A2, B1, B2, C1, C2<\/td>\n<\/tr>\n<tr>\n<td width=\"144\">Juli<\/td>\n<td width=\"144\">&nbsp;<\/p>\n<p>Freitag\u00a013. Juli 2018<\/p>\n<p>&nbsp;<\/td>\n<td width=\"144\">&nbsp;<\/p>\n<p>23. Mai 2018<\/p>\n<p>&nbsp;<\/td>\n<td width=\"151\">A2, A1, B2, C1<\/td>\n<\/tr>\n<tr>\n<td width=\"144\">September<\/td>\n<td width=\"144\">&nbsp;<\/p>\n<p>Freitag\u00a014. September 2018<\/p>\n<p>&nbsp;<\/td>\n<td width=\"144\">&nbsp;<\/p>\n<p>1.August 2018<\/p>\n<p>&nbsp;<\/td>\n<td width=\"151\">A2<\/td>\n<\/tr>\n<tr>\n<td width=\"144\">Oktober<\/td>\n<td width=\"144\">&nbsp;<\/p>\n<p>Freitag 5. Oktober 2018<\/p>\n<p>&nbsp;<\/td>\n<td width=\"144\">&nbsp;<\/p>\n<p>22. August 2018<\/p>\n<p>&nbsp;<\/td>\n<td width=\"151\">A2, B1, B2<\/td>\n<\/tr>\n<tr>\n<td width=\"144\">November<\/td>\n<td width=\"144\">&nbsp;<\/p>\n<p>Freitag\u00a09. November 2018<\/p>\n<p>&#8212;&#8212;&#8212;&#8212;&#8212;&#8212;&#8212;&#8211;<\/p>\n<p>Samstag\u00a010. November 2018<\/td>\n<td width=\"144\">&nbsp;<\/p>\n<p>&nbsp;<\/p>\n<p>3. Oktober 2018<\/p>\n<p>&nbsp;<\/td>\n<td width=\"151\">A1 und A2\/B1<\/p>\n<p>&#8212;&#8212;&#8212;&#8212;&#8212;&#8212;&#8212;-<\/p>\n<p>A1, A2, B1, B2, C1, C2<\/td>\n<\/tr>\n<\/tbody>\n<\/table>\n","protected":false},"excerpt":{"rendered":"<p>Das Cervantes Institut hat die neuen Temine f\u00fcr die DELE Pr\u00fcfungen in 2018 ver\u00f6ffentlicht. Das Diplom f\u00fcr Spanisch als Fremdsprache (Diploma de Espa\u00f1ol como Lengua Extranjera , kurz DELE) ist ein offizieller Titel, der den Kompetenzgrad und die Beherrschung der spanischen Sprache bescheinigt und vom&#8230;<\/p>\n","protected":false},"author":3,"featured_media":31431,"comment_status":"closed","ping_status":"closed","sticky":false,"template":"","format":"standard","meta":{"_acf_changed":false,"footnotes":""},"categories":[5],"tags":[],"class_list":["post-32475","post","type-post","status-publish","format-standard","has-post-thumbnail","hentry","category-blog-de-de"],"acf":[],"yoast_head":"<!-- This site is optimized with the Yoast SEO plugin v27.5 - https:\/\/yoast.com\/product\/yoast-seo-wordpress\/ -->\n<title>Die Termine f\u00fcr die DELE Pr\u00fcfungen 2018 sind da! | Blog iNMSOL<\/title>\n<meta name=\"description\" content=\"Das Cervantes Institut hat die neuen Temine f\u00fcr die DELE (Diplom f\u00fcr Spanisch als Fremdsprache) Pr\u00fcfungen in 2018 ver\u00f6ffentlicht.\" \/>\n<meta name=\"robots\" content=\"index, follow, max-snippet:-1, max-image-preview:large, max-video-preview:-1\" \/>\n<link rel=\"canonical\" href=\"https:\/\/www.inmsol.com\/de\/blog-de-de\/die-termine-fur-die-dele-prufungen-2018-sind-da\/\" \/>\n<meta property=\"og:locale\" content=\"de_DE\" \/>\n<meta property=\"og:type\" content=\"article\" \/>\n<meta property=\"og:title\" content=\"Die Termine f\u00fcr die DELE Pr\u00fcfungen 2018 sind da! | Blog iNMSOL\" \/>\n<meta property=\"og:description\" content=\"Das Cervantes Institut hat die neuen Temine f\u00fcr die DELE (Diplom f\u00fcr Spanisch als Fremdsprache) Pr\u00fcfungen in 2018 ver\u00f6ffentlicht.\" \/>\n<meta property=\"og:url\" content=\"https:\/\/www.inmsol.com\/de\/blog-de-de\/die-termine-fur-die-dele-prufungen-2018-sind-da\/\" \/>\n<meta property=\"og:site_name\" content=\"iNMSOL\" \/>\n<meta property=\"article:publisher\" content=\"https:\/\/www.facebook.com\/spanishcourses\" \/>\n<meta property=\"article:published_time\" content=\"2017-06-30T10:55:49+00:00\" \/>\n<meta property=\"article:modified_time\" content=\"2017-06-30T11:16:04+00:00\" \/>\n<meta property=\"og:image\" content=\"https:\/\/www.inmsol.com\/wp-content\/uploads\/2017\/03\/logo.png\" \/>\n\t<meta property=\"og:image:width\" content=\"405\" \/>\n\t<meta property=\"og:image:height\" content=\"291\" \/>\n\t<meta property=\"og:image:type\" content=\"image\/png\" \/>\n<meta name=\"author\" content=\"- Instituto Mediterr\u00e1neo Sol\" \/>\n<meta name=\"twitter:label1\" content=\"Verfasst von\" \/>\n\t<meta name=\"twitter:data1\" content=\"- Instituto Mediterr\u00e1neo Sol\" \/>\n\t<meta name=\"twitter:label2\" content=\"Gesch\u00e4tzte Lesezeit\" \/>\n\t<meta name=\"twitter:data2\" content=\"2\u00a0Minuten\" \/>\n<script type=\"application\/ld+json\" class=\"yoast-schema-graph\">{\"@context\":\"https:\\\/\\\/schema.org\",\"@graph\":[{\"@type\":\"Article\",\"@id\":\"https:\\\/\\\/www.inmsol.com\\\/de\\\/blog-de-de\\\/die-termine-fur-die-dele-prufungen-2018-sind-da\\\/#article\",\"isPartOf\":{\"@id\":\"https:\\\/\\\/www.inmsol.com\\\/de\\\/blog-de-de\\\/die-termine-fur-die-dele-prufungen-2018-sind-da\\\/\"},\"author\":{\"name\":\"- Instituto Mediterr\u00e1neo Sol\",\"@id\":\"https:\\\/\\\/www.inmsol.com\\\/de\\\/#\\\/schema\\\/person\\\/94a7a01d14a56d1fbc49c841ffc57fe9\"},\"headline\":\"Die Termine f\u00fcr die DELE Pr\u00fcfungen 2018 sind da!\",\"datePublished\":\"2017-06-30T10:55:49+00:00\",\"dateModified\":\"2017-06-30T11:16:04+00:00\",\"mainEntityOfPage\":{\"@id\":\"https:\\\/\\\/www.inmsol.com\\\/de\\\/blog-de-de\\\/die-termine-fur-die-dele-prufungen-2018-sind-da\\\/\"},\"wordCount\":373,\"publisher\":{\"@id\":\"https:\\\/\\\/www.inmsol.com\\\/de\\\/#organization\"},\"image\":{\"@id\":\"https:\\\/\\\/www.inmsol.com\\\/de\\\/blog-de-de\\\/die-termine-fur-die-dele-prufungen-2018-sind-da\\\/#primaryimage\"},\"thumbnailUrl\":\"https:\\\/\\\/www.inmsol.com\\\/wp-content\\\/uploads\\\/2017\\\/03\\\/logo.png\",\"articleSection\":[\"Blog\"],\"inLanguage\":\"de\"},{\"@type\":\"WebPage\",\"@id\":\"https:\\\/\\\/www.inmsol.com\\\/de\\\/blog-de-de\\\/die-termine-fur-die-dele-prufungen-2018-sind-da\\\/\",\"url\":\"https:\\\/\\\/www.inmsol.com\\\/de\\\/blog-de-de\\\/die-termine-fur-die-dele-prufungen-2018-sind-da\\\/\",\"name\":\"Die Termine f\u00fcr die DELE Pr\u00fcfungen 2018 sind da! | Blog iNMSOL\",\"isPartOf\":{\"@id\":\"https:\\\/\\\/www.inmsol.com\\\/de\\\/#website\"},\"primaryImageOfPage\":{\"@id\":\"https:\\\/\\\/www.inmsol.com\\\/de\\\/blog-de-de\\\/die-termine-fur-die-dele-prufungen-2018-sind-da\\\/#primaryimage\"},\"image\":{\"@id\":\"https:\\\/\\\/www.inmsol.com\\\/de\\\/blog-de-de\\\/die-termine-fur-die-dele-prufungen-2018-sind-da\\\/#primaryimage\"},\"thumbnailUrl\":\"https:\\\/\\\/www.inmsol.com\\\/wp-content\\\/uploads\\\/2017\\\/03\\\/logo.png\",\"datePublished\":\"2017-06-30T10:55:49+00:00\",\"dateModified\":\"2017-06-30T11:16:04+00:00\",\"description\":\"Das Cervantes Institut hat die neuen Temine f\u00fcr die DELE (Diplom f\u00fcr Spanisch als Fremdsprache) Pr\u00fcfungen in 2018 ver\u00f6ffentlicht.\",\"breadcrumb\":{\"@id\":\"https:\\\/\\\/www.inmsol.com\\\/de\\\/blog-de-de\\\/die-termine-fur-die-dele-prufungen-2018-sind-da\\\/#breadcrumb\"},\"inLanguage\":\"de\",\"potentialAction\":[{\"@type\":\"ReadAction\",\"target\":[\"https:\\\/\\\/www.inmsol.com\\\/de\\\/blog-de-de\\\/die-termine-fur-die-dele-prufungen-2018-sind-da\\\/\"]}]},{\"@type\":\"ImageObject\",\"inLanguage\":\"de\",\"@id\":\"https:\\\/\\\/www.inmsol.com\\\/de\\\/blog-de-de\\\/die-termine-fur-die-dele-prufungen-2018-sind-da\\\/#primaryimage\",\"url\":\"https:\\\/\\\/www.inmsol.com\\\/wp-content\\\/uploads\\\/2017\\\/03\\\/logo.png\",\"contentUrl\":\"https:\\\/\\\/www.inmsol.com\\\/wp-content\\\/uploads\\\/2017\\\/03\\\/logo.png\",\"width\":405,\"height\":291,\"caption\":\"Consejos para aprobar\"},{\"@type\":\"BreadcrumbList\",\"@id\":\"https:\\\/\\\/www.inmsol.com\\\/de\\\/blog-de-de\\\/die-termine-fur-die-dele-prufungen-2018-sind-da\\\/#breadcrumb\",\"itemListElement\":[{\"@type\":\"ListItem\",\"position\":1,\"name\":\"Accredited Center by Instituto Cervantes\",\"item\":\"https:\\\/\\\/www.inmsol.com\\\/de\\\/pagina-ejemplo\\\/\"},{\"@type\":\"ListItem\",\"position\":2,\"name\":\"Blog\",\"item\":\"https:\\\/\\\/www.inmsol.com\\\/de\\\/category\\\/blog-de-de\\\/\"},{\"@type\":\"ListItem\",\"position\":3,\"name\":\"Die Termine f\u00fcr die DELE Pr\u00fcfungen 2018 sind da!\"}]},{\"@type\":\"WebSite\",\"@id\":\"https:\\\/\\\/www.inmsol.com\\\/de\\\/#website\",\"url\":\"https:\\\/\\\/www.inmsol.com\\\/de\\\/\",\"name\":\"iNMSOL\",\"description\":\"Lerne Spanisch mit uns - Cervantes akkreditiertes Lernzentrum\",\"publisher\":{\"@id\":\"https:\\\/\\\/www.inmsol.com\\\/de\\\/#organization\"},\"potentialAction\":[{\"@type\":\"SearchAction\",\"target\":{\"@type\":\"EntryPoint\",\"urlTemplate\":\"https:\\\/\\\/www.inmsol.com\\\/de\\\/?s={search_term_string}\"},\"query-input\":{\"@type\":\"PropertyValueSpecification\",\"valueRequired\":true,\"valueName\":\"search_term_string\"}}],\"inLanguage\":\"de\"},{\"@type\":\"Organization\",\"@id\":\"https:\\\/\\\/www.inmsol.com\\\/de\\\/#organization\",\"name\":\"Instituto Mediterr\u00e1neo Sol\",\"url\":\"https:\\\/\\\/www.inmsol.com\\\/de\\\/\",\"logo\":{\"@type\":\"ImageObject\",\"inLanguage\":\"de\",\"@id\":\"https:\\\/\\\/www.inmsol.com\\\/de\\\/#\\\/schema\\\/logo\\\/image\\\/\",\"url\":\"https:\\\/\\\/www.inmsol.com\\\/wp-content\\\/uploads\\\/2023\\\/06\\\/logo-inmsol-1.png\",\"contentUrl\":\"https:\\\/\\\/www.inmsol.com\\\/wp-content\\\/uploads\\\/2023\\\/06\\\/logo-inmsol-1.png\",\"width\":136,\"height\":73,\"caption\":\"Instituto Mediterr\u00e1neo Sol\"},\"image\":{\"@id\":\"https:\\\/\\\/www.inmsol.com\\\/de\\\/#\\\/schema\\\/logo\\\/image\\\/\"},\"sameAs\":[\"https:\\\/\\\/www.facebook.com\\\/spanishcourses\",\"https:\\\/\\\/x.com\\\/StudyInGranada\",\"http:\\\/\\\/instagram.com\\\/imsolgranada\",\"https:\\\/\\\/es.linkedin.com\\\/company\\\/imsol-granada\",\"https:\\\/\\\/www.pinterest.es\\\/inmsol\\\/\",\"https:\\\/\\\/www.youtube.com\\\/channel\\\/UChz-Qn_7coFMosY85iYMO4g\"]},{\"@type\":\"Person\",\"@id\":\"https:\\\/\\\/www.inmsol.com\\\/de\\\/#\\\/schema\\\/person\\\/94a7a01d14a56d1fbc49c841ffc57fe9\",\"name\":\"- Instituto Mediterr\u00e1neo Sol\",\"image\":{\"@type\":\"ImageObject\",\"inLanguage\":\"de\",\"@id\":\"https:\\\/\\\/secure.gravatar.com\\\/avatar\\\/5607fdabdf1b548b6095cc3d43079829bc1497403e70dd34004e7204a8fef62b?s=96&d=mm&r=g\",\"url\":\"https:\\\/\\\/secure.gravatar.com\\\/avatar\\\/5607fdabdf1b548b6095cc3d43079829bc1497403e70dd34004e7204a8fef62b?s=96&d=mm&r=g\",\"contentUrl\":\"https:\\\/\\\/secure.gravatar.com\\\/avatar\\\/5607fdabdf1b548b6095cc3d43079829bc1497403e70dd34004e7204a8fef62b?s=96&d=mm&r=g\",\"caption\":\"- Instituto Mediterr\u00e1neo Sol\"},\"url\":\"https:\\\/\\\/www.inmsol.com\\\/de\\\/author\\\/laura\\\/\"}]}<\/script>\n<!-- \/ Yoast SEO plugin. -->","yoast_head_json":{"title":"Die Termine f\u00fcr die DELE Pr\u00fcfungen 2018 sind da! | Blog iNMSOL","description":"Das Cervantes Institut hat die neuen Temine f\u00fcr die DELE (Diplom f\u00fcr Spanisch als Fremdsprache) Pr\u00fcfungen in 2018 ver\u00f6ffentlicht.","robots":{"index":"index","follow":"follow","max-snippet":"max-snippet:-1","max-image-preview":"max-image-preview:large","max-video-preview":"max-video-preview:-1"},"canonical":"https:\/\/www.inmsol.com\/de\/blog-de-de\/die-termine-fur-die-dele-prufungen-2018-sind-da\/","og_locale":"de_DE","og_type":"article","og_title":"Die Termine f\u00fcr die DELE Pr\u00fcfungen 2018 sind da! | Blog iNMSOL","og_description":"Das Cervantes Institut hat die neuen Temine f\u00fcr die DELE (Diplom f\u00fcr Spanisch als Fremdsprache) Pr\u00fcfungen in 2018 ver\u00f6ffentlicht.","og_url":"https:\/\/www.inmsol.com\/de\/blog-de-de\/die-termine-fur-die-dele-prufungen-2018-sind-da\/","og_site_name":"iNMSOL","article_publisher":"https:\/\/www.facebook.com\/spanishcourses","article_published_time":"2017-06-30T10:55:49+00:00","article_modified_time":"2017-06-30T11:16:04+00:00","og_image":[{"width":405,"height":291,"url":"https:\/\/www.inmsol.com\/wp-content\/uploads\/2017\/03\/logo.png","type":"image\/png"}],"author":"- Instituto Mediterr\u00e1neo Sol","twitter_misc":{"Verfasst von":"- Instituto Mediterr\u00e1neo Sol","Gesch\u00e4tzte Lesezeit":"2\u00a0Minuten"},"schema":{"@context":"https:\/\/schema.org","@graph":[{"@type":"Article","@id":"https:\/\/www.inmsol.com\/de\/blog-de-de\/die-termine-fur-die-dele-prufungen-2018-sind-da\/#article","isPartOf":{"@id":"https:\/\/www.inmsol.com\/de\/blog-de-de\/die-termine-fur-die-dele-prufungen-2018-sind-da\/"},"author":{"name":"- Instituto Mediterr\u00e1neo Sol","@id":"https:\/\/www.inmsol.com\/de\/#\/schema\/person\/94a7a01d14a56d1fbc49c841ffc57fe9"},"headline":"Die Termine f\u00fcr die DELE Pr\u00fcfungen 2018 sind da!","datePublished":"2017-06-30T10:55:49+00:00","dateModified":"2017-06-30T11:16:04+00:00","mainEntityOfPage":{"@id":"https:\/\/www.inmsol.com\/de\/blog-de-de\/die-termine-fur-die-dele-prufungen-2018-sind-da\/"},"wordCount":373,"publisher":{"@id":"https:\/\/www.inmsol.com\/de\/#organization"},"image":{"@id":"https:\/\/www.inmsol.com\/de\/blog-de-de\/die-termine-fur-die-dele-prufungen-2018-sind-da\/#primaryimage"},"thumbnailUrl":"https:\/\/www.inmsol.com\/wp-content\/uploads\/2017\/03\/logo.png","articleSection":["Blog"],"inLanguage":"de"},{"@type":"WebPage","@id":"https:\/\/www.inmsol.com\/de\/blog-de-de\/die-termine-fur-die-dele-prufungen-2018-sind-da\/","url":"https:\/\/www.inmsol.com\/de\/blog-de-de\/die-termine-fur-die-dele-prufungen-2018-sind-da\/","name":"Die Termine f\u00fcr die DELE Pr\u00fcfungen 2018 sind da! | Blog iNMSOL","isPartOf":{"@id":"https:\/\/www.inmsol.com\/de\/#website"},"primaryImageOfPage":{"@id":"https:\/\/www.inmsol.com\/de\/blog-de-de\/die-termine-fur-die-dele-prufungen-2018-sind-da\/#primaryimage"},"image":{"@id":"https:\/\/www.inmsol.com\/de\/blog-de-de\/die-termine-fur-die-dele-prufungen-2018-sind-da\/#primaryimage"},"thumbnailUrl":"https:\/\/www.inmsol.com\/wp-content\/uploads\/2017\/03\/logo.png","datePublished":"2017-06-30T10:55:49+00:00","dateModified":"2017-06-30T11:16:04+00:00","description":"Das Cervantes Institut hat die neuen Temine f\u00fcr die DELE (Diplom f\u00fcr Spanisch als Fremdsprache) Pr\u00fcfungen in 2018 ver\u00f6ffentlicht.","breadcrumb":{"@id":"https:\/\/www.inmsol.com\/de\/blog-de-de\/die-termine-fur-die-dele-prufungen-2018-sind-da\/#breadcrumb"},"inLanguage":"de","potentialAction":[{"@type":"ReadAction","target":["https:\/\/www.inmsol.com\/de\/blog-de-de\/die-termine-fur-die-dele-prufungen-2018-sind-da\/"]}]},{"@type":"ImageObject","inLanguage":"de","@id":"https:\/\/www.inmsol.com\/de\/blog-de-de\/die-termine-fur-die-dele-prufungen-2018-sind-da\/#primaryimage","url":"https:\/\/www.inmsol.com\/wp-content\/uploads\/2017\/03\/logo.png","contentUrl":"https:\/\/www.inmsol.com\/wp-content\/uploads\/2017\/03\/logo.png","width":405,"height":291,"caption":"Consejos para aprobar"},{"@type":"BreadcrumbList","@id":"https:\/\/www.inmsol.com\/de\/blog-de-de\/die-termine-fur-die-dele-prufungen-2018-sind-da\/#breadcrumb","itemListElement":[{"@type":"ListItem","position":1,"name":"Accredited Center by Instituto Cervantes","item":"https:\/\/www.inmsol.com\/de\/pagina-ejemplo\/"},{"@type":"ListItem","position":2,"name":"Blog","item":"https:\/\/www.inmsol.com\/de\/category\/blog-de-de\/"},{"@type":"ListItem","position":3,"name":"Die Termine f\u00fcr die DELE Pr\u00fcfungen 2018 sind da!"}]},{"@type":"WebSite","@id":"https:\/\/www.inmsol.com\/de\/#website","url":"https:\/\/www.inmsol.com\/de\/","name":"iNMSOL","description":"Lerne Spanisch mit uns - Cervantes akkreditiertes Lernzentrum","publisher":{"@id":"https:\/\/www.inmsol.com\/de\/#organization"},"potentialAction":[{"@type":"SearchAction","target":{"@type":"EntryPoint","urlTemplate":"https:\/\/www.inmsol.com\/de\/?s={search_term_string}"},"query-input":{"@type":"PropertyValueSpecification","valueRequired":true,"valueName":"search_term_string"}}],"inLanguage":"de"},{"@type":"Organization","@id":"https:\/\/www.inmsol.com\/de\/#organization","name":"Instituto Mediterr\u00e1neo Sol","url":"https:\/\/www.inmsol.com\/de\/","logo":{"@type":"ImageObject","inLanguage":"de","@id":"https:\/\/www.inmsol.com\/de\/#\/schema\/logo\/image\/","url":"https:\/\/www.inmsol.com\/wp-content\/uploads\/2023\/06\/logo-inmsol-1.png","contentUrl":"https:\/\/www.inmsol.com\/wp-content\/uploads\/2023\/06\/logo-inmsol-1.png","width":136,"height":73,"caption":"Instituto Mediterr\u00e1neo Sol"},"image":{"@id":"https:\/\/www.inmsol.com\/de\/#\/schema\/logo\/image\/"},"sameAs":["https:\/\/www.facebook.com\/spanishcourses","https:\/\/x.com\/StudyInGranada","http:\/\/instagram.com\/imsolgranada","https:\/\/es.linkedin.com\/company\/imsol-granada","https:\/\/www.pinterest.es\/inmsol\/","https:\/\/www.youtube.com\/channel\/UChz-Qn_7coFMosY85iYMO4g"]},{"@type":"Person","@id":"https:\/\/www.inmsol.com\/de\/#\/schema\/person\/94a7a01d14a56d1fbc49c841ffc57fe9","name":"- Instituto Mediterr\u00e1neo Sol","image":{"@type":"ImageObject","inLanguage":"de","@id":"https:\/\/secure.gravatar.com\/avatar\/5607fdabdf1b548b6095cc3d43079829bc1497403e70dd34004e7204a8fef62b?s=96&d=mm&r=g","url":"https:\/\/secure.gravatar.com\/avatar\/5607fdabdf1b548b6095cc3d43079829bc1497403e70dd34004e7204a8fef62b?s=96&d=mm&r=g","contentUrl":"https:\/\/secure.gravatar.com\/avatar\/5607fdabdf1b548b6095cc3d43079829bc1497403e70dd34004e7204a8fef62b?s=96&d=mm&r=g","caption":"- Instituto Mediterr\u00e1neo Sol"},"url":"https:\/\/www.inmsol.com\/de\/author\/laura\/"}]}},"_links":{"self":[{"href":"https:\/\/www.inmsol.com\/de\/wp-json\/wp\/v2\/posts\/32475","targetHints":{"allow":["GET"]}}],"collection":[{"href":"https:\/\/www.inmsol.com\/de\/wp-json\/wp\/v2\/posts"}],"about":[{"href":"https:\/\/www.inmsol.com\/de\/wp-json\/wp\/v2\/types\/post"}],"author":[{"embeddable":true,"href":"https:\/\/www.inmsol.com\/de\/wp-json\/wp\/v2\/users\/3"}],"replies":[{"embeddable":true,"href":"https:\/\/www.inmsol.com\/de\/wp-json\/wp\/v2\/comments?post=32475"}],"version-history":[{"count":0,"href":"https:\/\/www.inmsol.com\/de\/wp-json\/wp\/v2\/posts\/32475\/revisions"}],"wp:featuredmedia":[{"embeddable":true,"href":"https:\/\/www.inmsol.com\/de\/wp-json\/wp\/v2\/media\/31431"}],"wp:attachment":[{"href":"https:\/\/www.inmsol.com\/de\/wp-json\/wp\/v2\/media?parent=32475"}],"wp:term":[{"taxonomy":"category","embeddable":true,"href":"https:\/\/www.inmsol.com\/de\/wp-json\/wp\/v2\/categories?post=32475"},{"taxonomy":"post_tag","embeddable":true,"href":"https:\/\/www.inmsol.com\/de\/wp-json\/wp\/v2\/tags?post=32475"}],"curies":[{"name":"wp","href":"https:\/\/api.w.org\/{rel}","templated":true}]}}