{"id":32558,"date":"2017-07-10T14:03:57","date_gmt":"2017-07-10T12:03:57","guid":{"rendered":"https:\/\/www.inmsol.com\/blog-de-de\/eine-super-woche-mit-unserer-gruppe-aus-italien\/"},"modified":"2017-07-10T14:09:33","modified_gmt":"2017-07-10T12:09:33","slug":"eine-super-woche-mit-unserer-gruppe-aus-italien","status":"publish","type":"post","link":"https:\/\/www.inmsol.com\/de\/blog-de-de\/eine-super-woche-mit-unserer-gruppe-aus-italien\/","title":{"rendered":"Eine super Woche mit unserer Gruppe aus Italien"},"content":{"rendered":"<h3><strong>Letzte Woche haben wir eine Gruppe italienischer Sch\u00fcler aus der Toskana in unserer <a href=\"https:\/\/www.inmsol.com\/de\/sprachschule-fur-spanisch-granada\/\">Spanisch Schule in Granada <\/a>wilkommengehei\u00dfen. Hier hatten die 6 Sch\u00fcler die M\u00f6glichkeit ihr Spanisch zu verbessern und <a href=\"https:\/\/www.inmsol.com\/de\/die-stadt-granada\/\">unsere wundersch\u00f6ne Stadt<\/a> und die Umgebung kennenzulernen.<\/strong><\/h3>\n<p>&nbsp;<\/p>\n<p>Wir hatten eine tolle Woche mit unserer Sch\u00fclergruppe aus Italien hier in <a href=\"https:\/\/www.inmsol.com\/de\/\">iNMSOL<\/a>. Vormittags hatten die Judendlichen, die zwischen 14 und 15 jahren alt waren, 4 Stunden Spanischunterricht in denen sie an allen linguistischen Fertigkeiten wie H\u00f6ren, Sprechen, Lesen und Schreiben arbeiteten. Nachmittags gab\u2019s dann ein <a href=\"https:\/\/www.inmsol.com\/de\/aktivitaeten-und-ausfluege\/\">Aktivit\u00e4tenprogramm<\/a>, das wir gemeinsam mit ihrem italienischen Begleitlehrer entwarfen.<\/p>\n<p>Am Montag haben wir einen <strong>kleinen Spaziergang durchs Stadtzentrum und das Realejo Viertel<\/strong>, in dem sich unsere Sprachschule befindet, gemacht und unserern Sch\u00fclern die wichtigsten Orte wie beispielsweise die <strong><em>Kathedrale<\/em><\/strong>, <strong><em>Plaza de la Trinidad, Puerta Real <\/em><\/strong>oder <strong><em>Campo del Pr\u00edncipe <\/em><\/strong>gezeigt.<\/p>\n<p>Am darauffolgenden Tag gab\u2019s eine gef\u00fchrte Tour durch das <strong><em>Cuarto Real de Santo Domingo<\/em><\/strong>, ein alter arabischer Palast, in den sich die muslimischen K\u00f6nige fr\u00fcher w\u00e4hrend des Ramadan zur\u00fcckzogen.<\/p>\n<p>&nbsp;<\/p>\n<p><img fetchpriority=\"high\" decoding=\"async\" class=\"alignleft wp-image-32554 size-medium\" src=\"https:\/\/www.inmsol.com\/wp-content\/uploads\/2017\/07\/20170705_190435-2-1-376x300.jpg\" alt=\"\" width=\"376\" height=\"300\" srcset=\"https:\/\/www.inmsol.com\/wp-content\/uploads\/2017\/07\/20170705_190435-2-1-376x300.jpg 376w, https:\/\/www.inmsol.com\/wp-content\/uploads\/2017\/07\/20170705_190435-2-1-800x639.jpg 800w, https:\/\/www.inmsol.com\/wp-content\/uploads\/2017\/07\/20170705_190435-2-1-64x51.jpg 64w, https:\/\/www.inmsol.com\/wp-content\/uploads\/2017\/07\/20170705_190435-2-1-768x613.jpg 768w, https:\/\/www.inmsol.com\/wp-content\/uploads\/2017\/07\/20170705_190435-2-1-1024x818.jpg 1024w, https:\/\/www.inmsol.com\/wp-content\/uploads\/2017\/07\/20170705_190435-2-1-250x200.jpg 250w, https:\/\/www.inmsol.com\/wp-content\/uploads\/2017\/07\/20170705_190435-2-1-501x400.jpg 501w, https:\/\/www.inmsol.com\/wp-content\/uploads\/2017\/07\/20170705_190435-2-1.jpg 1500w\" sizes=\"(max-width: 376px) 100vw, 376px\" \/><\/p>\n<p>&nbsp;<\/p>\n<p>W\u00e4hrend unseres <strong>Besuchs des Albaic\u00edns und des Sacromonte<\/strong> am Mittwoch hatten unsere Sch\u00fcler die Gelegenheit, den <strong>speziellen Charme Granadas<\/strong> kennenzulernen, durch die engen G\u00e4sschen zwischen den wei\u00dfen H\u00e4usern des malerischen arabischen Viertels hindurchzulaufen, die <strong>spektakul\u00e4ren Blicke<\/strong> auf die Alhambra und die Stadt die sich an mehreren Orten dort auftun zu genie\u00dfen und den f\u00fcr seine H\u00f6hlen-H\u00e4user der Zigeuner bekannten Berg zu erklimmen.<\/p>\n<p>&nbsp;<\/p>\n<p>Die Woche \u00fcber folgten wir weiter den Spuren der arabischen Vergangenheit unserer Stadt, welche sie in einen solch einzigartigen Ort verwandelt. Daher haben wir am Donnerstag <strong>die ber\u00fchmte Alhambra besucht<\/strong>, die <strong>UNESCO Weltkulturerbe<\/strong> ist. Diese arabische Festung, die hoch \u00fcber der Stadt thront, mit ihren reich verzierten Pal\u00e4sten und schattigen G\u00e4rten und ihrem herrlichen Ausblick ist zweifellos ein Ort voller Geschichte und, man kann es nich leugnen, auch mit einer einzigartiger Magie.<\/p>\n<p>Am Freitag hatten unsere italienischen Sch\u00fcler einen freien Nachmittag und konnten auf eigene Faust die Stadt entdecken gehen.<\/p>\n<p>F\u00fcr ihren letzten Tag in Granada haben wir uns was Besonderes f\u00fcr sie ausgedacht: <strong>ein Ausflug in die Alpujarras<\/strong>. Wir hatten viel Spa\u00df bei unserem Trip durch mehrere Bergd\u00f6rfer, Wein- und Wurstwarenverk\u00f6stigung, Besuch des Museums in Pampaneira und einer typischen Serranoschinken-Trocknerei in Trev\u00e9lez inklusive. Ein Tag voll spanischer Kultur und ein perfekter Abschluss ihres Aufenthalts in Spanien!<\/p>\n<p>&nbsp;<\/p>\n<p><img decoding=\"async\" class=\"alignleft size-medium wp-image-32555\" src=\"https:\/\/www.inmsol.com\/wp-content\/uploads\/2017\/07\/dsc_0376-1-447x300.jpg\" alt=\"\" width=\"447\" height=\"300\" srcset=\"https:\/\/www.inmsol.com\/wp-content\/uploads\/2017\/07\/dsc_0376-1-447x300.jpg 447w, https:\/\/www.inmsol.com\/wp-content\/uploads\/2017\/07\/dsc_0376-1-800x537.jpg 800w, https:\/\/www.inmsol.com\/wp-content\/uploads\/2017\/07\/dsc_0376-1-64x43.jpg 64w, https:\/\/www.inmsol.com\/wp-content\/uploads\/2017\/07\/dsc_0376-1-768x516.jpg 768w, https:\/\/www.inmsol.com\/wp-content\/uploads\/2017\/07\/dsc_0376-1-1024x687.jpg 1024w, https:\/\/www.inmsol.com\/wp-content\/uploads\/2017\/07\/dsc_0376-1-250x168.jpg 250w, https:\/\/www.inmsol.com\/wp-content\/uploads\/2017\/07\/dsc_0376-1-596x400.jpg 596w, https:\/\/www.inmsol.com\/wp-content\/uploads\/2017\/07\/dsc_0376-1.jpg 1500w\" sizes=\"(max-width: 447px) 100vw, 447px\" \/><\/p>\n<p>&nbsp;<\/p>\n<p><strong>Wir hatten eine tolle Zeit mit unseren italienischen Sch\u00fclern und hoffen, dass sie bald wieder zu uns kommen!<\/strong><\/p>\n<p><strong>Wenn ihr nun auch mit einer<a href=\"https:\/\/www.inmsol.com\/de\/spanischkurs-spanien\/gruppenkurse\/\"> Gruppe <\/a>(vielleicht eure Schulklasse? ;)) nach Spanien reisen wollt um erfolgreich Spanisch zu lernen, und das in einer wundersch\u00f6nen, einzigartigen Umgebung, dann ist iNMSOL in Granada der perfekte Ort f\u00fcr euch! <\/strong><\/p>\n<p><strong>Wir freuen uns schon auf euch! <\/strong><\/p>\n","protected":false},"excerpt":{"rendered":"<p>Letzte Woche haben wir eine Gruppe italienischer Sch\u00fcler aus der Toskana in unserer Spanisch Schule in Granada wilkommengehei\u00dfen. Hier hatten die 6 Sch\u00fcler die M\u00f6glichkeit ihr Spanisch zu verbessern und unsere wundersch\u00f6ne Stadt und die Umgebung kennenzulernen. &nbsp; Wir hatten eine tolle Woche mit unserer&#8230;<\/p>\n","protected":false},"author":3,"featured_media":32554,"comment_status":"closed","ping_status":"closed","sticky":false,"template":"","format":"standard","meta":{"_acf_changed":false,"footnotes":""},"categories":[],"tags":[],"class_list":["post-32558","post","type-post","status-publish","format-standard","has-post-thumbnail","hentry"],"acf":[],"yoast_head":"<!-- This site is optimized with the Yoast SEO plugin v27.5 - https:\/\/yoast.com\/product\/yoast-seo-wordpress\/ -->\n<title>Eine super Woche mit unserer Gruppe aus Italien | Blog iNMSOL<\/title>\n<meta name=\"description\" content=\"Letzte Woche haben wir eine Gruppe italienischer Sch\u00fcler aus der Toskana in unserer Spanisch Schule in Granada wilkommengehei\u00dfen.\" \/>\n<meta name=\"robots\" content=\"index, follow, max-snippet:-1, max-image-preview:large, max-video-preview:-1\" \/>\n<link rel=\"canonical\" href=\"https:\/\/www.inmsol.com\/de\/blog-de-de\/eine-super-woche-mit-unserer-gruppe-aus-italien\/\" \/>\n<meta property=\"og:locale\" content=\"de_DE\" \/>\n<meta property=\"og:type\" content=\"article\" \/>\n<meta property=\"og:title\" content=\"Eine super Woche mit unserer Gruppe aus Italien | Blog iNMSOL\" \/>\n<meta property=\"og:description\" content=\"Letzte Woche haben wir eine Gruppe italienischer Sch\u00fcler aus der Toskana in unserer Spanisch Schule in Granada wilkommengehei\u00dfen.\" \/>\n<meta property=\"og:url\" content=\"https:\/\/www.inmsol.com\/de\/blog-de-de\/eine-super-woche-mit-unserer-gruppe-aus-italien\/\" \/>\n<meta property=\"og:site_name\" content=\"iNMSOL\" \/>\n<meta property=\"article:publisher\" content=\"https:\/\/www.facebook.com\/spanishcourses\" \/>\n<meta property=\"article:published_time\" content=\"2017-07-10T12:03:57+00:00\" \/>\n<meta property=\"article:modified_time\" content=\"2017-07-10T12:09:33+00:00\" \/>\n<meta property=\"og:image\" content=\"https:\/\/www.inmsol.com\/wp-content\/uploads\/2017\/07\/20170705_190435-2-1.jpg\" \/>\n\t<meta property=\"og:image:width\" content=\"1500\" \/>\n\t<meta property=\"og:image:height\" content=\"1198\" \/>\n\t<meta property=\"og:image:type\" content=\"image\/jpeg\" \/>\n<meta name=\"author\" content=\"- Instituto Mediterr\u00e1neo Sol\" \/>\n<meta name=\"twitter:label1\" content=\"Verfasst von\" \/>\n\t<meta name=\"twitter:data1\" content=\"- Instituto Mediterr\u00e1neo Sol\" \/>\n\t<meta name=\"twitter:label2\" content=\"Gesch\u00e4tzte Lesezeit\" \/>\n\t<meta name=\"twitter:data2\" content=\"2\u00a0Minuten\" \/>\n<script type=\"application\/ld+json\" class=\"yoast-schema-graph\">{\"@context\":\"https:\\\/\\\/schema.org\",\"@graph\":[{\"@type\":\"Article\",\"@id\":\"https:\\\/\\\/www.inmsol.com\\\/de\\\/blog-de-de\\\/eine-super-woche-mit-unserer-gruppe-aus-italien\\\/#article\",\"isPartOf\":{\"@id\":\"https:\\\/\\\/www.inmsol.com\\\/de\\\/blog-de-de\\\/eine-super-woche-mit-unserer-gruppe-aus-italien\\\/\"},\"author\":{\"name\":\"- Instituto Mediterr\u00e1neo Sol\",\"@id\":\"https:\\\/\\\/www.inmsol.com\\\/de\\\/#\\\/schema\\\/person\\\/94a7a01d14a56d1fbc49c841ffc57fe9\"},\"headline\":\"Eine super Woche mit unserer Gruppe aus Italien\",\"datePublished\":\"2017-07-10T12:03:57+00:00\",\"dateModified\":\"2017-07-10T12:09:33+00:00\",\"mainEntityOfPage\":{\"@id\":\"https:\\\/\\\/www.inmsol.com\\\/de\\\/blog-de-de\\\/eine-super-woche-mit-unserer-gruppe-aus-italien\\\/\"},\"wordCount\":481,\"publisher\":{\"@id\":\"https:\\\/\\\/www.inmsol.com\\\/de\\\/#organization\"},\"image\":{\"@id\":\"https:\\\/\\\/www.inmsol.com\\\/de\\\/blog-de-de\\\/eine-super-woche-mit-unserer-gruppe-aus-italien\\\/#primaryimage\"},\"thumbnailUrl\":\"https:\\\/\\\/www.inmsol.com\\\/wp-content\\\/uploads\\\/2017\\\/07\\\/20170705_190435-2-1.jpg\",\"inLanguage\":\"de\"},{\"@type\":\"WebPage\",\"@id\":\"https:\\\/\\\/www.inmsol.com\\\/de\\\/blog-de-de\\\/eine-super-woche-mit-unserer-gruppe-aus-italien\\\/\",\"url\":\"https:\\\/\\\/www.inmsol.com\\\/de\\\/blog-de-de\\\/eine-super-woche-mit-unserer-gruppe-aus-italien\\\/\",\"name\":\"Eine super Woche mit unserer Gruppe aus Italien | Blog iNMSOL\",\"isPartOf\":{\"@id\":\"https:\\\/\\\/www.inmsol.com\\\/de\\\/#website\"},\"primaryImageOfPage\":{\"@id\":\"https:\\\/\\\/www.inmsol.com\\\/de\\\/blog-de-de\\\/eine-super-woche-mit-unserer-gruppe-aus-italien\\\/#primaryimage\"},\"image\":{\"@id\":\"https:\\\/\\\/www.inmsol.com\\\/de\\\/blog-de-de\\\/eine-super-woche-mit-unserer-gruppe-aus-italien\\\/#primaryimage\"},\"thumbnailUrl\":\"https:\\\/\\\/www.inmsol.com\\\/wp-content\\\/uploads\\\/2017\\\/07\\\/20170705_190435-2-1.jpg\",\"datePublished\":\"2017-07-10T12:03:57+00:00\",\"dateModified\":\"2017-07-10T12:09:33+00:00\",\"description\":\"Letzte Woche haben wir eine Gruppe italienischer Sch\u00fcler aus der Toskana in unserer Spanisch Schule in Granada wilkommengehei\u00dfen.\",\"breadcrumb\":{\"@id\":\"https:\\\/\\\/www.inmsol.com\\\/de\\\/blog-de-de\\\/eine-super-woche-mit-unserer-gruppe-aus-italien\\\/#breadcrumb\"},\"inLanguage\":\"de\",\"potentialAction\":[{\"@type\":\"ReadAction\",\"target\":[\"https:\\\/\\\/www.inmsol.com\\\/de\\\/blog-de-de\\\/eine-super-woche-mit-unserer-gruppe-aus-italien\\\/\"]}]},{\"@type\":\"ImageObject\",\"inLanguage\":\"de\",\"@id\":\"https:\\\/\\\/www.inmsol.com\\\/de\\\/blog-de-de\\\/eine-super-woche-mit-unserer-gruppe-aus-italien\\\/#primaryimage\",\"url\":\"https:\\\/\\\/www.inmsol.com\\\/wp-content\\\/uploads\\\/2017\\\/07\\\/20170705_190435-2-1.jpg\",\"contentUrl\":\"https:\\\/\\\/www.inmsol.com\\\/wp-content\\\/uploads\\\/2017\\\/07\\\/20170705_190435-2-1.jpg\",\"width\":1500,\"height\":1198},{\"@type\":\"BreadcrumbList\",\"@id\":\"https:\\\/\\\/www.inmsol.com\\\/de\\\/blog-de-de\\\/eine-super-woche-mit-unserer-gruppe-aus-italien\\\/#breadcrumb\",\"itemListElement\":[{\"@type\":\"ListItem\",\"position\":1,\"name\":\"Accredited Center by Instituto Cervantes\",\"item\":\"https:\\\/\\\/www.inmsol.com\\\/de\\\/pagina-ejemplo\\\/\"},{\"@type\":\"ListItem\",\"position\":2,\"name\":\"Eine super Woche mit unserer Gruppe aus Italien\"}]},{\"@type\":\"WebSite\",\"@id\":\"https:\\\/\\\/www.inmsol.com\\\/de\\\/#website\",\"url\":\"https:\\\/\\\/www.inmsol.com\\\/de\\\/\",\"name\":\"iNMSOL\",\"description\":\"Lerne Spanisch mit uns - Cervantes akkreditiertes Lernzentrum\",\"publisher\":{\"@id\":\"https:\\\/\\\/www.inmsol.com\\\/de\\\/#organization\"},\"potentialAction\":[{\"@type\":\"SearchAction\",\"target\":{\"@type\":\"EntryPoint\",\"urlTemplate\":\"https:\\\/\\\/www.inmsol.com\\\/de\\\/?s={search_term_string}\"},\"query-input\":{\"@type\":\"PropertyValueSpecification\",\"valueRequired\":true,\"valueName\":\"search_term_string\"}}],\"inLanguage\":\"de\"},{\"@type\":\"Organization\",\"@id\":\"https:\\\/\\\/www.inmsol.com\\\/de\\\/#organization\",\"name\":\"Instituto Mediterr\u00e1neo Sol\",\"url\":\"https:\\\/\\\/www.inmsol.com\\\/de\\\/\",\"logo\":{\"@type\":\"ImageObject\",\"inLanguage\":\"de\",\"@id\":\"https:\\\/\\\/www.inmsol.com\\\/de\\\/#\\\/schema\\\/logo\\\/image\\\/\",\"url\":\"https:\\\/\\\/www.inmsol.com\\\/wp-content\\\/uploads\\\/2023\\\/06\\\/logo-inmsol-1.png\",\"contentUrl\":\"https:\\\/\\\/www.inmsol.com\\\/wp-content\\\/uploads\\\/2023\\\/06\\\/logo-inmsol-1.png\",\"width\":136,\"height\":73,\"caption\":\"Instituto Mediterr\u00e1neo Sol\"},\"image\":{\"@id\":\"https:\\\/\\\/www.inmsol.com\\\/de\\\/#\\\/schema\\\/logo\\\/image\\\/\"},\"sameAs\":[\"https:\\\/\\\/www.facebook.com\\\/spanishcourses\",\"https:\\\/\\\/x.com\\\/StudyInGranada\",\"http:\\\/\\\/instagram.com\\\/imsolgranada\",\"https:\\\/\\\/es.linkedin.com\\\/company\\\/imsol-granada\",\"https:\\\/\\\/www.pinterest.es\\\/inmsol\\\/\",\"https:\\\/\\\/www.youtube.com\\\/channel\\\/UChz-Qn_7coFMosY85iYMO4g\"]},{\"@type\":\"Person\",\"@id\":\"https:\\\/\\\/www.inmsol.com\\\/de\\\/#\\\/schema\\\/person\\\/94a7a01d14a56d1fbc49c841ffc57fe9\",\"name\":\"- Instituto Mediterr\u00e1neo Sol\",\"image\":{\"@type\":\"ImageObject\",\"inLanguage\":\"de\",\"@id\":\"https:\\\/\\\/secure.gravatar.com\\\/avatar\\\/5607fdabdf1b548b6095cc3d43079829bc1497403e70dd34004e7204a8fef62b?s=96&d=mm&r=g\",\"url\":\"https:\\\/\\\/secure.gravatar.com\\\/avatar\\\/5607fdabdf1b548b6095cc3d43079829bc1497403e70dd34004e7204a8fef62b?s=96&d=mm&r=g\",\"contentUrl\":\"https:\\\/\\\/secure.gravatar.com\\\/avatar\\\/5607fdabdf1b548b6095cc3d43079829bc1497403e70dd34004e7204a8fef62b?s=96&d=mm&r=g\",\"caption\":\"- Instituto Mediterr\u00e1neo Sol\"},\"url\":\"https:\\\/\\\/www.inmsol.com\\\/de\\\/author\\\/laura\\\/\"}]}<\/script>\n<!-- \/ Yoast SEO plugin. -->","yoast_head_json":{"title":"Eine super Woche mit unserer Gruppe aus Italien | Blog iNMSOL","description":"Letzte Woche haben wir eine Gruppe italienischer Sch\u00fcler aus der Toskana in unserer Spanisch Schule in Granada wilkommengehei\u00dfen.","robots":{"index":"index","follow":"follow","max-snippet":"max-snippet:-1","max-image-preview":"max-image-preview:large","max-video-preview":"max-video-preview:-1"},"canonical":"https:\/\/www.inmsol.com\/de\/blog-de-de\/eine-super-woche-mit-unserer-gruppe-aus-italien\/","og_locale":"de_DE","og_type":"article","og_title":"Eine super Woche mit unserer Gruppe aus Italien | Blog iNMSOL","og_description":"Letzte Woche haben wir eine Gruppe italienischer Sch\u00fcler aus der Toskana in unserer Spanisch Schule in Granada wilkommengehei\u00dfen.","og_url":"https:\/\/www.inmsol.com\/de\/blog-de-de\/eine-super-woche-mit-unserer-gruppe-aus-italien\/","og_site_name":"iNMSOL","article_publisher":"https:\/\/www.facebook.com\/spanishcourses","article_published_time":"2017-07-10T12:03:57+00:00","article_modified_time":"2017-07-10T12:09:33+00:00","og_image":[{"width":1500,"height":1198,"url":"https:\/\/www.inmsol.com\/wp-content\/uploads\/2017\/07\/20170705_190435-2-1.jpg","type":"image\/jpeg"}],"author":"- Instituto Mediterr\u00e1neo Sol","twitter_misc":{"Verfasst von":"- Instituto Mediterr\u00e1neo Sol","Gesch\u00e4tzte Lesezeit":"2\u00a0Minuten"},"schema":{"@context":"https:\/\/schema.org","@graph":[{"@type":"Article","@id":"https:\/\/www.inmsol.com\/de\/blog-de-de\/eine-super-woche-mit-unserer-gruppe-aus-italien\/#article","isPartOf":{"@id":"https:\/\/www.inmsol.com\/de\/blog-de-de\/eine-super-woche-mit-unserer-gruppe-aus-italien\/"},"author":{"name":"- Instituto Mediterr\u00e1neo Sol","@id":"https:\/\/www.inmsol.com\/de\/#\/schema\/person\/94a7a01d14a56d1fbc49c841ffc57fe9"},"headline":"Eine super Woche mit unserer Gruppe aus Italien","datePublished":"2017-07-10T12:03:57+00:00","dateModified":"2017-07-10T12:09:33+00:00","mainEntityOfPage":{"@id":"https:\/\/www.inmsol.com\/de\/blog-de-de\/eine-super-woche-mit-unserer-gruppe-aus-italien\/"},"wordCount":481,"publisher":{"@id":"https:\/\/www.inmsol.com\/de\/#organization"},"image":{"@id":"https:\/\/www.inmsol.com\/de\/blog-de-de\/eine-super-woche-mit-unserer-gruppe-aus-italien\/#primaryimage"},"thumbnailUrl":"https:\/\/www.inmsol.com\/wp-content\/uploads\/2017\/07\/20170705_190435-2-1.jpg","inLanguage":"de"},{"@type":"WebPage","@id":"https:\/\/www.inmsol.com\/de\/blog-de-de\/eine-super-woche-mit-unserer-gruppe-aus-italien\/","url":"https:\/\/www.inmsol.com\/de\/blog-de-de\/eine-super-woche-mit-unserer-gruppe-aus-italien\/","name":"Eine super Woche mit unserer Gruppe aus Italien | Blog iNMSOL","isPartOf":{"@id":"https:\/\/www.inmsol.com\/de\/#website"},"primaryImageOfPage":{"@id":"https:\/\/www.inmsol.com\/de\/blog-de-de\/eine-super-woche-mit-unserer-gruppe-aus-italien\/#primaryimage"},"image":{"@id":"https:\/\/www.inmsol.com\/de\/blog-de-de\/eine-super-woche-mit-unserer-gruppe-aus-italien\/#primaryimage"},"thumbnailUrl":"https:\/\/www.inmsol.com\/wp-content\/uploads\/2017\/07\/20170705_190435-2-1.jpg","datePublished":"2017-07-10T12:03:57+00:00","dateModified":"2017-07-10T12:09:33+00:00","description":"Letzte Woche haben wir eine Gruppe italienischer Sch\u00fcler aus der Toskana in unserer Spanisch Schule in Granada wilkommengehei\u00dfen.","breadcrumb":{"@id":"https:\/\/www.inmsol.com\/de\/blog-de-de\/eine-super-woche-mit-unserer-gruppe-aus-italien\/#breadcrumb"},"inLanguage":"de","potentialAction":[{"@type":"ReadAction","target":["https:\/\/www.inmsol.com\/de\/blog-de-de\/eine-super-woche-mit-unserer-gruppe-aus-italien\/"]}]},{"@type":"ImageObject","inLanguage":"de","@id":"https:\/\/www.inmsol.com\/de\/blog-de-de\/eine-super-woche-mit-unserer-gruppe-aus-italien\/#primaryimage","url":"https:\/\/www.inmsol.com\/wp-content\/uploads\/2017\/07\/20170705_190435-2-1.jpg","contentUrl":"https:\/\/www.inmsol.com\/wp-content\/uploads\/2017\/07\/20170705_190435-2-1.jpg","width":1500,"height":1198},{"@type":"BreadcrumbList","@id":"https:\/\/www.inmsol.com\/de\/blog-de-de\/eine-super-woche-mit-unserer-gruppe-aus-italien\/#breadcrumb","itemListElement":[{"@type":"ListItem","position":1,"name":"Accredited Center by Instituto Cervantes","item":"https:\/\/www.inmsol.com\/de\/pagina-ejemplo\/"},{"@type":"ListItem","position":2,"name":"Eine super Woche mit unserer Gruppe aus Italien"}]},{"@type":"WebSite","@id":"https:\/\/www.inmsol.com\/de\/#website","url":"https:\/\/www.inmsol.com\/de\/","name":"iNMSOL","description":"Lerne Spanisch mit uns - Cervantes akkreditiertes Lernzentrum","publisher":{"@id":"https:\/\/www.inmsol.com\/de\/#organization"},"potentialAction":[{"@type":"SearchAction","target":{"@type":"EntryPoint","urlTemplate":"https:\/\/www.inmsol.com\/de\/?s={search_term_string}"},"query-input":{"@type":"PropertyValueSpecification","valueRequired":true,"valueName":"search_term_string"}}],"inLanguage":"de"},{"@type":"Organization","@id":"https:\/\/www.inmsol.com\/de\/#organization","name":"Instituto Mediterr\u00e1neo Sol","url":"https:\/\/www.inmsol.com\/de\/","logo":{"@type":"ImageObject","inLanguage":"de","@id":"https:\/\/www.inmsol.com\/de\/#\/schema\/logo\/image\/","url":"https:\/\/www.inmsol.com\/wp-content\/uploads\/2023\/06\/logo-inmsol-1.png","contentUrl":"https:\/\/www.inmsol.com\/wp-content\/uploads\/2023\/06\/logo-inmsol-1.png","width":136,"height":73,"caption":"Instituto Mediterr\u00e1neo Sol"},"image":{"@id":"https:\/\/www.inmsol.com\/de\/#\/schema\/logo\/image\/"},"sameAs":["https:\/\/www.facebook.com\/spanishcourses","https:\/\/x.com\/StudyInGranada","http:\/\/instagram.com\/imsolgranada","https:\/\/es.linkedin.com\/company\/imsol-granada","https:\/\/www.pinterest.es\/inmsol\/","https:\/\/www.youtube.com\/channel\/UChz-Qn_7coFMosY85iYMO4g"]},{"@type":"Person","@id":"https:\/\/www.inmsol.com\/de\/#\/schema\/person\/94a7a01d14a56d1fbc49c841ffc57fe9","name":"- Instituto Mediterr\u00e1neo Sol","image":{"@type":"ImageObject","inLanguage":"de","@id":"https:\/\/secure.gravatar.com\/avatar\/5607fdabdf1b548b6095cc3d43079829bc1497403e70dd34004e7204a8fef62b?s=96&d=mm&r=g","url":"https:\/\/secure.gravatar.com\/avatar\/5607fdabdf1b548b6095cc3d43079829bc1497403e70dd34004e7204a8fef62b?s=96&d=mm&r=g","contentUrl":"https:\/\/secure.gravatar.com\/avatar\/5607fdabdf1b548b6095cc3d43079829bc1497403e70dd34004e7204a8fef62b?s=96&d=mm&r=g","caption":"- Instituto Mediterr\u00e1neo Sol"},"url":"https:\/\/www.inmsol.com\/de\/author\/laura\/"}]}},"_links":{"self":[{"href":"https:\/\/www.inmsol.com\/de\/wp-json\/wp\/v2\/posts\/32558","targetHints":{"allow":["GET"]}}],"collection":[{"href":"https:\/\/www.inmsol.com\/de\/wp-json\/wp\/v2\/posts"}],"about":[{"href":"https:\/\/www.inmsol.com\/de\/wp-json\/wp\/v2\/types\/post"}],"author":[{"embeddable":true,"href":"https:\/\/www.inmsol.com\/de\/wp-json\/wp\/v2\/users\/3"}],"replies":[{"embeddable":true,"href":"https:\/\/www.inmsol.com\/de\/wp-json\/wp\/v2\/comments?post=32558"}],"version-history":[{"count":0,"href":"https:\/\/www.inmsol.com\/de\/wp-json\/wp\/v2\/posts\/32558\/revisions"}],"wp:featuredmedia":[{"embeddable":true,"href":"https:\/\/www.inmsol.com\/de\/wp-json\/wp\/v2\/media\/32554"}],"wp:attachment":[{"href":"https:\/\/www.inmsol.com\/de\/wp-json\/wp\/v2\/media?parent=32558"}],"wp:term":[{"taxonomy":"category","embeddable":true,"href":"https:\/\/www.inmsol.com\/de\/wp-json\/wp\/v2\/categories?post=32558"},{"taxonomy":"post_tag","embeddable":true,"href":"https:\/\/www.inmsol.com\/de\/wp-json\/wp\/v2\/tags?post=32558"}],"curies":[{"name":"wp","href":"https:\/\/api.w.org\/{rel}","templated":true}]}}