{"id":32670,"date":"2017-08-03T14:38:45","date_gmt":"2017-08-03T12:38:45","guid":{"rendered":"https:\/\/www.inmsol.com\/blog-de-de\/wir-verabschieden-uns-von-unserer-gruppe-aus-italien\/"},"modified":"2017-08-03T14:48:54","modified_gmt":"2017-08-03T12:48:54","slug":"wir-verabschieden-uns-von-unserer-gruppe-aus-italien","status":"publish","type":"post","link":"https:\/\/www.inmsol.com\/de\/blog-de-de\/wir-verabschieden-uns-von-unserer-gruppe-aus-italien\/","title":{"rendered":"Wir verabschieden uns von unserer Gruppe aus Italien"},"content":{"rendered":"<h3><strong>Wir haben gerade zwei tolle Wochen mit unserer Gruppe italienischer Sch\u00fcler verbracht, die nach <a href=\"https:\/\/www.inmsol.com\/de\/die-stadt-granada\/\">Granada <\/a>kamen, um in die spanische Sprache und Kultur einzutauchen und unsere geliebte Stadt kennenzulernen.<\/strong><\/h3>\n<p>&nbsp;<\/p>\n<div style=\"width: 457px\" class=\"wp-caption alignleft\"><img fetchpriority=\"high\" decoding=\"async\" src=\"https:\/\/www.inmsol.com\/wp-content\/uploads\/2017\/08\/dsc_0374-447x300.jpg\" alt=\"\" width=\"447\" height=\"300\" \/><p class=\"wp-caption-text\">Im Unterricht<\/p><\/div>\n<p>Die beiden vergangenen Wochen hatten wir die Freude, eine Gruppe von 12 Sch\u00fclern und ihre beiden Lehrerinnen aus Italien in unserer <a href=\"https:\/\/www.inmsol.com\/de\/sprachschule-fur-spanisch-granada\/\">Spanischschule iNMSOL<\/a> in Granada wilkommen zu hei\u00dfen.<\/p>\n<p>Morgens hatten die Sch\u00fcler <strong>Spanischunterricht<\/strong> und arbeiteten, aufgeteilt je nach <a href=\"https:\/\/www.inmsol.com\/de\/niveaustufen\/\">Niveau<\/a>, an ihren lexikalischen, grammatikalischen und kommunikativen Kennstnissen. Nachmittags gab es ein <a href=\"https:\/\/www.inmsol.com\/de\/aktivitaeten-und-ausfluege\/\">Aktivit\u00e4tenprogramm<\/a>, das wir gemeinsam mit ihren Begleitlehrerinnen entworfen haben.<\/p>\n<p>&nbsp;<\/p>\n<p>&nbsp;<\/p>\n<p>Ihr Aufenthalt in Granada begann mit einer <strong>gef\u00fchrten Stadtbesichtigung durch das\u00a0 Zentrum und das Realejo<\/strong>, altes j\u00fcdisches Viertel in dem unsere Schule liegt. Wir zeigten unserern Sch\u00fclern die wichtigsten Orte wie beispielsweise die <strong><em>Kathedrale<\/em><\/strong>, <strong><em>Plaza de la Trinidad, Puerta Real <\/em><\/strong>oder <strong><em>Campo del Pr\u00edncipe<\/em><\/strong>.<\/p>\n<p>&nbsp;<\/p>\n<p>Am darauffolgenden Tag gab\u2019s eine gef\u00fchrte Tour durch das <strong><em>Cuarto Real de Santo Domingo<\/em><\/strong>, ein alter arabischer Palast, in den sich die muslimischen K\u00f6nige fr\u00fcher w\u00e4hrend des Ramadan zur\u00fcckzogen.<\/p>\n<div style=\"width: 470px\" class=\"wp-caption alignright\"><img decoding=\"async\" src=\"https:\/\/www.inmsol.com\/wp-content\/uploads\/2017\/08\/albaicin-460x287.jpg\" alt=\"\" width=\"460\" height=\"287\" \/><p class=\"wp-caption-text\">Das Albaic\u00edn<\/p><\/div>\n<p>W\u00e4hrend unseres <strong>Besuchs des Albaic\u00edns <\/strong>am Mittwoch hatten unsere Sch\u00fcler die Gelegenheit, den <strong>speziellen Charme Granadas<\/strong> kennenzulernen, durch die engen G\u00e4sschen zwischen den wei\u00dfen H\u00e4usern des malerischen arabischen Viertels hindurchzulaufen und die <strong>spektakul\u00e4re Aussicht\u00a0<\/strong>auf die Alhambra und die Stadt die sich an mehreren Orten dort auftut zu genie\u00dfen.<\/p>\n<p>Am n\u00e4chsten Tag ging\u2019s dann auf <strong>\u201eGraffiti Tour\u201c<\/strong>: in Begeleitung einer unserer Lehrerinnen gingen die Sch\u00fcler auf Entdeckungstour im Realejo und suchten nach den Grafitti des in Granada wohlbekannten K\u00fcnstlers \u201e<em>Ni\u00f1o de las Pinturas<\/em>\u201c.<\/p>\n<p>&nbsp;<\/p>\n<p>&nbsp;<\/p>\n<p>Am Freitag konnten unsere Sch\u00fcler die Welt der Wissenschaft auf Spanisch entdecken. Unser <strong>Ausflug zum Wissenschaftspark Granadas<\/strong> hat uns allen gut gefallen und die Sterne und Paleten im Planetarium zu betrachten ist sicherlich eine Erinnerung, die wir nicht so schnell vergesen werden.<\/p>\n<div style=\"width: 470px\" class=\"wp-caption aligncenter\"><img decoding=\"async\" src=\"https:\/\/www.inmsol.com\/wp-content\/uploads\/2017\/08\/alhambra_de_granada_parque_ciencias_3_visitar_granada-460x145.jpg\" alt=\"\" width=\"460\" height=\"145\" \/><p class=\"wp-caption-text\">Der Wissenschaftspark<\/p><\/div>\n<p>&nbsp;<\/p>\n<p>Am Samstag stand etwas Besonderes auf dem Programm: ein <strong>Ausflug nach Sevilla<\/strong>. Unsere italienischen Sch\u00fcler besuchten die andalusische Hauptstadt und ihre wichtigsten Sehensw\u00fcrdigkeiten wie den <strong>Real Alc\u00e1zar, die Giraldadie ber\u00fchmte Plaza de Espa\u00f1a und den Park Mar\u00eda Luisa.<\/strong><\/p>\n<div style=\"width: 454px\" class=\"wp-caption alignleft\"><img loading=\"lazy\" decoding=\"async\" src=\"https:\/\/www.inmsol.com\/wp-content\/uploads\/2017\/08\/turismo-halal-460x226.jpg\" alt=\"\" width=\"444\" height=\"219\" \/><p class=\"wp-caption-text\">Plaza de Espa\u00f1a und Real Alc\u00e1zar<\/p><\/div>\n<p><img loading=\"lazy\" decoding=\"async\" class=\"aligncenter\" src=\"https:\/\/www.inmsol.com\/wp-content\/uploads\/2017\/08\/alcazar-sevilla-450x300.jpg\" width=\"335\" height=\"223\" \/><\/p>\n<p>&nbsp;<\/p>\n<p>&nbsp;<\/p>\n<p>Die zweite Woche begann mit einer gef\u00fchrten Tour zum <strong>Sacromonte<\/strong>, dem Berg der sich hinter dem Albaic\u00edn erhebt und der f\u00fcr seine H\u00f6hlen-H\u00e4user der Zigeuner bekannt ist.<\/p>\n<p>Am Dienstag machten wir einen kleinen Spaziergung in Richtung <em>Avenida de la Constituci\u00f3n<\/em>, wo man mehrere <strong>Statuen ber\u00fchmter Pers\u00f6nlichkeiten<\/strong> Granadas antreffen kann. So lernten unsere Sch\u00fcler etwas \u00fcber einige wichtige granadische Pers\u00f6nlichkeiten, wie zum Beispiel den Dichter Federico Garc\u00eda Lorca.<\/p>\n<p>&nbsp;<\/p>\n<p>Am n\u00e4chsten Tag besuchten wir dann<strong> die ber\u00fchmte Alhambra<\/strong>, die <strong>UNESCO Weltkulturerbe<\/strong> ist.<\/p>\n<div style=\"width: 460px\" class=\"wp-caption alignleft\"><img loading=\"lazy\" decoding=\"async\" src=\"https:\/\/www.inmsol.com\/wp-content\/uploads\/2017\/03\/Alhambra-de-Granada.-450x300.jpg\" alt=\"\" width=\"450\" height=\"300\" \/><p class=\"wp-caption-text\">Die ber\u00fchmte Alhambra<\/p><\/div>\n<p>Wenn man in Granada ist, ist es ein Muss diese arabische Festung, die hoch \u00fcber der Stadt thront, zu besuchen. Mit ihren reich verzierten Pal\u00e4sten und schattigen G\u00e4rten und ihrem herrlichen Ausblick ist sie zweifellos ein Ort voller Geschichte und, man kann es nich leugnen, auch mit einer einzigartiger Magie.<\/p>\n<p>Die \u00fcbrigen Tage hatten die Sch\u00fcler die Nachmittage zur freien Verf\u00fcgung und konnten auf eigene Faust die Stadt erkunden und das <strong>einzigartige Ambiente Granadas<\/strong> genie\u00dfen, einer kleinen und doch internationalen Stadt, einer modernen Stadt voller Geschichte, einer multikulturellen und doch tief andalusischen Stadt, einer Stadt mit Bergen und Meer, einer <strong>kontrastreichen Stadt mit einem einzigartigen Charme<\/strong> den es in sonst keinem Ort auf der Welt gibt.<\/p>\n<p>&nbsp;<\/p>\n<p>&nbsp;<\/p>\n<p><strong>Wir hatten eine tolle Zeit mit unseren italienischen Sch\u00fclern und hoffen, dass sie bald wieder zu uns kommen!<\/strong><\/p>\n<p><strong>Wenn ihr nun auch mit einer <a href=\"https:\/\/www.inmsol.com\/de\/spanischkurs-spanien\/gruppenkurse\/\">Gruppe <\/a>(vielleicht eure Schulklasse? ;)) nach Spanien reisen wollt um erfolgreich Spanisch zu lernen, und das in einer wundersch\u00f6nen, einzigartigen Umgebung, dann ist iNMSOL in Granada der perfekte Ort f\u00fcr euch! <\/strong><\/p>\n<p><strong>Wir freuen uns schon auf euch! \ud83d\ude09<\/strong><\/p>\n","protected":false},"excerpt":{"rendered":"<p>Wir haben gerade zwei tolle Wochen mit unserer Gruppe italienischer Sch\u00fcler verbracht, die nach Granada kamen, um in die spanische Sprache und Kultur einzutauchen und unsere geliebte Stadt kennenzulernen. &nbsp; Die beiden vergangenen Wochen hatten wir die Freude, eine Gruppe von 12 Sch\u00fclern und ihre&#8230;<\/p>\n","protected":false},"author":3,"featured_media":32654,"comment_status":"closed","ping_status":"closed","sticky":false,"template":"","format":"standard","meta":{"_acf_changed":false,"footnotes":""},"categories":[5],"tags":[],"class_list":["post-32670","post","type-post","status-publish","format-standard","has-post-thumbnail","hentry","category-blog-de-de"],"acf":[],"yoast_head":"<!-- This site is optimized with the Yoast SEO plugin v27.5 - https:\/\/yoast.com\/product\/yoast-seo-wordpress\/ -->\n<title>Wir verabschieden uns von unserer Gruppe aus Italien | Blog iNMSOL<\/title>\n<meta name=\"description\" content=\"Die letzten 2 Wochen hatten wir die Freude, eine Gruppe von 12 Sch\u00fclern aus Italien in unserer Spanischschule iNMSOL in Granada wilkommen zu hei\u00dfen.\" \/>\n<meta name=\"robots\" content=\"index, follow, max-snippet:-1, max-image-preview:large, max-video-preview:-1\" \/>\n<link rel=\"canonical\" href=\"https:\/\/www.inmsol.com\/de\/blog-de-de\/wir-verabschieden-uns-von-unserer-gruppe-aus-italien\/\" \/>\n<meta property=\"og:locale\" content=\"de_DE\" \/>\n<meta property=\"og:type\" content=\"article\" \/>\n<meta property=\"og:title\" content=\"Wir verabschieden uns von unserer Gruppe aus Italien | Blog iNMSOL\" \/>\n<meta property=\"og:description\" content=\"Die letzten 2 Wochen hatten wir die Freude, eine Gruppe von 12 Sch\u00fclern aus Italien in unserer Spanischschule iNMSOL in Granada wilkommen zu hei\u00dfen.\" \/>\n<meta property=\"og:url\" content=\"https:\/\/www.inmsol.com\/de\/blog-de-de\/wir-verabschieden-uns-von-unserer-gruppe-aus-italien\/\" \/>\n<meta property=\"og:site_name\" content=\"iNMSOL\" \/>\n<meta property=\"article:publisher\" content=\"https:\/\/www.facebook.com\/spanishcourses\" \/>\n<meta property=\"article:published_time\" content=\"2017-08-03T12:38:45+00:00\" \/>\n<meta property=\"article:modified_time\" content=\"2017-08-03T12:48:54+00:00\" \/>\n<meta property=\"og:image\" content=\"https:\/\/www.inmsol.com\/wp-content\/uploads\/2017\/08\/dsc_0375.jpg\" \/>\n\t<meta property=\"og:image:width\" content=\"1500\" \/>\n\t<meta property=\"og:image:height\" content=\"1007\" \/>\n\t<meta property=\"og:image:type\" content=\"image\/jpeg\" \/>\n<meta name=\"author\" content=\"- Instituto Mediterr\u00e1neo Sol\" \/>\n<meta name=\"twitter:label1\" content=\"Verfasst von\" \/>\n\t<meta name=\"twitter:data1\" content=\"- Instituto Mediterr\u00e1neo Sol\" \/>\n\t<meta name=\"twitter:label2\" content=\"Gesch\u00e4tzte Lesezeit\" \/>\n\t<meta name=\"twitter:data2\" content=\"3\u00a0Minuten\" \/>\n<script type=\"application\/ld+json\" class=\"yoast-schema-graph\">{\"@context\":\"https:\\\/\\\/schema.org\",\"@graph\":[{\"@type\":\"Article\",\"@id\":\"https:\\\/\\\/www.inmsol.com\\\/de\\\/blog-de-de\\\/wir-verabschieden-uns-von-unserer-gruppe-aus-italien\\\/#article\",\"isPartOf\":{\"@id\":\"https:\\\/\\\/www.inmsol.com\\\/de\\\/blog-de-de\\\/wir-verabschieden-uns-von-unserer-gruppe-aus-italien\\\/\"},\"author\":{\"name\":\"- Instituto Mediterr\u00e1neo Sol\",\"@id\":\"https:\\\/\\\/www.inmsol.com\\\/de\\\/#\\\/schema\\\/person\\\/94a7a01d14a56d1fbc49c841ffc57fe9\"},\"headline\":\"Wir verabschieden uns von unserer Gruppe aus Italien\",\"datePublished\":\"2017-08-03T12:38:45+00:00\",\"dateModified\":\"2017-08-03T12:48:54+00:00\",\"mainEntityOfPage\":{\"@id\":\"https:\\\/\\\/www.inmsol.com\\\/de\\\/blog-de-de\\\/wir-verabschieden-uns-von-unserer-gruppe-aus-italien\\\/\"},\"wordCount\":704,\"publisher\":{\"@id\":\"https:\\\/\\\/www.inmsol.com\\\/de\\\/#organization\"},\"image\":{\"@id\":\"https:\\\/\\\/www.inmsol.com\\\/de\\\/blog-de-de\\\/wir-verabschieden-uns-von-unserer-gruppe-aus-italien\\\/#primaryimage\"},\"thumbnailUrl\":\"https:\\\/\\\/www.inmsol.com\\\/wp-content\\\/uploads\\\/2017\\\/08\\\/dsc_0375.jpg\",\"articleSection\":[\"Blog\"],\"inLanguage\":\"de\"},{\"@type\":\"WebPage\",\"@id\":\"https:\\\/\\\/www.inmsol.com\\\/de\\\/blog-de-de\\\/wir-verabschieden-uns-von-unserer-gruppe-aus-italien\\\/\",\"url\":\"https:\\\/\\\/www.inmsol.com\\\/de\\\/blog-de-de\\\/wir-verabschieden-uns-von-unserer-gruppe-aus-italien\\\/\",\"name\":\"Wir verabschieden uns von unserer Gruppe aus Italien | Blog iNMSOL\",\"isPartOf\":{\"@id\":\"https:\\\/\\\/www.inmsol.com\\\/de\\\/#website\"},\"primaryImageOfPage\":{\"@id\":\"https:\\\/\\\/www.inmsol.com\\\/de\\\/blog-de-de\\\/wir-verabschieden-uns-von-unserer-gruppe-aus-italien\\\/#primaryimage\"},\"image\":{\"@id\":\"https:\\\/\\\/www.inmsol.com\\\/de\\\/blog-de-de\\\/wir-verabschieden-uns-von-unserer-gruppe-aus-italien\\\/#primaryimage\"},\"thumbnailUrl\":\"https:\\\/\\\/www.inmsol.com\\\/wp-content\\\/uploads\\\/2017\\\/08\\\/dsc_0375.jpg\",\"datePublished\":\"2017-08-03T12:38:45+00:00\",\"dateModified\":\"2017-08-03T12:48:54+00:00\",\"description\":\"Die letzten 2 Wochen hatten wir die Freude, eine Gruppe von 12 Sch\u00fclern aus Italien in unserer Spanischschule iNMSOL in Granada wilkommen zu hei\u00dfen.\",\"breadcrumb\":{\"@id\":\"https:\\\/\\\/www.inmsol.com\\\/de\\\/blog-de-de\\\/wir-verabschieden-uns-von-unserer-gruppe-aus-italien\\\/#breadcrumb\"},\"inLanguage\":\"de\",\"potentialAction\":[{\"@type\":\"ReadAction\",\"target\":[\"https:\\\/\\\/www.inmsol.com\\\/de\\\/blog-de-de\\\/wir-verabschieden-uns-von-unserer-gruppe-aus-italien\\\/\"]}]},{\"@type\":\"ImageObject\",\"inLanguage\":\"de\",\"@id\":\"https:\\\/\\\/www.inmsol.com\\\/de\\\/blog-de-de\\\/wir-verabschieden-uns-von-unserer-gruppe-aus-italien\\\/#primaryimage\",\"url\":\"https:\\\/\\\/www.inmsol.com\\\/wp-content\\\/uploads\\\/2017\\\/08\\\/dsc_0375.jpg\",\"contentUrl\":\"https:\\\/\\\/www.inmsol.com\\\/wp-content\\\/uploads\\\/2017\\\/08\\\/dsc_0375.jpg\",\"width\":1500,\"height\":1007},{\"@type\":\"BreadcrumbList\",\"@id\":\"https:\\\/\\\/www.inmsol.com\\\/de\\\/blog-de-de\\\/wir-verabschieden-uns-von-unserer-gruppe-aus-italien\\\/#breadcrumb\",\"itemListElement\":[{\"@type\":\"ListItem\",\"position\":1,\"name\":\"Accredited Center by Instituto Cervantes\",\"item\":\"https:\\\/\\\/www.inmsol.com\\\/de\\\/pagina-ejemplo\\\/\"},{\"@type\":\"ListItem\",\"position\":2,\"name\":\"Blog\",\"item\":\"https:\\\/\\\/www.inmsol.com\\\/de\\\/category\\\/blog-de-de\\\/\"},{\"@type\":\"ListItem\",\"position\":3,\"name\":\"Wir verabschieden uns von unserer Gruppe aus Italien\"}]},{\"@type\":\"WebSite\",\"@id\":\"https:\\\/\\\/www.inmsol.com\\\/de\\\/#website\",\"url\":\"https:\\\/\\\/www.inmsol.com\\\/de\\\/\",\"name\":\"iNMSOL\",\"description\":\"Lerne Spanisch mit uns - Cervantes akkreditiertes Lernzentrum\",\"publisher\":{\"@id\":\"https:\\\/\\\/www.inmsol.com\\\/de\\\/#organization\"},\"potentialAction\":[{\"@type\":\"SearchAction\",\"target\":{\"@type\":\"EntryPoint\",\"urlTemplate\":\"https:\\\/\\\/www.inmsol.com\\\/de\\\/?s={search_term_string}\"},\"query-input\":{\"@type\":\"PropertyValueSpecification\",\"valueRequired\":true,\"valueName\":\"search_term_string\"}}],\"inLanguage\":\"de\"},{\"@type\":\"Organization\",\"@id\":\"https:\\\/\\\/www.inmsol.com\\\/de\\\/#organization\",\"name\":\"Instituto Mediterr\u00e1neo Sol\",\"url\":\"https:\\\/\\\/www.inmsol.com\\\/de\\\/\",\"logo\":{\"@type\":\"ImageObject\",\"inLanguage\":\"de\",\"@id\":\"https:\\\/\\\/www.inmsol.com\\\/de\\\/#\\\/schema\\\/logo\\\/image\\\/\",\"url\":\"https:\\\/\\\/www.inmsol.com\\\/wp-content\\\/uploads\\\/2023\\\/06\\\/logo-inmsol-1.png\",\"contentUrl\":\"https:\\\/\\\/www.inmsol.com\\\/wp-content\\\/uploads\\\/2023\\\/06\\\/logo-inmsol-1.png\",\"width\":136,\"height\":73,\"caption\":\"Instituto Mediterr\u00e1neo Sol\"},\"image\":{\"@id\":\"https:\\\/\\\/www.inmsol.com\\\/de\\\/#\\\/schema\\\/logo\\\/image\\\/\"},\"sameAs\":[\"https:\\\/\\\/www.facebook.com\\\/spanishcourses\",\"https:\\\/\\\/x.com\\\/StudyInGranada\",\"http:\\\/\\\/instagram.com\\\/imsolgranada\",\"https:\\\/\\\/es.linkedin.com\\\/company\\\/imsol-granada\",\"https:\\\/\\\/www.pinterest.es\\\/inmsol\\\/\",\"https:\\\/\\\/www.youtube.com\\\/channel\\\/UChz-Qn_7coFMosY85iYMO4g\"]},{\"@type\":\"Person\",\"@id\":\"https:\\\/\\\/www.inmsol.com\\\/de\\\/#\\\/schema\\\/person\\\/94a7a01d14a56d1fbc49c841ffc57fe9\",\"name\":\"- Instituto Mediterr\u00e1neo Sol\",\"image\":{\"@type\":\"ImageObject\",\"inLanguage\":\"de\",\"@id\":\"https:\\\/\\\/secure.gravatar.com\\\/avatar\\\/5607fdabdf1b548b6095cc3d43079829bc1497403e70dd34004e7204a8fef62b?s=96&d=mm&r=g\",\"url\":\"https:\\\/\\\/secure.gravatar.com\\\/avatar\\\/5607fdabdf1b548b6095cc3d43079829bc1497403e70dd34004e7204a8fef62b?s=96&d=mm&r=g\",\"contentUrl\":\"https:\\\/\\\/secure.gravatar.com\\\/avatar\\\/5607fdabdf1b548b6095cc3d43079829bc1497403e70dd34004e7204a8fef62b?s=96&d=mm&r=g\",\"caption\":\"- Instituto Mediterr\u00e1neo Sol\"},\"url\":\"https:\\\/\\\/www.inmsol.com\\\/de\\\/author\\\/laura\\\/\"}]}<\/script>\n<!-- \/ Yoast SEO plugin. -->","yoast_head_json":{"title":"Wir verabschieden uns von unserer Gruppe aus Italien | Blog iNMSOL","description":"Die letzten 2 Wochen hatten wir die Freude, eine Gruppe von 12 Sch\u00fclern aus Italien in unserer Spanischschule iNMSOL in Granada wilkommen zu hei\u00dfen.","robots":{"index":"index","follow":"follow","max-snippet":"max-snippet:-1","max-image-preview":"max-image-preview:large","max-video-preview":"max-video-preview:-1"},"canonical":"https:\/\/www.inmsol.com\/de\/blog-de-de\/wir-verabschieden-uns-von-unserer-gruppe-aus-italien\/","og_locale":"de_DE","og_type":"article","og_title":"Wir verabschieden uns von unserer Gruppe aus Italien | Blog iNMSOL","og_description":"Die letzten 2 Wochen hatten wir die Freude, eine Gruppe von 12 Sch\u00fclern aus Italien in unserer Spanischschule iNMSOL in Granada wilkommen zu hei\u00dfen.","og_url":"https:\/\/www.inmsol.com\/de\/blog-de-de\/wir-verabschieden-uns-von-unserer-gruppe-aus-italien\/","og_site_name":"iNMSOL","article_publisher":"https:\/\/www.facebook.com\/spanishcourses","article_published_time":"2017-08-03T12:38:45+00:00","article_modified_time":"2017-08-03T12:48:54+00:00","og_image":[{"width":1500,"height":1007,"url":"https:\/\/www.inmsol.com\/wp-content\/uploads\/2017\/08\/dsc_0375.jpg","type":"image\/jpeg"}],"author":"- Instituto Mediterr\u00e1neo Sol","twitter_misc":{"Verfasst von":"- Instituto Mediterr\u00e1neo Sol","Gesch\u00e4tzte Lesezeit":"3\u00a0Minuten"},"schema":{"@context":"https:\/\/schema.org","@graph":[{"@type":"Article","@id":"https:\/\/www.inmsol.com\/de\/blog-de-de\/wir-verabschieden-uns-von-unserer-gruppe-aus-italien\/#article","isPartOf":{"@id":"https:\/\/www.inmsol.com\/de\/blog-de-de\/wir-verabschieden-uns-von-unserer-gruppe-aus-italien\/"},"author":{"name":"- Instituto Mediterr\u00e1neo Sol","@id":"https:\/\/www.inmsol.com\/de\/#\/schema\/person\/94a7a01d14a56d1fbc49c841ffc57fe9"},"headline":"Wir verabschieden uns von unserer Gruppe aus Italien","datePublished":"2017-08-03T12:38:45+00:00","dateModified":"2017-08-03T12:48:54+00:00","mainEntityOfPage":{"@id":"https:\/\/www.inmsol.com\/de\/blog-de-de\/wir-verabschieden-uns-von-unserer-gruppe-aus-italien\/"},"wordCount":704,"publisher":{"@id":"https:\/\/www.inmsol.com\/de\/#organization"},"image":{"@id":"https:\/\/www.inmsol.com\/de\/blog-de-de\/wir-verabschieden-uns-von-unserer-gruppe-aus-italien\/#primaryimage"},"thumbnailUrl":"https:\/\/www.inmsol.com\/wp-content\/uploads\/2017\/08\/dsc_0375.jpg","articleSection":["Blog"],"inLanguage":"de"},{"@type":"WebPage","@id":"https:\/\/www.inmsol.com\/de\/blog-de-de\/wir-verabschieden-uns-von-unserer-gruppe-aus-italien\/","url":"https:\/\/www.inmsol.com\/de\/blog-de-de\/wir-verabschieden-uns-von-unserer-gruppe-aus-italien\/","name":"Wir verabschieden uns von unserer Gruppe aus Italien | Blog iNMSOL","isPartOf":{"@id":"https:\/\/www.inmsol.com\/de\/#website"},"primaryImageOfPage":{"@id":"https:\/\/www.inmsol.com\/de\/blog-de-de\/wir-verabschieden-uns-von-unserer-gruppe-aus-italien\/#primaryimage"},"image":{"@id":"https:\/\/www.inmsol.com\/de\/blog-de-de\/wir-verabschieden-uns-von-unserer-gruppe-aus-italien\/#primaryimage"},"thumbnailUrl":"https:\/\/www.inmsol.com\/wp-content\/uploads\/2017\/08\/dsc_0375.jpg","datePublished":"2017-08-03T12:38:45+00:00","dateModified":"2017-08-03T12:48:54+00:00","description":"Die letzten 2 Wochen hatten wir die Freude, eine Gruppe von 12 Sch\u00fclern aus Italien in unserer Spanischschule iNMSOL in Granada wilkommen zu hei\u00dfen.","breadcrumb":{"@id":"https:\/\/www.inmsol.com\/de\/blog-de-de\/wir-verabschieden-uns-von-unserer-gruppe-aus-italien\/#breadcrumb"},"inLanguage":"de","potentialAction":[{"@type":"ReadAction","target":["https:\/\/www.inmsol.com\/de\/blog-de-de\/wir-verabschieden-uns-von-unserer-gruppe-aus-italien\/"]}]},{"@type":"ImageObject","inLanguage":"de","@id":"https:\/\/www.inmsol.com\/de\/blog-de-de\/wir-verabschieden-uns-von-unserer-gruppe-aus-italien\/#primaryimage","url":"https:\/\/www.inmsol.com\/wp-content\/uploads\/2017\/08\/dsc_0375.jpg","contentUrl":"https:\/\/www.inmsol.com\/wp-content\/uploads\/2017\/08\/dsc_0375.jpg","width":1500,"height":1007},{"@type":"BreadcrumbList","@id":"https:\/\/www.inmsol.com\/de\/blog-de-de\/wir-verabschieden-uns-von-unserer-gruppe-aus-italien\/#breadcrumb","itemListElement":[{"@type":"ListItem","position":1,"name":"Accredited Center by Instituto Cervantes","item":"https:\/\/www.inmsol.com\/de\/pagina-ejemplo\/"},{"@type":"ListItem","position":2,"name":"Blog","item":"https:\/\/www.inmsol.com\/de\/category\/blog-de-de\/"},{"@type":"ListItem","position":3,"name":"Wir verabschieden uns von unserer Gruppe aus Italien"}]},{"@type":"WebSite","@id":"https:\/\/www.inmsol.com\/de\/#website","url":"https:\/\/www.inmsol.com\/de\/","name":"iNMSOL","description":"Lerne Spanisch mit uns - Cervantes akkreditiertes Lernzentrum","publisher":{"@id":"https:\/\/www.inmsol.com\/de\/#organization"},"potentialAction":[{"@type":"SearchAction","target":{"@type":"EntryPoint","urlTemplate":"https:\/\/www.inmsol.com\/de\/?s={search_term_string}"},"query-input":{"@type":"PropertyValueSpecification","valueRequired":true,"valueName":"search_term_string"}}],"inLanguage":"de"},{"@type":"Organization","@id":"https:\/\/www.inmsol.com\/de\/#organization","name":"Instituto Mediterr\u00e1neo Sol","url":"https:\/\/www.inmsol.com\/de\/","logo":{"@type":"ImageObject","inLanguage":"de","@id":"https:\/\/www.inmsol.com\/de\/#\/schema\/logo\/image\/","url":"https:\/\/www.inmsol.com\/wp-content\/uploads\/2023\/06\/logo-inmsol-1.png","contentUrl":"https:\/\/www.inmsol.com\/wp-content\/uploads\/2023\/06\/logo-inmsol-1.png","width":136,"height":73,"caption":"Instituto Mediterr\u00e1neo Sol"},"image":{"@id":"https:\/\/www.inmsol.com\/de\/#\/schema\/logo\/image\/"},"sameAs":["https:\/\/www.facebook.com\/spanishcourses","https:\/\/x.com\/StudyInGranada","http:\/\/instagram.com\/imsolgranada","https:\/\/es.linkedin.com\/company\/imsol-granada","https:\/\/www.pinterest.es\/inmsol\/","https:\/\/www.youtube.com\/channel\/UChz-Qn_7coFMosY85iYMO4g"]},{"@type":"Person","@id":"https:\/\/www.inmsol.com\/de\/#\/schema\/person\/94a7a01d14a56d1fbc49c841ffc57fe9","name":"- Instituto Mediterr\u00e1neo Sol","image":{"@type":"ImageObject","inLanguage":"de","@id":"https:\/\/secure.gravatar.com\/avatar\/5607fdabdf1b548b6095cc3d43079829bc1497403e70dd34004e7204a8fef62b?s=96&d=mm&r=g","url":"https:\/\/secure.gravatar.com\/avatar\/5607fdabdf1b548b6095cc3d43079829bc1497403e70dd34004e7204a8fef62b?s=96&d=mm&r=g","contentUrl":"https:\/\/secure.gravatar.com\/avatar\/5607fdabdf1b548b6095cc3d43079829bc1497403e70dd34004e7204a8fef62b?s=96&d=mm&r=g","caption":"- Instituto Mediterr\u00e1neo Sol"},"url":"https:\/\/www.inmsol.com\/de\/author\/laura\/"}]}},"_links":{"self":[{"href":"https:\/\/www.inmsol.com\/de\/wp-json\/wp\/v2\/posts\/32670","targetHints":{"allow":["GET"]}}],"collection":[{"href":"https:\/\/www.inmsol.com\/de\/wp-json\/wp\/v2\/posts"}],"about":[{"href":"https:\/\/www.inmsol.com\/de\/wp-json\/wp\/v2\/types\/post"}],"author":[{"embeddable":true,"href":"https:\/\/www.inmsol.com\/de\/wp-json\/wp\/v2\/users\/3"}],"replies":[{"embeddable":true,"href":"https:\/\/www.inmsol.com\/de\/wp-json\/wp\/v2\/comments?post=32670"}],"version-history":[{"count":0,"href":"https:\/\/www.inmsol.com\/de\/wp-json\/wp\/v2\/posts\/32670\/revisions"}],"wp:featuredmedia":[{"embeddable":true,"href":"https:\/\/www.inmsol.com\/de\/wp-json\/wp\/v2\/media\/32654"}],"wp:attachment":[{"href":"https:\/\/www.inmsol.com\/de\/wp-json\/wp\/v2\/media?parent=32670"}],"wp:term":[{"taxonomy":"category","embeddable":true,"href":"https:\/\/www.inmsol.com\/de\/wp-json\/wp\/v2\/categories?post=32670"},{"taxonomy":"post_tag","embeddable":true,"href":"https:\/\/www.inmsol.com\/de\/wp-json\/wp\/v2\/tags?post=32670"}],"curies":[{"name":"wp","href":"https:\/\/api.w.org\/{rel}","templated":true}]}}