{"id":45470,"date":"2019-08-13T13:19:12","date_gmt":"2019-08-13T11:19:12","guid":{"rendered":"https:\/\/www.inmsol.com\/blog-de-de\/dienstag-den-13-ein-tag-des-peches\/"},"modified":"2019-08-13T13:20:38","modified_gmt":"2019-08-13T11:20:38","slug":"dienstag-den-13-ein-tag-des-peches","status":"publish","type":"post","link":"https:\/\/www.inmsol.com\/de\/blog-de-de\/spanische-lateinamerikanische-literatur-geschichte-de-de-de\/dienstag-den-13-ein-tag-des-peches\/","title":{"rendered":"Dienstag, den 13: ein Tag des Peches?"},"content":{"rendered":"<p><em>En martes, ni te cases, ni te embarques, ni de tu casa te apartes<\/em>. (Am Dienstag nicht heiraten, einschiffen oder das Haus verlassen).<\/p>\n<p>Dieses alte spanische Sprichwort spiegelt teilweise einen typischen Aberglauben von Spanien und den hispanischen L\u00e4ndern (Kuba, Uruguay, Paraguay, Argentinien, Chile, Peru, Venezuela, Mexiko, Kolumbien, Ecuador) wider, das hei\u00dft Dienstag, den 13. als ein Tag des Peches , Abzeichen und Ungl\u00fcck.<\/p>\n<p>In angels\u00e4chsischen Kulturen ist der Tag auf Freitag, den 13. verschoben worden, w\u00e4hrend in Italien der Tag des schlechten Omens Freitag, den 17. ist.<\/p>\n<p>Die Assoziation mit dem Ungl\u00fcck am Dienstag beruht auf der Tatsache, dass der Mars der r\u00f6mische Kriegsgott war, und deshalb wird der gleichnamige Planet als Land der Zerst\u00f6rung, des Blutes und der Gewalt angesehen.<\/p>\n<p>In Bezug auf die Zahl 13 gibt es verschiedene Gr\u00fcnde, warum es sich um Pech handelt. Tats\u00e4chlich ist es eine Zahl, die in Legenden und tragischen Ereignissen vorkommt.<\/p>\n<p>Zum Beispiel waren die Anwesenden beim letzten Abendmahl dreizehn (zw\u00f6lf Apostel plus Jesus). Es gab auch dreizehn b\u00f6se Geister gem\u00e4\u00df der j\u00fcdischen Kabbala und es war im dreizehnten Kapitel der Offenbarung, wo der Antichrist ankam. Auch im Tarot tr\u00e4gt die mit dem Tod verbundene Karte die Nummer 13. Eine Legende besagt, dass es am Dienstag, dem 13., im Turm zu Babel zu Sprachverwirrungen kam.<\/p>\n<p>Der Moment, an dem der 13. Dienstag zum Tag des Peches wurde, war wahrscheinlich der Untergang des R\u00f6mischen Reiches in Konstantinopel im Mai 1453, ein verh\u00e4ngnisvolles Ereignis f\u00fcr Christen, das erst am 13. Dienstag stattfand.<\/p>\n<p>Trotz all der negativen Elemente, die mit diesem Datum zusammenh\u00e4ngen, w\u00e4re dies f\u00fcr einige ein Tag des Gl\u00fccks, und an diesem Tag setzen sie beim Gl\u00fccksspiel auf diese Zahl.<\/p>\n<p>\u00dcbrigens traten an diesem Tag auch positive Ereignisse auf.<\/p>\n<p><a href=\"https:\/\/www.inmsol.com\/wp-content\/uploads\/2019\/08\/Martes-13-II.png\"><img fetchpriority=\"high\" decoding=\"async\" class=\"aligncenter wp-image-45455 size-full\" title=\"Dienstag, 13\" src=\"https:\/\/www.inmsol.com\/wp-content\/uploads\/2019\/08\/Martes-13-II.png\" alt=\"Dienstag, 13\" width=\"1000\" height=\"580\" srcset=\"https:\/\/www.inmsol.com\/wp-content\/uploads\/2019\/08\/Martes-13-II.png 1000w, https:\/\/www.inmsol.com\/wp-content\/uploads\/2019\/08\/Martes-13-II-800x464.png 800w, https:\/\/www.inmsol.com\/wp-content\/uploads\/2019\/08\/Martes-13-II-64x37.png 64w, https:\/\/www.inmsol.com\/wp-content\/uploads\/2019\/08\/Martes-13-II-460x267.png 460w, https:\/\/www.inmsol.com\/wp-content\/uploads\/2019\/08\/Martes-13-II-768x445.png 768w, https:\/\/www.inmsol.com\/wp-content\/uploads\/2019\/08\/Martes-13-II-250x145.png 250w, https:\/\/www.inmsol.com\/wp-content\/uploads\/2019\/08\/Martes-13-II-600x348.png 600w\" sizes=\"(max-width: 1000px) 100vw, 1000px\" \/><\/a><\/p>\n<p>Vor zwei Jahren beispielsweise beobachtete das Hubble-Teleskop blitzschnell die Wiedergeburt der Sterne und gew\u00e4hrte so einen tieferen Einblick in die Entwicklung der Zentralsterne der Planetennebel.<\/p>\n<p>Am Dienstag, den 13. 2016, war auch das Gelbfieber, das in Angola und der DR mehr als 200 Todesf\u00e4lle verursacht hatte, unter Kontrolle.<\/p>\n<p>Schlie\u00dflich traf der FARC-F\u00fchrer Rodrigo Londo\u00f1o Echeverri &#8222;Timochenko&#8220; an diesem Tag in Kolumbien ein und erzielte ein Friedensabkommen mit der Regierung, was einen historischen Frieden im Land bedeutete.<\/p>\n<p>Dann k\u00f6nnte uns heute wider Erwarten etwas Gro\u00dfes passieren. Gl\u00fcck ist immer unvorhersehbar und \u00fcberrascht uns in den unerwartetsten Momenten.<\/p>\n<p><a href=\"https:\/\/www.inmsol.com\/de\/\" target=\"_blank\" rel=\"noopener noreferrer\">iNMSOL<\/a> w\u00fcnscht Ihnen einen Tag mit guten Nachrichten und fantastischen Ereignissen!<\/p>\n","protected":false},"excerpt":{"rendered":"<p>En martes, ni te cases, ni te embarques, ni de tu casa te apartes. (Am Dienstag nicht heiraten, einschiffen oder das Haus verlassen). Dieses alte spanische Sprichwort spiegelt teilweise einen typischen Aberglauben von Spanien und den hispanischen L\u00e4ndern (Kuba, Uruguay, Paraguay, Argentinien, Chile, Peru, Venezuela,&#8230;<\/p>\n","protected":false},"author":3,"featured_media":45448,"comment_status":"closed","ping_status":"closed","sticky":false,"template":"","format":"standard","meta":{"_acf_changed":false,"footnotes":""},"categories":[130],"tags":[],"class_list":["post-45470","post","type-post","status-publish","format-standard","has-post-thumbnail","hentry","category-spanische-lateinamerikanische-literatur-geschichte-de-de-de"],"acf":[],"yoast_head":"<!-- This site is optimized with the Yoast SEO plugin v27.5 - https:\/\/yoast.com\/product\/yoast-seo-wordpress\/ -->\n<title>Dienstag, den 13: ein Tag des Peches? Dienstag, 13<\/title>\n<meta name=\"description\" content=\"Spanien und hispanischen L\u00e4ndern denken, dass Dienstag, den 13 ein Tag des Peches ist. Es ist wegen dem Untergang des R\u00f6mischen Reiches.\" \/>\n<meta name=\"robots\" content=\"index, follow, max-snippet:-1, max-image-preview:large, max-video-preview:-1\" \/>\n<link rel=\"canonical\" href=\"https:\/\/www.inmsol.com\/de\/blog-de-de\/spanische-lateinamerikanische-literatur-geschichte-de-de-de\/dienstag-den-13-ein-tag-des-peches\/\" \/>\n<meta property=\"og:locale\" content=\"de_DE\" \/>\n<meta property=\"og:type\" content=\"article\" \/>\n<meta property=\"og:title\" content=\"Dienstag, den 13: ein Tag des Peches? Dienstag, 13\" \/>\n<meta property=\"og:description\" content=\"Spanien und hispanischen L\u00e4ndern denken, dass Dienstag, den 13 ein Tag des Peches ist. Es ist wegen dem Untergang des R\u00f6mischen Reiches.\" \/>\n<meta property=\"og:url\" content=\"https:\/\/www.inmsol.com\/de\/blog-de-de\/spanische-lateinamerikanische-literatur-geschichte-de-de-de\/dienstag-den-13-ein-tag-des-peches\/\" \/>\n<meta property=\"og:site_name\" content=\"iNMSOL\" \/>\n<meta property=\"article:publisher\" content=\"https:\/\/www.facebook.com\/spanishcourses\" \/>\n<meta property=\"article:published_time\" content=\"2019-08-13T11:19:12+00:00\" \/>\n<meta property=\"article:modified_time\" content=\"2019-08-13T11:20:38+00:00\" \/>\n<meta property=\"og:image\" content=\"https:\/\/www.inmsol.com\/wp-content\/uploads\/2019\/08\/Martes-13.jpg\" \/>\n\t<meta property=\"og:image:width\" content=\"1000\" \/>\n\t<meta property=\"og:image:height\" content=\"559\" \/>\n\t<meta property=\"og:image:type\" content=\"image\/jpeg\" \/>\n<meta name=\"author\" content=\"- Instituto Mediterr\u00e1neo Sol\" \/>\n<meta name=\"twitter:label1\" content=\"Verfasst von\" \/>\n\t<meta name=\"twitter:data1\" content=\"- Instituto Mediterr\u00e1neo Sol\" \/>\n\t<meta name=\"twitter:label2\" content=\"Gesch\u00e4tzte Lesezeit\" \/>\n\t<meta name=\"twitter:data2\" content=\"2\u00a0Minuten\" \/>\n<script type=\"application\/ld+json\" class=\"yoast-schema-graph\">{\"@context\":\"https:\\\/\\\/schema.org\",\"@graph\":[{\"@type\":\"Article\",\"@id\":\"https:\\\/\\\/www.inmsol.com\\\/de\\\/blog-de-de\\\/spanische-lateinamerikanische-literatur-geschichte-de-de-de\\\/dienstag-den-13-ein-tag-des-peches\\\/#article\",\"isPartOf\":{\"@id\":\"https:\\\/\\\/www.inmsol.com\\\/de\\\/blog-de-de\\\/spanische-lateinamerikanische-literatur-geschichte-de-de-de\\\/dienstag-den-13-ein-tag-des-peches\\\/\"},\"author\":{\"name\":\"- Instituto Mediterr\u00e1neo Sol\",\"@id\":\"https:\\\/\\\/www.inmsol.com\\\/de\\\/#\\\/schema\\\/person\\\/94a7a01d14a56d1fbc49c841ffc57fe9\"},\"headline\":\"Dienstag, den 13: ein Tag des Peches?\",\"datePublished\":\"2019-08-13T11:19:12+00:00\",\"dateModified\":\"2019-08-13T11:20:38+00:00\",\"mainEntityOfPage\":{\"@id\":\"https:\\\/\\\/www.inmsol.com\\\/de\\\/blog-de-de\\\/spanische-lateinamerikanische-literatur-geschichte-de-de-de\\\/dienstag-den-13-ein-tag-des-peches\\\/\"},\"wordCount\":417,\"publisher\":{\"@id\":\"https:\\\/\\\/www.inmsol.com\\\/de\\\/#organization\"},\"image\":{\"@id\":\"https:\\\/\\\/www.inmsol.com\\\/de\\\/blog-de-de\\\/spanische-lateinamerikanische-literatur-geschichte-de-de-de\\\/dienstag-den-13-ein-tag-des-peches\\\/#primaryimage\"},\"thumbnailUrl\":\"https:\\\/\\\/www.inmsol.com\\\/wp-content\\\/uploads\\\/2019\\\/08\\\/Martes-13.jpg\",\"articleSection\":[\"Spanische und lateinamerikanische Literatur und Geschichte\"],\"inLanguage\":\"de\"},{\"@type\":\"WebPage\",\"@id\":\"https:\\\/\\\/www.inmsol.com\\\/de\\\/blog-de-de\\\/spanische-lateinamerikanische-literatur-geschichte-de-de-de\\\/dienstag-den-13-ein-tag-des-peches\\\/\",\"url\":\"https:\\\/\\\/www.inmsol.com\\\/de\\\/blog-de-de\\\/spanische-lateinamerikanische-literatur-geschichte-de-de-de\\\/dienstag-den-13-ein-tag-des-peches\\\/\",\"name\":\"Dienstag, den 13: ein Tag des Peches? Dienstag, 13\",\"isPartOf\":{\"@id\":\"https:\\\/\\\/www.inmsol.com\\\/de\\\/#website\"},\"primaryImageOfPage\":{\"@id\":\"https:\\\/\\\/www.inmsol.com\\\/de\\\/blog-de-de\\\/spanische-lateinamerikanische-literatur-geschichte-de-de-de\\\/dienstag-den-13-ein-tag-des-peches\\\/#primaryimage\"},\"image\":{\"@id\":\"https:\\\/\\\/www.inmsol.com\\\/de\\\/blog-de-de\\\/spanische-lateinamerikanische-literatur-geschichte-de-de-de\\\/dienstag-den-13-ein-tag-des-peches\\\/#primaryimage\"},\"thumbnailUrl\":\"https:\\\/\\\/www.inmsol.com\\\/wp-content\\\/uploads\\\/2019\\\/08\\\/Martes-13.jpg\",\"datePublished\":\"2019-08-13T11:19:12+00:00\",\"dateModified\":\"2019-08-13T11:20:38+00:00\",\"description\":\"Spanien und hispanischen L\u00e4ndern denken, dass Dienstag, den 13 ein Tag des Peches ist. Es ist wegen dem Untergang des R\u00f6mischen Reiches.\",\"breadcrumb\":{\"@id\":\"https:\\\/\\\/www.inmsol.com\\\/de\\\/blog-de-de\\\/spanische-lateinamerikanische-literatur-geschichte-de-de-de\\\/dienstag-den-13-ein-tag-des-peches\\\/#breadcrumb\"},\"inLanguage\":\"de\",\"potentialAction\":[{\"@type\":\"ReadAction\",\"target\":[\"https:\\\/\\\/www.inmsol.com\\\/de\\\/blog-de-de\\\/spanische-lateinamerikanische-literatur-geschichte-de-de-de\\\/dienstag-den-13-ein-tag-des-peches\\\/\"]}]},{\"@type\":\"ImageObject\",\"inLanguage\":\"de\",\"@id\":\"https:\\\/\\\/www.inmsol.com\\\/de\\\/blog-de-de\\\/spanische-lateinamerikanische-literatur-geschichte-de-de-de\\\/dienstag-den-13-ein-tag-des-peches\\\/#primaryimage\",\"url\":\"https:\\\/\\\/www.inmsol.com\\\/wp-content\\\/uploads\\\/2019\\\/08\\\/Martes-13.jpg\",\"contentUrl\":\"https:\\\/\\\/www.inmsol.com\\\/wp-content\\\/uploads\\\/2019\\\/08\\\/Martes-13.jpg\",\"width\":1000,\"height\":559},{\"@type\":\"BreadcrumbList\",\"@id\":\"https:\\\/\\\/www.inmsol.com\\\/de\\\/blog-de-de\\\/spanische-lateinamerikanische-literatur-geschichte-de-de-de\\\/dienstag-den-13-ein-tag-des-peches\\\/#breadcrumb\",\"itemListElement\":[{\"@type\":\"ListItem\",\"position\":1,\"name\":\"Accredited Center by Instituto Cervantes\",\"item\":\"https:\\\/\\\/www.inmsol.com\\\/de\\\/pagina-ejemplo\\\/\"},{\"@type\":\"ListItem\",\"position\":2,\"name\":\"Blog\",\"item\":\"https:\\\/\\\/www.inmsol.com\\\/de\\\/category\\\/blog-de-de\\\/\"},{\"@type\":\"ListItem\",\"position\":3,\"name\":\"Spanische und lateinamerikanische Literatur und Geschichte\",\"item\":\"https:\\\/\\\/www.inmsol.com\\\/de\\\/category\\\/blog-de-de\\\/spanische-lateinamerikanische-literatur-geschichte-de-de-de\\\/\"},{\"@type\":\"ListItem\",\"position\":4,\"name\":\"Dienstag, den 13: ein Tag des Peches?\"}]},{\"@type\":\"WebSite\",\"@id\":\"https:\\\/\\\/www.inmsol.com\\\/de\\\/#website\",\"url\":\"https:\\\/\\\/www.inmsol.com\\\/de\\\/\",\"name\":\"iNMSOL\",\"description\":\"Lerne Spanisch mit uns - Cervantes akkreditiertes Lernzentrum\",\"publisher\":{\"@id\":\"https:\\\/\\\/www.inmsol.com\\\/de\\\/#organization\"},\"potentialAction\":[{\"@type\":\"SearchAction\",\"target\":{\"@type\":\"EntryPoint\",\"urlTemplate\":\"https:\\\/\\\/www.inmsol.com\\\/de\\\/?s={search_term_string}\"},\"query-input\":{\"@type\":\"PropertyValueSpecification\",\"valueRequired\":true,\"valueName\":\"search_term_string\"}}],\"inLanguage\":\"de\"},{\"@type\":\"Organization\",\"@id\":\"https:\\\/\\\/www.inmsol.com\\\/de\\\/#organization\",\"name\":\"Instituto Mediterr\u00e1neo Sol\",\"url\":\"https:\\\/\\\/www.inmsol.com\\\/de\\\/\",\"logo\":{\"@type\":\"ImageObject\",\"inLanguage\":\"de\",\"@id\":\"https:\\\/\\\/www.inmsol.com\\\/de\\\/#\\\/schema\\\/logo\\\/image\\\/\",\"url\":\"https:\\\/\\\/www.inmsol.com\\\/wp-content\\\/uploads\\\/2023\\\/06\\\/logo-inmsol-1.png\",\"contentUrl\":\"https:\\\/\\\/www.inmsol.com\\\/wp-content\\\/uploads\\\/2023\\\/06\\\/logo-inmsol-1.png\",\"width\":136,\"height\":73,\"caption\":\"Instituto Mediterr\u00e1neo Sol\"},\"image\":{\"@id\":\"https:\\\/\\\/www.inmsol.com\\\/de\\\/#\\\/schema\\\/logo\\\/image\\\/\"},\"sameAs\":[\"https:\\\/\\\/www.facebook.com\\\/spanishcourses\",\"https:\\\/\\\/x.com\\\/StudyInGranada\",\"http:\\\/\\\/instagram.com\\\/imsolgranada\",\"https:\\\/\\\/es.linkedin.com\\\/company\\\/imsol-granada\",\"https:\\\/\\\/www.pinterest.es\\\/inmsol\\\/\",\"https:\\\/\\\/www.youtube.com\\\/channel\\\/UChz-Qn_7coFMosY85iYMO4g\"]},{\"@type\":\"Person\",\"@id\":\"https:\\\/\\\/www.inmsol.com\\\/de\\\/#\\\/schema\\\/person\\\/94a7a01d14a56d1fbc49c841ffc57fe9\",\"name\":\"- Instituto Mediterr\u00e1neo Sol\",\"image\":{\"@type\":\"ImageObject\",\"inLanguage\":\"de\",\"@id\":\"https:\\\/\\\/secure.gravatar.com\\\/avatar\\\/5607fdabdf1b548b6095cc3d43079829bc1497403e70dd34004e7204a8fef62b?s=96&d=mm&r=g\",\"url\":\"https:\\\/\\\/secure.gravatar.com\\\/avatar\\\/5607fdabdf1b548b6095cc3d43079829bc1497403e70dd34004e7204a8fef62b?s=96&d=mm&r=g\",\"contentUrl\":\"https:\\\/\\\/secure.gravatar.com\\\/avatar\\\/5607fdabdf1b548b6095cc3d43079829bc1497403e70dd34004e7204a8fef62b?s=96&d=mm&r=g\",\"caption\":\"- Instituto Mediterr\u00e1neo Sol\"},\"url\":\"https:\\\/\\\/www.inmsol.com\\\/de\\\/author\\\/laura\\\/\"}]}<\/script>\n<!-- \/ Yoast SEO plugin. -->","yoast_head_json":{"title":"Dienstag, den 13: ein Tag des Peches? Dienstag, 13","description":"Spanien und hispanischen L\u00e4ndern denken, dass Dienstag, den 13 ein Tag des Peches ist. Es ist wegen dem Untergang des R\u00f6mischen Reiches.","robots":{"index":"index","follow":"follow","max-snippet":"max-snippet:-1","max-image-preview":"max-image-preview:large","max-video-preview":"max-video-preview:-1"},"canonical":"https:\/\/www.inmsol.com\/de\/blog-de-de\/spanische-lateinamerikanische-literatur-geschichte-de-de-de\/dienstag-den-13-ein-tag-des-peches\/","og_locale":"de_DE","og_type":"article","og_title":"Dienstag, den 13: ein Tag des Peches? Dienstag, 13","og_description":"Spanien und hispanischen L\u00e4ndern denken, dass Dienstag, den 13 ein Tag des Peches ist. Es ist wegen dem Untergang des R\u00f6mischen Reiches.","og_url":"https:\/\/www.inmsol.com\/de\/blog-de-de\/spanische-lateinamerikanische-literatur-geschichte-de-de-de\/dienstag-den-13-ein-tag-des-peches\/","og_site_name":"iNMSOL","article_publisher":"https:\/\/www.facebook.com\/spanishcourses","article_published_time":"2019-08-13T11:19:12+00:00","article_modified_time":"2019-08-13T11:20:38+00:00","og_image":[{"width":1000,"height":559,"url":"https:\/\/www.inmsol.com\/wp-content\/uploads\/2019\/08\/Martes-13.jpg","type":"image\/jpeg"}],"author":"- Instituto Mediterr\u00e1neo Sol","twitter_misc":{"Verfasst von":"- Instituto Mediterr\u00e1neo Sol","Gesch\u00e4tzte Lesezeit":"2\u00a0Minuten"},"schema":{"@context":"https:\/\/schema.org","@graph":[{"@type":"Article","@id":"https:\/\/www.inmsol.com\/de\/blog-de-de\/spanische-lateinamerikanische-literatur-geschichte-de-de-de\/dienstag-den-13-ein-tag-des-peches\/#article","isPartOf":{"@id":"https:\/\/www.inmsol.com\/de\/blog-de-de\/spanische-lateinamerikanische-literatur-geschichte-de-de-de\/dienstag-den-13-ein-tag-des-peches\/"},"author":{"name":"- Instituto Mediterr\u00e1neo Sol","@id":"https:\/\/www.inmsol.com\/de\/#\/schema\/person\/94a7a01d14a56d1fbc49c841ffc57fe9"},"headline":"Dienstag, den 13: ein Tag des Peches?","datePublished":"2019-08-13T11:19:12+00:00","dateModified":"2019-08-13T11:20:38+00:00","mainEntityOfPage":{"@id":"https:\/\/www.inmsol.com\/de\/blog-de-de\/spanische-lateinamerikanische-literatur-geschichte-de-de-de\/dienstag-den-13-ein-tag-des-peches\/"},"wordCount":417,"publisher":{"@id":"https:\/\/www.inmsol.com\/de\/#organization"},"image":{"@id":"https:\/\/www.inmsol.com\/de\/blog-de-de\/spanische-lateinamerikanische-literatur-geschichte-de-de-de\/dienstag-den-13-ein-tag-des-peches\/#primaryimage"},"thumbnailUrl":"https:\/\/www.inmsol.com\/wp-content\/uploads\/2019\/08\/Martes-13.jpg","articleSection":["Spanische und lateinamerikanische Literatur und Geschichte"],"inLanguage":"de"},{"@type":"WebPage","@id":"https:\/\/www.inmsol.com\/de\/blog-de-de\/spanische-lateinamerikanische-literatur-geschichte-de-de-de\/dienstag-den-13-ein-tag-des-peches\/","url":"https:\/\/www.inmsol.com\/de\/blog-de-de\/spanische-lateinamerikanische-literatur-geschichte-de-de-de\/dienstag-den-13-ein-tag-des-peches\/","name":"Dienstag, den 13: ein Tag des Peches? Dienstag, 13","isPartOf":{"@id":"https:\/\/www.inmsol.com\/de\/#website"},"primaryImageOfPage":{"@id":"https:\/\/www.inmsol.com\/de\/blog-de-de\/spanische-lateinamerikanische-literatur-geschichte-de-de-de\/dienstag-den-13-ein-tag-des-peches\/#primaryimage"},"image":{"@id":"https:\/\/www.inmsol.com\/de\/blog-de-de\/spanische-lateinamerikanische-literatur-geschichte-de-de-de\/dienstag-den-13-ein-tag-des-peches\/#primaryimage"},"thumbnailUrl":"https:\/\/www.inmsol.com\/wp-content\/uploads\/2019\/08\/Martes-13.jpg","datePublished":"2019-08-13T11:19:12+00:00","dateModified":"2019-08-13T11:20:38+00:00","description":"Spanien und hispanischen L\u00e4ndern denken, dass Dienstag, den 13 ein Tag des Peches ist. Es ist wegen dem Untergang des R\u00f6mischen Reiches.","breadcrumb":{"@id":"https:\/\/www.inmsol.com\/de\/blog-de-de\/spanische-lateinamerikanische-literatur-geschichte-de-de-de\/dienstag-den-13-ein-tag-des-peches\/#breadcrumb"},"inLanguage":"de","potentialAction":[{"@type":"ReadAction","target":["https:\/\/www.inmsol.com\/de\/blog-de-de\/spanische-lateinamerikanische-literatur-geschichte-de-de-de\/dienstag-den-13-ein-tag-des-peches\/"]}]},{"@type":"ImageObject","inLanguage":"de","@id":"https:\/\/www.inmsol.com\/de\/blog-de-de\/spanische-lateinamerikanische-literatur-geschichte-de-de-de\/dienstag-den-13-ein-tag-des-peches\/#primaryimage","url":"https:\/\/www.inmsol.com\/wp-content\/uploads\/2019\/08\/Martes-13.jpg","contentUrl":"https:\/\/www.inmsol.com\/wp-content\/uploads\/2019\/08\/Martes-13.jpg","width":1000,"height":559},{"@type":"BreadcrumbList","@id":"https:\/\/www.inmsol.com\/de\/blog-de-de\/spanische-lateinamerikanische-literatur-geschichte-de-de-de\/dienstag-den-13-ein-tag-des-peches\/#breadcrumb","itemListElement":[{"@type":"ListItem","position":1,"name":"Accredited Center by Instituto Cervantes","item":"https:\/\/www.inmsol.com\/de\/pagina-ejemplo\/"},{"@type":"ListItem","position":2,"name":"Blog","item":"https:\/\/www.inmsol.com\/de\/category\/blog-de-de\/"},{"@type":"ListItem","position":3,"name":"Spanische und lateinamerikanische Literatur und Geschichte","item":"https:\/\/www.inmsol.com\/de\/category\/blog-de-de\/spanische-lateinamerikanische-literatur-geschichte-de-de-de\/"},{"@type":"ListItem","position":4,"name":"Dienstag, den 13: ein Tag des Peches?"}]},{"@type":"WebSite","@id":"https:\/\/www.inmsol.com\/de\/#website","url":"https:\/\/www.inmsol.com\/de\/","name":"iNMSOL","description":"Lerne Spanisch mit uns - Cervantes akkreditiertes Lernzentrum","publisher":{"@id":"https:\/\/www.inmsol.com\/de\/#organization"},"potentialAction":[{"@type":"SearchAction","target":{"@type":"EntryPoint","urlTemplate":"https:\/\/www.inmsol.com\/de\/?s={search_term_string}"},"query-input":{"@type":"PropertyValueSpecification","valueRequired":true,"valueName":"search_term_string"}}],"inLanguage":"de"},{"@type":"Organization","@id":"https:\/\/www.inmsol.com\/de\/#organization","name":"Instituto Mediterr\u00e1neo Sol","url":"https:\/\/www.inmsol.com\/de\/","logo":{"@type":"ImageObject","inLanguage":"de","@id":"https:\/\/www.inmsol.com\/de\/#\/schema\/logo\/image\/","url":"https:\/\/www.inmsol.com\/wp-content\/uploads\/2023\/06\/logo-inmsol-1.png","contentUrl":"https:\/\/www.inmsol.com\/wp-content\/uploads\/2023\/06\/logo-inmsol-1.png","width":136,"height":73,"caption":"Instituto Mediterr\u00e1neo Sol"},"image":{"@id":"https:\/\/www.inmsol.com\/de\/#\/schema\/logo\/image\/"},"sameAs":["https:\/\/www.facebook.com\/spanishcourses","https:\/\/x.com\/StudyInGranada","http:\/\/instagram.com\/imsolgranada","https:\/\/es.linkedin.com\/company\/imsol-granada","https:\/\/www.pinterest.es\/inmsol\/","https:\/\/www.youtube.com\/channel\/UChz-Qn_7coFMosY85iYMO4g"]},{"@type":"Person","@id":"https:\/\/www.inmsol.com\/de\/#\/schema\/person\/94a7a01d14a56d1fbc49c841ffc57fe9","name":"- Instituto Mediterr\u00e1neo Sol","image":{"@type":"ImageObject","inLanguage":"de","@id":"https:\/\/secure.gravatar.com\/avatar\/5607fdabdf1b548b6095cc3d43079829bc1497403e70dd34004e7204a8fef62b?s=96&d=mm&r=g","url":"https:\/\/secure.gravatar.com\/avatar\/5607fdabdf1b548b6095cc3d43079829bc1497403e70dd34004e7204a8fef62b?s=96&d=mm&r=g","contentUrl":"https:\/\/secure.gravatar.com\/avatar\/5607fdabdf1b548b6095cc3d43079829bc1497403e70dd34004e7204a8fef62b?s=96&d=mm&r=g","caption":"- Instituto Mediterr\u00e1neo Sol"},"url":"https:\/\/www.inmsol.com\/de\/author\/laura\/"}]}},"_links":{"self":[{"href":"https:\/\/www.inmsol.com\/de\/wp-json\/wp\/v2\/posts\/45470","targetHints":{"allow":["GET"]}}],"collection":[{"href":"https:\/\/www.inmsol.com\/de\/wp-json\/wp\/v2\/posts"}],"about":[{"href":"https:\/\/www.inmsol.com\/de\/wp-json\/wp\/v2\/types\/post"}],"author":[{"embeddable":true,"href":"https:\/\/www.inmsol.com\/de\/wp-json\/wp\/v2\/users\/3"}],"replies":[{"embeddable":true,"href":"https:\/\/www.inmsol.com\/de\/wp-json\/wp\/v2\/comments?post=45470"}],"version-history":[{"count":0,"href":"https:\/\/www.inmsol.com\/de\/wp-json\/wp\/v2\/posts\/45470\/revisions"}],"wp:featuredmedia":[{"embeddable":true,"href":"https:\/\/www.inmsol.com\/de\/wp-json\/wp\/v2\/media\/45448"}],"wp:attachment":[{"href":"https:\/\/www.inmsol.com\/de\/wp-json\/wp\/v2\/media?parent=45470"}],"wp:term":[{"taxonomy":"category","embeddable":true,"href":"https:\/\/www.inmsol.com\/de\/wp-json\/wp\/v2\/categories?post=45470"},{"taxonomy":"post_tag","embeddable":true,"href":"https:\/\/www.inmsol.com\/de\/wp-json\/wp\/v2\/tags?post=45470"}],"curies":[{"name":"wp","href":"https:\/\/api.w.org\/{rel}","templated":true}]}}