{"id":1002,"date":"2012-02-21T12:20:18","date_gmt":"2012-02-21T11:20:18","guid":{"rendered":"https:\/\/www.inmsol.com\/"},"modified":"2021-09-29T09:56:23","modified_gmt":"2021-09-29T07:56:23","slug":"programa-de-taller-de-arte-vimaambi-en-marzo-2012","status":"publish","type":"post","link":"https:\/\/www.inmsol.com\/es\/blog-escuela\/programa-de-taller-de-arte-vimaambi-en-marzo-2012\/","title":{"rendered":"Programa de Taller de Arte VIMAAMBI en Marzo 2012"},"content":{"rendered":"<p>Programa de TALLER DE ARTE VIMAAMBI<\/p>\n<p><u><strong>MARZO 2012<\/strong><\/u><\/p>\n<p><strong>\u201cCALIGRAMAS\u201d<\/strong><\/p>\n<p>EXPOSICI\u00d3N de caligramas de MAAM.<br \/>\nDe mi\u00e9rcoles a s\u00e1bado a partir de las 19h. Hasta el 31 de marzo.<\/p>\n<p>&nbsp;<\/p>\n<p>JUEVES 01<\/p>\n<p>\u201cMUSICA del MUNDO\u201d.<br \/>\n<strong>Jazz y flamenco<\/strong>.Un inusual recital a 2 voces, con el cante flamenco de\u00a0Lidia y el repertorio de jazz de Julia, acompa\u00f1adas las dos por la guitarra\u00a0de Antonio y las percusiones de Juan.<\/p>\n<p>A las 21:30h &#8211; Participaci\u00f3n: <strong>5 \u20ac\u00a0<\/strong><\/p>\n<p><strong>VIERNES 02<\/strong> y\u00a0<strong>S\u00c1BADO 03<\/strong><\/p>\n<p><b>ESPECT\u00c1CULO FLAMENCO: \u00abRA\u00cdZ y DUENDE\u00bb\u00a0<\/b><\/p>\n<div style=\"width: 267px\" class=\"wp-caption alignnone\"><img decoding=\"async\" src=\"https:\/\/www.inmsol.com\/wp-content\/files\/Ra%C3%ADz%20y%20Duende%20Espectacular.jpg\" width=\"257\" height=\"191\" \/><p class=\"wp-caption-text\">align=center<\/p><\/div>\n<p>Basado en el libro \u00abEl Jinete del Viento\u00bb de \u00c1ngela Argote (MAAM)<\/p>\n<p>El elenco actual esta compuesto por:<\/p>\n<ul>\n<li>AL CANTE:<\/li>\n<\/ul>\n<p>Marian Fernandez y Miguel \u00abEl Poblao\u00bb<\/p>\n<ul>\n<li>AL TOQUE:<\/li>\n<\/ul>\n<p>Pablo Gimenez, Juan Garc\u00eda \u00abEl Juani\u00bb y Armando Linares<\/p>\n<ul>\n<li>AL BAILE:<\/li>\n<\/ul>\n<p>Ana Leray, Marta Serrano, Beatriz Vega y Isa Pacheco \u00abSamar\u00ed\u00bb<\/p>\n<ul>\n<li>A LA PERCUSION:<\/li>\n<\/ul>\n<p>Juan Cordoba, Ruben de Omara y Jos\u00e9 Murc\u00ed<\/p>\n<ul>\n<li>AL PIANO:<\/li>\n<\/ul>\n<p>Manuel Biarnes<\/p>\n<ul>\n<li>VOZ POETICA:<\/li>\n<\/ul>\n<p>Angela Argote \u00abMAAM\u00bb<\/p>\n<ul>\n<li>PINTURA:<\/li>\n<\/ul>\n<p>Pedro Garciarias<\/p>\n<ul>\n<li>CINEMATOGRAF\u00cdA:<\/li>\n<\/ul>\n<p>Vincent Biarnes<\/p>\n<p>A las 21:00h y 22:30h &#8211; Participaci\u00f3n <strong>15 \u20ac<\/strong><\/p>\n<p>&nbsp;<\/p>\n<p>MI\u00c9RCOLES 07<\/p>\n<p>CINE:\u00a0<strong>Ciclo\u00a0<\/strong><strong>JEAN LUC GODARD\u00a0<\/strong><\/p>\n<div style=\"width: 258px\" class=\"wp-caption alignnone\"><img fetchpriority=\"high\" decoding=\"async\" src=\"https:\/\/www.inmsol.com\/wp-content\/files\/Godard_0.jpg\" width=\"248\" height=\"203\" \/><p class=\"wp-caption-text\">align=center<\/p><\/div>\n<p><strong><br \/>\n<\/strong>\u00abJLG\/JLG &#8211; autorretrato de diciembre\u00bb (1995-color-54&#8242;)<br \/>\nv.o. subtitulada.<\/p>\n<p>A las 21h. Participaci\u00f3n: <strong>3 \u20ac\u00a0<\/strong><\/p>\n<p><strong>JUEVES 08\u00a0<\/strong><\/p>\n<p><strong>\u00abJES\u00daS HERN\u00c1NDEZ TRIO\u00bb.<\/strong><\/p>\n<p>Flamenco JAZZ y lat\u00edn JAZZ con Jes\u00fas Hern\u00e1ndez al piano, Rafael Sibajas al\u00a0contrabajo y Juan C\u00f3rdoba a la percusi\u00f3n.<\/p>\n<p>A las 21:30h &#8211; Participaci\u00f3n: <strong>6 \u20ac<\/strong><\/p>\n<p>&nbsp;<\/p>\n<p>VIERNES 09 y S\u00c1BADO 10<\/p>\n<p><strong>ESPECT\u00c1CULO FLAMENCO: \u00abRA\u00cdZ y DUENDE\u00bb\u00a0<\/strong><\/p>\n<div style=\"width: 267px\" class=\"wp-caption alignnone\"><img decoding=\"async\" src=\"https:\/\/www.inmsol.com\/wp-content\/files\/Ra%C3%ADz%20y%20Duende%20Espectacular.jpg\" width=\"257\" height=\"191\" \/><p class=\"wp-caption-text\">align=center<\/p><\/div>\n<p>Basado en el libro \u00abEl Jinete del Viento\u00bb de \u00c1ngela Argote (MAAM)<br \/>\nEl elenco actual esta compuesto por:<\/p>\n<ul>\n<li>AL CANTE:<\/li>\n<\/ul>\n<p style=\"margin-top: 0.5em; margin-bottom: 0.9em;\">Marian Fernandez y Miguel \u00abEl Poblao\u00bb<\/p>\n<ul>\n<li>AL TOQUE:<\/li>\n<\/ul>\n<p style=\"margin-top: 0.5em; margin-bottom: 0.9em;\">Pablo Gimenez, Juan Garc\u00eda \u00abEl Juani\u00bb y Armando Linares<\/p>\n<ul>\n<li>AL BAILE:<\/li>\n<\/ul>\n<p style=\"margin-top: 0.5em; margin-bottom: 0.9em;\">Ana Leray, Marta Serrano, Beatriz Vega y Isa Pacheco \u00abSamar\u00ed\u00bb<\/p>\n<ul>\n<li>A LA PERCUSION:<\/li>\n<\/ul>\n<p style=\"margin-top: 0.5em; margin-bottom: 0.9em;\">Juan Cordoba, Ruben de Omara y Jos\u00e9 Murc\u00ed<\/p>\n<ul>\n<li>AL PIANO:<\/li>\n<\/ul>\n<p style=\"margin-top: 0.5em; margin-bottom: 0.9em;\">Manuel Biarnes<\/p>\n<ul>\n<li>VOZ POETICA:<\/li>\n<\/ul>\n<p style=\"margin-top: 0.5em; margin-bottom: 0.9em;\">Angela Argote \u00abMAAM\u00bb<\/p>\n<ul>\n<li>PINTURA:<\/li>\n<\/ul>\n<p style=\"margin-top: 0.5em; margin-bottom: 0.9em;\">Pedro Garciarias<\/p>\n<ul>\n<li>CINEMATOGRAF\u00cdA:<\/li>\n<\/ul>\n<p style=\"margin-top: 0.5em; margin-bottom: 0.9em;\">Vincent Biarnes<\/p>\n<p>A las 21:00h y 22:30h &#8211; Participaci\u00f3n\u00a0<strong>15 \u20ac<\/strong><\/p>\n<p>&nbsp;<\/p>\n<p>MI\u00c9RCOLES 14<\/p>\n<p>CINE: <strong>C<\/strong><strong>iclo<\/strong>\u00a0<strong>JEAN LUC GODARD\u00a0<\/strong><\/p>\n<div style=\"width: 258px\" class=\"wp-caption alignnone\"><img fetchpriority=\"high\" decoding=\"async\" src=\"https:\/\/www.inmsol.com\/wp-content\/files\/Godard_0.jpg\" width=\"248\" height=\"203\" \/><p class=\"wp-caption-text\">align=center<\/p><\/div>\n<p><strong><br \/>\n<\/strong>\u00abAl final de la escapada\u00bb o \u00abSin aliento\u00bb, \u00ab\u00c0 bout de souffle\u00bb (1960)<br \/>\nv.o. francesa subtitulada.<\/p>\n<p>A las 21h. Participaci\u00f3n:<strong> 3 \u20ac<\/strong><\/p>\n<p><strong>JUEVES 15<\/strong><\/p>\n<p><strong>MUSICA del MUNDO: <\/strong>\u00abEL BALC\u00d3N\u00bb<\/p>\n<div style=\"width: 286px\" class=\"wp-caption alignnone\"><img decoding=\"async\" src=\"https:\/\/www.inmsol.com\/wp-content\/files\/Duo%20el%20balcon.jpg\" width=\"276\" height=\"194\" \/><p class=\"wp-caption-text\">align=center<\/p><\/div>\n<p>Recital de TANGOS y canciones de Buenos Aires, con CARLA CECCHETTO (voz) y\u00a0MARIANO BOTTO (guitarra) de gira por Europa. www.duoelbalcon.com.ar.<\/p>\n<p>A las\u00a021:30h. Participaci\u00f3n: <strong>6 \u20ac\u00a0<\/strong><\/p>\n<p><b>VIERNES 16 y S\u00c1BADO 17<\/b><\/p>\n<p>&nbsp;<\/p>\n<p>ESPECT\u00c1CULO FLAMENCO: \u00abRA\u00cdZ y DUENDE\u00bb<\/p>\n<div style=\"width: 267px\" class=\"wp-caption alignnone\"><img decoding=\"async\" src=\"https:\/\/www.inmsol.com\/wp-content\/files\/Ra%C3%ADz%20y%20Duende%20Espectacular.jpg\" width=\"257\" height=\"191\" \/><p class=\"wp-caption-text\">align=center<\/p><\/div>\n<p><strong><br \/>\n<\/strong>Basado en el libro \u00abEl Jinete del Viento\u00bb de \u00c1ngela Argote (MAAM)<br \/>\nEl elenco actual esta compuesto por:<\/p>\n<ul>\n<li>AL CANTE:<\/li>\n<\/ul>\n<p style=\"margin-top: 0.5em; margin-bottom: 0.9em;\">Marian Fernandez y Miguel \u00abEl Poblao\u00bb<\/p>\n<ul>\n<li>AL TOQUE:<\/li>\n<\/ul>\n<p style=\"margin-top: 0.5em; margin-bottom: 0.9em;\">Pablo Gimenez, Juan Garc\u00eda \u00abEl Juani\u00bb y Armando Linares<\/p>\n<ul>\n<li>AL BAILE:<\/li>\n<\/ul>\n<p style=\"margin-top: 0.5em; margin-bottom: 0.9em;\">Ana Leray, Marta Serrano, Beatriz Vega y Isa Pacheco \u00abSamar\u00ed\u00bb<\/p>\n<ul>\n<li>A LA PERCUSION:<\/li>\n<\/ul>\n<p style=\"margin-top: 0.5em; margin-bottom: 0.9em;\">Juan Cordoba, Ruben de Omara y Jos\u00e9 Murc\u00ed<\/p>\n<ul>\n<li>AL PIANO:<\/li>\n<\/ul>\n<p style=\"margin-top: 0.5em; margin-bottom: 0.9em;\">Manuel Biarnes<\/p>\n<ul>\n<li>VOZ POETICA:<\/li>\n<\/ul>\n<p style=\"margin-top: 0.5em; margin-bottom: 0.9em;\">Angela Argote \u00abMAAM\u00bb<\/p>\n<ul>\n<li>PINTURA:<\/li>\n<\/ul>\n<p style=\"margin-top: 0.5em; margin-bottom: 0.9em;\">Pedro Garciarias<\/p>\n<ul>\n<li>CINEMATOGRAF\u00cdA:<\/li>\n<\/ul>\n<p style=\"margin-top: 0.5em; margin-bottom: 0.9em;\">Vincent Biarnes<\/p>\n<p>A las 21:00h y 22:30h &#8211; Participaci\u00f3n\u00a0<strong>15 \u20ac<\/strong><\/p>\n<p><strong>MI\u00c9RCOLES 21<\/strong><\/p>\n<p>CINE: <strong>Ciclo<\/strong>\u00a0<strong>JEAN LUC GODARD\u00a0<\/strong><\/p>\n<div style=\"width: 258px\" class=\"wp-caption alignnone\"><img fetchpriority=\"high\" decoding=\"async\" src=\"https:\/\/www.inmsol.com\/wp-content\/files\/Godard_0.jpg\" width=\"248\" height=\"203\" \/><p class=\"wp-caption-text\">align=center<\/p><\/div>\n<p><strong><br \/>\n<\/strong>\u00abVivir su vida\u00bb (Vivre sa vie: Film en douze tableaux) (1962)<br \/>\nv.o. francesa subtitulada.<\/p>\n<p>A las 21h. Participaci\u00f3n: <strong>3 \u20ac\u00a0<\/strong><\/p>\n<p><b>VIERNES 23 y S\u00c1BADO 24<\/b><\/p>\n<p><b>ESPECT\u00c1CULO FLAMENCO: \u00abRA\u00cdZ y DUENDE\u00bb<\/b><\/p>\n<div style=\"width: 267px\" class=\"wp-caption alignnone\"><img decoding=\"async\" src=\"https:\/\/www.inmsol.com\/wp-content\/files\/Ra%C3%ADz%20y%20Duende%20Espectacular.jpg\" width=\"257\" height=\"191\" \/><p class=\"wp-caption-text\">align=center<\/p><\/div>\n<p>Basado en el libro \u00abEl Jinete del Viento\u00bb de \u00c1ngela Argote (MAAM)<br \/>\nEl elenco actual esta compuesto por:<\/p>\n<ul>\n<li>AL CANTE:<\/li>\n<\/ul>\n<p style=\"margin-top: 0.5em; margin-bottom: 0.9em;\">Marian Fernandez y Miguel \u00abEl Poblao\u00bb<\/p>\n<ul>\n<li>AL TOQUE:<\/li>\n<\/ul>\n<p style=\"margin-top: 0.5em; margin-bottom: 0.9em;\">Pablo Gimenez, Juan Garc\u00eda \u00abEl Juani\u00bb y Armando Linares<\/p>\n<ul>\n<li>AL BAILE:<\/li>\n<\/ul>\n<p style=\"margin-top: 0.5em; margin-bottom: 0.9em;\">Ana Leray, Marta Serrano, Beatriz Vega y Isa Pacheco \u00abSamar\u00ed\u00bb<\/p>\n<ul>\n<li>A LA PERCUSION:<\/li>\n<\/ul>\n<p style=\"margin-top: 0.5em; margin-bottom: 0.9em;\">Juan Cordoba, Ruben de Omara y Jos\u00e9 Murc\u00ed<\/p>\n<ul>\n<li>AL PIANO:<\/li>\n<\/ul>\n<p style=\"margin-top: 0.5em; margin-bottom: 0.9em;\">Manuel Biarnes<\/p>\n<ul>\n<li>VOZ POETICA:<\/li>\n<\/ul>\n<p style=\"margin-top: 0.5em; margin-bottom: 0.9em;\">Angela Argote \u00abMAAM\u00bb<\/p>\n<ul>\n<li>PINTURA:<\/li>\n<\/ul>\n<p style=\"margin-top: 0.5em; margin-bottom: 0.9em;\">Pedro Garciarias<\/p>\n<ul>\n<li>CINEMATOGRAF\u00cdA:<\/li>\n<\/ul>\n<p style=\"margin-top: 0.5em; margin-bottom: 0.9em;\">Vincent Biarnes<\/p>\n<p>A las 21:00h y 22:30h &#8211; Participaci\u00f3n\u00a0<strong>15 \u20ac<\/strong><\/p>\n<p>&nbsp;<\/p>\n<p>MI\u00c9RCOLES 28<\/p>\n<p>CINE: Ciclo\u00a0<strong>JEAN LUC GODARD<\/strong><\/p>\n<div style=\"width: 258px\" class=\"wp-caption alignnone\"><img fetchpriority=\"high\" decoding=\"async\" src=\"https:\/\/www.inmsol.com\/wp-content\/files\/Godard_0.jpg\" width=\"248\" height=\"203\" \/><p class=\"wp-caption-text\">align=center<\/p><\/div>\n<p><strong><br \/>\n<\/strong>\u00abEl peque\u00f1o soldado\u00bb \u00abLe Petit soldat\u00bb (1963)<br \/>\nv.o. francesa subtitulada.<\/p>\n<p>A las 21h. Participaci\u00f3n: <strong>3 \u20ac\u00a0<\/strong><\/p>\n<p><strong>JUEVES 29\u00a0<\/strong><\/p>\n<p><strong>M\u00daSICA DEL MUNDO:<\/strong><\/p>\n align=center\n<p><strong><br \/>\n<\/strong>\u00abISA y CARLOS DINGO\u00bb<\/p>\n<p>Si los pioneros de la m\u00fasica de ra\u00edces del lejano Delta del Misissipi pudieran volver y ojear hasta donde han llegado sus ense\u00f1anzas, observar\u00edan at\u00f3nitos al nacimiento en la ciudad de la Alhambra. A un lado quedan las enga\u00f1osas \u00a0de este combo de dos personas. El crudo sol del Sur y los vientos africanos mecen la mano de Carlos para rasguear las 6 cuerdas y dan aliento a la c\u00e1lida voz de Isa. Canciones sinceras, sin pose alguna, temas mundanos y divinos, como los pasteles y el amor, la fiebre y el odio o la gasolina y la duda.Cuando la m\u00fasica se reduce al m\u00ednimo se encuentra su verdadera esencia y all\u00ed lo que esta esperando es la canci\u00f3n.<\/p>\n<p>A las 21:30h. Participaci\u00f3n:<strong> 6 \u20ac\u00a0<\/strong><\/p>\n<p><strong>VIERNES 30<\/strong>\u00a0y\u00a0<strong>SABADO 31<\/strong><\/p>\n<p><strong>ESPECT\u00c1CULO FLAMENCO: \u00abRA\u00cdZ y DUENDE\u00bb\u00a0<\/strong><\/p>\n<div style=\"width: 267px\" class=\"wp-caption alignnone\"><img decoding=\"async\" src=\"https:\/\/www.inmsol.com\/wp-content\/files\/Ra%C3%ADz%20y%20Duende%20Espectacular.jpg\" width=\"257\" height=\"191\" \/><p class=\"wp-caption-text\">align=center<\/p><\/div>\n<p><strong><br \/>\n<\/strong>Basado en el libro \u00abEl Jinete del Viento\u00bb de \u00c1ngela Argote (MAAM)<br \/>\nEl elenco actual esta compuesto por:<\/p>\n<ul>\n<li>AL CANTE:<\/li>\n<\/ul>\n<p style=\"margin-top: 0.5em; margin-bottom: 0.9em;\">Marian Fernandez y Miguel \u00abEl Poblao\u00bb<\/p>\n<ul>\n<li>AL TOQUE:<\/li>\n<\/ul>\n<p style=\"margin-top: 0.5em; margin-bottom: 0.9em;\">Pablo Gimenez, Juan Garc\u00eda \u00abEl Juani\u00bb y Armando Linares<\/p>\n<ul>\n<li>AL BAILE:<\/li>\n<\/ul>\n<p style=\"margin-top: 0.5em; margin-bottom: 0.9em;\">Ana Leray, Marta Serrano, Beatriz Vega y Isa Pacheco \u00abSamar\u00ed\u00bb<\/p>\n<ul>\n<li>A LA PERCUSION:<\/li>\n<\/ul>\n<p style=\"margin-top: 0.5em; margin-bottom: 0.9em;\">Juan Cordoba, Ruben de Omara y Jos\u00e9 Murc\u00ed<\/p>\n<ul>\n<li>AL PIANO:<\/li>\n<\/ul>\n<p style=\"margin-top: 0.5em; margin-bottom: 0.9em;\">Manuel Biarnes<\/p>\n<ul>\n<li>VOZ POETICA:<\/li>\n<\/ul>\n<p style=\"margin-top: 0.5em; margin-bottom: 0.9em;\">Angela Argote \u00abMAAM\u00bb<\/p>\n<ul>\n<li>PINTURA:<\/li>\n<\/ul>\n<p style=\"margin-top: 0.5em; margin-bottom: 0.9em;\">Pedro Garciarias<\/p>\n<ul>\n<li>CINEMATOGRAF\u00cdA:<\/li>\n<\/ul>\n<p style=\"margin-top: 0.5em; margin-bottom: 0.9em;\">Vincent Biarnes<\/p>\n<p>A las 21:00h y 22:30h &#8211; Participaci\u00f3n\u00a0<strong>15 \u20ac<\/strong><\/p>\n<p><strong>Para m\u00e1s informaci\u00f3n:<\/strong><br \/>\nTALLER DE ARTE VIMAAMBI<br \/>\nCuesta de San Gregorio, 30 &#8211; 38<br \/>\n18010 Albayzin &#8211; Granada<br \/>\nTlfn. 958 227 334<br \/>\n<a href=\"mailto:e-mail:info@vimaambi.com\">e-mail:info@vimaambi.com<\/a><br \/>\n<a href=\"mailto:www.vimaambi.com\">www.vimaambi.com<\/a><\/p>\n<div><\/div>\n","protected":false},"excerpt":{"rendered":"<p>Programa de TALLER DE ARTE VIMAAMBI MARZO 2012 \u201cCALIGRAMAS\u201d EXPOSICI\u00d3N de caligramas de MAAM. De mi\u00e9rcoles a s\u00e1bado a partir de las 19h. Hasta el 31 de marzo. &nbsp; JUEVES 01 \u201cMUSICA del MUNDO\u201d. Jazz y flamenco.Un inusual recital a 2 voces, con el cante&#8230;<\/p>\n","protected":false},"author":2,"featured_media":0,"comment_status":"closed","ping_status":"closed","sticky":false,"template":"","format":"standard","meta":{"_acf_changed":false,"footnotes":""},"categories":[8,80,82],"tags":[],"class_list":["post-1002","post","type-post","status-publish","format-standard","hentry","category-blog-escuela","category-eventos-granada","category-noticias"],"acf":[],"yoast_head":"<!-- This site is optimized with the Yoast SEO plugin v27.5 - https:\/\/yoast.com\/product\/yoast-seo-wordpress\/ -->\n<title>Programa de TALLER DE ARTE VIMAAMBI en Marzo 2012 | jazz, flamenco, godard, caligramas | INMSOL<\/title>\n<meta name=\"robots\" content=\"index, follow, max-snippet:-1, max-image-preview:large, max-video-preview:-1\" \/>\n<link rel=\"canonical\" href=\"https:\/\/www.inmsol.com\/es\/blog-escuela\/programa-de-taller-de-arte-vimaambi-en-marzo-2012\/\" \/>\n<meta property=\"og:locale\" content=\"es_ES\" \/>\n<meta property=\"og:type\" content=\"article\" \/>\n<meta property=\"og:title\" content=\"Programa de TALLER DE ARTE VIMAAMBI en Marzo 2012 | jazz, flamenco, godard, caligramas | INMSOL\" \/>\n<meta property=\"og:description\" content=\"Programa de TALLER DE ARTE VIMAAMBI MARZO 2012 \u201cCALIGRAMAS\u201d EXPOSICI\u00d3N de caligramas de MAAM. De mi\u00e9rcoles a s\u00e1bado a partir de las 19h. Hasta el 31 de marzo. &nbsp; JUEVES 01 \u201cMUSICA del MUNDO\u201d. Jazz y flamenco.Un inusual recital a 2 voces, con el cante...\" \/>\n<meta property=\"og:url\" content=\"https:\/\/www.inmsol.com\/es\/blog-escuela\/programa-de-taller-de-arte-vimaambi-en-marzo-2012\/\" \/>\n<meta property=\"og:site_name\" content=\"iNMSOL\" \/>\n<meta property=\"article:publisher\" content=\"https:\/\/www.facebook.com\/spanishcourses\" \/>\n<meta property=\"article:published_time\" content=\"2012-02-21T11:20:18+00:00\" \/>\n<meta property=\"article:modified_time\" content=\"2021-09-29T07:56:23+00:00\" \/>\n<meta property=\"og:image\" content=\"https:\/\/www.inmsol.com\/wp-content\/files\/Ra%C3%ADz%20y%20Duende%20Espectacular.jpg\" \/>\n<meta name=\"author\" content=\"Javier Torres\" \/>\n<meta name=\"twitter:label1\" content=\"Escrito por\" \/>\n\t<meta name=\"twitter:data1\" content=\"Javier Torres\" \/>\n\t<meta name=\"twitter:label2\" content=\"Tiempo de lectura\" \/>\n\t<meta name=\"twitter:data2\" content=\"5 minutos\" \/>\n<script type=\"application\/ld+json\" class=\"yoast-schema-graph\">{\"@context\":\"https:\\\/\\\/schema.org\",\"@graph\":[{\"@type\":\"Article\",\"@id\":\"https:\\\/\\\/www.inmsol.com\\\/es\\\/blog-escuela\\\/programa-de-taller-de-arte-vimaambi-en-marzo-2012\\\/#article\",\"isPartOf\":{\"@id\":\"https:\\\/\\\/www.inmsol.com\\\/es\\\/blog-escuela\\\/programa-de-taller-de-arte-vimaambi-en-marzo-2012\\\/\"},\"author\":{\"name\":\"Javier Torres\",\"@id\":\"https:\\\/\\\/www.inmsol.com\\\/es\\\/#\\\/schema\\\/person\\\/18f18acd0397ef441e373e79ec3eb6ea\"},\"headline\":\"Programa de Taller de Arte VIMAAMBI en Marzo 2012\",\"datePublished\":\"2012-02-21T11:20:18+00:00\",\"dateModified\":\"2021-09-29T07:56:23+00:00\",\"mainEntityOfPage\":{\"@id\":\"https:\\\/\\\/www.inmsol.com\\\/es\\\/blog-escuela\\\/programa-de-taller-de-arte-vimaambi-en-marzo-2012\\\/\"},\"wordCount\":995,\"publisher\":{\"@id\":\"https:\\\/\\\/www.inmsol.com\\\/es\\\/#organization\"},\"image\":{\"@id\":\"https:\\\/\\\/www.inmsol.com\\\/es\\\/blog-escuela\\\/programa-de-taller-de-arte-vimaambi-en-marzo-2012\\\/#primaryimage\"},\"thumbnailUrl\":\"https:\\\/\\\/www.inmsol.com\\\/wp-content\\\/files\\\/Ra%C3%ADz%20y%20Duende%20Espectacular.jpg\",\"articleSection\":[\"Blog Escuela Espa\u00f1ol\",\"Eventos en Granada\",\"Noticias y Servicios iNMSOL\"],\"inLanguage\":\"es\"},{\"@type\":\"WebPage\",\"@id\":\"https:\\\/\\\/www.inmsol.com\\\/es\\\/blog-escuela\\\/programa-de-taller-de-arte-vimaambi-en-marzo-2012\\\/\",\"url\":\"https:\\\/\\\/www.inmsol.com\\\/es\\\/blog-escuela\\\/programa-de-taller-de-arte-vimaambi-en-marzo-2012\\\/\",\"name\":\"Programa de TALLER DE ARTE VIMAAMBI en Marzo 2012 | jazz, flamenco, godard, caligramas | INMSOL\",\"isPartOf\":{\"@id\":\"https:\\\/\\\/www.inmsol.com\\\/es\\\/#website\"},\"primaryImageOfPage\":{\"@id\":\"https:\\\/\\\/www.inmsol.com\\\/es\\\/blog-escuela\\\/programa-de-taller-de-arte-vimaambi-en-marzo-2012\\\/#primaryimage\"},\"image\":{\"@id\":\"https:\\\/\\\/www.inmsol.com\\\/es\\\/blog-escuela\\\/programa-de-taller-de-arte-vimaambi-en-marzo-2012\\\/#primaryimage\"},\"thumbnailUrl\":\"https:\\\/\\\/www.inmsol.com\\\/wp-content\\\/files\\\/Ra%C3%ADz%20y%20Duende%20Espectacular.jpg\",\"datePublished\":\"2012-02-21T11:20:18+00:00\",\"dateModified\":\"2021-09-29T07:56:23+00:00\",\"breadcrumb\":{\"@id\":\"https:\\\/\\\/www.inmsol.com\\\/es\\\/blog-escuela\\\/programa-de-taller-de-arte-vimaambi-en-marzo-2012\\\/#breadcrumb\"},\"inLanguage\":\"es\",\"potentialAction\":[{\"@type\":\"ReadAction\",\"target\":[\"https:\\\/\\\/www.inmsol.com\\\/es\\\/blog-escuela\\\/programa-de-taller-de-arte-vimaambi-en-marzo-2012\\\/\"]}]},{\"@type\":\"ImageObject\",\"inLanguage\":\"es\",\"@id\":\"https:\\\/\\\/www.inmsol.com\\\/es\\\/blog-escuela\\\/programa-de-taller-de-arte-vimaambi-en-marzo-2012\\\/#primaryimage\",\"url\":\"https:\\\/\\\/www.inmsol.com\\\/wp-content\\\/files\\\/Ra%C3%ADz%20y%20Duende%20Espectacular.jpg\",\"contentUrl\":\"https:\\\/\\\/www.inmsol.com\\\/wp-content\\\/files\\\/Ra%C3%ADz%20y%20Duende%20Espectacular.jpg\"},{\"@type\":\"BreadcrumbList\",\"@id\":\"https:\\\/\\\/www.inmsol.com\\\/es\\\/blog-escuela\\\/programa-de-taller-de-arte-vimaambi-en-marzo-2012\\\/#breadcrumb\",\"itemListElement\":[{\"@type\":\"ListItem\",\"position\":1,\"name\":\"Accredited Center by Instituto Cervantes\",\"item\":\"https:\\\/\\\/www.inmsol.com\\\/es\\\/pagina-ejemplo\\\/\"},{\"@type\":\"ListItem\",\"position\":2,\"name\":\"Blog Escuela Espa\u00f1ol\",\"item\":\"https:\\\/\\\/www.inmsol.com\\\/es\\\/category\\\/blog-escuela\\\/\"},{\"@type\":\"ListItem\",\"position\":3,\"name\":\"Eventos en Granada\",\"item\":\"https:\\\/\\\/www.inmsol.com\\\/es\\\/category\\\/blog-escuela\\\/eventos-granada\\\/\"},{\"@type\":\"ListItem\",\"position\":4,\"name\":\"Programa de Taller de Arte VIMAAMBI en Marzo 2012\"}]},{\"@type\":\"WebSite\",\"@id\":\"https:\\\/\\\/www.inmsol.com\\\/es\\\/#website\",\"url\":\"https:\\\/\\\/www.inmsol.com\\\/es\\\/\",\"name\":\"iNMSOL\",\"description\":\"Aprenda Espa\u00f1ol con iNMSOL en Granada | Centro Acreditado por el Instituto Cervantes\",\"publisher\":{\"@id\":\"https:\\\/\\\/www.inmsol.com\\\/es\\\/#organization\"},\"potentialAction\":[{\"@type\":\"SearchAction\",\"target\":{\"@type\":\"EntryPoint\",\"urlTemplate\":\"https:\\\/\\\/www.inmsol.com\\\/es\\\/?s={search_term_string}\"},\"query-input\":{\"@type\":\"PropertyValueSpecification\",\"valueRequired\":true,\"valueName\":\"search_term_string\"}}],\"inLanguage\":\"es\"},{\"@type\":\"Organization\",\"@id\":\"https:\\\/\\\/www.inmsol.com\\\/es\\\/#organization\",\"name\":\"Instituto Mediterr\u00e1neo Sol\",\"url\":\"https:\\\/\\\/www.inmsol.com\\\/es\\\/\",\"logo\":{\"@type\":\"ImageObject\",\"inLanguage\":\"es\",\"@id\":\"https:\\\/\\\/www.inmsol.com\\\/es\\\/#\\\/schema\\\/logo\\\/image\\\/\",\"url\":\"https:\\\/\\\/www.inmsol.com\\\/wp-content\\\/uploads\\\/2023\\\/06\\\/logo-inmsol-1.png\",\"contentUrl\":\"https:\\\/\\\/www.inmsol.com\\\/wp-content\\\/uploads\\\/2023\\\/06\\\/logo-inmsol-1.png\",\"width\":136,\"height\":73,\"caption\":\"Instituto Mediterr\u00e1neo Sol\"},\"image\":{\"@id\":\"https:\\\/\\\/www.inmsol.com\\\/es\\\/#\\\/schema\\\/logo\\\/image\\\/\"},\"sameAs\":[\"https:\\\/\\\/www.facebook.com\\\/spanishcourses\",\"https:\\\/\\\/x.com\\\/StudyInGranada\",\"http:\\\/\\\/instagram.com\\\/imsolgranada\",\"https:\\\/\\\/es.linkedin.com\\\/company\\\/imsol-granada\",\"https:\\\/\\\/www.pinterest.es\\\/inmsol\\\/\",\"https:\\\/\\\/www.youtube.com\\\/channel\\\/UChz-Qn_7coFMosY85iYMO4g\"]},{\"@type\":\"Person\",\"@id\":\"https:\\\/\\\/www.inmsol.com\\\/es\\\/#\\\/schema\\\/person\\\/18f18acd0397ef441e373e79ec3eb6ea\",\"name\":\"Javier Torres\",\"image\":{\"@type\":\"ImageObject\",\"inLanguage\":\"es\",\"@id\":\"https:\\\/\\\/secure.gravatar.com\\\/avatar\\\/90afa2d6499550218d247408758082af566e5ec3641e1b8eac0d7bb889344a55?s=96&d=mm&r=g\",\"url\":\"https:\\\/\\\/secure.gravatar.com\\\/avatar\\\/90afa2d6499550218d247408758082af566e5ec3641e1b8eac0d7bb889344a55?s=96&d=mm&r=g\",\"contentUrl\":\"https:\\\/\\\/secure.gravatar.com\\\/avatar\\\/90afa2d6499550218d247408758082af566e5ec3641e1b8eac0d7bb889344a55?s=96&d=mm&r=g\",\"caption\":\"Javier Torres\"},\"url\":\"https:\\\/\\\/www.inmsol.com\\\/es\\\/author\\\/javier\\\/\"}]}<\/script>\n<!-- \/ Yoast SEO plugin. -->","yoast_head_json":{"title":"Programa de TALLER DE ARTE VIMAAMBI en Marzo 2012 | jazz, flamenco, godard, caligramas | INMSOL","robots":{"index":"index","follow":"follow","max-snippet":"max-snippet:-1","max-image-preview":"max-image-preview:large","max-video-preview":"max-video-preview:-1"},"canonical":"https:\/\/www.inmsol.com\/es\/blog-escuela\/programa-de-taller-de-arte-vimaambi-en-marzo-2012\/","og_locale":"es_ES","og_type":"article","og_title":"Programa de TALLER DE ARTE VIMAAMBI en Marzo 2012 | jazz, flamenco, godard, caligramas | INMSOL","og_description":"Programa de TALLER DE ARTE VIMAAMBI MARZO 2012 \u201cCALIGRAMAS\u201d EXPOSICI\u00d3N de caligramas de MAAM. De mi\u00e9rcoles a s\u00e1bado a partir de las 19h. Hasta el 31 de marzo. &nbsp; JUEVES 01 \u201cMUSICA del MUNDO\u201d. Jazz y flamenco.Un inusual recital a 2 voces, con el cante...","og_url":"https:\/\/www.inmsol.com\/es\/blog-escuela\/programa-de-taller-de-arte-vimaambi-en-marzo-2012\/","og_site_name":"iNMSOL","article_publisher":"https:\/\/www.facebook.com\/spanishcourses","article_published_time":"2012-02-21T11:20:18+00:00","article_modified_time":"2021-09-29T07:56:23+00:00","og_image":[{"url":"https:\/\/www.inmsol.com\/wp-content\/files\/Ra%C3%ADz%20y%20Duende%20Espectacular.jpg","type":"","width":"","height":""}],"author":"Javier Torres","twitter_misc":{"Escrito por":"Javier Torres","Tiempo de lectura":"5 minutos"},"schema":{"@context":"https:\/\/schema.org","@graph":[{"@type":"Article","@id":"https:\/\/www.inmsol.com\/es\/blog-escuela\/programa-de-taller-de-arte-vimaambi-en-marzo-2012\/#article","isPartOf":{"@id":"https:\/\/www.inmsol.com\/es\/blog-escuela\/programa-de-taller-de-arte-vimaambi-en-marzo-2012\/"},"author":{"name":"Javier Torres","@id":"https:\/\/www.inmsol.com\/es\/#\/schema\/person\/18f18acd0397ef441e373e79ec3eb6ea"},"headline":"Programa de Taller de Arte VIMAAMBI en Marzo 2012","datePublished":"2012-02-21T11:20:18+00:00","dateModified":"2021-09-29T07:56:23+00:00","mainEntityOfPage":{"@id":"https:\/\/www.inmsol.com\/es\/blog-escuela\/programa-de-taller-de-arte-vimaambi-en-marzo-2012\/"},"wordCount":995,"publisher":{"@id":"https:\/\/www.inmsol.com\/es\/#organization"},"image":{"@id":"https:\/\/www.inmsol.com\/es\/blog-escuela\/programa-de-taller-de-arte-vimaambi-en-marzo-2012\/#primaryimage"},"thumbnailUrl":"https:\/\/www.inmsol.com\/wp-content\/files\/Ra%C3%ADz%20y%20Duende%20Espectacular.jpg","articleSection":["Blog Escuela Espa\u00f1ol","Eventos en Granada","Noticias y Servicios iNMSOL"],"inLanguage":"es"},{"@type":"WebPage","@id":"https:\/\/www.inmsol.com\/es\/blog-escuela\/programa-de-taller-de-arte-vimaambi-en-marzo-2012\/","url":"https:\/\/www.inmsol.com\/es\/blog-escuela\/programa-de-taller-de-arte-vimaambi-en-marzo-2012\/","name":"Programa de TALLER DE ARTE VIMAAMBI en Marzo 2012 | jazz, flamenco, godard, caligramas | INMSOL","isPartOf":{"@id":"https:\/\/www.inmsol.com\/es\/#website"},"primaryImageOfPage":{"@id":"https:\/\/www.inmsol.com\/es\/blog-escuela\/programa-de-taller-de-arte-vimaambi-en-marzo-2012\/#primaryimage"},"image":{"@id":"https:\/\/www.inmsol.com\/es\/blog-escuela\/programa-de-taller-de-arte-vimaambi-en-marzo-2012\/#primaryimage"},"thumbnailUrl":"https:\/\/www.inmsol.com\/wp-content\/files\/Ra%C3%ADz%20y%20Duende%20Espectacular.jpg","datePublished":"2012-02-21T11:20:18+00:00","dateModified":"2021-09-29T07:56:23+00:00","breadcrumb":{"@id":"https:\/\/www.inmsol.com\/es\/blog-escuela\/programa-de-taller-de-arte-vimaambi-en-marzo-2012\/#breadcrumb"},"inLanguage":"es","potentialAction":[{"@type":"ReadAction","target":["https:\/\/www.inmsol.com\/es\/blog-escuela\/programa-de-taller-de-arte-vimaambi-en-marzo-2012\/"]}]},{"@type":"ImageObject","inLanguage":"es","@id":"https:\/\/www.inmsol.com\/es\/blog-escuela\/programa-de-taller-de-arte-vimaambi-en-marzo-2012\/#primaryimage","url":"https:\/\/www.inmsol.com\/wp-content\/files\/Ra%C3%ADz%20y%20Duende%20Espectacular.jpg","contentUrl":"https:\/\/www.inmsol.com\/wp-content\/files\/Ra%C3%ADz%20y%20Duende%20Espectacular.jpg"},{"@type":"BreadcrumbList","@id":"https:\/\/www.inmsol.com\/es\/blog-escuela\/programa-de-taller-de-arte-vimaambi-en-marzo-2012\/#breadcrumb","itemListElement":[{"@type":"ListItem","position":1,"name":"Accredited Center by Instituto Cervantes","item":"https:\/\/www.inmsol.com\/es\/pagina-ejemplo\/"},{"@type":"ListItem","position":2,"name":"Blog Escuela Espa\u00f1ol","item":"https:\/\/www.inmsol.com\/es\/category\/blog-escuela\/"},{"@type":"ListItem","position":3,"name":"Eventos en Granada","item":"https:\/\/www.inmsol.com\/es\/category\/blog-escuela\/eventos-granada\/"},{"@type":"ListItem","position":4,"name":"Programa de Taller de Arte VIMAAMBI en Marzo 2012"}]},{"@type":"WebSite","@id":"https:\/\/www.inmsol.com\/es\/#website","url":"https:\/\/www.inmsol.com\/es\/","name":"iNMSOL","description":"Aprenda Espa\u00f1ol con iNMSOL en Granada | Centro Acreditado por el Instituto Cervantes","publisher":{"@id":"https:\/\/www.inmsol.com\/es\/#organization"},"potentialAction":[{"@type":"SearchAction","target":{"@type":"EntryPoint","urlTemplate":"https:\/\/www.inmsol.com\/es\/?s={search_term_string}"},"query-input":{"@type":"PropertyValueSpecification","valueRequired":true,"valueName":"search_term_string"}}],"inLanguage":"es"},{"@type":"Organization","@id":"https:\/\/www.inmsol.com\/es\/#organization","name":"Instituto Mediterr\u00e1neo Sol","url":"https:\/\/www.inmsol.com\/es\/","logo":{"@type":"ImageObject","inLanguage":"es","@id":"https:\/\/www.inmsol.com\/es\/#\/schema\/logo\/image\/","url":"https:\/\/www.inmsol.com\/wp-content\/uploads\/2023\/06\/logo-inmsol-1.png","contentUrl":"https:\/\/www.inmsol.com\/wp-content\/uploads\/2023\/06\/logo-inmsol-1.png","width":136,"height":73,"caption":"Instituto Mediterr\u00e1neo Sol"},"image":{"@id":"https:\/\/www.inmsol.com\/es\/#\/schema\/logo\/image\/"},"sameAs":["https:\/\/www.facebook.com\/spanishcourses","https:\/\/x.com\/StudyInGranada","http:\/\/instagram.com\/imsolgranada","https:\/\/es.linkedin.com\/company\/imsol-granada","https:\/\/www.pinterest.es\/inmsol\/","https:\/\/www.youtube.com\/channel\/UChz-Qn_7coFMosY85iYMO4g"]},{"@type":"Person","@id":"https:\/\/www.inmsol.com\/es\/#\/schema\/person\/18f18acd0397ef441e373e79ec3eb6ea","name":"Javier Torres","image":{"@type":"ImageObject","inLanguage":"es","@id":"https:\/\/secure.gravatar.com\/avatar\/90afa2d6499550218d247408758082af566e5ec3641e1b8eac0d7bb889344a55?s=96&d=mm&r=g","url":"https:\/\/secure.gravatar.com\/avatar\/90afa2d6499550218d247408758082af566e5ec3641e1b8eac0d7bb889344a55?s=96&d=mm&r=g","contentUrl":"https:\/\/secure.gravatar.com\/avatar\/90afa2d6499550218d247408758082af566e5ec3641e1b8eac0d7bb889344a55?s=96&d=mm&r=g","caption":"Javier Torres"},"url":"https:\/\/www.inmsol.com\/es\/author\/javier\/"}]}},"_links":{"self":[{"href":"https:\/\/www.inmsol.com\/es\/wp-json\/wp\/v2\/posts\/1002","targetHints":{"allow":["GET"]}}],"collection":[{"href":"https:\/\/www.inmsol.com\/es\/wp-json\/wp\/v2\/posts"}],"about":[{"href":"https:\/\/www.inmsol.com\/es\/wp-json\/wp\/v2\/types\/post"}],"author":[{"embeddable":true,"href":"https:\/\/www.inmsol.com\/es\/wp-json\/wp\/v2\/users\/2"}],"replies":[{"embeddable":true,"href":"https:\/\/www.inmsol.com\/es\/wp-json\/wp\/v2\/comments?post=1002"}],"version-history":[{"count":0,"href":"https:\/\/www.inmsol.com\/es\/wp-json\/wp\/v2\/posts\/1002\/revisions"}],"wp:attachment":[{"href":"https:\/\/www.inmsol.com\/es\/wp-json\/wp\/v2\/media?parent=1002"}],"wp:term":[{"taxonomy":"category","embeddable":true,"href":"https:\/\/www.inmsol.com\/es\/wp-json\/wp\/v2\/categories?post=1002"},{"taxonomy":"post_tag","embeddable":true,"href":"https:\/\/www.inmsol.com\/es\/wp-json\/wp\/v2\/tags?post=1002"}],"curies":[{"name":"wp","href":"https:\/\/api.w.org\/{rel}","templated":true}]}}