{"id":1053,"date":"2012-06-26T16:12:45","date_gmt":"2012-06-26T16:12:45","guid":{"rendered":"https:\/\/www.inmsol.com\/"},"modified":"2018-05-29T09:19:27","modified_gmt":"2018-05-29T07:19:27","slug":"festival-internacional-de-musica-y-danza-de-granada","status":"publish","type":"post","link":"https:\/\/www.inmsol.com\/es\/blog-escuela\/eventos-granada\/festival-internacional-de-musica-y-danza-de-granada\/","title":{"rendered":"Festival internacional de m\u00fasica y danza de Granada"},"content":{"rendered":"<p>En su programaci\u00f3n, en sus contenidos y en la forma de exponerlos al p\u00fablico, el <strong>Festival Internacional de M\u00fasica y Danza de Granada<\/strong> es un instrumento vivo de acci\u00f3n cultural, educativa, tur\u00edstica y socio-econ\u00f3mica, cuyo com\u00fan denominador es la EMOCI\u00d3N.<\/p>\n<p>Emoci\u00f3n al compartir propuestas art\u00edsticas de calidad excepcional, emoci\u00f3n al disfrutar de los espacios m\u00e1s bellos y singulares de Granada y provincia, emoci\u00f3n al descubir que el destino Granada ofrece una experiencia \u00fanica de turismo cultural, que es apreciado cada a\u00f1o por personas de muchos rincones de Espa\u00f1a y del extranjero, emoci\u00f3n y satisfacci\u00f3n al constatar que el Festival de Granada se convierte durante unas semanas en un verdadero motor de la econom\u00eda de la ciudad, gracias a los miles de artistas, orquestas, compa\u00f1\u00edas y visitantes que acuden puntualmente a esta Fiesta de los sentidos.<\/p>\n<p>Los palacios nazaritas y jardines centenarios de la <strong>Alhambra<\/strong> de Granada son la mejor tarjeta de presentaci\u00f3n de este Festival y el marco sobresaliente para sus actividades. A principios de verano, cientos de espectadores disfrutan de la m\u00fasica y la danza al olor de la profusa vegetaci\u00f3n de los jardines de la Alhambra y bajo el impacto de la bell\u00edsima arquitectura nazarita, renacentista o rom\u00e1ntica, que convirti\u00f3 a Granada en la llamada Puerta del Sur.<\/p>\n<p>Pero junto con las actividades programadas en la Alhambra, se extiende por la ciudad de Granada y su provincia un amplio mosaico de opciones art\u00edsticas destinadas al disfrute ciudadano, el <strong>FEX <\/strong>o extensi\u00f3n del Festival en la ciudad y provincia de Granada. Los m\u00e1s bellos espacios monumentales de la ciudad (<strong>Catedral de Granada, Capilla Real, Monasterio de San Jer\u00f3nimo, Abad\u00eda del Sacro Monte, La Cartuja, Real Chanciller\u00eda, Casa de Castril, Casa de los Tiros, iglesias, etc.<\/strong>), junto con los contempor\u00e1neos, las m\u00faltiples plazas o el cruce de las calles, convierten al Festival en un acontecimiento ciudadano vivido por miles de personas, a las cuales se suman todos los visitantes y turistas que acuden a Granada durante el Festival. Granada no es s\u00f3lo la ciudad, sino la provincia tambi\u00e9n. En ella m\u00e1s de una decena de municipios se suman anualmente a esta Fiesta cultural con una programaci\u00f3n que igualmente recorre los espacios m\u00e1s singulares e id\u00f3neos de cada lugar.<\/p>\n<p>Este ambiente extraordinario incluye asimismo una decidida vocaci\u00f3n educativa y de formaci\u00f3n. Los <strong>Cursos Internacionales Manuel de Falla<\/strong> siguen siendo, transcurridos cuarenta y un a\u00f1os de su creaci\u00f3n, un lugar especial para completar la formaci\u00f3n de alto nivel. Cientos de j\u00f3venes cada a\u00f1o escogen los Cursos porque atienden a disciplinas diversas en el campo de la creaci\u00f3n, la investigaci\u00f3n, la interpretaci\u00f3n musical, la fotograf\u00eda esc\u00e9nica, la danza o los talleres de arte y discapacidad. Todos los Cursos Manuel de Falla incluyen formaci\u00f3n acad\u00e9mica, pr\u00e1ctica y exhibici\u00f3n de actividades. Talleres, conciertos de profesores y alumnos, muestras esc\u00e9nicas, exposiciones, publicaciones, etc. comparten el d\u00eda a d\u00eda del Festival.<\/p>\n<p>La vocaci\u00f3n social del Festival se ha ido conformando en m\u00faltiples aspectos con el paso de los a\u00f1os, favoreciendo la garant\u00eda de accesibilidad e igualdad de oportunidades a todos, ofreciendo precios especiales para j\u00f3venes y jubilados, programando ciclos espec\u00edficos destinados a ni\u00f1os y adolescentes, incluyendo programas de car\u00e1cter did\u00e1ctico-familiar y ciclos destinados a los discapacitados f\u00edsicos o ps\u00edquicos, as\u00ed como actividades dirigidas a segmentos de poblaci\u00f3n en riesgo de exclusi\u00f3n social, programas participativos, promoci\u00f3n de j\u00f3venes valores, etc.<\/p>\n<p>Como ejemplo de colaboraci\u00f3n y de corresponsabilidad social con el Festival, m\u00faltiples instituciones, entidades, organismos, patrocinadores y colaboradores, locales, nacionales e internacionales, participan cada a\u00f1o en las actividades del Festival y muchos de ellos programan excelentes exposiciones y actividades diversas coincidiendo con la celebraci\u00f3n del Festival.<\/p>\n<p>Deseamos que participen de estas actividades en los palacios y jardines de la Alhambra, y en los monumentos centenarios de la Granada hist\u00f3rica y de la contempor\u00e1nea.<\/p>\n<p><strong>\u00a1 Bienvenidos al Festival ! <\/strong><\/p>\n<p><a href=\"https:\/\/www.inmsol.com\/downloads\/brochures\/FMyDprograma2012.pdf\">Descarga el folleto general<br \/>\n<\/a><\/p>\n<p><a href=\"https:\/\/www.inmsol.com\/downloads\/brochures\/Folleto_Fex_2012.pdf\">Descarga el programa del FEX<br \/>\n<\/a><\/p>\n<div style=\"width: 456px\" class=\"wp-caption alignnone\"><img fetchpriority=\"high\" decoding=\"async\" src=\"https:\/\/www.inmsol.com\/wp-content\/files\/cartelFestival.jpg\" width=\"446\" height=\"630\" \/><p class=\"wp-caption-text\">align=middle<\/p><\/div>\n<p class=\"rtecenter\"><a href=\"http:\/\/www.granadafestival.org\/\" target=\"_blank\" rel=\"noopener\">M\u00e1s informaciones aqu\u00ed<br \/>\n<\/a><\/p>\n","protected":false},"excerpt":{"rendered":"<p>En su programaci\u00f3n, en sus contenidos y en la forma de exponerlos al p\u00fablico, el Festival Internacional de M\u00fasica y Danza de Granada es un instrumento vivo de acci\u00f3n cultural, educativa, tur\u00edstica y socio-econ\u00f3mica, cuyo com\u00fan denominador es la EMOCI\u00d3N. Emoci\u00f3n al compartir propuestas art\u00edsticas&#8230;<\/p>\n","protected":false},"author":2,"featured_media":7143,"comment_status":"closed","ping_status":"closed","sticky":false,"template":"","format":"standard","meta":{"_acf_changed":false,"footnotes":""},"categories":[80],"tags":[],"class_list":["post-1053","post","type-post","status-publish","format-standard","has-post-thumbnail","hentry","category-eventos-granada"],"acf":[],"yoast_head":"<!-- This site is optimized with the Yoast SEO plugin v27.5 - https:\/\/yoast.com\/product\/yoast-seo-wordpress\/ -->\n<title>Festival internacional de m\u00fasica y danza de Granada | alhambra, fex, programa, espect\u00e1culos | INMSOL<\/title>\n<meta name=\"robots\" content=\"index, follow, max-snippet:-1, max-image-preview:large, max-video-preview:-1\" \/>\n<link rel=\"canonical\" href=\"https:\/\/www.inmsol.com\/es\/blog-escuela\/eventos-granada\/festival-internacional-de-musica-y-danza-de-granada\/\" \/>\n<meta property=\"og:locale\" content=\"es_ES\" \/>\n<meta property=\"og:type\" content=\"article\" \/>\n<meta property=\"og:title\" content=\"Festival internacional de m\u00fasica y danza de Granada | alhambra, fex, programa, espect\u00e1culos | INMSOL\" \/>\n<meta property=\"og:description\" content=\"En su programaci\u00f3n, en sus contenidos y en la forma de exponerlos al p\u00fablico, el Festival Internacional de M\u00fasica y Danza de Granada es un instrumento vivo de acci\u00f3n cultural, educativa, tur\u00edstica y socio-econ\u00f3mica, cuyo com\u00fan denominador es la EMOCI\u00d3N. Emoci\u00f3n al compartir propuestas art\u00edsticas...\" \/>\n<meta property=\"og:url\" content=\"https:\/\/www.inmsol.com\/es\/blog-escuela\/eventos-granada\/festival-internacional-de-musica-y-danza-de-granada\/\" \/>\n<meta property=\"og:site_name\" content=\"iNMSOL\" \/>\n<meta property=\"article:publisher\" content=\"https:\/\/www.facebook.com\/spanishcourses\" \/>\n<meta property=\"article:published_time\" content=\"2012-06-26T16:12:45+00:00\" \/>\n<meta property=\"article:modified_time\" content=\"2018-05-29T07:19:27+00:00\" \/>\n<meta property=\"og:image\" content=\"https:\/\/www.inmsol.com\/wp-content\/uploads\/2013\/08\/culturalatinoamericana.jpg\" \/>\n\t<meta property=\"og:image:width\" content=\"1024\" \/>\n\t<meta property=\"og:image:height\" content=\"746\" \/>\n\t<meta property=\"og:image:type\" content=\"image\/jpeg\" \/>\n<meta name=\"author\" content=\"Javier Torres\" \/>\n<meta name=\"twitter:label1\" content=\"Escrito por\" \/>\n\t<meta name=\"twitter:data1\" content=\"Javier Torres\" \/>\n\t<meta name=\"twitter:label2\" content=\"Tiempo de lectura\" \/>\n\t<meta name=\"twitter:data2\" content=\"4 minutos\" \/>\n<script type=\"application\/ld+json\" class=\"yoast-schema-graph\">{\"@context\":\"https:\\\/\\\/schema.org\",\"@graph\":[{\"@type\":\"Article\",\"@id\":\"https:\\\/\\\/www.inmsol.com\\\/es\\\/blog-escuela\\\/eventos-granada\\\/festival-internacional-de-musica-y-danza-de-granada\\\/#article\",\"isPartOf\":{\"@id\":\"https:\\\/\\\/www.inmsol.com\\\/es\\\/blog-escuela\\\/eventos-granada\\\/festival-internacional-de-musica-y-danza-de-granada\\\/\"},\"author\":{\"name\":\"Javier Torres\",\"@id\":\"https:\\\/\\\/www.inmsol.com\\\/es\\\/#\\\/schema\\\/person\\\/18f18acd0397ef441e373e79ec3eb6ea\"},\"headline\":\"Festival internacional de m\u00fasica y danza de Granada\",\"datePublished\":\"2012-06-26T16:12:45+00:00\",\"dateModified\":\"2018-05-29T07:19:27+00:00\",\"mainEntityOfPage\":{\"@id\":\"https:\\\/\\\/www.inmsol.com\\\/es\\\/blog-escuela\\\/eventos-granada\\\/festival-internacional-de-musica-y-danza-de-granada\\\/\"},\"wordCount\":736,\"publisher\":{\"@id\":\"https:\\\/\\\/www.inmsol.com\\\/es\\\/#organization\"},\"image\":{\"@id\":\"https:\\\/\\\/www.inmsol.com\\\/es\\\/blog-escuela\\\/eventos-granada\\\/festival-internacional-de-musica-y-danza-de-granada\\\/#primaryimage\"},\"thumbnailUrl\":\"https:\\\/\\\/www.inmsol.com\\\/wp-content\\\/uploads\\\/2013\\\/08\\\/culturalatinoamericana.jpg\",\"articleSection\":[\"Eventos en Granada\"],\"inLanguage\":\"es\"},{\"@type\":\"WebPage\",\"@id\":\"https:\\\/\\\/www.inmsol.com\\\/es\\\/blog-escuela\\\/eventos-granada\\\/festival-internacional-de-musica-y-danza-de-granada\\\/\",\"url\":\"https:\\\/\\\/www.inmsol.com\\\/es\\\/blog-escuela\\\/eventos-granada\\\/festival-internacional-de-musica-y-danza-de-granada\\\/\",\"name\":\"Festival internacional de m\u00fasica y danza de Granada | alhambra, fex, programa, espect\u00e1culos | INMSOL\",\"isPartOf\":{\"@id\":\"https:\\\/\\\/www.inmsol.com\\\/es\\\/#website\"},\"primaryImageOfPage\":{\"@id\":\"https:\\\/\\\/www.inmsol.com\\\/es\\\/blog-escuela\\\/eventos-granada\\\/festival-internacional-de-musica-y-danza-de-granada\\\/#primaryimage\"},\"image\":{\"@id\":\"https:\\\/\\\/www.inmsol.com\\\/es\\\/blog-escuela\\\/eventos-granada\\\/festival-internacional-de-musica-y-danza-de-granada\\\/#primaryimage\"},\"thumbnailUrl\":\"https:\\\/\\\/www.inmsol.com\\\/wp-content\\\/uploads\\\/2013\\\/08\\\/culturalatinoamericana.jpg\",\"datePublished\":\"2012-06-26T16:12:45+00:00\",\"dateModified\":\"2018-05-29T07:19:27+00:00\",\"breadcrumb\":{\"@id\":\"https:\\\/\\\/www.inmsol.com\\\/es\\\/blog-escuela\\\/eventos-granada\\\/festival-internacional-de-musica-y-danza-de-granada\\\/#breadcrumb\"},\"inLanguage\":\"es\",\"potentialAction\":[{\"@type\":\"ReadAction\",\"target\":[\"https:\\\/\\\/www.inmsol.com\\\/es\\\/blog-escuela\\\/eventos-granada\\\/festival-internacional-de-musica-y-danza-de-granada\\\/\"]}]},{\"@type\":\"ImageObject\",\"inLanguage\":\"es\",\"@id\":\"https:\\\/\\\/www.inmsol.com\\\/es\\\/blog-escuela\\\/eventos-granada\\\/festival-internacional-de-musica-y-danza-de-granada\\\/#primaryimage\",\"url\":\"https:\\\/\\\/www.inmsol.com\\\/wp-content\\\/uploads\\\/2013\\\/08\\\/culturalatinoamericana.jpg\",\"contentUrl\":\"https:\\\/\\\/www.inmsol.com\\\/wp-content\\\/uploads\\\/2013\\\/08\\\/culturalatinoamericana.jpg\",\"width\":1024,\"height\":746},{\"@type\":\"BreadcrumbList\",\"@id\":\"https:\\\/\\\/www.inmsol.com\\\/es\\\/blog-escuela\\\/eventos-granada\\\/festival-internacional-de-musica-y-danza-de-granada\\\/#breadcrumb\",\"itemListElement\":[{\"@type\":\"ListItem\",\"position\":1,\"name\":\"Accredited Center by Instituto Cervantes\",\"item\":\"https:\\\/\\\/www.inmsol.com\\\/es\\\/pagina-ejemplo\\\/\"},{\"@type\":\"ListItem\",\"position\":2,\"name\":\"Blog Escuela Espa\u00f1ol\",\"item\":\"https:\\\/\\\/www.inmsol.com\\\/es\\\/category\\\/blog-escuela\\\/\"},{\"@type\":\"ListItem\",\"position\":3,\"name\":\"Eventos en Granada\",\"item\":\"https:\\\/\\\/www.inmsol.com\\\/es\\\/category\\\/blog-escuela\\\/eventos-granada\\\/\"},{\"@type\":\"ListItem\",\"position\":4,\"name\":\"Festival internacional de m\u00fasica y danza de Granada\"}]},{\"@type\":\"WebSite\",\"@id\":\"https:\\\/\\\/www.inmsol.com\\\/es\\\/#website\",\"url\":\"https:\\\/\\\/www.inmsol.com\\\/es\\\/\",\"name\":\"iNMSOL\",\"description\":\"Aprenda Espa\u00f1ol con iNMSOL en Granada | Centro Acreditado por el Instituto Cervantes\",\"publisher\":{\"@id\":\"https:\\\/\\\/www.inmsol.com\\\/es\\\/#organization\"},\"potentialAction\":[{\"@type\":\"SearchAction\",\"target\":{\"@type\":\"EntryPoint\",\"urlTemplate\":\"https:\\\/\\\/www.inmsol.com\\\/es\\\/?s={search_term_string}\"},\"query-input\":{\"@type\":\"PropertyValueSpecification\",\"valueRequired\":true,\"valueName\":\"search_term_string\"}}],\"inLanguage\":\"es\"},{\"@type\":\"Organization\",\"@id\":\"https:\\\/\\\/www.inmsol.com\\\/es\\\/#organization\",\"name\":\"Instituto Mediterr\u00e1neo Sol\",\"url\":\"https:\\\/\\\/www.inmsol.com\\\/es\\\/\",\"logo\":{\"@type\":\"ImageObject\",\"inLanguage\":\"es\",\"@id\":\"https:\\\/\\\/www.inmsol.com\\\/es\\\/#\\\/schema\\\/logo\\\/image\\\/\",\"url\":\"https:\\\/\\\/www.inmsol.com\\\/wp-content\\\/uploads\\\/2023\\\/06\\\/logo-inmsol-1.png\",\"contentUrl\":\"https:\\\/\\\/www.inmsol.com\\\/wp-content\\\/uploads\\\/2023\\\/06\\\/logo-inmsol-1.png\",\"width\":136,\"height\":73,\"caption\":\"Instituto Mediterr\u00e1neo Sol\"},\"image\":{\"@id\":\"https:\\\/\\\/www.inmsol.com\\\/es\\\/#\\\/schema\\\/logo\\\/image\\\/\"},\"sameAs\":[\"https:\\\/\\\/www.facebook.com\\\/spanishcourses\",\"https:\\\/\\\/x.com\\\/StudyInGranada\",\"http:\\\/\\\/instagram.com\\\/imsolgranada\",\"https:\\\/\\\/es.linkedin.com\\\/company\\\/imsol-granada\",\"https:\\\/\\\/www.pinterest.es\\\/inmsol\\\/\",\"https:\\\/\\\/www.youtube.com\\\/channel\\\/UChz-Qn_7coFMosY85iYMO4g\"]},{\"@type\":\"Person\",\"@id\":\"https:\\\/\\\/www.inmsol.com\\\/es\\\/#\\\/schema\\\/person\\\/18f18acd0397ef441e373e79ec3eb6ea\",\"name\":\"Javier Torres\",\"image\":{\"@type\":\"ImageObject\",\"inLanguage\":\"es\",\"@id\":\"https:\\\/\\\/secure.gravatar.com\\\/avatar\\\/90afa2d6499550218d247408758082af566e5ec3641e1b8eac0d7bb889344a55?s=96&d=mm&r=g\",\"url\":\"https:\\\/\\\/secure.gravatar.com\\\/avatar\\\/90afa2d6499550218d247408758082af566e5ec3641e1b8eac0d7bb889344a55?s=96&d=mm&r=g\",\"contentUrl\":\"https:\\\/\\\/secure.gravatar.com\\\/avatar\\\/90afa2d6499550218d247408758082af566e5ec3641e1b8eac0d7bb889344a55?s=96&d=mm&r=g\",\"caption\":\"Javier Torres\"},\"url\":\"https:\\\/\\\/www.inmsol.com\\\/es\\\/author\\\/javier\\\/\"}]}<\/script>\n<!-- \/ Yoast SEO plugin. -->","yoast_head_json":{"title":"Festival internacional de m\u00fasica y danza de Granada | alhambra, fex, programa, espect\u00e1culos | INMSOL","robots":{"index":"index","follow":"follow","max-snippet":"max-snippet:-1","max-image-preview":"max-image-preview:large","max-video-preview":"max-video-preview:-1"},"canonical":"https:\/\/www.inmsol.com\/es\/blog-escuela\/eventos-granada\/festival-internacional-de-musica-y-danza-de-granada\/","og_locale":"es_ES","og_type":"article","og_title":"Festival internacional de m\u00fasica y danza de Granada | alhambra, fex, programa, espect\u00e1culos | INMSOL","og_description":"En su programaci\u00f3n, en sus contenidos y en la forma de exponerlos al p\u00fablico, el Festival Internacional de M\u00fasica y Danza de Granada es un instrumento vivo de acci\u00f3n cultural, educativa, tur\u00edstica y socio-econ\u00f3mica, cuyo com\u00fan denominador es la EMOCI\u00d3N. Emoci\u00f3n al compartir propuestas art\u00edsticas...","og_url":"https:\/\/www.inmsol.com\/es\/blog-escuela\/eventos-granada\/festival-internacional-de-musica-y-danza-de-granada\/","og_site_name":"iNMSOL","article_publisher":"https:\/\/www.facebook.com\/spanishcourses","article_published_time":"2012-06-26T16:12:45+00:00","article_modified_time":"2018-05-29T07:19:27+00:00","og_image":[{"width":1024,"height":746,"url":"https:\/\/www.inmsol.com\/wp-content\/uploads\/2013\/08\/culturalatinoamericana.jpg","type":"image\/jpeg"}],"author":"Javier Torres","twitter_misc":{"Escrito por":"Javier Torres","Tiempo de lectura":"4 minutos"},"schema":{"@context":"https:\/\/schema.org","@graph":[{"@type":"Article","@id":"https:\/\/www.inmsol.com\/es\/blog-escuela\/eventos-granada\/festival-internacional-de-musica-y-danza-de-granada\/#article","isPartOf":{"@id":"https:\/\/www.inmsol.com\/es\/blog-escuela\/eventos-granada\/festival-internacional-de-musica-y-danza-de-granada\/"},"author":{"name":"Javier Torres","@id":"https:\/\/www.inmsol.com\/es\/#\/schema\/person\/18f18acd0397ef441e373e79ec3eb6ea"},"headline":"Festival internacional de m\u00fasica y danza de Granada","datePublished":"2012-06-26T16:12:45+00:00","dateModified":"2018-05-29T07:19:27+00:00","mainEntityOfPage":{"@id":"https:\/\/www.inmsol.com\/es\/blog-escuela\/eventos-granada\/festival-internacional-de-musica-y-danza-de-granada\/"},"wordCount":736,"publisher":{"@id":"https:\/\/www.inmsol.com\/es\/#organization"},"image":{"@id":"https:\/\/www.inmsol.com\/es\/blog-escuela\/eventos-granada\/festival-internacional-de-musica-y-danza-de-granada\/#primaryimage"},"thumbnailUrl":"https:\/\/www.inmsol.com\/wp-content\/uploads\/2013\/08\/culturalatinoamericana.jpg","articleSection":["Eventos en Granada"],"inLanguage":"es"},{"@type":"WebPage","@id":"https:\/\/www.inmsol.com\/es\/blog-escuela\/eventos-granada\/festival-internacional-de-musica-y-danza-de-granada\/","url":"https:\/\/www.inmsol.com\/es\/blog-escuela\/eventos-granada\/festival-internacional-de-musica-y-danza-de-granada\/","name":"Festival internacional de m\u00fasica y danza de Granada | alhambra, fex, programa, espect\u00e1culos | INMSOL","isPartOf":{"@id":"https:\/\/www.inmsol.com\/es\/#website"},"primaryImageOfPage":{"@id":"https:\/\/www.inmsol.com\/es\/blog-escuela\/eventos-granada\/festival-internacional-de-musica-y-danza-de-granada\/#primaryimage"},"image":{"@id":"https:\/\/www.inmsol.com\/es\/blog-escuela\/eventos-granada\/festival-internacional-de-musica-y-danza-de-granada\/#primaryimage"},"thumbnailUrl":"https:\/\/www.inmsol.com\/wp-content\/uploads\/2013\/08\/culturalatinoamericana.jpg","datePublished":"2012-06-26T16:12:45+00:00","dateModified":"2018-05-29T07:19:27+00:00","breadcrumb":{"@id":"https:\/\/www.inmsol.com\/es\/blog-escuela\/eventos-granada\/festival-internacional-de-musica-y-danza-de-granada\/#breadcrumb"},"inLanguage":"es","potentialAction":[{"@type":"ReadAction","target":["https:\/\/www.inmsol.com\/es\/blog-escuela\/eventos-granada\/festival-internacional-de-musica-y-danza-de-granada\/"]}]},{"@type":"ImageObject","inLanguage":"es","@id":"https:\/\/www.inmsol.com\/es\/blog-escuela\/eventos-granada\/festival-internacional-de-musica-y-danza-de-granada\/#primaryimage","url":"https:\/\/www.inmsol.com\/wp-content\/uploads\/2013\/08\/culturalatinoamericana.jpg","contentUrl":"https:\/\/www.inmsol.com\/wp-content\/uploads\/2013\/08\/culturalatinoamericana.jpg","width":1024,"height":746},{"@type":"BreadcrumbList","@id":"https:\/\/www.inmsol.com\/es\/blog-escuela\/eventos-granada\/festival-internacional-de-musica-y-danza-de-granada\/#breadcrumb","itemListElement":[{"@type":"ListItem","position":1,"name":"Accredited Center by Instituto Cervantes","item":"https:\/\/www.inmsol.com\/es\/pagina-ejemplo\/"},{"@type":"ListItem","position":2,"name":"Blog Escuela Espa\u00f1ol","item":"https:\/\/www.inmsol.com\/es\/category\/blog-escuela\/"},{"@type":"ListItem","position":3,"name":"Eventos en Granada","item":"https:\/\/www.inmsol.com\/es\/category\/blog-escuela\/eventos-granada\/"},{"@type":"ListItem","position":4,"name":"Festival internacional de m\u00fasica y danza de Granada"}]},{"@type":"WebSite","@id":"https:\/\/www.inmsol.com\/es\/#website","url":"https:\/\/www.inmsol.com\/es\/","name":"iNMSOL","description":"Aprenda Espa\u00f1ol con iNMSOL en Granada | Centro Acreditado por el Instituto Cervantes","publisher":{"@id":"https:\/\/www.inmsol.com\/es\/#organization"},"potentialAction":[{"@type":"SearchAction","target":{"@type":"EntryPoint","urlTemplate":"https:\/\/www.inmsol.com\/es\/?s={search_term_string}"},"query-input":{"@type":"PropertyValueSpecification","valueRequired":true,"valueName":"search_term_string"}}],"inLanguage":"es"},{"@type":"Organization","@id":"https:\/\/www.inmsol.com\/es\/#organization","name":"Instituto Mediterr\u00e1neo Sol","url":"https:\/\/www.inmsol.com\/es\/","logo":{"@type":"ImageObject","inLanguage":"es","@id":"https:\/\/www.inmsol.com\/es\/#\/schema\/logo\/image\/","url":"https:\/\/www.inmsol.com\/wp-content\/uploads\/2023\/06\/logo-inmsol-1.png","contentUrl":"https:\/\/www.inmsol.com\/wp-content\/uploads\/2023\/06\/logo-inmsol-1.png","width":136,"height":73,"caption":"Instituto Mediterr\u00e1neo Sol"},"image":{"@id":"https:\/\/www.inmsol.com\/es\/#\/schema\/logo\/image\/"},"sameAs":["https:\/\/www.facebook.com\/spanishcourses","https:\/\/x.com\/StudyInGranada","http:\/\/instagram.com\/imsolgranada","https:\/\/es.linkedin.com\/company\/imsol-granada","https:\/\/www.pinterest.es\/inmsol\/","https:\/\/www.youtube.com\/channel\/UChz-Qn_7coFMosY85iYMO4g"]},{"@type":"Person","@id":"https:\/\/www.inmsol.com\/es\/#\/schema\/person\/18f18acd0397ef441e373e79ec3eb6ea","name":"Javier Torres","image":{"@type":"ImageObject","inLanguage":"es","@id":"https:\/\/secure.gravatar.com\/avatar\/90afa2d6499550218d247408758082af566e5ec3641e1b8eac0d7bb889344a55?s=96&d=mm&r=g","url":"https:\/\/secure.gravatar.com\/avatar\/90afa2d6499550218d247408758082af566e5ec3641e1b8eac0d7bb889344a55?s=96&d=mm&r=g","contentUrl":"https:\/\/secure.gravatar.com\/avatar\/90afa2d6499550218d247408758082af566e5ec3641e1b8eac0d7bb889344a55?s=96&d=mm&r=g","caption":"Javier Torres"},"url":"https:\/\/www.inmsol.com\/es\/author\/javier\/"}]}},"_links":{"self":[{"href":"https:\/\/www.inmsol.com\/es\/wp-json\/wp\/v2\/posts\/1053","targetHints":{"allow":["GET"]}}],"collection":[{"href":"https:\/\/www.inmsol.com\/es\/wp-json\/wp\/v2\/posts"}],"about":[{"href":"https:\/\/www.inmsol.com\/es\/wp-json\/wp\/v2\/types\/post"}],"author":[{"embeddable":true,"href":"https:\/\/www.inmsol.com\/es\/wp-json\/wp\/v2\/users\/2"}],"replies":[{"embeddable":true,"href":"https:\/\/www.inmsol.com\/es\/wp-json\/wp\/v2\/comments?post=1053"}],"version-history":[{"count":0,"href":"https:\/\/www.inmsol.com\/es\/wp-json\/wp\/v2\/posts\/1053\/revisions"}],"wp:featuredmedia":[{"embeddable":true,"href":"https:\/\/www.inmsol.com\/es\/wp-json\/wp\/v2\/media\/7143"}],"wp:attachment":[{"href":"https:\/\/www.inmsol.com\/es\/wp-json\/wp\/v2\/media?parent=1053"}],"wp:term":[{"taxonomy":"category","embeddable":true,"href":"https:\/\/www.inmsol.com\/es\/wp-json\/wp\/v2\/categories?post=1053"},{"taxonomy":"post_tag","embeddable":true,"href":"https:\/\/www.inmsol.com\/es\/wp-json\/wp\/v2\/tags?post=1053"}],"curies":[{"name":"wp","href":"https:\/\/api.w.org\/{rel}","templated":true}]}}