{"id":1101,"date":"2013-04-20T20:06:10","date_gmt":"2013-04-20T18:06:10","guid":{"rendered":"https:\/\/www.inmsol.com\/"},"modified":"2018-12-27T13:16:50","modified_gmt":"2018-12-27T12:16:50","slug":"el-realejo","status":"publish","type":"post","link":"https:\/\/www.inmsol.com\/es\/blog-escuela\/lugares-imprescindibles-granada\/el-realejo\/","title":{"rendered":"El Realejo"},"content":{"rendered":"<p class=\"rtecenter\"><strong><em>El Realejo<\/em><\/strong><\/p>\n<p class=\"rteleft\">Incluso antes de la llegada de los moros, en el siglo VIII, los jud\u00edos ten\u00edan su ciudadela en las orilla izquierda del Darro. La ciudad se identific\u00f3 con ellos de tal manera que los moros la llamaban \u00abGarnata al-Yahud\u00bb, <em>Granada de los jud\u00edos<\/em>. Cuando los cristianos tomaron la ciudad, arrasaron el barrio de los detestados jud\u00edos y lo renombraron El Realejo, pues hab\u00eda sido apropiado por la Corona.<\/p>\n<p><!--break--><\/p>\n<p>El \u00fanico espacio p\u00fablico importante del barrio es el <strong>Campo del Pr\u00edncipe,<\/strong> creado por los Reyes Cat\u00f3licos para la celebraci\u00f3n de las fiestas nupciales de su hijo Juan, que muri\u00f3 poco despu\u00e9s, dicen de agotamiento sexual, tan apasionado estaba por su joven esposa. En verano el Campo es un centro de la vida nocturna, llen\u00e1ndose de mesas de las muchas tabernas que lo rodean.<\/p>\n<p class=\"rteleft\">En la cuesta que sube desde el Campo del Pr\u00edncipe est\u00e1 la bonita iglesia del patr\u00f3n de Granada, <strong>San Cecilio<\/strong>. En esta foto la vemos \u00abcoronada\u00bb por el extravagante <strong>Hotel Alhambra Palace<\/strong>, construido a principios del siglo XX por un arist\u00f3crata granadino, a fin de alojar a su amigo el rey Alfonso XIII y a su s\u00e9quito, cuando ven\u00edan a cazar en la regi\u00f3n.<\/p>\n<p>Source<\/p>\n","protected":false},"excerpt":{"rendered":"<p>Incluso antes de la llegada de los moros, en el siglo VIII, los jud\u00edos ten\u00edan su ciudadela en las orilla izquierda del Darro. <\/p>\n","protected":false},"author":2,"featured_media":9253,"comment_status":"closed","ping_status":"closed","sticky":false,"template":"","format":"standard","meta":{"_acf_changed":false,"footnotes":""},"categories":[396],"tags":[],"class_list":["post-1101","post","type-post","status-publish","format-standard","has-post-thumbnail","hentry","category-lugares-imprescindibles-granada"],"acf":[],"yoast_head":"<!-- This site is optimized with the Yoast SEO plugin v27.5 - https:\/\/yoast.com\/product\/yoast-seo-wordpress\/ -->\n<title>El Realejo | Barrio jud\u00edo Granada Campo del Pr\u00edncipe | INMSOL<\/title>\n<meta name=\"description\" content=\"El Realejo fue la ciudadela de los jud\u00edos hasta la Reconquista de los Reyes Cat\u00f3licos. El Campo del Pr\u00edncipe es uno de los espacios m\u00e1s importantes.\" \/>\n<meta name=\"robots\" content=\"index, follow, max-snippet:-1, max-image-preview:large, max-video-preview:-1\" \/>\n<link rel=\"canonical\" href=\"https:\/\/www.inmsol.com\/es\/blog-escuela\/lugares-imprescindibles-granada\/el-realejo\/\" \/>\n<meta property=\"og:locale\" content=\"es_ES\" \/>\n<meta property=\"og:type\" content=\"article\" \/>\n<meta property=\"og:title\" content=\"El Realejo | Barrio jud\u00edo Granada Campo del Pr\u00edncipe | INMSOL\" \/>\n<meta property=\"og:description\" content=\"El Realejo fue la ciudadela de los jud\u00edos hasta la Reconquista de los Reyes Cat\u00f3licos. El Campo del Pr\u00edncipe es uno de los espacios m\u00e1s importantes.\" \/>\n<meta property=\"og:url\" content=\"https:\/\/www.inmsol.com\/es\/blog-escuela\/lugares-imprescindibles-granada\/el-realejo\/\" \/>\n<meta property=\"og:site_name\" content=\"iNMSOL\" \/>\n<meta property=\"article:publisher\" content=\"https:\/\/www.facebook.com\/spanishcourses\" \/>\n<meta property=\"article:published_time\" content=\"2013-04-20T18:06:10+00:00\" \/>\n<meta property=\"article:modified_time\" content=\"2018-12-27T12:16:50+00:00\" \/>\n<meta property=\"og:image\" content=\"https:\/\/www.inmsol.com\/wp-content\/uploads\/2013\/04\/realejo1.jpg\" \/>\n\t<meta property=\"og:image:width\" content=\"1024\" \/>\n\t<meta property=\"og:image:height\" content=\"768\" \/>\n\t<meta property=\"og:image:type\" content=\"image\/jpeg\" \/>\n<meta name=\"author\" content=\"Javier Torres\" \/>\n<meta name=\"twitter:label1\" content=\"Escrito por\" \/>\n\t<meta name=\"twitter:data1\" content=\"Javier Torres\" \/>\n\t<meta name=\"twitter:label2\" content=\"Tiempo de lectura\" \/>\n\t<meta name=\"twitter:data2\" content=\"1 minuto\" \/>\n<script type=\"application\/ld+json\" class=\"yoast-schema-graph\">{\"@context\":\"https:\\\/\\\/schema.org\",\"@graph\":[{\"@type\":\"Article\",\"@id\":\"https:\\\/\\\/www.inmsol.com\\\/es\\\/blog-escuela\\\/lugares-imprescindibles-granada\\\/el-realejo\\\/#article\",\"isPartOf\":{\"@id\":\"https:\\\/\\\/www.inmsol.com\\\/es\\\/blog-escuela\\\/lugares-imprescindibles-granada\\\/el-realejo\\\/\"},\"author\":{\"name\":\"Javier Torres\",\"@id\":\"https:\\\/\\\/www.inmsol.com\\\/es\\\/#\\\/schema\\\/person\\\/18f18acd0397ef441e373e79ec3eb6ea\"},\"headline\":\"El Realejo\",\"datePublished\":\"2013-04-20T18:06:10+00:00\",\"dateModified\":\"2018-12-27T12:16:50+00:00\",\"mainEntityOfPage\":{\"@id\":\"https:\\\/\\\/www.inmsol.com\\\/es\\\/blog-escuela\\\/lugares-imprescindibles-granada\\\/el-realejo\\\/\"},\"wordCount\":218,\"publisher\":{\"@id\":\"https:\\\/\\\/www.inmsol.com\\\/es\\\/#organization\"},\"image\":{\"@id\":\"https:\\\/\\\/www.inmsol.com\\\/es\\\/blog-escuela\\\/lugares-imprescindibles-granada\\\/el-realejo\\\/#primaryimage\"},\"thumbnailUrl\":\"https:\\\/\\\/www.inmsol.com\\\/wp-content\\\/uploads\\\/2013\\\/04\\\/realejo1.jpg\",\"articleSection\":[\"Lugares Imprescindibles en Granada\"],\"inLanguage\":\"es\"},{\"@type\":\"WebPage\",\"@id\":\"https:\\\/\\\/www.inmsol.com\\\/es\\\/blog-escuela\\\/lugares-imprescindibles-granada\\\/el-realejo\\\/\",\"url\":\"https:\\\/\\\/www.inmsol.com\\\/es\\\/blog-escuela\\\/lugares-imprescindibles-granada\\\/el-realejo\\\/\",\"name\":\"El Realejo | Barrio jud\u00edo Granada Campo del Pr\u00edncipe | INMSOL\",\"isPartOf\":{\"@id\":\"https:\\\/\\\/www.inmsol.com\\\/es\\\/#website\"},\"primaryImageOfPage\":{\"@id\":\"https:\\\/\\\/www.inmsol.com\\\/es\\\/blog-escuela\\\/lugares-imprescindibles-granada\\\/el-realejo\\\/#primaryimage\"},\"image\":{\"@id\":\"https:\\\/\\\/www.inmsol.com\\\/es\\\/blog-escuela\\\/lugares-imprescindibles-granada\\\/el-realejo\\\/#primaryimage\"},\"thumbnailUrl\":\"https:\\\/\\\/www.inmsol.com\\\/wp-content\\\/uploads\\\/2013\\\/04\\\/realejo1.jpg\",\"datePublished\":\"2013-04-20T18:06:10+00:00\",\"dateModified\":\"2018-12-27T12:16:50+00:00\",\"description\":\"El Realejo fue la ciudadela de los jud\u00edos hasta la Reconquista de los Reyes Cat\u00f3licos. El Campo del Pr\u00edncipe es uno de los espacios m\u00e1s importantes.\",\"breadcrumb\":{\"@id\":\"https:\\\/\\\/www.inmsol.com\\\/es\\\/blog-escuela\\\/lugares-imprescindibles-granada\\\/el-realejo\\\/#breadcrumb\"},\"inLanguage\":\"es\",\"potentialAction\":[{\"@type\":\"ReadAction\",\"target\":[\"https:\\\/\\\/www.inmsol.com\\\/es\\\/blog-escuela\\\/lugares-imprescindibles-granada\\\/el-realejo\\\/\"]}]},{\"@type\":\"ImageObject\",\"inLanguage\":\"es\",\"@id\":\"https:\\\/\\\/www.inmsol.com\\\/es\\\/blog-escuela\\\/lugares-imprescindibles-granada\\\/el-realejo\\\/#primaryimage\",\"url\":\"https:\\\/\\\/www.inmsol.com\\\/wp-content\\\/uploads\\\/2013\\\/04\\\/realejo1.jpg\",\"contentUrl\":\"https:\\\/\\\/www.inmsol.com\\\/wp-content\\\/uploads\\\/2013\\\/04\\\/realejo1.jpg\",\"width\":1024,\"height\":768},{\"@type\":\"BreadcrumbList\",\"@id\":\"https:\\\/\\\/www.inmsol.com\\\/es\\\/blog-escuela\\\/lugares-imprescindibles-granada\\\/el-realejo\\\/#breadcrumb\",\"itemListElement\":[{\"@type\":\"ListItem\",\"position\":1,\"name\":\"Accredited Center by Instituto Cervantes\",\"item\":\"https:\\\/\\\/www.inmsol.com\\\/es\\\/pagina-ejemplo\\\/\"},{\"@type\":\"ListItem\",\"position\":2,\"name\":\"Blog Escuela Espa\u00f1ol\",\"item\":\"https:\\\/\\\/www.inmsol.com\\\/es\\\/category\\\/blog-escuela\\\/\"},{\"@type\":\"ListItem\",\"position\":3,\"name\":\"Lugares Imprescindibles en Granada\",\"item\":\"https:\\\/\\\/www.inmsol.com\\\/es\\\/category\\\/blog-escuela\\\/lugares-imprescindibles-granada\\\/\"},{\"@type\":\"ListItem\",\"position\":4,\"name\":\"El Realejo\"}]},{\"@type\":\"WebSite\",\"@id\":\"https:\\\/\\\/www.inmsol.com\\\/es\\\/#website\",\"url\":\"https:\\\/\\\/www.inmsol.com\\\/es\\\/\",\"name\":\"iNMSOL\",\"description\":\"Aprenda Espa\u00f1ol con iNMSOL en Granada | Centro Acreditado por el Instituto Cervantes\",\"publisher\":{\"@id\":\"https:\\\/\\\/www.inmsol.com\\\/es\\\/#organization\"},\"potentialAction\":[{\"@type\":\"SearchAction\",\"target\":{\"@type\":\"EntryPoint\",\"urlTemplate\":\"https:\\\/\\\/www.inmsol.com\\\/es\\\/?s={search_term_string}\"},\"query-input\":{\"@type\":\"PropertyValueSpecification\",\"valueRequired\":true,\"valueName\":\"search_term_string\"}}],\"inLanguage\":\"es\"},{\"@type\":\"Organization\",\"@id\":\"https:\\\/\\\/www.inmsol.com\\\/es\\\/#organization\",\"name\":\"Instituto Mediterr\u00e1neo Sol\",\"url\":\"https:\\\/\\\/www.inmsol.com\\\/es\\\/\",\"logo\":{\"@type\":\"ImageObject\",\"inLanguage\":\"es\",\"@id\":\"https:\\\/\\\/www.inmsol.com\\\/es\\\/#\\\/schema\\\/logo\\\/image\\\/\",\"url\":\"https:\\\/\\\/www.inmsol.com\\\/wp-content\\\/uploads\\\/2023\\\/06\\\/logo-inmsol-1.png\",\"contentUrl\":\"https:\\\/\\\/www.inmsol.com\\\/wp-content\\\/uploads\\\/2023\\\/06\\\/logo-inmsol-1.png\",\"width\":136,\"height\":73,\"caption\":\"Instituto Mediterr\u00e1neo Sol\"},\"image\":{\"@id\":\"https:\\\/\\\/www.inmsol.com\\\/es\\\/#\\\/schema\\\/logo\\\/image\\\/\"},\"sameAs\":[\"https:\\\/\\\/www.facebook.com\\\/spanishcourses\",\"https:\\\/\\\/x.com\\\/StudyInGranada\",\"http:\\\/\\\/instagram.com\\\/imsolgranada\",\"https:\\\/\\\/es.linkedin.com\\\/company\\\/imsol-granada\",\"https:\\\/\\\/www.pinterest.es\\\/inmsol\\\/\",\"https:\\\/\\\/www.youtube.com\\\/channel\\\/UChz-Qn_7coFMosY85iYMO4g\"]},{\"@type\":\"Person\",\"@id\":\"https:\\\/\\\/www.inmsol.com\\\/es\\\/#\\\/schema\\\/person\\\/18f18acd0397ef441e373e79ec3eb6ea\",\"name\":\"Javier Torres\",\"image\":{\"@type\":\"ImageObject\",\"inLanguage\":\"es\",\"@id\":\"https:\\\/\\\/secure.gravatar.com\\\/avatar\\\/90afa2d6499550218d247408758082af566e5ec3641e1b8eac0d7bb889344a55?s=96&d=mm&r=g\",\"url\":\"https:\\\/\\\/secure.gravatar.com\\\/avatar\\\/90afa2d6499550218d247408758082af566e5ec3641e1b8eac0d7bb889344a55?s=96&d=mm&r=g\",\"contentUrl\":\"https:\\\/\\\/secure.gravatar.com\\\/avatar\\\/90afa2d6499550218d247408758082af566e5ec3641e1b8eac0d7bb889344a55?s=96&d=mm&r=g\",\"caption\":\"Javier Torres\"},\"url\":\"https:\\\/\\\/www.inmsol.com\\\/es\\\/author\\\/javier\\\/\"}]}<\/script>\n<!-- \/ Yoast SEO plugin. -->","yoast_head_json":{"title":"El Realejo | Barrio jud\u00edo Granada Campo del Pr\u00edncipe | INMSOL","description":"El Realejo fue la ciudadela de los jud\u00edos hasta la Reconquista de los Reyes Cat\u00f3licos. El Campo del Pr\u00edncipe es uno de los espacios m\u00e1s importantes.","robots":{"index":"index","follow":"follow","max-snippet":"max-snippet:-1","max-image-preview":"max-image-preview:large","max-video-preview":"max-video-preview:-1"},"canonical":"https:\/\/www.inmsol.com\/es\/blog-escuela\/lugares-imprescindibles-granada\/el-realejo\/","og_locale":"es_ES","og_type":"article","og_title":"El Realejo | Barrio jud\u00edo Granada Campo del Pr\u00edncipe | INMSOL","og_description":"El Realejo fue la ciudadela de los jud\u00edos hasta la Reconquista de los Reyes Cat\u00f3licos. El Campo del Pr\u00edncipe es uno de los espacios m\u00e1s importantes.","og_url":"https:\/\/www.inmsol.com\/es\/blog-escuela\/lugares-imprescindibles-granada\/el-realejo\/","og_site_name":"iNMSOL","article_publisher":"https:\/\/www.facebook.com\/spanishcourses","article_published_time":"2013-04-20T18:06:10+00:00","article_modified_time":"2018-12-27T12:16:50+00:00","og_image":[{"width":1024,"height":768,"url":"https:\/\/www.inmsol.com\/wp-content\/uploads\/2013\/04\/realejo1.jpg","type":"image\/jpeg"}],"author":"Javier Torres","twitter_misc":{"Escrito por":"Javier Torres","Tiempo de lectura":"1 minuto"},"schema":{"@context":"https:\/\/schema.org","@graph":[{"@type":"Article","@id":"https:\/\/www.inmsol.com\/es\/blog-escuela\/lugares-imprescindibles-granada\/el-realejo\/#article","isPartOf":{"@id":"https:\/\/www.inmsol.com\/es\/blog-escuela\/lugares-imprescindibles-granada\/el-realejo\/"},"author":{"name":"Javier Torres","@id":"https:\/\/www.inmsol.com\/es\/#\/schema\/person\/18f18acd0397ef441e373e79ec3eb6ea"},"headline":"El Realejo","datePublished":"2013-04-20T18:06:10+00:00","dateModified":"2018-12-27T12:16:50+00:00","mainEntityOfPage":{"@id":"https:\/\/www.inmsol.com\/es\/blog-escuela\/lugares-imprescindibles-granada\/el-realejo\/"},"wordCount":218,"publisher":{"@id":"https:\/\/www.inmsol.com\/es\/#organization"},"image":{"@id":"https:\/\/www.inmsol.com\/es\/blog-escuela\/lugares-imprescindibles-granada\/el-realejo\/#primaryimage"},"thumbnailUrl":"https:\/\/www.inmsol.com\/wp-content\/uploads\/2013\/04\/realejo1.jpg","articleSection":["Lugares Imprescindibles en Granada"],"inLanguage":"es"},{"@type":"WebPage","@id":"https:\/\/www.inmsol.com\/es\/blog-escuela\/lugares-imprescindibles-granada\/el-realejo\/","url":"https:\/\/www.inmsol.com\/es\/blog-escuela\/lugares-imprescindibles-granada\/el-realejo\/","name":"El Realejo | Barrio jud\u00edo Granada Campo del Pr\u00edncipe | INMSOL","isPartOf":{"@id":"https:\/\/www.inmsol.com\/es\/#website"},"primaryImageOfPage":{"@id":"https:\/\/www.inmsol.com\/es\/blog-escuela\/lugares-imprescindibles-granada\/el-realejo\/#primaryimage"},"image":{"@id":"https:\/\/www.inmsol.com\/es\/blog-escuela\/lugares-imprescindibles-granada\/el-realejo\/#primaryimage"},"thumbnailUrl":"https:\/\/www.inmsol.com\/wp-content\/uploads\/2013\/04\/realejo1.jpg","datePublished":"2013-04-20T18:06:10+00:00","dateModified":"2018-12-27T12:16:50+00:00","description":"El Realejo fue la ciudadela de los jud\u00edos hasta la Reconquista de los Reyes Cat\u00f3licos. El Campo del Pr\u00edncipe es uno de los espacios m\u00e1s importantes.","breadcrumb":{"@id":"https:\/\/www.inmsol.com\/es\/blog-escuela\/lugares-imprescindibles-granada\/el-realejo\/#breadcrumb"},"inLanguage":"es","potentialAction":[{"@type":"ReadAction","target":["https:\/\/www.inmsol.com\/es\/blog-escuela\/lugares-imprescindibles-granada\/el-realejo\/"]}]},{"@type":"ImageObject","inLanguage":"es","@id":"https:\/\/www.inmsol.com\/es\/blog-escuela\/lugares-imprescindibles-granada\/el-realejo\/#primaryimage","url":"https:\/\/www.inmsol.com\/wp-content\/uploads\/2013\/04\/realejo1.jpg","contentUrl":"https:\/\/www.inmsol.com\/wp-content\/uploads\/2013\/04\/realejo1.jpg","width":1024,"height":768},{"@type":"BreadcrumbList","@id":"https:\/\/www.inmsol.com\/es\/blog-escuela\/lugares-imprescindibles-granada\/el-realejo\/#breadcrumb","itemListElement":[{"@type":"ListItem","position":1,"name":"Accredited Center by Instituto Cervantes","item":"https:\/\/www.inmsol.com\/es\/pagina-ejemplo\/"},{"@type":"ListItem","position":2,"name":"Blog Escuela Espa\u00f1ol","item":"https:\/\/www.inmsol.com\/es\/category\/blog-escuela\/"},{"@type":"ListItem","position":3,"name":"Lugares Imprescindibles en Granada","item":"https:\/\/www.inmsol.com\/es\/category\/blog-escuela\/lugares-imprescindibles-granada\/"},{"@type":"ListItem","position":4,"name":"El Realejo"}]},{"@type":"WebSite","@id":"https:\/\/www.inmsol.com\/es\/#website","url":"https:\/\/www.inmsol.com\/es\/","name":"iNMSOL","description":"Aprenda Espa\u00f1ol con iNMSOL en Granada | Centro Acreditado por el Instituto Cervantes","publisher":{"@id":"https:\/\/www.inmsol.com\/es\/#organization"},"potentialAction":[{"@type":"SearchAction","target":{"@type":"EntryPoint","urlTemplate":"https:\/\/www.inmsol.com\/es\/?s={search_term_string}"},"query-input":{"@type":"PropertyValueSpecification","valueRequired":true,"valueName":"search_term_string"}}],"inLanguage":"es"},{"@type":"Organization","@id":"https:\/\/www.inmsol.com\/es\/#organization","name":"Instituto Mediterr\u00e1neo Sol","url":"https:\/\/www.inmsol.com\/es\/","logo":{"@type":"ImageObject","inLanguage":"es","@id":"https:\/\/www.inmsol.com\/es\/#\/schema\/logo\/image\/","url":"https:\/\/www.inmsol.com\/wp-content\/uploads\/2023\/06\/logo-inmsol-1.png","contentUrl":"https:\/\/www.inmsol.com\/wp-content\/uploads\/2023\/06\/logo-inmsol-1.png","width":136,"height":73,"caption":"Instituto Mediterr\u00e1neo Sol"},"image":{"@id":"https:\/\/www.inmsol.com\/es\/#\/schema\/logo\/image\/"},"sameAs":["https:\/\/www.facebook.com\/spanishcourses","https:\/\/x.com\/StudyInGranada","http:\/\/instagram.com\/imsolgranada","https:\/\/es.linkedin.com\/company\/imsol-granada","https:\/\/www.pinterest.es\/inmsol\/","https:\/\/www.youtube.com\/channel\/UChz-Qn_7coFMosY85iYMO4g"]},{"@type":"Person","@id":"https:\/\/www.inmsol.com\/es\/#\/schema\/person\/18f18acd0397ef441e373e79ec3eb6ea","name":"Javier Torres","image":{"@type":"ImageObject","inLanguage":"es","@id":"https:\/\/secure.gravatar.com\/avatar\/90afa2d6499550218d247408758082af566e5ec3641e1b8eac0d7bb889344a55?s=96&d=mm&r=g","url":"https:\/\/secure.gravatar.com\/avatar\/90afa2d6499550218d247408758082af566e5ec3641e1b8eac0d7bb889344a55?s=96&d=mm&r=g","contentUrl":"https:\/\/secure.gravatar.com\/avatar\/90afa2d6499550218d247408758082af566e5ec3641e1b8eac0d7bb889344a55?s=96&d=mm&r=g","caption":"Javier Torres"},"url":"https:\/\/www.inmsol.com\/es\/author\/javier\/"}]}},"_links":{"self":[{"href":"https:\/\/www.inmsol.com\/es\/wp-json\/wp\/v2\/posts\/1101","targetHints":{"allow":["GET"]}}],"collection":[{"href":"https:\/\/www.inmsol.com\/es\/wp-json\/wp\/v2\/posts"}],"about":[{"href":"https:\/\/www.inmsol.com\/es\/wp-json\/wp\/v2\/types\/post"}],"author":[{"embeddable":true,"href":"https:\/\/www.inmsol.com\/es\/wp-json\/wp\/v2\/users\/2"}],"replies":[{"embeddable":true,"href":"https:\/\/www.inmsol.com\/es\/wp-json\/wp\/v2\/comments?post=1101"}],"version-history":[{"count":0,"href":"https:\/\/www.inmsol.com\/es\/wp-json\/wp\/v2\/posts\/1101\/revisions"}],"wp:featuredmedia":[{"embeddable":true,"href":"https:\/\/www.inmsol.com\/es\/wp-json\/wp\/v2\/media\/9253"}],"wp:attachment":[{"href":"https:\/\/www.inmsol.com\/es\/wp-json\/wp\/v2\/media?parent=1101"}],"wp:term":[{"taxonomy":"category","embeddable":true,"href":"https:\/\/www.inmsol.com\/es\/wp-json\/wp\/v2\/categories?post=1101"},{"taxonomy":"post_tag","embeddable":true,"href":"https:\/\/www.inmsol.com\/es\/wp-json\/wp\/v2\/tags?post=1101"}],"curies":[{"name":"wp","href":"https:\/\/api.w.org\/{rel}","templated":true}]}}