{"id":1225,"date":"2013-06-25T11:48:54","date_gmt":"2013-06-25T09:48:54","guid":{"rendered":"https:\/\/www.inmsol.com\/"},"modified":"2019-04-23T23:30:38","modified_gmt":"2019-04-23T21:30:38","slug":"adios-nino-de-las-almendras","status":"publish","type":"post","link":"https:\/\/www.inmsol.com\/es\/blog-escuela\/noticias\/adios-nino-de-las-almendras\/","title":{"rendered":"Adios Ni\u00f1o de las Almendras"},"content":{"rendered":"<div class=\"rtejustify\">El Albaic\u00edn pierde otro trocito m\u00e1s de su Patrimonio Hist\u00f3rico. La noche del viernes falleci\u00f3 Jos\u00e9 Ferrer Gonz\u00e1lez a la edad de 80 a\u00f1os, m\u00e1s conocido en el flamenco granadino como &#8216;El Ni\u00f1o de las Almendras\u2019. As\u00ed se concluye \u201ctoda una \u00e9poca del flamenco, el flamenco de las ventas, la f\u00e1tica y el hambre\u201d.<\/div>\n<div class=\"rtejustify\"><\/div>\n<div class=\"rtejustify\">Cantaor payo, naci\u00f3 en Granada \u00a0en el barrio del Albaic\u00edn, en el a\u00f1o de 1933. A los ocho a\u00f1os dej\u00f3 la escuela y comenz\u00f3 a cantar por los patios de su barrio donde eran muy t\u00edpicas las reuniones familiares y de vecinos. Con doce a\u00f1os, gan\u00f3 su primer concurso y despu\u00e9s logr\u00f3 la fama y el prestigio local en La Chata, la vieja calle taurina de Granada. En el Albaic\u00edn ten\u00eda su casa, situada en la calle del Muladar de Do\u00f1a Sancha, convertida en pe\u00f1a cultural flamenca donde actu\u00f3 durante muchos a\u00f1os y donde, seg\u00fan dec\u00eda, reun\u00eda todo el mundo.<\/div>\n<div><\/div>\n<div class=\"rtejustify\">Todos lo consideran el \u2018maestro en el cante libre\u2019, un artista con una voz extraordinaria que hac\u00eda las delicias de todos los aficionados del flamenco. Con su talento, con su humor y su vitalidad rend\u00eda tambi\u00e9n a los m\u00e1s j\u00f3venes, como subraya Curro Albayz\u00edn: \u201cEra un gran artista muy querido que, pese a su edad, se hab\u00eda convertido en el \u00eddolo de la juventud\u201d.<\/div>\n<div><\/div>\n<div><\/div>\n","protected":false},"excerpt":{"rendered":"<p>El Albaic\u00edn pierde otro trocito m\u00e1s de su Patrimonio Hist\u00f3rico. La noche del viernes falleci\u00f3 Jos\u00e9 Ferrer Gonz\u00e1lez a la edad de 80 a\u00f1os, m\u00e1s conocido en el flamenco granadino como &#8216;El Ni\u00f1o de las Almendras\u2019. As\u00ed se concluye \u201ctoda una \u00e9poca del flamenco, el&#8230;<\/p>\n","protected":false},"author":2,"featured_media":9207,"comment_status":"closed","ping_status":"closed","sticky":false,"template":"","format":"standard","meta":{"_acf_changed":false,"footnotes":""},"categories":[82],"tags":[],"class_list":["post-1225","post","type-post","status-publish","format-standard","has-post-thumbnail","hentry","category-noticias"],"acf":[],"yoast_head":"<!-- This site is optimized with the Yoast SEO plugin v27.5 - https:\/\/yoast.com\/product\/yoast-seo-wordpress\/ -->\n<title>Adios Ni\u00f1o de las Almendras | Adios Ni\u00f1o de las Almendras | INMSOL<\/title>\n<meta name=\"description\" content=\"El Albaic\u00edn pierde otro trocito m\u00e1s de su Patrimonio Hist\u00f3rico. La noche del viernes falleci\u00f3 Jos\u00e9 Ferrer Gonz\u00e1lez, m\u00e1s conocido en el flamenco granadino como &#039;El Ni\u00f1o de las Almendras\u2019.\" \/>\n<meta name=\"robots\" content=\"index, follow, max-snippet:-1, max-image-preview:large, max-video-preview:-1\" \/>\n<link rel=\"canonical\" href=\"https:\/\/www.inmsol.com\/es\/blog-escuela\/noticias\/adios-nino-de-las-almendras\/\" \/>\n<meta property=\"og:locale\" content=\"es_ES\" \/>\n<meta property=\"og:type\" content=\"article\" \/>\n<meta property=\"og:title\" content=\"Adios Ni\u00f1o de las Almendras | Adios Ni\u00f1o de las Almendras | INMSOL\" \/>\n<meta property=\"og:description\" content=\"El Albaic\u00edn pierde otro trocito m\u00e1s de su Patrimonio Hist\u00f3rico. La noche del viernes falleci\u00f3 Jos\u00e9 Ferrer Gonz\u00e1lez, m\u00e1s conocido en el flamenco granadino como &#039;El Ni\u00f1o de las Almendras\u2019.\" \/>\n<meta property=\"og:url\" content=\"https:\/\/www.inmsol.com\/es\/blog-escuela\/noticias\/adios-nino-de-las-almendras\/\" \/>\n<meta property=\"og:site_name\" content=\"iNMSOL\" \/>\n<meta property=\"article:publisher\" content=\"https:\/\/www.facebook.com\/spanishcourses\" \/>\n<meta property=\"article:published_time\" content=\"2013-06-25T09:48:54+00:00\" \/>\n<meta property=\"article:modified_time\" content=\"2019-04-23T21:30:38+00:00\" \/>\n<meta property=\"og:image\" content=\"https:\/\/www.inmsol.com\/wp-content\/uploads\/2013\/06\/25600025.jpg\" \/>\n\t<meta property=\"og:image:width\" content=\"1024\" \/>\n\t<meta property=\"og:image:height\" content=\"679\" \/>\n\t<meta property=\"og:image:type\" content=\"image\/jpeg\" \/>\n<meta name=\"author\" content=\"Javier Torres\" \/>\n<meta name=\"twitter:label1\" content=\"Escrito por\" \/>\n\t<meta name=\"twitter:data1\" content=\"Javier Torres\" \/>\n\t<meta name=\"twitter:label2\" content=\"Tiempo de lectura\" \/>\n\t<meta name=\"twitter:data2\" content=\"1 minuto\" \/>\n<script type=\"application\/ld+json\" class=\"yoast-schema-graph\">{\"@context\":\"https:\\\/\\\/schema.org\",\"@graph\":[{\"@type\":\"Article\",\"@id\":\"https:\\\/\\\/www.inmsol.com\\\/es\\\/blog-escuela\\\/noticias\\\/adios-nino-de-las-almendras\\\/#article\",\"isPartOf\":{\"@id\":\"https:\\\/\\\/www.inmsol.com\\\/es\\\/blog-escuela\\\/noticias\\\/adios-nino-de-las-almendras\\\/\"},\"author\":{\"name\":\"Javier Torres\",\"@id\":\"https:\\\/\\\/www.inmsol.com\\\/es\\\/#\\\/schema\\\/person\\\/18f18acd0397ef441e373e79ec3eb6ea\"},\"headline\":\"Adios Ni\u00f1o de las Almendras\",\"datePublished\":\"2013-06-25T09:48:54+00:00\",\"dateModified\":\"2019-04-23T21:30:38+00:00\",\"mainEntityOfPage\":{\"@id\":\"https:\\\/\\\/www.inmsol.com\\\/es\\\/blog-escuela\\\/noticias\\\/adios-nino-de-las-almendras\\\/\"},\"wordCount\":251,\"publisher\":{\"@id\":\"https:\\\/\\\/www.inmsol.com\\\/es\\\/#organization\"},\"image\":{\"@id\":\"https:\\\/\\\/www.inmsol.com\\\/es\\\/blog-escuela\\\/noticias\\\/adios-nino-de-las-almendras\\\/#primaryimage\"},\"thumbnailUrl\":\"https:\\\/\\\/www.inmsol.com\\\/wp-content\\\/uploads\\\/2013\\\/06\\\/25600025.jpg\",\"articleSection\":[\"Noticias y Servicios iNMSOL\"],\"inLanguage\":\"es\"},{\"@type\":\"WebPage\",\"@id\":\"https:\\\/\\\/www.inmsol.com\\\/es\\\/blog-escuela\\\/noticias\\\/adios-nino-de-las-almendras\\\/\",\"url\":\"https:\\\/\\\/www.inmsol.com\\\/es\\\/blog-escuela\\\/noticias\\\/adios-nino-de-las-almendras\\\/\",\"name\":\"Adios Ni\u00f1o de las Almendras | Adios Ni\u00f1o de las Almendras | INMSOL\",\"isPartOf\":{\"@id\":\"https:\\\/\\\/www.inmsol.com\\\/es\\\/#website\"},\"primaryImageOfPage\":{\"@id\":\"https:\\\/\\\/www.inmsol.com\\\/es\\\/blog-escuela\\\/noticias\\\/adios-nino-de-las-almendras\\\/#primaryimage\"},\"image\":{\"@id\":\"https:\\\/\\\/www.inmsol.com\\\/es\\\/blog-escuela\\\/noticias\\\/adios-nino-de-las-almendras\\\/#primaryimage\"},\"thumbnailUrl\":\"https:\\\/\\\/www.inmsol.com\\\/wp-content\\\/uploads\\\/2013\\\/06\\\/25600025.jpg\",\"datePublished\":\"2013-06-25T09:48:54+00:00\",\"dateModified\":\"2019-04-23T21:30:38+00:00\",\"description\":\"El Albaic\u00edn pierde otro trocito m\u00e1s de su Patrimonio Hist\u00f3rico. La noche del viernes falleci\u00f3 Jos\u00e9 Ferrer Gonz\u00e1lez, m\u00e1s conocido en el flamenco granadino como 'El Ni\u00f1o de las Almendras\u2019.\",\"breadcrumb\":{\"@id\":\"https:\\\/\\\/www.inmsol.com\\\/es\\\/blog-escuela\\\/noticias\\\/adios-nino-de-las-almendras\\\/#breadcrumb\"},\"inLanguage\":\"es\",\"potentialAction\":[{\"@type\":\"ReadAction\",\"target\":[\"https:\\\/\\\/www.inmsol.com\\\/es\\\/blog-escuela\\\/noticias\\\/adios-nino-de-las-almendras\\\/\"]}]},{\"@type\":\"ImageObject\",\"inLanguage\":\"es\",\"@id\":\"https:\\\/\\\/www.inmsol.com\\\/es\\\/blog-escuela\\\/noticias\\\/adios-nino-de-las-almendras\\\/#primaryimage\",\"url\":\"https:\\\/\\\/www.inmsol.com\\\/wp-content\\\/uploads\\\/2013\\\/06\\\/25600025.jpg\",\"contentUrl\":\"https:\\\/\\\/www.inmsol.com\\\/wp-content\\\/uploads\\\/2013\\\/06\\\/25600025.jpg\",\"width\":1024,\"height\":679},{\"@type\":\"BreadcrumbList\",\"@id\":\"https:\\\/\\\/www.inmsol.com\\\/es\\\/blog-escuela\\\/noticias\\\/adios-nino-de-las-almendras\\\/#breadcrumb\",\"itemListElement\":[{\"@type\":\"ListItem\",\"position\":1,\"name\":\"Accredited Center by Instituto Cervantes\",\"item\":\"https:\\\/\\\/www.inmsol.com\\\/es\\\/pagina-ejemplo\\\/\"},{\"@type\":\"ListItem\",\"position\":2,\"name\":\"Blog Escuela Espa\u00f1ol\",\"item\":\"https:\\\/\\\/www.inmsol.com\\\/es\\\/category\\\/blog-escuela\\\/\"},{\"@type\":\"ListItem\",\"position\":3,\"name\":\"Noticias y Servicios iNMSOL\",\"item\":\"https:\\\/\\\/www.inmsol.com\\\/es\\\/category\\\/blog-escuela\\\/noticias\\\/\"},{\"@type\":\"ListItem\",\"position\":4,\"name\":\"Adios Ni\u00f1o de las Almendras\"}]},{\"@type\":\"WebSite\",\"@id\":\"https:\\\/\\\/www.inmsol.com\\\/es\\\/#website\",\"url\":\"https:\\\/\\\/www.inmsol.com\\\/es\\\/\",\"name\":\"iNMSOL\",\"description\":\"Aprenda Espa\u00f1ol con iNMSOL en Granada | Centro Acreditado por el Instituto Cervantes\",\"publisher\":{\"@id\":\"https:\\\/\\\/www.inmsol.com\\\/es\\\/#organization\"},\"potentialAction\":[{\"@type\":\"SearchAction\",\"target\":{\"@type\":\"EntryPoint\",\"urlTemplate\":\"https:\\\/\\\/www.inmsol.com\\\/es\\\/?s={search_term_string}\"},\"query-input\":{\"@type\":\"PropertyValueSpecification\",\"valueRequired\":true,\"valueName\":\"search_term_string\"}}],\"inLanguage\":\"es\"},{\"@type\":\"Organization\",\"@id\":\"https:\\\/\\\/www.inmsol.com\\\/es\\\/#organization\",\"name\":\"Instituto Mediterr\u00e1neo Sol\",\"url\":\"https:\\\/\\\/www.inmsol.com\\\/es\\\/\",\"logo\":{\"@type\":\"ImageObject\",\"inLanguage\":\"es\",\"@id\":\"https:\\\/\\\/www.inmsol.com\\\/es\\\/#\\\/schema\\\/logo\\\/image\\\/\",\"url\":\"https:\\\/\\\/www.inmsol.com\\\/wp-content\\\/uploads\\\/2023\\\/06\\\/logo-inmsol-1.png\",\"contentUrl\":\"https:\\\/\\\/www.inmsol.com\\\/wp-content\\\/uploads\\\/2023\\\/06\\\/logo-inmsol-1.png\",\"width\":136,\"height\":73,\"caption\":\"Instituto Mediterr\u00e1neo Sol\"},\"image\":{\"@id\":\"https:\\\/\\\/www.inmsol.com\\\/es\\\/#\\\/schema\\\/logo\\\/image\\\/\"},\"sameAs\":[\"https:\\\/\\\/www.facebook.com\\\/spanishcourses\",\"https:\\\/\\\/x.com\\\/StudyInGranada\",\"http:\\\/\\\/instagram.com\\\/imsolgranada\",\"https:\\\/\\\/es.linkedin.com\\\/company\\\/imsol-granada\",\"https:\\\/\\\/www.pinterest.es\\\/inmsol\\\/\",\"https:\\\/\\\/www.youtube.com\\\/channel\\\/UChz-Qn_7coFMosY85iYMO4g\"]},{\"@type\":\"Person\",\"@id\":\"https:\\\/\\\/www.inmsol.com\\\/es\\\/#\\\/schema\\\/person\\\/18f18acd0397ef441e373e79ec3eb6ea\",\"name\":\"Javier Torres\",\"image\":{\"@type\":\"ImageObject\",\"inLanguage\":\"es\",\"@id\":\"https:\\\/\\\/secure.gravatar.com\\\/avatar\\\/90afa2d6499550218d247408758082af566e5ec3641e1b8eac0d7bb889344a55?s=96&d=mm&r=g\",\"url\":\"https:\\\/\\\/secure.gravatar.com\\\/avatar\\\/90afa2d6499550218d247408758082af566e5ec3641e1b8eac0d7bb889344a55?s=96&d=mm&r=g\",\"contentUrl\":\"https:\\\/\\\/secure.gravatar.com\\\/avatar\\\/90afa2d6499550218d247408758082af566e5ec3641e1b8eac0d7bb889344a55?s=96&d=mm&r=g\",\"caption\":\"Javier Torres\"},\"url\":\"https:\\\/\\\/www.inmsol.com\\\/es\\\/author\\\/javier\\\/\"}]}<\/script>\n<!-- \/ Yoast SEO plugin. -->","yoast_head_json":{"title":"Adios Ni\u00f1o de las Almendras | Adios Ni\u00f1o de las Almendras | INMSOL","description":"El Albaic\u00edn pierde otro trocito m\u00e1s de su Patrimonio Hist\u00f3rico. La noche del viernes falleci\u00f3 Jos\u00e9 Ferrer Gonz\u00e1lez, m\u00e1s conocido en el flamenco granadino como 'El Ni\u00f1o de las Almendras\u2019.","robots":{"index":"index","follow":"follow","max-snippet":"max-snippet:-1","max-image-preview":"max-image-preview:large","max-video-preview":"max-video-preview:-1"},"canonical":"https:\/\/www.inmsol.com\/es\/blog-escuela\/noticias\/adios-nino-de-las-almendras\/","og_locale":"es_ES","og_type":"article","og_title":"Adios Ni\u00f1o de las Almendras | Adios Ni\u00f1o de las Almendras | INMSOL","og_description":"El Albaic\u00edn pierde otro trocito m\u00e1s de su Patrimonio Hist\u00f3rico. La noche del viernes falleci\u00f3 Jos\u00e9 Ferrer Gonz\u00e1lez, m\u00e1s conocido en el flamenco granadino como 'El Ni\u00f1o de las Almendras\u2019.","og_url":"https:\/\/www.inmsol.com\/es\/blog-escuela\/noticias\/adios-nino-de-las-almendras\/","og_site_name":"iNMSOL","article_publisher":"https:\/\/www.facebook.com\/spanishcourses","article_published_time":"2013-06-25T09:48:54+00:00","article_modified_time":"2019-04-23T21:30:38+00:00","og_image":[{"width":1024,"height":679,"url":"https:\/\/www.inmsol.com\/wp-content\/uploads\/2013\/06\/25600025.jpg","type":"image\/jpeg"}],"author":"Javier Torres","twitter_misc":{"Escrito por":"Javier Torres","Tiempo de lectura":"1 minuto"},"schema":{"@context":"https:\/\/schema.org","@graph":[{"@type":"Article","@id":"https:\/\/www.inmsol.com\/es\/blog-escuela\/noticias\/adios-nino-de-las-almendras\/#article","isPartOf":{"@id":"https:\/\/www.inmsol.com\/es\/blog-escuela\/noticias\/adios-nino-de-las-almendras\/"},"author":{"name":"Javier Torres","@id":"https:\/\/www.inmsol.com\/es\/#\/schema\/person\/18f18acd0397ef441e373e79ec3eb6ea"},"headline":"Adios Ni\u00f1o de las Almendras","datePublished":"2013-06-25T09:48:54+00:00","dateModified":"2019-04-23T21:30:38+00:00","mainEntityOfPage":{"@id":"https:\/\/www.inmsol.com\/es\/blog-escuela\/noticias\/adios-nino-de-las-almendras\/"},"wordCount":251,"publisher":{"@id":"https:\/\/www.inmsol.com\/es\/#organization"},"image":{"@id":"https:\/\/www.inmsol.com\/es\/blog-escuela\/noticias\/adios-nino-de-las-almendras\/#primaryimage"},"thumbnailUrl":"https:\/\/www.inmsol.com\/wp-content\/uploads\/2013\/06\/25600025.jpg","articleSection":["Noticias y Servicios iNMSOL"],"inLanguage":"es"},{"@type":"WebPage","@id":"https:\/\/www.inmsol.com\/es\/blog-escuela\/noticias\/adios-nino-de-las-almendras\/","url":"https:\/\/www.inmsol.com\/es\/blog-escuela\/noticias\/adios-nino-de-las-almendras\/","name":"Adios Ni\u00f1o de las Almendras | Adios Ni\u00f1o de las Almendras | INMSOL","isPartOf":{"@id":"https:\/\/www.inmsol.com\/es\/#website"},"primaryImageOfPage":{"@id":"https:\/\/www.inmsol.com\/es\/blog-escuela\/noticias\/adios-nino-de-las-almendras\/#primaryimage"},"image":{"@id":"https:\/\/www.inmsol.com\/es\/blog-escuela\/noticias\/adios-nino-de-las-almendras\/#primaryimage"},"thumbnailUrl":"https:\/\/www.inmsol.com\/wp-content\/uploads\/2013\/06\/25600025.jpg","datePublished":"2013-06-25T09:48:54+00:00","dateModified":"2019-04-23T21:30:38+00:00","description":"El Albaic\u00edn pierde otro trocito m\u00e1s de su Patrimonio Hist\u00f3rico. La noche del viernes falleci\u00f3 Jos\u00e9 Ferrer Gonz\u00e1lez, m\u00e1s conocido en el flamenco granadino como 'El Ni\u00f1o de las Almendras\u2019.","breadcrumb":{"@id":"https:\/\/www.inmsol.com\/es\/blog-escuela\/noticias\/adios-nino-de-las-almendras\/#breadcrumb"},"inLanguage":"es","potentialAction":[{"@type":"ReadAction","target":["https:\/\/www.inmsol.com\/es\/blog-escuela\/noticias\/adios-nino-de-las-almendras\/"]}]},{"@type":"ImageObject","inLanguage":"es","@id":"https:\/\/www.inmsol.com\/es\/blog-escuela\/noticias\/adios-nino-de-las-almendras\/#primaryimage","url":"https:\/\/www.inmsol.com\/wp-content\/uploads\/2013\/06\/25600025.jpg","contentUrl":"https:\/\/www.inmsol.com\/wp-content\/uploads\/2013\/06\/25600025.jpg","width":1024,"height":679},{"@type":"BreadcrumbList","@id":"https:\/\/www.inmsol.com\/es\/blog-escuela\/noticias\/adios-nino-de-las-almendras\/#breadcrumb","itemListElement":[{"@type":"ListItem","position":1,"name":"Accredited Center by Instituto Cervantes","item":"https:\/\/www.inmsol.com\/es\/pagina-ejemplo\/"},{"@type":"ListItem","position":2,"name":"Blog Escuela Espa\u00f1ol","item":"https:\/\/www.inmsol.com\/es\/category\/blog-escuela\/"},{"@type":"ListItem","position":3,"name":"Noticias y Servicios iNMSOL","item":"https:\/\/www.inmsol.com\/es\/category\/blog-escuela\/noticias\/"},{"@type":"ListItem","position":4,"name":"Adios Ni\u00f1o de las Almendras"}]},{"@type":"WebSite","@id":"https:\/\/www.inmsol.com\/es\/#website","url":"https:\/\/www.inmsol.com\/es\/","name":"iNMSOL","description":"Aprenda Espa\u00f1ol con iNMSOL en Granada | Centro Acreditado por el Instituto Cervantes","publisher":{"@id":"https:\/\/www.inmsol.com\/es\/#organization"},"potentialAction":[{"@type":"SearchAction","target":{"@type":"EntryPoint","urlTemplate":"https:\/\/www.inmsol.com\/es\/?s={search_term_string}"},"query-input":{"@type":"PropertyValueSpecification","valueRequired":true,"valueName":"search_term_string"}}],"inLanguage":"es"},{"@type":"Organization","@id":"https:\/\/www.inmsol.com\/es\/#organization","name":"Instituto Mediterr\u00e1neo Sol","url":"https:\/\/www.inmsol.com\/es\/","logo":{"@type":"ImageObject","inLanguage":"es","@id":"https:\/\/www.inmsol.com\/es\/#\/schema\/logo\/image\/","url":"https:\/\/www.inmsol.com\/wp-content\/uploads\/2023\/06\/logo-inmsol-1.png","contentUrl":"https:\/\/www.inmsol.com\/wp-content\/uploads\/2023\/06\/logo-inmsol-1.png","width":136,"height":73,"caption":"Instituto Mediterr\u00e1neo Sol"},"image":{"@id":"https:\/\/www.inmsol.com\/es\/#\/schema\/logo\/image\/"},"sameAs":["https:\/\/www.facebook.com\/spanishcourses","https:\/\/x.com\/StudyInGranada","http:\/\/instagram.com\/imsolgranada","https:\/\/es.linkedin.com\/company\/imsol-granada","https:\/\/www.pinterest.es\/inmsol\/","https:\/\/www.youtube.com\/channel\/UChz-Qn_7coFMosY85iYMO4g"]},{"@type":"Person","@id":"https:\/\/www.inmsol.com\/es\/#\/schema\/person\/18f18acd0397ef441e373e79ec3eb6ea","name":"Javier Torres","image":{"@type":"ImageObject","inLanguage":"es","@id":"https:\/\/secure.gravatar.com\/avatar\/90afa2d6499550218d247408758082af566e5ec3641e1b8eac0d7bb889344a55?s=96&d=mm&r=g","url":"https:\/\/secure.gravatar.com\/avatar\/90afa2d6499550218d247408758082af566e5ec3641e1b8eac0d7bb889344a55?s=96&d=mm&r=g","contentUrl":"https:\/\/secure.gravatar.com\/avatar\/90afa2d6499550218d247408758082af566e5ec3641e1b8eac0d7bb889344a55?s=96&d=mm&r=g","caption":"Javier Torres"},"url":"https:\/\/www.inmsol.com\/es\/author\/javier\/"}]}},"_links":{"self":[{"href":"https:\/\/www.inmsol.com\/es\/wp-json\/wp\/v2\/posts\/1225","targetHints":{"allow":["GET"]}}],"collection":[{"href":"https:\/\/www.inmsol.com\/es\/wp-json\/wp\/v2\/posts"}],"about":[{"href":"https:\/\/www.inmsol.com\/es\/wp-json\/wp\/v2\/types\/post"}],"author":[{"embeddable":true,"href":"https:\/\/www.inmsol.com\/es\/wp-json\/wp\/v2\/users\/2"}],"replies":[{"embeddable":true,"href":"https:\/\/www.inmsol.com\/es\/wp-json\/wp\/v2\/comments?post=1225"}],"version-history":[{"count":0,"href":"https:\/\/www.inmsol.com\/es\/wp-json\/wp\/v2\/posts\/1225\/revisions"}],"wp:featuredmedia":[{"embeddable":true,"href":"https:\/\/www.inmsol.com\/es\/wp-json\/wp\/v2\/media\/9207"}],"wp:attachment":[{"href":"https:\/\/www.inmsol.com\/es\/wp-json\/wp\/v2\/media?parent=1225"}],"wp:term":[{"taxonomy":"category","embeddable":true,"href":"https:\/\/www.inmsol.com\/es\/wp-json\/wp\/v2\/categories?post=1225"},{"taxonomy":"post_tag","embeddable":true,"href":"https:\/\/www.inmsol.com\/es\/wp-json\/wp\/v2\/tags?post=1225"}],"curies":[{"name":"wp","href":"https:\/\/api.w.org\/{rel}","templated":true}]}}