{"id":1228,"date":"2013-07-02T12:01:58","date_gmt":"2013-07-02T10:01:58","guid":{"rendered":"https:\/\/www.inmsol.com\/"},"modified":"2018-12-27T13:14:49","modified_gmt":"2018-12-27T12:14:49","slug":"proxima-convocatoria-dele-en-agosto-2013","status":"publish","type":"post","link":"https:\/\/www.inmsol.com\/es\/examenes-y-certificaciones-espanol\/proxima-convocatoria-dele-en-agosto-2013\/","title":{"rendered":"Pr\u00f3xima convocatoria D.E.L.E. en agosto 2013"},"content":{"rendered":"<p><strong>Desde ayer 1 de julio hasta el pr\u00f3ximo 26 de julio 2013<\/strong>, pod\u00e9is inscribiros al examen D.E.L.E. pinchando en esta imagen:<\/p>\n<p>&nbsp;<\/p>\n<p>Os recordamos que en esta convocatoria se administrar\u00e1n por primera vez los ex\u00e1menes para la obtenci\u00f3n de los Diplomas de Espa\u00f1ol <strong>niveles B1 y B2 adaptados ya al MCER<\/strong>.<\/p>\n<p>Os invitamos a consultar el <a href=\"http:\/\/nivelesb.diplomas.cervantes.es\" target=\"_blank\">micrositio web<\/a> que el Instituto Cervantes ha creado para la difusi\u00f3n espec\u00edfica de los DELE B1 y B2, enlazado desde el portal DELE, en breve tambi\u00e9n en ingl\u00e9s), donde se presenta la siguiente informaci\u00f3n:<\/p>\n<ul>\n<li><strong>Especificaciones de los nuevos ex\u00e1menes<\/strong> y modelos de examen de ejemplo en formato pdf<\/li>\n<li><strong>Las fechas y los plazos de inscripci\u00f3n<\/strong><\/li>\n<li><strong>Una secci\u00f3n de preguntas m\u00e1s frecuentes<\/strong><\/li>\n<\/ul>\n<p>Y en breve:<\/p>\n<ul>\n<li><strong>Modelos de examen interactivos<\/strong>: se trata de los modelos de examen anteriores pero en un formato que permita al usuario interactuar y hacer las preguntas en l\u00ednea<\/li>\n<\/ul>\n<p><strong>Instituto Mediterr\u00e1neo Sol es centro de preparaci\u00f3n y de examen D.E.L.E.<\/strong><\/p>\n<p class=\"rtecenter\"><a href=\"https:\/\/www.inmsol.com\/downloads\/brochures\/DELEES.pdf\" target=\"_blank\"><strong>M\u00e1s informaci\u00f3n sobre nuestros cursos aqu\u00ed.<\/strong><\/a><\/p>\n","protected":false},"excerpt":{"rendered":"<p>Desde ayer 1 de julio hasta el pr\u00f3ximo 26 de julio 2013, pod\u00e9is inscribiros al examen D.E.L.E. pinchando en esta imagen: &nbsp; Os recordamos que en esta convocatoria se administrar\u00e1n por primera vez los ex\u00e1menes para la obtenci\u00f3n de los Diplomas de Espa\u00f1ol niveles B1&#8230;<\/p>\n","protected":false},"author":2,"featured_media":7156,"comment_status":"closed","ping_status":"closed","sticky":false,"template":"","format":"standard","meta":{"_acf_changed":false,"footnotes":""},"categories":[451],"tags":[],"class_list":["post-1228","post","type-post","status-publish","format-standard","has-post-thumbnail","hentry","category-examenes-y-certificaciones-espanol"],"acf":[],"yoast_head":"<!-- This site is optimized with the Yoast SEO plugin v27.5 - https:\/\/yoast.com\/product\/yoast-seo-wordpress\/ -->\n<title>Pr\u00f3xima convocatoria D.E.L.E. en agosto 2013 | D.E.L.E., convocatoria, inscripci\u00f3n, niveles | INMSOL<\/title>\n<meta name=\"description\" content=\"Informaci\u00f3n sobre la pr\u00f3xima convocatoria D.E.L.E. en agosto 2013: plazos de inscripci\u00f3n, nuevos niveles, enlace para inscribirse y cursos de preparaci\u00f3n al examen.\" \/>\n<meta name=\"robots\" content=\"index, follow, max-snippet:-1, max-image-preview:large, max-video-preview:-1\" \/>\n<link rel=\"canonical\" href=\"https:\/\/www.inmsol.com\/es\/examenes-y-certificaciones-espanol\/proxima-convocatoria-dele-en-agosto-2013\/\" \/>\n<meta property=\"og:locale\" content=\"es_ES\" \/>\n<meta property=\"og:type\" content=\"article\" \/>\n<meta property=\"og:title\" content=\"Pr\u00f3xima convocatoria D.E.L.E. en agosto 2013 | D.E.L.E., convocatoria, inscripci\u00f3n, niveles | INMSOL\" \/>\n<meta property=\"og:description\" content=\"Informaci\u00f3n sobre la pr\u00f3xima convocatoria D.E.L.E. en agosto 2013: plazos de inscripci\u00f3n, nuevos niveles, enlace para inscribirse y cursos de preparaci\u00f3n al examen.\" \/>\n<meta property=\"og:url\" content=\"https:\/\/www.inmsol.com\/es\/examenes-y-certificaciones-espanol\/proxima-convocatoria-dele-en-agosto-2013\/\" \/>\n<meta property=\"og:site_name\" content=\"iNMSOL\" \/>\n<meta property=\"article:publisher\" content=\"https:\/\/www.facebook.com\/spanishcourses\" \/>\n<meta property=\"article:published_time\" content=\"2013-07-02T10:01:58+00:00\" \/>\n<meta property=\"article:modified_time\" content=\"2018-12-27T12:14:49+00:00\" \/>\n<meta property=\"og:image\" content=\"https:\/\/www.inmsol.com\/wp-content\/uploads\/2013\/08\/nivelesDELE.jpg\" \/>\n\t<meta property=\"og:image:width\" content=\"1024\" \/>\n\t<meta property=\"og:image:height\" content=\"769\" \/>\n\t<meta property=\"og:image:type\" content=\"image\/jpeg\" \/>\n<meta name=\"author\" content=\"Javier Torres\" \/>\n<meta name=\"twitter:label1\" content=\"Escrito por\" \/>\n\t<meta name=\"twitter:data1\" content=\"Javier Torres\" \/>\n\t<meta name=\"twitter:label2\" content=\"Tiempo de lectura\" \/>\n\t<meta name=\"twitter:data2\" content=\"1 minuto\" \/>\n<script type=\"application\/ld+json\" class=\"yoast-schema-graph\">{\"@context\":\"https:\\\/\\\/schema.org\",\"@graph\":[{\"@type\":\"Article\",\"@id\":\"https:\\\/\\\/www.inmsol.com\\\/es\\\/examenes-y-certificaciones-espanol\\\/proxima-convocatoria-dele-en-agosto-2013\\\/#article\",\"isPartOf\":{\"@id\":\"https:\\\/\\\/www.inmsol.com\\\/es\\\/examenes-y-certificaciones-espanol\\\/proxima-convocatoria-dele-en-agosto-2013\\\/\"},\"author\":{\"name\":\"Javier Torres\",\"@id\":\"https:\\\/\\\/www.inmsol.com\\\/es\\\/#\\\/schema\\\/person\\\/18f18acd0397ef441e373e79ec3eb6ea\"},\"headline\":\"Pr\u00f3xima convocatoria D.E.L.E. en agosto 2013\",\"datePublished\":\"2013-07-02T10:01:58+00:00\",\"dateModified\":\"2018-12-27T12:14:49+00:00\",\"mainEntityOfPage\":{\"@id\":\"https:\\\/\\\/www.inmsol.com\\\/es\\\/examenes-y-certificaciones-espanol\\\/proxima-convocatoria-dele-en-agosto-2013\\\/\"},\"wordCount\":196,\"publisher\":{\"@id\":\"https:\\\/\\\/www.inmsol.com\\\/es\\\/#organization\"},\"image\":{\"@id\":\"https:\\\/\\\/www.inmsol.com\\\/es\\\/examenes-y-certificaciones-espanol\\\/proxima-convocatoria-dele-en-agosto-2013\\\/#primaryimage\"},\"thumbnailUrl\":\"https:\\\/\\\/www.inmsol.com\\\/wp-content\\\/uploads\\\/2013\\\/08\\\/nivelesDELE.jpg\",\"articleSection\":[\"Ex\u00e1menes y Certificaciones Espa\u00f1ol\"],\"inLanguage\":\"es\"},{\"@type\":\"WebPage\",\"@id\":\"https:\\\/\\\/www.inmsol.com\\\/es\\\/examenes-y-certificaciones-espanol\\\/proxima-convocatoria-dele-en-agosto-2013\\\/\",\"url\":\"https:\\\/\\\/www.inmsol.com\\\/es\\\/examenes-y-certificaciones-espanol\\\/proxima-convocatoria-dele-en-agosto-2013\\\/\",\"name\":\"Pr\u00f3xima convocatoria D.E.L.E. en agosto 2013 | D.E.L.E., convocatoria, inscripci\u00f3n, niveles | INMSOL\",\"isPartOf\":{\"@id\":\"https:\\\/\\\/www.inmsol.com\\\/es\\\/#website\"},\"primaryImageOfPage\":{\"@id\":\"https:\\\/\\\/www.inmsol.com\\\/es\\\/examenes-y-certificaciones-espanol\\\/proxima-convocatoria-dele-en-agosto-2013\\\/#primaryimage\"},\"image\":{\"@id\":\"https:\\\/\\\/www.inmsol.com\\\/es\\\/examenes-y-certificaciones-espanol\\\/proxima-convocatoria-dele-en-agosto-2013\\\/#primaryimage\"},\"thumbnailUrl\":\"https:\\\/\\\/www.inmsol.com\\\/wp-content\\\/uploads\\\/2013\\\/08\\\/nivelesDELE.jpg\",\"datePublished\":\"2013-07-02T10:01:58+00:00\",\"dateModified\":\"2018-12-27T12:14:49+00:00\",\"description\":\"Informaci\u00f3n sobre la pr\u00f3xima convocatoria D.E.L.E. en agosto 2013: plazos de inscripci\u00f3n, nuevos niveles, enlace para inscribirse y cursos de preparaci\u00f3n al examen.\",\"breadcrumb\":{\"@id\":\"https:\\\/\\\/www.inmsol.com\\\/es\\\/examenes-y-certificaciones-espanol\\\/proxima-convocatoria-dele-en-agosto-2013\\\/#breadcrumb\"},\"inLanguage\":\"es\",\"potentialAction\":[{\"@type\":\"ReadAction\",\"target\":[\"https:\\\/\\\/www.inmsol.com\\\/es\\\/examenes-y-certificaciones-espanol\\\/proxima-convocatoria-dele-en-agosto-2013\\\/\"]}]},{\"@type\":\"ImageObject\",\"inLanguage\":\"es\",\"@id\":\"https:\\\/\\\/www.inmsol.com\\\/es\\\/examenes-y-certificaciones-espanol\\\/proxima-convocatoria-dele-en-agosto-2013\\\/#primaryimage\",\"url\":\"https:\\\/\\\/www.inmsol.com\\\/wp-content\\\/uploads\\\/2013\\\/08\\\/nivelesDELE.jpg\",\"contentUrl\":\"https:\\\/\\\/www.inmsol.com\\\/wp-content\\\/uploads\\\/2013\\\/08\\\/nivelesDELE.jpg\",\"width\":1024,\"height\":769},{\"@type\":\"BreadcrumbList\",\"@id\":\"https:\\\/\\\/www.inmsol.com\\\/es\\\/examenes-y-certificaciones-espanol\\\/proxima-convocatoria-dele-en-agosto-2013\\\/#breadcrumb\",\"itemListElement\":[{\"@type\":\"ListItem\",\"position\":1,\"name\":\"Accredited Center by Instituto Cervantes\",\"item\":\"https:\\\/\\\/www.inmsol.com\\\/es\\\/pagina-ejemplo\\\/\"},{\"@type\":\"ListItem\",\"position\":2,\"name\":\"Ex\u00e1menes y Certificaciones Espa\u00f1ol\",\"item\":\"https:\\\/\\\/www.inmsol.com\\\/es\\\/category\\\/examenes-y-certificaciones-espanol\\\/\"},{\"@type\":\"ListItem\",\"position\":3,\"name\":\"Pr\u00f3xima convocatoria D.E.L.E. en agosto 2013\"}]},{\"@type\":\"WebSite\",\"@id\":\"https:\\\/\\\/www.inmsol.com\\\/es\\\/#website\",\"url\":\"https:\\\/\\\/www.inmsol.com\\\/es\\\/\",\"name\":\"iNMSOL\",\"description\":\"Aprenda Espa\u00f1ol con iNMSOL en Granada | Centro Acreditado por el Instituto Cervantes\",\"publisher\":{\"@id\":\"https:\\\/\\\/www.inmsol.com\\\/es\\\/#organization\"},\"potentialAction\":[{\"@type\":\"SearchAction\",\"target\":{\"@type\":\"EntryPoint\",\"urlTemplate\":\"https:\\\/\\\/www.inmsol.com\\\/es\\\/?s={search_term_string}\"},\"query-input\":{\"@type\":\"PropertyValueSpecification\",\"valueRequired\":true,\"valueName\":\"search_term_string\"}}],\"inLanguage\":\"es\"},{\"@type\":\"Organization\",\"@id\":\"https:\\\/\\\/www.inmsol.com\\\/es\\\/#organization\",\"name\":\"Instituto Mediterr\u00e1neo Sol\",\"url\":\"https:\\\/\\\/www.inmsol.com\\\/es\\\/\",\"logo\":{\"@type\":\"ImageObject\",\"inLanguage\":\"es\",\"@id\":\"https:\\\/\\\/www.inmsol.com\\\/es\\\/#\\\/schema\\\/logo\\\/image\\\/\",\"url\":\"https:\\\/\\\/www.inmsol.com\\\/wp-content\\\/uploads\\\/2023\\\/06\\\/logo-inmsol-1.png\",\"contentUrl\":\"https:\\\/\\\/www.inmsol.com\\\/wp-content\\\/uploads\\\/2023\\\/06\\\/logo-inmsol-1.png\",\"width\":136,\"height\":73,\"caption\":\"Instituto Mediterr\u00e1neo Sol\"},\"image\":{\"@id\":\"https:\\\/\\\/www.inmsol.com\\\/es\\\/#\\\/schema\\\/logo\\\/image\\\/\"},\"sameAs\":[\"https:\\\/\\\/www.facebook.com\\\/spanishcourses\",\"https:\\\/\\\/x.com\\\/StudyInGranada\",\"http:\\\/\\\/instagram.com\\\/imsolgranada\",\"https:\\\/\\\/es.linkedin.com\\\/company\\\/imsol-granada\",\"https:\\\/\\\/www.pinterest.es\\\/inmsol\\\/\",\"https:\\\/\\\/www.youtube.com\\\/channel\\\/UChz-Qn_7coFMosY85iYMO4g\"]},{\"@type\":\"Person\",\"@id\":\"https:\\\/\\\/www.inmsol.com\\\/es\\\/#\\\/schema\\\/person\\\/18f18acd0397ef441e373e79ec3eb6ea\",\"name\":\"Javier Torres\",\"image\":{\"@type\":\"ImageObject\",\"inLanguage\":\"es\",\"@id\":\"https:\\\/\\\/secure.gravatar.com\\\/avatar\\\/90afa2d6499550218d247408758082af566e5ec3641e1b8eac0d7bb889344a55?s=96&d=mm&r=g\",\"url\":\"https:\\\/\\\/secure.gravatar.com\\\/avatar\\\/90afa2d6499550218d247408758082af566e5ec3641e1b8eac0d7bb889344a55?s=96&d=mm&r=g\",\"contentUrl\":\"https:\\\/\\\/secure.gravatar.com\\\/avatar\\\/90afa2d6499550218d247408758082af566e5ec3641e1b8eac0d7bb889344a55?s=96&d=mm&r=g\",\"caption\":\"Javier Torres\"},\"url\":\"https:\\\/\\\/www.inmsol.com\\\/es\\\/author\\\/javier\\\/\"}]}<\/script>\n<!-- \/ Yoast SEO plugin. -->","yoast_head_json":{"title":"Pr\u00f3xima convocatoria D.E.L.E. en agosto 2013 | D.E.L.E., convocatoria, inscripci\u00f3n, niveles | INMSOL","description":"Informaci\u00f3n sobre la pr\u00f3xima convocatoria D.E.L.E. en agosto 2013: plazos de inscripci\u00f3n, nuevos niveles, enlace para inscribirse y cursos de preparaci\u00f3n al examen.","robots":{"index":"index","follow":"follow","max-snippet":"max-snippet:-1","max-image-preview":"max-image-preview:large","max-video-preview":"max-video-preview:-1"},"canonical":"https:\/\/www.inmsol.com\/es\/examenes-y-certificaciones-espanol\/proxima-convocatoria-dele-en-agosto-2013\/","og_locale":"es_ES","og_type":"article","og_title":"Pr\u00f3xima convocatoria D.E.L.E. en agosto 2013 | D.E.L.E., convocatoria, inscripci\u00f3n, niveles | INMSOL","og_description":"Informaci\u00f3n sobre la pr\u00f3xima convocatoria D.E.L.E. en agosto 2013: plazos de inscripci\u00f3n, nuevos niveles, enlace para inscribirse y cursos de preparaci\u00f3n al examen.","og_url":"https:\/\/www.inmsol.com\/es\/examenes-y-certificaciones-espanol\/proxima-convocatoria-dele-en-agosto-2013\/","og_site_name":"iNMSOL","article_publisher":"https:\/\/www.facebook.com\/spanishcourses","article_published_time":"2013-07-02T10:01:58+00:00","article_modified_time":"2018-12-27T12:14:49+00:00","og_image":[{"width":1024,"height":769,"url":"https:\/\/www.inmsol.com\/wp-content\/uploads\/2013\/08\/nivelesDELE.jpg","type":"image\/jpeg"}],"author":"Javier Torres","twitter_misc":{"Escrito por":"Javier Torres","Tiempo de lectura":"1 minuto"},"schema":{"@context":"https:\/\/schema.org","@graph":[{"@type":"Article","@id":"https:\/\/www.inmsol.com\/es\/examenes-y-certificaciones-espanol\/proxima-convocatoria-dele-en-agosto-2013\/#article","isPartOf":{"@id":"https:\/\/www.inmsol.com\/es\/examenes-y-certificaciones-espanol\/proxima-convocatoria-dele-en-agosto-2013\/"},"author":{"name":"Javier Torres","@id":"https:\/\/www.inmsol.com\/es\/#\/schema\/person\/18f18acd0397ef441e373e79ec3eb6ea"},"headline":"Pr\u00f3xima convocatoria D.E.L.E. en agosto 2013","datePublished":"2013-07-02T10:01:58+00:00","dateModified":"2018-12-27T12:14:49+00:00","mainEntityOfPage":{"@id":"https:\/\/www.inmsol.com\/es\/examenes-y-certificaciones-espanol\/proxima-convocatoria-dele-en-agosto-2013\/"},"wordCount":196,"publisher":{"@id":"https:\/\/www.inmsol.com\/es\/#organization"},"image":{"@id":"https:\/\/www.inmsol.com\/es\/examenes-y-certificaciones-espanol\/proxima-convocatoria-dele-en-agosto-2013\/#primaryimage"},"thumbnailUrl":"https:\/\/www.inmsol.com\/wp-content\/uploads\/2013\/08\/nivelesDELE.jpg","articleSection":["Ex\u00e1menes y Certificaciones Espa\u00f1ol"],"inLanguage":"es"},{"@type":"WebPage","@id":"https:\/\/www.inmsol.com\/es\/examenes-y-certificaciones-espanol\/proxima-convocatoria-dele-en-agosto-2013\/","url":"https:\/\/www.inmsol.com\/es\/examenes-y-certificaciones-espanol\/proxima-convocatoria-dele-en-agosto-2013\/","name":"Pr\u00f3xima convocatoria D.E.L.E. en agosto 2013 | D.E.L.E., convocatoria, inscripci\u00f3n, niveles | INMSOL","isPartOf":{"@id":"https:\/\/www.inmsol.com\/es\/#website"},"primaryImageOfPage":{"@id":"https:\/\/www.inmsol.com\/es\/examenes-y-certificaciones-espanol\/proxima-convocatoria-dele-en-agosto-2013\/#primaryimage"},"image":{"@id":"https:\/\/www.inmsol.com\/es\/examenes-y-certificaciones-espanol\/proxima-convocatoria-dele-en-agosto-2013\/#primaryimage"},"thumbnailUrl":"https:\/\/www.inmsol.com\/wp-content\/uploads\/2013\/08\/nivelesDELE.jpg","datePublished":"2013-07-02T10:01:58+00:00","dateModified":"2018-12-27T12:14:49+00:00","description":"Informaci\u00f3n sobre la pr\u00f3xima convocatoria D.E.L.E. en agosto 2013: plazos de inscripci\u00f3n, nuevos niveles, enlace para inscribirse y cursos de preparaci\u00f3n al examen.","breadcrumb":{"@id":"https:\/\/www.inmsol.com\/es\/examenes-y-certificaciones-espanol\/proxima-convocatoria-dele-en-agosto-2013\/#breadcrumb"},"inLanguage":"es","potentialAction":[{"@type":"ReadAction","target":["https:\/\/www.inmsol.com\/es\/examenes-y-certificaciones-espanol\/proxima-convocatoria-dele-en-agosto-2013\/"]}]},{"@type":"ImageObject","inLanguage":"es","@id":"https:\/\/www.inmsol.com\/es\/examenes-y-certificaciones-espanol\/proxima-convocatoria-dele-en-agosto-2013\/#primaryimage","url":"https:\/\/www.inmsol.com\/wp-content\/uploads\/2013\/08\/nivelesDELE.jpg","contentUrl":"https:\/\/www.inmsol.com\/wp-content\/uploads\/2013\/08\/nivelesDELE.jpg","width":1024,"height":769},{"@type":"BreadcrumbList","@id":"https:\/\/www.inmsol.com\/es\/examenes-y-certificaciones-espanol\/proxima-convocatoria-dele-en-agosto-2013\/#breadcrumb","itemListElement":[{"@type":"ListItem","position":1,"name":"Accredited Center by Instituto Cervantes","item":"https:\/\/www.inmsol.com\/es\/pagina-ejemplo\/"},{"@type":"ListItem","position":2,"name":"Ex\u00e1menes y Certificaciones Espa\u00f1ol","item":"https:\/\/www.inmsol.com\/es\/category\/examenes-y-certificaciones-espanol\/"},{"@type":"ListItem","position":3,"name":"Pr\u00f3xima convocatoria D.E.L.E. en agosto 2013"}]},{"@type":"WebSite","@id":"https:\/\/www.inmsol.com\/es\/#website","url":"https:\/\/www.inmsol.com\/es\/","name":"iNMSOL","description":"Aprenda Espa\u00f1ol con iNMSOL en Granada | Centro Acreditado por el Instituto Cervantes","publisher":{"@id":"https:\/\/www.inmsol.com\/es\/#organization"},"potentialAction":[{"@type":"SearchAction","target":{"@type":"EntryPoint","urlTemplate":"https:\/\/www.inmsol.com\/es\/?s={search_term_string}"},"query-input":{"@type":"PropertyValueSpecification","valueRequired":true,"valueName":"search_term_string"}}],"inLanguage":"es"},{"@type":"Organization","@id":"https:\/\/www.inmsol.com\/es\/#organization","name":"Instituto Mediterr\u00e1neo Sol","url":"https:\/\/www.inmsol.com\/es\/","logo":{"@type":"ImageObject","inLanguage":"es","@id":"https:\/\/www.inmsol.com\/es\/#\/schema\/logo\/image\/","url":"https:\/\/www.inmsol.com\/wp-content\/uploads\/2023\/06\/logo-inmsol-1.png","contentUrl":"https:\/\/www.inmsol.com\/wp-content\/uploads\/2023\/06\/logo-inmsol-1.png","width":136,"height":73,"caption":"Instituto Mediterr\u00e1neo Sol"},"image":{"@id":"https:\/\/www.inmsol.com\/es\/#\/schema\/logo\/image\/"},"sameAs":["https:\/\/www.facebook.com\/spanishcourses","https:\/\/x.com\/StudyInGranada","http:\/\/instagram.com\/imsolgranada","https:\/\/es.linkedin.com\/company\/imsol-granada","https:\/\/www.pinterest.es\/inmsol\/","https:\/\/www.youtube.com\/channel\/UChz-Qn_7coFMosY85iYMO4g"]},{"@type":"Person","@id":"https:\/\/www.inmsol.com\/es\/#\/schema\/person\/18f18acd0397ef441e373e79ec3eb6ea","name":"Javier Torres","image":{"@type":"ImageObject","inLanguage":"es","@id":"https:\/\/secure.gravatar.com\/avatar\/90afa2d6499550218d247408758082af566e5ec3641e1b8eac0d7bb889344a55?s=96&d=mm&r=g","url":"https:\/\/secure.gravatar.com\/avatar\/90afa2d6499550218d247408758082af566e5ec3641e1b8eac0d7bb889344a55?s=96&d=mm&r=g","contentUrl":"https:\/\/secure.gravatar.com\/avatar\/90afa2d6499550218d247408758082af566e5ec3641e1b8eac0d7bb889344a55?s=96&d=mm&r=g","caption":"Javier Torres"},"url":"https:\/\/www.inmsol.com\/es\/author\/javier\/"}]}},"_links":{"self":[{"href":"https:\/\/www.inmsol.com\/es\/wp-json\/wp\/v2\/posts\/1228","targetHints":{"allow":["GET"]}}],"collection":[{"href":"https:\/\/www.inmsol.com\/es\/wp-json\/wp\/v2\/posts"}],"about":[{"href":"https:\/\/www.inmsol.com\/es\/wp-json\/wp\/v2\/types\/post"}],"author":[{"embeddable":true,"href":"https:\/\/www.inmsol.com\/es\/wp-json\/wp\/v2\/users\/2"}],"replies":[{"embeddable":true,"href":"https:\/\/www.inmsol.com\/es\/wp-json\/wp\/v2\/comments?post=1228"}],"version-history":[{"count":0,"href":"https:\/\/www.inmsol.com\/es\/wp-json\/wp\/v2\/posts\/1228\/revisions"}],"wp:featuredmedia":[{"embeddable":true,"href":"https:\/\/www.inmsol.com\/es\/wp-json\/wp\/v2\/media\/7156"}],"wp:attachment":[{"href":"https:\/\/www.inmsol.com\/es\/wp-json\/wp\/v2\/media?parent=1228"}],"wp:term":[{"taxonomy":"category","embeddable":true,"href":"https:\/\/www.inmsol.com\/es\/wp-json\/wp\/v2\/categories?post=1228"},{"taxonomy":"post_tag","embeddable":true,"href":"https:\/\/www.inmsol.com\/es\/wp-json\/wp\/v2\/tags?post=1228"}],"curies":[{"name":"wp","href":"https:\/\/api.w.org\/{rel}","templated":true}]}}