{"id":1240,"date":"2013-07-19T15:48:12","date_gmt":"2013-07-19T13:48:12","guid":{"rendered":"https:\/\/www.inmsol.com\/"},"modified":"2019-04-23T23:29:28","modified_gmt":"2019-04-23T21:29:28","slug":"jazz-en-la-plaza-julio-y-agosto-2013","status":"publish","type":"post","link":"https:\/\/www.inmsol.com\/es\/blog-escuela\/eventos-granada\/jazz-en-la-plaza-julio-y-agosto-2013\/","title":{"rendered":"Jazz en la plaza: julio y agosto 2013"},"content":{"rendered":"<p>Cada semana en la <strong>Plaza de las Tres Culturas<\/strong>, parte del Museo de la Memoria Hist\u00f3rica de Andaluc\u00eda, puedes disfrutar de conciertos de Jazz gratuitos!<\/p>\n<p>Toda la m\u00fasica en directo suena bien&#8230; pero el jazz especialmente. Y sobre todo, si puede estar acompa\u00f1ado por una bebida tomada al lado del escenario&#8230;y si es verano y se est\u00e1 al aire libre, pues es lo mejor.<\/p>\n<p><strong>CajaGRANADA propone \u00abJazz en la plaza\u00bb<\/strong><\/p>\n<p class=\"rteindent1\"><strong>cada jueves por la noche<\/strong>, desde el 11 de julio hasta el 29 de agosto, a las 22<br \/>\n<strong>Entrada gratuira hasta completar aforo <\/strong><\/p>\n<p><span style=\"text-decoration: underline;\"><strong>Este jueves 25 de julio<\/strong><\/span>, tocar\u00e1 el grupo \u00ab<strong>Avantbrass<\/strong>\u00ab.<\/p>\n<p>Este grupo ofrece una mezcla de sonidos de viento met\u00e1licos conuna fuerte referencia a la m\u00fasica de \u00abvanguardia\u00bb. Una potente base de bater\u00eda, bajo y tuba mixta con mel\u00f3dicas notas de trompeta, trompa y tromb\u00f3n. Este proyecto se inspira a la figura del trompetista <strong>Lester Bowie<\/strong>. Aqu\u00ed podemos encontrar las composiciones originales que han sido escrito exclusivamente para la formaci\u00f3n.<br \/>\nUna mezcla entre el sonido de las primeras d\u00e9cadas del jazz, los toques de la vanguardia de los a\u00f1os sesenta y la interpretaci\u00f3n \u00fanica del trompetista Padr\u00f3s Pol.<\/p>\n<p><span style=\"text-decoration: underline;\"><strong>M\u00fasicos:<\/strong><\/span><\/p>\n<ul class=\"rteindent1\">\n<li>Pol Padr\u00f3s: trompeta<\/li>\n<li>Iv\u00e1n Gonz\u00e1lez: trompa<\/li>\n<li>Josep Tutusaus: trombone<\/li>\n<li>David Parras: tuba<\/li>\n<li>Aleix Forts: contrabajo<\/li>\n<li>Guillem Arnedo: bater\u00eda<\/li>\n<\/ul>\n<p>&nbsp;<\/p>\n","protected":false},"excerpt":{"rendered":"<p>Cada semana en la Plaza de las Tres Culturas, parte del Museo de la Memoria Hist\u00f3rica de Andaluc\u00eda, puedes disfrutar de conciertos de Jazz gratuitos! Toda la m\u00fasica en directo suena bien&#8230; pero el jazz especialmente. Y sobre todo, si puede estar acompa\u00f1ado por una&#8230;<\/p>\n","protected":false},"author":2,"featured_media":9148,"comment_status":"closed","ping_status":"closed","sticky":false,"template":"","format":"standard","meta":{"_acf_changed":false,"footnotes":""},"categories":[80],"tags":[],"class_list":["post-1240","post","type-post","status-publish","format-standard","has-post-thumbnail","hentry","category-eventos-granada"],"acf":[],"yoast_head":"<!-- This site is optimized with the Yoast SEO plugin v27.5 - https:\/\/yoast.com\/product\/yoast-seo-wordpress\/ -->\n<title>Jazz en la plaza: julio y agosto 2013 | jazz, conciertos, cajagranada, plaza | INMSOL<\/title>\n<meta name=\"description\" content=\"Informaci\u00f3n sobre los conciertos de jazz en la plaza de las culturas, en el museo de la memoria hist\u00f3rica de Granada. Verano 2013\" \/>\n<meta name=\"robots\" content=\"index, follow, max-snippet:-1, max-image-preview:large, max-video-preview:-1\" \/>\n<link rel=\"canonical\" href=\"https:\/\/www.inmsol.com\/es\/blog-escuela\/eventos-granada\/jazz-en-la-plaza-julio-y-agosto-2013\/\" \/>\n<meta property=\"og:locale\" content=\"es_ES\" \/>\n<meta property=\"og:type\" content=\"article\" \/>\n<meta property=\"og:title\" content=\"Jazz en la plaza: julio y agosto 2013 | jazz, conciertos, cajagranada, plaza | INMSOL\" \/>\n<meta property=\"og:description\" content=\"Informaci\u00f3n sobre los conciertos de jazz en la plaza de las culturas, en el museo de la memoria hist\u00f3rica de Granada. Verano 2013\" \/>\n<meta property=\"og:url\" content=\"https:\/\/www.inmsol.com\/es\/blog-escuela\/eventos-granada\/jazz-en-la-plaza-julio-y-agosto-2013\/\" \/>\n<meta property=\"og:site_name\" content=\"iNMSOL\" \/>\n<meta property=\"article:publisher\" content=\"https:\/\/www.facebook.com\/spanishcourses\" \/>\n<meta property=\"article:published_time\" content=\"2013-07-19T13:48:12+00:00\" \/>\n<meta property=\"article:modified_time\" content=\"2019-04-23T21:29:28+00:00\" \/>\n<meta property=\"og:image\" content=\"https:\/\/www.inmsol.com\/wp-content\/uploads\/2013\/08\/\u00edndice.jpg\" \/>\n\t<meta property=\"og:image:width\" content=\"246\" \/>\n\t<meta property=\"og:image:height\" content=\"205\" \/>\n\t<meta property=\"og:image:type\" content=\"image\/jpeg\" \/>\n<meta name=\"author\" content=\"Javier Torres\" \/>\n<meta name=\"twitter:label1\" content=\"Escrito por\" \/>\n\t<meta name=\"twitter:data1\" content=\"Javier Torres\" \/>\n\t<meta name=\"twitter:label2\" content=\"Tiempo de lectura\" \/>\n\t<meta name=\"twitter:data2\" content=\"1 minuto\" \/>\n<script type=\"application\/ld+json\" class=\"yoast-schema-graph\">{\"@context\":\"https:\\\/\\\/schema.org\",\"@graph\":[{\"@type\":\"Article\",\"@id\":\"https:\\\/\\\/www.inmsol.com\\\/es\\\/blog-escuela\\\/eventos-granada\\\/jazz-en-la-plaza-julio-y-agosto-2013\\\/#article\",\"isPartOf\":{\"@id\":\"https:\\\/\\\/www.inmsol.com\\\/es\\\/blog-escuela\\\/eventos-granada\\\/jazz-en-la-plaza-julio-y-agosto-2013\\\/\"},\"author\":{\"name\":\"Javier Torres\",\"@id\":\"https:\\\/\\\/www.inmsol.com\\\/es\\\/#\\\/schema\\\/person\\\/18f18acd0397ef441e373e79ec3eb6ea\"},\"headline\":\"Jazz en la plaza: julio y agosto 2013\",\"datePublished\":\"2013-07-19T13:48:12+00:00\",\"dateModified\":\"2019-04-23T21:29:28+00:00\",\"mainEntityOfPage\":{\"@id\":\"https:\\\/\\\/www.inmsol.com\\\/es\\\/blog-escuela\\\/eventos-granada\\\/jazz-en-la-plaza-julio-y-agosto-2013\\\/\"},\"wordCount\":233,\"publisher\":{\"@id\":\"https:\\\/\\\/www.inmsol.com\\\/es\\\/#organization\"},\"image\":{\"@id\":\"https:\\\/\\\/www.inmsol.com\\\/es\\\/blog-escuela\\\/eventos-granada\\\/jazz-en-la-plaza-julio-y-agosto-2013\\\/#primaryimage\"},\"thumbnailUrl\":\"https:\\\/\\\/www.inmsol.com\\\/wp-content\\\/uploads\\\/2013\\\/08\\\/\u00edndice.jpg\",\"articleSection\":[\"Eventos en Granada\"],\"inLanguage\":\"es\"},{\"@type\":\"WebPage\",\"@id\":\"https:\\\/\\\/www.inmsol.com\\\/es\\\/blog-escuela\\\/eventos-granada\\\/jazz-en-la-plaza-julio-y-agosto-2013\\\/\",\"url\":\"https:\\\/\\\/www.inmsol.com\\\/es\\\/blog-escuela\\\/eventos-granada\\\/jazz-en-la-plaza-julio-y-agosto-2013\\\/\",\"name\":\"Jazz en la plaza: julio y agosto 2013 | jazz, conciertos, cajagranada, plaza | INMSOL\",\"isPartOf\":{\"@id\":\"https:\\\/\\\/www.inmsol.com\\\/es\\\/#website\"},\"primaryImageOfPage\":{\"@id\":\"https:\\\/\\\/www.inmsol.com\\\/es\\\/blog-escuela\\\/eventos-granada\\\/jazz-en-la-plaza-julio-y-agosto-2013\\\/#primaryimage\"},\"image\":{\"@id\":\"https:\\\/\\\/www.inmsol.com\\\/es\\\/blog-escuela\\\/eventos-granada\\\/jazz-en-la-plaza-julio-y-agosto-2013\\\/#primaryimage\"},\"thumbnailUrl\":\"https:\\\/\\\/www.inmsol.com\\\/wp-content\\\/uploads\\\/2013\\\/08\\\/\u00edndice.jpg\",\"datePublished\":\"2013-07-19T13:48:12+00:00\",\"dateModified\":\"2019-04-23T21:29:28+00:00\",\"description\":\"Informaci\u00f3n sobre los conciertos de jazz en la plaza de las culturas, en el museo de la memoria hist\u00f3rica de Granada. Verano 2013\",\"breadcrumb\":{\"@id\":\"https:\\\/\\\/www.inmsol.com\\\/es\\\/blog-escuela\\\/eventos-granada\\\/jazz-en-la-plaza-julio-y-agosto-2013\\\/#breadcrumb\"},\"inLanguage\":\"es\",\"potentialAction\":[{\"@type\":\"ReadAction\",\"target\":[\"https:\\\/\\\/www.inmsol.com\\\/es\\\/blog-escuela\\\/eventos-granada\\\/jazz-en-la-plaza-julio-y-agosto-2013\\\/\"]}]},{\"@type\":\"ImageObject\",\"inLanguage\":\"es\",\"@id\":\"https:\\\/\\\/www.inmsol.com\\\/es\\\/blog-escuela\\\/eventos-granada\\\/jazz-en-la-plaza-julio-y-agosto-2013\\\/#primaryimage\",\"url\":\"https:\\\/\\\/www.inmsol.com\\\/wp-content\\\/uploads\\\/2013\\\/08\\\/\u00edndice.jpg\",\"contentUrl\":\"https:\\\/\\\/www.inmsol.com\\\/wp-content\\\/uploads\\\/2013\\\/08\\\/\u00edndice.jpg\",\"width\":246,\"height\":205},{\"@type\":\"BreadcrumbList\",\"@id\":\"https:\\\/\\\/www.inmsol.com\\\/es\\\/blog-escuela\\\/eventos-granada\\\/jazz-en-la-plaza-julio-y-agosto-2013\\\/#breadcrumb\",\"itemListElement\":[{\"@type\":\"ListItem\",\"position\":1,\"name\":\"Accredited Center by Instituto Cervantes\",\"item\":\"https:\\\/\\\/www.inmsol.com\\\/es\\\/pagina-ejemplo\\\/\"},{\"@type\":\"ListItem\",\"position\":2,\"name\":\"Blog Escuela Espa\u00f1ol\",\"item\":\"https:\\\/\\\/www.inmsol.com\\\/es\\\/category\\\/blog-escuela\\\/\"},{\"@type\":\"ListItem\",\"position\":3,\"name\":\"Eventos en Granada\",\"item\":\"https:\\\/\\\/www.inmsol.com\\\/es\\\/category\\\/blog-escuela\\\/eventos-granada\\\/\"},{\"@type\":\"ListItem\",\"position\":4,\"name\":\"Jazz en la plaza: julio y agosto 2013\"}]},{\"@type\":\"WebSite\",\"@id\":\"https:\\\/\\\/www.inmsol.com\\\/es\\\/#website\",\"url\":\"https:\\\/\\\/www.inmsol.com\\\/es\\\/\",\"name\":\"iNMSOL\",\"description\":\"Aprenda Espa\u00f1ol con iNMSOL en Granada | Centro Acreditado por el Instituto Cervantes\",\"publisher\":{\"@id\":\"https:\\\/\\\/www.inmsol.com\\\/es\\\/#organization\"},\"potentialAction\":[{\"@type\":\"SearchAction\",\"target\":{\"@type\":\"EntryPoint\",\"urlTemplate\":\"https:\\\/\\\/www.inmsol.com\\\/es\\\/?s={search_term_string}\"},\"query-input\":{\"@type\":\"PropertyValueSpecification\",\"valueRequired\":true,\"valueName\":\"search_term_string\"}}],\"inLanguage\":\"es\"},{\"@type\":\"Organization\",\"@id\":\"https:\\\/\\\/www.inmsol.com\\\/es\\\/#organization\",\"name\":\"Instituto Mediterr\u00e1neo Sol\",\"url\":\"https:\\\/\\\/www.inmsol.com\\\/es\\\/\",\"logo\":{\"@type\":\"ImageObject\",\"inLanguage\":\"es\",\"@id\":\"https:\\\/\\\/www.inmsol.com\\\/es\\\/#\\\/schema\\\/logo\\\/image\\\/\",\"url\":\"https:\\\/\\\/www.inmsol.com\\\/wp-content\\\/uploads\\\/2023\\\/06\\\/logo-inmsol-1.png\",\"contentUrl\":\"https:\\\/\\\/www.inmsol.com\\\/wp-content\\\/uploads\\\/2023\\\/06\\\/logo-inmsol-1.png\",\"width\":136,\"height\":73,\"caption\":\"Instituto Mediterr\u00e1neo Sol\"},\"image\":{\"@id\":\"https:\\\/\\\/www.inmsol.com\\\/es\\\/#\\\/schema\\\/logo\\\/image\\\/\"},\"sameAs\":[\"https:\\\/\\\/www.facebook.com\\\/spanishcourses\",\"https:\\\/\\\/x.com\\\/StudyInGranada\",\"http:\\\/\\\/instagram.com\\\/imsolgranada\",\"https:\\\/\\\/es.linkedin.com\\\/company\\\/imsol-granada\",\"https:\\\/\\\/www.pinterest.es\\\/inmsol\\\/\",\"https:\\\/\\\/www.youtube.com\\\/channel\\\/UChz-Qn_7coFMosY85iYMO4g\"]},{\"@type\":\"Person\",\"@id\":\"https:\\\/\\\/www.inmsol.com\\\/es\\\/#\\\/schema\\\/person\\\/18f18acd0397ef441e373e79ec3eb6ea\",\"name\":\"Javier Torres\",\"image\":{\"@type\":\"ImageObject\",\"inLanguage\":\"es\",\"@id\":\"https:\\\/\\\/secure.gravatar.com\\\/avatar\\\/90afa2d6499550218d247408758082af566e5ec3641e1b8eac0d7bb889344a55?s=96&d=mm&r=g\",\"url\":\"https:\\\/\\\/secure.gravatar.com\\\/avatar\\\/90afa2d6499550218d247408758082af566e5ec3641e1b8eac0d7bb889344a55?s=96&d=mm&r=g\",\"contentUrl\":\"https:\\\/\\\/secure.gravatar.com\\\/avatar\\\/90afa2d6499550218d247408758082af566e5ec3641e1b8eac0d7bb889344a55?s=96&d=mm&r=g\",\"caption\":\"Javier Torres\"},\"url\":\"https:\\\/\\\/www.inmsol.com\\\/es\\\/author\\\/javier\\\/\"}]}<\/script>\n<!-- \/ Yoast SEO plugin. -->","yoast_head_json":{"title":"Jazz en la plaza: julio y agosto 2013 | jazz, conciertos, cajagranada, plaza | INMSOL","description":"Informaci\u00f3n sobre los conciertos de jazz en la plaza de las culturas, en el museo de la memoria hist\u00f3rica de Granada. Verano 2013","robots":{"index":"index","follow":"follow","max-snippet":"max-snippet:-1","max-image-preview":"max-image-preview:large","max-video-preview":"max-video-preview:-1"},"canonical":"https:\/\/www.inmsol.com\/es\/blog-escuela\/eventos-granada\/jazz-en-la-plaza-julio-y-agosto-2013\/","og_locale":"es_ES","og_type":"article","og_title":"Jazz en la plaza: julio y agosto 2013 | jazz, conciertos, cajagranada, plaza | INMSOL","og_description":"Informaci\u00f3n sobre los conciertos de jazz en la plaza de las culturas, en el museo de la memoria hist\u00f3rica de Granada. Verano 2013","og_url":"https:\/\/www.inmsol.com\/es\/blog-escuela\/eventos-granada\/jazz-en-la-plaza-julio-y-agosto-2013\/","og_site_name":"iNMSOL","article_publisher":"https:\/\/www.facebook.com\/spanishcourses","article_published_time":"2013-07-19T13:48:12+00:00","article_modified_time":"2019-04-23T21:29:28+00:00","og_image":[{"width":246,"height":205,"url":"https:\/\/www.inmsol.com\/wp-content\/uploads\/2013\/08\/\u00edndice.jpg","type":"image\/jpeg"}],"author":"Javier Torres","twitter_misc":{"Escrito por":"Javier Torres","Tiempo de lectura":"1 minuto"},"schema":{"@context":"https:\/\/schema.org","@graph":[{"@type":"Article","@id":"https:\/\/www.inmsol.com\/es\/blog-escuela\/eventos-granada\/jazz-en-la-plaza-julio-y-agosto-2013\/#article","isPartOf":{"@id":"https:\/\/www.inmsol.com\/es\/blog-escuela\/eventos-granada\/jazz-en-la-plaza-julio-y-agosto-2013\/"},"author":{"name":"Javier Torres","@id":"https:\/\/www.inmsol.com\/es\/#\/schema\/person\/18f18acd0397ef441e373e79ec3eb6ea"},"headline":"Jazz en la plaza: julio y agosto 2013","datePublished":"2013-07-19T13:48:12+00:00","dateModified":"2019-04-23T21:29:28+00:00","mainEntityOfPage":{"@id":"https:\/\/www.inmsol.com\/es\/blog-escuela\/eventos-granada\/jazz-en-la-plaza-julio-y-agosto-2013\/"},"wordCount":233,"publisher":{"@id":"https:\/\/www.inmsol.com\/es\/#organization"},"image":{"@id":"https:\/\/www.inmsol.com\/es\/blog-escuela\/eventos-granada\/jazz-en-la-plaza-julio-y-agosto-2013\/#primaryimage"},"thumbnailUrl":"https:\/\/www.inmsol.com\/wp-content\/uploads\/2013\/08\/\u00edndice.jpg","articleSection":["Eventos en Granada"],"inLanguage":"es"},{"@type":"WebPage","@id":"https:\/\/www.inmsol.com\/es\/blog-escuela\/eventos-granada\/jazz-en-la-plaza-julio-y-agosto-2013\/","url":"https:\/\/www.inmsol.com\/es\/blog-escuela\/eventos-granada\/jazz-en-la-plaza-julio-y-agosto-2013\/","name":"Jazz en la plaza: julio y agosto 2013 | jazz, conciertos, cajagranada, plaza | INMSOL","isPartOf":{"@id":"https:\/\/www.inmsol.com\/es\/#website"},"primaryImageOfPage":{"@id":"https:\/\/www.inmsol.com\/es\/blog-escuela\/eventos-granada\/jazz-en-la-plaza-julio-y-agosto-2013\/#primaryimage"},"image":{"@id":"https:\/\/www.inmsol.com\/es\/blog-escuela\/eventos-granada\/jazz-en-la-plaza-julio-y-agosto-2013\/#primaryimage"},"thumbnailUrl":"https:\/\/www.inmsol.com\/wp-content\/uploads\/2013\/08\/\u00edndice.jpg","datePublished":"2013-07-19T13:48:12+00:00","dateModified":"2019-04-23T21:29:28+00:00","description":"Informaci\u00f3n sobre los conciertos de jazz en la plaza de las culturas, en el museo de la memoria hist\u00f3rica de Granada. Verano 2013","breadcrumb":{"@id":"https:\/\/www.inmsol.com\/es\/blog-escuela\/eventos-granada\/jazz-en-la-plaza-julio-y-agosto-2013\/#breadcrumb"},"inLanguage":"es","potentialAction":[{"@type":"ReadAction","target":["https:\/\/www.inmsol.com\/es\/blog-escuela\/eventos-granada\/jazz-en-la-plaza-julio-y-agosto-2013\/"]}]},{"@type":"ImageObject","inLanguage":"es","@id":"https:\/\/www.inmsol.com\/es\/blog-escuela\/eventos-granada\/jazz-en-la-plaza-julio-y-agosto-2013\/#primaryimage","url":"https:\/\/www.inmsol.com\/wp-content\/uploads\/2013\/08\/\u00edndice.jpg","contentUrl":"https:\/\/www.inmsol.com\/wp-content\/uploads\/2013\/08\/\u00edndice.jpg","width":246,"height":205},{"@type":"BreadcrumbList","@id":"https:\/\/www.inmsol.com\/es\/blog-escuela\/eventos-granada\/jazz-en-la-plaza-julio-y-agosto-2013\/#breadcrumb","itemListElement":[{"@type":"ListItem","position":1,"name":"Accredited Center by Instituto Cervantes","item":"https:\/\/www.inmsol.com\/es\/pagina-ejemplo\/"},{"@type":"ListItem","position":2,"name":"Blog Escuela Espa\u00f1ol","item":"https:\/\/www.inmsol.com\/es\/category\/blog-escuela\/"},{"@type":"ListItem","position":3,"name":"Eventos en Granada","item":"https:\/\/www.inmsol.com\/es\/category\/blog-escuela\/eventos-granada\/"},{"@type":"ListItem","position":4,"name":"Jazz en la plaza: julio y agosto 2013"}]},{"@type":"WebSite","@id":"https:\/\/www.inmsol.com\/es\/#website","url":"https:\/\/www.inmsol.com\/es\/","name":"iNMSOL","description":"Aprenda Espa\u00f1ol con iNMSOL en Granada | Centro Acreditado por el Instituto Cervantes","publisher":{"@id":"https:\/\/www.inmsol.com\/es\/#organization"},"potentialAction":[{"@type":"SearchAction","target":{"@type":"EntryPoint","urlTemplate":"https:\/\/www.inmsol.com\/es\/?s={search_term_string}"},"query-input":{"@type":"PropertyValueSpecification","valueRequired":true,"valueName":"search_term_string"}}],"inLanguage":"es"},{"@type":"Organization","@id":"https:\/\/www.inmsol.com\/es\/#organization","name":"Instituto Mediterr\u00e1neo Sol","url":"https:\/\/www.inmsol.com\/es\/","logo":{"@type":"ImageObject","inLanguage":"es","@id":"https:\/\/www.inmsol.com\/es\/#\/schema\/logo\/image\/","url":"https:\/\/www.inmsol.com\/wp-content\/uploads\/2023\/06\/logo-inmsol-1.png","contentUrl":"https:\/\/www.inmsol.com\/wp-content\/uploads\/2023\/06\/logo-inmsol-1.png","width":136,"height":73,"caption":"Instituto Mediterr\u00e1neo Sol"},"image":{"@id":"https:\/\/www.inmsol.com\/es\/#\/schema\/logo\/image\/"},"sameAs":["https:\/\/www.facebook.com\/spanishcourses","https:\/\/x.com\/StudyInGranada","http:\/\/instagram.com\/imsolgranada","https:\/\/es.linkedin.com\/company\/imsol-granada","https:\/\/www.pinterest.es\/inmsol\/","https:\/\/www.youtube.com\/channel\/UChz-Qn_7coFMosY85iYMO4g"]},{"@type":"Person","@id":"https:\/\/www.inmsol.com\/es\/#\/schema\/person\/18f18acd0397ef441e373e79ec3eb6ea","name":"Javier Torres","image":{"@type":"ImageObject","inLanguage":"es","@id":"https:\/\/secure.gravatar.com\/avatar\/90afa2d6499550218d247408758082af566e5ec3641e1b8eac0d7bb889344a55?s=96&d=mm&r=g","url":"https:\/\/secure.gravatar.com\/avatar\/90afa2d6499550218d247408758082af566e5ec3641e1b8eac0d7bb889344a55?s=96&d=mm&r=g","contentUrl":"https:\/\/secure.gravatar.com\/avatar\/90afa2d6499550218d247408758082af566e5ec3641e1b8eac0d7bb889344a55?s=96&d=mm&r=g","caption":"Javier Torres"},"url":"https:\/\/www.inmsol.com\/es\/author\/javier\/"}]}},"_links":{"self":[{"href":"https:\/\/www.inmsol.com\/es\/wp-json\/wp\/v2\/posts\/1240","targetHints":{"allow":["GET"]}}],"collection":[{"href":"https:\/\/www.inmsol.com\/es\/wp-json\/wp\/v2\/posts"}],"about":[{"href":"https:\/\/www.inmsol.com\/es\/wp-json\/wp\/v2\/types\/post"}],"author":[{"embeddable":true,"href":"https:\/\/www.inmsol.com\/es\/wp-json\/wp\/v2\/users\/2"}],"replies":[{"embeddable":true,"href":"https:\/\/www.inmsol.com\/es\/wp-json\/wp\/v2\/comments?post=1240"}],"version-history":[{"count":0,"href":"https:\/\/www.inmsol.com\/es\/wp-json\/wp\/v2\/posts\/1240\/revisions"}],"wp:featuredmedia":[{"embeddable":true,"href":"https:\/\/www.inmsol.com\/es\/wp-json\/wp\/v2\/media\/9148"}],"wp:attachment":[{"href":"https:\/\/www.inmsol.com\/es\/wp-json\/wp\/v2\/media?parent=1240"}],"wp:term":[{"taxonomy":"category","embeddable":true,"href":"https:\/\/www.inmsol.com\/es\/wp-json\/wp\/v2\/categories?post=1240"},{"taxonomy":"post_tag","embeddable":true,"href":"https:\/\/www.inmsol.com\/es\/wp-json\/wp\/v2\/tags?post=1240"}],"curies":[{"name":"wp","href":"https:\/\/api.w.org\/{rel}","templated":true}]}}