{"id":1243,"date":"2013-07-24T11:54:30","date_gmt":"2013-07-24T09:54:30","guid":{"rendered":"https:\/\/www.inmsol.com\/"},"modified":"2019-04-23T23:29:17","modified_gmt":"2019-04-23T21:29:17","slug":"muestra-gastronomica-en-salobrena","status":"publish","type":"post","link":"https:\/\/www.inmsol.com\/es\/blog-escuela\/eventos-granada\/muestra-gastronomica-en-salobrena\/","title":{"rendered":"Muestra Gastron\u00f3mica en Salobre\u00f1a"},"content":{"rendered":"<div>\n<div class=\"rtejustify\">Despu\u00e9s del \u00e9xito que tuvo el a\u00f1o pasado, el jueves empieza la segunda edici\u00f3n de la Muestra Gastron\u00f3mica de Salobre\u00f1a, promovida por el diario IDEAL con la colaboraci\u00f3n del consistorio de esta localidad costera. La Muestra estar\u00e1 abierta en horario de 12.00 a 17.00 y de 20.30 a 00.00 horas. Esta manifestaci\u00f3n quiere unir los buenos productos que prestigiosas empresas de restauraci\u00f3n sirven y un ambiente festivo.<\/div>\n<div class=\"rtejustify\"><\/div>\n<div class=\"rtejustify\">Gonzalo Fern\u00e1ndez Pulido explica el sentido de esta fiesta, y como el mundo de la gastronom\u00eda tiene importancia por el turismo. \u00abDifundir y promocionar Salobre\u00f1a como destino de este tipo de turismo en alza fue el objetivo de la iniciativa \u2018Saborea Salobre\u00f1a 2013\u2019. El proyecto ha incluido una ruta de la tapa, unas jornadas gastron\u00f3micas y talleres de productos de calidad de la provincia. La gastronom\u00eda se ha convertido en un producto tur\u00edstico de primer orden y Salobre\u00f1a tiene mucho que decir al respecto\u00bb. Los sabores del pescado frito, los espetos de sardinas o los pinchitos y el arroz reci\u00e9n salido de los fogones invitar\u00e1 a acercarse a esta cita que se celebra bajo un gran pabell\u00f3n situado junto al mismo paseo mar\u00edtimo de Salobre\u00f1a, a la altura del complejo Los Faroles.<\/div>\n<div class=\"rtejustify\">Las empresas que participaran vienen de toda la provincia, sobre todo de la Costa Tropical, y ofrecer\u00e1n al p\u00fablico sus mejores productos a unos precios muy convenientes. La cocina ser\u00e1 acompa\u00f1ada por grupos musicales de la Costa, para dar as\u00ed un ambiente festivo fenomenal.<\/div>\n<div class=\"rtejustify\">La cerveza fresquita, el tinto de verano, los vinos de Granada, la cocina mediterr\u00e1nea, el pescadito frito, buena m\u00fasica, animaci\u00f3n\u2026 Salobre\u00f1a, desde el jueves, espera a todos con su sabor m\u00e1s ideal.<\/div>\n<div><\/div>\n<\/div>\n<div><\/div>\n","protected":false},"excerpt":{"rendered":"<p>Despu\u00e9s del \u00e9xito que tuvo el a\u00f1o pasado, el jueves empieza la segunda edici\u00f3n de la Muestra Gastron\u00f3mica de Salobre\u00f1a, promovida por el diario IDEAL con la colaboraci\u00f3n del consistorio de esta localidad costera. La Muestra estar\u00e1 abierta en horario de 12.00 a 17.00 y&#8230;<\/p>\n","protected":false},"author":2,"featured_media":8892,"comment_status":"closed","ping_status":"closed","sticky":false,"template":"","format":"standard","meta":{"_acf_changed":false,"footnotes":""},"categories":[80],"tags":[],"class_list":["post-1243","post","type-post","status-publish","format-standard","has-post-thumbnail","hentry","category-eventos-granada"],"acf":[],"yoast_head":"<!-- This site is optimized with the Yoast SEO plugin v27.5 - https:\/\/yoast.com\/product\/yoast-seo-wordpress\/ -->\n<title>Muestra Gastron\u00f3mica en Salobre\u00f1a | Muestra Gastron\u00f3mica en Salobre\u00f1a | INMSOL<\/title>\n<meta name=\"description\" content=\"[node:summary]Despu\u00e9s del \u00e9xito que tuvo el a\u00f1o pasado, el jueves empieza la segunda edici\u00f3n de la Muestra Gastron\u00f3mica de Salobre\u00f1a, promovida por el diario IDEAL con la colaboraci\u00f3n del consistorio de esta localidad costera.\" \/>\n<meta name=\"robots\" content=\"index, follow, max-snippet:-1, max-image-preview:large, max-video-preview:-1\" \/>\n<link rel=\"canonical\" href=\"https:\/\/www.inmsol.com\/es\/blog-escuela\/eventos-granada\/muestra-gastronomica-en-salobrena\/\" \/>\n<meta property=\"og:locale\" content=\"es_ES\" \/>\n<meta property=\"og:type\" content=\"article\" \/>\n<meta property=\"og:title\" content=\"Muestra Gastron\u00f3mica en Salobre\u00f1a | Muestra Gastron\u00f3mica en Salobre\u00f1a | INMSOL\" \/>\n<meta property=\"og:description\" content=\"[node:summary]Despu\u00e9s del \u00e9xito que tuvo el a\u00f1o pasado, el jueves empieza la segunda edici\u00f3n de la Muestra Gastron\u00f3mica de Salobre\u00f1a, promovida por el diario IDEAL con la colaboraci\u00f3n del consistorio de esta localidad costera.\" \/>\n<meta property=\"og:url\" content=\"https:\/\/www.inmsol.com\/es\/blog-escuela\/eventos-granada\/muestra-gastronomica-en-salobrena\/\" \/>\n<meta property=\"og:site_name\" content=\"iNMSOL\" \/>\n<meta property=\"article:publisher\" content=\"https:\/\/www.facebook.com\/spanishcourses\" \/>\n<meta property=\"article:published_time\" content=\"2013-07-24T09:54:30+00:00\" \/>\n<meta property=\"article:modified_time\" content=\"2019-04-23T21:29:17+00:00\" \/>\n<meta property=\"og:image\" content=\"https:\/\/www.inmsol.com\/wp-content\/uploads\/2014\/03\/hd-pinchos-tapas-77.jpg\" \/>\n\t<meta property=\"og:image:width\" content=\"1024\" \/>\n\t<meta property=\"og:image:height\" content=\"768\" \/>\n\t<meta property=\"og:image:type\" content=\"image\/jpeg\" \/>\n<meta name=\"author\" content=\"Javier Torres\" \/>\n<meta name=\"twitter:label1\" content=\"Escrito por\" \/>\n\t<meta name=\"twitter:data1\" content=\"Javier Torres\" \/>\n\t<meta name=\"twitter:label2\" content=\"Tiempo de lectura\" \/>\n\t<meta name=\"twitter:data2\" content=\"1 minuto\" \/>\n<script type=\"application\/ld+json\" class=\"yoast-schema-graph\">{\"@context\":\"https:\\\/\\\/schema.org\",\"@graph\":[{\"@type\":\"Article\",\"@id\":\"https:\\\/\\\/www.inmsol.com\\\/es\\\/blog-escuela\\\/eventos-granada\\\/muestra-gastronomica-en-salobrena\\\/#article\",\"isPartOf\":{\"@id\":\"https:\\\/\\\/www.inmsol.com\\\/es\\\/blog-escuela\\\/eventos-granada\\\/muestra-gastronomica-en-salobrena\\\/\"},\"author\":{\"name\":\"Javier Torres\",\"@id\":\"https:\\\/\\\/www.inmsol.com\\\/es\\\/#\\\/schema\\\/person\\\/18f18acd0397ef441e373e79ec3eb6ea\"},\"headline\":\"Muestra Gastron\u00f3mica en Salobre\u00f1a\",\"datePublished\":\"2013-07-24T09:54:30+00:00\",\"dateModified\":\"2019-04-23T21:29:17+00:00\",\"mainEntityOfPage\":{\"@id\":\"https:\\\/\\\/www.inmsol.com\\\/es\\\/blog-escuela\\\/eventos-granada\\\/muestra-gastronomica-en-salobrena\\\/\"},\"wordCount\":304,\"publisher\":{\"@id\":\"https:\\\/\\\/www.inmsol.com\\\/es\\\/#organization\"},\"image\":{\"@id\":\"https:\\\/\\\/www.inmsol.com\\\/es\\\/blog-escuela\\\/eventos-granada\\\/muestra-gastronomica-en-salobrena\\\/#primaryimage\"},\"thumbnailUrl\":\"https:\\\/\\\/www.inmsol.com\\\/wp-content\\\/uploads\\\/2014\\\/03\\\/hd-pinchos-tapas-77.jpg\",\"articleSection\":[\"Eventos en Granada\"],\"inLanguage\":\"es\"},{\"@type\":\"WebPage\",\"@id\":\"https:\\\/\\\/www.inmsol.com\\\/es\\\/blog-escuela\\\/eventos-granada\\\/muestra-gastronomica-en-salobrena\\\/\",\"url\":\"https:\\\/\\\/www.inmsol.com\\\/es\\\/blog-escuela\\\/eventos-granada\\\/muestra-gastronomica-en-salobrena\\\/\",\"name\":\"Muestra Gastron\u00f3mica en Salobre\u00f1a | Muestra Gastron\u00f3mica en Salobre\u00f1a | INMSOL\",\"isPartOf\":{\"@id\":\"https:\\\/\\\/www.inmsol.com\\\/es\\\/#website\"},\"primaryImageOfPage\":{\"@id\":\"https:\\\/\\\/www.inmsol.com\\\/es\\\/blog-escuela\\\/eventos-granada\\\/muestra-gastronomica-en-salobrena\\\/#primaryimage\"},\"image\":{\"@id\":\"https:\\\/\\\/www.inmsol.com\\\/es\\\/blog-escuela\\\/eventos-granada\\\/muestra-gastronomica-en-salobrena\\\/#primaryimage\"},\"thumbnailUrl\":\"https:\\\/\\\/www.inmsol.com\\\/wp-content\\\/uploads\\\/2014\\\/03\\\/hd-pinchos-tapas-77.jpg\",\"datePublished\":\"2013-07-24T09:54:30+00:00\",\"dateModified\":\"2019-04-23T21:29:17+00:00\",\"description\":\"[node:summary]Despu\u00e9s del \u00e9xito que tuvo el a\u00f1o pasado, el jueves empieza la segunda edici\u00f3n de la Muestra Gastron\u00f3mica de Salobre\u00f1a, promovida por el diario IDEAL con la colaboraci\u00f3n del consistorio de esta localidad costera.\",\"breadcrumb\":{\"@id\":\"https:\\\/\\\/www.inmsol.com\\\/es\\\/blog-escuela\\\/eventos-granada\\\/muestra-gastronomica-en-salobrena\\\/#breadcrumb\"},\"inLanguage\":\"es\",\"potentialAction\":[{\"@type\":\"ReadAction\",\"target\":[\"https:\\\/\\\/www.inmsol.com\\\/es\\\/blog-escuela\\\/eventos-granada\\\/muestra-gastronomica-en-salobrena\\\/\"]}]},{\"@type\":\"ImageObject\",\"inLanguage\":\"es\",\"@id\":\"https:\\\/\\\/www.inmsol.com\\\/es\\\/blog-escuela\\\/eventos-granada\\\/muestra-gastronomica-en-salobrena\\\/#primaryimage\",\"url\":\"https:\\\/\\\/www.inmsol.com\\\/wp-content\\\/uploads\\\/2014\\\/03\\\/hd-pinchos-tapas-77.jpg\",\"contentUrl\":\"https:\\\/\\\/www.inmsol.com\\\/wp-content\\\/uploads\\\/2014\\\/03\\\/hd-pinchos-tapas-77.jpg\",\"width\":1024,\"height\":768},{\"@type\":\"BreadcrumbList\",\"@id\":\"https:\\\/\\\/www.inmsol.com\\\/es\\\/blog-escuela\\\/eventos-granada\\\/muestra-gastronomica-en-salobrena\\\/#breadcrumb\",\"itemListElement\":[{\"@type\":\"ListItem\",\"position\":1,\"name\":\"Accredited Center by Instituto Cervantes\",\"item\":\"https:\\\/\\\/www.inmsol.com\\\/es\\\/pagina-ejemplo\\\/\"},{\"@type\":\"ListItem\",\"position\":2,\"name\":\"Blog Escuela Espa\u00f1ol\",\"item\":\"https:\\\/\\\/www.inmsol.com\\\/es\\\/category\\\/blog-escuela\\\/\"},{\"@type\":\"ListItem\",\"position\":3,\"name\":\"Eventos en Granada\",\"item\":\"https:\\\/\\\/www.inmsol.com\\\/es\\\/category\\\/blog-escuela\\\/eventos-granada\\\/\"},{\"@type\":\"ListItem\",\"position\":4,\"name\":\"Muestra Gastron\u00f3mica en Salobre\u00f1a\"}]},{\"@type\":\"WebSite\",\"@id\":\"https:\\\/\\\/www.inmsol.com\\\/es\\\/#website\",\"url\":\"https:\\\/\\\/www.inmsol.com\\\/es\\\/\",\"name\":\"iNMSOL\",\"description\":\"Aprenda Espa\u00f1ol con iNMSOL en Granada | Centro Acreditado por el Instituto Cervantes\",\"publisher\":{\"@id\":\"https:\\\/\\\/www.inmsol.com\\\/es\\\/#organization\"},\"potentialAction\":[{\"@type\":\"SearchAction\",\"target\":{\"@type\":\"EntryPoint\",\"urlTemplate\":\"https:\\\/\\\/www.inmsol.com\\\/es\\\/?s={search_term_string}\"},\"query-input\":{\"@type\":\"PropertyValueSpecification\",\"valueRequired\":true,\"valueName\":\"search_term_string\"}}],\"inLanguage\":\"es\"},{\"@type\":\"Organization\",\"@id\":\"https:\\\/\\\/www.inmsol.com\\\/es\\\/#organization\",\"name\":\"Instituto Mediterr\u00e1neo Sol\",\"url\":\"https:\\\/\\\/www.inmsol.com\\\/es\\\/\",\"logo\":{\"@type\":\"ImageObject\",\"inLanguage\":\"es\",\"@id\":\"https:\\\/\\\/www.inmsol.com\\\/es\\\/#\\\/schema\\\/logo\\\/image\\\/\",\"url\":\"https:\\\/\\\/www.inmsol.com\\\/wp-content\\\/uploads\\\/2023\\\/06\\\/logo-inmsol-1.png\",\"contentUrl\":\"https:\\\/\\\/www.inmsol.com\\\/wp-content\\\/uploads\\\/2023\\\/06\\\/logo-inmsol-1.png\",\"width\":136,\"height\":73,\"caption\":\"Instituto Mediterr\u00e1neo Sol\"},\"image\":{\"@id\":\"https:\\\/\\\/www.inmsol.com\\\/es\\\/#\\\/schema\\\/logo\\\/image\\\/\"},\"sameAs\":[\"https:\\\/\\\/www.facebook.com\\\/spanishcourses\",\"https:\\\/\\\/x.com\\\/StudyInGranada\",\"http:\\\/\\\/instagram.com\\\/imsolgranada\",\"https:\\\/\\\/es.linkedin.com\\\/company\\\/imsol-granada\",\"https:\\\/\\\/www.pinterest.es\\\/inmsol\\\/\",\"https:\\\/\\\/www.youtube.com\\\/channel\\\/UChz-Qn_7coFMosY85iYMO4g\"]},{\"@type\":\"Person\",\"@id\":\"https:\\\/\\\/www.inmsol.com\\\/es\\\/#\\\/schema\\\/person\\\/18f18acd0397ef441e373e79ec3eb6ea\",\"name\":\"Javier Torres\",\"image\":{\"@type\":\"ImageObject\",\"inLanguage\":\"es\",\"@id\":\"https:\\\/\\\/secure.gravatar.com\\\/avatar\\\/90afa2d6499550218d247408758082af566e5ec3641e1b8eac0d7bb889344a55?s=96&d=mm&r=g\",\"url\":\"https:\\\/\\\/secure.gravatar.com\\\/avatar\\\/90afa2d6499550218d247408758082af566e5ec3641e1b8eac0d7bb889344a55?s=96&d=mm&r=g\",\"contentUrl\":\"https:\\\/\\\/secure.gravatar.com\\\/avatar\\\/90afa2d6499550218d247408758082af566e5ec3641e1b8eac0d7bb889344a55?s=96&d=mm&r=g\",\"caption\":\"Javier Torres\"},\"url\":\"https:\\\/\\\/www.inmsol.com\\\/es\\\/author\\\/javier\\\/\"}]}<\/script>\n<!-- \/ Yoast SEO plugin. -->","yoast_head_json":{"title":"Muestra Gastron\u00f3mica en Salobre\u00f1a | Muestra Gastron\u00f3mica en Salobre\u00f1a | INMSOL","description":"[node:summary]Despu\u00e9s del \u00e9xito que tuvo el a\u00f1o pasado, el jueves empieza la segunda edici\u00f3n de la Muestra Gastron\u00f3mica de Salobre\u00f1a, promovida por el diario IDEAL con la colaboraci\u00f3n del consistorio de esta localidad costera.","robots":{"index":"index","follow":"follow","max-snippet":"max-snippet:-1","max-image-preview":"max-image-preview:large","max-video-preview":"max-video-preview:-1"},"canonical":"https:\/\/www.inmsol.com\/es\/blog-escuela\/eventos-granada\/muestra-gastronomica-en-salobrena\/","og_locale":"es_ES","og_type":"article","og_title":"Muestra Gastron\u00f3mica en Salobre\u00f1a | Muestra Gastron\u00f3mica en Salobre\u00f1a | INMSOL","og_description":"[node:summary]Despu\u00e9s del \u00e9xito que tuvo el a\u00f1o pasado, el jueves empieza la segunda edici\u00f3n de la Muestra Gastron\u00f3mica de Salobre\u00f1a, promovida por el diario IDEAL con la colaboraci\u00f3n del consistorio de esta localidad costera.","og_url":"https:\/\/www.inmsol.com\/es\/blog-escuela\/eventos-granada\/muestra-gastronomica-en-salobrena\/","og_site_name":"iNMSOL","article_publisher":"https:\/\/www.facebook.com\/spanishcourses","article_published_time":"2013-07-24T09:54:30+00:00","article_modified_time":"2019-04-23T21:29:17+00:00","og_image":[{"width":1024,"height":768,"url":"https:\/\/www.inmsol.com\/wp-content\/uploads\/2014\/03\/hd-pinchos-tapas-77.jpg","type":"image\/jpeg"}],"author":"Javier Torres","twitter_misc":{"Escrito por":"Javier Torres","Tiempo de lectura":"1 minuto"},"schema":{"@context":"https:\/\/schema.org","@graph":[{"@type":"Article","@id":"https:\/\/www.inmsol.com\/es\/blog-escuela\/eventos-granada\/muestra-gastronomica-en-salobrena\/#article","isPartOf":{"@id":"https:\/\/www.inmsol.com\/es\/blog-escuela\/eventos-granada\/muestra-gastronomica-en-salobrena\/"},"author":{"name":"Javier Torres","@id":"https:\/\/www.inmsol.com\/es\/#\/schema\/person\/18f18acd0397ef441e373e79ec3eb6ea"},"headline":"Muestra Gastron\u00f3mica en Salobre\u00f1a","datePublished":"2013-07-24T09:54:30+00:00","dateModified":"2019-04-23T21:29:17+00:00","mainEntityOfPage":{"@id":"https:\/\/www.inmsol.com\/es\/blog-escuela\/eventos-granada\/muestra-gastronomica-en-salobrena\/"},"wordCount":304,"publisher":{"@id":"https:\/\/www.inmsol.com\/es\/#organization"},"image":{"@id":"https:\/\/www.inmsol.com\/es\/blog-escuela\/eventos-granada\/muestra-gastronomica-en-salobrena\/#primaryimage"},"thumbnailUrl":"https:\/\/www.inmsol.com\/wp-content\/uploads\/2014\/03\/hd-pinchos-tapas-77.jpg","articleSection":["Eventos en Granada"],"inLanguage":"es"},{"@type":"WebPage","@id":"https:\/\/www.inmsol.com\/es\/blog-escuela\/eventos-granada\/muestra-gastronomica-en-salobrena\/","url":"https:\/\/www.inmsol.com\/es\/blog-escuela\/eventos-granada\/muestra-gastronomica-en-salobrena\/","name":"Muestra Gastron\u00f3mica en Salobre\u00f1a | Muestra Gastron\u00f3mica en Salobre\u00f1a | INMSOL","isPartOf":{"@id":"https:\/\/www.inmsol.com\/es\/#website"},"primaryImageOfPage":{"@id":"https:\/\/www.inmsol.com\/es\/blog-escuela\/eventos-granada\/muestra-gastronomica-en-salobrena\/#primaryimage"},"image":{"@id":"https:\/\/www.inmsol.com\/es\/blog-escuela\/eventos-granada\/muestra-gastronomica-en-salobrena\/#primaryimage"},"thumbnailUrl":"https:\/\/www.inmsol.com\/wp-content\/uploads\/2014\/03\/hd-pinchos-tapas-77.jpg","datePublished":"2013-07-24T09:54:30+00:00","dateModified":"2019-04-23T21:29:17+00:00","description":"[node:summary]Despu\u00e9s del \u00e9xito que tuvo el a\u00f1o pasado, el jueves empieza la segunda edici\u00f3n de la Muestra Gastron\u00f3mica de Salobre\u00f1a, promovida por el diario IDEAL con la colaboraci\u00f3n del consistorio de esta localidad costera.","breadcrumb":{"@id":"https:\/\/www.inmsol.com\/es\/blog-escuela\/eventos-granada\/muestra-gastronomica-en-salobrena\/#breadcrumb"},"inLanguage":"es","potentialAction":[{"@type":"ReadAction","target":["https:\/\/www.inmsol.com\/es\/blog-escuela\/eventos-granada\/muestra-gastronomica-en-salobrena\/"]}]},{"@type":"ImageObject","inLanguage":"es","@id":"https:\/\/www.inmsol.com\/es\/blog-escuela\/eventos-granada\/muestra-gastronomica-en-salobrena\/#primaryimage","url":"https:\/\/www.inmsol.com\/wp-content\/uploads\/2014\/03\/hd-pinchos-tapas-77.jpg","contentUrl":"https:\/\/www.inmsol.com\/wp-content\/uploads\/2014\/03\/hd-pinchos-tapas-77.jpg","width":1024,"height":768},{"@type":"BreadcrumbList","@id":"https:\/\/www.inmsol.com\/es\/blog-escuela\/eventos-granada\/muestra-gastronomica-en-salobrena\/#breadcrumb","itemListElement":[{"@type":"ListItem","position":1,"name":"Accredited Center by Instituto Cervantes","item":"https:\/\/www.inmsol.com\/es\/pagina-ejemplo\/"},{"@type":"ListItem","position":2,"name":"Blog Escuela Espa\u00f1ol","item":"https:\/\/www.inmsol.com\/es\/category\/blog-escuela\/"},{"@type":"ListItem","position":3,"name":"Eventos en Granada","item":"https:\/\/www.inmsol.com\/es\/category\/blog-escuela\/eventos-granada\/"},{"@type":"ListItem","position":4,"name":"Muestra Gastron\u00f3mica en Salobre\u00f1a"}]},{"@type":"WebSite","@id":"https:\/\/www.inmsol.com\/es\/#website","url":"https:\/\/www.inmsol.com\/es\/","name":"iNMSOL","description":"Aprenda Espa\u00f1ol con iNMSOL en Granada | Centro Acreditado por el Instituto Cervantes","publisher":{"@id":"https:\/\/www.inmsol.com\/es\/#organization"},"potentialAction":[{"@type":"SearchAction","target":{"@type":"EntryPoint","urlTemplate":"https:\/\/www.inmsol.com\/es\/?s={search_term_string}"},"query-input":{"@type":"PropertyValueSpecification","valueRequired":true,"valueName":"search_term_string"}}],"inLanguage":"es"},{"@type":"Organization","@id":"https:\/\/www.inmsol.com\/es\/#organization","name":"Instituto Mediterr\u00e1neo Sol","url":"https:\/\/www.inmsol.com\/es\/","logo":{"@type":"ImageObject","inLanguage":"es","@id":"https:\/\/www.inmsol.com\/es\/#\/schema\/logo\/image\/","url":"https:\/\/www.inmsol.com\/wp-content\/uploads\/2023\/06\/logo-inmsol-1.png","contentUrl":"https:\/\/www.inmsol.com\/wp-content\/uploads\/2023\/06\/logo-inmsol-1.png","width":136,"height":73,"caption":"Instituto Mediterr\u00e1neo Sol"},"image":{"@id":"https:\/\/www.inmsol.com\/es\/#\/schema\/logo\/image\/"},"sameAs":["https:\/\/www.facebook.com\/spanishcourses","https:\/\/x.com\/StudyInGranada","http:\/\/instagram.com\/imsolgranada","https:\/\/es.linkedin.com\/company\/imsol-granada","https:\/\/www.pinterest.es\/inmsol\/","https:\/\/www.youtube.com\/channel\/UChz-Qn_7coFMosY85iYMO4g"]},{"@type":"Person","@id":"https:\/\/www.inmsol.com\/es\/#\/schema\/person\/18f18acd0397ef441e373e79ec3eb6ea","name":"Javier Torres","image":{"@type":"ImageObject","inLanguage":"es","@id":"https:\/\/secure.gravatar.com\/avatar\/90afa2d6499550218d247408758082af566e5ec3641e1b8eac0d7bb889344a55?s=96&d=mm&r=g","url":"https:\/\/secure.gravatar.com\/avatar\/90afa2d6499550218d247408758082af566e5ec3641e1b8eac0d7bb889344a55?s=96&d=mm&r=g","contentUrl":"https:\/\/secure.gravatar.com\/avatar\/90afa2d6499550218d247408758082af566e5ec3641e1b8eac0d7bb889344a55?s=96&d=mm&r=g","caption":"Javier Torres"},"url":"https:\/\/www.inmsol.com\/es\/author\/javier\/"}]}},"_links":{"self":[{"href":"https:\/\/www.inmsol.com\/es\/wp-json\/wp\/v2\/posts\/1243","targetHints":{"allow":["GET"]}}],"collection":[{"href":"https:\/\/www.inmsol.com\/es\/wp-json\/wp\/v2\/posts"}],"about":[{"href":"https:\/\/www.inmsol.com\/es\/wp-json\/wp\/v2\/types\/post"}],"author":[{"embeddable":true,"href":"https:\/\/www.inmsol.com\/es\/wp-json\/wp\/v2\/users\/2"}],"replies":[{"embeddable":true,"href":"https:\/\/www.inmsol.com\/es\/wp-json\/wp\/v2\/comments?post=1243"}],"version-history":[{"count":0,"href":"https:\/\/www.inmsol.com\/es\/wp-json\/wp\/v2\/posts\/1243\/revisions"}],"wp:featuredmedia":[{"embeddable":true,"href":"https:\/\/www.inmsol.com\/es\/wp-json\/wp\/v2\/media\/8892"}],"wp:attachment":[{"href":"https:\/\/www.inmsol.com\/es\/wp-json\/wp\/v2\/media?parent=1243"}],"wp:term":[{"taxonomy":"category","embeddable":true,"href":"https:\/\/www.inmsol.com\/es\/wp-json\/wp\/v2\/categories?post=1243"},{"taxonomy":"post_tag","embeddable":true,"href":"https:\/\/www.inmsol.com\/es\/wp-json\/wp\/v2\/tags?post=1243"}],"curies":[{"name":"wp","href":"https:\/\/api.w.org\/{rel}","templated":true}]}}