{"id":1252,"date":"2013-08-30T10:58:07","date_gmt":"2013-08-30T10:58:07","guid":{"rendered":"https:\/\/www.inmsol.com\/"},"modified":"2018-05-14T09:36:49","modified_gmt":"2018-05-14T07:36:49","slug":"festival-de-flamenco-en-el-museo-cuevas-sacromonte-granada","status":"publish","type":"post","link":"https:\/\/www.inmsol.com\/es\/blog-escuela\/eventos-granada\/festival-de-flamenco-en-el-museo-cuevas-sacromonte-granada\/","title":{"rendered":"Festival de flamenco en el Museo Cuevas Sacromonte (Granada)"},"content":{"rendered":"<p>Tambi\u00e9n este a\u00f1o la escuela de flamenco \u00abCarmen de las Cuevas\u00bb organiza un festival de flamenco en uno de los lugares con m\u00e1s encanto de Granada: Museo Cuevas del Sacromonte.<\/p>\n<p>Aqu\u00ed pod\u00e9is encontrar el programa. Se recuerda que, en caso de lluvia, los espect\u00e1culos se realizar\u00e1n en el teatro \u00abLa chumbera\u00bb.<\/p>\n<p><u><strong>PROGRAMA<\/strong><\/u><\/p>\n<p><strong>Viernes 30 agosto &#8211; 21:30h.<\/strong><br \/>\n<em>1\u00aa parte<\/em><br \/>\n<strong>MARCOS PALOMETAS (guitarra) presenta: A menta y canela<\/strong><br \/>\nCante: Fita Heredia<br \/>\nGuitarra: Marcos Palometas<br \/>\nBajo el\u00e9ctrico: Juan Masana<br \/>\nPercusi\u00f3n: Antonio G\u00f3mez<br \/>\nPalmas: Javier Martos<\/p>\n<p><em>2\u00aa parte<\/em><br \/>\n<strong>ESCUELA CARMEN DE LAS CUEVAS (baile, guitarra y cante) presenta: Vienen del Carmen<\/strong><br \/>\nCante: Sergio el Colorao<br \/>\nGuitarra: Marcos Palometas, Jorge el Pisao, Alexandre Palma y Tatsuya Hayashi<br \/>\nBaile: Mari Carmen Guerrero, Juliana Mart\u00ednez, Yui Ushida y Lola Jindra<br \/>\nDirecci\u00f3n y palmas: Javier Martos<\/p>\n<p><strong>Lunes 2 septiembre &#8211; 21:30h.<\/strong><br \/>\n<strong>JAIME el PARR\u00d3N y MANUEL HEREDIA (cante) presentan: Flamenco sin tapujos<\/strong><br \/>\nCante: Jaime Heredia el Parr\u00f3n y Manuel Heredia<br \/>\nGuitarra: Luis Mariano<br \/>\nBaile: La Cort\u00e9s<\/p>\n<p><strong>Mi\u00e9rcoles 4 septiembre &#8211; 21:30h.<\/strong><br \/>\n<strong>JARA HEREDIA (baile) presenta: Por tu ausencia<\/strong><br \/>\nBaile: Jara Heredia y hermanas Heredia \u201clas Gallinas\u201d (tangos de la Penca)<br \/>\nCante: Jaime Heredia y Rudi Fern\u00e1ndez<br \/>\nGuitarra: Marcos Palometas<br \/>\nPercusi\u00f3n: Antonio G\u00f3mez<\/p>\n<p><strong>Viernes 6 septiembre &#8211; 21:30h.<\/strong><br \/>\n<strong>JAVIER MARTOS (baile) presenta: Esencia de un arquitecto<\/strong><br \/>\nartista invitada: MARA MART\u00cdNEZ (baile)<br \/>\nDirecci\u00f3n: Javier Martos<br \/>\nCoreograf\u00eda: Javier Martos y Antonio Canales<br \/>\nDirecci\u00f3n musical: Rub\u00e9n Campos y Kiki Corpas<br \/>\nBaile: Javier Martos y Mara Mart\u00ednez<br \/>\nCante: Sergio G\u00f3mez el\u00a0 Colorao<br \/>\nGuitarra: Rub\u00e9n Campos y Kiki Corpas<br \/>\nPercusi\u00f3n: Miguel Chey\u00e9n<br \/>\nTexto original voz en off: Jorge Fern\u00e1ndez Bustos<\/p>\n<p><u><strong>PRECIOS<\/strong><\/u><\/p>\n<ul>\n<li>15 \u20ac en taquilla<\/li>\n<li>12 \u20ac, venta anticipada<\/li>\n<\/ul>\n<p><u><strong>PUNTOS DE VENTA<\/strong><\/u><\/p>\n<ul>\n<li><strong>DISCOS GRAN V\u00cdA<\/strong>\u00a0&#8211; C\/Gran V\u00eda, 21<\/li>\n<li><strong>LOTER\u00cdAS el BERNA<\/strong>\u00a0&#8211; Plaza Larga, Albaic\u00edn<\/li>\n<li><strong>MUSEO CUEVAS del SACROMONTE<\/strong>\u00a0\u00a0&#8211; Barranco de los Negros, Sacromonte.<\/li>\n<li><strong>ESCUELA CARMEN de las CUEVAS<\/strong>\u00a0&#8211; Cuesta de los Chinos, 15. Albaic\u00edn.<\/li>\n<li><strong>REEZ &#8211;<\/strong>\u00a0Plaza de Albayda 2, Albaic\u00edn.<\/li>\n<\/ul>\n","protected":false},"excerpt":{"rendered":"<p>Tambi\u00e9n este a\u00f1o la escuela de flamenco \u00abCarmen de las Cuevas\u00bb organiza un festival de flamenco en uno de los lugares con m\u00e1s encanto de Granada: Museo Cuevas del Sacromonte. Aqu\u00ed pod\u00e9is encontrar el programa. Se recuerda que, en caso de lluvia, los espect\u00e1culos se&#8230;<\/p>\n","protected":false},"author":2,"featured_media":7032,"comment_status":"closed","ping_status":"closed","sticky":false,"template":"","format":"standard","meta":{"_acf_changed":false,"footnotes":""},"categories":[80],"tags":[],"class_list":["post-1252","post","type-post","status-publish","format-standard","has-post-thumbnail","hentry","category-eventos-granada"],"acf":[],"yoast_head":"<!-- This site is optimized with the Yoast SEO plugin v27.5 - https:\/\/yoast.com\/product\/yoast-seo-wordpress\/ -->\n<title>Festival de flamenco en el Museo Cuevas Sacromonte - INMSOL<\/title>\n<meta name=\"description\" content=\"Festival de flamenco en el Museo Cuevas Sacromonte: precios, programa, artistas, horario, informaci\u00f3n general...\" \/>\n<meta name=\"robots\" content=\"index, follow, max-snippet:-1, max-image-preview:large, max-video-preview:-1\" \/>\n<link rel=\"canonical\" href=\"https:\/\/www.inmsol.com\/es\/blog-escuela\/eventos-granada\/festival-de-flamenco-en-el-museo-cuevas-sacromonte-granada\/\" \/>\n<meta property=\"og:locale\" content=\"es_ES\" \/>\n<meta property=\"og:type\" content=\"article\" \/>\n<meta property=\"og:title\" content=\"Festival de flamenco en el Museo Cuevas Sacromonte - INMSOL\" \/>\n<meta property=\"og:description\" content=\"Festival de flamenco en el Museo Cuevas Sacromonte: precios, programa, artistas, horario, informaci\u00f3n general...\" \/>\n<meta property=\"og:url\" content=\"https:\/\/www.inmsol.com\/es\/blog-escuela\/eventos-granada\/festival-de-flamenco-en-el-museo-cuevas-sacromonte-granada\/\" \/>\n<meta property=\"og:site_name\" content=\"iNMSOL\" \/>\n<meta property=\"article:publisher\" content=\"https:\/\/www.facebook.com\/spanishcourses\" \/>\n<meta property=\"article:published_time\" content=\"2013-08-30T10:58:07+00:00\" \/>\n<meta property=\"article:modified_time\" content=\"2018-05-14T07:36:49+00:00\" \/>\n<meta property=\"og:image\" content=\"https:\/\/www.inmsol.com\/wp-content\/uploads\/2010\/11\/flamencoYespa\u00f1ol.jpg\" \/>\n\t<meta property=\"og:image:width\" content=\"1700\" \/>\n\t<meta property=\"og:image:height\" content=\"1138\" \/>\n\t<meta property=\"og:image:type\" content=\"image\/jpeg\" \/>\n<meta name=\"author\" content=\"Javier Torres\" \/>\n<meta name=\"twitter:label1\" content=\"Escrito por\" \/>\n\t<meta name=\"twitter:data1\" content=\"Javier Torres\" \/>\n\t<meta name=\"twitter:label2\" content=\"Tiempo de lectura\" \/>\n\t<meta name=\"twitter:data2\" content=\"2 minutos\" \/>\n<script type=\"application\/ld+json\" class=\"yoast-schema-graph\">{\"@context\":\"https:\\\/\\\/schema.org\",\"@graph\":[{\"@type\":\"Article\",\"@id\":\"https:\\\/\\\/www.inmsol.com\\\/es\\\/blog-escuela\\\/eventos-granada\\\/festival-de-flamenco-en-el-museo-cuevas-sacromonte-granada\\\/#article\",\"isPartOf\":{\"@id\":\"https:\\\/\\\/www.inmsol.com\\\/es\\\/blog-escuela\\\/eventos-granada\\\/festival-de-flamenco-en-el-museo-cuevas-sacromonte-granada\\\/\"},\"author\":{\"name\":\"Javier Torres\",\"@id\":\"https:\\\/\\\/www.inmsol.com\\\/es\\\/#\\\/schema\\\/person\\\/18f18acd0397ef441e373e79ec3eb6ea\"},\"headline\":\"Festival de flamenco en el Museo Cuevas Sacromonte (Granada)\",\"datePublished\":\"2013-08-30T10:58:07+00:00\",\"dateModified\":\"2018-05-14T07:36:49+00:00\",\"mainEntityOfPage\":{\"@id\":\"https:\\\/\\\/www.inmsol.com\\\/es\\\/blog-escuela\\\/eventos-granada\\\/festival-de-flamenco-en-el-museo-cuevas-sacromonte-granada\\\/\"},\"wordCount\":344,\"publisher\":{\"@id\":\"https:\\\/\\\/www.inmsol.com\\\/es\\\/#organization\"},\"image\":{\"@id\":\"https:\\\/\\\/www.inmsol.com\\\/es\\\/blog-escuela\\\/eventos-granada\\\/festival-de-flamenco-en-el-museo-cuevas-sacromonte-granada\\\/#primaryimage\"},\"thumbnailUrl\":\"https:\\\/\\\/www.inmsol.com\\\/wp-content\\\/uploads\\\/2010\\\/11\\\/flamencoYespa\u00f1ol.jpg\",\"articleSection\":[\"Eventos en Granada\"],\"inLanguage\":\"es\"},{\"@type\":\"WebPage\",\"@id\":\"https:\\\/\\\/www.inmsol.com\\\/es\\\/blog-escuela\\\/eventos-granada\\\/festival-de-flamenco-en-el-museo-cuevas-sacromonte-granada\\\/\",\"url\":\"https:\\\/\\\/www.inmsol.com\\\/es\\\/blog-escuela\\\/eventos-granada\\\/festival-de-flamenco-en-el-museo-cuevas-sacromonte-granada\\\/\",\"name\":\"Festival de flamenco en el Museo Cuevas Sacromonte - INMSOL\",\"isPartOf\":{\"@id\":\"https:\\\/\\\/www.inmsol.com\\\/es\\\/#website\"},\"primaryImageOfPage\":{\"@id\":\"https:\\\/\\\/www.inmsol.com\\\/es\\\/blog-escuela\\\/eventos-granada\\\/festival-de-flamenco-en-el-museo-cuevas-sacromonte-granada\\\/#primaryimage\"},\"image\":{\"@id\":\"https:\\\/\\\/www.inmsol.com\\\/es\\\/blog-escuela\\\/eventos-granada\\\/festival-de-flamenco-en-el-museo-cuevas-sacromonte-granada\\\/#primaryimage\"},\"thumbnailUrl\":\"https:\\\/\\\/www.inmsol.com\\\/wp-content\\\/uploads\\\/2010\\\/11\\\/flamencoYespa\u00f1ol.jpg\",\"datePublished\":\"2013-08-30T10:58:07+00:00\",\"dateModified\":\"2018-05-14T07:36:49+00:00\",\"description\":\"Festival de flamenco en el Museo Cuevas Sacromonte: precios, programa, artistas, horario, informaci\u00f3n general...\",\"breadcrumb\":{\"@id\":\"https:\\\/\\\/www.inmsol.com\\\/es\\\/blog-escuela\\\/eventos-granada\\\/festival-de-flamenco-en-el-museo-cuevas-sacromonte-granada\\\/#breadcrumb\"},\"inLanguage\":\"es\",\"potentialAction\":[{\"@type\":\"ReadAction\",\"target\":[\"https:\\\/\\\/www.inmsol.com\\\/es\\\/blog-escuela\\\/eventos-granada\\\/festival-de-flamenco-en-el-museo-cuevas-sacromonte-granada\\\/\"]}]},{\"@type\":\"ImageObject\",\"inLanguage\":\"es\",\"@id\":\"https:\\\/\\\/www.inmsol.com\\\/es\\\/blog-escuela\\\/eventos-granada\\\/festival-de-flamenco-en-el-museo-cuevas-sacromonte-granada\\\/#primaryimage\",\"url\":\"https:\\\/\\\/www.inmsol.com\\\/wp-content\\\/uploads\\\/2010\\\/11\\\/flamencoYespa\u00f1ol.jpg\",\"contentUrl\":\"https:\\\/\\\/www.inmsol.com\\\/wp-content\\\/uploads\\\/2010\\\/11\\\/flamencoYespa\u00f1ol.jpg\",\"width\":1700,\"height\":1138},{\"@type\":\"BreadcrumbList\",\"@id\":\"https:\\\/\\\/www.inmsol.com\\\/es\\\/blog-escuela\\\/eventos-granada\\\/festival-de-flamenco-en-el-museo-cuevas-sacromonte-granada\\\/#breadcrumb\",\"itemListElement\":[{\"@type\":\"ListItem\",\"position\":1,\"name\":\"Accredited Center by Instituto Cervantes\",\"item\":\"https:\\\/\\\/www.inmsol.com\\\/es\\\/pagina-ejemplo\\\/\"},{\"@type\":\"ListItem\",\"position\":2,\"name\":\"Blog Escuela Espa\u00f1ol\",\"item\":\"https:\\\/\\\/www.inmsol.com\\\/es\\\/category\\\/blog-escuela\\\/\"},{\"@type\":\"ListItem\",\"position\":3,\"name\":\"Eventos en Granada\",\"item\":\"https:\\\/\\\/www.inmsol.com\\\/es\\\/category\\\/blog-escuela\\\/eventos-granada\\\/\"},{\"@type\":\"ListItem\",\"position\":4,\"name\":\"Festival de flamenco en el Museo Cuevas Sacromonte (Granada)\"}]},{\"@type\":\"WebSite\",\"@id\":\"https:\\\/\\\/www.inmsol.com\\\/es\\\/#website\",\"url\":\"https:\\\/\\\/www.inmsol.com\\\/es\\\/\",\"name\":\"iNMSOL\",\"description\":\"Aprenda Espa\u00f1ol con iNMSOL en Granada | Centro Acreditado por el Instituto Cervantes\",\"publisher\":{\"@id\":\"https:\\\/\\\/www.inmsol.com\\\/es\\\/#organization\"},\"potentialAction\":[{\"@type\":\"SearchAction\",\"target\":{\"@type\":\"EntryPoint\",\"urlTemplate\":\"https:\\\/\\\/www.inmsol.com\\\/es\\\/?s={search_term_string}\"},\"query-input\":{\"@type\":\"PropertyValueSpecification\",\"valueRequired\":true,\"valueName\":\"search_term_string\"}}],\"inLanguage\":\"es\"},{\"@type\":\"Organization\",\"@id\":\"https:\\\/\\\/www.inmsol.com\\\/es\\\/#organization\",\"name\":\"Instituto Mediterr\u00e1neo Sol\",\"url\":\"https:\\\/\\\/www.inmsol.com\\\/es\\\/\",\"logo\":{\"@type\":\"ImageObject\",\"inLanguage\":\"es\",\"@id\":\"https:\\\/\\\/www.inmsol.com\\\/es\\\/#\\\/schema\\\/logo\\\/image\\\/\",\"url\":\"https:\\\/\\\/www.inmsol.com\\\/wp-content\\\/uploads\\\/2023\\\/06\\\/logo-inmsol-1.png\",\"contentUrl\":\"https:\\\/\\\/www.inmsol.com\\\/wp-content\\\/uploads\\\/2023\\\/06\\\/logo-inmsol-1.png\",\"width\":136,\"height\":73,\"caption\":\"Instituto Mediterr\u00e1neo Sol\"},\"image\":{\"@id\":\"https:\\\/\\\/www.inmsol.com\\\/es\\\/#\\\/schema\\\/logo\\\/image\\\/\"},\"sameAs\":[\"https:\\\/\\\/www.facebook.com\\\/spanishcourses\",\"https:\\\/\\\/x.com\\\/StudyInGranada\",\"http:\\\/\\\/instagram.com\\\/imsolgranada\",\"https:\\\/\\\/es.linkedin.com\\\/company\\\/imsol-granada\",\"https:\\\/\\\/www.pinterest.es\\\/inmsol\\\/\",\"https:\\\/\\\/www.youtube.com\\\/channel\\\/UChz-Qn_7coFMosY85iYMO4g\"]},{\"@type\":\"Person\",\"@id\":\"https:\\\/\\\/www.inmsol.com\\\/es\\\/#\\\/schema\\\/person\\\/18f18acd0397ef441e373e79ec3eb6ea\",\"name\":\"Javier Torres\",\"image\":{\"@type\":\"ImageObject\",\"inLanguage\":\"es\",\"@id\":\"https:\\\/\\\/secure.gravatar.com\\\/avatar\\\/90afa2d6499550218d247408758082af566e5ec3641e1b8eac0d7bb889344a55?s=96&d=mm&r=g\",\"url\":\"https:\\\/\\\/secure.gravatar.com\\\/avatar\\\/90afa2d6499550218d247408758082af566e5ec3641e1b8eac0d7bb889344a55?s=96&d=mm&r=g\",\"contentUrl\":\"https:\\\/\\\/secure.gravatar.com\\\/avatar\\\/90afa2d6499550218d247408758082af566e5ec3641e1b8eac0d7bb889344a55?s=96&d=mm&r=g\",\"caption\":\"Javier Torres\"},\"url\":\"https:\\\/\\\/www.inmsol.com\\\/es\\\/author\\\/javier\\\/\"}]}<\/script>\n<!-- \/ Yoast SEO plugin. -->","yoast_head_json":{"title":"Festival de flamenco en el Museo Cuevas Sacromonte - INMSOL","description":"Festival de flamenco en el Museo Cuevas Sacromonte: precios, programa, artistas, horario, informaci\u00f3n general...","robots":{"index":"index","follow":"follow","max-snippet":"max-snippet:-1","max-image-preview":"max-image-preview:large","max-video-preview":"max-video-preview:-1"},"canonical":"https:\/\/www.inmsol.com\/es\/blog-escuela\/eventos-granada\/festival-de-flamenco-en-el-museo-cuevas-sacromonte-granada\/","og_locale":"es_ES","og_type":"article","og_title":"Festival de flamenco en el Museo Cuevas Sacromonte - INMSOL","og_description":"Festival de flamenco en el Museo Cuevas Sacromonte: precios, programa, artistas, horario, informaci\u00f3n general...","og_url":"https:\/\/www.inmsol.com\/es\/blog-escuela\/eventos-granada\/festival-de-flamenco-en-el-museo-cuevas-sacromonte-granada\/","og_site_name":"iNMSOL","article_publisher":"https:\/\/www.facebook.com\/spanishcourses","article_published_time":"2013-08-30T10:58:07+00:00","article_modified_time":"2018-05-14T07:36:49+00:00","og_image":[{"width":1700,"height":1138,"url":"https:\/\/www.inmsol.com\/wp-content\/uploads\/2010\/11\/flamencoYespa\u00f1ol.jpg","type":"image\/jpeg"}],"author":"Javier Torres","twitter_misc":{"Escrito por":"Javier Torres","Tiempo de lectura":"2 minutos"},"schema":{"@context":"https:\/\/schema.org","@graph":[{"@type":"Article","@id":"https:\/\/www.inmsol.com\/es\/blog-escuela\/eventos-granada\/festival-de-flamenco-en-el-museo-cuevas-sacromonte-granada\/#article","isPartOf":{"@id":"https:\/\/www.inmsol.com\/es\/blog-escuela\/eventos-granada\/festival-de-flamenco-en-el-museo-cuevas-sacromonte-granada\/"},"author":{"name":"Javier Torres","@id":"https:\/\/www.inmsol.com\/es\/#\/schema\/person\/18f18acd0397ef441e373e79ec3eb6ea"},"headline":"Festival de flamenco en el Museo Cuevas Sacromonte (Granada)","datePublished":"2013-08-30T10:58:07+00:00","dateModified":"2018-05-14T07:36:49+00:00","mainEntityOfPage":{"@id":"https:\/\/www.inmsol.com\/es\/blog-escuela\/eventos-granada\/festival-de-flamenco-en-el-museo-cuevas-sacromonte-granada\/"},"wordCount":344,"publisher":{"@id":"https:\/\/www.inmsol.com\/es\/#organization"},"image":{"@id":"https:\/\/www.inmsol.com\/es\/blog-escuela\/eventos-granada\/festival-de-flamenco-en-el-museo-cuevas-sacromonte-granada\/#primaryimage"},"thumbnailUrl":"https:\/\/www.inmsol.com\/wp-content\/uploads\/2010\/11\/flamencoYespa\u00f1ol.jpg","articleSection":["Eventos en Granada"],"inLanguage":"es"},{"@type":"WebPage","@id":"https:\/\/www.inmsol.com\/es\/blog-escuela\/eventos-granada\/festival-de-flamenco-en-el-museo-cuevas-sacromonte-granada\/","url":"https:\/\/www.inmsol.com\/es\/blog-escuela\/eventos-granada\/festival-de-flamenco-en-el-museo-cuevas-sacromonte-granada\/","name":"Festival de flamenco en el Museo Cuevas Sacromonte - INMSOL","isPartOf":{"@id":"https:\/\/www.inmsol.com\/es\/#website"},"primaryImageOfPage":{"@id":"https:\/\/www.inmsol.com\/es\/blog-escuela\/eventos-granada\/festival-de-flamenco-en-el-museo-cuevas-sacromonte-granada\/#primaryimage"},"image":{"@id":"https:\/\/www.inmsol.com\/es\/blog-escuela\/eventos-granada\/festival-de-flamenco-en-el-museo-cuevas-sacromonte-granada\/#primaryimage"},"thumbnailUrl":"https:\/\/www.inmsol.com\/wp-content\/uploads\/2010\/11\/flamencoYespa\u00f1ol.jpg","datePublished":"2013-08-30T10:58:07+00:00","dateModified":"2018-05-14T07:36:49+00:00","description":"Festival de flamenco en el Museo Cuevas Sacromonte: precios, programa, artistas, horario, informaci\u00f3n general...","breadcrumb":{"@id":"https:\/\/www.inmsol.com\/es\/blog-escuela\/eventos-granada\/festival-de-flamenco-en-el-museo-cuevas-sacromonte-granada\/#breadcrumb"},"inLanguage":"es","potentialAction":[{"@type":"ReadAction","target":["https:\/\/www.inmsol.com\/es\/blog-escuela\/eventos-granada\/festival-de-flamenco-en-el-museo-cuevas-sacromonte-granada\/"]}]},{"@type":"ImageObject","inLanguage":"es","@id":"https:\/\/www.inmsol.com\/es\/blog-escuela\/eventos-granada\/festival-de-flamenco-en-el-museo-cuevas-sacromonte-granada\/#primaryimage","url":"https:\/\/www.inmsol.com\/wp-content\/uploads\/2010\/11\/flamencoYespa\u00f1ol.jpg","contentUrl":"https:\/\/www.inmsol.com\/wp-content\/uploads\/2010\/11\/flamencoYespa\u00f1ol.jpg","width":1700,"height":1138},{"@type":"BreadcrumbList","@id":"https:\/\/www.inmsol.com\/es\/blog-escuela\/eventos-granada\/festival-de-flamenco-en-el-museo-cuevas-sacromonte-granada\/#breadcrumb","itemListElement":[{"@type":"ListItem","position":1,"name":"Accredited Center by Instituto Cervantes","item":"https:\/\/www.inmsol.com\/es\/pagina-ejemplo\/"},{"@type":"ListItem","position":2,"name":"Blog Escuela Espa\u00f1ol","item":"https:\/\/www.inmsol.com\/es\/category\/blog-escuela\/"},{"@type":"ListItem","position":3,"name":"Eventos en Granada","item":"https:\/\/www.inmsol.com\/es\/category\/blog-escuela\/eventos-granada\/"},{"@type":"ListItem","position":4,"name":"Festival de flamenco en el Museo Cuevas Sacromonte (Granada)"}]},{"@type":"WebSite","@id":"https:\/\/www.inmsol.com\/es\/#website","url":"https:\/\/www.inmsol.com\/es\/","name":"iNMSOL","description":"Aprenda Espa\u00f1ol con iNMSOL en Granada | Centro Acreditado por el Instituto Cervantes","publisher":{"@id":"https:\/\/www.inmsol.com\/es\/#organization"},"potentialAction":[{"@type":"SearchAction","target":{"@type":"EntryPoint","urlTemplate":"https:\/\/www.inmsol.com\/es\/?s={search_term_string}"},"query-input":{"@type":"PropertyValueSpecification","valueRequired":true,"valueName":"search_term_string"}}],"inLanguage":"es"},{"@type":"Organization","@id":"https:\/\/www.inmsol.com\/es\/#organization","name":"Instituto Mediterr\u00e1neo Sol","url":"https:\/\/www.inmsol.com\/es\/","logo":{"@type":"ImageObject","inLanguage":"es","@id":"https:\/\/www.inmsol.com\/es\/#\/schema\/logo\/image\/","url":"https:\/\/www.inmsol.com\/wp-content\/uploads\/2023\/06\/logo-inmsol-1.png","contentUrl":"https:\/\/www.inmsol.com\/wp-content\/uploads\/2023\/06\/logo-inmsol-1.png","width":136,"height":73,"caption":"Instituto Mediterr\u00e1neo Sol"},"image":{"@id":"https:\/\/www.inmsol.com\/es\/#\/schema\/logo\/image\/"},"sameAs":["https:\/\/www.facebook.com\/spanishcourses","https:\/\/x.com\/StudyInGranada","http:\/\/instagram.com\/imsolgranada","https:\/\/es.linkedin.com\/company\/imsol-granada","https:\/\/www.pinterest.es\/inmsol\/","https:\/\/www.youtube.com\/channel\/UChz-Qn_7coFMosY85iYMO4g"]},{"@type":"Person","@id":"https:\/\/www.inmsol.com\/es\/#\/schema\/person\/18f18acd0397ef441e373e79ec3eb6ea","name":"Javier Torres","image":{"@type":"ImageObject","inLanguage":"es","@id":"https:\/\/secure.gravatar.com\/avatar\/90afa2d6499550218d247408758082af566e5ec3641e1b8eac0d7bb889344a55?s=96&d=mm&r=g","url":"https:\/\/secure.gravatar.com\/avatar\/90afa2d6499550218d247408758082af566e5ec3641e1b8eac0d7bb889344a55?s=96&d=mm&r=g","contentUrl":"https:\/\/secure.gravatar.com\/avatar\/90afa2d6499550218d247408758082af566e5ec3641e1b8eac0d7bb889344a55?s=96&d=mm&r=g","caption":"Javier Torres"},"url":"https:\/\/www.inmsol.com\/es\/author\/javier\/"}]}},"_links":{"self":[{"href":"https:\/\/www.inmsol.com\/es\/wp-json\/wp\/v2\/posts\/1252","targetHints":{"allow":["GET"]}}],"collection":[{"href":"https:\/\/www.inmsol.com\/es\/wp-json\/wp\/v2\/posts"}],"about":[{"href":"https:\/\/www.inmsol.com\/es\/wp-json\/wp\/v2\/types\/post"}],"author":[{"embeddable":true,"href":"https:\/\/www.inmsol.com\/es\/wp-json\/wp\/v2\/users\/2"}],"replies":[{"embeddable":true,"href":"https:\/\/www.inmsol.com\/es\/wp-json\/wp\/v2\/comments?post=1252"}],"version-history":[{"count":0,"href":"https:\/\/www.inmsol.com\/es\/wp-json\/wp\/v2\/posts\/1252\/revisions"}],"wp:featuredmedia":[{"embeddable":true,"href":"https:\/\/www.inmsol.com\/es\/wp-json\/wp\/v2\/media\/7032"}],"wp:attachment":[{"href":"https:\/\/www.inmsol.com\/es\/wp-json\/wp\/v2\/media?parent=1252"}],"wp:term":[{"taxonomy":"category","embeddable":true,"href":"https:\/\/www.inmsol.com\/es\/wp-json\/wp\/v2\/categories?post=1252"},{"taxonomy":"post_tag","embeddable":true,"href":"https:\/\/www.inmsol.com\/es\/wp-json\/wp\/v2\/tags?post=1252"}],"curies":[{"name":"wp","href":"https:\/\/api.w.org\/{rel}","templated":true}]}}