{"id":127,"date":"2009-06-21T08:00:00","date_gmt":"2009-06-21T06:00:00","guid":{"rendered":"https:\/\/www.inmsol.com\/"},"modified":"2019-05-08T12:53:53","modified_gmt":"2019-05-08T10:53:53","slug":"otono-en-granada","status":"publish","type":"post","link":"https:\/\/www.inmsol.com\/es\/blog-escuela\/lugares-imprescindibles-granada\/otono-en-granada\/","title":{"rendered":"Oto\u00f1o en Granada"},"content":{"rendered":"<p>El <b>oto\u00f1o en Granada<\/b> se inicia con una fiesta religiosa, la procesi\u00f3n de la <b>Virgen de las Angustias<\/b>, patrona de la cuidad. El \u00faltimo domingo de septiembre la ciudad acoge a miles de fervientes devotos de esta advocaci\u00f3n provenientes de toda la provincia llenan la ciudad.<\/p>\n<p>La fiesta religiosa se acompa\u00f1a de la primera degustaci\u00f3n de los frutos oto\u00f1ales. Numerosos puestos ambulantes ofrecen estas delicias: acerolas, azofaifas, membrillos, caquis,\u2026 y una fruta emblem\u00e1tica e indispensable: <b>la GRANADA<\/b>, que a partir de estos d\u00edas se hace indispensable en la dieta local, llenando de colorido los platos fuertes como las migas con granada.<\/p>\n<p>A partir de <b>octubre <\/b>se revive un rito ancestral, los puestos de asar casta\u00f1as en cada esquina del centro de la ciudad. El crepitar del fuego y las pavesas confieren un sabor particular a las oscuras tardes\u00a0 oto\u00f1ales, llenas de bulliciosos viandantes.<\/p>\n<p><img fetchpriority=\"high\" decoding=\"async\" class=\"alignright wp-image-19505\" title=\"Oto\u00f1o en Granada\" src=\"https:\/\/www.inmsol.com\/wp-content\/uploads\/2015\/09\/granada-3.jpg\" alt=\"Oto\u00f1o en Granada\" width=\"324\" height=\"243\" srcset=\"https:\/\/www.inmsol.com\/wp-content\/uploads\/2015\/09\/granada-3.jpg 259w, https:\/\/www.inmsol.com\/wp-content\/uploads\/2015\/09\/granada-3-64x48.jpg 64w, https:\/\/www.inmsol.com\/wp-content\/uploads\/2015\/09\/granada-3-250x187.jpg 250w\" sizes=\"(max-width: 324px) 100vw, 324px\" \/><\/p>\n<p>El <b>mirador de San Nicol\u00e1s<\/b>, considerado por muchos el mejor lugar para contemplar la puesta de sol, es en estos momentos digno de su fama. La calidez de los rayos de sol al incidir sobre la <b>Alhambra <\/b>y el <b>Albaic\u00edn <\/b>en estas fechas es una de las experiencias m\u00e1s memorables.<\/p>\n<p>La ciudad es un hervidero de nuevos habitantes, los universitarios que vuelven a la ciudad para el curso escolar, dando a la ciudad un ambiente muy animado.<\/p>\n<p>Pero si hay algo que hace especial a Granada en oto\u00f1o son sus festivales&#8230; es en estas fechas tienen lugar los prestigiosos <b>Festival de Jazz de Granada<\/b>, el <b>Festival de Oto\u00f1o de Encuentros Flamencos<\/b> y el <b>Festival de Magia Hocus Poccus<\/b>&#8230;<\/p>\n<p><b>Gastronom\u00eda, animaci\u00f3n, festivales,\u2026 son las razones principales por las que el oto\u00f1o aporta un plus especial a Granada y es una de las fechas preferidas para visitar la ciudad.<\/b><\/p>\n","protected":false},"excerpt":{"rendered":"<p>El oto\u00f1o en Granada se inicia con una fiesta religiosa, la procesi\u00f3n de la Virgen de las Angustias, patrona de la cuidad. El \u00faltimo domingo de septiembre la ciudad acoge a miles de fervientes devotos de esta advocaci\u00f3n provenientes de toda la provincia llenan la&#8230;<\/p>\n","protected":false},"author":2,"featured_media":0,"comment_status":"closed","ping_status":"closed","sticky":false,"template":"","format":"standard","meta":{"_acf_changed":false,"footnotes":""},"categories":[396],"tags":[],"class_list":["post-127","post","type-post","status-publish","format-standard","hentry","category-lugares-imprescindibles-granada"],"acf":[],"yoast_head":"<!-- This site is optimized with the Yoast SEO plugin v27.5 - https:\/\/yoast.com\/product\/yoast-seo-wordpress\/ -->\n<title>Oto\u00f1o en Granada, todo lo que la ciudad te puede ofrecer | iNMSOL<\/title>\n<meta name=\"description\" content=\"El oto\u00f1o en Granada se inicia con una fiesta religiosa, la procesi\u00f3n de la Virgen de las Angustias, patrona de la cuidad. El \u00faltimo domingo de septiembre\" \/>\n<meta name=\"robots\" content=\"index, follow, max-snippet:-1, max-image-preview:large, max-video-preview:-1\" \/>\n<link rel=\"canonical\" href=\"https:\/\/www.inmsol.com\/es\/blog-escuela\/lugares-imprescindibles-granada\/otono-en-granada\/\" \/>\n<meta property=\"og:locale\" content=\"es_ES\" \/>\n<meta property=\"og:type\" content=\"article\" \/>\n<meta property=\"og:title\" content=\"Oto\u00f1o en Granada, todo lo que la ciudad te puede ofrecer | iNMSOL\" \/>\n<meta property=\"og:description\" content=\"El oto\u00f1o en Granada se inicia con una fiesta religiosa, la procesi\u00f3n de la Virgen de las Angustias, patrona de la cuidad. El \u00faltimo domingo de septiembre\" \/>\n<meta property=\"og:url\" content=\"https:\/\/www.inmsol.com\/es\/blog-escuela\/lugares-imprescindibles-granada\/otono-en-granada\/\" \/>\n<meta property=\"og:site_name\" content=\"iNMSOL\" \/>\n<meta property=\"article:publisher\" content=\"https:\/\/www.facebook.com\/spanishcourses\" \/>\n<meta property=\"article:published_time\" content=\"2009-06-21T06:00:00+00:00\" \/>\n<meta property=\"article:modified_time\" content=\"2019-05-08T10:53:53+00:00\" \/>\n<meta property=\"og:image\" content=\"https:\/\/www.inmsol.com\/wp-content\/uploads\/2015\/09\/granada-3.jpg\" \/>\n<meta name=\"author\" content=\"Javier Torres\" \/>\n<meta name=\"twitter:label1\" content=\"Escrito por\" \/>\n\t<meta name=\"twitter:data1\" content=\"Javier Torres\" \/>\n\t<meta name=\"twitter:label2\" content=\"Tiempo de lectura\" \/>\n\t<meta name=\"twitter:data2\" content=\"2 minutos\" \/>\n<script type=\"application\/ld+json\" class=\"yoast-schema-graph\">{\"@context\":\"https:\\\/\\\/schema.org\",\"@graph\":[{\"@type\":\"Article\",\"@id\":\"https:\\\/\\\/www.inmsol.com\\\/es\\\/blog-escuela\\\/lugares-imprescindibles-granada\\\/otono-en-granada\\\/#article\",\"isPartOf\":{\"@id\":\"https:\\\/\\\/www.inmsol.com\\\/es\\\/blog-escuela\\\/lugares-imprescindibles-granada\\\/otono-en-granada\\\/\"},\"author\":{\"name\":\"Javier Torres\",\"@id\":\"https:\\\/\\\/www.inmsol.com\\\/es\\\/#\\\/schema\\\/person\\\/18f18acd0397ef441e373e79ec3eb6ea\"},\"headline\":\"Oto\u00f1o en Granada\",\"datePublished\":\"2009-06-21T06:00:00+00:00\",\"dateModified\":\"2019-05-08T10:53:53+00:00\",\"mainEntityOfPage\":{\"@id\":\"https:\\\/\\\/www.inmsol.com\\\/es\\\/blog-escuela\\\/lugares-imprescindibles-granada\\\/otono-en-granada\\\/\"},\"wordCount\":312,\"publisher\":{\"@id\":\"https:\\\/\\\/www.inmsol.com\\\/es\\\/#organization\"},\"image\":{\"@id\":\"https:\\\/\\\/www.inmsol.com\\\/es\\\/blog-escuela\\\/lugares-imprescindibles-granada\\\/otono-en-granada\\\/#primaryimage\"},\"thumbnailUrl\":\"https:\\\/\\\/www.inmsol.com\\\/wp-content\\\/uploads\\\/2015\\\/09\\\/granada-3.jpg\",\"articleSection\":[\"Lugares Imprescindibles en Granada\"],\"inLanguage\":\"es\"},{\"@type\":\"WebPage\",\"@id\":\"https:\\\/\\\/www.inmsol.com\\\/es\\\/blog-escuela\\\/lugares-imprescindibles-granada\\\/otono-en-granada\\\/\",\"url\":\"https:\\\/\\\/www.inmsol.com\\\/es\\\/blog-escuela\\\/lugares-imprescindibles-granada\\\/otono-en-granada\\\/\",\"name\":\"Oto\u00f1o en Granada, todo lo que la ciudad te puede ofrecer | iNMSOL\",\"isPartOf\":{\"@id\":\"https:\\\/\\\/www.inmsol.com\\\/es\\\/#website\"},\"primaryImageOfPage\":{\"@id\":\"https:\\\/\\\/www.inmsol.com\\\/es\\\/blog-escuela\\\/lugares-imprescindibles-granada\\\/otono-en-granada\\\/#primaryimage\"},\"image\":{\"@id\":\"https:\\\/\\\/www.inmsol.com\\\/es\\\/blog-escuela\\\/lugares-imprescindibles-granada\\\/otono-en-granada\\\/#primaryimage\"},\"thumbnailUrl\":\"https:\\\/\\\/www.inmsol.com\\\/wp-content\\\/uploads\\\/2015\\\/09\\\/granada-3.jpg\",\"datePublished\":\"2009-06-21T06:00:00+00:00\",\"dateModified\":\"2019-05-08T10:53:53+00:00\",\"description\":\"El oto\u00f1o en Granada se inicia con una fiesta religiosa, la procesi\u00f3n de la Virgen de las Angustias, patrona de la cuidad. El \u00faltimo domingo de septiembre\",\"breadcrumb\":{\"@id\":\"https:\\\/\\\/www.inmsol.com\\\/es\\\/blog-escuela\\\/lugares-imprescindibles-granada\\\/otono-en-granada\\\/#breadcrumb\"},\"inLanguage\":\"es\",\"potentialAction\":[{\"@type\":\"ReadAction\",\"target\":[\"https:\\\/\\\/www.inmsol.com\\\/es\\\/blog-escuela\\\/lugares-imprescindibles-granada\\\/otono-en-granada\\\/\"]}]},{\"@type\":\"ImageObject\",\"inLanguage\":\"es\",\"@id\":\"https:\\\/\\\/www.inmsol.com\\\/es\\\/blog-escuela\\\/lugares-imprescindibles-granada\\\/otono-en-granada\\\/#primaryimage\",\"url\":\"https:\\\/\\\/www.inmsol.com\\\/wp-content\\\/uploads\\\/2015\\\/09\\\/granada-3.jpg\",\"contentUrl\":\"https:\\\/\\\/www.inmsol.com\\\/wp-content\\\/uploads\\\/2015\\\/09\\\/granada-3.jpg\"},{\"@type\":\"BreadcrumbList\",\"@id\":\"https:\\\/\\\/www.inmsol.com\\\/es\\\/blog-escuela\\\/lugares-imprescindibles-granada\\\/otono-en-granada\\\/#breadcrumb\",\"itemListElement\":[{\"@type\":\"ListItem\",\"position\":1,\"name\":\"Accredited Center by Instituto Cervantes\",\"item\":\"https:\\\/\\\/www.inmsol.com\\\/es\\\/pagina-ejemplo\\\/\"},{\"@type\":\"ListItem\",\"position\":2,\"name\":\"Blog Escuela Espa\u00f1ol\",\"item\":\"https:\\\/\\\/www.inmsol.com\\\/es\\\/category\\\/blog-escuela\\\/\"},{\"@type\":\"ListItem\",\"position\":3,\"name\":\"Lugares Imprescindibles en Granada\",\"item\":\"https:\\\/\\\/www.inmsol.com\\\/es\\\/category\\\/blog-escuela\\\/lugares-imprescindibles-granada\\\/\"},{\"@type\":\"ListItem\",\"position\":4,\"name\":\"Oto\u00f1o en Granada\"}]},{\"@type\":\"WebSite\",\"@id\":\"https:\\\/\\\/www.inmsol.com\\\/es\\\/#website\",\"url\":\"https:\\\/\\\/www.inmsol.com\\\/es\\\/\",\"name\":\"iNMSOL\",\"description\":\"Aprenda Espa\u00f1ol con iNMSOL en Granada | Centro Acreditado por el Instituto Cervantes\",\"publisher\":{\"@id\":\"https:\\\/\\\/www.inmsol.com\\\/es\\\/#organization\"},\"potentialAction\":[{\"@type\":\"SearchAction\",\"target\":{\"@type\":\"EntryPoint\",\"urlTemplate\":\"https:\\\/\\\/www.inmsol.com\\\/es\\\/?s={search_term_string}\"},\"query-input\":{\"@type\":\"PropertyValueSpecification\",\"valueRequired\":true,\"valueName\":\"search_term_string\"}}],\"inLanguage\":\"es\"},{\"@type\":\"Organization\",\"@id\":\"https:\\\/\\\/www.inmsol.com\\\/es\\\/#organization\",\"name\":\"Instituto Mediterr\u00e1neo Sol\",\"url\":\"https:\\\/\\\/www.inmsol.com\\\/es\\\/\",\"logo\":{\"@type\":\"ImageObject\",\"inLanguage\":\"es\",\"@id\":\"https:\\\/\\\/www.inmsol.com\\\/es\\\/#\\\/schema\\\/logo\\\/image\\\/\",\"url\":\"https:\\\/\\\/www.inmsol.com\\\/wp-content\\\/uploads\\\/2023\\\/06\\\/logo-inmsol-1.png\",\"contentUrl\":\"https:\\\/\\\/www.inmsol.com\\\/wp-content\\\/uploads\\\/2023\\\/06\\\/logo-inmsol-1.png\",\"width\":136,\"height\":73,\"caption\":\"Instituto Mediterr\u00e1neo Sol\"},\"image\":{\"@id\":\"https:\\\/\\\/www.inmsol.com\\\/es\\\/#\\\/schema\\\/logo\\\/image\\\/\"},\"sameAs\":[\"https:\\\/\\\/www.facebook.com\\\/spanishcourses\",\"https:\\\/\\\/x.com\\\/StudyInGranada\",\"http:\\\/\\\/instagram.com\\\/imsolgranada\",\"https:\\\/\\\/es.linkedin.com\\\/company\\\/imsol-granada\",\"https:\\\/\\\/www.pinterest.es\\\/inmsol\\\/\",\"https:\\\/\\\/www.youtube.com\\\/channel\\\/UChz-Qn_7coFMosY85iYMO4g\"]},{\"@type\":\"Person\",\"@id\":\"https:\\\/\\\/www.inmsol.com\\\/es\\\/#\\\/schema\\\/person\\\/18f18acd0397ef441e373e79ec3eb6ea\",\"name\":\"Javier Torres\",\"image\":{\"@type\":\"ImageObject\",\"inLanguage\":\"es\",\"@id\":\"https:\\\/\\\/secure.gravatar.com\\\/avatar\\\/90afa2d6499550218d247408758082af566e5ec3641e1b8eac0d7bb889344a55?s=96&d=mm&r=g\",\"url\":\"https:\\\/\\\/secure.gravatar.com\\\/avatar\\\/90afa2d6499550218d247408758082af566e5ec3641e1b8eac0d7bb889344a55?s=96&d=mm&r=g\",\"contentUrl\":\"https:\\\/\\\/secure.gravatar.com\\\/avatar\\\/90afa2d6499550218d247408758082af566e5ec3641e1b8eac0d7bb889344a55?s=96&d=mm&r=g\",\"caption\":\"Javier Torres\"},\"url\":\"https:\\\/\\\/www.inmsol.com\\\/es\\\/author\\\/javier\\\/\"}]}<\/script>\n<!-- \/ Yoast SEO plugin. -->","yoast_head_json":{"title":"Oto\u00f1o en Granada, todo lo que la ciudad te puede ofrecer | iNMSOL","description":"El oto\u00f1o en Granada se inicia con una fiesta religiosa, la procesi\u00f3n de la Virgen de las Angustias, patrona de la cuidad. El \u00faltimo domingo de septiembre","robots":{"index":"index","follow":"follow","max-snippet":"max-snippet:-1","max-image-preview":"max-image-preview:large","max-video-preview":"max-video-preview:-1"},"canonical":"https:\/\/www.inmsol.com\/es\/blog-escuela\/lugares-imprescindibles-granada\/otono-en-granada\/","og_locale":"es_ES","og_type":"article","og_title":"Oto\u00f1o en Granada, todo lo que la ciudad te puede ofrecer | iNMSOL","og_description":"El oto\u00f1o en Granada se inicia con una fiesta religiosa, la procesi\u00f3n de la Virgen de las Angustias, patrona de la cuidad. El \u00faltimo domingo de septiembre","og_url":"https:\/\/www.inmsol.com\/es\/blog-escuela\/lugares-imprescindibles-granada\/otono-en-granada\/","og_site_name":"iNMSOL","article_publisher":"https:\/\/www.facebook.com\/spanishcourses","article_published_time":"2009-06-21T06:00:00+00:00","article_modified_time":"2019-05-08T10:53:53+00:00","og_image":[{"url":"https:\/\/www.inmsol.com\/wp-content\/uploads\/2015\/09\/granada-3.jpg","type":"","width":"","height":""}],"author":"Javier Torres","twitter_misc":{"Escrito por":"Javier Torres","Tiempo de lectura":"2 minutos"},"schema":{"@context":"https:\/\/schema.org","@graph":[{"@type":"Article","@id":"https:\/\/www.inmsol.com\/es\/blog-escuela\/lugares-imprescindibles-granada\/otono-en-granada\/#article","isPartOf":{"@id":"https:\/\/www.inmsol.com\/es\/blog-escuela\/lugares-imprescindibles-granada\/otono-en-granada\/"},"author":{"name":"Javier Torres","@id":"https:\/\/www.inmsol.com\/es\/#\/schema\/person\/18f18acd0397ef441e373e79ec3eb6ea"},"headline":"Oto\u00f1o en Granada","datePublished":"2009-06-21T06:00:00+00:00","dateModified":"2019-05-08T10:53:53+00:00","mainEntityOfPage":{"@id":"https:\/\/www.inmsol.com\/es\/blog-escuela\/lugares-imprescindibles-granada\/otono-en-granada\/"},"wordCount":312,"publisher":{"@id":"https:\/\/www.inmsol.com\/es\/#organization"},"image":{"@id":"https:\/\/www.inmsol.com\/es\/blog-escuela\/lugares-imprescindibles-granada\/otono-en-granada\/#primaryimage"},"thumbnailUrl":"https:\/\/www.inmsol.com\/wp-content\/uploads\/2015\/09\/granada-3.jpg","articleSection":["Lugares Imprescindibles en Granada"],"inLanguage":"es"},{"@type":"WebPage","@id":"https:\/\/www.inmsol.com\/es\/blog-escuela\/lugares-imprescindibles-granada\/otono-en-granada\/","url":"https:\/\/www.inmsol.com\/es\/blog-escuela\/lugares-imprescindibles-granada\/otono-en-granada\/","name":"Oto\u00f1o en Granada, todo lo que la ciudad te puede ofrecer | iNMSOL","isPartOf":{"@id":"https:\/\/www.inmsol.com\/es\/#website"},"primaryImageOfPage":{"@id":"https:\/\/www.inmsol.com\/es\/blog-escuela\/lugares-imprescindibles-granada\/otono-en-granada\/#primaryimage"},"image":{"@id":"https:\/\/www.inmsol.com\/es\/blog-escuela\/lugares-imprescindibles-granada\/otono-en-granada\/#primaryimage"},"thumbnailUrl":"https:\/\/www.inmsol.com\/wp-content\/uploads\/2015\/09\/granada-3.jpg","datePublished":"2009-06-21T06:00:00+00:00","dateModified":"2019-05-08T10:53:53+00:00","description":"El oto\u00f1o en Granada se inicia con una fiesta religiosa, la procesi\u00f3n de la Virgen de las Angustias, patrona de la cuidad. El \u00faltimo domingo de septiembre","breadcrumb":{"@id":"https:\/\/www.inmsol.com\/es\/blog-escuela\/lugares-imprescindibles-granada\/otono-en-granada\/#breadcrumb"},"inLanguage":"es","potentialAction":[{"@type":"ReadAction","target":["https:\/\/www.inmsol.com\/es\/blog-escuela\/lugares-imprescindibles-granada\/otono-en-granada\/"]}]},{"@type":"ImageObject","inLanguage":"es","@id":"https:\/\/www.inmsol.com\/es\/blog-escuela\/lugares-imprescindibles-granada\/otono-en-granada\/#primaryimage","url":"https:\/\/www.inmsol.com\/wp-content\/uploads\/2015\/09\/granada-3.jpg","contentUrl":"https:\/\/www.inmsol.com\/wp-content\/uploads\/2015\/09\/granada-3.jpg"},{"@type":"BreadcrumbList","@id":"https:\/\/www.inmsol.com\/es\/blog-escuela\/lugares-imprescindibles-granada\/otono-en-granada\/#breadcrumb","itemListElement":[{"@type":"ListItem","position":1,"name":"Accredited Center by Instituto Cervantes","item":"https:\/\/www.inmsol.com\/es\/pagina-ejemplo\/"},{"@type":"ListItem","position":2,"name":"Blog Escuela Espa\u00f1ol","item":"https:\/\/www.inmsol.com\/es\/category\/blog-escuela\/"},{"@type":"ListItem","position":3,"name":"Lugares Imprescindibles en Granada","item":"https:\/\/www.inmsol.com\/es\/category\/blog-escuela\/lugares-imprescindibles-granada\/"},{"@type":"ListItem","position":4,"name":"Oto\u00f1o en Granada"}]},{"@type":"WebSite","@id":"https:\/\/www.inmsol.com\/es\/#website","url":"https:\/\/www.inmsol.com\/es\/","name":"iNMSOL","description":"Aprenda Espa\u00f1ol con iNMSOL en Granada | Centro Acreditado por el Instituto Cervantes","publisher":{"@id":"https:\/\/www.inmsol.com\/es\/#organization"},"potentialAction":[{"@type":"SearchAction","target":{"@type":"EntryPoint","urlTemplate":"https:\/\/www.inmsol.com\/es\/?s={search_term_string}"},"query-input":{"@type":"PropertyValueSpecification","valueRequired":true,"valueName":"search_term_string"}}],"inLanguage":"es"},{"@type":"Organization","@id":"https:\/\/www.inmsol.com\/es\/#organization","name":"Instituto Mediterr\u00e1neo Sol","url":"https:\/\/www.inmsol.com\/es\/","logo":{"@type":"ImageObject","inLanguage":"es","@id":"https:\/\/www.inmsol.com\/es\/#\/schema\/logo\/image\/","url":"https:\/\/www.inmsol.com\/wp-content\/uploads\/2023\/06\/logo-inmsol-1.png","contentUrl":"https:\/\/www.inmsol.com\/wp-content\/uploads\/2023\/06\/logo-inmsol-1.png","width":136,"height":73,"caption":"Instituto Mediterr\u00e1neo Sol"},"image":{"@id":"https:\/\/www.inmsol.com\/es\/#\/schema\/logo\/image\/"},"sameAs":["https:\/\/www.facebook.com\/spanishcourses","https:\/\/x.com\/StudyInGranada","http:\/\/instagram.com\/imsolgranada","https:\/\/es.linkedin.com\/company\/imsol-granada","https:\/\/www.pinterest.es\/inmsol\/","https:\/\/www.youtube.com\/channel\/UChz-Qn_7coFMosY85iYMO4g"]},{"@type":"Person","@id":"https:\/\/www.inmsol.com\/es\/#\/schema\/person\/18f18acd0397ef441e373e79ec3eb6ea","name":"Javier Torres","image":{"@type":"ImageObject","inLanguage":"es","@id":"https:\/\/secure.gravatar.com\/avatar\/90afa2d6499550218d247408758082af566e5ec3641e1b8eac0d7bb889344a55?s=96&d=mm&r=g","url":"https:\/\/secure.gravatar.com\/avatar\/90afa2d6499550218d247408758082af566e5ec3641e1b8eac0d7bb889344a55?s=96&d=mm&r=g","contentUrl":"https:\/\/secure.gravatar.com\/avatar\/90afa2d6499550218d247408758082af566e5ec3641e1b8eac0d7bb889344a55?s=96&d=mm&r=g","caption":"Javier Torres"},"url":"https:\/\/www.inmsol.com\/es\/author\/javier\/"}]}},"_links":{"self":[{"href":"https:\/\/www.inmsol.com\/es\/wp-json\/wp\/v2\/posts\/127","targetHints":{"allow":["GET"]}}],"collection":[{"href":"https:\/\/www.inmsol.com\/es\/wp-json\/wp\/v2\/posts"}],"about":[{"href":"https:\/\/www.inmsol.com\/es\/wp-json\/wp\/v2\/types\/post"}],"author":[{"embeddable":true,"href":"https:\/\/www.inmsol.com\/es\/wp-json\/wp\/v2\/users\/2"}],"replies":[{"embeddable":true,"href":"https:\/\/www.inmsol.com\/es\/wp-json\/wp\/v2\/comments?post=127"}],"version-history":[{"count":0,"href":"https:\/\/www.inmsol.com\/es\/wp-json\/wp\/v2\/posts\/127\/revisions"}],"wp:attachment":[{"href":"https:\/\/www.inmsol.com\/es\/wp-json\/wp\/v2\/media?parent=127"}],"wp:term":[{"taxonomy":"category","embeddable":true,"href":"https:\/\/www.inmsol.com\/es\/wp-json\/wp\/v2\/categories?post=127"},{"taxonomy":"post_tag","embeddable":true,"href":"https:\/\/www.inmsol.com\/es\/wp-json\/wp\/v2\/tags?post=127"}],"curies":[{"name":"wp","href":"https:\/\/api.w.org\/{rel}","templated":true}]}}