{"id":1332,"date":"2014-02-19T10:24:42","date_gmt":"2014-02-19T09:24:42","guid":{"rendered":"https:\/\/www.inmsol.com\/"},"modified":"2019-04-23T23:22:43","modified_gmt":"2019-04-23T21:22:43","slug":"cultura-espanola-resena-de-carlos-luis-zafon-la-sombra-del-viento","status":"publish","type":"post","link":"https:\/\/www.inmsol.com\/es\/blog-escuela\/cultura-literatura-historia-espana-es\/cultura-espanola-resena-de-carlos-luis-zafon-la-sombra-del-viento\/","title":{"rendered":"Cultura Espa\u00f1ola: Rese\u00f1a de Carlos Luis Zaf\u00f3n, \u00abLa Sombra del Viento\u00bb"},"content":{"rendered":"<div>\n<div style=\"line-height: 21.299999237060547px; color: #444444; font-family: Calibri, sans-serif; font-size: 15px;\">\n<div>Hoy vamos a hablar de un autor espa\u00f1ol que en los \u00faltimos a\u00f1os ha sido considerado como la persona que m\u00e1s hizo hablar de \u00e9l y de sus libros. Estamos hablando de Carlos Luis Zaf\u00f3n \u00a0y, en particular, de su obra m\u00e1s conocida y de su trabajo m\u00e1s sublime , es decir, \u00abLa sombra del viento\u00bb.<\/div>\n<div>Para los que no est\u00e9n familiarizados con este libro, empezaremos a echar \u00a0un vistazo a la historia:<\/div>\n<div><\/div>\n<div><em>\u00abUn amanecer de 1945 un muchacho es conducido por su padre a un misterioso lugar oculto en el coraz\u00f3n de la Ciudad Vieja:. El Cementerio de los Libros Olvidados. All\u00ed, Daniel Sempere encuentra un libro que cambiar\u00e1 el curso de su vida y lo arrastrar\u00e1 en un laberinto de intrigas y oscuros secretos enterrados en el alma de la ciudad \u00ab.<\/em><\/div>\n<div><\/div>\n<div><\/div>\n<div><\/div>\n<div>La Sombra del Viento es un misterio literario establecido en Barcelona, en la primera mitad del siglo XX, a partir de las \u00faltimas glorias del Modernismo a las tinieblas de la guerra. La Sombra del Viento mezcla t\u00e9cnicas de relato de intriga, romance hist\u00f3rico y comedia de costumbres, pero, sobre todo, una tragedia hist\u00f3rica de amor cuyo eco se proyecta a trav\u00e9s del tiempo. Con gran fuerza narrativa, el autor entrelaza tramas y misterios como las mu\u00f1ecas rusas en un inolvidable relato sobre los secretos del coraz\u00f3n y el encanto de los libros, manteniendo en vilo hasta la \u00faltima p\u00e1gina.<\/div>\n<div><\/div>\n<div>La narrativa de este libro hace que sea considerada esta obra como una de las mejores historias de los \u00faltimos tiempos. Este libro fue escrito hace algunos a\u00f1os, pero parece como si hubiese sido \u00a0escrito hace mucho tiempo. Usted no se aburrir\u00e1 con este libro, porque la historia te atrapa completamente . \u00a0No s\u00f3lo es una historia de amor sino que vemos dos historias de amor con muchas similitudes (y una de ellas bastante anterior a la \u00a0otra) y con muchas cosas que nos hacen suspirar.<\/div>\n<div><\/div>\n<div>La historia tiene de todo, romance, misterio, acci\u00f3n .. siendo \u00a0dif\u00edcil saber en qu\u00e9 categor\u00eda ponerlo. Pero una cosa es cierta: es una \u00abensalada\u00bb muy buena.<\/div>\n<\/div>\n<\/div>\n<div>\n<div><\/div>\n<div><\/div>\n<div><\/div>\n<\/div>\n","protected":false},"excerpt":{"rendered":"<p>Hoy vamos a hablar de un autor espa\u00f1ol que en los \u00faltimos a\u00f1os ha sido considerado como la persona que m\u00e1s hizo hablar de \u00e9l y de sus libros. Estamos hablando de Carlos Luis Zaf\u00f3n \u00a0y, en particular, de su obra m\u00e1s conocida y de&#8230;<\/p>\n","protected":false},"author":2,"featured_media":9042,"comment_status":"closed","ping_status":"closed","sticky":false,"template":"","format":"standard","meta":{"_acf_changed":false,"footnotes":""},"categories":[83],"tags":[],"class_list":["post-1332","post","type-post","status-publish","format-standard","has-post-thumbnail","hentry","category-cultura-literatura-historia-espana-es"],"acf":[],"yoast_head":"<!-- This site is optimized with the Yoast SEO plugin v27.5 - https:\/\/yoast.com\/product\/yoast-seo-wordpress\/ -->\n<title>Cultura Espa\u00f1ola :Rese\u00f1a de Carlos Luis Zaf\u00f3n, &quot;La Sombra del Viento&quot; | libro, rese\u00f1a , zaf\u00f3n, thriller | INMSOL<\/title>\n<meta name=\"description\" content=\"Una mirada a la obra m\u00e1s importante del autor m\u00e1s discutidos de los \u00faltimos a\u00f1os. Una cautivante historia, usted no puede dejar de leerlo.\" \/>\n<meta name=\"robots\" content=\"index, follow, max-snippet:-1, max-image-preview:large, max-video-preview:-1\" \/>\n<link rel=\"canonical\" href=\"https:\/\/www.inmsol.com\/es\/blog-escuela\/cultura-literatura-historia-espana-es\/cultura-espanola-resena-de-carlos-luis-zafon-la-sombra-del-viento\/\" \/>\n<meta property=\"og:locale\" content=\"es_ES\" \/>\n<meta property=\"og:type\" content=\"article\" \/>\n<meta property=\"og:title\" content=\"Cultura Espa\u00f1ola :Rese\u00f1a de Carlos Luis Zaf\u00f3n, &quot;La Sombra del Viento&quot; | libro, rese\u00f1a , zaf\u00f3n, thriller | INMSOL\" \/>\n<meta property=\"og:description\" content=\"Una mirada a la obra m\u00e1s importante del autor m\u00e1s discutidos de los \u00faltimos a\u00f1os. Una cautivante historia, usted no puede dejar de leerlo.\" \/>\n<meta property=\"og:url\" content=\"https:\/\/www.inmsol.com\/es\/blog-escuela\/cultura-literatura-historia-espana-es\/cultura-espanola-resena-de-carlos-luis-zafon-la-sombra-del-viento\/\" \/>\n<meta property=\"og:site_name\" content=\"iNMSOL\" \/>\n<meta property=\"article:publisher\" content=\"https:\/\/www.facebook.com\/spanishcourses\" \/>\n<meta property=\"article:published_time\" content=\"2014-02-19T09:24:42+00:00\" \/>\n<meta property=\"article:modified_time\" content=\"2019-04-23T21:22:43+00:00\" \/>\n<meta property=\"og:image\" content=\"https:\/\/www.inmsol.com\/wp-content\/uploads\/2014\/02\/la-sombra-del-viento-ebook-9788408095590.jpg\" \/>\n\t<meta property=\"og:image:width\" content=\"685\" \/>\n\t<meta property=\"og:image:height\" content=\"1024\" \/>\n\t<meta property=\"og:image:type\" content=\"image\/jpeg\" \/>\n<meta name=\"author\" content=\"Javier Torres\" \/>\n<meta name=\"twitter:label1\" content=\"Escrito por\" \/>\n\t<meta name=\"twitter:data1\" content=\"Javier Torres\" \/>\n\t<meta name=\"twitter:label2\" content=\"Tiempo de lectura\" \/>\n\t<meta name=\"twitter:data2\" content=\"2 minutos\" \/>\n<script type=\"application\/ld+json\" class=\"yoast-schema-graph\">{\"@context\":\"https:\\\/\\\/schema.org\",\"@graph\":[{\"@type\":\"Article\",\"@id\":\"https:\\\/\\\/www.inmsol.com\\\/es\\\/blog-escuela\\\/cultura-literatura-historia-espana-es\\\/cultura-espanola-resena-de-carlos-luis-zafon-la-sombra-del-viento\\\/#article\",\"isPartOf\":{\"@id\":\"https:\\\/\\\/www.inmsol.com\\\/es\\\/blog-escuela\\\/cultura-literatura-historia-espana-es\\\/cultura-espanola-resena-de-carlos-luis-zafon-la-sombra-del-viento\\\/\"},\"author\":{\"name\":\"Javier Torres\",\"@id\":\"https:\\\/\\\/www.inmsol.com\\\/es\\\/#\\\/schema\\\/person\\\/18f18acd0397ef441e373e79ec3eb6ea\"},\"headline\":\"Cultura Espa\u00f1ola: Rese\u00f1a de Carlos Luis Zaf\u00f3n, \u00abLa Sombra del Viento\u00bb\",\"datePublished\":\"2014-02-19T09:24:42+00:00\",\"dateModified\":\"2019-04-23T21:22:43+00:00\",\"mainEntityOfPage\":{\"@id\":\"https:\\\/\\\/www.inmsol.com\\\/es\\\/blog-escuela\\\/cultura-literatura-historia-espana-es\\\/cultura-espanola-resena-de-carlos-luis-zafon-la-sombra-del-viento\\\/\"},\"wordCount\":375,\"publisher\":{\"@id\":\"https:\\\/\\\/www.inmsol.com\\\/es\\\/#organization\"},\"image\":{\"@id\":\"https:\\\/\\\/www.inmsol.com\\\/es\\\/blog-escuela\\\/cultura-literatura-historia-espana-es\\\/cultura-espanola-resena-de-carlos-luis-zafon-la-sombra-del-viento\\\/#primaryimage\"},\"thumbnailUrl\":\"https:\\\/\\\/www.inmsol.com\\\/wp-content\\\/uploads\\\/2014\\\/02\\\/la-sombra-del-viento-ebook-9788408095590.jpg\",\"articleSection\":[\"Cultura, Literatura e Historia de Espa\u00f1a e Hispanoam\u00e9rica\"],\"inLanguage\":\"es\"},{\"@type\":\"WebPage\",\"@id\":\"https:\\\/\\\/www.inmsol.com\\\/es\\\/blog-escuela\\\/cultura-literatura-historia-espana-es\\\/cultura-espanola-resena-de-carlos-luis-zafon-la-sombra-del-viento\\\/\",\"url\":\"https:\\\/\\\/www.inmsol.com\\\/es\\\/blog-escuela\\\/cultura-literatura-historia-espana-es\\\/cultura-espanola-resena-de-carlos-luis-zafon-la-sombra-del-viento\\\/\",\"name\":\"Cultura Espa\u00f1ola :Rese\u00f1a de Carlos Luis Zaf\u00f3n, \\\"La Sombra del Viento\\\" | libro, rese\u00f1a , zaf\u00f3n, thriller | INMSOL\",\"isPartOf\":{\"@id\":\"https:\\\/\\\/www.inmsol.com\\\/es\\\/#website\"},\"primaryImageOfPage\":{\"@id\":\"https:\\\/\\\/www.inmsol.com\\\/es\\\/blog-escuela\\\/cultura-literatura-historia-espana-es\\\/cultura-espanola-resena-de-carlos-luis-zafon-la-sombra-del-viento\\\/#primaryimage\"},\"image\":{\"@id\":\"https:\\\/\\\/www.inmsol.com\\\/es\\\/blog-escuela\\\/cultura-literatura-historia-espana-es\\\/cultura-espanola-resena-de-carlos-luis-zafon-la-sombra-del-viento\\\/#primaryimage\"},\"thumbnailUrl\":\"https:\\\/\\\/www.inmsol.com\\\/wp-content\\\/uploads\\\/2014\\\/02\\\/la-sombra-del-viento-ebook-9788408095590.jpg\",\"datePublished\":\"2014-02-19T09:24:42+00:00\",\"dateModified\":\"2019-04-23T21:22:43+00:00\",\"description\":\"Una mirada a la obra m\u00e1s importante del autor m\u00e1s discutidos de los \u00faltimos a\u00f1os. Una cautivante historia, usted no puede dejar de leerlo.\",\"breadcrumb\":{\"@id\":\"https:\\\/\\\/www.inmsol.com\\\/es\\\/blog-escuela\\\/cultura-literatura-historia-espana-es\\\/cultura-espanola-resena-de-carlos-luis-zafon-la-sombra-del-viento\\\/#breadcrumb\"},\"inLanguage\":\"es\",\"potentialAction\":[{\"@type\":\"ReadAction\",\"target\":[\"https:\\\/\\\/www.inmsol.com\\\/es\\\/blog-escuela\\\/cultura-literatura-historia-espana-es\\\/cultura-espanola-resena-de-carlos-luis-zafon-la-sombra-del-viento\\\/\"]}]},{\"@type\":\"ImageObject\",\"inLanguage\":\"es\",\"@id\":\"https:\\\/\\\/www.inmsol.com\\\/es\\\/blog-escuela\\\/cultura-literatura-historia-espana-es\\\/cultura-espanola-resena-de-carlos-luis-zafon-la-sombra-del-viento\\\/#primaryimage\",\"url\":\"https:\\\/\\\/www.inmsol.com\\\/wp-content\\\/uploads\\\/2014\\\/02\\\/la-sombra-del-viento-ebook-9788408095590.jpg\",\"contentUrl\":\"https:\\\/\\\/www.inmsol.com\\\/wp-content\\\/uploads\\\/2014\\\/02\\\/la-sombra-del-viento-ebook-9788408095590.jpg\",\"width\":685,\"height\":1024},{\"@type\":\"BreadcrumbList\",\"@id\":\"https:\\\/\\\/www.inmsol.com\\\/es\\\/blog-escuela\\\/cultura-literatura-historia-espana-es\\\/cultura-espanola-resena-de-carlos-luis-zafon-la-sombra-del-viento\\\/#breadcrumb\",\"itemListElement\":[{\"@type\":\"ListItem\",\"position\":1,\"name\":\"Accredited Center by Instituto Cervantes\",\"item\":\"https:\\\/\\\/www.inmsol.com\\\/es\\\/pagina-ejemplo\\\/\"},{\"@type\":\"ListItem\",\"position\":2,\"name\":\"Blog Escuela Espa\u00f1ol\",\"item\":\"https:\\\/\\\/www.inmsol.com\\\/es\\\/category\\\/blog-escuela\\\/\"},{\"@type\":\"ListItem\",\"position\":3,\"name\":\"Cultura, Literatura e Historia de Espa\u00f1a e Hispanoam\u00e9rica\",\"item\":\"https:\\\/\\\/www.inmsol.com\\\/es\\\/category\\\/blog-escuela\\\/cultura-literatura-historia-espana-es\\\/\"},{\"@type\":\"ListItem\",\"position\":4,\"name\":\"Cultura Espa\u00f1ola: Rese\u00f1a de Carlos Luis Zaf\u00f3n, \u00abLa Sombra del Viento\u00bb\"}]},{\"@type\":\"WebSite\",\"@id\":\"https:\\\/\\\/www.inmsol.com\\\/es\\\/#website\",\"url\":\"https:\\\/\\\/www.inmsol.com\\\/es\\\/\",\"name\":\"iNMSOL\",\"description\":\"Aprenda Espa\u00f1ol con iNMSOL en Granada | Centro Acreditado por el Instituto Cervantes\",\"publisher\":{\"@id\":\"https:\\\/\\\/www.inmsol.com\\\/es\\\/#organization\"},\"potentialAction\":[{\"@type\":\"SearchAction\",\"target\":{\"@type\":\"EntryPoint\",\"urlTemplate\":\"https:\\\/\\\/www.inmsol.com\\\/es\\\/?s={search_term_string}\"},\"query-input\":{\"@type\":\"PropertyValueSpecification\",\"valueRequired\":true,\"valueName\":\"search_term_string\"}}],\"inLanguage\":\"es\"},{\"@type\":\"Organization\",\"@id\":\"https:\\\/\\\/www.inmsol.com\\\/es\\\/#organization\",\"name\":\"Instituto Mediterr\u00e1neo Sol\",\"url\":\"https:\\\/\\\/www.inmsol.com\\\/es\\\/\",\"logo\":{\"@type\":\"ImageObject\",\"inLanguage\":\"es\",\"@id\":\"https:\\\/\\\/www.inmsol.com\\\/es\\\/#\\\/schema\\\/logo\\\/image\\\/\",\"url\":\"https:\\\/\\\/www.inmsol.com\\\/wp-content\\\/uploads\\\/2023\\\/06\\\/logo-inmsol-1.png\",\"contentUrl\":\"https:\\\/\\\/www.inmsol.com\\\/wp-content\\\/uploads\\\/2023\\\/06\\\/logo-inmsol-1.png\",\"width\":136,\"height\":73,\"caption\":\"Instituto Mediterr\u00e1neo Sol\"},\"image\":{\"@id\":\"https:\\\/\\\/www.inmsol.com\\\/es\\\/#\\\/schema\\\/logo\\\/image\\\/\"},\"sameAs\":[\"https:\\\/\\\/www.facebook.com\\\/spanishcourses\",\"https:\\\/\\\/x.com\\\/StudyInGranada\",\"http:\\\/\\\/instagram.com\\\/imsolgranada\",\"https:\\\/\\\/es.linkedin.com\\\/company\\\/imsol-granada\",\"https:\\\/\\\/www.pinterest.es\\\/inmsol\\\/\",\"https:\\\/\\\/www.youtube.com\\\/channel\\\/UChz-Qn_7coFMosY85iYMO4g\"]},{\"@type\":\"Person\",\"@id\":\"https:\\\/\\\/www.inmsol.com\\\/es\\\/#\\\/schema\\\/person\\\/18f18acd0397ef441e373e79ec3eb6ea\",\"name\":\"Javier Torres\",\"image\":{\"@type\":\"ImageObject\",\"inLanguage\":\"es\",\"@id\":\"https:\\\/\\\/secure.gravatar.com\\\/avatar\\\/90afa2d6499550218d247408758082af566e5ec3641e1b8eac0d7bb889344a55?s=96&d=mm&r=g\",\"url\":\"https:\\\/\\\/secure.gravatar.com\\\/avatar\\\/90afa2d6499550218d247408758082af566e5ec3641e1b8eac0d7bb889344a55?s=96&d=mm&r=g\",\"contentUrl\":\"https:\\\/\\\/secure.gravatar.com\\\/avatar\\\/90afa2d6499550218d247408758082af566e5ec3641e1b8eac0d7bb889344a55?s=96&d=mm&r=g\",\"caption\":\"Javier Torres\"},\"url\":\"https:\\\/\\\/www.inmsol.com\\\/es\\\/author\\\/javier\\\/\"}]}<\/script>\n<!-- \/ Yoast SEO plugin. -->","yoast_head_json":{"title":"Cultura Espa\u00f1ola :Rese\u00f1a de Carlos Luis Zaf\u00f3n, \"La Sombra del Viento\" | libro, rese\u00f1a , zaf\u00f3n, thriller | INMSOL","description":"Una mirada a la obra m\u00e1s importante del autor m\u00e1s discutidos de los \u00faltimos a\u00f1os. Una cautivante historia, usted no puede dejar de leerlo.","robots":{"index":"index","follow":"follow","max-snippet":"max-snippet:-1","max-image-preview":"max-image-preview:large","max-video-preview":"max-video-preview:-1"},"canonical":"https:\/\/www.inmsol.com\/es\/blog-escuela\/cultura-literatura-historia-espana-es\/cultura-espanola-resena-de-carlos-luis-zafon-la-sombra-del-viento\/","og_locale":"es_ES","og_type":"article","og_title":"Cultura Espa\u00f1ola :Rese\u00f1a de Carlos Luis Zaf\u00f3n, \"La Sombra del Viento\" | libro, rese\u00f1a , zaf\u00f3n, thriller | INMSOL","og_description":"Una mirada a la obra m\u00e1s importante del autor m\u00e1s discutidos de los \u00faltimos a\u00f1os. Una cautivante historia, usted no puede dejar de leerlo.","og_url":"https:\/\/www.inmsol.com\/es\/blog-escuela\/cultura-literatura-historia-espana-es\/cultura-espanola-resena-de-carlos-luis-zafon-la-sombra-del-viento\/","og_site_name":"iNMSOL","article_publisher":"https:\/\/www.facebook.com\/spanishcourses","article_published_time":"2014-02-19T09:24:42+00:00","article_modified_time":"2019-04-23T21:22:43+00:00","og_image":[{"width":685,"height":1024,"url":"https:\/\/www.inmsol.com\/wp-content\/uploads\/2014\/02\/la-sombra-del-viento-ebook-9788408095590.jpg","type":"image\/jpeg"}],"author":"Javier Torres","twitter_misc":{"Escrito por":"Javier Torres","Tiempo de lectura":"2 minutos"},"schema":{"@context":"https:\/\/schema.org","@graph":[{"@type":"Article","@id":"https:\/\/www.inmsol.com\/es\/blog-escuela\/cultura-literatura-historia-espana-es\/cultura-espanola-resena-de-carlos-luis-zafon-la-sombra-del-viento\/#article","isPartOf":{"@id":"https:\/\/www.inmsol.com\/es\/blog-escuela\/cultura-literatura-historia-espana-es\/cultura-espanola-resena-de-carlos-luis-zafon-la-sombra-del-viento\/"},"author":{"name":"Javier Torres","@id":"https:\/\/www.inmsol.com\/es\/#\/schema\/person\/18f18acd0397ef441e373e79ec3eb6ea"},"headline":"Cultura Espa\u00f1ola: Rese\u00f1a de Carlos Luis Zaf\u00f3n, \u00abLa Sombra del Viento\u00bb","datePublished":"2014-02-19T09:24:42+00:00","dateModified":"2019-04-23T21:22:43+00:00","mainEntityOfPage":{"@id":"https:\/\/www.inmsol.com\/es\/blog-escuela\/cultura-literatura-historia-espana-es\/cultura-espanola-resena-de-carlos-luis-zafon-la-sombra-del-viento\/"},"wordCount":375,"publisher":{"@id":"https:\/\/www.inmsol.com\/es\/#organization"},"image":{"@id":"https:\/\/www.inmsol.com\/es\/blog-escuela\/cultura-literatura-historia-espana-es\/cultura-espanola-resena-de-carlos-luis-zafon-la-sombra-del-viento\/#primaryimage"},"thumbnailUrl":"https:\/\/www.inmsol.com\/wp-content\/uploads\/2014\/02\/la-sombra-del-viento-ebook-9788408095590.jpg","articleSection":["Cultura, Literatura e Historia de Espa\u00f1a e Hispanoam\u00e9rica"],"inLanguage":"es"},{"@type":"WebPage","@id":"https:\/\/www.inmsol.com\/es\/blog-escuela\/cultura-literatura-historia-espana-es\/cultura-espanola-resena-de-carlos-luis-zafon-la-sombra-del-viento\/","url":"https:\/\/www.inmsol.com\/es\/blog-escuela\/cultura-literatura-historia-espana-es\/cultura-espanola-resena-de-carlos-luis-zafon-la-sombra-del-viento\/","name":"Cultura Espa\u00f1ola :Rese\u00f1a de Carlos Luis Zaf\u00f3n, \"La Sombra del Viento\" | libro, rese\u00f1a , zaf\u00f3n, thriller | INMSOL","isPartOf":{"@id":"https:\/\/www.inmsol.com\/es\/#website"},"primaryImageOfPage":{"@id":"https:\/\/www.inmsol.com\/es\/blog-escuela\/cultura-literatura-historia-espana-es\/cultura-espanola-resena-de-carlos-luis-zafon-la-sombra-del-viento\/#primaryimage"},"image":{"@id":"https:\/\/www.inmsol.com\/es\/blog-escuela\/cultura-literatura-historia-espana-es\/cultura-espanola-resena-de-carlos-luis-zafon-la-sombra-del-viento\/#primaryimage"},"thumbnailUrl":"https:\/\/www.inmsol.com\/wp-content\/uploads\/2014\/02\/la-sombra-del-viento-ebook-9788408095590.jpg","datePublished":"2014-02-19T09:24:42+00:00","dateModified":"2019-04-23T21:22:43+00:00","description":"Una mirada a la obra m\u00e1s importante del autor m\u00e1s discutidos de los \u00faltimos a\u00f1os. Una cautivante historia, usted no puede dejar de leerlo.","breadcrumb":{"@id":"https:\/\/www.inmsol.com\/es\/blog-escuela\/cultura-literatura-historia-espana-es\/cultura-espanola-resena-de-carlos-luis-zafon-la-sombra-del-viento\/#breadcrumb"},"inLanguage":"es","potentialAction":[{"@type":"ReadAction","target":["https:\/\/www.inmsol.com\/es\/blog-escuela\/cultura-literatura-historia-espana-es\/cultura-espanola-resena-de-carlos-luis-zafon-la-sombra-del-viento\/"]}]},{"@type":"ImageObject","inLanguage":"es","@id":"https:\/\/www.inmsol.com\/es\/blog-escuela\/cultura-literatura-historia-espana-es\/cultura-espanola-resena-de-carlos-luis-zafon-la-sombra-del-viento\/#primaryimage","url":"https:\/\/www.inmsol.com\/wp-content\/uploads\/2014\/02\/la-sombra-del-viento-ebook-9788408095590.jpg","contentUrl":"https:\/\/www.inmsol.com\/wp-content\/uploads\/2014\/02\/la-sombra-del-viento-ebook-9788408095590.jpg","width":685,"height":1024},{"@type":"BreadcrumbList","@id":"https:\/\/www.inmsol.com\/es\/blog-escuela\/cultura-literatura-historia-espana-es\/cultura-espanola-resena-de-carlos-luis-zafon-la-sombra-del-viento\/#breadcrumb","itemListElement":[{"@type":"ListItem","position":1,"name":"Accredited Center by Instituto Cervantes","item":"https:\/\/www.inmsol.com\/es\/pagina-ejemplo\/"},{"@type":"ListItem","position":2,"name":"Blog Escuela Espa\u00f1ol","item":"https:\/\/www.inmsol.com\/es\/category\/blog-escuela\/"},{"@type":"ListItem","position":3,"name":"Cultura, Literatura e Historia de Espa\u00f1a e Hispanoam\u00e9rica","item":"https:\/\/www.inmsol.com\/es\/category\/blog-escuela\/cultura-literatura-historia-espana-es\/"},{"@type":"ListItem","position":4,"name":"Cultura Espa\u00f1ola: Rese\u00f1a de Carlos Luis Zaf\u00f3n, \u00abLa Sombra del Viento\u00bb"}]},{"@type":"WebSite","@id":"https:\/\/www.inmsol.com\/es\/#website","url":"https:\/\/www.inmsol.com\/es\/","name":"iNMSOL","description":"Aprenda Espa\u00f1ol con iNMSOL en Granada | Centro Acreditado por el Instituto Cervantes","publisher":{"@id":"https:\/\/www.inmsol.com\/es\/#organization"},"potentialAction":[{"@type":"SearchAction","target":{"@type":"EntryPoint","urlTemplate":"https:\/\/www.inmsol.com\/es\/?s={search_term_string}"},"query-input":{"@type":"PropertyValueSpecification","valueRequired":true,"valueName":"search_term_string"}}],"inLanguage":"es"},{"@type":"Organization","@id":"https:\/\/www.inmsol.com\/es\/#organization","name":"Instituto Mediterr\u00e1neo Sol","url":"https:\/\/www.inmsol.com\/es\/","logo":{"@type":"ImageObject","inLanguage":"es","@id":"https:\/\/www.inmsol.com\/es\/#\/schema\/logo\/image\/","url":"https:\/\/www.inmsol.com\/wp-content\/uploads\/2023\/06\/logo-inmsol-1.png","contentUrl":"https:\/\/www.inmsol.com\/wp-content\/uploads\/2023\/06\/logo-inmsol-1.png","width":136,"height":73,"caption":"Instituto Mediterr\u00e1neo Sol"},"image":{"@id":"https:\/\/www.inmsol.com\/es\/#\/schema\/logo\/image\/"},"sameAs":["https:\/\/www.facebook.com\/spanishcourses","https:\/\/x.com\/StudyInGranada","http:\/\/instagram.com\/imsolgranada","https:\/\/es.linkedin.com\/company\/imsol-granada","https:\/\/www.pinterest.es\/inmsol\/","https:\/\/www.youtube.com\/channel\/UChz-Qn_7coFMosY85iYMO4g"]},{"@type":"Person","@id":"https:\/\/www.inmsol.com\/es\/#\/schema\/person\/18f18acd0397ef441e373e79ec3eb6ea","name":"Javier Torres","image":{"@type":"ImageObject","inLanguage":"es","@id":"https:\/\/secure.gravatar.com\/avatar\/90afa2d6499550218d247408758082af566e5ec3641e1b8eac0d7bb889344a55?s=96&d=mm&r=g","url":"https:\/\/secure.gravatar.com\/avatar\/90afa2d6499550218d247408758082af566e5ec3641e1b8eac0d7bb889344a55?s=96&d=mm&r=g","contentUrl":"https:\/\/secure.gravatar.com\/avatar\/90afa2d6499550218d247408758082af566e5ec3641e1b8eac0d7bb889344a55?s=96&d=mm&r=g","caption":"Javier Torres"},"url":"https:\/\/www.inmsol.com\/es\/author\/javier\/"}]}},"_links":{"self":[{"href":"https:\/\/www.inmsol.com\/es\/wp-json\/wp\/v2\/posts\/1332","targetHints":{"allow":["GET"]}}],"collection":[{"href":"https:\/\/www.inmsol.com\/es\/wp-json\/wp\/v2\/posts"}],"about":[{"href":"https:\/\/www.inmsol.com\/es\/wp-json\/wp\/v2\/types\/post"}],"author":[{"embeddable":true,"href":"https:\/\/www.inmsol.com\/es\/wp-json\/wp\/v2\/users\/2"}],"replies":[{"embeddable":true,"href":"https:\/\/www.inmsol.com\/es\/wp-json\/wp\/v2\/comments?post=1332"}],"version-history":[{"count":0,"href":"https:\/\/www.inmsol.com\/es\/wp-json\/wp\/v2\/posts\/1332\/revisions"}],"wp:featuredmedia":[{"embeddable":true,"href":"https:\/\/www.inmsol.com\/es\/wp-json\/wp\/v2\/media\/9042"}],"wp:attachment":[{"href":"https:\/\/www.inmsol.com\/es\/wp-json\/wp\/v2\/media?parent=1332"}],"wp:term":[{"taxonomy":"category","embeddable":true,"href":"https:\/\/www.inmsol.com\/es\/wp-json\/wp\/v2\/categories?post=1332"},{"taxonomy":"post_tag","embeddable":true,"href":"https:\/\/www.inmsol.com\/es\/wp-json\/wp\/v2\/tags?post=1332"}],"curies":[{"name":"wp","href":"https:\/\/api.w.org\/{rel}","templated":true}]}}