{"id":1338,"date":"2014-02-24T12:41:02","date_gmt":"2014-02-24T11:41:02","guid":{"rendered":"https:\/\/www.inmsol.com\/"},"modified":"2019-04-23T23:20:03","modified_gmt":"2019-04-23T21:20:03","slug":"retroback-festival-internacional-de-cine-clasico-de-granada","status":"publish","type":"post","link":"https:\/\/www.inmsol.com\/es\/blog-escuela\/eventos-granada\/retroback-festival-internacional-de-cine-clasico-de-granada\/","title":{"rendered":"Retroback: Festival Internacional de cine cl\u00e1sico de Granada"},"content":{"rendered":"<div style=\"line-height: 21.299999237060547px; color: rgb(68, 68, 68); font-family: Calibri, sans-serif; font-size: 15px;\">\n<div>\n\t\t<font face=\"Times New Roman,serif\" size=\"3\" style=\"line-height: normal;\"><span style=\"line-height: 22.719999313354492px; font-size: 12pt;\"><font color=\"#444444\" face=\"Calibri,sans-serif\" size=\"3\" style=\"line-height: normal;\"><span style=\"line-height: 21.773332595825195px; font-size: 11.5pt;\">El d\u00eda\u00a0<\/span><\/font><font color=\"#444444\" face=\"Calibri,sans-serif\" size=\"3\" style=\"line-height: normal;\"><span style=\"line-height: 21.773332595825195px; font-size: 11.5pt;\"><b>22 de Febrero<\/b><\/span><\/font><font color=\"#444444\" face=\"Calibri,sans-serif\" size=\"3\" style=\"line-height: normal;\"><span style=\"line-height: 21.773332595825195px; font-size: 11.5pt;\">, empez\u00f3 la\u00a0<\/span><\/font><font color=\"#444444\" face=\"Calibri,sans-serif\" size=\"3\" style=\"line-height: normal;\"><span style=\"line-height: 21.773332595825195px; font-size: 11.5pt;\"><b>VI edici\u00f3n<\/b><\/span><\/font><font color=\"#444444\" face=\"Calibri,sans-serif\" size=\"3\" style=\"line-height: normal;\"><span style=\"line-height: 21.773332595825195px; font-size: 11.5pt;\">\u00a0del\u00a0<\/span><\/font><font color=\"#444444\" face=\"Calibri,sans-serif\" size=\"3\" style=\"line-height: normal;\"><span style=\"line-height: 21.773332595825195px; font-size: 11.5pt;\"><b>Festival Internacional de cine cl\u00e1sico de Granada<\/b><\/span><\/font><font color=\"#444444\" face=\"Calibri,sans-serif\" size=\"3\" style=\"line-height: normal;\"><span style=\"line-height: 21.773332595825195px; font-size: 11.5pt;\">, que continuar\u00e1 hasta el\u00a0<\/span><\/font><font color=\"#444444\" face=\"Calibri,sans-serif\" size=\"3\" style=\"line-height: normal;\"><span style=\"line-height: 21.773332595825195px; font-size: 11.5pt;\"><b>2 de Marzo<\/b><\/span><\/font><font color=\"#444444\" face=\"Calibri,sans-serif\" size=\"3\" style=\"line-height: normal;\"><span style=\"line-height: 21.773332595825195px; font-size: 11.5pt;\">.\u00a0<\/span><\/font><\/span><\/font><\/div>\n<\/div>\n<div style=\"line-height: 21.299999237060547px; color: rgb(68, 68, 68); font-family: Calibri, sans-serif; font-size: 15px;\">\n<div>\n\t\t<font face=\"Times New Roman,serif\" size=\"3\" style=\"line-height: normal;\"><span style=\"line-height: 22.719999313354492px; font-size: 12pt;\"><font color=\"#444444\" face=\"Calibri,sans-serif\" size=\"3\" style=\"line-height: normal;\"><span style=\"line-height: 21.773332595825195px; font-size: 11.5pt;\">El Festival, llamado \u00ab<\/span><\/font><font color=\"#444444\" face=\"Calibri,sans-serif\" size=\"3\" style=\"line-height: normal;\"><span style=\"line-height: 21.773332595825195px; font-size: 11.5pt;\"><b>Retroback<\/b><\/span><\/font><font color=\"#444444\" face=\"Calibri,sans-serif\" size=\"3\" style=\"line-height: normal;\"><span style=\"line-height: 21.773332595825195px; font-size: 11.5pt;\">\u00ab, empez\u00f3 su celebraci\u00f3n con un\u00a0<\/span><\/font><font color=\"#444444\" face=\"Calibri,sans-serif\" size=\"3\" style=\"line-height: normal;\"><span style=\"line-height: 21.773332595825195px; font-size: 11.5pt;\"><b>Gala de Inauguraci\u00f3n<\/b><\/span><\/font><font color=\"#444444\" face=\"Calibri,sans-serif\" size=\"3\" style=\"line-height: normal;\"><span style=\"line-height: 21.773332595825195px; font-size: 11.5pt;\">, el mismo d\u00eda\u00a0<\/span><\/font><font color=\"#444444\" face=\"Calibri,sans-serif\" size=\"3\" style=\"line-height: normal;\"><span style=\"line-height: 21.773332595825195px; font-size: 11.5pt;\"><b>22<\/b><\/span><\/font><font color=\"#444444\" face=\"Calibri,sans-serif\" size=\"3\" style=\"line-height: normal;\"><span style=\"line-height: 21.773332595825195px; font-size: 11.5pt;\">las\u00a0<\/span><\/font><font color=\"#444444\" face=\"Calibri,sans-serif\" size=\"3\" style=\"line-height: normal;\"><span style=\"line-height: 21.773332595825195px; font-size: 11.5pt;\"><b>20:30h<\/b><\/span><\/font><font color=\"#444444\" face=\"Calibri,sans-serif\" size=\"3\" style=\"line-height: normal;\"><span style=\"line-height: 21.773332595825195px; font-size: 11.5pt;\">, a obra de la\u00a0<\/span><\/font><font color=\"#444444\" face=\"Calibri,sans-serif\" size=\"3\" style=\"line-height: normal;\"><span style=\"line-height: 21.773332595825195px; font-size: 11.5pt;\"><b>Orquestra Ciudad de Granada<\/b><\/span><\/font><font color=\"#444444\" face=\"Calibri,sans-serif\" size=\"3\" style=\"line-height: normal;\"><span style=\"line-height: 21.773332595825195px; font-size: 11.5pt;\">, con un concierto de m\u00fasica de cine cl\u00e1sico.\u00a0<\/span><\/font><\/span><\/font><\/div>\n<div>\n\t\t\u00a0<\/div>\n<div>\n\t\t<\/div>\n<div>\n\t\t\u00a0<\/div>\n<\/div>\n<div style=\"line-height: 21.299999237060547px; color: rgb(68, 68, 68); font-family: Calibri, sans-serif; font-size: 15px;\">\n\t<font face=\"Times New Roman,serif\" size=\"3\" style=\"line-height: normal;\"><span style=\"line-height: 22.719999313354492px; font-size: 12pt;\"><font color=\"#444444\" face=\"Calibri,sans-serif\" size=\"3\" style=\"line-height: normal;\"><span style=\"line-height: 21.773332595825195px; font-size: 11.5pt;\">Como cada a\u00f1o la OCG da un toque de distinci\u00f3n a todo el Festival: a diferencia de a\u00f1os anteriores dar\u00e1 la bienvenida a Retroback con un exquisito repertorio de cine.<\/span><\/font><\/span><\/font><\/div>\n<div style=\"line-height: 21.299999237060547px; color: rgb(68, 68, 68); font-family: Calibri, sans-serif; font-size: 15px;\">\n<div>\n\t\t<font face=\"Times New Roman,serif\" size=\"3\" style=\"line-height: normal;\"><span style=\"line-height: 22.719999313354492px; font-size: 12pt;\"><font color=\"#444444\" face=\"Calibri,sans-serif\" size=\"3\" style=\"line-height: normal;\"><span style=\"line-height: 21.773332595825195px; font-size: 11.5pt;\">La OCG interpretar\u00e1 obras del primer periodo del cine clasico americano. La direcci\u00f3n musical de los conciertos es de\u00a0<\/span><\/font><font color=\"#444444\" face=\"Calibri,sans-serif\" size=\"3\" style=\"line-height: normal;\"><span style=\"line-height: 21.773332595825195px; font-size: 11.5pt;\"><b>Jos\u00e9 Luis Estell\u00e9s<\/b><\/span><\/font><font color=\"#444444\" face=\"Calibri,sans-serif\" size=\"3\" style=\"line-height: normal;\"><span style=\"line-height: 21.773332595825195px; font-size: 11.5pt;\">, mientras la voz narra<\/span><\/font><font color=\"#1F497D\" face=\"Calibri,sans-serif\" size=\"3\" style=\"line-height: normal;\"><span style=\"line-height: 21.773332595825195px; font-size: 11.5pt;\">nte<\/span><\/font><font color=\"#444444\" face=\"Calibri,sans-serif\" size=\"3\" style=\"line-height: normal;\"><span style=\"line-height: 21.773332595825195px; font-size: 11.5pt;\">\u00a0es de\u00a0<\/span><\/font><font color=\"#444444\" face=\"Calibri,sans-serif\" size=\"3\" style=\"line-height: normal;\"><span style=\"line-height: 21.773332595825195px; font-size: 11.5pt;\"><b>Larisa Ramos<\/b><\/span><\/font><font color=\"#444444\" face=\"Calibri,sans-serif\" size=\"3\" style=\"line-height: normal;\"><span style=\"line-height: 21.773332595825195px; font-size: 11.5pt;\">, en la obra\u00a0<\/span><\/font><font color=\"#444444\" face=\"Calibri,sans-serif\" size=\"3\" style=\"line-height: normal;\"><span style=\"line-height: 21.773332595825195px; font-size: 11.5pt;\"><b>The Jungle Book<\/b><\/span><\/font><font color=\"#444444\" face=\"Calibri,sans-serif\" size=\"3\" style=\"line-height: normal;\"><span style=\"line-height: 21.773332595825195px; font-size: 11.5pt;\">.<\/span><\/font><\/span><\/font><\/div>\n<\/div>\n<div style=\"line-height: 21.299999237060547px; color: rgb(68, 68, 68); font-family: Calibri, sans-serif; font-size: 15px;\">\n<div>\n\t\t<font face=\"Times New Roman,serif\" size=\"3\" style=\"line-height: normal;\"><span style=\"line-height: 22.719999313354492px; font-size: 12pt;\"><font color=\"#444444\" face=\"Calibri,sans-serif\" size=\"3\" style=\"line-height: normal;\"><span style=\"line-height: 21.773332595825195px; font-size: 11.5pt;\">Despu\u00e9s de la gala empiezan tambi\u00e9n las proyecciones de cl\u00e1sicos como \u00ab<\/span><\/font><font color=\"#444444\" face=\"Calibri,sans-serif\" size=\"3\" style=\"line-height: normal;\"><span style=\"line-height: 21.773332595825195px; font-size: 11.5pt;\"><b>Eva al desnudo<\/b><\/span><\/font><font color=\"#444444\" face=\"Calibri,sans-serif\" size=\"3\" style=\"line-height: normal;\"><span style=\"line-height: 21.773332595825195px; font-size: 11.5pt;\">\u00ab, \u00ab<\/span><\/font><font color=\"#444444\" face=\"Calibri,sans-serif\" size=\"3\" style=\"line-height: normal;\"><span style=\"line-height: 21.773332595825195px; font-size: 11.5pt;\"><b>La noche de la iguana<\/b><\/span><\/font><font color=\"#444444\" face=\"Calibri,sans-serif\" size=\"3\" style=\"line-height: normal;\"><span style=\"line-height: 21.773332595825195px; font-size: 11.5pt;\">\u00bb o \u00ab<\/span><\/font><font color=\"#444444\" face=\"Calibri,sans-serif\" size=\"3\" style=\"line-height: normal;\"><span style=\"line-height: 21.773332595825195px; font-size: 11.5pt;\"><b>Persona<\/b><\/span><\/font><font color=\"#444444\" face=\"Calibri,sans-serif\" size=\"3\" style=\"line-height: normal;\"><span style=\"line-height: 21.773332595825195px; font-size: 11.5pt;\">\u00ab.<\/span><\/font><\/span><\/font><\/div>\n<\/div>\n<div style=\"line-height: 21.299999237060547px; color: rgb(68, 68, 68); font-family: Calibri, sans-serif; font-size: 15px;\">\n<div>\n\t\t<font face=\"Times New Roman,serif\" size=\"3\" style=\"line-height: normal;\"><span style=\"line-height: 22.719999313354492px; font-size: 12pt;\"><font color=\"#444444\" face=\"Calibri,sans-serif\" size=\"3\" style=\"line-height: normal;\"><span style=\"line-height: 21.773332595825195px; font-size: 11.5pt;\">A lo largo de todo el Festival, \u00a0cada d\u00eda habr\u00e1 un argumento diferente p<\/span><\/font><font color=\"#1F497D\" face=\"Calibri,sans-serif\" size=\"3\" style=\"line-height: normal;\"><span style=\"line-height: 21.773332595825195px; font-size: 11.5pt;\">ara<\/span><\/font><font color=\"#444444\" face=\"Calibri,sans-serif\" size=\"3\" style=\"line-height: normal;\"><span style=\"line-height: 21.773332595825195px; font-size: 11.5pt;\">\u00a0las peliculas proyectadas: es decir, diferentes categorias que se ir\u00e1n\u00a0<\/span><\/font><font color=\"#1F497D\" face=\"Calibri,sans-serif\" size=\"3\" style=\"line-height: normal;\"><span style=\"line-height: 21.773332595825195px; font-size: 11.5pt;\">alternando<\/span><\/font><font color=\"#444444\" face=\"Calibri,sans-serif\" size=\"3\" style=\"line-height: normal;\"><span style=\"line-height: 21.773332595825195px; font-size: 11.5pt;\">\u00a0d\u00eda por d\u00eda:<\/span><\/font><\/span><\/font><\/div>\n<\/div>\n<div style=\"line-height: 21.299999237060547px; color: rgb(68, 68, 68); font-family: Calibri, sans-serif; font-size: 15px;\">\n<div style=\"text-indent: -18pt;\">\n\t\t<font face=\"Times New Roman,serif\" size=\"3\" style=\"line-height: normal;\"><span style=\"line-height: 22.719999313354492px; font-size: 12pt;\"><font color=\"#444444\" face=\"Symbol\" size=\"2\" style=\"line-height: normal;\"><span style=\"line-height: 18.933332443237305px; font-size: 10pt;\">\u00b7<\/span><\/font><font color=\"#444444\" face=\"Symbol\" style=\"line-height: normal;\"><span style=\"line-height: 22.719999313354492px;\">\u00a0\u00a0\u00a0\u00a0\u00a0\u00a0\u00a0\u00a0<\/span><\/font><font color=\"#444444\" face=\"Calibri,sans-serif\" style=\"line-height: normal;\">\u00a0<\/font><font color=\"#444444\" face=\"Calibri,sans-serif\" style=\"line-height: normal;\"><b style=\"line-height: 22.719999313354492px;\">Mitos del celuloide<\/b><\/font><font color=\"#444444\" face=\"Calibri,sans-serif\" style=\"line-height: normal;\">\u00a0:\u00a0<\/font><font color=\"#444444\" face=\"Calibri,sans-serif\" style=\"line-height: normal;\"><b style=\"line-height: 22.719999313354492px;\">Ava Gardner<\/b><\/font><\/span><\/font><\/div>\n<div style=\"text-indent: -18pt;\">\n\t\t<font face=\"Times New Roman,serif\" size=\"3\" style=\"line-height: normal;\"><span style=\"line-height: 22.719999313354492px; font-size: 12pt;\"><font color=\"#444444\" face=\"Symbol\" size=\"2\" style=\"line-height: normal;\"><span style=\"line-height: 18.933332443237305px; font-size: 10pt;\">\u00b7<\/span><\/font><font color=\"#444444\" face=\"Symbol\" style=\"line-height: normal;\"><span style=\"line-height: 22.719999313354492px;\">\u00a0\u00a0\u00a0\u00a0\u00a0\u00a0\u00a0\u00a0<\/span><\/font><font color=\"#444444\" face=\"Calibri,sans-serif\" style=\"line-height: normal;\">\u00a0<\/font><font color=\"#444444\" face=\"Calibri,sans-serif\" style=\"line-height: normal;\"><b style=\"line-height: 22.719999313354492px;\">Tributos<\/b><\/font><font color=\"#444444\" face=\"Calibri,sans-serif\" style=\"line-height: normal;\">\u00a0:\u00a0<\/font><font color=\"#444444\" face=\"Calibri,sans-serif\" style=\"line-height: normal;\"><b style=\"line-height: 22.719999313354492px;\">Luis Bu\u00f1uel<\/b><\/font><\/span><\/font><\/div>\n<div style=\"text-indent: -18pt;\">\n\t\t<font face=\"Times New Roman,serif\" size=\"3\" style=\"line-height: normal;\"><span style=\"line-height: 22.719999313354492px; font-size: 12pt;\"><font color=\"#444444\" face=\"Symbol\" size=\"2\" style=\"line-height: normal;\"><span style=\"line-height: 18.933332443237305px; font-size: 10pt;\">\u00b7<\/span><\/font><font color=\"#444444\" face=\"Symbol\" style=\"line-height: normal;\"><span style=\"line-height: 22.719999313354492px;\">\u00a0\u00a0\u00a0\u00a0\u00a0\u00a0\u00a0\u00a0<\/span><\/font><font color=\"#444444\" face=\"Calibri,sans-serif\" style=\"line-height: normal;\">\u00a0<\/font><font color=\"#444444\" face=\"Calibri,sans-serif\" style=\"line-height: normal;\"><b style=\"line-height: 22.719999313354492px;\">Cl<\/b><\/font><font color=\"#1F497D\" face=\"Calibri,sans-serif\" style=\"line-height: normal;\"><b style=\"line-height: 22.719999313354492px;\">\u00e1<\/b><\/font><font color=\"#444444\" face=\"Calibri,sans-serif\" style=\"line-height: normal;\"><b style=\"line-height: 22.719999313354492px;\">sicos en blanco y negro<\/b><\/font><\/span><\/font><\/div>\n<div style=\"text-indent: -18pt;\">\n\t\t<font face=\"Times New Roman,serif\" size=\"3\" style=\"line-height: normal;\"><span style=\"line-height: 22.719999313354492px; font-size: 12pt;\"><font color=\"#444444\" face=\"Symbol\" size=\"2\" style=\"line-height: normal;\"><span style=\"line-height: 18.933332443237305px; font-size: 10pt;\">\u00b7<\/span><\/font><font color=\"#444444\" face=\"Symbol\" style=\"line-height: normal;\"><span style=\"line-height: 22.719999313354492px;\">\u00a0\u00a0\u00a0\u00a0\u00a0\u00a0\u00a0\u00a0<\/span><\/font><font color=\"#444444\" face=\"Calibri,sans-serif\" style=\"line-height: normal;\">\u00a0<\/font><font color=\"#444444\" face=\"Calibri,sans-serif\" style=\"line-height: normal;\"><b style=\"line-height: 22.719999313354492px;\">Fantas\u00edas en blanco y negro<\/b><\/font><\/span><\/font><\/div>\n<div style=\"text-indent: -18pt;\">\n\t\t<font face=\"Times New Roman,serif\" size=\"3\" style=\"line-height: normal;\"><span style=\"line-height: 22.719999313354492px; font-size: 12pt;\"><font color=\"#444444\" face=\"Symbol\" size=\"2\" style=\"line-height: normal;\"><span style=\"line-height: 18.933332443237305px; font-size: 10pt;\">\u00b7<\/span><\/font><font color=\"#444444\" face=\"Symbol\" style=\"line-height: normal;\"><span style=\"line-height: 22.719999313354492px;\">\u00a0\u00a0\u00a0\u00a0\u00a0\u00a0\u00a0\u00a0<\/span><\/font><font color=\"#444444\" face=\"Calibri,sans-serif\" style=\"line-height: normal;\"><b style=\"line-height: 22.719999313354492px;\">\u00a0Film noir<\/b><\/font><\/span><\/font><\/div>\n<div style=\"text-indent: -18pt;\">\n\t\t<font face=\"Times New Roman,serif\" size=\"3\" style=\"line-height: normal;\"><span style=\"line-height: 22.719999313354492px; font-size: 12pt;\"><font color=\"#444444\" face=\"Symbol\" size=\"2\" style=\"line-height: normal;\"><span style=\"line-height: 18.933332443237305px; font-size: 10pt;\">\u00b7<\/span><\/font><font color=\"#444444\" face=\"Symbol\" style=\"line-height: normal;\"><span style=\"line-height: 22.719999313354492px;\">\u00a0\u00a0\u00a0\u00a0\u00a0\u00a0\u00a0\u00a0<\/span><\/font><font color=\"#444444\" face=\"Calibri,sans-serif\" style=\"line-height: normal;\"><b style=\"line-height: 22.719999313354492px;\">\u00a0Nuevos cl\u00e1sicos en blanco y negro<\/b><\/font><\/span><\/font><\/div>\n<div style=\"text-indent: -18pt;\">\n\t\t<font face=\"Times New Roman,serif\" size=\"3\" style=\"line-height: normal;\"><span style=\"line-height: 22.719999313354492px; font-size: 12pt;\"><font color=\"#444444\" face=\"Symbol\" size=\"2\" style=\"line-height: normal;\"><span style=\"line-height: 18.933332443237305px; font-size: 10pt;\">\u00b7<\/span><\/font><font color=\"#444444\" face=\"Symbol\" style=\"line-height: normal;\"><span style=\"line-height: 22.719999313354492px;\">\u00a0\u00a0\u00a0\u00a0\u00a0\u00a0\u00a0\u00a0<\/span><\/font><font color=\"#444444\" face=\"Calibri,sans-serif\" style=\"line-height: normal;\">\u00a0<\/font><font color=\"#444444\" face=\"Calibri,sans-serif\" style=\"line-height: normal;\"><b style=\"line-height: 22.719999313354492px;\">Europa en blanco y negro<\/b><\/font><\/span><\/font><\/div>\n<\/div>\n<div style=\"line-height: 21.299999237060547px; color: rgb(68, 68, 68); font-family: Calibri, sans-serif; font-size: 15px;\">\n\t<font face=\"Times New Roman,serif\" size=\"3\" style=\"line-height: normal;\"><span style=\"line-height: 22.719999313354492px; font-size: 12pt;\"><font color=\"#444444\" face=\"Calibri,sans-serif\" size=\"3\" style=\"line-height: normal;\"><span style=\"line-height: 21.773332595825195px; font-size: 11.5pt;\">As\u00ed cada d\u00eda, se podr\u00e1n mirar los trabajos m\u00e1s notables y m\u00e1s caracteristicos de cada categoria.<\/span><\/font><\/span><\/font><\/div>\n<div style=\"line-height: 21.299999237060547px; color: rgb(68, 68, 68); font-family: Calibri, sans-serif; font-size: 15px;\">\n<div>\n\t\t<font face=\"Times New Roman,serif\" size=\"3\" style=\"line-height: normal;\"><span style=\"line-height: 22.719999313354492px; font-size: 12pt;\"><font color=\"#444444\" face=\"Calibri,sans-serif\" size=\"3\" style=\"line-height: normal;\"><span style=\"line-height: 21.773332595825195px; font-size: 11.5pt;\">Por ejemplo de Ava Gardner se trasmitir\u00e1n peliculas como \u00ab<\/span><\/font><font color=\"#444444\" face=\"Calibri,sans-serif\" size=\"3\" style=\"line-height: normal;\"><span style=\"line-height: 21.773332595825195px; font-size: 11.5pt;\"><b>Cruce de destinos<\/b><\/span><\/font><font color=\"#444444\" face=\"Calibri,sans-serif\" size=\"3\" style=\"line-height: normal;\"><span style=\"line-height: 21.773332595825195px; font-size: 11.5pt;\">\u00ab, \u00ab<\/span><\/font><font color=\"#444444\" face=\"Calibri,sans-serif\" size=\"3\" style=\"line-height: normal;\"><span style=\"line-height: 21.773332595825195px; font-size: 11.5pt;\"><b>Forajidos<\/b><\/span><\/font><font color=\"#444444\" face=\"Calibri,sans-serif\" size=\"3\" style=\"line-height: normal;\"><span style=\"line-height: 21.773332595825195px; font-size: 11.5pt;\">\u00ab, \u00ab<\/span><\/font><font color=\"#444444\" face=\"Calibri,sans-serif\" size=\"3\" style=\"line-height: normal;\"><span style=\"line-height: 21.773332595825195px; font-size: 11.5pt;\"><b>55 d\u00edas en Pekin<\/b><\/span><\/font><font color=\"#444444\" face=\"Calibri,sans-serif\" size=\"3\" style=\"line-height: normal;\"><span style=\"line-height: 21.773332595825195px; font-size: 11.5pt;\">\u00ab, \u00ab<\/span><\/font><font color=\"#444444\" face=\"Calibri,sans-serif\" size=\"3\" style=\"line-height: normal;\"><span style=\"line-height: 21.773332595825195px; font-size: 11.5pt;\"><b>Siete d\u00edas de mayo<\/b><\/span><\/font><font color=\"#444444\" face=\"Calibri,sans-serif\" size=\"3\" style=\"line-height: normal;\"><span style=\"line-height: 21.773332595825195px; font-size: 11.5pt;\">\u00ab,etc; de Luis Bu\u00f1uel \u00ab<\/span><\/font><font color=\"#444444\" face=\"Calibri,sans-serif\" size=\"3\" style=\"line-height: normal;\"><span style=\"line-height: 21.773332595825195px; font-size: 11.5pt;\"><b>Un perro andaluz<\/b><\/span><\/font><font color=\"#444444\" face=\"Calibri,sans-serif\" size=\"3\" style=\"line-height: normal;\"><span style=\"line-height: 21.773332595825195px; font-size: 11.5pt;\">\u00ab, \u00ab<\/span><\/font><font color=\"#444444\" face=\"Calibri,sans-serif\" size=\"3\" style=\"line-height: normal;\"><span style=\"line-height: 21.773332595825195px; font-size: 11.5pt;\"><b>La edad de oro<\/b><\/span><\/font><font color=\"#444444\" face=\"Calibri,sans-serif\" size=\"3\" style=\"line-height: normal;\"><span style=\"line-height: 21.773332595825195px; font-size: 11.5pt;\">\u00ab, \u00ab<\/span><\/font><font color=\"#444444\" face=\"Calibri,sans-serif\" size=\"3\" style=\"line-height: normal;\"><span style=\"line-height: 21.773332595825195px; font-size: 11.5pt;\"><b>Tristana<\/b><\/span><\/font><font color=\"#444444\" face=\"Calibri,sans-serif\" size=\"3\" style=\"line-height: normal;\"><span style=\"line-height: 21.773332595825195px; font-size: 11.5pt;\">\u00ab,etc; y as\u00ed es por todas las categorias.<\/span><\/font><\/span><\/font><\/div>\n<\/div>\n<div style=\"line-height: 21.299999237060547px; color: rgb(68, 68, 68); font-family: Calibri, sans-serif; font-size: 15px;\">\n<div>\n\t\t<font face=\"Times New Roman,serif\" size=\"3\" style=\"line-height: normal;\"><span style=\"line-height: 22.719999313354492px; font-size: 12pt;\"><font color=\"#444444\" face=\"Calibri,sans-serif\" size=\"3\" style=\"line-height: normal;\"><span style=\"line-height: 21.773332595825195px; font-size: 11.5pt;\">Luego, adem\u00e1s de todas las peliculas, se podr\u00e1 a<\/span><\/font><font color=\"#1F497D\" face=\"Calibri,sans-serif\" size=\"3\" style=\"line-height: normal;\"><span style=\"line-height: 21.773332595825195px; font-size: 11.5pt;\">s<\/span><\/font><font color=\"#444444\" face=\"Calibri,sans-serif\" size=\"3\" style=\"line-height: normal;\"><span style=\"line-height: 21.773332595825195px; font-size: 11.5pt;\">istir a\u00a0<\/span><\/font><font color=\"#444444\" face=\"Calibri,sans-serif\" size=\"3\" style=\"line-height: normal;\"><span style=\"line-height: 21.773332595825195px; font-size: 11.5pt;\"><b>actividades paralelas<\/b><\/span><\/font><font color=\"#444444\" face=\"Calibri,sans-serif\" size=\"3\" style=\"line-height: normal;\"><span style=\"line-height: 21.773332595825195px; font-size: 11.5pt;\">, como la del concierto inaugural, que son otras actividades que integran la exposici\u00f3n<\/span><\/font><\/span><\/font><\/div>\n<\/div>\n<div style=\"line-height: 21.299999237060547px; color: rgb(68, 68, 68); font-family: Calibri, sans-serif; font-size: 15px;\">\n<div>\n\t\t<font face=\"Times New Roman,serif\" size=\"3\" style=\"line-height: normal;\"><span style=\"line-height: 22.719999313354492px; font-size: 12pt;\"><font color=\"#444444\" face=\"Calibri,sans-serif\" size=\"3\" style=\"line-height: normal;\"><span style=\"line-height: 21.773332595825195px; font-size: 11.5pt;\">Por ejemplo, ayer se ha tenido, y se tendr\u00e1 tambi\u00e9n el pr\u00f3ximo domingo, una\u00a0<\/span><\/font><font color=\"#444444\" face=\"Calibri,sans-serif\" size=\"3\" style=\"line-height: normal;\"><span style=\"line-height: 21.773332595825195px; font-size: 11.5pt;\"><b>exposici\u00f3n infantil de m\u00fasica y cine cl\u00e1sico de animaci\u00f3n<\/b><\/span><\/font><font color=\"#444444\" face=\"Calibri,sans-serif\" size=\"3\" style=\"line-height: normal;\"><span style=\"line-height: 21.773332595825195px; font-size: 11.5pt;\">, con proyecciones de\u00a0<\/span><\/font><font color=\"#444444\" face=\"Calibri,sans-serif\" size=\"3\" style=\"line-height: normal;\"><span style=\"line-height: 21.773332595825195px; font-size: 11.5pt;\"><b>cortometrajes<\/b><\/span><\/font><font color=\"#444444\" face=\"Calibri,sans-serif\" size=\"3\" style=\"line-height: normal;\"><span style=\"line-height: 21.773332595825195px; font-size: 11.5pt;\">\u00a0de animaci\u00f3n cl\u00e1sica y con la musicalizaci\u00f3n en directo de la banda \u00ab<\/span><\/font><font color=\"#444444\" face=\"Calibri,sans-serif\" size=\"3\" style=\"line-height: normal;\"><span style=\"line-height: 21.773332595825195px; font-size: 11.5pt;\"><b>Potato Head Jazz Band<\/b><\/span><\/font><font color=\"#444444\" face=\"Calibri,sans-serif\" size=\"3\" style=\"line-height: normal;\"><span style=\"line-height: 21.773332595825195px; font-size: 11.5pt;\">\u00ab, as\u00ed que se podr\u00e1n mirar personajes notables, como Betty Boo, que se mover\u00e1n al ritmo del mejor swing.<\/span><\/font><\/span><\/font><\/div>\n<\/div>\n<div style=\"line-height: 21.299999237060547px; color: rgb(68, 68, 68); font-family: Calibri, sans-serif; font-size: 15px;\">\n<div>\n\t\t<font face=\"Times New Roman,serif\" size=\"3\" style=\"line-height: normal;\"><span style=\"line-height: 22.719999313354492px; font-size: 12pt;\"><font color=\"#444444\" face=\"Calibri,sans-serif\" size=\"3\" style=\"line-height: normal;\"><span style=\"line-height: 21.773332595825195px; font-size: 11.5pt;\">En conclusi\u00f3n, el ultimo d\u00eda, en el\u00a0<\/span><\/font><font color=\"#444444\" face=\"Calibri,sans-serif\" size=\"3\" style=\"line-height: normal;\"><span style=\"line-height: 21.773332595825195px; font-size: 11.5pt;\"><b>Teatro Isabel la Cat\u00f3lica<\/b><\/span><\/font><font color=\"#444444\" face=\"Calibri,sans-serif\" size=\"3\" style=\"line-height: normal;\"><span style=\"line-height: 21.773332595825195px; font-size: 11.5pt;\">, el festival se acabar\u00e1 con un fant<\/span><\/font><font color=\"#1F497D\" face=\"Calibri,sans-serif\" size=\"3\" style=\"line-height: normal;\"><span style=\"line-height: 21.773332595825195px; font-size: 11.5pt;\">\u00e1<\/span><\/font><font color=\"#444444\" face=\"Calibri,sans-serif\" size=\"3\" style=\"line-height: normal;\"><span style=\"line-height: 21.773332595825195px; font-size: 11.5pt;\">stico espect\u00e1culo de clausura, con otra ex<\/span><\/font><font color=\"#1F497D\" face=\"Calibri,sans-serif\" size=\"3\" style=\"line-height: normal;\"><span style=\"line-height: 21.773332595825195px; font-size: 11.5pt;\">h<\/span><\/font><font color=\"#444444\" face=\"Calibri,sans-serif\" size=\"3\" style=\"line-height: normal;\"><span style=\"line-height: 21.773332595825195px; font-size: 11.5pt;\">ibici\u00f3n de la banda \u00abPotato Head Jazz Band\u00bb, que se acercan al \u00ab<\/span><\/font><font color=\"#444444\" face=\"Calibri,sans-serif\" size=\"3\" style=\"line-height: normal;\"><span style=\"line-height: 21.773332595825195px; font-size: 11.5pt;\"><b>Film Noir<\/b><\/span><\/font><font color=\"#444444\" face=\"Calibri,sans-serif\" size=\"3\" style=\"line-height: normal;\"><span style=\"line-height: 21.773332595825195px; font-size: 11.5pt;\">\u00bb y al swing de los a\u00f1os 20 en una\u00a0<\/span><\/font><font color=\"#444444\" face=\"Calibri,sans-serif\" size=\"3\" style=\"line-height: normal;\"><span style=\"line-height: 21.773332595825195px; font-size: 11.5pt;\"><b>velada en blanco y negro<\/b><\/span><\/font><font color=\"#444444\" face=\"Calibri,sans-serif\" size=\"3\" style=\"line-height: normal;\"><span style=\"line-height: 21.773332595825195px; font-size: 11.5pt;\">\u00a0en la que ser\u00e1n acompa\u00f1ados por los \u00a0bailarines<\/span><\/font><font color=\"#444444\" face=\"Calibri,sans-serif\" size=\"3\" style=\"line-height: normal;\"><span style=\"line-height: 21.773332595825195px; font-size: 11.5pt;\"><b>\u00a0Xavier<\/b><\/span><\/font><font color=\"#444444\" face=\"Calibri,sans-serif\" size=\"3\" style=\"line-height: normal;\"><span style=\"line-height: 21.773332595825195px; font-size: 11.5pt;\">\u00a0y\u00a0<\/span><\/font><font color=\"#444444\" face=\"Calibri,sans-serif\" size=\"3\" style=\"line-height: normal;\"><span style=\"line-height: 21.773332595825195px; font-size: 11.5pt;\"><b>Ariadna<\/b><\/span><\/font><font color=\"#444444\" face=\"Calibri,sans-serif\" size=\"3\" style=\"line-height: normal;\"><span style=\"line-height: 21.773332595825195px; font-size: 11.5pt;\">, campeones europeos y mundiales de\u00a0<\/span><\/font><font color=\"#444444\" face=\"Calibri,sans-serif\" size=\"3\" style=\"line-height: normal;\"><span style=\"line-height: 21.773332595825195px; font-size: 11.5pt;\"><b>Indy Hop<\/b><\/span><\/font><font color=\"#444444\" face=\"Calibri,sans-serif\" size=\"3\" style=\"line-height: normal;\"><span style=\"line-height: 21.773332595825195px; font-size: 11.5pt;\">.<\/span><\/font><\/span><\/font><\/div>\n<\/div>\n<div style=\"line-height: 21.299999237060547px; color: rgb(68, 68, 68); font-family: Calibri, sans-serif; font-size: 15px;\">\n<div>\n\t\t<font face=\"Times New Roman,serif\" size=\"3\" style=\"line-height: normal;\"><span style=\"line-height: 22.719999313354492px; font-size: 12pt;\"><font color=\"#444444\" face=\"Calibri,sans-serif\" size=\"3\" style=\"line-height: normal;\"><span style=\"line-height: 21.773332595825195px; font-size: 11.5pt;\">Entonces, \u00a1disfrutad\u00a0<\/span><\/font><font color=\"#1F497D\" face=\"Calibri,sans-serif\" size=\"3\" style=\"line-height: normal;\"><span style=\"line-height: 21.773332595825195px; font-size: 11.5pt;\">de\u00a0<\/span><\/font><font color=\"#444444\" face=\"Calibri,sans-serif\" size=\"3\" style=\"line-height: normal;\"><span style=\"line-height: 21.773332595825195px; font-size: 11.5pt;\">esta extraordinaria programaci\u00f3n!<\/span><\/font><\/span><\/font><\/div>\n<div>\n\t\t<font face=\"Times New Roman,serif\" size=\"3\" style=\"line-height: normal;\"><span style=\"line-height: 22.719999313354492px; font-size: 12pt;\"><font color=\"#444444\" face=\"Calibri,sans-serif\" size=\"3\" style=\"line-height: normal;\"><span style=\"line-height: 21.773332595825195px; font-size: 11.5pt;\">(Por m\u00e1s informaciones, consultad la p\u00e1gina web del evento :\u00a0<\/span><\/font><\/span><\/font><a href=\"http:\/\/www.retroback.info\/\">http:\/\/www.retroback.info\/<\/a>)<\/div>\n<\/div>\n<p>\u00a0<\/p>\n","protected":false},"excerpt":{"rendered":"<p>El d\u00eda\u00a022 de Febrero, empez\u00f3 la\u00a0VI edici\u00f3n\u00a0del\u00a0Festival Internacional de cine cl\u00e1sico de Granada, que continuar\u00e1 hasta el\u00a02 de Marzo.\u00a0 El Festival, llamado \u00abRetroback\u00ab, empez\u00f3 su celebraci\u00f3n con un\u00a0Gala de Inauguraci\u00f3n, el mismo d\u00eda\u00a022las\u00a020:30h, a obra de la\u00a0Orquestra Ciudad de Granada, con un concierto de m\u00fasica&#8230;<\/p>\n","protected":false},"author":2,"featured_media":0,"comment_status":"closed","ping_status":"closed","sticky":false,"template":"","format":"standard","meta":{"_acf_changed":false,"footnotes":""},"categories":[80],"tags":[],"class_list":["post-1338","post","type-post","status-publish","format-standard","hentry","category-eventos-granada"],"acf":[],"yoast_head":"<!-- This site is optimized with the Yoast SEO plugin v27.5 - https:\/\/yoast.com\/product\/yoast-seo-wordpress\/ -->\n<title>Retroback : Festival Internacional de cine cl\u00e1sico de Granada | festival, cl\u00e1sico, pel\u00edcula, granada | INMSOL<\/title>\n<meta name=\"description\" content=\"El m\u00e1s importante festival internacional de cine cl\u00e1sico, situado en Granada, en su VI edici\u00f3n, con las proyecciones de la mayor\u00eda de las obras m\u00e1s notables de los artistas m\u00e1s famosos\" \/>\n<meta name=\"robots\" content=\"index, follow, max-snippet:-1, max-image-preview:large, max-video-preview:-1\" \/>\n<link rel=\"canonical\" href=\"https:\/\/www.inmsol.com\/es\/blog-escuela\/eventos-granada\/retroback-festival-internacional-de-cine-clasico-de-granada\/\" \/>\n<meta property=\"og:locale\" content=\"es_ES\" \/>\n<meta property=\"og:type\" content=\"article\" \/>\n<meta property=\"og:title\" content=\"Retroback : Festival Internacional de cine cl\u00e1sico de Granada | festival, cl\u00e1sico, pel\u00edcula, granada | INMSOL\" \/>\n<meta property=\"og:description\" content=\"El m\u00e1s importante festival internacional de cine cl\u00e1sico, situado en Granada, en su VI edici\u00f3n, con las proyecciones de la mayor\u00eda de las obras m\u00e1s notables de los artistas m\u00e1s famosos\" \/>\n<meta property=\"og:url\" content=\"https:\/\/www.inmsol.com\/es\/blog-escuela\/eventos-granada\/retroback-festival-internacional-de-cine-clasico-de-granada\/\" \/>\n<meta property=\"og:site_name\" content=\"iNMSOL\" \/>\n<meta property=\"article:publisher\" content=\"https:\/\/www.facebook.com\/spanishcourses\" \/>\n<meta property=\"article:published_time\" content=\"2014-02-24T11:41:02+00:00\" \/>\n<meta property=\"article:modified_time\" content=\"2019-04-23T21:20:03+00:00\" \/>\n<meta property=\"og:image\" content=\"https:\/\/www.inmsol.com\/wp-content\/uploads\/2019\/08\/logo-inmsol.png\" \/>\n\t<meta property=\"og:image:width\" content=\"320\" \/>\n\t<meta property=\"og:image:height\" content=\"154\" \/>\n\t<meta property=\"og:image:type\" content=\"image\/png\" \/>\n<meta name=\"author\" content=\"Javier Torres\" \/>\n<meta name=\"twitter:label1\" content=\"Escrito por\" \/>\n\t<meta name=\"twitter:data1\" content=\"Javier Torres\" \/>\n\t<meta name=\"twitter:label2\" content=\"Tiempo de lectura\" \/>\n\t<meta name=\"twitter:data2\" content=\"2 minutos\" \/>\n<script type=\"application\/ld+json\" class=\"yoast-schema-graph\">{\"@context\":\"https:\\\/\\\/schema.org\",\"@graph\":[{\"@type\":\"Article\",\"@id\":\"https:\\\/\\\/www.inmsol.com\\\/es\\\/blog-escuela\\\/eventos-granada\\\/retroback-festival-internacional-de-cine-clasico-de-granada\\\/#article\",\"isPartOf\":{\"@id\":\"https:\\\/\\\/www.inmsol.com\\\/es\\\/blog-escuela\\\/eventos-granada\\\/retroback-festival-internacional-de-cine-clasico-de-granada\\\/\"},\"author\":{\"name\":\"Javier Torres\",\"@id\":\"https:\\\/\\\/www.inmsol.com\\\/es\\\/#\\\/schema\\\/person\\\/18f18acd0397ef441e373e79ec3eb6ea\"},\"headline\":\"Retroback: Festival Internacional de cine cl\u00e1sico de Granada\",\"datePublished\":\"2014-02-24T11:41:02+00:00\",\"dateModified\":\"2019-04-23T21:20:03+00:00\",\"mainEntityOfPage\":{\"@id\":\"https:\\\/\\\/www.inmsol.com\\\/es\\\/blog-escuela\\\/eventos-granada\\\/retroback-festival-internacional-de-cine-clasico-de-granada\\\/\"},\"wordCount\":502,\"publisher\":{\"@id\":\"https:\\\/\\\/www.inmsol.com\\\/es\\\/#organization\"},\"articleSection\":[\"Eventos en Granada\"],\"inLanguage\":\"es\"},{\"@type\":\"WebPage\",\"@id\":\"https:\\\/\\\/www.inmsol.com\\\/es\\\/blog-escuela\\\/eventos-granada\\\/retroback-festival-internacional-de-cine-clasico-de-granada\\\/\",\"url\":\"https:\\\/\\\/www.inmsol.com\\\/es\\\/blog-escuela\\\/eventos-granada\\\/retroback-festival-internacional-de-cine-clasico-de-granada\\\/\",\"name\":\"Retroback : Festival Internacional de cine cl\u00e1sico de Granada | festival, cl\u00e1sico, pel\u00edcula, granada | INMSOL\",\"isPartOf\":{\"@id\":\"https:\\\/\\\/www.inmsol.com\\\/es\\\/#website\"},\"datePublished\":\"2014-02-24T11:41:02+00:00\",\"dateModified\":\"2019-04-23T21:20:03+00:00\",\"description\":\"El m\u00e1s importante festival internacional de cine cl\u00e1sico, situado en Granada, en su VI edici\u00f3n, con las proyecciones de la mayor\u00eda de las obras m\u00e1s notables de los artistas m\u00e1s famosos\",\"breadcrumb\":{\"@id\":\"https:\\\/\\\/www.inmsol.com\\\/es\\\/blog-escuela\\\/eventos-granada\\\/retroback-festival-internacional-de-cine-clasico-de-granada\\\/#breadcrumb\"},\"inLanguage\":\"es\",\"potentialAction\":[{\"@type\":\"ReadAction\",\"target\":[\"https:\\\/\\\/www.inmsol.com\\\/es\\\/blog-escuela\\\/eventos-granada\\\/retroback-festival-internacional-de-cine-clasico-de-granada\\\/\"]}]},{\"@type\":\"BreadcrumbList\",\"@id\":\"https:\\\/\\\/www.inmsol.com\\\/es\\\/blog-escuela\\\/eventos-granada\\\/retroback-festival-internacional-de-cine-clasico-de-granada\\\/#breadcrumb\",\"itemListElement\":[{\"@type\":\"ListItem\",\"position\":1,\"name\":\"Accredited Center by Instituto Cervantes\",\"item\":\"https:\\\/\\\/www.inmsol.com\\\/es\\\/pagina-ejemplo\\\/\"},{\"@type\":\"ListItem\",\"position\":2,\"name\":\"Blog Escuela Espa\u00f1ol\",\"item\":\"https:\\\/\\\/www.inmsol.com\\\/es\\\/category\\\/blog-escuela\\\/\"},{\"@type\":\"ListItem\",\"position\":3,\"name\":\"Eventos en Granada\",\"item\":\"https:\\\/\\\/www.inmsol.com\\\/es\\\/category\\\/blog-escuela\\\/eventos-granada\\\/\"},{\"@type\":\"ListItem\",\"position\":4,\"name\":\"Retroback: Festival Internacional de cine cl\u00e1sico de Granada\"}]},{\"@type\":\"WebSite\",\"@id\":\"https:\\\/\\\/www.inmsol.com\\\/es\\\/#website\",\"url\":\"https:\\\/\\\/www.inmsol.com\\\/es\\\/\",\"name\":\"iNMSOL\",\"description\":\"Aprenda Espa\u00f1ol con iNMSOL en Granada | Centro Acreditado por el Instituto Cervantes\",\"publisher\":{\"@id\":\"https:\\\/\\\/www.inmsol.com\\\/es\\\/#organization\"},\"potentialAction\":[{\"@type\":\"SearchAction\",\"target\":{\"@type\":\"EntryPoint\",\"urlTemplate\":\"https:\\\/\\\/www.inmsol.com\\\/es\\\/?s={search_term_string}\"},\"query-input\":{\"@type\":\"PropertyValueSpecification\",\"valueRequired\":true,\"valueName\":\"search_term_string\"}}],\"inLanguage\":\"es\"},{\"@type\":\"Organization\",\"@id\":\"https:\\\/\\\/www.inmsol.com\\\/es\\\/#organization\",\"name\":\"Instituto Mediterr\u00e1neo Sol\",\"url\":\"https:\\\/\\\/www.inmsol.com\\\/es\\\/\",\"logo\":{\"@type\":\"ImageObject\",\"inLanguage\":\"es\",\"@id\":\"https:\\\/\\\/www.inmsol.com\\\/es\\\/#\\\/schema\\\/logo\\\/image\\\/\",\"url\":\"https:\\\/\\\/www.inmsol.com\\\/wp-content\\\/uploads\\\/2023\\\/06\\\/logo-inmsol-1.png\",\"contentUrl\":\"https:\\\/\\\/www.inmsol.com\\\/wp-content\\\/uploads\\\/2023\\\/06\\\/logo-inmsol-1.png\",\"width\":136,\"height\":73,\"caption\":\"Instituto Mediterr\u00e1neo Sol\"},\"image\":{\"@id\":\"https:\\\/\\\/www.inmsol.com\\\/es\\\/#\\\/schema\\\/logo\\\/image\\\/\"},\"sameAs\":[\"https:\\\/\\\/www.facebook.com\\\/spanishcourses\",\"https:\\\/\\\/x.com\\\/StudyInGranada\",\"http:\\\/\\\/instagram.com\\\/imsolgranada\",\"https:\\\/\\\/es.linkedin.com\\\/company\\\/imsol-granada\",\"https:\\\/\\\/www.pinterest.es\\\/inmsol\\\/\",\"https:\\\/\\\/www.youtube.com\\\/channel\\\/UChz-Qn_7coFMosY85iYMO4g\"]},{\"@type\":\"Person\",\"@id\":\"https:\\\/\\\/www.inmsol.com\\\/es\\\/#\\\/schema\\\/person\\\/18f18acd0397ef441e373e79ec3eb6ea\",\"name\":\"Javier Torres\",\"image\":{\"@type\":\"ImageObject\",\"inLanguage\":\"es\",\"@id\":\"https:\\\/\\\/secure.gravatar.com\\\/avatar\\\/90afa2d6499550218d247408758082af566e5ec3641e1b8eac0d7bb889344a55?s=96&d=mm&r=g\",\"url\":\"https:\\\/\\\/secure.gravatar.com\\\/avatar\\\/90afa2d6499550218d247408758082af566e5ec3641e1b8eac0d7bb889344a55?s=96&d=mm&r=g\",\"contentUrl\":\"https:\\\/\\\/secure.gravatar.com\\\/avatar\\\/90afa2d6499550218d247408758082af566e5ec3641e1b8eac0d7bb889344a55?s=96&d=mm&r=g\",\"caption\":\"Javier Torres\"},\"url\":\"https:\\\/\\\/www.inmsol.com\\\/es\\\/author\\\/javier\\\/\"}]}<\/script>\n<!-- \/ Yoast SEO plugin. -->","yoast_head_json":{"title":"Retroback : Festival Internacional de cine cl\u00e1sico de Granada | festival, cl\u00e1sico, pel\u00edcula, granada | INMSOL","description":"El m\u00e1s importante festival internacional de cine cl\u00e1sico, situado en Granada, en su VI edici\u00f3n, con las proyecciones de la mayor\u00eda de las obras m\u00e1s notables de los artistas m\u00e1s famosos","robots":{"index":"index","follow":"follow","max-snippet":"max-snippet:-1","max-image-preview":"max-image-preview:large","max-video-preview":"max-video-preview:-1"},"canonical":"https:\/\/www.inmsol.com\/es\/blog-escuela\/eventos-granada\/retroback-festival-internacional-de-cine-clasico-de-granada\/","og_locale":"es_ES","og_type":"article","og_title":"Retroback : Festival Internacional de cine cl\u00e1sico de Granada | festival, cl\u00e1sico, pel\u00edcula, granada | INMSOL","og_description":"El m\u00e1s importante festival internacional de cine cl\u00e1sico, situado en Granada, en su VI edici\u00f3n, con las proyecciones de la mayor\u00eda de las obras m\u00e1s notables de los artistas m\u00e1s famosos","og_url":"https:\/\/www.inmsol.com\/es\/blog-escuela\/eventos-granada\/retroback-festival-internacional-de-cine-clasico-de-granada\/","og_site_name":"iNMSOL","article_publisher":"https:\/\/www.facebook.com\/spanishcourses","article_published_time":"2014-02-24T11:41:02+00:00","article_modified_time":"2019-04-23T21:20:03+00:00","og_image":[{"width":320,"height":154,"url":"https:\/\/www.inmsol.com\/wp-content\/uploads\/2019\/08\/logo-inmsol.png","type":"image\/png"}],"author":"Javier Torres","twitter_misc":{"Escrito por":"Javier Torres","Tiempo de lectura":"2 minutos"},"schema":{"@context":"https:\/\/schema.org","@graph":[{"@type":"Article","@id":"https:\/\/www.inmsol.com\/es\/blog-escuela\/eventos-granada\/retroback-festival-internacional-de-cine-clasico-de-granada\/#article","isPartOf":{"@id":"https:\/\/www.inmsol.com\/es\/blog-escuela\/eventos-granada\/retroback-festival-internacional-de-cine-clasico-de-granada\/"},"author":{"name":"Javier Torres","@id":"https:\/\/www.inmsol.com\/es\/#\/schema\/person\/18f18acd0397ef441e373e79ec3eb6ea"},"headline":"Retroback: Festival Internacional de cine cl\u00e1sico de Granada","datePublished":"2014-02-24T11:41:02+00:00","dateModified":"2019-04-23T21:20:03+00:00","mainEntityOfPage":{"@id":"https:\/\/www.inmsol.com\/es\/blog-escuela\/eventos-granada\/retroback-festival-internacional-de-cine-clasico-de-granada\/"},"wordCount":502,"publisher":{"@id":"https:\/\/www.inmsol.com\/es\/#organization"},"articleSection":["Eventos en Granada"],"inLanguage":"es"},{"@type":"WebPage","@id":"https:\/\/www.inmsol.com\/es\/blog-escuela\/eventos-granada\/retroback-festival-internacional-de-cine-clasico-de-granada\/","url":"https:\/\/www.inmsol.com\/es\/blog-escuela\/eventos-granada\/retroback-festival-internacional-de-cine-clasico-de-granada\/","name":"Retroback : Festival Internacional de cine cl\u00e1sico de Granada | festival, cl\u00e1sico, pel\u00edcula, granada | INMSOL","isPartOf":{"@id":"https:\/\/www.inmsol.com\/es\/#website"},"datePublished":"2014-02-24T11:41:02+00:00","dateModified":"2019-04-23T21:20:03+00:00","description":"El m\u00e1s importante festival internacional de cine cl\u00e1sico, situado en Granada, en su VI edici\u00f3n, con las proyecciones de la mayor\u00eda de las obras m\u00e1s notables de los artistas m\u00e1s famosos","breadcrumb":{"@id":"https:\/\/www.inmsol.com\/es\/blog-escuela\/eventos-granada\/retroback-festival-internacional-de-cine-clasico-de-granada\/#breadcrumb"},"inLanguage":"es","potentialAction":[{"@type":"ReadAction","target":["https:\/\/www.inmsol.com\/es\/blog-escuela\/eventos-granada\/retroback-festival-internacional-de-cine-clasico-de-granada\/"]}]},{"@type":"BreadcrumbList","@id":"https:\/\/www.inmsol.com\/es\/blog-escuela\/eventos-granada\/retroback-festival-internacional-de-cine-clasico-de-granada\/#breadcrumb","itemListElement":[{"@type":"ListItem","position":1,"name":"Accredited Center by Instituto Cervantes","item":"https:\/\/www.inmsol.com\/es\/pagina-ejemplo\/"},{"@type":"ListItem","position":2,"name":"Blog Escuela Espa\u00f1ol","item":"https:\/\/www.inmsol.com\/es\/category\/blog-escuela\/"},{"@type":"ListItem","position":3,"name":"Eventos en Granada","item":"https:\/\/www.inmsol.com\/es\/category\/blog-escuela\/eventos-granada\/"},{"@type":"ListItem","position":4,"name":"Retroback: Festival Internacional de cine cl\u00e1sico de Granada"}]},{"@type":"WebSite","@id":"https:\/\/www.inmsol.com\/es\/#website","url":"https:\/\/www.inmsol.com\/es\/","name":"iNMSOL","description":"Aprenda Espa\u00f1ol con iNMSOL en Granada | Centro Acreditado por el Instituto Cervantes","publisher":{"@id":"https:\/\/www.inmsol.com\/es\/#organization"},"potentialAction":[{"@type":"SearchAction","target":{"@type":"EntryPoint","urlTemplate":"https:\/\/www.inmsol.com\/es\/?s={search_term_string}"},"query-input":{"@type":"PropertyValueSpecification","valueRequired":true,"valueName":"search_term_string"}}],"inLanguage":"es"},{"@type":"Organization","@id":"https:\/\/www.inmsol.com\/es\/#organization","name":"Instituto Mediterr\u00e1neo Sol","url":"https:\/\/www.inmsol.com\/es\/","logo":{"@type":"ImageObject","inLanguage":"es","@id":"https:\/\/www.inmsol.com\/es\/#\/schema\/logo\/image\/","url":"https:\/\/www.inmsol.com\/wp-content\/uploads\/2023\/06\/logo-inmsol-1.png","contentUrl":"https:\/\/www.inmsol.com\/wp-content\/uploads\/2023\/06\/logo-inmsol-1.png","width":136,"height":73,"caption":"Instituto Mediterr\u00e1neo Sol"},"image":{"@id":"https:\/\/www.inmsol.com\/es\/#\/schema\/logo\/image\/"},"sameAs":["https:\/\/www.facebook.com\/spanishcourses","https:\/\/x.com\/StudyInGranada","http:\/\/instagram.com\/imsolgranada","https:\/\/es.linkedin.com\/company\/imsol-granada","https:\/\/www.pinterest.es\/inmsol\/","https:\/\/www.youtube.com\/channel\/UChz-Qn_7coFMosY85iYMO4g"]},{"@type":"Person","@id":"https:\/\/www.inmsol.com\/es\/#\/schema\/person\/18f18acd0397ef441e373e79ec3eb6ea","name":"Javier Torres","image":{"@type":"ImageObject","inLanguage":"es","@id":"https:\/\/secure.gravatar.com\/avatar\/90afa2d6499550218d247408758082af566e5ec3641e1b8eac0d7bb889344a55?s=96&d=mm&r=g","url":"https:\/\/secure.gravatar.com\/avatar\/90afa2d6499550218d247408758082af566e5ec3641e1b8eac0d7bb889344a55?s=96&d=mm&r=g","contentUrl":"https:\/\/secure.gravatar.com\/avatar\/90afa2d6499550218d247408758082af566e5ec3641e1b8eac0d7bb889344a55?s=96&d=mm&r=g","caption":"Javier Torres"},"url":"https:\/\/www.inmsol.com\/es\/author\/javier\/"}]}},"_links":{"self":[{"href":"https:\/\/www.inmsol.com\/es\/wp-json\/wp\/v2\/posts\/1338","targetHints":{"allow":["GET"]}}],"collection":[{"href":"https:\/\/www.inmsol.com\/es\/wp-json\/wp\/v2\/posts"}],"about":[{"href":"https:\/\/www.inmsol.com\/es\/wp-json\/wp\/v2\/types\/post"}],"author":[{"embeddable":true,"href":"https:\/\/www.inmsol.com\/es\/wp-json\/wp\/v2\/users\/2"}],"replies":[{"embeddable":true,"href":"https:\/\/www.inmsol.com\/es\/wp-json\/wp\/v2\/comments?post=1338"}],"version-history":[{"count":0,"href":"https:\/\/www.inmsol.com\/es\/wp-json\/wp\/v2\/posts\/1338\/revisions"}],"wp:attachment":[{"href":"https:\/\/www.inmsol.com\/es\/wp-json\/wp\/v2\/media?parent=1338"}],"wp:term":[{"taxonomy":"category","embeddable":true,"href":"https:\/\/www.inmsol.com\/es\/wp-json\/wp\/v2\/categories?post=1338"},{"taxonomy":"post_tag","embeddable":true,"href":"https:\/\/www.inmsol.com\/es\/wp-json\/wp\/v2\/tags?post=1338"}],"curies":[{"name":"wp","href":"https:\/\/api.w.org\/{rel}","templated":true}]}}