{"id":1362,"date":"2014-03-14T12:10:17","date_gmt":"2014-03-14T11:10:17","guid":{"rendered":"https:\/\/www.inmsol.com\/"},"modified":"2019-04-23T23:15:19","modified_gmt":"2019-04-23T21:15:19","slug":"club-dumas-arturo-perez-reverte","status":"publish","type":"post","link":"https:\/\/www.inmsol.com\/es\/blog-escuela\/cultura-literatura-historia-espana-es\/club-dumas-arturo-perez-reverte\/","title":{"rendered":"Rese\u00f1a literaria: \u00abEl club Dumas\u00bb (Arturo P\u00e9rez-Reverte)"},"content":{"rendered":"<div style=\"line-height: 21.299999237060547px; color: #444444; font-family: Calibri, sans-serif; font-size: 15px;\">\n<div><span style=\"line-height: normal; font-family: 'Times New Roman', serif; font-size: medium;\"><span style=\"line-height: 22.719999313354492px; font-size: 12pt;\"><span style=\"line-height: normal; font-family: Calibri, sans-serif;\">Hoy vamos a hablar de un libro muy interesante de trama tipo \u00abthriller\u00bb:\u00a0<\/span><span style=\"line-height: normal; font-family: Calibri, sans-serif;\"><b style=\"line-height: 22.719999313354492px;\">\u00abEl club Dumas<\/b><\/span><span style=\"line-height: normal; font-family: Calibri, sans-serif;\">\u00bb de<\/span><span style=\"line-height: normal; font-family: Calibri, sans-serif;\"><b style=\"line-height: 22.719999313354492px;\">Arturo P\u00e9rez-Reverte<\/b><\/span><span style=\"line-height: normal; font-family: Calibri, sans-serif;\">, un escritor y periodista espa\u00f1ol,\u00a0<\/span><span style=\"line-height: normal; font-family: Calibri, sans-serif;\"><b style=\"line-height: 22.719999313354492px;\">miembro<\/b><\/span><span style=\"line-height: normal; font-family: Calibri, sans-serif;\">\u00a0de la\u00a0<\/span><span style=\"line-height: normal; font-family: Calibri, sans-serif;\"><b style=\"line-height: 22.719999313354492px;\">Real Academia Espa\u00f1ola<\/b><\/span><span style=\"line-height: normal; font-family: Calibri, sans-serif;\">\u00a0desde 2003. \u00c9l escribi\u00f3 este libro en\u00a0<\/span><span style=\"line-height: normal; font-family: Calibri, sans-serif;\"><b style=\"line-height: 22.719999313354492px;\">1993<\/b><\/span><span style=\"line-height: normal; font-family: Calibri, sans-serif;\">\u00a0y en \u00e9l se concentran misterio, aventura e intriga, que os aconsejo leer, aunque no sea un libro \u00abnuevo\u00bb y probablemente no muy conocido, pero su historia seguro os capturar\u00e1 totalmente.<\/span><\/span><\/span><\/div>\n<\/div>\n<div style=\"line-height: 21.299999237060547px; color: #444444; font-family: Calibri, sans-serif; font-size: 15px;\"><span style=\"line-height: normal; font-family: 'Times New Roman', serif; font-size: medium;\"><span style=\"line-height: 22.719999313354492px; font-size: 12pt;\"><span style=\"line-height: normal; font-family: Calibri, sans-serif;\">De todas formas, para no perdernos en charlas, empezamos a leer un pedacito de su trama (justo un poco para que no se arruine la sorpresa), para daros cuenta del argumento de la novela.<\/span><\/span><\/span><\/div>\n<div style=\"line-height: 21.299999237060547px; color: #444444; font-family: Calibri, sans-serif; font-size: 15px;\">\n<div><\/div>\n<div><em><span style=\"line-height: normal; font-family: 'Times New Roman', serif; font-size: medium;\"><span style=\"line-height: 22.719999313354492px; font-size: 12pt;\"><span style=\"line-height: normal; font-family: Calibri, sans-serif;\">\u00abUn importante coleccionista espa\u00f1ol, Enrique Taillefer, le encarga al amigo del protagonista<\/span><span style=\"line-height: normal; font-family: Calibri, sans-serif;\"><b style=\"line-height: 22.719999313354492px;\">Lucas Corso<\/b><\/span><span style=\"line-height: normal; font-family: Calibri, sans-serif;\">, Flavio La Ponte, la venta del manuscrito de\u00a0<\/span><span style=\"line-height: normal; font-family: Calibri, sans-serif;\"><b style=\"line-height: 22.719999313354492px;\">El vino de Anjou<\/b><\/span><span style=\"line-height: normal; font-family: Calibri, sans-serif;\">. Se lo encuentra muerto, por lo que queda comprobar si es o no el original de Dumas.<\/span><\/span><\/span><\/em><\/div>\n<\/div>\n<div style=\"line-height: 21.299999237060547px; color: #444444; font-family: Calibri, sans-serif; font-size: 15px;\">\n<div><em><span style=\"line-height: normal; font-family: 'Times New Roman', serif; font-size: medium;\"><span style=\"line-height: 22.719999313354492px; font-size: 12pt;\"><span style=\"line-height: normal; font-family: Calibri, sans-serif;\">Como caso paralelo,\u00a0<\/span><span style=\"line-height: normal; font-family: Calibri, sans-serif;\"><b style=\"line-height: 22.719999313354492px;\">Varo Borja<\/b><\/span><span style=\"line-height: normal; font-family: Calibri, sans-serif;\">, un exc\u00e9ntrico coleccionista de libros, le ha encargado a Corso encontrar las dos \u00faltimas copias del libro llamado\u00a0<\/span><span style=\"line-height: normal; font-family: Calibri, sans-serif;\"><b style=\"line-height: 22.719999313354492px;\">\u00a0Las nueve puertas<\/b><\/span><span style=\"line-height: normal; font-family: Calibri, sans-serif;\">, cuyo protagonista es el diablo.<\/span><\/span><\/span><\/em><\/div>\n<\/div>\n<div style=\"line-height: 21.299999237060547px; color: #444444; font-family: Calibri, sans-serif; font-size: 15px;\">\n<div><em><span style=\"line-height: normal; font-family: 'Times New Roman', serif; font-size: medium;\"><span style=\"line-height: 22.719999313354492px; font-size: 12pt;\"><span style=\"line-height: normal; font-family: Calibri, sans-serif;\">A lo largo del libro, Corso tendr\u00e1 que aclarar qu\u00e9 relaciones existen entre Los tres mosqueteros y el diablo, encontr\u00e1ndose con personajes literarios, como una seductora Milady, un peligroso Rochefort y la extra\u00f1a aparici\u00f3n de<\/span><span style=\"line-height: normal; font-family: Calibri, sans-serif;\"><b style=\"line-height: 22.719999313354492px;\">\u00a0Irene Adler<\/b><\/span><span style=\"line-height: normal; font-family: Calibri, sans-serif;\">\u00ab.<\/span><\/span><\/span><\/em><\/div>\n<\/div>\n<div style=\"line-height: 21.299999237060547px; color: #444444; font-family: Calibri, sans-serif; font-size: 15px;\"><span style=\"line-height: normal; font-family: 'Times New Roman', serif; font-size: medium;\"><span style=\"line-height: 22.719999313354492px; font-size: 12pt;\"><span style=\"line-height: normal; font-family: Calibri, sans-serif;\">\u00a0<\/span><\/span><\/span><\/div>\n<div style=\"line-height: 21.299999237060547px; color: #444444; font-family: Calibri, sans-serif; font-size: 15px;\"><span style=\"line-height: normal; font-family: 'Times New Roman', serif; font-size: medium;\"><span style=\"line-height: 22.719999313354492px; font-size: 12pt;\"><span style=\"line-height: normal; font-family: Calibri, sans-serif;\">Echemos tambi\u00e9n un vistazo a los dos personajes principales que encontramos a lo largo de la historia:<\/span><\/span><\/span><\/div>\n<div style=\"line-height: 21.299999237060547px; color: #444444; font-family: Calibri, sans-serif; font-size: 15px;\">\n<ul style=\"margin: 0px 0px 20px 1em; padding-right: 0px; padding-left: 1em;\">\n<li style=\"margin: 0px 0px 3px;\"><span style=\"line-height: normal; font-family: 'Times New Roman', serif; font-size: medium;\"><span style=\"line-height: 22.719999313354492px; font-size: 12pt;\"><span style=\"line-height: normal; font-family: Calibri, sans-serif;\"><b style=\"line-height: 22.719999313354492px;\">Lucas Corso<\/b><\/span><span style=\"line-height: normal; font-family: Calibri, sans-serif;\">\u00a0ha cumplido\u00a0<\/span><span style=\"line-height: normal; font-family: Calibri, sans-serif;\"><b style=\"line-height: 22.719999313354492px;\">45 a\u00f1os<\/b><\/span><span style=\"line-height: normal; font-family: Calibri, sans-serif;\">, tiene buenos reflejos y paciencia. Es obstinado, tiene muy buena memoria, y es muy profesional en su trabajo. Es delgado, cuenta con facciones afiladas y angulosas. Usa lentes de montura de acero torcido, lleva siempre unos zapatos Oxford sin lustrar y una bolsa de lona al hombro donde lleva todo lo necesario para salir de viaje en busca de alguna rara edici\u00f3n si la ocasi\u00f3n lo requiere.<\/span><\/span><\/span><\/li>\n<li style=\"margin: 0px 0px 3px;\"><span style=\"line-height: normal; font-family: 'Times New Roman', serif; font-size: medium;\"><span style=\"line-height: 22.719999313354492px; font-size: 12pt;\"><span style=\"line-height: normal; font-family: Calibri, sans-serif;\"><b style=\"line-height: 22.719999313354492px;\">Irene Adler<\/b><\/span><span style=\"line-height: normal; font-family: Calibri, sans-serif;\">\u00a0es una chica misteriosa que Corso conoce en una reuni\u00f3n con Boris Balkan, quien m\u00e1s tarde se convierte en su\u00a0<\/span><span style=\"line-height: normal; font-family: Calibri, sans-serif;\"><b style=\"line-height: 22.719999313354492px;\">compa\u00f1era de viaje y amante<\/b><\/span><span style=\"line-height: normal; font-family: Calibri, sans-serif;\">. Es una joven de aproximadamente\u00a0<\/span><span style=\"line-height: normal; font-family: Calibri, sans-serif;\"><b style=\"line-height: 22.719999313354492px;\">19 a\u00f1os<\/b><\/span><span style=\"line-height: normal; font-family: Calibri, sans-serif;\">, muy guapa y atractiva, de ojos verdes claros, pelo casta\u00f1o y corto, sin aretes ni collares ni ning\u00fan adorno para el cuerpo.<\/span><\/span><\/span><\/li>\n<\/ul>\n<\/div>\n<div style=\"line-height: 21.299999237060547px; color: #444444; font-family: Calibri, sans-serif; font-size: 15px;\">\n<div><span style=\"line-height: normal; font-family: 'Times New Roman', serif; font-size: medium;\"><span style=\"line-height: 22.719999313354492px; font-size: 12pt;\"><span style=\"line-height: normal; font-family: Calibri, sans-serif;\">A partir de este libro, en\u00a0<\/span><span style=\"line-height: normal; font-family: Calibri, sans-serif;\"><b style=\"line-height: 22.719999313354492px;\">1999<\/b><\/span><span style=\"line-height: normal; font-family: Calibri, sans-serif;\">\u00a0fue rodada la pel\u00edcula \u00ab<\/span><span style=\"line-height: normal; font-family: Calibri, sans-serif;\"><b style=\"line-height: 22.719999313354492px;\">La novena puerta<\/b><\/span><span style=\"line-height: normal; font-family: Calibri, sans-serif;\">\u00bb de\u00a0<\/span><span style=\"line-height: normal; font-family: Calibri, sans-serif;\"><b style=\"line-height: 22.719999313354492px;\">Roman Polanski<\/b><\/span><span style=\"line-height: normal; font-family: Calibri, sans-serif;\">,(con\u00a0<\/span><span style=\"line-height: normal; font-family: Calibri, sans-serif;\"><b style=\"line-height: 22.719999313354492px;\">Johnny Depp<\/b><\/span><span style=\"line-height: normal; font-family: Calibri, sans-serif;\">\u00a0como actor principal) respetando los mismos protagonistas y el mismo hilo conductor, aunque se centra m\u00e1s en el tema del diablo.<\/span><\/span><\/span><\/div>\n<\/div>\n<p>&nbsp;<\/p>\n","protected":false},"excerpt":{"rendered":"<p>Hoy vamos a hablar de un libro muy interesante de trama tipo \u00abthriller\u00bb:\u00a0\u00abEl club Dumas\u00bb deArturo P\u00e9rez-Reverte, un escritor y periodista espa\u00f1ol,\u00a0miembro\u00a0de la\u00a0Real Academia Espa\u00f1ola\u00a0desde 2003. \u00c9l escribi\u00f3 este libro en\u00a01993\u00a0y en \u00e9l se concentran misterio, aventura e intriga, que os aconsejo leer, aunque no&#8230;<\/p>\n","protected":false},"author":2,"featured_media":8934,"comment_status":"closed","ping_status":"closed","sticky":false,"template":"","format":"standard","meta":{"_acf_changed":false,"footnotes":""},"categories":[83],"tags":[],"class_list":["post-1362","post","type-post","status-publish","format-standard","has-post-thumbnail","hentry","category-cultura-literatura-historia-espana-es"],"acf":[],"yoast_head":"<!-- This site is optimized with the Yoast SEO plugin v27.5 - https:\/\/yoast.com\/product\/yoast-seo-wordpress\/ -->\n<title>Rese\u00f1a literaria: &quot;El club Dumas&quot; (Arturo Per\u00e9z-Reverte) | INMSOL<\/title>\n<meta name=\"description\" content=\"Un libro cautivador, una historia atractiva: hablamos del libro de Arturo P\u00e9rez-Reverte, que inspir\u00f3 una pel\u00edcula de Roman Polanski: El Club Dumas\" \/>\n<meta name=\"robots\" content=\"index, follow, max-snippet:-1, max-image-preview:large, max-video-preview:-1\" \/>\n<link rel=\"canonical\" href=\"https:\/\/www.inmsol.com\/es\/blog-escuela\/cultura-literatura-historia-espana-es\/club-dumas-arturo-perez-reverte\/\" \/>\n<meta property=\"og:locale\" content=\"es_ES\" \/>\n<meta property=\"og:type\" content=\"article\" \/>\n<meta property=\"og:title\" content=\"Rese\u00f1a literaria: &quot;El club Dumas&quot; (Arturo Per\u00e9z-Reverte) | INMSOL\" \/>\n<meta property=\"og:description\" content=\"Un libro cautivador, una historia atractiva: hablamos del libro de Arturo P\u00e9rez-Reverte, que inspir\u00f3 una pel\u00edcula de Roman Polanski: El Club Dumas\" \/>\n<meta property=\"og:url\" content=\"https:\/\/www.inmsol.com\/es\/blog-escuela\/cultura-literatura-historia-espana-es\/club-dumas-arturo-perez-reverte\/\" \/>\n<meta property=\"og:site_name\" content=\"iNMSOL\" \/>\n<meta property=\"article:publisher\" content=\"https:\/\/www.facebook.com\/spanishcourses\" \/>\n<meta property=\"article:published_time\" content=\"2014-03-14T11:10:17+00:00\" \/>\n<meta property=\"article:modified_time\" content=\"2019-04-23T21:15:19+00:00\" \/>\n<meta property=\"og:image\" content=\"https:\/\/www.inmsol.com\/wp-content\/uploads\/2014\/03\/dsc_8911-copy.jpg\" \/>\n\t<meta property=\"og:image:width\" content=\"1024\" \/>\n\t<meta property=\"og:image:height\" content=\"687\" \/>\n\t<meta property=\"og:image:type\" content=\"image\/jpeg\" \/>\n<meta name=\"author\" content=\"Javier Torres\" \/>\n<meta name=\"twitter:label1\" content=\"Escrito por\" \/>\n\t<meta name=\"twitter:data1\" content=\"Javier Torres\" \/>\n\t<meta name=\"twitter:label2\" content=\"Tiempo de lectura\" \/>\n\t<meta name=\"twitter:data2\" content=\"2 minutos\" \/>\n<script type=\"application\/ld+json\" class=\"yoast-schema-graph\">{\"@context\":\"https:\\\/\\\/schema.org\",\"@graph\":[{\"@type\":\"Article\",\"@id\":\"https:\\\/\\\/www.inmsol.com\\\/es\\\/blog-escuela\\\/cultura-literatura-historia-espana-es\\\/club-dumas-arturo-perez-reverte\\\/#article\",\"isPartOf\":{\"@id\":\"https:\\\/\\\/www.inmsol.com\\\/es\\\/blog-escuela\\\/cultura-literatura-historia-espana-es\\\/club-dumas-arturo-perez-reverte\\\/\"},\"author\":{\"name\":\"Javier Torres\",\"@id\":\"https:\\\/\\\/www.inmsol.com\\\/es\\\/#\\\/schema\\\/person\\\/18f18acd0397ef441e373e79ec3eb6ea\"},\"headline\":\"Rese\u00f1a literaria: \u00abEl club Dumas\u00bb (Arturo P\u00e9rez-Reverte)\",\"datePublished\":\"2014-03-14T11:10:17+00:00\",\"dateModified\":\"2019-04-23T21:15:19+00:00\",\"mainEntityOfPage\":{\"@id\":\"https:\\\/\\\/www.inmsol.com\\\/es\\\/blog-escuela\\\/cultura-literatura-historia-espana-es\\\/club-dumas-arturo-perez-reverte\\\/\"},\"wordCount\":426,\"publisher\":{\"@id\":\"https:\\\/\\\/www.inmsol.com\\\/es\\\/#organization\"},\"image\":{\"@id\":\"https:\\\/\\\/www.inmsol.com\\\/es\\\/blog-escuela\\\/cultura-literatura-historia-espana-es\\\/club-dumas-arturo-perez-reverte\\\/#primaryimage\"},\"thumbnailUrl\":\"https:\\\/\\\/www.inmsol.com\\\/wp-content\\\/uploads\\\/2014\\\/03\\\/dsc_8911-copy.jpg\",\"articleSection\":[\"Cultura, Literatura e Historia de Espa\u00f1a e Hispanoam\u00e9rica\"],\"inLanguage\":\"es\"},{\"@type\":\"WebPage\",\"@id\":\"https:\\\/\\\/www.inmsol.com\\\/es\\\/blog-escuela\\\/cultura-literatura-historia-espana-es\\\/club-dumas-arturo-perez-reverte\\\/\",\"url\":\"https:\\\/\\\/www.inmsol.com\\\/es\\\/blog-escuela\\\/cultura-literatura-historia-espana-es\\\/club-dumas-arturo-perez-reverte\\\/\",\"name\":\"Rese\u00f1a literaria: \\\"El club Dumas\\\" (Arturo Per\u00e9z-Reverte) | INMSOL\",\"isPartOf\":{\"@id\":\"https:\\\/\\\/www.inmsol.com\\\/es\\\/#website\"},\"primaryImageOfPage\":{\"@id\":\"https:\\\/\\\/www.inmsol.com\\\/es\\\/blog-escuela\\\/cultura-literatura-historia-espana-es\\\/club-dumas-arturo-perez-reverte\\\/#primaryimage\"},\"image\":{\"@id\":\"https:\\\/\\\/www.inmsol.com\\\/es\\\/blog-escuela\\\/cultura-literatura-historia-espana-es\\\/club-dumas-arturo-perez-reverte\\\/#primaryimage\"},\"thumbnailUrl\":\"https:\\\/\\\/www.inmsol.com\\\/wp-content\\\/uploads\\\/2014\\\/03\\\/dsc_8911-copy.jpg\",\"datePublished\":\"2014-03-14T11:10:17+00:00\",\"dateModified\":\"2019-04-23T21:15:19+00:00\",\"description\":\"Un libro cautivador, una historia atractiva: hablamos del libro de Arturo P\u00e9rez-Reverte, que inspir\u00f3 una pel\u00edcula de Roman Polanski: El Club Dumas\",\"breadcrumb\":{\"@id\":\"https:\\\/\\\/www.inmsol.com\\\/es\\\/blog-escuela\\\/cultura-literatura-historia-espana-es\\\/club-dumas-arturo-perez-reverte\\\/#breadcrumb\"},\"inLanguage\":\"es\",\"potentialAction\":[{\"@type\":\"ReadAction\",\"target\":[\"https:\\\/\\\/www.inmsol.com\\\/es\\\/blog-escuela\\\/cultura-literatura-historia-espana-es\\\/club-dumas-arturo-perez-reverte\\\/\"]}]},{\"@type\":\"ImageObject\",\"inLanguage\":\"es\",\"@id\":\"https:\\\/\\\/www.inmsol.com\\\/es\\\/blog-escuela\\\/cultura-literatura-historia-espana-es\\\/club-dumas-arturo-perez-reverte\\\/#primaryimage\",\"url\":\"https:\\\/\\\/www.inmsol.com\\\/wp-content\\\/uploads\\\/2014\\\/03\\\/dsc_8911-copy.jpg\",\"contentUrl\":\"https:\\\/\\\/www.inmsol.com\\\/wp-content\\\/uploads\\\/2014\\\/03\\\/dsc_8911-copy.jpg\",\"width\":1024,\"height\":687},{\"@type\":\"BreadcrumbList\",\"@id\":\"https:\\\/\\\/www.inmsol.com\\\/es\\\/blog-escuela\\\/cultura-literatura-historia-espana-es\\\/club-dumas-arturo-perez-reverte\\\/#breadcrumb\",\"itemListElement\":[{\"@type\":\"ListItem\",\"position\":1,\"name\":\"Accredited Center by Instituto Cervantes\",\"item\":\"https:\\\/\\\/www.inmsol.com\\\/es\\\/pagina-ejemplo\\\/\"},{\"@type\":\"ListItem\",\"position\":2,\"name\":\"Blog Escuela Espa\u00f1ol\",\"item\":\"https:\\\/\\\/www.inmsol.com\\\/es\\\/category\\\/blog-escuela\\\/\"},{\"@type\":\"ListItem\",\"position\":3,\"name\":\"Cultura, Literatura e Historia de Espa\u00f1a e Hispanoam\u00e9rica\",\"item\":\"https:\\\/\\\/www.inmsol.com\\\/es\\\/category\\\/blog-escuela\\\/cultura-literatura-historia-espana-es\\\/\"},{\"@type\":\"ListItem\",\"position\":4,\"name\":\"Rese\u00f1a literaria: \u00abEl club Dumas\u00bb (Arturo P\u00e9rez-Reverte)\"}]},{\"@type\":\"WebSite\",\"@id\":\"https:\\\/\\\/www.inmsol.com\\\/es\\\/#website\",\"url\":\"https:\\\/\\\/www.inmsol.com\\\/es\\\/\",\"name\":\"iNMSOL\",\"description\":\"Aprenda Espa\u00f1ol con iNMSOL en Granada | Centro Acreditado por el Instituto Cervantes\",\"publisher\":{\"@id\":\"https:\\\/\\\/www.inmsol.com\\\/es\\\/#organization\"},\"potentialAction\":[{\"@type\":\"SearchAction\",\"target\":{\"@type\":\"EntryPoint\",\"urlTemplate\":\"https:\\\/\\\/www.inmsol.com\\\/es\\\/?s={search_term_string}\"},\"query-input\":{\"@type\":\"PropertyValueSpecification\",\"valueRequired\":true,\"valueName\":\"search_term_string\"}}],\"inLanguage\":\"es\"},{\"@type\":\"Organization\",\"@id\":\"https:\\\/\\\/www.inmsol.com\\\/es\\\/#organization\",\"name\":\"Instituto Mediterr\u00e1neo Sol\",\"url\":\"https:\\\/\\\/www.inmsol.com\\\/es\\\/\",\"logo\":{\"@type\":\"ImageObject\",\"inLanguage\":\"es\",\"@id\":\"https:\\\/\\\/www.inmsol.com\\\/es\\\/#\\\/schema\\\/logo\\\/image\\\/\",\"url\":\"https:\\\/\\\/www.inmsol.com\\\/wp-content\\\/uploads\\\/2023\\\/06\\\/logo-inmsol-1.png\",\"contentUrl\":\"https:\\\/\\\/www.inmsol.com\\\/wp-content\\\/uploads\\\/2023\\\/06\\\/logo-inmsol-1.png\",\"width\":136,\"height\":73,\"caption\":\"Instituto Mediterr\u00e1neo Sol\"},\"image\":{\"@id\":\"https:\\\/\\\/www.inmsol.com\\\/es\\\/#\\\/schema\\\/logo\\\/image\\\/\"},\"sameAs\":[\"https:\\\/\\\/www.facebook.com\\\/spanishcourses\",\"https:\\\/\\\/x.com\\\/StudyInGranada\",\"http:\\\/\\\/instagram.com\\\/imsolgranada\",\"https:\\\/\\\/es.linkedin.com\\\/company\\\/imsol-granada\",\"https:\\\/\\\/www.pinterest.es\\\/inmsol\\\/\",\"https:\\\/\\\/www.youtube.com\\\/channel\\\/UChz-Qn_7coFMosY85iYMO4g\"]},{\"@type\":\"Person\",\"@id\":\"https:\\\/\\\/www.inmsol.com\\\/es\\\/#\\\/schema\\\/person\\\/18f18acd0397ef441e373e79ec3eb6ea\",\"name\":\"Javier Torres\",\"image\":{\"@type\":\"ImageObject\",\"inLanguage\":\"es\",\"@id\":\"https:\\\/\\\/secure.gravatar.com\\\/avatar\\\/90afa2d6499550218d247408758082af566e5ec3641e1b8eac0d7bb889344a55?s=96&d=mm&r=g\",\"url\":\"https:\\\/\\\/secure.gravatar.com\\\/avatar\\\/90afa2d6499550218d247408758082af566e5ec3641e1b8eac0d7bb889344a55?s=96&d=mm&r=g\",\"contentUrl\":\"https:\\\/\\\/secure.gravatar.com\\\/avatar\\\/90afa2d6499550218d247408758082af566e5ec3641e1b8eac0d7bb889344a55?s=96&d=mm&r=g\",\"caption\":\"Javier Torres\"},\"url\":\"https:\\\/\\\/www.inmsol.com\\\/es\\\/author\\\/javier\\\/\"}]}<\/script>\n<!-- \/ Yoast SEO plugin. -->","yoast_head_json":{"title":"Rese\u00f1a literaria: \"El club Dumas\" (Arturo Per\u00e9z-Reverte) | INMSOL","description":"Un libro cautivador, una historia atractiva: hablamos del libro de Arturo P\u00e9rez-Reverte, que inspir\u00f3 una pel\u00edcula de Roman Polanski: El Club Dumas","robots":{"index":"index","follow":"follow","max-snippet":"max-snippet:-1","max-image-preview":"max-image-preview:large","max-video-preview":"max-video-preview:-1"},"canonical":"https:\/\/www.inmsol.com\/es\/blog-escuela\/cultura-literatura-historia-espana-es\/club-dumas-arturo-perez-reverte\/","og_locale":"es_ES","og_type":"article","og_title":"Rese\u00f1a literaria: \"El club Dumas\" (Arturo Per\u00e9z-Reverte) | INMSOL","og_description":"Un libro cautivador, una historia atractiva: hablamos del libro de Arturo P\u00e9rez-Reverte, que inspir\u00f3 una pel\u00edcula de Roman Polanski: El Club Dumas","og_url":"https:\/\/www.inmsol.com\/es\/blog-escuela\/cultura-literatura-historia-espana-es\/club-dumas-arturo-perez-reverte\/","og_site_name":"iNMSOL","article_publisher":"https:\/\/www.facebook.com\/spanishcourses","article_published_time":"2014-03-14T11:10:17+00:00","article_modified_time":"2019-04-23T21:15:19+00:00","og_image":[{"width":1024,"height":687,"url":"https:\/\/www.inmsol.com\/wp-content\/uploads\/2014\/03\/dsc_8911-copy.jpg","type":"image\/jpeg"}],"author":"Javier Torres","twitter_misc":{"Escrito por":"Javier Torres","Tiempo de lectura":"2 minutos"},"schema":{"@context":"https:\/\/schema.org","@graph":[{"@type":"Article","@id":"https:\/\/www.inmsol.com\/es\/blog-escuela\/cultura-literatura-historia-espana-es\/club-dumas-arturo-perez-reverte\/#article","isPartOf":{"@id":"https:\/\/www.inmsol.com\/es\/blog-escuela\/cultura-literatura-historia-espana-es\/club-dumas-arturo-perez-reverte\/"},"author":{"name":"Javier Torres","@id":"https:\/\/www.inmsol.com\/es\/#\/schema\/person\/18f18acd0397ef441e373e79ec3eb6ea"},"headline":"Rese\u00f1a literaria: \u00abEl club Dumas\u00bb (Arturo P\u00e9rez-Reverte)","datePublished":"2014-03-14T11:10:17+00:00","dateModified":"2019-04-23T21:15:19+00:00","mainEntityOfPage":{"@id":"https:\/\/www.inmsol.com\/es\/blog-escuela\/cultura-literatura-historia-espana-es\/club-dumas-arturo-perez-reverte\/"},"wordCount":426,"publisher":{"@id":"https:\/\/www.inmsol.com\/es\/#organization"},"image":{"@id":"https:\/\/www.inmsol.com\/es\/blog-escuela\/cultura-literatura-historia-espana-es\/club-dumas-arturo-perez-reverte\/#primaryimage"},"thumbnailUrl":"https:\/\/www.inmsol.com\/wp-content\/uploads\/2014\/03\/dsc_8911-copy.jpg","articleSection":["Cultura, Literatura e Historia de Espa\u00f1a e Hispanoam\u00e9rica"],"inLanguage":"es"},{"@type":"WebPage","@id":"https:\/\/www.inmsol.com\/es\/blog-escuela\/cultura-literatura-historia-espana-es\/club-dumas-arturo-perez-reverte\/","url":"https:\/\/www.inmsol.com\/es\/blog-escuela\/cultura-literatura-historia-espana-es\/club-dumas-arturo-perez-reverte\/","name":"Rese\u00f1a literaria: \"El club Dumas\" (Arturo Per\u00e9z-Reverte) | INMSOL","isPartOf":{"@id":"https:\/\/www.inmsol.com\/es\/#website"},"primaryImageOfPage":{"@id":"https:\/\/www.inmsol.com\/es\/blog-escuela\/cultura-literatura-historia-espana-es\/club-dumas-arturo-perez-reverte\/#primaryimage"},"image":{"@id":"https:\/\/www.inmsol.com\/es\/blog-escuela\/cultura-literatura-historia-espana-es\/club-dumas-arturo-perez-reverte\/#primaryimage"},"thumbnailUrl":"https:\/\/www.inmsol.com\/wp-content\/uploads\/2014\/03\/dsc_8911-copy.jpg","datePublished":"2014-03-14T11:10:17+00:00","dateModified":"2019-04-23T21:15:19+00:00","description":"Un libro cautivador, una historia atractiva: hablamos del libro de Arturo P\u00e9rez-Reverte, que inspir\u00f3 una pel\u00edcula de Roman Polanski: El Club Dumas","breadcrumb":{"@id":"https:\/\/www.inmsol.com\/es\/blog-escuela\/cultura-literatura-historia-espana-es\/club-dumas-arturo-perez-reverte\/#breadcrumb"},"inLanguage":"es","potentialAction":[{"@type":"ReadAction","target":["https:\/\/www.inmsol.com\/es\/blog-escuela\/cultura-literatura-historia-espana-es\/club-dumas-arturo-perez-reverte\/"]}]},{"@type":"ImageObject","inLanguage":"es","@id":"https:\/\/www.inmsol.com\/es\/blog-escuela\/cultura-literatura-historia-espana-es\/club-dumas-arturo-perez-reverte\/#primaryimage","url":"https:\/\/www.inmsol.com\/wp-content\/uploads\/2014\/03\/dsc_8911-copy.jpg","contentUrl":"https:\/\/www.inmsol.com\/wp-content\/uploads\/2014\/03\/dsc_8911-copy.jpg","width":1024,"height":687},{"@type":"BreadcrumbList","@id":"https:\/\/www.inmsol.com\/es\/blog-escuela\/cultura-literatura-historia-espana-es\/club-dumas-arturo-perez-reverte\/#breadcrumb","itemListElement":[{"@type":"ListItem","position":1,"name":"Accredited Center by Instituto Cervantes","item":"https:\/\/www.inmsol.com\/es\/pagina-ejemplo\/"},{"@type":"ListItem","position":2,"name":"Blog Escuela Espa\u00f1ol","item":"https:\/\/www.inmsol.com\/es\/category\/blog-escuela\/"},{"@type":"ListItem","position":3,"name":"Cultura, Literatura e Historia de Espa\u00f1a e Hispanoam\u00e9rica","item":"https:\/\/www.inmsol.com\/es\/category\/blog-escuela\/cultura-literatura-historia-espana-es\/"},{"@type":"ListItem","position":4,"name":"Rese\u00f1a literaria: \u00abEl club Dumas\u00bb (Arturo P\u00e9rez-Reverte)"}]},{"@type":"WebSite","@id":"https:\/\/www.inmsol.com\/es\/#website","url":"https:\/\/www.inmsol.com\/es\/","name":"iNMSOL","description":"Aprenda Espa\u00f1ol con iNMSOL en Granada | Centro Acreditado por el Instituto Cervantes","publisher":{"@id":"https:\/\/www.inmsol.com\/es\/#organization"},"potentialAction":[{"@type":"SearchAction","target":{"@type":"EntryPoint","urlTemplate":"https:\/\/www.inmsol.com\/es\/?s={search_term_string}"},"query-input":{"@type":"PropertyValueSpecification","valueRequired":true,"valueName":"search_term_string"}}],"inLanguage":"es"},{"@type":"Organization","@id":"https:\/\/www.inmsol.com\/es\/#organization","name":"Instituto Mediterr\u00e1neo Sol","url":"https:\/\/www.inmsol.com\/es\/","logo":{"@type":"ImageObject","inLanguage":"es","@id":"https:\/\/www.inmsol.com\/es\/#\/schema\/logo\/image\/","url":"https:\/\/www.inmsol.com\/wp-content\/uploads\/2023\/06\/logo-inmsol-1.png","contentUrl":"https:\/\/www.inmsol.com\/wp-content\/uploads\/2023\/06\/logo-inmsol-1.png","width":136,"height":73,"caption":"Instituto Mediterr\u00e1neo Sol"},"image":{"@id":"https:\/\/www.inmsol.com\/es\/#\/schema\/logo\/image\/"},"sameAs":["https:\/\/www.facebook.com\/spanishcourses","https:\/\/x.com\/StudyInGranada","http:\/\/instagram.com\/imsolgranada","https:\/\/es.linkedin.com\/company\/imsol-granada","https:\/\/www.pinterest.es\/inmsol\/","https:\/\/www.youtube.com\/channel\/UChz-Qn_7coFMosY85iYMO4g"]},{"@type":"Person","@id":"https:\/\/www.inmsol.com\/es\/#\/schema\/person\/18f18acd0397ef441e373e79ec3eb6ea","name":"Javier Torres","image":{"@type":"ImageObject","inLanguage":"es","@id":"https:\/\/secure.gravatar.com\/avatar\/90afa2d6499550218d247408758082af566e5ec3641e1b8eac0d7bb889344a55?s=96&d=mm&r=g","url":"https:\/\/secure.gravatar.com\/avatar\/90afa2d6499550218d247408758082af566e5ec3641e1b8eac0d7bb889344a55?s=96&d=mm&r=g","contentUrl":"https:\/\/secure.gravatar.com\/avatar\/90afa2d6499550218d247408758082af566e5ec3641e1b8eac0d7bb889344a55?s=96&d=mm&r=g","caption":"Javier Torres"},"url":"https:\/\/www.inmsol.com\/es\/author\/javier\/"}]}},"_links":{"self":[{"href":"https:\/\/www.inmsol.com\/es\/wp-json\/wp\/v2\/posts\/1362","targetHints":{"allow":["GET"]}}],"collection":[{"href":"https:\/\/www.inmsol.com\/es\/wp-json\/wp\/v2\/posts"}],"about":[{"href":"https:\/\/www.inmsol.com\/es\/wp-json\/wp\/v2\/types\/post"}],"author":[{"embeddable":true,"href":"https:\/\/www.inmsol.com\/es\/wp-json\/wp\/v2\/users\/2"}],"replies":[{"embeddable":true,"href":"https:\/\/www.inmsol.com\/es\/wp-json\/wp\/v2\/comments?post=1362"}],"version-history":[{"count":0,"href":"https:\/\/www.inmsol.com\/es\/wp-json\/wp\/v2\/posts\/1362\/revisions"}],"wp:featuredmedia":[{"embeddable":true,"href":"https:\/\/www.inmsol.com\/es\/wp-json\/wp\/v2\/media\/8934"}],"wp:attachment":[{"href":"https:\/\/www.inmsol.com\/es\/wp-json\/wp\/v2\/media?parent=1362"}],"wp:term":[{"taxonomy":"category","embeddable":true,"href":"https:\/\/www.inmsol.com\/es\/wp-json\/wp\/v2\/categories?post=1362"},{"taxonomy":"post_tag","embeddable":true,"href":"https:\/\/www.inmsol.com\/es\/wp-json\/wp\/v2\/tags?post=1362"}],"curies":[{"name":"wp","href":"https:\/\/api.w.org\/{rel}","templated":true}]}}