{"id":13925,"date":"2015-01-09T18:00:58","date_gmt":"2015-01-09T17:00:58","guid":{"rendered":"https:\/\/www.inmsol.com\/?p=13925"},"modified":"2019-04-23T23:09:41","modified_gmt":"2019-04-23T21:09:41","slug":"xx-congreso-asele","status":"publish","type":"post","link":"https:\/\/www.inmsol.com\/es\/blog-escuela\/eventos-granada\/xx-congreso-asele\/","title":{"rendered":"XX Congreso ASELE"},"content":{"rendered":"<p>En septiembre de 2015 (16-19), Granada acoger\u00e1 el vig\u00e9simo Congreso de ASELE en el que especialistas de todo el mundo discutir\u00e1n sobre temas relacionados con la ense\u00f1anza de espa\u00f1ol como lengua extranjera. Girar\u00e1 en torno a la formaci\u00f3n y competencias del profesorado de espa\u00f1ol como lengua extranjera.<\/p>\n<p>Puedes encontrar m\u00e1s informaci\u00f3n <a href=\"http:\/\/www.aselered.org\/presentacion\" target=\"_blank\" rel=\"noopener noreferrer\">aqu\u00ed<\/a>.<br \/>\n<a href=\"http:\/\/www.aselered.org\/presentacion\" target=\"_blank\" rel=\"noopener noreferrer\"><img fetchpriority=\"high\" decoding=\"async\" class=\" size-medium wp-image-13910 alignright\" src=\"https:\/\/www.inmsol.com\/wp-content\/uploads\/2015\/01\/fondoASELE-congresoXXVI-460x170.jpg\" alt=\"fondoASELE-congresoXXVI\" width=\"460\" height=\"170\" srcset=\"https:\/\/www.inmsol.com\/wp-content\/uploads\/2015\/01\/fondoASELE-congresoXXVI-460x170.jpg 460w, https:\/\/www.inmsol.com\/wp-content\/uploads\/2015\/01\/fondoASELE-congresoXXVI-64x24.jpg 64w, https:\/\/www.inmsol.com\/wp-content\/uploads\/2015\/01\/fondoASELE-congresoXXVI-600x222.jpg 600w, https:\/\/www.inmsol.com\/wp-content\/uploads\/2015\/01\/fondoASELE-congresoXXVI-200x74.jpg 200w, https:\/\/www.inmsol.com\/wp-content\/uploads\/2015\/01\/fondoASELE-congresoXXVI-250x92.jpg 250w, https:\/\/www.inmsol.com\/wp-content\/uploads\/2015\/01\/fondoASELE-congresoXXVI.jpg 690w\" sizes=\"(max-width: 460px) 100vw, 460px\" \/><\/a><\/p>\n","protected":false},"excerpt":{"rendered":"<p>En septiembre de 2015 (16-19), Granada acoger\u00e1 el vig\u00e9simo Congreso de ASELE en el que especialistas de todo el mundo discutir\u00e1n sobre temas relacionados con la ense\u00f1anza de espa\u00f1ol como lengua extranjera. Girar\u00e1 en torno a la formaci\u00f3n y competencias del profesorado de espa\u00f1ol como&#8230;<\/p>\n","protected":false},"author":3,"featured_media":13917,"comment_status":"closed","ping_status":"closed","sticky":false,"template":"","format":"standard","meta":{"_acf_changed":false,"footnotes":""},"categories":[80],"tags":[],"class_list":["post-13925","post","type-post","status-publish","format-standard","has-post-thumbnail","hentry","category-eventos-granada"],"acf":[],"yoast_head":"<!-- This site is optimized with the Yoast SEO plugin v27.4 - https:\/\/yoast.com\/product\/yoast-seo-wordpress\/ -->\n<title>XX Congreso ASELE &#8226; iNMSOL<\/title>\n<meta name=\"description\" content=\"Granada acoger\u00e1 el vig\u00e9simo Congreso de ASELE en el que especialistas de todo el mundo discutir\u00e1n sobre temas ense\u00f1anza de espa\u00f1ol como lengua extranjera.\" \/>\n<meta name=\"robots\" content=\"index, follow, max-snippet:-1, max-image-preview:large, max-video-preview:-1\" \/>\n<link rel=\"canonical\" href=\"https:\/\/www.inmsol.com\/es\/blog-escuela\/eventos-granada\/xx-congreso-asele\/\" \/>\n<meta property=\"og:locale\" content=\"es_ES\" \/>\n<meta property=\"og:type\" content=\"article\" \/>\n<meta property=\"og:title\" content=\"XX Congreso ASELE &#8226; iNMSOL\" \/>\n<meta property=\"og:description\" content=\"Granada acoger\u00e1 el vig\u00e9simo Congreso de ASELE en el que especialistas de todo el mundo discutir\u00e1n sobre temas ense\u00f1anza de espa\u00f1ol como lengua extranjera.\" \/>\n<meta property=\"og:url\" content=\"https:\/\/www.inmsol.com\/es\/blog-escuela\/eventos-granada\/xx-congreso-asele\/\" \/>\n<meta property=\"og:site_name\" content=\"iNMSOL\" \/>\n<meta property=\"article:publisher\" content=\"https:\/\/www.facebook.com\/spanishcourses\" \/>\n<meta property=\"article:published_time\" content=\"2015-01-09T17:00:58+00:00\" \/>\n<meta property=\"article:modified_time\" content=\"2019-04-23T21:09:41+00:00\" \/>\n<meta property=\"og:image\" content=\"https:\/\/www.inmsol.com\/wp-content\/uploads\/2015\/01\/fondoASELE-congresoXXVI.jpg\" \/>\n\t<meta property=\"og:image:width\" content=\"690\" \/>\n\t<meta property=\"og:image:height\" content=\"255\" \/>\n\t<meta property=\"og:image:type\" content=\"image\/jpeg\" \/>\n<meta name=\"author\" content=\"- Instituto Mediterr\u00e1neo Sol\" \/>\n<meta name=\"twitter:label1\" content=\"Escrito por\" \/>\n\t<meta name=\"twitter:data1\" content=\"- Instituto Mediterr\u00e1neo Sol\" \/>\n<script type=\"application\/ld+json\" class=\"yoast-schema-graph\">{\"@context\":\"https:\\\/\\\/schema.org\",\"@graph\":[{\"@type\":\"Article\",\"@id\":\"https:\\\/\\\/www.inmsol.com\\\/es\\\/blog-escuela\\\/eventos-granada\\\/xx-congreso-asele\\\/#article\",\"isPartOf\":{\"@id\":\"https:\\\/\\\/www.inmsol.com\\\/es\\\/blog-escuela\\\/eventos-granada\\\/xx-congreso-asele\\\/\"},\"author\":{\"name\":\"- Instituto Mediterr\u00e1neo Sol\",\"@id\":\"https:\\\/\\\/www.inmsol.com\\\/es\\\/#\\\/schema\\\/person\\\/94a7a01d14a56d1fbc49c841ffc57fe9\"},\"headline\":\"XX Congreso ASELE\",\"datePublished\":\"2015-01-09T17:00:58+00:00\",\"dateModified\":\"2019-04-23T21:09:41+00:00\",\"mainEntityOfPage\":{\"@id\":\"https:\\\/\\\/www.inmsol.com\\\/es\\\/blog-escuela\\\/eventos-granada\\\/xx-congreso-asele\\\/\"},\"wordCount\":62,\"publisher\":{\"@id\":\"https:\\\/\\\/www.inmsol.com\\\/es\\\/#organization\"},\"image\":{\"@id\":\"https:\\\/\\\/www.inmsol.com\\\/es\\\/blog-escuela\\\/eventos-granada\\\/xx-congreso-asele\\\/#primaryimage\"},\"thumbnailUrl\":\"https:\\\/\\\/www.inmsol.com\\\/wp-content\\\/uploads\\\/2015\\\/01\\\/fondoASELE-congresoXXVI.jpg\",\"articleSection\":[\"Eventos en Granada\"],\"inLanguage\":\"es\"},{\"@type\":\"WebPage\",\"@id\":\"https:\\\/\\\/www.inmsol.com\\\/es\\\/blog-escuela\\\/eventos-granada\\\/xx-congreso-asele\\\/\",\"url\":\"https:\\\/\\\/www.inmsol.com\\\/es\\\/blog-escuela\\\/eventos-granada\\\/xx-congreso-asele\\\/\",\"name\":\"XX Congreso ASELE &#8226; iNMSOL\",\"isPartOf\":{\"@id\":\"https:\\\/\\\/www.inmsol.com\\\/es\\\/#website\"},\"primaryImageOfPage\":{\"@id\":\"https:\\\/\\\/www.inmsol.com\\\/es\\\/blog-escuela\\\/eventos-granada\\\/xx-congreso-asele\\\/#primaryimage\"},\"image\":{\"@id\":\"https:\\\/\\\/www.inmsol.com\\\/es\\\/blog-escuela\\\/eventos-granada\\\/xx-congreso-asele\\\/#primaryimage\"},\"thumbnailUrl\":\"https:\\\/\\\/www.inmsol.com\\\/wp-content\\\/uploads\\\/2015\\\/01\\\/fondoASELE-congresoXXVI.jpg\",\"datePublished\":\"2015-01-09T17:00:58+00:00\",\"dateModified\":\"2019-04-23T21:09:41+00:00\",\"description\":\"Granada acoger\u00e1 el vig\u00e9simo Congreso de ASELE en el que especialistas de todo el mundo discutir\u00e1n sobre temas ense\u00f1anza de espa\u00f1ol como lengua extranjera.\",\"breadcrumb\":{\"@id\":\"https:\\\/\\\/www.inmsol.com\\\/es\\\/blog-escuela\\\/eventos-granada\\\/xx-congreso-asele\\\/#breadcrumb\"},\"inLanguage\":\"es\",\"potentialAction\":[{\"@type\":\"ReadAction\",\"target\":[\"https:\\\/\\\/www.inmsol.com\\\/es\\\/blog-escuela\\\/eventos-granada\\\/xx-congreso-asele\\\/\"]}]},{\"@type\":\"ImageObject\",\"inLanguage\":\"es\",\"@id\":\"https:\\\/\\\/www.inmsol.com\\\/es\\\/blog-escuela\\\/eventos-granada\\\/xx-congreso-asele\\\/#primaryimage\",\"url\":\"https:\\\/\\\/www.inmsol.com\\\/wp-content\\\/uploads\\\/2015\\\/01\\\/fondoASELE-congresoXXVI.jpg\",\"contentUrl\":\"https:\\\/\\\/www.inmsol.com\\\/wp-content\\\/uploads\\\/2015\\\/01\\\/fondoASELE-congresoXXVI.jpg\",\"width\":690,\"height\":255},{\"@type\":\"BreadcrumbList\",\"@id\":\"https:\\\/\\\/www.inmsol.com\\\/es\\\/blog-escuela\\\/eventos-granada\\\/xx-congreso-asele\\\/#breadcrumb\",\"itemListElement\":[{\"@type\":\"ListItem\",\"position\":1,\"name\":\"Accredited Center by Instituto Cervantes\",\"item\":\"https:\\\/\\\/www.inmsol.com\\\/es\\\/pagina-ejemplo\\\/\"},{\"@type\":\"ListItem\",\"position\":2,\"name\":\"Blog Escuela Espa\u00f1ol\",\"item\":\"https:\\\/\\\/www.inmsol.com\\\/es\\\/category\\\/blog-escuela\\\/\"},{\"@type\":\"ListItem\",\"position\":3,\"name\":\"Eventos en Granada\",\"item\":\"https:\\\/\\\/www.inmsol.com\\\/es\\\/category\\\/blog-escuela\\\/eventos-granada\\\/\"},{\"@type\":\"ListItem\",\"position\":4,\"name\":\"XX Congreso ASELE\"}]},{\"@type\":\"WebSite\",\"@id\":\"https:\\\/\\\/www.inmsol.com\\\/es\\\/#website\",\"url\":\"https:\\\/\\\/www.inmsol.com\\\/es\\\/\",\"name\":\"iNMSOL\",\"description\":\"Aprenda Espa\u00f1ol con iNMSOL en Granada | Centro Acreditado por el Instituto Cervantes\",\"publisher\":{\"@id\":\"https:\\\/\\\/www.inmsol.com\\\/es\\\/#organization\"},\"potentialAction\":[{\"@type\":\"SearchAction\",\"target\":{\"@type\":\"EntryPoint\",\"urlTemplate\":\"https:\\\/\\\/www.inmsol.com\\\/es\\\/?s={search_term_string}\"},\"query-input\":{\"@type\":\"PropertyValueSpecification\",\"valueRequired\":true,\"valueName\":\"search_term_string\"}}],\"inLanguage\":\"es\"},{\"@type\":\"Organization\",\"@id\":\"https:\\\/\\\/www.inmsol.com\\\/es\\\/#organization\",\"name\":\"Instituto Mediterr\u00e1neo Sol\",\"url\":\"https:\\\/\\\/www.inmsol.com\\\/es\\\/\",\"logo\":{\"@type\":\"ImageObject\",\"inLanguage\":\"es\",\"@id\":\"https:\\\/\\\/www.inmsol.com\\\/es\\\/#\\\/schema\\\/logo\\\/image\\\/\",\"url\":\"https:\\\/\\\/www.inmsol.com\\\/wp-content\\\/uploads\\\/2023\\\/06\\\/logo-inmsol-1.png\",\"contentUrl\":\"https:\\\/\\\/www.inmsol.com\\\/wp-content\\\/uploads\\\/2023\\\/06\\\/logo-inmsol-1.png\",\"width\":136,\"height\":73,\"caption\":\"Instituto Mediterr\u00e1neo Sol\"},\"image\":{\"@id\":\"https:\\\/\\\/www.inmsol.com\\\/es\\\/#\\\/schema\\\/logo\\\/image\\\/\"},\"sameAs\":[\"https:\\\/\\\/www.facebook.com\\\/spanishcourses\",\"https:\\\/\\\/x.com\\\/StudyInGranada\",\"http:\\\/\\\/instagram.com\\\/imsolgranada\",\"https:\\\/\\\/es.linkedin.com\\\/company\\\/imsol-granada\",\"https:\\\/\\\/www.pinterest.es\\\/inmsol\\\/\",\"https:\\\/\\\/www.youtube.com\\\/channel\\\/UChz-Qn_7coFMosY85iYMO4g\"]},{\"@type\":\"Person\",\"@id\":\"https:\\\/\\\/www.inmsol.com\\\/es\\\/#\\\/schema\\\/person\\\/94a7a01d14a56d1fbc49c841ffc57fe9\",\"name\":\"- Instituto Mediterr\u00e1neo Sol\",\"image\":{\"@type\":\"ImageObject\",\"inLanguage\":\"es\",\"@id\":\"https:\\\/\\\/secure.gravatar.com\\\/avatar\\\/5607fdabdf1b548b6095cc3d43079829bc1497403e70dd34004e7204a8fef62b?s=96&d=mm&r=g\",\"url\":\"https:\\\/\\\/secure.gravatar.com\\\/avatar\\\/5607fdabdf1b548b6095cc3d43079829bc1497403e70dd34004e7204a8fef62b?s=96&d=mm&r=g\",\"contentUrl\":\"https:\\\/\\\/secure.gravatar.com\\\/avatar\\\/5607fdabdf1b548b6095cc3d43079829bc1497403e70dd34004e7204a8fef62b?s=96&d=mm&r=g\",\"caption\":\"- Instituto Mediterr\u00e1neo Sol\"},\"url\":\"https:\\\/\\\/www.inmsol.com\\\/es\\\/author\\\/laura\\\/\"}]}<\/script>\n<!-- \/ Yoast SEO plugin. -->","yoast_head_json":{"title":"XX Congreso ASELE &#8226; iNMSOL","description":"Granada acoger\u00e1 el vig\u00e9simo Congreso de ASELE en el que especialistas de todo el mundo discutir\u00e1n sobre temas ense\u00f1anza de espa\u00f1ol como lengua extranjera.","robots":{"index":"index","follow":"follow","max-snippet":"max-snippet:-1","max-image-preview":"max-image-preview:large","max-video-preview":"max-video-preview:-1"},"canonical":"https:\/\/www.inmsol.com\/es\/blog-escuela\/eventos-granada\/xx-congreso-asele\/","og_locale":"es_ES","og_type":"article","og_title":"XX Congreso ASELE &#8226; iNMSOL","og_description":"Granada acoger\u00e1 el vig\u00e9simo Congreso de ASELE en el que especialistas de todo el mundo discutir\u00e1n sobre temas ense\u00f1anza de espa\u00f1ol como lengua extranjera.","og_url":"https:\/\/www.inmsol.com\/es\/blog-escuela\/eventos-granada\/xx-congreso-asele\/","og_site_name":"iNMSOL","article_publisher":"https:\/\/www.facebook.com\/spanishcourses","article_published_time":"2015-01-09T17:00:58+00:00","article_modified_time":"2019-04-23T21:09:41+00:00","og_image":[{"width":690,"height":255,"url":"https:\/\/www.inmsol.com\/wp-content\/uploads\/2015\/01\/fondoASELE-congresoXXVI.jpg","type":"image\/jpeg"}],"author":"- Instituto Mediterr\u00e1neo Sol","twitter_misc":{"Escrito por":"- Instituto Mediterr\u00e1neo Sol"},"schema":{"@context":"https:\/\/schema.org","@graph":[{"@type":"Article","@id":"https:\/\/www.inmsol.com\/es\/blog-escuela\/eventos-granada\/xx-congreso-asele\/#article","isPartOf":{"@id":"https:\/\/www.inmsol.com\/es\/blog-escuela\/eventos-granada\/xx-congreso-asele\/"},"author":{"name":"- Instituto Mediterr\u00e1neo Sol","@id":"https:\/\/www.inmsol.com\/es\/#\/schema\/person\/94a7a01d14a56d1fbc49c841ffc57fe9"},"headline":"XX Congreso ASELE","datePublished":"2015-01-09T17:00:58+00:00","dateModified":"2019-04-23T21:09:41+00:00","mainEntityOfPage":{"@id":"https:\/\/www.inmsol.com\/es\/blog-escuela\/eventos-granada\/xx-congreso-asele\/"},"wordCount":62,"publisher":{"@id":"https:\/\/www.inmsol.com\/es\/#organization"},"image":{"@id":"https:\/\/www.inmsol.com\/es\/blog-escuela\/eventos-granada\/xx-congreso-asele\/#primaryimage"},"thumbnailUrl":"https:\/\/www.inmsol.com\/wp-content\/uploads\/2015\/01\/fondoASELE-congresoXXVI.jpg","articleSection":["Eventos en Granada"],"inLanguage":"es"},{"@type":"WebPage","@id":"https:\/\/www.inmsol.com\/es\/blog-escuela\/eventos-granada\/xx-congreso-asele\/","url":"https:\/\/www.inmsol.com\/es\/blog-escuela\/eventos-granada\/xx-congreso-asele\/","name":"XX Congreso ASELE &#8226; iNMSOL","isPartOf":{"@id":"https:\/\/www.inmsol.com\/es\/#website"},"primaryImageOfPage":{"@id":"https:\/\/www.inmsol.com\/es\/blog-escuela\/eventos-granada\/xx-congreso-asele\/#primaryimage"},"image":{"@id":"https:\/\/www.inmsol.com\/es\/blog-escuela\/eventos-granada\/xx-congreso-asele\/#primaryimage"},"thumbnailUrl":"https:\/\/www.inmsol.com\/wp-content\/uploads\/2015\/01\/fondoASELE-congresoXXVI.jpg","datePublished":"2015-01-09T17:00:58+00:00","dateModified":"2019-04-23T21:09:41+00:00","description":"Granada acoger\u00e1 el vig\u00e9simo Congreso de ASELE en el que especialistas de todo el mundo discutir\u00e1n sobre temas ense\u00f1anza de espa\u00f1ol como lengua extranjera.","breadcrumb":{"@id":"https:\/\/www.inmsol.com\/es\/blog-escuela\/eventos-granada\/xx-congreso-asele\/#breadcrumb"},"inLanguage":"es","potentialAction":[{"@type":"ReadAction","target":["https:\/\/www.inmsol.com\/es\/blog-escuela\/eventos-granada\/xx-congreso-asele\/"]}]},{"@type":"ImageObject","inLanguage":"es","@id":"https:\/\/www.inmsol.com\/es\/blog-escuela\/eventos-granada\/xx-congreso-asele\/#primaryimage","url":"https:\/\/www.inmsol.com\/wp-content\/uploads\/2015\/01\/fondoASELE-congresoXXVI.jpg","contentUrl":"https:\/\/www.inmsol.com\/wp-content\/uploads\/2015\/01\/fondoASELE-congresoXXVI.jpg","width":690,"height":255},{"@type":"BreadcrumbList","@id":"https:\/\/www.inmsol.com\/es\/blog-escuela\/eventos-granada\/xx-congreso-asele\/#breadcrumb","itemListElement":[{"@type":"ListItem","position":1,"name":"Accredited Center by Instituto Cervantes","item":"https:\/\/www.inmsol.com\/es\/pagina-ejemplo\/"},{"@type":"ListItem","position":2,"name":"Blog Escuela Espa\u00f1ol","item":"https:\/\/www.inmsol.com\/es\/category\/blog-escuela\/"},{"@type":"ListItem","position":3,"name":"Eventos en Granada","item":"https:\/\/www.inmsol.com\/es\/category\/blog-escuela\/eventos-granada\/"},{"@type":"ListItem","position":4,"name":"XX Congreso ASELE"}]},{"@type":"WebSite","@id":"https:\/\/www.inmsol.com\/es\/#website","url":"https:\/\/www.inmsol.com\/es\/","name":"iNMSOL","description":"Aprenda Espa\u00f1ol con iNMSOL en Granada | Centro Acreditado por el Instituto Cervantes","publisher":{"@id":"https:\/\/www.inmsol.com\/es\/#organization"},"potentialAction":[{"@type":"SearchAction","target":{"@type":"EntryPoint","urlTemplate":"https:\/\/www.inmsol.com\/es\/?s={search_term_string}"},"query-input":{"@type":"PropertyValueSpecification","valueRequired":true,"valueName":"search_term_string"}}],"inLanguage":"es"},{"@type":"Organization","@id":"https:\/\/www.inmsol.com\/es\/#organization","name":"Instituto Mediterr\u00e1neo Sol","url":"https:\/\/www.inmsol.com\/es\/","logo":{"@type":"ImageObject","inLanguage":"es","@id":"https:\/\/www.inmsol.com\/es\/#\/schema\/logo\/image\/","url":"https:\/\/www.inmsol.com\/wp-content\/uploads\/2023\/06\/logo-inmsol-1.png","contentUrl":"https:\/\/www.inmsol.com\/wp-content\/uploads\/2023\/06\/logo-inmsol-1.png","width":136,"height":73,"caption":"Instituto Mediterr\u00e1neo Sol"},"image":{"@id":"https:\/\/www.inmsol.com\/es\/#\/schema\/logo\/image\/"},"sameAs":["https:\/\/www.facebook.com\/spanishcourses","https:\/\/x.com\/StudyInGranada","http:\/\/instagram.com\/imsolgranada","https:\/\/es.linkedin.com\/company\/imsol-granada","https:\/\/www.pinterest.es\/inmsol\/","https:\/\/www.youtube.com\/channel\/UChz-Qn_7coFMosY85iYMO4g"]},{"@type":"Person","@id":"https:\/\/www.inmsol.com\/es\/#\/schema\/person\/94a7a01d14a56d1fbc49c841ffc57fe9","name":"- Instituto Mediterr\u00e1neo Sol","image":{"@type":"ImageObject","inLanguage":"es","@id":"https:\/\/secure.gravatar.com\/avatar\/5607fdabdf1b548b6095cc3d43079829bc1497403e70dd34004e7204a8fef62b?s=96&d=mm&r=g","url":"https:\/\/secure.gravatar.com\/avatar\/5607fdabdf1b548b6095cc3d43079829bc1497403e70dd34004e7204a8fef62b?s=96&d=mm&r=g","contentUrl":"https:\/\/secure.gravatar.com\/avatar\/5607fdabdf1b548b6095cc3d43079829bc1497403e70dd34004e7204a8fef62b?s=96&d=mm&r=g","caption":"- Instituto Mediterr\u00e1neo Sol"},"url":"https:\/\/www.inmsol.com\/es\/author\/laura\/"}]}},"_links":{"self":[{"href":"https:\/\/www.inmsol.com\/es\/wp-json\/wp\/v2\/posts\/13925","targetHints":{"allow":["GET"]}}],"collection":[{"href":"https:\/\/www.inmsol.com\/es\/wp-json\/wp\/v2\/posts"}],"about":[{"href":"https:\/\/www.inmsol.com\/es\/wp-json\/wp\/v2\/types\/post"}],"author":[{"embeddable":true,"href":"https:\/\/www.inmsol.com\/es\/wp-json\/wp\/v2\/users\/3"}],"replies":[{"embeddable":true,"href":"https:\/\/www.inmsol.com\/es\/wp-json\/wp\/v2\/comments?post=13925"}],"version-history":[{"count":0,"href":"https:\/\/www.inmsol.com\/es\/wp-json\/wp\/v2\/posts\/13925\/revisions"}],"wp:featuredmedia":[{"embeddable":true,"href":"https:\/\/www.inmsol.com\/es\/wp-json\/wp\/v2\/media\/13917"}],"wp:attachment":[{"href":"https:\/\/www.inmsol.com\/es\/wp-json\/wp\/v2\/media?parent=13925"}],"wp:term":[{"taxonomy":"category","embeddable":true,"href":"https:\/\/www.inmsol.com\/es\/wp-json\/wp\/v2\/categories?post=13925"},{"taxonomy":"post_tag","embeddable":true,"href":"https:\/\/www.inmsol.com\/es\/wp-json\/wp\/v2\/tags?post=13925"}],"curies":[{"name":"wp","href":"https:\/\/api.w.org\/{rel}","templated":true}]}}