{"id":1395,"date":"2014-04-21T12:08:14","date_gmt":"2014-04-21T10:08:14","guid":{"rendered":"https:\/\/www.inmsol.com\/"},"modified":"2019-04-23T23:13:50","modified_gmt":"2019-04-23T21:13:50","slug":"fallece-gabriel-garcia-marquez","status":"publish","type":"post","link":"https:\/\/www.inmsol.com\/es\/blog-escuela\/noticias\/fallece-gabriel-garcia-marquez\/","title":{"rendered":"Fallece el escritor Gabriel Garc\u00eda M\u00e1rquez: luto en en mundo de la literatura"},"content":{"rendered":"<div>Como todos probablemente ya sabr\u00e1n, el<strong> jueves 17 de Abril,<\/strong> el mundo de la literatura se visti\u00f3 de luto, con la muerte del gran escritor colombiano<strong> Gabriel Garc\u00eda M\u00e1rquez.\u00a0<\/strong>Con su muerte el mundo se despide del <strong>Premio Nobel de Literatura de 1982<\/strong>.<\/div>\n<div><\/div>\n<div>El novelista falleci\u00f3 a los<strong> 87 a\u00f1os <\/strong>en su casa en<strong> Ciudad del M\u00e9xico <\/strong>y este l<strong>unes, \u00a0a partir de las 16.00 \u00a0hs<\/strong>, recibir\u00e1 un homenaje nacional en el <strong>Palacio de Bellas Artes<\/strong>.<\/div>\n<div><\/div>\n<div>Su deceso ocurri\u00f3 despu\u00e9s de estar ocho d\u00edas internado en el <strong>Instituto Nacional de Ciencias M\u00e9dicas y Nutrici\u00f3n Salvador Zubir\u00e1n<\/strong> y de diez d\u00edas convaleciente en su casa del <strong>Pedregal de San \u00c1ngel.<\/strong><\/div>\n<div><\/div>\n<div>La noticia de la muerte del autor de<em> Cien a\u00f1os de soledad<\/em>, conmovi\u00f3 al mundo de las letras cuando <strong>Fernanda Familiar<\/strong>, periodista de Grupo Imagen Multimedia, escribi\u00f3 en su cuenta de Twitter:<\/div>\n<div><\/div>\n<div><em>\u00abDeja de latir el coraz\u00f3n de Gabriel Garc\u00eda M\u00e1rquez. Muere Gabriel Garc\u00eda M\u00e1rquez. Mercedes y sus hijos, Rodrigo y Gonzalo, me autorizan dar la informaci\u00f3n. Qu\u00e9 tristeza tan profunda&#8230;\u201d<\/em><\/div>\n<div><\/div>\n<div>A partir de ese momento, decenas de representantes de medios de comunicaci\u00f3n nacionales e internacionales fueron llegando poco a poco al domicilio del novelista y cuentista, sum\u00e1ndose a los que mantuvieron guardia ah\u00ed los \u00faltimos d\u00edas.<\/div>\n","protected":false},"excerpt":{"rendered":"<p>Como todos probablemente ya sabr\u00e1n, el jueves 17 de Abril, el mundo de la literatura se visti\u00f3 de luto, con la muerte del gran escritor colombiano Gabriel Garc\u00eda M\u00e1rquez.\u00a0Con su muerte el mundo se despide del Premio Nobel de Literatura de 1982. El novelista falleci\u00f3&#8230;<\/p>\n","protected":false},"author":2,"featured_media":2897,"comment_status":"closed","ping_status":"closed","sticky":false,"template":"","format":"standard","meta":{"_acf_changed":false,"footnotes":""},"categories":[82],"tags":[],"class_list":["post-1395","post","type-post","status-publish","format-standard","has-post-thumbnail","hentry","category-noticias"],"acf":[],"yoast_head":"<!-- This site is optimized with the Yoast SEO plugin v27.5 - https:\/\/yoast.com\/product\/yoast-seo-wordpress\/ -->\n<title>Fallece el escritor Gabriel Garc\u00eda M\u00e1rquez: | INMSOL<\/title>\n<meta name=\"description\" content=\"Uno de los escritores m\u00e1s importantes de nuestro tiempo, ha muerto. Todos estamos de luto. Nos referimos a Gabriel Garc\u00eda M\u00e1rquez. Vamos a leer todo.\" \/>\n<meta name=\"robots\" content=\"index, follow, max-snippet:-1, max-image-preview:large, max-video-preview:-1\" \/>\n<link rel=\"canonical\" href=\"https:\/\/www.inmsol.com\/es\/blog-escuela\/noticias\/fallece-gabriel-garcia-marquez\/\" \/>\n<meta property=\"og:locale\" content=\"es_ES\" \/>\n<meta property=\"og:type\" content=\"article\" \/>\n<meta property=\"og:title\" content=\"Fallece el escritor Gabriel Garc\u00eda M\u00e1rquez: | INMSOL\" \/>\n<meta property=\"og:description\" content=\"Uno de los escritores m\u00e1s importantes de nuestro tiempo, ha muerto. Todos estamos de luto. Nos referimos a Gabriel Garc\u00eda M\u00e1rquez. Vamos a leer todo.\" \/>\n<meta property=\"og:url\" content=\"https:\/\/www.inmsol.com\/es\/blog-escuela\/noticias\/fallece-gabriel-garcia-marquez\/\" \/>\n<meta property=\"og:site_name\" content=\"iNMSOL\" \/>\n<meta property=\"article:publisher\" content=\"https:\/\/www.facebook.com\/spanishcourses\" \/>\n<meta property=\"article:published_time\" content=\"2014-04-21T10:08:14+00:00\" \/>\n<meta property=\"article:modified_time\" content=\"2019-04-23T21:13:50+00:00\" \/>\n<meta property=\"og:image\" content=\"https:\/\/www.inmsol.com\/wp-content\/uploads\/2014\/04\/gabo.jpg\" \/>\n\t<meta property=\"og:image:width\" content=\"1104\" \/>\n\t<meta property=\"og:image:height\" content=\"853\" \/>\n\t<meta property=\"og:image:type\" content=\"image\/jpeg\" \/>\n<meta name=\"author\" content=\"Javier Torres\" \/>\n<meta name=\"twitter:label1\" content=\"Escrito por\" \/>\n\t<meta name=\"twitter:data1\" content=\"Javier Torres\" \/>\n\t<meta name=\"twitter:label2\" content=\"Tiempo de lectura\" \/>\n\t<meta name=\"twitter:data2\" content=\"1 minuto\" \/>\n<script type=\"application\/ld+json\" class=\"yoast-schema-graph\">{\"@context\":\"https:\\\/\\\/schema.org\",\"@graph\":[{\"@type\":\"Article\",\"@id\":\"https:\\\/\\\/www.inmsol.com\\\/es\\\/blog-escuela\\\/noticias\\\/fallece-gabriel-garcia-marquez\\\/#article\",\"isPartOf\":{\"@id\":\"https:\\\/\\\/www.inmsol.com\\\/es\\\/blog-escuela\\\/noticias\\\/fallece-gabriel-garcia-marquez\\\/\"},\"author\":{\"name\":\"Javier Torres\",\"@id\":\"https:\\\/\\\/www.inmsol.com\\\/es\\\/#\\\/schema\\\/person\\\/18f18acd0397ef441e373e79ec3eb6ea\"},\"headline\":\"Fallece el escritor Gabriel Garc\u00eda M\u00e1rquez: luto en en mundo de la literatura\",\"datePublished\":\"2014-04-21T10:08:14+00:00\",\"dateModified\":\"2019-04-23T21:13:50+00:00\",\"mainEntityOfPage\":{\"@id\":\"https:\\\/\\\/www.inmsol.com\\\/es\\\/blog-escuela\\\/noticias\\\/fallece-gabriel-garcia-marquez\\\/\"},\"wordCount\":238,\"publisher\":{\"@id\":\"https:\\\/\\\/www.inmsol.com\\\/es\\\/#organization\"},\"image\":{\"@id\":\"https:\\\/\\\/www.inmsol.com\\\/es\\\/blog-escuela\\\/noticias\\\/fallece-gabriel-garcia-marquez\\\/#primaryimage\"},\"thumbnailUrl\":\"https:\\\/\\\/www.inmsol.com\\\/wp-content\\\/uploads\\\/2014\\\/04\\\/gabo.jpg\",\"articleSection\":[\"Noticias y Servicios iNMSOL\"],\"inLanguage\":\"es\"},{\"@type\":\"WebPage\",\"@id\":\"https:\\\/\\\/www.inmsol.com\\\/es\\\/blog-escuela\\\/noticias\\\/fallece-gabriel-garcia-marquez\\\/\",\"url\":\"https:\\\/\\\/www.inmsol.com\\\/es\\\/blog-escuela\\\/noticias\\\/fallece-gabriel-garcia-marquez\\\/\",\"name\":\"Fallece el escritor Gabriel Garc\u00eda M\u00e1rquez: | INMSOL\",\"isPartOf\":{\"@id\":\"https:\\\/\\\/www.inmsol.com\\\/es\\\/#website\"},\"primaryImageOfPage\":{\"@id\":\"https:\\\/\\\/www.inmsol.com\\\/es\\\/blog-escuela\\\/noticias\\\/fallece-gabriel-garcia-marquez\\\/#primaryimage\"},\"image\":{\"@id\":\"https:\\\/\\\/www.inmsol.com\\\/es\\\/blog-escuela\\\/noticias\\\/fallece-gabriel-garcia-marquez\\\/#primaryimage\"},\"thumbnailUrl\":\"https:\\\/\\\/www.inmsol.com\\\/wp-content\\\/uploads\\\/2014\\\/04\\\/gabo.jpg\",\"datePublished\":\"2014-04-21T10:08:14+00:00\",\"dateModified\":\"2019-04-23T21:13:50+00:00\",\"description\":\"Uno de los escritores m\u00e1s importantes de nuestro tiempo, ha muerto. Todos estamos de luto. Nos referimos a Gabriel Garc\u00eda M\u00e1rquez. Vamos a leer todo.\",\"breadcrumb\":{\"@id\":\"https:\\\/\\\/www.inmsol.com\\\/es\\\/blog-escuela\\\/noticias\\\/fallece-gabriel-garcia-marquez\\\/#breadcrumb\"},\"inLanguage\":\"es\",\"potentialAction\":[{\"@type\":\"ReadAction\",\"target\":[\"https:\\\/\\\/www.inmsol.com\\\/es\\\/blog-escuela\\\/noticias\\\/fallece-gabriel-garcia-marquez\\\/\"]}]},{\"@type\":\"ImageObject\",\"inLanguage\":\"es\",\"@id\":\"https:\\\/\\\/www.inmsol.com\\\/es\\\/blog-escuela\\\/noticias\\\/fallece-gabriel-garcia-marquez\\\/#primaryimage\",\"url\":\"https:\\\/\\\/www.inmsol.com\\\/wp-content\\\/uploads\\\/2014\\\/04\\\/gabo.jpg\",\"contentUrl\":\"https:\\\/\\\/www.inmsol.com\\\/wp-content\\\/uploads\\\/2014\\\/04\\\/gabo.jpg\",\"width\":1104,\"height\":853},{\"@type\":\"BreadcrumbList\",\"@id\":\"https:\\\/\\\/www.inmsol.com\\\/es\\\/blog-escuela\\\/noticias\\\/fallece-gabriel-garcia-marquez\\\/#breadcrumb\",\"itemListElement\":[{\"@type\":\"ListItem\",\"position\":1,\"name\":\"Accredited Center by Instituto Cervantes\",\"item\":\"https:\\\/\\\/www.inmsol.com\\\/es\\\/pagina-ejemplo\\\/\"},{\"@type\":\"ListItem\",\"position\":2,\"name\":\"Blog Escuela Espa\u00f1ol\",\"item\":\"https:\\\/\\\/www.inmsol.com\\\/es\\\/category\\\/blog-escuela\\\/\"},{\"@type\":\"ListItem\",\"position\":3,\"name\":\"Noticias y Servicios iNMSOL\",\"item\":\"https:\\\/\\\/www.inmsol.com\\\/es\\\/category\\\/blog-escuela\\\/noticias\\\/\"},{\"@type\":\"ListItem\",\"position\":4,\"name\":\"Fallece el escritor Gabriel Garc\u00eda M\u00e1rquez: luto en en mundo de la literatura\"}]},{\"@type\":\"WebSite\",\"@id\":\"https:\\\/\\\/www.inmsol.com\\\/es\\\/#website\",\"url\":\"https:\\\/\\\/www.inmsol.com\\\/es\\\/\",\"name\":\"iNMSOL\",\"description\":\"Aprenda Espa\u00f1ol con iNMSOL en Granada | Centro Acreditado por el Instituto Cervantes\",\"publisher\":{\"@id\":\"https:\\\/\\\/www.inmsol.com\\\/es\\\/#organization\"},\"potentialAction\":[{\"@type\":\"SearchAction\",\"target\":{\"@type\":\"EntryPoint\",\"urlTemplate\":\"https:\\\/\\\/www.inmsol.com\\\/es\\\/?s={search_term_string}\"},\"query-input\":{\"@type\":\"PropertyValueSpecification\",\"valueRequired\":true,\"valueName\":\"search_term_string\"}}],\"inLanguage\":\"es\"},{\"@type\":\"Organization\",\"@id\":\"https:\\\/\\\/www.inmsol.com\\\/es\\\/#organization\",\"name\":\"Instituto Mediterr\u00e1neo Sol\",\"url\":\"https:\\\/\\\/www.inmsol.com\\\/es\\\/\",\"logo\":{\"@type\":\"ImageObject\",\"inLanguage\":\"es\",\"@id\":\"https:\\\/\\\/www.inmsol.com\\\/es\\\/#\\\/schema\\\/logo\\\/image\\\/\",\"url\":\"https:\\\/\\\/www.inmsol.com\\\/wp-content\\\/uploads\\\/2023\\\/06\\\/logo-inmsol-1.png\",\"contentUrl\":\"https:\\\/\\\/www.inmsol.com\\\/wp-content\\\/uploads\\\/2023\\\/06\\\/logo-inmsol-1.png\",\"width\":136,\"height\":73,\"caption\":\"Instituto Mediterr\u00e1neo Sol\"},\"image\":{\"@id\":\"https:\\\/\\\/www.inmsol.com\\\/es\\\/#\\\/schema\\\/logo\\\/image\\\/\"},\"sameAs\":[\"https:\\\/\\\/www.facebook.com\\\/spanishcourses\",\"https:\\\/\\\/x.com\\\/StudyInGranada\",\"http:\\\/\\\/instagram.com\\\/imsolgranada\",\"https:\\\/\\\/es.linkedin.com\\\/company\\\/imsol-granada\",\"https:\\\/\\\/www.pinterest.es\\\/inmsol\\\/\",\"https:\\\/\\\/www.youtube.com\\\/channel\\\/UChz-Qn_7coFMosY85iYMO4g\"]},{\"@type\":\"Person\",\"@id\":\"https:\\\/\\\/www.inmsol.com\\\/es\\\/#\\\/schema\\\/person\\\/18f18acd0397ef441e373e79ec3eb6ea\",\"name\":\"Javier Torres\",\"image\":{\"@type\":\"ImageObject\",\"inLanguage\":\"es\",\"@id\":\"https:\\\/\\\/secure.gravatar.com\\\/avatar\\\/90afa2d6499550218d247408758082af566e5ec3641e1b8eac0d7bb889344a55?s=96&d=mm&r=g\",\"url\":\"https:\\\/\\\/secure.gravatar.com\\\/avatar\\\/90afa2d6499550218d247408758082af566e5ec3641e1b8eac0d7bb889344a55?s=96&d=mm&r=g\",\"contentUrl\":\"https:\\\/\\\/secure.gravatar.com\\\/avatar\\\/90afa2d6499550218d247408758082af566e5ec3641e1b8eac0d7bb889344a55?s=96&d=mm&r=g\",\"caption\":\"Javier Torres\"},\"url\":\"https:\\\/\\\/www.inmsol.com\\\/es\\\/author\\\/javier\\\/\"}]}<\/script>\n<!-- \/ Yoast SEO plugin. -->","yoast_head_json":{"title":"Fallece el escritor Gabriel Garc\u00eda M\u00e1rquez: | INMSOL","description":"Uno de los escritores m\u00e1s importantes de nuestro tiempo, ha muerto. Todos estamos de luto. Nos referimos a Gabriel Garc\u00eda M\u00e1rquez. Vamos a leer todo.","robots":{"index":"index","follow":"follow","max-snippet":"max-snippet:-1","max-image-preview":"max-image-preview:large","max-video-preview":"max-video-preview:-1"},"canonical":"https:\/\/www.inmsol.com\/es\/blog-escuela\/noticias\/fallece-gabriel-garcia-marquez\/","og_locale":"es_ES","og_type":"article","og_title":"Fallece el escritor Gabriel Garc\u00eda M\u00e1rquez: | INMSOL","og_description":"Uno de los escritores m\u00e1s importantes de nuestro tiempo, ha muerto. Todos estamos de luto. Nos referimos a Gabriel Garc\u00eda M\u00e1rquez. Vamos a leer todo.","og_url":"https:\/\/www.inmsol.com\/es\/blog-escuela\/noticias\/fallece-gabriel-garcia-marquez\/","og_site_name":"iNMSOL","article_publisher":"https:\/\/www.facebook.com\/spanishcourses","article_published_time":"2014-04-21T10:08:14+00:00","article_modified_time":"2019-04-23T21:13:50+00:00","og_image":[{"width":1104,"height":853,"url":"https:\/\/www.inmsol.com\/wp-content\/uploads\/2014\/04\/gabo.jpg","type":"image\/jpeg"}],"author":"Javier Torres","twitter_misc":{"Escrito por":"Javier Torres","Tiempo de lectura":"1 minuto"},"schema":{"@context":"https:\/\/schema.org","@graph":[{"@type":"Article","@id":"https:\/\/www.inmsol.com\/es\/blog-escuela\/noticias\/fallece-gabriel-garcia-marquez\/#article","isPartOf":{"@id":"https:\/\/www.inmsol.com\/es\/blog-escuela\/noticias\/fallece-gabriel-garcia-marquez\/"},"author":{"name":"Javier Torres","@id":"https:\/\/www.inmsol.com\/es\/#\/schema\/person\/18f18acd0397ef441e373e79ec3eb6ea"},"headline":"Fallece el escritor Gabriel Garc\u00eda M\u00e1rquez: luto en en mundo de la literatura","datePublished":"2014-04-21T10:08:14+00:00","dateModified":"2019-04-23T21:13:50+00:00","mainEntityOfPage":{"@id":"https:\/\/www.inmsol.com\/es\/blog-escuela\/noticias\/fallece-gabriel-garcia-marquez\/"},"wordCount":238,"publisher":{"@id":"https:\/\/www.inmsol.com\/es\/#organization"},"image":{"@id":"https:\/\/www.inmsol.com\/es\/blog-escuela\/noticias\/fallece-gabriel-garcia-marquez\/#primaryimage"},"thumbnailUrl":"https:\/\/www.inmsol.com\/wp-content\/uploads\/2014\/04\/gabo.jpg","articleSection":["Noticias y Servicios iNMSOL"],"inLanguage":"es"},{"@type":"WebPage","@id":"https:\/\/www.inmsol.com\/es\/blog-escuela\/noticias\/fallece-gabriel-garcia-marquez\/","url":"https:\/\/www.inmsol.com\/es\/blog-escuela\/noticias\/fallece-gabriel-garcia-marquez\/","name":"Fallece el escritor Gabriel Garc\u00eda M\u00e1rquez: | INMSOL","isPartOf":{"@id":"https:\/\/www.inmsol.com\/es\/#website"},"primaryImageOfPage":{"@id":"https:\/\/www.inmsol.com\/es\/blog-escuela\/noticias\/fallece-gabriel-garcia-marquez\/#primaryimage"},"image":{"@id":"https:\/\/www.inmsol.com\/es\/blog-escuela\/noticias\/fallece-gabriel-garcia-marquez\/#primaryimage"},"thumbnailUrl":"https:\/\/www.inmsol.com\/wp-content\/uploads\/2014\/04\/gabo.jpg","datePublished":"2014-04-21T10:08:14+00:00","dateModified":"2019-04-23T21:13:50+00:00","description":"Uno de los escritores m\u00e1s importantes de nuestro tiempo, ha muerto. Todos estamos de luto. Nos referimos a Gabriel Garc\u00eda M\u00e1rquez. Vamos a leer todo.","breadcrumb":{"@id":"https:\/\/www.inmsol.com\/es\/blog-escuela\/noticias\/fallece-gabriel-garcia-marquez\/#breadcrumb"},"inLanguage":"es","potentialAction":[{"@type":"ReadAction","target":["https:\/\/www.inmsol.com\/es\/blog-escuela\/noticias\/fallece-gabriel-garcia-marquez\/"]}]},{"@type":"ImageObject","inLanguage":"es","@id":"https:\/\/www.inmsol.com\/es\/blog-escuela\/noticias\/fallece-gabriel-garcia-marquez\/#primaryimage","url":"https:\/\/www.inmsol.com\/wp-content\/uploads\/2014\/04\/gabo.jpg","contentUrl":"https:\/\/www.inmsol.com\/wp-content\/uploads\/2014\/04\/gabo.jpg","width":1104,"height":853},{"@type":"BreadcrumbList","@id":"https:\/\/www.inmsol.com\/es\/blog-escuela\/noticias\/fallece-gabriel-garcia-marquez\/#breadcrumb","itemListElement":[{"@type":"ListItem","position":1,"name":"Accredited Center by Instituto Cervantes","item":"https:\/\/www.inmsol.com\/es\/pagina-ejemplo\/"},{"@type":"ListItem","position":2,"name":"Blog Escuela Espa\u00f1ol","item":"https:\/\/www.inmsol.com\/es\/category\/blog-escuela\/"},{"@type":"ListItem","position":3,"name":"Noticias y Servicios iNMSOL","item":"https:\/\/www.inmsol.com\/es\/category\/blog-escuela\/noticias\/"},{"@type":"ListItem","position":4,"name":"Fallece el escritor Gabriel Garc\u00eda M\u00e1rquez: luto en en mundo de la literatura"}]},{"@type":"WebSite","@id":"https:\/\/www.inmsol.com\/es\/#website","url":"https:\/\/www.inmsol.com\/es\/","name":"iNMSOL","description":"Aprenda Espa\u00f1ol con iNMSOL en Granada | Centro Acreditado por el Instituto Cervantes","publisher":{"@id":"https:\/\/www.inmsol.com\/es\/#organization"},"potentialAction":[{"@type":"SearchAction","target":{"@type":"EntryPoint","urlTemplate":"https:\/\/www.inmsol.com\/es\/?s={search_term_string}"},"query-input":{"@type":"PropertyValueSpecification","valueRequired":true,"valueName":"search_term_string"}}],"inLanguage":"es"},{"@type":"Organization","@id":"https:\/\/www.inmsol.com\/es\/#organization","name":"Instituto Mediterr\u00e1neo Sol","url":"https:\/\/www.inmsol.com\/es\/","logo":{"@type":"ImageObject","inLanguage":"es","@id":"https:\/\/www.inmsol.com\/es\/#\/schema\/logo\/image\/","url":"https:\/\/www.inmsol.com\/wp-content\/uploads\/2023\/06\/logo-inmsol-1.png","contentUrl":"https:\/\/www.inmsol.com\/wp-content\/uploads\/2023\/06\/logo-inmsol-1.png","width":136,"height":73,"caption":"Instituto Mediterr\u00e1neo Sol"},"image":{"@id":"https:\/\/www.inmsol.com\/es\/#\/schema\/logo\/image\/"},"sameAs":["https:\/\/www.facebook.com\/spanishcourses","https:\/\/x.com\/StudyInGranada","http:\/\/instagram.com\/imsolgranada","https:\/\/es.linkedin.com\/company\/imsol-granada","https:\/\/www.pinterest.es\/inmsol\/","https:\/\/www.youtube.com\/channel\/UChz-Qn_7coFMosY85iYMO4g"]},{"@type":"Person","@id":"https:\/\/www.inmsol.com\/es\/#\/schema\/person\/18f18acd0397ef441e373e79ec3eb6ea","name":"Javier Torres","image":{"@type":"ImageObject","inLanguage":"es","@id":"https:\/\/secure.gravatar.com\/avatar\/90afa2d6499550218d247408758082af566e5ec3641e1b8eac0d7bb889344a55?s=96&d=mm&r=g","url":"https:\/\/secure.gravatar.com\/avatar\/90afa2d6499550218d247408758082af566e5ec3641e1b8eac0d7bb889344a55?s=96&d=mm&r=g","contentUrl":"https:\/\/secure.gravatar.com\/avatar\/90afa2d6499550218d247408758082af566e5ec3641e1b8eac0d7bb889344a55?s=96&d=mm&r=g","caption":"Javier Torres"},"url":"https:\/\/www.inmsol.com\/es\/author\/javier\/"}]}},"_links":{"self":[{"href":"https:\/\/www.inmsol.com\/es\/wp-json\/wp\/v2\/posts\/1395","targetHints":{"allow":["GET"]}}],"collection":[{"href":"https:\/\/www.inmsol.com\/es\/wp-json\/wp\/v2\/posts"}],"about":[{"href":"https:\/\/www.inmsol.com\/es\/wp-json\/wp\/v2\/types\/post"}],"author":[{"embeddable":true,"href":"https:\/\/www.inmsol.com\/es\/wp-json\/wp\/v2\/users\/2"}],"replies":[{"embeddable":true,"href":"https:\/\/www.inmsol.com\/es\/wp-json\/wp\/v2\/comments?post=1395"}],"version-history":[{"count":0,"href":"https:\/\/www.inmsol.com\/es\/wp-json\/wp\/v2\/posts\/1395\/revisions"}],"wp:featuredmedia":[{"embeddable":true,"href":"https:\/\/www.inmsol.com\/es\/wp-json\/wp\/v2\/media\/2897"}],"wp:attachment":[{"href":"https:\/\/www.inmsol.com\/es\/wp-json\/wp\/v2\/media?parent=1395"}],"wp:term":[{"taxonomy":"category","embeddable":true,"href":"https:\/\/www.inmsol.com\/es\/wp-json\/wp\/v2\/categories?post=1395"},{"taxonomy":"post_tag","embeddable":true,"href":"https:\/\/www.inmsol.com\/es\/wp-json\/wp\/v2\/tags?post=1395"}],"curies":[{"name":"wp","href":"https:\/\/api.w.org\/{rel}","templated":true}]}}