{"id":14129,"date":"2015-02-06T14:06:45","date_gmt":"2015-02-06T13:06:45","guid":{"rendered":"https:\/\/www.inmsol.com\/?p=14129"},"modified":"2019-04-23T23:07:45","modified_gmt":"2019-04-23T21:07:45","slug":"plazo-limite-solicitud-becas-erasmus","status":"publish","type":"post","link":"https:\/\/www.inmsol.com\/es\/blog-escuela\/erasmus\/plazo-limite-solicitud-becas-erasmus\/","title":{"rendered":"Plazo l\u00edmite solicitud becas Erasmus +"},"content":{"rendered":"<p>Para aquellos profesores interesados en realizar cursos de formaci\u00f3n dentro del programa Erasmus +, os informamos de que el plazo l\u00edmite para la solicitud de becas es el d\u00eda 17 de marzo. As\u00ed que si est\u00e1is pensando en hacer un curso de formaci\u00f3n, aqu\u00ed ten\u00e9is los datos de nuestra escuela para la convocatoria:<\/p>\n<ul>\n<li><strong>Nombre:<\/strong> Instituto Mediterr\u00e1neo Sol S.U.R.L.<\/li>\n<li><strong>Direcci\u00f3n:<\/strong> C\/ Enriqueta Lozano n\u00ba 17 \u2013 18009 Granada \u2013 ESPA\u00d1A<\/li>\n<li><strong>Tel:<\/strong> + 34 958 293732 \/ 958 225169 <strong>\u00a0Fax: <\/strong>+ 34 958 293732<\/li>\n<li><strong>Web:<\/strong> <a href=\"http:\/\/www.cursos-profesores-ele.com\">cursos-profesores-ele.com<\/a> \u00a0\u00a0\u00a0<a href=\"https:\/\/www.inmsol.com\/\">nueva.inmsol.com<\/a><\/li>\n<li><strong>Datos Registrales:<\/strong> Inscrita en el registro Mercantil de Granada, Tomo 485, Folio 213, Hoja N\u00ba GR3554<\/li>\n<li><strong>I.F.:<\/strong> B18314468 <strong>N\u00famero de operador intracomunitario:<\/strong> ES B18314468<\/li>\n<li><strong>N\u00famero PIC (Erasmus +):<\/strong> 946526292<\/li>\n<li>Datos de referencia de inclusi\u00f3n de nuestros <strong>Cursos de Formaci\u00f3n de Profesores de Espa\u00f1ol como Lengua Extranjera<\/strong> en el <strong>cat\u00e1logo Grundtvig &#8211; Comenius<\/strong> desde el\u00a0 a\u00f1o 2011: ES-2011-309-034 \u00a0\/\u00a0ES-2013-369-001\u00a0 \/\u00a0 \u00a0ES- 2014-385-001<\/li>\n<\/ul>\n<p><img fetchpriority=\"high\" decoding=\"async\" class=\" wp-image-14108 aligncenter\" src=\"https:\/\/www.inmsol.com\/wp-content\/uploads\/2015\/02\/Erasmus-plus-422x300.jpg\" alt=\"Erasmus plus\" width=\"288\" height=\"204\" srcset=\"https:\/\/www.inmsol.com\/wp-content\/uploads\/2015\/02\/Erasmus-plus-422x300.jpg 422w, https:\/\/www.inmsol.com\/wp-content\/uploads\/2015\/02\/Erasmus-plus-800x569.jpg 800w, https:\/\/www.inmsol.com\/wp-content\/uploads\/2015\/02\/Erasmus-plus-64x46.jpg 64w, https:\/\/www.inmsol.com\/wp-content\/uploads\/2015\/02\/Erasmus-plus.jpg 1024w, https:\/\/www.inmsol.com\/wp-content\/uploads\/2015\/02\/Erasmus-plus-200x142.jpg 200w, https:\/\/www.inmsol.com\/wp-content\/uploads\/2015\/02\/Erasmus-plus-250x178.jpg 250w, https:\/\/www.inmsol.com\/wp-content\/uploads\/2015\/02\/Erasmus-plus-563x400.jpg 563w\" sizes=\"(max-width: 288px) 100vw, 288px\" \/><\/p>\n<p>&nbsp;<\/p>\n<p>&nbsp;<\/p>\n<p>&nbsp;<\/p>\n","protected":false},"excerpt":{"rendered":"<p>Para aquellos profesores interesados en realizar cursos de formaci\u00f3n dentro del programa Erasmus +, os informamos de que el plazo l\u00edmite para la solicitud de becas es el d\u00eda 17 de marzo. As\u00ed que si est\u00e1is pensando en hacer un curso de formaci\u00f3n, aqu\u00ed ten\u00e9is&#8230;<\/p>\n","protected":false},"author":3,"featured_media":14108,"comment_status":"closed","ping_status":"closed","sticky":false,"template":"","format":"standard","meta":{"_acf_changed":false,"footnotes":""},"categories":[271],"tags":[],"class_list":["post-14129","post","type-post","status-publish","format-standard","has-post-thumbnail","hentry","category-erasmus"],"acf":[],"yoast_head":"<!-- This site is optimized with the Yoast SEO plugin v27.5 - https:\/\/yoast.com\/product\/yoast-seo-wordpress\/ -->\n<title>Plazo l\u00edmite solicitud becas Erasmus + &#8226; iNMSOL<\/title>\n<meta name=\"description\" content=\"Para aquellos profesores interesados en realizar cursos de formaci\u00f3n dentro del programa Erasmus +, os informamos de que el plazo l\u00edmite para la solicitud de becas es el d\u00eda 17 de marzo.\" \/>\n<meta name=\"robots\" content=\"index, follow, max-snippet:-1, max-image-preview:large, max-video-preview:-1\" \/>\n<link rel=\"canonical\" href=\"https:\/\/www.inmsol.com\/es\/blog-escuela\/erasmus\/plazo-limite-solicitud-becas-erasmus\/\" \/>\n<meta property=\"og:locale\" content=\"es_ES\" \/>\n<meta property=\"og:type\" content=\"article\" \/>\n<meta property=\"og:title\" content=\"Plazo l\u00edmite solicitud becas Erasmus + &#8226; iNMSOL\" \/>\n<meta property=\"og:description\" content=\"Para aquellos profesores interesados en realizar cursos de formaci\u00f3n dentro del programa Erasmus +, os informamos de que el plazo l\u00edmite para la solicitud de becas es el d\u00eda 17 de marzo.\" \/>\n<meta property=\"og:url\" content=\"https:\/\/www.inmsol.com\/es\/blog-escuela\/erasmus\/plazo-limite-solicitud-becas-erasmus\/\" \/>\n<meta property=\"og:site_name\" content=\"iNMSOL\" \/>\n<meta property=\"article:publisher\" content=\"https:\/\/www.facebook.com\/spanishcourses\" \/>\n<meta property=\"article:published_time\" content=\"2015-02-06T13:06:45+00:00\" \/>\n<meta property=\"article:modified_time\" content=\"2019-04-23T21:07:45+00:00\" \/>\n<meta property=\"og:image\" content=\"https:\/\/www.inmsol.com\/wp-content\/uploads\/2015\/02\/Erasmus-plus.jpg\" \/>\n\t<meta property=\"og:image:width\" content=\"1024\" \/>\n\t<meta property=\"og:image:height\" content=\"728\" \/>\n\t<meta property=\"og:image:type\" content=\"image\/jpeg\" \/>\n<meta name=\"author\" content=\"- Instituto Mediterr\u00e1neo Sol\" \/>\n<meta name=\"twitter:label1\" content=\"Escrito por\" \/>\n\t<meta name=\"twitter:data1\" content=\"- Instituto Mediterr\u00e1neo Sol\" \/>\n\t<meta name=\"twitter:label2\" content=\"Tiempo de lectura\" \/>\n\t<meta name=\"twitter:data2\" content=\"1 minuto\" \/>\n<script type=\"application\/ld+json\" class=\"yoast-schema-graph\">{\"@context\":\"https:\\\/\\\/schema.org\",\"@graph\":[{\"@type\":\"Article\",\"@id\":\"https:\\\/\\\/www.inmsol.com\\\/es\\\/blog-escuela\\\/erasmus\\\/plazo-limite-solicitud-becas-erasmus\\\/#article\",\"isPartOf\":{\"@id\":\"https:\\\/\\\/www.inmsol.com\\\/es\\\/blog-escuela\\\/erasmus\\\/plazo-limite-solicitud-becas-erasmus\\\/\"},\"author\":{\"name\":\"- Instituto Mediterr\u00e1neo Sol\",\"@id\":\"https:\\\/\\\/www.inmsol.com\\\/es\\\/#\\\/schema\\\/person\\\/94a7a01d14a56d1fbc49c841ffc57fe9\"},\"headline\":\"Plazo l\u00edmite solicitud becas Erasmus +\",\"datePublished\":\"2015-02-06T13:06:45+00:00\",\"dateModified\":\"2019-04-23T21:07:45+00:00\",\"mainEntityOfPage\":{\"@id\":\"https:\\\/\\\/www.inmsol.com\\\/es\\\/blog-escuela\\\/erasmus\\\/plazo-limite-solicitud-becas-erasmus\\\/\"},\"wordCount\":160,\"publisher\":{\"@id\":\"https:\\\/\\\/www.inmsol.com\\\/es\\\/#organization\"},\"image\":{\"@id\":\"https:\\\/\\\/www.inmsol.com\\\/es\\\/blog-escuela\\\/erasmus\\\/plazo-limite-solicitud-becas-erasmus\\\/#primaryimage\"},\"thumbnailUrl\":\"https:\\\/\\\/www.inmsol.com\\\/wp-content\\\/uploads\\\/2015\\\/02\\\/Erasmus-plus.jpg\",\"articleSection\":[\"Erasmus\"],\"inLanguage\":\"es\"},{\"@type\":\"WebPage\",\"@id\":\"https:\\\/\\\/www.inmsol.com\\\/es\\\/blog-escuela\\\/erasmus\\\/plazo-limite-solicitud-becas-erasmus\\\/\",\"url\":\"https:\\\/\\\/www.inmsol.com\\\/es\\\/blog-escuela\\\/erasmus\\\/plazo-limite-solicitud-becas-erasmus\\\/\",\"name\":\"Plazo l\u00edmite solicitud becas Erasmus + &#8226; iNMSOL\",\"isPartOf\":{\"@id\":\"https:\\\/\\\/www.inmsol.com\\\/es\\\/#website\"},\"primaryImageOfPage\":{\"@id\":\"https:\\\/\\\/www.inmsol.com\\\/es\\\/blog-escuela\\\/erasmus\\\/plazo-limite-solicitud-becas-erasmus\\\/#primaryimage\"},\"image\":{\"@id\":\"https:\\\/\\\/www.inmsol.com\\\/es\\\/blog-escuela\\\/erasmus\\\/plazo-limite-solicitud-becas-erasmus\\\/#primaryimage\"},\"thumbnailUrl\":\"https:\\\/\\\/www.inmsol.com\\\/wp-content\\\/uploads\\\/2015\\\/02\\\/Erasmus-plus.jpg\",\"datePublished\":\"2015-02-06T13:06:45+00:00\",\"dateModified\":\"2019-04-23T21:07:45+00:00\",\"description\":\"Para aquellos profesores interesados en realizar cursos de formaci\u00f3n dentro del programa Erasmus +, os informamos de que el plazo l\u00edmite para la solicitud de becas es el d\u00eda 17 de marzo.\",\"breadcrumb\":{\"@id\":\"https:\\\/\\\/www.inmsol.com\\\/es\\\/blog-escuela\\\/erasmus\\\/plazo-limite-solicitud-becas-erasmus\\\/#breadcrumb\"},\"inLanguage\":\"es\",\"potentialAction\":[{\"@type\":\"ReadAction\",\"target\":[\"https:\\\/\\\/www.inmsol.com\\\/es\\\/blog-escuela\\\/erasmus\\\/plazo-limite-solicitud-becas-erasmus\\\/\"]}]},{\"@type\":\"ImageObject\",\"inLanguage\":\"es\",\"@id\":\"https:\\\/\\\/www.inmsol.com\\\/es\\\/blog-escuela\\\/erasmus\\\/plazo-limite-solicitud-becas-erasmus\\\/#primaryimage\",\"url\":\"https:\\\/\\\/www.inmsol.com\\\/wp-content\\\/uploads\\\/2015\\\/02\\\/Erasmus-plus.jpg\",\"contentUrl\":\"https:\\\/\\\/www.inmsol.com\\\/wp-content\\\/uploads\\\/2015\\\/02\\\/Erasmus-plus.jpg\",\"width\":1024,\"height\":728},{\"@type\":\"BreadcrumbList\",\"@id\":\"https:\\\/\\\/www.inmsol.com\\\/es\\\/blog-escuela\\\/erasmus\\\/plazo-limite-solicitud-becas-erasmus\\\/#breadcrumb\",\"itemListElement\":[{\"@type\":\"ListItem\",\"position\":1,\"name\":\"Accredited Center by Instituto Cervantes\",\"item\":\"https:\\\/\\\/www.inmsol.com\\\/es\\\/pagina-ejemplo\\\/\"},{\"@type\":\"ListItem\",\"position\":2,\"name\":\"Blog Escuela Espa\u00f1ol\",\"item\":\"https:\\\/\\\/www.inmsol.com\\\/es\\\/category\\\/blog-escuela\\\/\"},{\"@type\":\"ListItem\",\"position\":3,\"name\":\"Erasmus\",\"item\":\"https:\\\/\\\/www.inmsol.com\\\/es\\\/category\\\/blog-escuela\\\/erasmus\\\/\"},{\"@type\":\"ListItem\",\"position\":4,\"name\":\"Plazo l\u00edmite solicitud becas Erasmus +\"}]},{\"@type\":\"WebSite\",\"@id\":\"https:\\\/\\\/www.inmsol.com\\\/es\\\/#website\",\"url\":\"https:\\\/\\\/www.inmsol.com\\\/es\\\/\",\"name\":\"iNMSOL\",\"description\":\"Aprenda Espa\u00f1ol con iNMSOL en Granada | Centro Acreditado por el Instituto Cervantes\",\"publisher\":{\"@id\":\"https:\\\/\\\/www.inmsol.com\\\/es\\\/#organization\"},\"potentialAction\":[{\"@type\":\"SearchAction\",\"target\":{\"@type\":\"EntryPoint\",\"urlTemplate\":\"https:\\\/\\\/www.inmsol.com\\\/es\\\/?s={search_term_string}\"},\"query-input\":{\"@type\":\"PropertyValueSpecification\",\"valueRequired\":true,\"valueName\":\"search_term_string\"}}],\"inLanguage\":\"es\"},{\"@type\":\"Organization\",\"@id\":\"https:\\\/\\\/www.inmsol.com\\\/es\\\/#organization\",\"name\":\"Instituto Mediterr\u00e1neo Sol\",\"url\":\"https:\\\/\\\/www.inmsol.com\\\/es\\\/\",\"logo\":{\"@type\":\"ImageObject\",\"inLanguage\":\"es\",\"@id\":\"https:\\\/\\\/www.inmsol.com\\\/es\\\/#\\\/schema\\\/logo\\\/image\\\/\",\"url\":\"https:\\\/\\\/www.inmsol.com\\\/wp-content\\\/uploads\\\/2023\\\/06\\\/logo-inmsol-1.png\",\"contentUrl\":\"https:\\\/\\\/www.inmsol.com\\\/wp-content\\\/uploads\\\/2023\\\/06\\\/logo-inmsol-1.png\",\"width\":136,\"height\":73,\"caption\":\"Instituto Mediterr\u00e1neo Sol\"},\"image\":{\"@id\":\"https:\\\/\\\/www.inmsol.com\\\/es\\\/#\\\/schema\\\/logo\\\/image\\\/\"},\"sameAs\":[\"https:\\\/\\\/www.facebook.com\\\/spanishcourses\",\"https:\\\/\\\/x.com\\\/StudyInGranada\",\"http:\\\/\\\/instagram.com\\\/imsolgranada\",\"https:\\\/\\\/es.linkedin.com\\\/company\\\/imsol-granada\",\"https:\\\/\\\/www.pinterest.es\\\/inmsol\\\/\",\"https:\\\/\\\/www.youtube.com\\\/channel\\\/UChz-Qn_7coFMosY85iYMO4g\"]},{\"@type\":\"Person\",\"@id\":\"https:\\\/\\\/www.inmsol.com\\\/es\\\/#\\\/schema\\\/person\\\/94a7a01d14a56d1fbc49c841ffc57fe9\",\"name\":\"- Instituto Mediterr\u00e1neo Sol\",\"image\":{\"@type\":\"ImageObject\",\"inLanguage\":\"es\",\"@id\":\"https:\\\/\\\/secure.gravatar.com\\\/avatar\\\/5607fdabdf1b548b6095cc3d43079829bc1497403e70dd34004e7204a8fef62b?s=96&d=mm&r=g\",\"url\":\"https:\\\/\\\/secure.gravatar.com\\\/avatar\\\/5607fdabdf1b548b6095cc3d43079829bc1497403e70dd34004e7204a8fef62b?s=96&d=mm&r=g\",\"contentUrl\":\"https:\\\/\\\/secure.gravatar.com\\\/avatar\\\/5607fdabdf1b548b6095cc3d43079829bc1497403e70dd34004e7204a8fef62b?s=96&d=mm&r=g\",\"caption\":\"- Instituto Mediterr\u00e1neo Sol\"},\"url\":\"https:\\\/\\\/www.inmsol.com\\\/es\\\/author\\\/laura\\\/\"}]}<\/script>\n<!-- \/ Yoast SEO plugin. -->","yoast_head_json":{"title":"Plazo l\u00edmite solicitud becas Erasmus + &#8226; iNMSOL","description":"Para aquellos profesores interesados en realizar cursos de formaci\u00f3n dentro del programa Erasmus +, os informamos de que el plazo l\u00edmite para la solicitud de becas es el d\u00eda 17 de marzo.","robots":{"index":"index","follow":"follow","max-snippet":"max-snippet:-1","max-image-preview":"max-image-preview:large","max-video-preview":"max-video-preview:-1"},"canonical":"https:\/\/www.inmsol.com\/es\/blog-escuela\/erasmus\/plazo-limite-solicitud-becas-erasmus\/","og_locale":"es_ES","og_type":"article","og_title":"Plazo l\u00edmite solicitud becas Erasmus + &#8226; iNMSOL","og_description":"Para aquellos profesores interesados en realizar cursos de formaci\u00f3n dentro del programa Erasmus +, os informamos de que el plazo l\u00edmite para la solicitud de becas es el d\u00eda 17 de marzo.","og_url":"https:\/\/www.inmsol.com\/es\/blog-escuela\/erasmus\/plazo-limite-solicitud-becas-erasmus\/","og_site_name":"iNMSOL","article_publisher":"https:\/\/www.facebook.com\/spanishcourses","article_published_time":"2015-02-06T13:06:45+00:00","article_modified_time":"2019-04-23T21:07:45+00:00","og_image":[{"width":1024,"height":728,"url":"https:\/\/www.inmsol.com\/wp-content\/uploads\/2015\/02\/Erasmus-plus.jpg","type":"image\/jpeg"}],"author":"- Instituto Mediterr\u00e1neo Sol","twitter_misc":{"Escrito por":"- Instituto Mediterr\u00e1neo Sol","Tiempo de lectura":"1 minuto"},"schema":{"@context":"https:\/\/schema.org","@graph":[{"@type":"Article","@id":"https:\/\/www.inmsol.com\/es\/blog-escuela\/erasmus\/plazo-limite-solicitud-becas-erasmus\/#article","isPartOf":{"@id":"https:\/\/www.inmsol.com\/es\/blog-escuela\/erasmus\/plazo-limite-solicitud-becas-erasmus\/"},"author":{"name":"- Instituto Mediterr\u00e1neo Sol","@id":"https:\/\/www.inmsol.com\/es\/#\/schema\/person\/94a7a01d14a56d1fbc49c841ffc57fe9"},"headline":"Plazo l\u00edmite solicitud becas Erasmus +","datePublished":"2015-02-06T13:06:45+00:00","dateModified":"2019-04-23T21:07:45+00:00","mainEntityOfPage":{"@id":"https:\/\/www.inmsol.com\/es\/blog-escuela\/erasmus\/plazo-limite-solicitud-becas-erasmus\/"},"wordCount":160,"publisher":{"@id":"https:\/\/www.inmsol.com\/es\/#organization"},"image":{"@id":"https:\/\/www.inmsol.com\/es\/blog-escuela\/erasmus\/plazo-limite-solicitud-becas-erasmus\/#primaryimage"},"thumbnailUrl":"https:\/\/www.inmsol.com\/wp-content\/uploads\/2015\/02\/Erasmus-plus.jpg","articleSection":["Erasmus"],"inLanguage":"es"},{"@type":"WebPage","@id":"https:\/\/www.inmsol.com\/es\/blog-escuela\/erasmus\/plazo-limite-solicitud-becas-erasmus\/","url":"https:\/\/www.inmsol.com\/es\/blog-escuela\/erasmus\/plazo-limite-solicitud-becas-erasmus\/","name":"Plazo l\u00edmite solicitud becas Erasmus + &#8226; iNMSOL","isPartOf":{"@id":"https:\/\/www.inmsol.com\/es\/#website"},"primaryImageOfPage":{"@id":"https:\/\/www.inmsol.com\/es\/blog-escuela\/erasmus\/plazo-limite-solicitud-becas-erasmus\/#primaryimage"},"image":{"@id":"https:\/\/www.inmsol.com\/es\/blog-escuela\/erasmus\/plazo-limite-solicitud-becas-erasmus\/#primaryimage"},"thumbnailUrl":"https:\/\/www.inmsol.com\/wp-content\/uploads\/2015\/02\/Erasmus-plus.jpg","datePublished":"2015-02-06T13:06:45+00:00","dateModified":"2019-04-23T21:07:45+00:00","description":"Para aquellos profesores interesados en realizar cursos de formaci\u00f3n dentro del programa Erasmus +, os informamos de que el plazo l\u00edmite para la solicitud de becas es el d\u00eda 17 de marzo.","breadcrumb":{"@id":"https:\/\/www.inmsol.com\/es\/blog-escuela\/erasmus\/plazo-limite-solicitud-becas-erasmus\/#breadcrumb"},"inLanguage":"es","potentialAction":[{"@type":"ReadAction","target":["https:\/\/www.inmsol.com\/es\/blog-escuela\/erasmus\/plazo-limite-solicitud-becas-erasmus\/"]}]},{"@type":"ImageObject","inLanguage":"es","@id":"https:\/\/www.inmsol.com\/es\/blog-escuela\/erasmus\/plazo-limite-solicitud-becas-erasmus\/#primaryimage","url":"https:\/\/www.inmsol.com\/wp-content\/uploads\/2015\/02\/Erasmus-plus.jpg","contentUrl":"https:\/\/www.inmsol.com\/wp-content\/uploads\/2015\/02\/Erasmus-plus.jpg","width":1024,"height":728},{"@type":"BreadcrumbList","@id":"https:\/\/www.inmsol.com\/es\/blog-escuela\/erasmus\/plazo-limite-solicitud-becas-erasmus\/#breadcrumb","itemListElement":[{"@type":"ListItem","position":1,"name":"Accredited Center by Instituto Cervantes","item":"https:\/\/www.inmsol.com\/es\/pagina-ejemplo\/"},{"@type":"ListItem","position":2,"name":"Blog Escuela Espa\u00f1ol","item":"https:\/\/www.inmsol.com\/es\/category\/blog-escuela\/"},{"@type":"ListItem","position":3,"name":"Erasmus","item":"https:\/\/www.inmsol.com\/es\/category\/blog-escuela\/erasmus\/"},{"@type":"ListItem","position":4,"name":"Plazo l\u00edmite solicitud becas Erasmus +"}]},{"@type":"WebSite","@id":"https:\/\/www.inmsol.com\/es\/#website","url":"https:\/\/www.inmsol.com\/es\/","name":"iNMSOL","description":"Aprenda Espa\u00f1ol con iNMSOL en Granada | Centro Acreditado por el Instituto Cervantes","publisher":{"@id":"https:\/\/www.inmsol.com\/es\/#organization"},"potentialAction":[{"@type":"SearchAction","target":{"@type":"EntryPoint","urlTemplate":"https:\/\/www.inmsol.com\/es\/?s={search_term_string}"},"query-input":{"@type":"PropertyValueSpecification","valueRequired":true,"valueName":"search_term_string"}}],"inLanguage":"es"},{"@type":"Organization","@id":"https:\/\/www.inmsol.com\/es\/#organization","name":"Instituto Mediterr\u00e1neo Sol","url":"https:\/\/www.inmsol.com\/es\/","logo":{"@type":"ImageObject","inLanguage":"es","@id":"https:\/\/www.inmsol.com\/es\/#\/schema\/logo\/image\/","url":"https:\/\/www.inmsol.com\/wp-content\/uploads\/2023\/06\/logo-inmsol-1.png","contentUrl":"https:\/\/www.inmsol.com\/wp-content\/uploads\/2023\/06\/logo-inmsol-1.png","width":136,"height":73,"caption":"Instituto Mediterr\u00e1neo Sol"},"image":{"@id":"https:\/\/www.inmsol.com\/es\/#\/schema\/logo\/image\/"},"sameAs":["https:\/\/www.facebook.com\/spanishcourses","https:\/\/x.com\/StudyInGranada","http:\/\/instagram.com\/imsolgranada","https:\/\/es.linkedin.com\/company\/imsol-granada","https:\/\/www.pinterest.es\/inmsol\/","https:\/\/www.youtube.com\/channel\/UChz-Qn_7coFMosY85iYMO4g"]},{"@type":"Person","@id":"https:\/\/www.inmsol.com\/es\/#\/schema\/person\/94a7a01d14a56d1fbc49c841ffc57fe9","name":"- Instituto Mediterr\u00e1neo Sol","image":{"@type":"ImageObject","inLanguage":"es","@id":"https:\/\/secure.gravatar.com\/avatar\/5607fdabdf1b548b6095cc3d43079829bc1497403e70dd34004e7204a8fef62b?s=96&d=mm&r=g","url":"https:\/\/secure.gravatar.com\/avatar\/5607fdabdf1b548b6095cc3d43079829bc1497403e70dd34004e7204a8fef62b?s=96&d=mm&r=g","contentUrl":"https:\/\/secure.gravatar.com\/avatar\/5607fdabdf1b548b6095cc3d43079829bc1497403e70dd34004e7204a8fef62b?s=96&d=mm&r=g","caption":"- Instituto Mediterr\u00e1neo Sol"},"url":"https:\/\/www.inmsol.com\/es\/author\/laura\/"}]}},"_links":{"self":[{"href":"https:\/\/www.inmsol.com\/es\/wp-json\/wp\/v2\/posts\/14129","targetHints":{"allow":["GET"]}}],"collection":[{"href":"https:\/\/www.inmsol.com\/es\/wp-json\/wp\/v2\/posts"}],"about":[{"href":"https:\/\/www.inmsol.com\/es\/wp-json\/wp\/v2\/types\/post"}],"author":[{"embeddable":true,"href":"https:\/\/www.inmsol.com\/es\/wp-json\/wp\/v2\/users\/3"}],"replies":[{"embeddable":true,"href":"https:\/\/www.inmsol.com\/es\/wp-json\/wp\/v2\/comments?post=14129"}],"version-history":[{"count":0,"href":"https:\/\/www.inmsol.com\/es\/wp-json\/wp\/v2\/posts\/14129\/revisions"}],"wp:featuredmedia":[{"embeddable":true,"href":"https:\/\/www.inmsol.com\/es\/wp-json\/wp\/v2\/media\/14108"}],"wp:attachment":[{"href":"https:\/\/www.inmsol.com\/es\/wp-json\/wp\/v2\/media?parent=14129"}],"wp:term":[{"taxonomy":"category","embeddable":true,"href":"https:\/\/www.inmsol.com\/es\/wp-json\/wp\/v2\/categories?post=14129"},{"taxonomy":"post_tag","embeddable":true,"href":"https:\/\/www.inmsol.com\/es\/wp-json\/wp\/v2\/tags?post=14129"}],"curies":[{"name":"wp","href":"https:\/\/api.w.org\/{rel}","templated":true}]}}