{"id":14363,"date":"2015-02-20T12:12:30","date_gmt":"2015-02-20T11:12:30","guid":{"rendered":"https:\/\/www.inmsol.com\/?p=14363"},"modified":"2019-04-23T23:03:55","modified_gmt":"2019-04-23T21:03:55","slug":"una-mezcla-de-operas-clasicas-y-futuristas-en-la-representacion-de-lorca","status":"publish","type":"post","link":"https:\/\/www.inmsol.com\/es\/blog-escuela\/eventos-granada\/una-mezcla-de-operas-clasicas-y-futuristas-en-la-representacion-de-lorca\/","title":{"rendered":"Una mezcla de \u00f3peras cl\u00e1sicas y futuristas en la representaci\u00f3n de Lorca"},"content":{"rendered":"<p><strong>Del 24 de febrero al 13 de marzo de 2015,<\/strong>\u00a0en el\u00a0<strong>Teatro Real<\/strong>\u00a0de Madrid,\u00a0\u00a0va a ser representada una \u00f3pera dirigida por el <strong>director Mauricio Sotelo<\/strong>\u00a0y basada en el texto de\u00a0<strong>Federico Garc\u00eda Lorca<\/strong>\u00a0<strong>\u201cEl P\u00fablico\u201d<\/strong>. En esta obra se fusionan flamenco y m\u00fasica electr\u00f3nica en un \u00fanico elemento cl\u00e1sico y futurista.<img fetchpriority=\"high\" decoding=\"async\" class=\"alignright size-full wp-image-14353\" src=\"https:\/\/www.inmsol.com\/wp-content\/uploads\/2015\/02\/El-P\u00fablico.jpg\" alt=\"El P\u00fablico\" width=\"274\" height=\"184\" srcset=\"https:\/\/www.inmsol.com\/wp-content\/uploads\/2015\/02\/El-P\u00fablico.jpg 274w, https:\/\/www.inmsol.com\/wp-content\/uploads\/2015\/02\/El-P\u00fablico-200x134.jpg 200w, https:\/\/www.inmsol.com\/wp-content\/uploads\/2015\/02\/El-P\u00fablico-250x168.jpg 250w\" sizes=\"(max-width: 274px) 100vw, 274px\" \/><\/p>\n<p>Los temas sobre los que Lorca escribi\u00f3, y que son actuales tambi\u00e9n hoy en d\u00eda, son principalmente dos:\u00a0<strong>la libertad sexual<\/strong>\u00a0y <strong>la idea de la m\u00e1scara<\/strong>, que expresa\u00a0\u00a0como el teatro al aire libre representa al teatro convencional y burgu\u00e9s. Ambos temas son h\u00e1bilmente utilizados por Sotelo para representar a una Espa\u00f1a moderna.<\/p>\n<p>Aunque escrita por Lorca en el <strong>1930<\/strong>, esta obra no se estrenar\u00eda hasta el 1987, 51 a\u00f1os despu\u00e9s del homicidio del escritor, que poco antes de morir dej\u00f3 su obra inacabada a su amigo Mart\u00ednez Nadal en Madrid.<\/p>\n<p>Como todas las obras de Lorca se caracterizan por una fuerte\u00a0<strong>presencia de s\u00edmbolos<\/strong>, de la misma manera \u201cEl P\u00fablico\u201d incluye algunos elementos cl\u00e1sicos de la escritura lorquiana: tres caballos simbolizan el deseo er\u00f3tico y la fuerza irracional de la naturaleza. Estos tres personajes son personificados por dos cantores y un bailaor, encontr\u00e1ndose\u00a0\u00a0aqu\u00ed\u00a0\u00a0la primera\u00a0<strong>mezcla del teatro con el flamenco<\/strong>.<\/p>\n<p>Adem\u00e1s en los 5 \u201ccuadros\u201d en los que se divide la obra est\u00e1 fuertemente incluido el\u00a0<strong>empleo de la m\u00fasica electr\u00f3nica<\/strong>, que acompa\u00f1a a los 34 m\u00fasicos produciendo el sonido de los efectos ambientales profundos\u00a0\u00a0a trav\u00e9s de 35 altavoces repartidos por todo el teatro.<\/p>\n<p>Esta \u00f3pera promete ser una representaci\u00f3n tan\u00a0<strong>revolucionaria<\/strong>\u00a0como interesante e\u00a0<strong>innovadora.<\/strong>\u00a0Por esto,\u00a0\u00a0os aconsejamos verla si ten\u00e9is ocasi\u00f3n.<\/p>\n<p>&nbsp;<\/p>\n<p>Mayor informaci\u00f3n en\u00a0<a href=\"https:\/\/www.inmsol.com\/es\/blog-escuela\/una-mezcla-de-operas-clasicas-y-futuristas-en-la-representacion-de-lorca\/\">http:\/\/www.hoyesarte.com\/evento\/2015\/02\/la-espana-futura-de-lorca-llega-a-la<\/a>\u00a0opera\/?utm_source=Lorca%20en%20el%20Teatro%20Real%20\/%20Entrevista%20a%20Jean%20Claude%20Gandur%20\/%20Madrid,%20epicentro%20del%20arte%20\/%20Miquel%20Mont&amp;utm_medium=boletin&amp;utm_campaign=boletin<\/p>\n","protected":false},"excerpt":{"rendered":"<p>Del 24 de febrero al 13 de marzo de 2015,\u00a0en el\u00a0Teatro Real\u00a0de Madrid,\u00a0\u00a0va a ser representada una \u00f3pera dirigida por el director Mauricio Sotelo\u00a0y basada en el texto de\u00a0Federico Garc\u00eda Lorca\u00a0\u201cEl P\u00fablico\u201d. En esta obra se fusionan flamenco y m\u00fasica electr\u00f3nica en un \u00fanico elemento&#8230;<\/p>\n","protected":false},"author":3,"featured_media":14353,"comment_status":"closed","ping_status":"closed","sticky":false,"template":"","format":"standard","meta":{"_acf_changed":false,"footnotes":""},"categories":[80],"tags":[],"class_list":["post-14363","post","type-post","status-publish","format-standard","has-post-thumbnail","hentry","category-eventos-granada"],"acf":[],"yoast_head":"<!-- This site is optimized with the Yoast SEO plugin v27.5 - https:\/\/yoast.com\/product\/yoast-seo-wordpress\/ -->\n<title>Una mezcla de \u00f3peras cl\u00e1sicas y futuristas en la representaci\u00f3n de Lorca<\/title>\n<meta name=\"description\" content=\"Del 24 de febrero al 13 de marzo de 2015, en el Teatro Real de Madrid, va a ser representada una \u00f3pera dirigida por el director Mauricio Sotelo y basada en el texto de Federico Garc\u00eda Lorca \u201cEl P\u00fablico\u201d. En esta obra se fusionan flamenco y m\u00fasica electr\u00f3nica en un \u00fanico elemento cl\u00e1sico y futurista.\" \/>\n<meta name=\"robots\" content=\"index, follow, max-snippet:-1, max-image-preview:large, max-video-preview:-1\" \/>\n<link rel=\"canonical\" href=\"https:\/\/www.inmsol.com\/es\/blog-escuela\/eventos-granada\/una-mezcla-de-operas-clasicas-y-futuristas-en-la-representacion-de-lorca\/\" \/>\n<meta property=\"og:locale\" content=\"es_ES\" \/>\n<meta property=\"og:type\" content=\"article\" \/>\n<meta property=\"og:title\" content=\"Una mezcla de \u00f3peras cl\u00e1sicas y futuristas en la representaci\u00f3n de Lorca\" \/>\n<meta property=\"og:description\" content=\"Del 24 de febrero al 13 de marzo de 2015, en el Teatro Real de Madrid, va a ser representada una \u00f3pera dirigida por el director Mauricio Sotelo y basada en el texto de Federico Garc\u00eda Lorca \u201cEl P\u00fablico\u201d. En esta obra se fusionan flamenco y m\u00fasica electr\u00f3nica en un \u00fanico elemento cl\u00e1sico y futurista.\" \/>\n<meta property=\"og:url\" content=\"https:\/\/www.inmsol.com\/es\/blog-escuela\/eventos-granada\/una-mezcla-de-operas-clasicas-y-futuristas-en-la-representacion-de-lorca\/\" \/>\n<meta property=\"og:site_name\" content=\"iNMSOL\" \/>\n<meta property=\"article:publisher\" content=\"https:\/\/www.facebook.com\/spanishcourses\" \/>\n<meta property=\"article:published_time\" content=\"2015-02-20T11:12:30+00:00\" \/>\n<meta property=\"article:modified_time\" content=\"2019-04-23T21:03:55+00:00\" \/>\n<meta property=\"og:image\" content=\"https:\/\/www.inmsol.com\/wp-content\/uploads\/2015\/02\/El-P\u00fablico.jpg\" \/>\n\t<meta property=\"og:image:width\" content=\"274\" \/>\n\t<meta property=\"og:image:height\" content=\"184\" \/>\n\t<meta property=\"og:image:type\" content=\"image\/jpeg\" \/>\n<meta name=\"author\" content=\"- Instituto Mediterr\u00e1neo Sol\" \/>\n<meta name=\"twitter:label1\" content=\"Escrito por\" \/>\n\t<meta name=\"twitter:data1\" content=\"- Instituto Mediterr\u00e1neo Sol\" \/>\n\t<meta name=\"twitter:label2\" content=\"Tiempo de lectura\" \/>\n\t<meta name=\"twitter:data2\" content=\"2 minutos\" \/>\n<script type=\"application\/ld+json\" class=\"yoast-schema-graph\">{\"@context\":\"https:\\\/\\\/schema.org\",\"@graph\":[{\"@type\":\"Article\",\"@id\":\"https:\\\/\\\/www.inmsol.com\\\/es\\\/blog-escuela\\\/eventos-granada\\\/una-mezcla-de-operas-clasicas-y-futuristas-en-la-representacion-de-lorca\\\/#article\",\"isPartOf\":{\"@id\":\"https:\\\/\\\/www.inmsol.com\\\/es\\\/blog-escuela\\\/eventos-granada\\\/una-mezcla-de-operas-clasicas-y-futuristas-en-la-representacion-de-lorca\\\/\"},\"author\":{\"name\":\"- Instituto Mediterr\u00e1neo Sol\",\"@id\":\"https:\\\/\\\/www.inmsol.com\\\/es\\\/#\\\/schema\\\/person\\\/94a7a01d14a56d1fbc49c841ffc57fe9\"},\"headline\":\"Una mezcla de \u00f3peras cl\u00e1sicas y futuristas en la representaci\u00f3n de Lorca\",\"datePublished\":\"2015-02-20T11:12:30+00:00\",\"dateModified\":\"2019-04-23T21:03:55+00:00\",\"mainEntityOfPage\":{\"@id\":\"https:\\\/\\\/www.inmsol.com\\\/es\\\/blog-escuela\\\/eventos-granada\\\/una-mezcla-de-operas-clasicas-y-futuristas-en-la-representacion-de-lorca\\\/\"},\"wordCount\":346,\"publisher\":{\"@id\":\"https:\\\/\\\/www.inmsol.com\\\/es\\\/#organization\"},\"image\":{\"@id\":\"https:\\\/\\\/www.inmsol.com\\\/es\\\/blog-escuela\\\/eventos-granada\\\/una-mezcla-de-operas-clasicas-y-futuristas-en-la-representacion-de-lorca\\\/#primaryimage\"},\"thumbnailUrl\":\"https:\\\/\\\/www.inmsol.com\\\/wp-content\\\/uploads\\\/2015\\\/02\\\/El-P\u00fablico.jpg\",\"articleSection\":[\"Eventos en Granada\"],\"inLanguage\":\"es\"},{\"@type\":\"WebPage\",\"@id\":\"https:\\\/\\\/www.inmsol.com\\\/es\\\/blog-escuela\\\/eventos-granada\\\/una-mezcla-de-operas-clasicas-y-futuristas-en-la-representacion-de-lorca\\\/\",\"url\":\"https:\\\/\\\/www.inmsol.com\\\/es\\\/blog-escuela\\\/eventos-granada\\\/una-mezcla-de-operas-clasicas-y-futuristas-en-la-representacion-de-lorca\\\/\",\"name\":\"Una mezcla de \u00f3peras cl\u00e1sicas y futuristas en la representaci\u00f3n de Lorca\",\"isPartOf\":{\"@id\":\"https:\\\/\\\/www.inmsol.com\\\/es\\\/#website\"},\"primaryImageOfPage\":{\"@id\":\"https:\\\/\\\/www.inmsol.com\\\/es\\\/blog-escuela\\\/eventos-granada\\\/una-mezcla-de-operas-clasicas-y-futuristas-en-la-representacion-de-lorca\\\/#primaryimage\"},\"image\":{\"@id\":\"https:\\\/\\\/www.inmsol.com\\\/es\\\/blog-escuela\\\/eventos-granada\\\/una-mezcla-de-operas-clasicas-y-futuristas-en-la-representacion-de-lorca\\\/#primaryimage\"},\"thumbnailUrl\":\"https:\\\/\\\/www.inmsol.com\\\/wp-content\\\/uploads\\\/2015\\\/02\\\/El-P\u00fablico.jpg\",\"datePublished\":\"2015-02-20T11:12:30+00:00\",\"dateModified\":\"2019-04-23T21:03:55+00:00\",\"description\":\"Del 24 de febrero al 13 de marzo de 2015, en el Teatro Real de Madrid, va a ser representada una \u00f3pera dirigida por el director Mauricio Sotelo y basada en el texto de Federico Garc\u00eda Lorca \u201cEl P\u00fablico\u201d. En esta obra se fusionan flamenco y m\u00fasica electr\u00f3nica en un \u00fanico elemento cl\u00e1sico y futurista.\",\"breadcrumb\":{\"@id\":\"https:\\\/\\\/www.inmsol.com\\\/es\\\/blog-escuela\\\/eventos-granada\\\/una-mezcla-de-operas-clasicas-y-futuristas-en-la-representacion-de-lorca\\\/#breadcrumb\"},\"inLanguage\":\"es\",\"potentialAction\":[{\"@type\":\"ReadAction\",\"target\":[\"https:\\\/\\\/www.inmsol.com\\\/es\\\/blog-escuela\\\/eventos-granada\\\/una-mezcla-de-operas-clasicas-y-futuristas-en-la-representacion-de-lorca\\\/\"]}]},{\"@type\":\"ImageObject\",\"inLanguage\":\"es\",\"@id\":\"https:\\\/\\\/www.inmsol.com\\\/es\\\/blog-escuela\\\/eventos-granada\\\/una-mezcla-de-operas-clasicas-y-futuristas-en-la-representacion-de-lorca\\\/#primaryimage\",\"url\":\"https:\\\/\\\/www.inmsol.com\\\/wp-content\\\/uploads\\\/2015\\\/02\\\/El-P\u00fablico.jpg\",\"contentUrl\":\"https:\\\/\\\/www.inmsol.com\\\/wp-content\\\/uploads\\\/2015\\\/02\\\/El-P\u00fablico.jpg\",\"width\":274,\"height\":184},{\"@type\":\"BreadcrumbList\",\"@id\":\"https:\\\/\\\/www.inmsol.com\\\/es\\\/blog-escuela\\\/eventos-granada\\\/una-mezcla-de-operas-clasicas-y-futuristas-en-la-representacion-de-lorca\\\/#breadcrumb\",\"itemListElement\":[{\"@type\":\"ListItem\",\"position\":1,\"name\":\"Accredited Center by Instituto Cervantes\",\"item\":\"https:\\\/\\\/www.inmsol.com\\\/es\\\/pagina-ejemplo\\\/\"},{\"@type\":\"ListItem\",\"position\":2,\"name\":\"Blog Escuela Espa\u00f1ol\",\"item\":\"https:\\\/\\\/www.inmsol.com\\\/es\\\/category\\\/blog-escuela\\\/\"},{\"@type\":\"ListItem\",\"position\":3,\"name\":\"Eventos en Granada\",\"item\":\"https:\\\/\\\/www.inmsol.com\\\/es\\\/category\\\/blog-escuela\\\/eventos-granada\\\/\"},{\"@type\":\"ListItem\",\"position\":4,\"name\":\"Una mezcla de \u00f3peras cl\u00e1sicas y futuristas en la representaci\u00f3n de Lorca\"}]},{\"@type\":\"WebSite\",\"@id\":\"https:\\\/\\\/www.inmsol.com\\\/es\\\/#website\",\"url\":\"https:\\\/\\\/www.inmsol.com\\\/es\\\/\",\"name\":\"iNMSOL\",\"description\":\"Aprenda Espa\u00f1ol con iNMSOL en Granada | Centro Acreditado por el Instituto Cervantes\",\"publisher\":{\"@id\":\"https:\\\/\\\/www.inmsol.com\\\/es\\\/#organization\"},\"potentialAction\":[{\"@type\":\"SearchAction\",\"target\":{\"@type\":\"EntryPoint\",\"urlTemplate\":\"https:\\\/\\\/www.inmsol.com\\\/es\\\/?s={search_term_string}\"},\"query-input\":{\"@type\":\"PropertyValueSpecification\",\"valueRequired\":true,\"valueName\":\"search_term_string\"}}],\"inLanguage\":\"es\"},{\"@type\":\"Organization\",\"@id\":\"https:\\\/\\\/www.inmsol.com\\\/es\\\/#organization\",\"name\":\"Instituto Mediterr\u00e1neo Sol\",\"url\":\"https:\\\/\\\/www.inmsol.com\\\/es\\\/\",\"logo\":{\"@type\":\"ImageObject\",\"inLanguage\":\"es\",\"@id\":\"https:\\\/\\\/www.inmsol.com\\\/es\\\/#\\\/schema\\\/logo\\\/image\\\/\",\"url\":\"https:\\\/\\\/www.inmsol.com\\\/wp-content\\\/uploads\\\/2023\\\/06\\\/logo-inmsol-1.png\",\"contentUrl\":\"https:\\\/\\\/www.inmsol.com\\\/wp-content\\\/uploads\\\/2023\\\/06\\\/logo-inmsol-1.png\",\"width\":136,\"height\":73,\"caption\":\"Instituto Mediterr\u00e1neo Sol\"},\"image\":{\"@id\":\"https:\\\/\\\/www.inmsol.com\\\/es\\\/#\\\/schema\\\/logo\\\/image\\\/\"},\"sameAs\":[\"https:\\\/\\\/www.facebook.com\\\/spanishcourses\",\"https:\\\/\\\/x.com\\\/StudyInGranada\",\"http:\\\/\\\/instagram.com\\\/imsolgranada\",\"https:\\\/\\\/es.linkedin.com\\\/company\\\/imsol-granada\",\"https:\\\/\\\/www.pinterest.es\\\/inmsol\\\/\",\"https:\\\/\\\/www.youtube.com\\\/channel\\\/UChz-Qn_7coFMosY85iYMO4g\"]},{\"@type\":\"Person\",\"@id\":\"https:\\\/\\\/www.inmsol.com\\\/es\\\/#\\\/schema\\\/person\\\/94a7a01d14a56d1fbc49c841ffc57fe9\",\"name\":\"- Instituto Mediterr\u00e1neo Sol\",\"image\":{\"@type\":\"ImageObject\",\"inLanguage\":\"es\",\"@id\":\"https:\\\/\\\/secure.gravatar.com\\\/avatar\\\/5607fdabdf1b548b6095cc3d43079829bc1497403e70dd34004e7204a8fef62b?s=96&d=mm&r=g\",\"url\":\"https:\\\/\\\/secure.gravatar.com\\\/avatar\\\/5607fdabdf1b548b6095cc3d43079829bc1497403e70dd34004e7204a8fef62b?s=96&d=mm&r=g\",\"contentUrl\":\"https:\\\/\\\/secure.gravatar.com\\\/avatar\\\/5607fdabdf1b548b6095cc3d43079829bc1497403e70dd34004e7204a8fef62b?s=96&d=mm&r=g\",\"caption\":\"- Instituto Mediterr\u00e1neo Sol\"},\"url\":\"https:\\\/\\\/www.inmsol.com\\\/es\\\/author\\\/laura\\\/\"}]}<\/script>\n<!-- \/ Yoast SEO plugin. -->","yoast_head_json":{"title":"Una mezcla de \u00f3peras cl\u00e1sicas y futuristas en la representaci\u00f3n de Lorca","description":"Del 24 de febrero al 13 de marzo de 2015, en el Teatro Real de Madrid, va a ser representada una \u00f3pera dirigida por el director Mauricio Sotelo y basada en el texto de Federico Garc\u00eda Lorca \u201cEl P\u00fablico\u201d. En esta obra se fusionan flamenco y m\u00fasica electr\u00f3nica en un \u00fanico elemento cl\u00e1sico y futurista.","robots":{"index":"index","follow":"follow","max-snippet":"max-snippet:-1","max-image-preview":"max-image-preview:large","max-video-preview":"max-video-preview:-1"},"canonical":"https:\/\/www.inmsol.com\/es\/blog-escuela\/eventos-granada\/una-mezcla-de-operas-clasicas-y-futuristas-en-la-representacion-de-lorca\/","og_locale":"es_ES","og_type":"article","og_title":"Una mezcla de \u00f3peras cl\u00e1sicas y futuristas en la representaci\u00f3n de Lorca","og_description":"Del 24 de febrero al 13 de marzo de 2015, en el Teatro Real de Madrid, va a ser representada una \u00f3pera dirigida por el director Mauricio Sotelo y basada en el texto de Federico Garc\u00eda Lorca \u201cEl P\u00fablico\u201d. En esta obra se fusionan flamenco y m\u00fasica electr\u00f3nica en un \u00fanico elemento cl\u00e1sico y futurista.","og_url":"https:\/\/www.inmsol.com\/es\/blog-escuela\/eventos-granada\/una-mezcla-de-operas-clasicas-y-futuristas-en-la-representacion-de-lorca\/","og_site_name":"iNMSOL","article_publisher":"https:\/\/www.facebook.com\/spanishcourses","article_published_time":"2015-02-20T11:12:30+00:00","article_modified_time":"2019-04-23T21:03:55+00:00","og_image":[{"width":274,"height":184,"url":"https:\/\/www.inmsol.com\/wp-content\/uploads\/2015\/02\/El-P\u00fablico.jpg","type":"image\/jpeg"}],"author":"- Instituto Mediterr\u00e1neo Sol","twitter_misc":{"Escrito por":"- Instituto Mediterr\u00e1neo Sol","Tiempo de lectura":"2 minutos"},"schema":{"@context":"https:\/\/schema.org","@graph":[{"@type":"Article","@id":"https:\/\/www.inmsol.com\/es\/blog-escuela\/eventos-granada\/una-mezcla-de-operas-clasicas-y-futuristas-en-la-representacion-de-lorca\/#article","isPartOf":{"@id":"https:\/\/www.inmsol.com\/es\/blog-escuela\/eventos-granada\/una-mezcla-de-operas-clasicas-y-futuristas-en-la-representacion-de-lorca\/"},"author":{"name":"- Instituto Mediterr\u00e1neo Sol","@id":"https:\/\/www.inmsol.com\/es\/#\/schema\/person\/94a7a01d14a56d1fbc49c841ffc57fe9"},"headline":"Una mezcla de \u00f3peras cl\u00e1sicas y futuristas en la representaci\u00f3n de Lorca","datePublished":"2015-02-20T11:12:30+00:00","dateModified":"2019-04-23T21:03:55+00:00","mainEntityOfPage":{"@id":"https:\/\/www.inmsol.com\/es\/blog-escuela\/eventos-granada\/una-mezcla-de-operas-clasicas-y-futuristas-en-la-representacion-de-lorca\/"},"wordCount":346,"publisher":{"@id":"https:\/\/www.inmsol.com\/es\/#organization"},"image":{"@id":"https:\/\/www.inmsol.com\/es\/blog-escuela\/eventos-granada\/una-mezcla-de-operas-clasicas-y-futuristas-en-la-representacion-de-lorca\/#primaryimage"},"thumbnailUrl":"https:\/\/www.inmsol.com\/wp-content\/uploads\/2015\/02\/El-P\u00fablico.jpg","articleSection":["Eventos en Granada"],"inLanguage":"es"},{"@type":"WebPage","@id":"https:\/\/www.inmsol.com\/es\/blog-escuela\/eventos-granada\/una-mezcla-de-operas-clasicas-y-futuristas-en-la-representacion-de-lorca\/","url":"https:\/\/www.inmsol.com\/es\/blog-escuela\/eventos-granada\/una-mezcla-de-operas-clasicas-y-futuristas-en-la-representacion-de-lorca\/","name":"Una mezcla de \u00f3peras cl\u00e1sicas y futuristas en la representaci\u00f3n de Lorca","isPartOf":{"@id":"https:\/\/www.inmsol.com\/es\/#website"},"primaryImageOfPage":{"@id":"https:\/\/www.inmsol.com\/es\/blog-escuela\/eventos-granada\/una-mezcla-de-operas-clasicas-y-futuristas-en-la-representacion-de-lorca\/#primaryimage"},"image":{"@id":"https:\/\/www.inmsol.com\/es\/blog-escuela\/eventos-granada\/una-mezcla-de-operas-clasicas-y-futuristas-en-la-representacion-de-lorca\/#primaryimage"},"thumbnailUrl":"https:\/\/www.inmsol.com\/wp-content\/uploads\/2015\/02\/El-P\u00fablico.jpg","datePublished":"2015-02-20T11:12:30+00:00","dateModified":"2019-04-23T21:03:55+00:00","description":"Del 24 de febrero al 13 de marzo de 2015, en el Teatro Real de Madrid, va a ser representada una \u00f3pera dirigida por el director Mauricio Sotelo y basada en el texto de Federico Garc\u00eda Lorca \u201cEl P\u00fablico\u201d. En esta obra se fusionan flamenco y m\u00fasica electr\u00f3nica en un \u00fanico elemento cl\u00e1sico y futurista.","breadcrumb":{"@id":"https:\/\/www.inmsol.com\/es\/blog-escuela\/eventos-granada\/una-mezcla-de-operas-clasicas-y-futuristas-en-la-representacion-de-lorca\/#breadcrumb"},"inLanguage":"es","potentialAction":[{"@type":"ReadAction","target":["https:\/\/www.inmsol.com\/es\/blog-escuela\/eventos-granada\/una-mezcla-de-operas-clasicas-y-futuristas-en-la-representacion-de-lorca\/"]}]},{"@type":"ImageObject","inLanguage":"es","@id":"https:\/\/www.inmsol.com\/es\/blog-escuela\/eventos-granada\/una-mezcla-de-operas-clasicas-y-futuristas-en-la-representacion-de-lorca\/#primaryimage","url":"https:\/\/www.inmsol.com\/wp-content\/uploads\/2015\/02\/El-P\u00fablico.jpg","contentUrl":"https:\/\/www.inmsol.com\/wp-content\/uploads\/2015\/02\/El-P\u00fablico.jpg","width":274,"height":184},{"@type":"BreadcrumbList","@id":"https:\/\/www.inmsol.com\/es\/blog-escuela\/eventos-granada\/una-mezcla-de-operas-clasicas-y-futuristas-en-la-representacion-de-lorca\/#breadcrumb","itemListElement":[{"@type":"ListItem","position":1,"name":"Accredited Center by Instituto Cervantes","item":"https:\/\/www.inmsol.com\/es\/pagina-ejemplo\/"},{"@type":"ListItem","position":2,"name":"Blog Escuela Espa\u00f1ol","item":"https:\/\/www.inmsol.com\/es\/category\/blog-escuela\/"},{"@type":"ListItem","position":3,"name":"Eventos en Granada","item":"https:\/\/www.inmsol.com\/es\/category\/blog-escuela\/eventos-granada\/"},{"@type":"ListItem","position":4,"name":"Una mezcla de \u00f3peras cl\u00e1sicas y futuristas en la representaci\u00f3n de Lorca"}]},{"@type":"WebSite","@id":"https:\/\/www.inmsol.com\/es\/#website","url":"https:\/\/www.inmsol.com\/es\/","name":"iNMSOL","description":"Aprenda Espa\u00f1ol con iNMSOL en Granada | Centro Acreditado por el Instituto Cervantes","publisher":{"@id":"https:\/\/www.inmsol.com\/es\/#organization"},"potentialAction":[{"@type":"SearchAction","target":{"@type":"EntryPoint","urlTemplate":"https:\/\/www.inmsol.com\/es\/?s={search_term_string}"},"query-input":{"@type":"PropertyValueSpecification","valueRequired":true,"valueName":"search_term_string"}}],"inLanguage":"es"},{"@type":"Organization","@id":"https:\/\/www.inmsol.com\/es\/#organization","name":"Instituto Mediterr\u00e1neo Sol","url":"https:\/\/www.inmsol.com\/es\/","logo":{"@type":"ImageObject","inLanguage":"es","@id":"https:\/\/www.inmsol.com\/es\/#\/schema\/logo\/image\/","url":"https:\/\/www.inmsol.com\/wp-content\/uploads\/2023\/06\/logo-inmsol-1.png","contentUrl":"https:\/\/www.inmsol.com\/wp-content\/uploads\/2023\/06\/logo-inmsol-1.png","width":136,"height":73,"caption":"Instituto Mediterr\u00e1neo Sol"},"image":{"@id":"https:\/\/www.inmsol.com\/es\/#\/schema\/logo\/image\/"},"sameAs":["https:\/\/www.facebook.com\/spanishcourses","https:\/\/x.com\/StudyInGranada","http:\/\/instagram.com\/imsolgranada","https:\/\/es.linkedin.com\/company\/imsol-granada","https:\/\/www.pinterest.es\/inmsol\/","https:\/\/www.youtube.com\/channel\/UChz-Qn_7coFMosY85iYMO4g"]},{"@type":"Person","@id":"https:\/\/www.inmsol.com\/es\/#\/schema\/person\/94a7a01d14a56d1fbc49c841ffc57fe9","name":"- Instituto Mediterr\u00e1neo Sol","image":{"@type":"ImageObject","inLanguage":"es","@id":"https:\/\/secure.gravatar.com\/avatar\/5607fdabdf1b548b6095cc3d43079829bc1497403e70dd34004e7204a8fef62b?s=96&d=mm&r=g","url":"https:\/\/secure.gravatar.com\/avatar\/5607fdabdf1b548b6095cc3d43079829bc1497403e70dd34004e7204a8fef62b?s=96&d=mm&r=g","contentUrl":"https:\/\/secure.gravatar.com\/avatar\/5607fdabdf1b548b6095cc3d43079829bc1497403e70dd34004e7204a8fef62b?s=96&d=mm&r=g","caption":"- Instituto Mediterr\u00e1neo Sol"},"url":"https:\/\/www.inmsol.com\/es\/author\/laura\/"}]}},"_links":{"self":[{"href":"https:\/\/www.inmsol.com\/es\/wp-json\/wp\/v2\/posts\/14363","targetHints":{"allow":["GET"]}}],"collection":[{"href":"https:\/\/www.inmsol.com\/es\/wp-json\/wp\/v2\/posts"}],"about":[{"href":"https:\/\/www.inmsol.com\/es\/wp-json\/wp\/v2\/types\/post"}],"author":[{"embeddable":true,"href":"https:\/\/www.inmsol.com\/es\/wp-json\/wp\/v2\/users\/3"}],"replies":[{"embeddable":true,"href":"https:\/\/www.inmsol.com\/es\/wp-json\/wp\/v2\/comments?post=14363"}],"version-history":[{"count":0,"href":"https:\/\/www.inmsol.com\/es\/wp-json\/wp\/v2\/posts\/14363\/revisions"}],"wp:featuredmedia":[{"embeddable":true,"href":"https:\/\/www.inmsol.com\/es\/wp-json\/wp\/v2\/media\/14353"}],"wp:attachment":[{"href":"https:\/\/www.inmsol.com\/es\/wp-json\/wp\/v2\/media?parent=14363"}],"wp:term":[{"taxonomy":"category","embeddable":true,"href":"https:\/\/www.inmsol.com\/es\/wp-json\/wp\/v2\/categories?post=14363"},{"taxonomy":"post_tag","embeddable":true,"href":"https:\/\/www.inmsol.com\/es\/wp-json\/wp\/v2\/tags?post=14363"}],"curies":[{"name":"wp","href":"https:\/\/api.w.org\/{rel}","templated":true}]}}