{"id":14459,"date":"2015-02-27T11:35:52","date_gmt":"2015-02-27T10:35:52","guid":{"rendered":"https:\/\/www.inmsol.com\/?p=14459"},"modified":"2019-04-23T23:02:36","modified_gmt":"2019-04-23T21:02:36","slug":"en-el-dia-de-andalucia-el-carmen-rodriguez-acosta-abre-sus-puertas-al-publico","status":"publish","type":"post","link":"https:\/\/www.inmsol.com\/es\/blog-escuela\/eventos-granada\/en-el-dia-de-andalucia-el-carmen-rodriguez-acosta-abre-sus-puertas-al-publico\/","title":{"rendered":"En el D\u00eda de Andaluc\u00eda el carmen Rodriguez-Acosta abre sus puertas al p\u00fablico."},"content":{"rendered":"<p>Ma\u00f1ana,\u00a0<strong>el s\u00e1bado 28 de febrero<\/strong>, ser\u00e1 posible visitar excepcionalmente todas las dependencias del <strong>carmen Rodr\u00edguez-Acosta<\/strong>\u00a0con ocasi\u00f3n del\u00a0<strong>D\u00eda de Andaluc\u00eda<\/strong>.<\/p>\n<p>El carmen se construy\u00f3 entre 1916 y 1930 aunque la fundaci\u00f3n fue creada en 1941, despu\u00e9s de la muerte de\u00a0<strong>Jos\u00e9 Mar\u00eda Rodr\u00edguez-Acosta<\/strong>,\u00a0seg\u00fan la voluntad del mismo pintor. El objetivo perseguido por la fundaci\u00f3n es, principalmente, la\u00a0<strong>difusi\u00f3n de la cultura en Andaluc\u00eda<\/strong>.\u00a0Por eso, cada a\u00f1o en el t\u00edpico edificio albaicinero son organizadas exposiciones, conferencias, seminarios y publicaciones dedicadas a la investigaci\u00f3n en torno a estudios sobre Andaluc\u00eda y Granada.<\/p>\n<p>Ma\u00f1ana ser\u00e1 posible\u00a0<strong>visitar las Torres y tambi\u00e9<img fetchpriority=\"high\" decoding=\"async\" class=\"alignright size-medium wp-image-14450\" src=\"https:\/\/www.inmsol.com\/wp-content\/uploads\/2015\/02\/carmen-Rodr\u00edguez-Acosta-400x300.jpg\" alt=\"carmen Rodr\u00edguez-Acosta\" width=\"400\" height=\"300\" srcset=\"https:\/\/www.inmsol.com\/wp-content\/uploads\/2015\/02\/carmen-Rodr\u00edguez-Acosta-400x300.jpg 400w, https:\/\/www.inmsol.com\/wp-content\/uploads\/2015\/02\/carmen-Rodr\u00edguez-Acosta-600x450.jpg 600w, https:\/\/www.inmsol.com\/wp-content\/uploads\/2015\/02\/carmen-Rodr\u00edguez-Acosta-1024x768.jpg 1024w, https:\/\/www.inmsol.com\/wp-content\/uploads\/2015\/02\/carmen-Rodr\u00edguez-Acosta-200x150.jpg 200w, https:\/\/www.inmsol.com\/wp-content\/uploads\/2015\/02\/carmen-Rodr\u00edguez-Acosta-250x188.jpg 250w, https:\/\/www.inmsol.com\/wp-content\/uploads\/2015\/02\/carmen-Rodr\u00edguez-Acosta-533x400.jpg 533w, https:\/\/www.inmsol.com\/wp-content\/uploads\/2015\/02\/carmen-Rodr\u00edguez-Acosta.jpg 1280w\" sizes=\"(max-width: 400px) 100vw, 400px\" \/>n el Estudio de Rodr\u00edguez-Acosta<\/strong>\u00a0en tres visitas guiadas gratuitas organizadas a las\u00a0<strong>11.00, 12.00 y\u00a013.00 horas<\/strong>\u00a0y se llevar\u00e1 a cabo una\u00a0<strong>visita-taller did\u00e1ctica<\/strong>,\u00a0para disfrutar en familia, a las\u00a0<strong>11.30 horas<\/strong>. Todas las visitas incluir\u00e1n un paseo a trav\u00e9s la biblioteca, los jardines, las galer\u00edas subterr\u00e1neas y el museo.<\/p>\n<p>Todos aquellos interesados en visitar este elemento del patrimonio y de la cultura andaluza tienen solamente que\u00a0<strong>retirar previamente las entradas en el palacio de La Madraza<\/strong>, en la calle Oficios.<\/p>\n<p>Pueden encontrar m\u00e1s informaci\u00f3n en la p\u00e1gina oficial de la fundaci\u00f3n\u00a0<a href=\"http:\/\/www.fundacionrodriguezacosta.com\/\">www.fundacionrodriguezacosta.com\/<\/a><\/p>\n","protected":false},"excerpt":{"rendered":"<p>Ma\u00f1ana,\u00a0el s\u00e1bado 28 de febrero, ser\u00e1 posible visitar excepcionalmente todas las dependencias del carmen Rodr\u00edguez-Acosta\u00a0con ocasi\u00f3n del\u00a0D\u00eda de Andaluc\u00eda. El carmen se construy\u00f3 entre 1916 y 1930 aunque la fundaci\u00f3n fue creada en 1941, despu\u00e9s de la muerte de\u00a0Jos\u00e9 Mar\u00eda Rodr\u00edguez-Acosta,\u00a0seg\u00fan la voluntad del mismo&#8230;<\/p>\n","protected":false},"author":3,"featured_media":14450,"comment_status":"closed","ping_status":"closed","sticky":false,"template":"","format":"standard","meta":{"_acf_changed":false,"footnotes":""},"categories":[80],"tags":[],"class_list":["post-14459","post","type-post","status-publish","format-standard","has-post-thumbnail","hentry","category-eventos-granada"],"acf":[],"yoast_head":"<!-- This site is optimized with the Yoast SEO plugin v27.4 - https:\/\/yoast.com\/product\/yoast-seo-wordpress\/ -->\n<title>En el D\u00eda de Andaluc\u00eda el carmen Rodriguez-Acosta abre sus puertas al p\u00fablico.<\/title>\n<meta name=\"robots\" content=\"index, follow, max-snippet:-1, max-image-preview:large, max-video-preview:-1\" \/>\n<link rel=\"canonical\" href=\"https:\/\/www.inmsol.com\/es\/blog-escuela\/eventos-granada\/en-el-dia-de-andalucia-el-carmen-rodriguez-acosta-abre-sus-puertas-al-publico\/\" \/>\n<meta property=\"og:locale\" content=\"es_ES\" \/>\n<meta property=\"og:type\" content=\"article\" \/>\n<meta property=\"og:title\" content=\"En el D\u00eda de Andaluc\u00eda el carmen Rodriguez-Acosta abre sus puertas al p\u00fablico.\" \/>\n<meta property=\"og:description\" content=\"Ma\u00f1ana,\u00a0el s\u00e1bado 28 de febrero, ser\u00e1 posible visitar excepcionalmente todas las dependencias del carmen Rodr\u00edguez-Acosta\u00a0con ocasi\u00f3n del\u00a0D\u00eda de Andaluc\u00eda. El carmen se construy\u00f3 entre 1916 y 1930 aunque la fundaci\u00f3n fue creada en 1941, despu\u00e9s de la muerte de\u00a0Jos\u00e9 Mar\u00eda Rodr\u00edguez-Acosta,\u00a0seg\u00fan la voluntad del mismo...\" \/>\n<meta property=\"og:url\" content=\"https:\/\/www.inmsol.com\/es\/blog-escuela\/eventos-granada\/en-el-dia-de-andalucia-el-carmen-rodriguez-acosta-abre-sus-puertas-al-publico\/\" \/>\n<meta property=\"og:site_name\" content=\"iNMSOL\" \/>\n<meta property=\"article:publisher\" content=\"https:\/\/www.facebook.com\/spanishcourses\" \/>\n<meta property=\"article:published_time\" content=\"2015-02-27T10:35:52+00:00\" \/>\n<meta property=\"article:modified_time\" content=\"2019-04-23T21:02:36+00:00\" \/>\n<meta property=\"og:image\" content=\"https:\/\/www.inmsol.com\/wp-content\/uploads\/2015\/02\/carmen-Rodr\u00edguez-Acosta.jpg\" \/>\n\t<meta property=\"og:image:width\" content=\"1280\" \/>\n\t<meta property=\"og:image:height\" content=\"960\" \/>\n\t<meta property=\"og:image:type\" content=\"image\/jpeg\" \/>\n<meta name=\"author\" content=\"- Instituto Mediterr\u00e1neo Sol\" \/>\n<meta name=\"twitter:label1\" content=\"Escrito por\" \/>\n\t<meta name=\"twitter:data1\" content=\"- Instituto Mediterr\u00e1neo Sol\" \/>\n\t<meta name=\"twitter:label2\" content=\"Tiempo de lectura\" \/>\n\t<meta name=\"twitter:data2\" content=\"1 minuto\" \/>\n<script type=\"application\/ld+json\" class=\"yoast-schema-graph\">{\"@context\":\"https:\\\/\\\/schema.org\",\"@graph\":[{\"@type\":\"Article\",\"@id\":\"https:\\\/\\\/www.inmsol.com\\\/es\\\/blog-escuela\\\/eventos-granada\\\/en-el-dia-de-andalucia-el-carmen-rodriguez-acosta-abre-sus-puertas-al-publico\\\/#article\",\"isPartOf\":{\"@id\":\"https:\\\/\\\/www.inmsol.com\\\/es\\\/blog-escuela\\\/eventos-granada\\\/en-el-dia-de-andalucia-el-carmen-rodriguez-acosta-abre-sus-puertas-al-publico\\\/\"},\"author\":{\"name\":\"- Instituto Mediterr\u00e1neo Sol\",\"@id\":\"https:\\\/\\\/www.inmsol.com\\\/es\\\/#\\\/schema\\\/person\\\/94a7a01d14a56d1fbc49c841ffc57fe9\"},\"headline\":\"En el D\u00eda de Andaluc\u00eda el carmen Rodriguez-Acosta abre sus puertas al p\u00fablico.\",\"datePublished\":\"2015-02-27T10:35:52+00:00\",\"dateModified\":\"2019-04-23T21:02:36+00:00\",\"mainEntityOfPage\":{\"@id\":\"https:\\\/\\\/www.inmsol.com\\\/es\\\/blog-escuela\\\/eventos-granada\\\/en-el-dia-de-andalucia-el-carmen-rodriguez-acosta-abre-sus-puertas-al-publico\\\/\"},\"wordCount\":236,\"publisher\":{\"@id\":\"https:\\\/\\\/www.inmsol.com\\\/es\\\/#organization\"},\"image\":{\"@id\":\"https:\\\/\\\/www.inmsol.com\\\/es\\\/blog-escuela\\\/eventos-granada\\\/en-el-dia-de-andalucia-el-carmen-rodriguez-acosta-abre-sus-puertas-al-publico\\\/#primaryimage\"},\"thumbnailUrl\":\"https:\\\/\\\/www.inmsol.com\\\/wp-content\\\/uploads\\\/2015\\\/02\\\/carmen-Rodr\u00edguez-Acosta.jpg\",\"articleSection\":[\"Eventos en Granada\"],\"inLanguage\":\"es\"},{\"@type\":\"WebPage\",\"@id\":\"https:\\\/\\\/www.inmsol.com\\\/es\\\/blog-escuela\\\/eventos-granada\\\/en-el-dia-de-andalucia-el-carmen-rodriguez-acosta-abre-sus-puertas-al-publico\\\/\",\"url\":\"https:\\\/\\\/www.inmsol.com\\\/es\\\/blog-escuela\\\/eventos-granada\\\/en-el-dia-de-andalucia-el-carmen-rodriguez-acosta-abre-sus-puertas-al-publico\\\/\",\"name\":\"En el D\u00eda de Andaluc\u00eda el carmen Rodriguez-Acosta abre sus puertas al p\u00fablico.\",\"isPartOf\":{\"@id\":\"https:\\\/\\\/www.inmsol.com\\\/es\\\/#website\"},\"primaryImageOfPage\":{\"@id\":\"https:\\\/\\\/www.inmsol.com\\\/es\\\/blog-escuela\\\/eventos-granada\\\/en-el-dia-de-andalucia-el-carmen-rodriguez-acosta-abre-sus-puertas-al-publico\\\/#primaryimage\"},\"image\":{\"@id\":\"https:\\\/\\\/www.inmsol.com\\\/es\\\/blog-escuela\\\/eventos-granada\\\/en-el-dia-de-andalucia-el-carmen-rodriguez-acosta-abre-sus-puertas-al-publico\\\/#primaryimage\"},\"thumbnailUrl\":\"https:\\\/\\\/www.inmsol.com\\\/wp-content\\\/uploads\\\/2015\\\/02\\\/carmen-Rodr\u00edguez-Acosta.jpg\",\"datePublished\":\"2015-02-27T10:35:52+00:00\",\"dateModified\":\"2019-04-23T21:02:36+00:00\",\"breadcrumb\":{\"@id\":\"https:\\\/\\\/www.inmsol.com\\\/es\\\/blog-escuela\\\/eventos-granada\\\/en-el-dia-de-andalucia-el-carmen-rodriguez-acosta-abre-sus-puertas-al-publico\\\/#breadcrumb\"},\"inLanguage\":\"es\",\"potentialAction\":[{\"@type\":\"ReadAction\",\"target\":[\"https:\\\/\\\/www.inmsol.com\\\/es\\\/blog-escuela\\\/eventos-granada\\\/en-el-dia-de-andalucia-el-carmen-rodriguez-acosta-abre-sus-puertas-al-publico\\\/\"]}]},{\"@type\":\"ImageObject\",\"inLanguage\":\"es\",\"@id\":\"https:\\\/\\\/www.inmsol.com\\\/es\\\/blog-escuela\\\/eventos-granada\\\/en-el-dia-de-andalucia-el-carmen-rodriguez-acosta-abre-sus-puertas-al-publico\\\/#primaryimage\",\"url\":\"https:\\\/\\\/www.inmsol.com\\\/wp-content\\\/uploads\\\/2015\\\/02\\\/carmen-Rodr\u00edguez-Acosta.jpg\",\"contentUrl\":\"https:\\\/\\\/www.inmsol.com\\\/wp-content\\\/uploads\\\/2015\\\/02\\\/carmen-Rodr\u00edguez-Acosta.jpg\",\"width\":1280,\"height\":960},{\"@type\":\"BreadcrumbList\",\"@id\":\"https:\\\/\\\/www.inmsol.com\\\/es\\\/blog-escuela\\\/eventos-granada\\\/en-el-dia-de-andalucia-el-carmen-rodriguez-acosta-abre-sus-puertas-al-publico\\\/#breadcrumb\",\"itemListElement\":[{\"@type\":\"ListItem\",\"position\":1,\"name\":\"Accredited Center by Instituto Cervantes\",\"item\":\"https:\\\/\\\/www.inmsol.com\\\/es\\\/pagina-ejemplo\\\/\"},{\"@type\":\"ListItem\",\"position\":2,\"name\":\"Blog Escuela Espa\u00f1ol\",\"item\":\"https:\\\/\\\/www.inmsol.com\\\/es\\\/category\\\/blog-escuela\\\/\"},{\"@type\":\"ListItem\",\"position\":3,\"name\":\"Eventos en Granada\",\"item\":\"https:\\\/\\\/www.inmsol.com\\\/es\\\/category\\\/blog-escuela\\\/eventos-granada\\\/\"},{\"@type\":\"ListItem\",\"position\":4,\"name\":\"En el D\u00eda de Andaluc\u00eda el carmen Rodriguez-Acosta abre sus puertas al p\u00fablico.\"}]},{\"@type\":\"WebSite\",\"@id\":\"https:\\\/\\\/www.inmsol.com\\\/es\\\/#website\",\"url\":\"https:\\\/\\\/www.inmsol.com\\\/es\\\/\",\"name\":\"iNMSOL\",\"description\":\"Aprenda Espa\u00f1ol con iNMSOL en Granada | Centro Acreditado por el Instituto Cervantes\",\"publisher\":{\"@id\":\"https:\\\/\\\/www.inmsol.com\\\/es\\\/#organization\"},\"potentialAction\":[{\"@type\":\"SearchAction\",\"target\":{\"@type\":\"EntryPoint\",\"urlTemplate\":\"https:\\\/\\\/www.inmsol.com\\\/es\\\/?s={search_term_string}\"},\"query-input\":{\"@type\":\"PropertyValueSpecification\",\"valueRequired\":true,\"valueName\":\"search_term_string\"}}],\"inLanguage\":\"es\"},{\"@type\":\"Organization\",\"@id\":\"https:\\\/\\\/www.inmsol.com\\\/es\\\/#organization\",\"name\":\"Instituto Mediterr\u00e1neo Sol\",\"url\":\"https:\\\/\\\/www.inmsol.com\\\/es\\\/\",\"logo\":{\"@type\":\"ImageObject\",\"inLanguage\":\"es\",\"@id\":\"https:\\\/\\\/www.inmsol.com\\\/es\\\/#\\\/schema\\\/logo\\\/image\\\/\",\"url\":\"https:\\\/\\\/www.inmsol.com\\\/wp-content\\\/uploads\\\/2023\\\/06\\\/logo-inmsol-1.png\",\"contentUrl\":\"https:\\\/\\\/www.inmsol.com\\\/wp-content\\\/uploads\\\/2023\\\/06\\\/logo-inmsol-1.png\",\"width\":136,\"height\":73,\"caption\":\"Instituto Mediterr\u00e1neo Sol\"},\"image\":{\"@id\":\"https:\\\/\\\/www.inmsol.com\\\/es\\\/#\\\/schema\\\/logo\\\/image\\\/\"},\"sameAs\":[\"https:\\\/\\\/www.facebook.com\\\/spanishcourses\",\"https:\\\/\\\/x.com\\\/StudyInGranada\",\"http:\\\/\\\/instagram.com\\\/imsolgranada\",\"https:\\\/\\\/es.linkedin.com\\\/company\\\/imsol-granada\",\"https:\\\/\\\/www.pinterest.es\\\/inmsol\\\/\",\"https:\\\/\\\/www.youtube.com\\\/channel\\\/UChz-Qn_7coFMosY85iYMO4g\"]},{\"@type\":\"Person\",\"@id\":\"https:\\\/\\\/www.inmsol.com\\\/es\\\/#\\\/schema\\\/person\\\/94a7a01d14a56d1fbc49c841ffc57fe9\",\"name\":\"- Instituto Mediterr\u00e1neo Sol\",\"image\":{\"@type\":\"ImageObject\",\"inLanguage\":\"es\",\"@id\":\"https:\\\/\\\/secure.gravatar.com\\\/avatar\\\/5607fdabdf1b548b6095cc3d43079829bc1497403e70dd34004e7204a8fef62b?s=96&d=mm&r=g\",\"url\":\"https:\\\/\\\/secure.gravatar.com\\\/avatar\\\/5607fdabdf1b548b6095cc3d43079829bc1497403e70dd34004e7204a8fef62b?s=96&d=mm&r=g\",\"contentUrl\":\"https:\\\/\\\/secure.gravatar.com\\\/avatar\\\/5607fdabdf1b548b6095cc3d43079829bc1497403e70dd34004e7204a8fef62b?s=96&d=mm&r=g\",\"caption\":\"- Instituto Mediterr\u00e1neo Sol\"},\"url\":\"https:\\\/\\\/www.inmsol.com\\\/es\\\/author\\\/laura\\\/\"}]}<\/script>\n<!-- \/ Yoast SEO plugin. -->","yoast_head_json":{"title":"En el D\u00eda de Andaluc\u00eda el carmen Rodriguez-Acosta abre sus puertas al p\u00fablico.","robots":{"index":"index","follow":"follow","max-snippet":"max-snippet:-1","max-image-preview":"max-image-preview:large","max-video-preview":"max-video-preview:-1"},"canonical":"https:\/\/www.inmsol.com\/es\/blog-escuela\/eventos-granada\/en-el-dia-de-andalucia-el-carmen-rodriguez-acosta-abre-sus-puertas-al-publico\/","og_locale":"es_ES","og_type":"article","og_title":"En el D\u00eda de Andaluc\u00eda el carmen Rodriguez-Acosta abre sus puertas al p\u00fablico.","og_description":"Ma\u00f1ana,\u00a0el s\u00e1bado 28 de febrero, ser\u00e1 posible visitar excepcionalmente todas las dependencias del carmen Rodr\u00edguez-Acosta\u00a0con ocasi\u00f3n del\u00a0D\u00eda de Andaluc\u00eda. El carmen se construy\u00f3 entre 1916 y 1930 aunque la fundaci\u00f3n fue creada en 1941, despu\u00e9s de la muerte de\u00a0Jos\u00e9 Mar\u00eda Rodr\u00edguez-Acosta,\u00a0seg\u00fan la voluntad del mismo...","og_url":"https:\/\/www.inmsol.com\/es\/blog-escuela\/eventos-granada\/en-el-dia-de-andalucia-el-carmen-rodriguez-acosta-abre-sus-puertas-al-publico\/","og_site_name":"iNMSOL","article_publisher":"https:\/\/www.facebook.com\/spanishcourses","article_published_time":"2015-02-27T10:35:52+00:00","article_modified_time":"2019-04-23T21:02:36+00:00","og_image":[{"width":1280,"height":960,"url":"https:\/\/www.inmsol.com\/wp-content\/uploads\/2015\/02\/carmen-Rodr\u00edguez-Acosta.jpg","type":"image\/jpeg"}],"author":"- Instituto Mediterr\u00e1neo Sol","twitter_misc":{"Escrito por":"- Instituto Mediterr\u00e1neo Sol","Tiempo de lectura":"1 minuto"},"schema":{"@context":"https:\/\/schema.org","@graph":[{"@type":"Article","@id":"https:\/\/www.inmsol.com\/es\/blog-escuela\/eventos-granada\/en-el-dia-de-andalucia-el-carmen-rodriguez-acosta-abre-sus-puertas-al-publico\/#article","isPartOf":{"@id":"https:\/\/www.inmsol.com\/es\/blog-escuela\/eventos-granada\/en-el-dia-de-andalucia-el-carmen-rodriguez-acosta-abre-sus-puertas-al-publico\/"},"author":{"name":"- Instituto Mediterr\u00e1neo Sol","@id":"https:\/\/www.inmsol.com\/es\/#\/schema\/person\/94a7a01d14a56d1fbc49c841ffc57fe9"},"headline":"En el D\u00eda de Andaluc\u00eda el carmen Rodriguez-Acosta abre sus puertas al p\u00fablico.","datePublished":"2015-02-27T10:35:52+00:00","dateModified":"2019-04-23T21:02:36+00:00","mainEntityOfPage":{"@id":"https:\/\/www.inmsol.com\/es\/blog-escuela\/eventos-granada\/en-el-dia-de-andalucia-el-carmen-rodriguez-acosta-abre-sus-puertas-al-publico\/"},"wordCount":236,"publisher":{"@id":"https:\/\/www.inmsol.com\/es\/#organization"},"image":{"@id":"https:\/\/www.inmsol.com\/es\/blog-escuela\/eventos-granada\/en-el-dia-de-andalucia-el-carmen-rodriguez-acosta-abre-sus-puertas-al-publico\/#primaryimage"},"thumbnailUrl":"https:\/\/www.inmsol.com\/wp-content\/uploads\/2015\/02\/carmen-Rodr\u00edguez-Acosta.jpg","articleSection":["Eventos en Granada"],"inLanguage":"es"},{"@type":"WebPage","@id":"https:\/\/www.inmsol.com\/es\/blog-escuela\/eventos-granada\/en-el-dia-de-andalucia-el-carmen-rodriguez-acosta-abre-sus-puertas-al-publico\/","url":"https:\/\/www.inmsol.com\/es\/blog-escuela\/eventos-granada\/en-el-dia-de-andalucia-el-carmen-rodriguez-acosta-abre-sus-puertas-al-publico\/","name":"En el D\u00eda de Andaluc\u00eda el carmen Rodriguez-Acosta abre sus puertas al p\u00fablico.","isPartOf":{"@id":"https:\/\/www.inmsol.com\/es\/#website"},"primaryImageOfPage":{"@id":"https:\/\/www.inmsol.com\/es\/blog-escuela\/eventos-granada\/en-el-dia-de-andalucia-el-carmen-rodriguez-acosta-abre-sus-puertas-al-publico\/#primaryimage"},"image":{"@id":"https:\/\/www.inmsol.com\/es\/blog-escuela\/eventos-granada\/en-el-dia-de-andalucia-el-carmen-rodriguez-acosta-abre-sus-puertas-al-publico\/#primaryimage"},"thumbnailUrl":"https:\/\/www.inmsol.com\/wp-content\/uploads\/2015\/02\/carmen-Rodr\u00edguez-Acosta.jpg","datePublished":"2015-02-27T10:35:52+00:00","dateModified":"2019-04-23T21:02:36+00:00","breadcrumb":{"@id":"https:\/\/www.inmsol.com\/es\/blog-escuela\/eventos-granada\/en-el-dia-de-andalucia-el-carmen-rodriguez-acosta-abre-sus-puertas-al-publico\/#breadcrumb"},"inLanguage":"es","potentialAction":[{"@type":"ReadAction","target":["https:\/\/www.inmsol.com\/es\/blog-escuela\/eventos-granada\/en-el-dia-de-andalucia-el-carmen-rodriguez-acosta-abre-sus-puertas-al-publico\/"]}]},{"@type":"ImageObject","inLanguage":"es","@id":"https:\/\/www.inmsol.com\/es\/blog-escuela\/eventos-granada\/en-el-dia-de-andalucia-el-carmen-rodriguez-acosta-abre-sus-puertas-al-publico\/#primaryimage","url":"https:\/\/www.inmsol.com\/wp-content\/uploads\/2015\/02\/carmen-Rodr\u00edguez-Acosta.jpg","contentUrl":"https:\/\/www.inmsol.com\/wp-content\/uploads\/2015\/02\/carmen-Rodr\u00edguez-Acosta.jpg","width":1280,"height":960},{"@type":"BreadcrumbList","@id":"https:\/\/www.inmsol.com\/es\/blog-escuela\/eventos-granada\/en-el-dia-de-andalucia-el-carmen-rodriguez-acosta-abre-sus-puertas-al-publico\/#breadcrumb","itemListElement":[{"@type":"ListItem","position":1,"name":"Accredited Center by Instituto Cervantes","item":"https:\/\/www.inmsol.com\/es\/pagina-ejemplo\/"},{"@type":"ListItem","position":2,"name":"Blog Escuela Espa\u00f1ol","item":"https:\/\/www.inmsol.com\/es\/category\/blog-escuela\/"},{"@type":"ListItem","position":3,"name":"Eventos en Granada","item":"https:\/\/www.inmsol.com\/es\/category\/blog-escuela\/eventos-granada\/"},{"@type":"ListItem","position":4,"name":"En el D\u00eda de Andaluc\u00eda el carmen Rodriguez-Acosta abre sus puertas al p\u00fablico."}]},{"@type":"WebSite","@id":"https:\/\/www.inmsol.com\/es\/#website","url":"https:\/\/www.inmsol.com\/es\/","name":"iNMSOL","description":"Aprenda Espa\u00f1ol con iNMSOL en Granada | Centro Acreditado por el Instituto Cervantes","publisher":{"@id":"https:\/\/www.inmsol.com\/es\/#organization"},"potentialAction":[{"@type":"SearchAction","target":{"@type":"EntryPoint","urlTemplate":"https:\/\/www.inmsol.com\/es\/?s={search_term_string}"},"query-input":{"@type":"PropertyValueSpecification","valueRequired":true,"valueName":"search_term_string"}}],"inLanguage":"es"},{"@type":"Organization","@id":"https:\/\/www.inmsol.com\/es\/#organization","name":"Instituto Mediterr\u00e1neo Sol","url":"https:\/\/www.inmsol.com\/es\/","logo":{"@type":"ImageObject","inLanguage":"es","@id":"https:\/\/www.inmsol.com\/es\/#\/schema\/logo\/image\/","url":"https:\/\/www.inmsol.com\/wp-content\/uploads\/2023\/06\/logo-inmsol-1.png","contentUrl":"https:\/\/www.inmsol.com\/wp-content\/uploads\/2023\/06\/logo-inmsol-1.png","width":136,"height":73,"caption":"Instituto Mediterr\u00e1neo Sol"},"image":{"@id":"https:\/\/www.inmsol.com\/es\/#\/schema\/logo\/image\/"},"sameAs":["https:\/\/www.facebook.com\/spanishcourses","https:\/\/x.com\/StudyInGranada","http:\/\/instagram.com\/imsolgranada","https:\/\/es.linkedin.com\/company\/imsol-granada","https:\/\/www.pinterest.es\/inmsol\/","https:\/\/www.youtube.com\/channel\/UChz-Qn_7coFMosY85iYMO4g"]},{"@type":"Person","@id":"https:\/\/www.inmsol.com\/es\/#\/schema\/person\/94a7a01d14a56d1fbc49c841ffc57fe9","name":"- Instituto Mediterr\u00e1neo Sol","image":{"@type":"ImageObject","inLanguage":"es","@id":"https:\/\/secure.gravatar.com\/avatar\/5607fdabdf1b548b6095cc3d43079829bc1497403e70dd34004e7204a8fef62b?s=96&d=mm&r=g","url":"https:\/\/secure.gravatar.com\/avatar\/5607fdabdf1b548b6095cc3d43079829bc1497403e70dd34004e7204a8fef62b?s=96&d=mm&r=g","contentUrl":"https:\/\/secure.gravatar.com\/avatar\/5607fdabdf1b548b6095cc3d43079829bc1497403e70dd34004e7204a8fef62b?s=96&d=mm&r=g","caption":"- Instituto Mediterr\u00e1neo Sol"},"url":"https:\/\/www.inmsol.com\/es\/author\/laura\/"}]}},"_links":{"self":[{"href":"https:\/\/www.inmsol.com\/es\/wp-json\/wp\/v2\/posts\/14459","targetHints":{"allow":["GET"]}}],"collection":[{"href":"https:\/\/www.inmsol.com\/es\/wp-json\/wp\/v2\/posts"}],"about":[{"href":"https:\/\/www.inmsol.com\/es\/wp-json\/wp\/v2\/types\/post"}],"author":[{"embeddable":true,"href":"https:\/\/www.inmsol.com\/es\/wp-json\/wp\/v2\/users\/3"}],"replies":[{"embeddable":true,"href":"https:\/\/www.inmsol.com\/es\/wp-json\/wp\/v2\/comments?post=14459"}],"version-history":[{"count":0,"href":"https:\/\/www.inmsol.com\/es\/wp-json\/wp\/v2\/posts\/14459\/revisions"}],"wp:featuredmedia":[{"embeddable":true,"href":"https:\/\/www.inmsol.com\/es\/wp-json\/wp\/v2\/media\/14450"}],"wp:attachment":[{"href":"https:\/\/www.inmsol.com\/es\/wp-json\/wp\/v2\/media?parent=14459"}],"wp:term":[{"taxonomy":"category","embeddable":true,"href":"https:\/\/www.inmsol.com\/es\/wp-json\/wp\/v2\/categories?post=14459"},{"taxonomy":"post_tag","embeddable":true,"href":"https:\/\/www.inmsol.com\/es\/wp-json\/wp\/v2\/tags?post=14459"}],"curies":[{"name":"wp","href":"https:\/\/api.w.org\/{rel}","templated":true}]}}