{"id":14504,"date":"2015-03-04T11:03:22","date_gmt":"2015-03-04T10:03:22","guid":{"rendered":"https:\/\/www.inmsol.com\/?p=14504"},"modified":"2019-04-23T23:02:29","modified_gmt":"2019-04-23T21:02:29","slug":"evan-dando-y-su-guitarra-llegan-a-granada-para-recordarnos-los-anos-80","status":"publish","type":"post","link":"https:\/\/www.inmsol.com\/es\/blog-escuela\/eventos-granada\/evan-dando-y-su-guitarra-llegan-a-granada-para-recordarnos-los-anos-80\/","title":{"rendered":"Evan Dando y su guitarra llegan a Granada para recordarnos los a\u00f1os 80"},"content":{"rendered":"<p>Ma\u00f1ana, el jueves 5 de marzo, actuar\u00e1 en el\u00a0<strong>Boogaclub<\/strong>\u00a0de Granada un icono de la m\u00fasica punk de los a\u00f1os \u201980, el cantante estadounidense\u00a0<strong>Evan Dando<\/strong>.<\/p>\n<p>Evan form\u00f3 el grupo\u00a0<strong>The<\/strong>\u00a0<strong>Lemonheads<\/strong>\u00a0\u00a0durante el invierno del 86, cuando ten\u00eda 19 a\u00f1os, y solamente un mes despu\u00e9s, grabaron lo que habr\u00eda sido su primer disco. La banda reci\u00e9n nacida parti\u00f3 de Boston en una gira alrededor de los Estados Unidos que la hizo enormemente popular.\u00a0\u00a0Entre las canciones m\u00e1s conocidas no nos podemos olvidar\u00a0de<strong>\u00a0<em>It\u2019s a shame about Ray<\/em><\/strong>, de\u00a0<strong><em>Come on Feel The Lemonheads<\/em><\/strong>\u00a0y su primer EP\u00a0<strong><em>Laughing All the Way to the Cleaners<\/em><\/strong>. Despu\u00e9s lleg\u00f3 la disoluci\u00f3n del grupo y Evan public\u00f3 su primer disco en solitario,\u00a0en el 2001, llamado\u00a0<strong><em>Live at the Brattle Theatre\/Griffith Sunset<\/em><\/strong>\u00a0y, siguiendo con algunas colaboraciones como vocalista en una gira con los MC5, lleg\u00f3 a su actual gira por Am\u00e9rica y Europa,\u00a0\u00a0en la cual\u00a0<strong>repasa viejas canciones de los Lemonheads y de sus discos en solitario<\/strong>.<\/p>\n<p>Todos los aficionados a la m\u00fasica punk ma\u00f1ana podr\u00e1n escuchar a\u00a0<strong>Evan Dando<\/strong>\u00a0y su guitarra ac\u00fastica en el Boogaclub, en calle Santa B\u00e1rbara 3,\u00a0<strong>de las 21:00 a las 23:30 horas<\/strong>. Las entradas costar\u00e1n\u00a0<strong>12\u20ac<\/strong>\u00a0y es posible adquirirlas ya en la p\u00e1gina Ticketea.com.<img fetchpriority=\"high\" decoding=\"async\" class=\" size-medium wp-image-14494 aligncenter\" src=\"https:\/\/www.inmsol.com\/wp-content\/uploads\/2015\/03\/CARTEL-EVAN-DANDO-214x300.jpg\" alt=\"CARTEL-EVAN-DANDO\" width=\"214\" height=\"300\" srcset=\"https:\/\/www.inmsol.com\/wp-content\/uploads\/2015\/03\/CARTEL-EVAN-DANDO.jpg 214w, https:\/\/www.inmsol.com\/wp-content\/uploads\/2015\/03\/CARTEL-EVAN-DANDO-64x90.jpg 64w, https:\/\/www.inmsol.com\/wp-content\/uploads\/2015\/03\/CARTEL-EVAN-DANDO-143x200.jpg 143w\" sizes=\"(max-width: 214px) 100vw, 214px\" \/><\/p>\n","protected":false},"excerpt":{"rendered":"<p>Ma\u00f1ana, el jueves 5 de marzo, actuar\u00e1 en el\u00a0Boogaclub\u00a0de Granada un icono de la m\u00fasica punk de los a\u00f1os \u201980, el cantante estadounidense\u00a0Evan Dando. Evan form\u00f3 el grupo\u00a0The\u00a0Lemonheads\u00a0\u00a0durante el invierno del 86, cuando ten\u00eda 19 a\u00f1os, y solamente un mes despu\u00e9s, grabaron lo que habr\u00eda&#8230;<\/p>\n","protected":false},"author":3,"featured_media":14494,"comment_status":"closed","ping_status":"closed","sticky":false,"template":"","format":"standard","meta":{"_acf_changed":false,"footnotes":""},"categories":[80],"tags":[],"class_list":["post-14504","post","type-post","status-publish","format-standard","has-post-thumbnail","hentry","category-eventos-granada"],"acf":[],"yoast_head":"<!-- This site is optimized with the Yoast SEO plugin v27.5 - https:\/\/yoast.com\/product\/yoast-seo-wordpress\/ -->\n<title>Evan Dando y su guitarra llegan a Granada para recordarnos los a\u00f1os 80<\/title>\n<meta name=\"description\" content=\"Ma\u00f1ana, el jueves 5 de marzo, actuar\u00e1 en el Boogaclub de Granada un icono de la m\u00fasica punk de los a\u00f1os \u201980, el cantante estadounidense Evan Dando.\" \/>\n<meta name=\"robots\" content=\"index, follow, max-snippet:-1, max-image-preview:large, max-video-preview:-1\" \/>\n<link rel=\"canonical\" href=\"https:\/\/www.inmsol.com\/es\/blog-escuela\/eventos-granada\/evan-dando-y-su-guitarra-llegan-a-granada-para-recordarnos-los-anos-80\/\" \/>\n<meta property=\"og:locale\" content=\"es_ES\" \/>\n<meta property=\"og:type\" content=\"article\" \/>\n<meta property=\"og:title\" content=\"Evan Dando y su guitarra llegan a Granada para recordarnos los a\u00f1os 80\" \/>\n<meta property=\"og:description\" content=\"Ma\u00f1ana, el jueves 5 de marzo, actuar\u00e1 en el Boogaclub de Granada un icono de la m\u00fasica punk de los a\u00f1os \u201980, el cantante estadounidense Evan Dando.\" \/>\n<meta property=\"og:url\" content=\"https:\/\/www.inmsol.com\/es\/blog-escuela\/eventos-granada\/evan-dando-y-su-guitarra-llegan-a-granada-para-recordarnos-los-anos-80\/\" \/>\n<meta property=\"og:site_name\" content=\"iNMSOL\" \/>\n<meta property=\"article:publisher\" content=\"https:\/\/www.facebook.com\/spanishcourses\" \/>\n<meta property=\"article:published_time\" content=\"2015-03-04T10:03:22+00:00\" \/>\n<meta property=\"article:modified_time\" content=\"2019-04-23T21:02:29+00:00\" \/>\n<meta property=\"og:image\" content=\"https:\/\/www.inmsol.com\/wp-content\/uploads\/2015\/03\/CARTEL-EVAN-DANDO.jpg\" \/>\n\t<meta property=\"og:image:width\" content=\"214\" \/>\n\t<meta property=\"og:image:height\" content=\"300\" \/>\n\t<meta property=\"og:image:type\" content=\"image\/jpeg\" \/>\n<meta name=\"author\" content=\"- Instituto Mediterr\u00e1neo Sol\" \/>\n<meta name=\"twitter:label1\" content=\"Escrito por\" \/>\n\t<meta name=\"twitter:data1\" content=\"- Instituto Mediterr\u00e1neo Sol\" \/>\n\t<meta name=\"twitter:label2\" content=\"Tiempo de lectura\" \/>\n\t<meta name=\"twitter:data2\" content=\"1 minuto\" \/>\n<script type=\"application\/ld+json\" class=\"yoast-schema-graph\">{\"@context\":\"https:\\\/\\\/schema.org\",\"@graph\":[{\"@type\":\"Article\",\"@id\":\"https:\\\/\\\/www.inmsol.com\\\/es\\\/blog-escuela\\\/eventos-granada\\\/evan-dando-y-su-guitarra-llegan-a-granada-para-recordarnos-los-anos-80\\\/#article\",\"isPartOf\":{\"@id\":\"https:\\\/\\\/www.inmsol.com\\\/es\\\/blog-escuela\\\/eventos-granada\\\/evan-dando-y-su-guitarra-llegan-a-granada-para-recordarnos-los-anos-80\\\/\"},\"author\":{\"name\":\"- Instituto Mediterr\u00e1neo Sol\",\"@id\":\"https:\\\/\\\/www.inmsol.com\\\/es\\\/#\\\/schema\\\/person\\\/94a7a01d14a56d1fbc49c841ffc57fe9\"},\"headline\":\"Evan Dando y su guitarra llegan a Granada para recordarnos los a\u00f1os 80\",\"datePublished\":\"2015-03-04T10:03:22+00:00\",\"dateModified\":\"2019-04-23T21:02:29+00:00\",\"mainEntityOfPage\":{\"@id\":\"https:\\\/\\\/www.inmsol.com\\\/es\\\/blog-escuela\\\/eventos-granada\\\/evan-dando-y-su-guitarra-llegan-a-granada-para-recordarnos-los-anos-80\\\/\"},\"wordCount\":239,\"publisher\":{\"@id\":\"https:\\\/\\\/www.inmsol.com\\\/es\\\/#organization\"},\"image\":{\"@id\":\"https:\\\/\\\/www.inmsol.com\\\/es\\\/blog-escuela\\\/eventos-granada\\\/evan-dando-y-su-guitarra-llegan-a-granada-para-recordarnos-los-anos-80\\\/#primaryimage\"},\"thumbnailUrl\":\"https:\\\/\\\/www.inmsol.com\\\/wp-content\\\/uploads\\\/2015\\\/03\\\/CARTEL-EVAN-DANDO.jpg\",\"articleSection\":[\"Eventos en Granada\"],\"inLanguage\":\"es\"},{\"@type\":\"WebPage\",\"@id\":\"https:\\\/\\\/www.inmsol.com\\\/es\\\/blog-escuela\\\/eventos-granada\\\/evan-dando-y-su-guitarra-llegan-a-granada-para-recordarnos-los-anos-80\\\/\",\"url\":\"https:\\\/\\\/www.inmsol.com\\\/es\\\/blog-escuela\\\/eventos-granada\\\/evan-dando-y-su-guitarra-llegan-a-granada-para-recordarnos-los-anos-80\\\/\",\"name\":\"Evan Dando y su guitarra llegan a Granada para recordarnos los a\u00f1os 80\",\"isPartOf\":{\"@id\":\"https:\\\/\\\/www.inmsol.com\\\/es\\\/#website\"},\"primaryImageOfPage\":{\"@id\":\"https:\\\/\\\/www.inmsol.com\\\/es\\\/blog-escuela\\\/eventos-granada\\\/evan-dando-y-su-guitarra-llegan-a-granada-para-recordarnos-los-anos-80\\\/#primaryimage\"},\"image\":{\"@id\":\"https:\\\/\\\/www.inmsol.com\\\/es\\\/blog-escuela\\\/eventos-granada\\\/evan-dando-y-su-guitarra-llegan-a-granada-para-recordarnos-los-anos-80\\\/#primaryimage\"},\"thumbnailUrl\":\"https:\\\/\\\/www.inmsol.com\\\/wp-content\\\/uploads\\\/2015\\\/03\\\/CARTEL-EVAN-DANDO.jpg\",\"datePublished\":\"2015-03-04T10:03:22+00:00\",\"dateModified\":\"2019-04-23T21:02:29+00:00\",\"description\":\"Ma\u00f1ana, el jueves 5 de marzo, actuar\u00e1 en el Boogaclub de Granada un icono de la m\u00fasica punk de los a\u00f1os \u201980, el cantante estadounidense Evan Dando.\",\"breadcrumb\":{\"@id\":\"https:\\\/\\\/www.inmsol.com\\\/es\\\/blog-escuela\\\/eventos-granada\\\/evan-dando-y-su-guitarra-llegan-a-granada-para-recordarnos-los-anos-80\\\/#breadcrumb\"},\"inLanguage\":\"es\",\"potentialAction\":[{\"@type\":\"ReadAction\",\"target\":[\"https:\\\/\\\/www.inmsol.com\\\/es\\\/blog-escuela\\\/eventos-granada\\\/evan-dando-y-su-guitarra-llegan-a-granada-para-recordarnos-los-anos-80\\\/\"]}]},{\"@type\":\"ImageObject\",\"inLanguage\":\"es\",\"@id\":\"https:\\\/\\\/www.inmsol.com\\\/es\\\/blog-escuela\\\/eventos-granada\\\/evan-dando-y-su-guitarra-llegan-a-granada-para-recordarnos-los-anos-80\\\/#primaryimage\",\"url\":\"https:\\\/\\\/www.inmsol.com\\\/wp-content\\\/uploads\\\/2015\\\/03\\\/CARTEL-EVAN-DANDO.jpg\",\"contentUrl\":\"https:\\\/\\\/www.inmsol.com\\\/wp-content\\\/uploads\\\/2015\\\/03\\\/CARTEL-EVAN-DANDO.jpg\",\"width\":214,\"height\":300},{\"@type\":\"BreadcrumbList\",\"@id\":\"https:\\\/\\\/www.inmsol.com\\\/es\\\/blog-escuela\\\/eventos-granada\\\/evan-dando-y-su-guitarra-llegan-a-granada-para-recordarnos-los-anos-80\\\/#breadcrumb\",\"itemListElement\":[{\"@type\":\"ListItem\",\"position\":1,\"name\":\"Accredited Center by Instituto Cervantes\",\"item\":\"https:\\\/\\\/www.inmsol.com\\\/es\\\/pagina-ejemplo\\\/\"},{\"@type\":\"ListItem\",\"position\":2,\"name\":\"Blog Escuela Espa\u00f1ol\",\"item\":\"https:\\\/\\\/www.inmsol.com\\\/es\\\/category\\\/blog-escuela\\\/\"},{\"@type\":\"ListItem\",\"position\":3,\"name\":\"Eventos en Granada\",\"item\":\"https:\\\/\\\/www.inmsol.com\\\/es\\\/category\\\/blog-escuela\\\/eventos-granada\\\/\"},{\"@type\":\"ListItem\",\"position\":4,\"name\":\"Evan Dando y su guitarra llegan a Granada para recordarnos los a\u00f1os 80\"}]},{\"@type\":\"WebSite\",\"@id\":\"https:\\\/\\\/www.inmsol.com\\\/es\\\/#website\",\"url\":\"https:\\\/\\\/www.inmsol.com\\\/es\\\/\",\"name\":\"iNMSOL\",\"description\":\"Aprenda Espa\u00f1ol con iNMSOL en Granada | Centro Acreditado por el Instituto Cervantes\",\"publisher\":{\"@id\":\"https:\\\/\\\/www.inmsol.com\\\/es\\\/#organization\"},\"potentialAction\":[{\"@type\":\"SearchAction\",\"target\":{\"@type\":\"EntryPoint\",\"urlTemplate\":\"https:\\\/\\\/www.inmsol.com\\\/es\\\/?s={search_term_string}\"},\"query-input\":{\"@type\":\"PropertyValueSpecification\",\"valueRequired\":true,\"valueName\":\"search_term_string\"}}],\"inLanguage\":\"es\"},{\"@type\":\"Organization\",\"@id\":\"https:\\\/\\\/www.inmsol.com\\\/es\\\/#organization\",\"name\":\"Instituto Mediterr\u00e1neo Sol\",\"url\":\"https:\\\/\\\/www.inmsol.com\\\/es\\\/\",\"logo\":{\"@type\":\"ImageObject\",\"inLanguage\":\"es\",\"@id\":\"https:\\\/\\\/www.inmsol.com\\\/es\\\/#\\\/schema\\\/logo\\\/image\\\/\",\"url\":\"https:\\\/\\\/www.inmsol.com\\\/wp-content\\\/uploads\\\/2023\\\/06\\\/logo-inmsol-1.png\",\"contentUrl\":\"https:\\\/\\\/www.inmsol.com\\\/wp-content\\\/uploads\\\/2023\\\/06\\\/logo-inmsol-1.png\",\"width\":136,\"height\":73,\"caption\":\"Instituto Mediterr\u00e1neo Sol\"},\"image\":{\"@id\":\"https:\\\/\\\/www.inmsol.com\\\/es\\\/#\\\/schema\\\/logo\\\/image\\\/\"},\"sameAs\":[\"https:\\\/\\\/www.facebook.com\\\/spanishcourses\",\"https:\\\/\\\/x.com\\\/StudyInGranada\",\"http:\\\/\\\/instagram.com\\\/imsolgranada\",\"https:\\\/\\\/es.linkedin.com\\\/company\\\/imsol-granada\",\"https:\\\/\\\/www.pinterest.es\\\/inmsol\\\/\",\"https:\\\/\\\/www.youtube.com\\\/channel\\\/UChz-Qn_7coFMosY85iYMO4g\"]},{\"@type\":\"Person\",\"@id\":\"https:\\\/\\\/www.inmsol.com\\\/es\\\/#\\\/schema\\\/person\\\/94a7a01d14a56d1fbc49c841ffc57fe9\",\"name\":\"- Instituto Mediterr\u00e1neo Sol\",\"image\":{\"@type\":\"ImageObject\",\"inLanguage\":\"es\",\"@id\":\"https:\\\/\\\/secure.gravatar.com\\\/avatar\\\/5607fdabdf1b548b6095cc3d43079829bc1497403e70dd34004e7204a8fef62b?s=96&d=mm&r=g\",\"url\":\"https:\\\/\\\/secure.gravatar.com\\\/avatar\\\/5607fdabdf1b548b6095cc3d43079829bc1497403e70dd34004e7204a8fef62b?s=96&d=mm&r=g\",\"contentUrl\":\"https:\\\/\\\/secure.gravatar.com\\\/avatar\\\/5607fdabdf1b548b6095cc3d43079829bc1497403e70dd34004e7204a8fef62b?s=96&d=mm&r=g\",\"caption\":\"- Instituto Mediterr\u00e1neo Sol\"},\"url\":\"https:\\\/\\\/www.inmsol.com\\\/es\\\/author\\\/laura\\\/\"}]}<\/script>\n<!-- \/ Yoast SEO plugin. -->","yoast_head_json":{"title":"Evan Dando y su guitarra llegan a Granada para recordarnos los a\u00f1os 80","description":"Ma\u00f1ana, el jueves 5 de marzo, actuar\u00e1 en el Boogaclub de Granada un icono de la m\u00fasica punk de los a\u00f1os \u201980, el cantante estadounidense Evan Dando.","robots":{"index":"index","follow":"follow","max-snippet":"max-snippet:-1","max-image-preview":"max-image-preview:large","max-video-preview":"max-video-preview:-1"},"canonical":"https:\/\/www.inmsol.com\/es\/blog-escuela\/eventos-granada\/evan-dando-y-su-guitarra-llegan-a-granada-para-recordarnos-los-anos-80\/","og_locale":"es_ES","og_type":"article","og_title":"Evan Dando y su guitarra llegan a Granada para recordarnos los a\u00f1os 80","og_description":"Ma\u00f1ana, el jueves 5 de marzo, actuar\u00e1 en el Boogaclub de Granada un icono de la m\u00fasica punk de los a\u00f1os \u201980, el cantante estadounidense Evan Dando.","og_url":"https:\/\/www.inmsol.com\/es\/blog-escuela\/eventos-granada\/evan-dando-y-su-guitarra-llegan-a-granada-para-recordarnos-los-anos-80\/","og_site_name":"iNMSOL","article_publisher":"https:\/\/www.facebook.com\/spanishcourses","article_published_time":"2015-03-04T10:03:22+00:00","article_modified_time":"2019-04-23T21:02:29+00:00","og_image":[{"width":214,"height":300,"url":"https:\/\/www.inmsol.com\/wp-content\/uploads\/2015\/03\/CARTEL-EVAN-DANDO.jpg","type":"image\/jpeg"}],"author":"- Instituto Mediterr\u00e1neo Sol","twitter_misc":{"Escrito por":"- Instituto Mediterr\u00e1neo Sol","Tiempo de lectura":"1 minuto"},"schema":{"@context":"https:\/\/schema.org","@graph":[{"@type":"Article","@id":"https:\/\/www.inmsol.com\/es\/blog-escuela\/eventos-granada\/evan-dando-y-su-guitarra-llegan-a-granada-para-recordarnos-los-anos-80\/#article","isPartOf":{"@id":"https:\/\/www.inmsol.com\/es\/blog-escuela\/eventos-granada\/evan-dando-y-su-guitarra-llegan-a-granada-para-recordarnos-los-anos-80\/"},"author":{"name":"- Instituto Mediterr\u00e1neo Sol","@id":"https:\/\/www.inmsol.com\/es\/#\/schema\/person\/94a7a01d14a56d1fbc49c841ffc57fe9"},"headline":"Evan Dando y su guitarra llegan a Granada para recordarnos los a\u00f1os 80","datePublished":"2015-03-04T10:03:22+00:00","dateModified":"2019-04-23T21:02:29+00:00","mainEntityOfPage":{"@id":"https:\/\/www.inmsol.com\/es\/blog-escuela\/eventos-granada\/evan-dando-y-su-guitarra-llegan-a-granada-para-recordarnos-los-anos-80\/"},"wordCount":239,"publisher":{"@id":"https:\/\/www.inmsol.com\/es\/#organization"},"image":{"@id":"https:\/\/www.inmsol.com\/es\/blog-escuela\/eventos-granada\/evan-dando-y-su-guitarra-llegan-a-granada-para-recordarnos-los-anos-80\/#primaryimage"},"thumbnailUrl":"https:\/\/www.inmsol.com\/wp-content\/uploads\/2015\/03\/CARTEL-EVAN-DANDO.jpg","articleSection":["Eventos en Granada"],"inLanguage":"es"},{"@type":"WebPage","@id":"https:\/\/www.inmsol.com\/es\/blog-escuela\/eventos-granada\/evan-dando-y-su-guitarra-llegan-a-granada-para-recordarnos-los-anos-80\/","url":"https:\/\/www.inmsol.com\/es\/blog-escuela\/eventos-granada\/evan-dando-y-su-guitarra-llegan-a-granada-para-recordarnos-los-anos-80\/","name":"Evan Dando y su guitarra llegan a Granada para recordarnos los a\u00f1os 80","isPartOf":{"@id":"https:\/\/www.inmsol.com\/es\/#website"},"primaryImageOfPage":{"@id":"https:\/\/www.inmsol.com\/es\/blog-escuela\/eventos-granada\/evan-dando-y-su-guitarra-llegan-a-granada-para-recordarnos-los-anos-80\/#primaryimage"},"image":{"@id":"https:\/\/www.inmsol.com\/es\/blog-escuela\/eventos-granada\/evan-dando-y-su-guitarra-llegan-a-granada-para-recordarnos-los-anos-80\/#primaryimage"},"thumbnailUrl":"https:\/\/www.inmsol.com\/wp-content\/uploads\/2015\/03\/CARTEL-EVAN-DANDO.jpg","datePublished":"2015-03-04T10:03:22+00:00","dateModified":"2019-04-23T21:02:29+00:00","description":"Ma\u00f1ana, el jueves 5 de marzo, actuar\u00e1 en el Boogaclub de Granada un icono de la m\u00fasica punk de los a\u00f1os \u201980, el cantante estadounidense Evan Dando.","breadcrumb":{"@id":"https:\/\/www.inmsol.com\/es\/blog-escuela\/eventos-granada\/evan-dando-y-su-guitarra-llegan-a-granada-para-recordarnos-los-anos-80\/#breadcrumb"},"inLanguage":"es","potentialAction":[{"@type":"ReadAction","target":["https:\/\/www.inmsol.com\/es\/blog-escuela\/eventos-granada\/evan-dando-y-su-guitarra-llegan-a-granada-para-recordarnos-los-anos-80\/"]}]},{"@type":"ImageObject","inLanguage":"es","@id":"https:\/\/www.inmsol.com\/es\/blog-escuela\/eventos-granada\/evan-dando-y-su-guitarra-llegan-a-granada-para-recordarnos-los-anos-80\/#primaryimage","url":"https:\/\/www.inmsol.com\/wp-content\/uploads\/2015\/03\/CARTEL-EVAN-DANDO.jpg","contentUrl":"https:\/\/www.inmsol.com\/wp-content\/uploads\/2015\/03\/CARTEL-EVAN-DANDO.jpg","width":214,"height":300},{"@type":"BreadcrumbList","@id":"https:\/\/www.inmsol.com\/es\/blog-escuela\/eventos-granada\/evan-dando-y-su-guitarra-llegan-a-granada-para-recordarnos-los-anos-80\/#breadcrumb","itemListElement":[{"@type":"ListItem","position":1,"name":"Accredited Center by Instituto Cervantes","item":"https:\/\/www.inmsol.com\/es\/pagina-ejemplo\/"},{"@type":"ListItem","position":2,"name":"Blog Escuela Espa\u00f1ol","item":"https:\/\/www.inmsol.com\/es\/category\/blog-escuela\/"},{"@type":"ListItem","position":3,"name":"Eventos en Granada","item":"https:\/\/www.inmsol.com\/es\/category\/blog-escuela\/eventos-granada\/"},{"@type":"ListItem","position":4,"name":"Evan Dando y su guitarra llegan a Granada para recordarnos los a\u00f1os 80"}]},{"@type":"WebSite","@id":"https:\/\/www.inmsol.com\/es\/#website","url":"https:\/\/www.inmsol.com\/es\/","name":"iNMSOL","description":"Aprenda Espa\u00f1ol con iNMSOL en Granada | Centro Acreditado por el Instituto Cervantes","publisher":{"@id":"https:\/\/www.inmsol.com\/es\/#organization"},"potentialAction":[{"@type":"SearchAction","target":{"@type":"EntryPoint","urlTemplate":"https:\/\/www.inmsol.com\/es\/?s={search_term_string}"},"query-input":{"@type":"PropertyValueSpecification","valueRequired":true,"valueName":"search_term_string"}}],"inLanguage":"es"},{"@type":"Organization","@id":"https:\/\/www.inmsol.com\/es\/#organization","name":"Instituto Mediterr\u00e1neo Sol","url":"https:\/\/www.inmsol.com\/es\/","logo":{"@type":"ImageObject","inLanguage":"es","@id":"https:\/\/www.inmsol.com\/es\/#\/schema\/logo\/image\/","url":"https:\/\/www.inmsol.com\/wp-content\/uploads\/2023\/06\/logo-inmsol-1.png","contentUrl":"https:\/\/www.inmsol.com\/wp-content\/uploads\/2023\/06\/logo-inmsol-1.png","width":136,"height":73,"caption":"Instituto Mediterr\u00e1neo Sol"},"image":{"@id":"https:\/\/www.inmsol.com\/es\/#\/schema\/logo\/image\/"},"sameAs":["https:\/\/www.facebook.com\/spanishcourses","https:\/\/x.com\/StudyInGranada","http:\/\/instagram.com\/imsolgranada","https:\/\/es.linkedin.com\/company\/imsol-granada","https:\/\/www.pinterest.es\/inmsol\/","https:\/\/www.youtube.com\/channel\/UChz-Qn_7coFMosY85iYMO4g"]},{"@type":"Person","@id":"https:\/\/www.inmsol.com\/es\/#\/schema\/person\/94a7a01d14a56d1fbc49c841ffc57fe9","name":"- Instituto Mediterr\u00e1neo Sol","image":{"@type":"ImageObject","inLanguage":"es","@id":"https:\/\/secure.gravatar.com\/avatar\/5607fdabdf1b548b6095cc3d43079829bc1497403e70dd34004e7204a8fef62b?s=96&d=mm&r=g","url":"https:\/\/secure.gravatar.com\/avatar\/5607fdabdf1b548b6095cc3d43079829bc1497403e70dd34004e7204a8fef62b?s=96&d=mm&r=g","contentUrl":"https:\/\/secure.gravatar.com\/avatar\/5607fdabdf1b548b6095cc3d43079829bc1497403e70dd34004e7204a8fef62b?s=96&d=mm&r=g","caption":"- Instituto Mediterr\u00e1neo Sol"},"url":"https:\/\/www.inmsol.com\/es\/author\/laura\/"}]}},"_links":{"self":[{"href":"https:\/\/www.inmsol.com\/es\/wp-json\/wp\/v2\/posts\/14504","targetHints":{"allow":["GET"]}}],"collection":[{"href":"https:\/\/www.inmsol.com\/es\/wp-json\/wp\/v2\/posts"}],"about":[{"href":"https:\/\/www.inmsol.com\/es\/wp-json\/wp\/v2\/types\/post"}],"author":[{"embeddable":true,"href":"https:\/\/www.inmsol.com\/es\/wp-json\/wp\/v2\/users\/3"}],"replies":[{"embeddable":true,"href":"https:\/\/www.inmsol.com\/es\/wp-json\/wp\/v2\/comments?post=14504"}],"version-history":[{"count":0,"href":"https:\/\/www.inmsol.com\/es\/wp-json\/wp\/v2\/posts\/14504\/revisions"}],"wp:featuredmedia":[{"embeddable":true,"href":"https:\/\/www.inmsol.com\/es\/wp-json\/wp\/v2\/media\/14494"}],"wp:attachment":[{"href":"https:\/\/www.inmsol.com\/es\/wp-json\/wp\/v2\/media?parent=14504"}],"wp:term":[{"taxonomy":"category","embeddable":true,"href":"https:\/\/www.inmsol.com\/es\/wp-json\/wp\/v2\/categories?post=14504"},{"taxonomy":"post_tag","embeddable":true,"href":"https:\/\/www.inmsol.com\/es\/wp-json\/wp\/v2\/tags?post=14504"}],"curies":[{"name":"wp","href":"https:\/\/api.w.org\/{rel}","templated":true}]}}