{"id":14573,"date":"2015-03-09T10:49:53","date_gmt":"2015-03-09T09:49:53","guid":{"rendered":"https:\/\/www.inmsol.com\/?p=14573"},"modified":"2019-04-23T22:59:25","modified_gmt":"2019-04-23T20:59:25","slug":"los-chicos-del-barriogranadino","status":"publish","type":"post","link":"https:\/\/www.inmsol.com\/es\/blog-escuela\/eventos-granada\/los-chicos-del-barriogranadino\/","title":{"rendered":"Los Chicos Del Barrio\u2026Granadino"},"content":{"rendered":"<p>Ma\u00f1ana, <strong>el martes 10 de marzo<\/strong>, ser\u00e1 proyectada una pel\u00edcula hist\u00f3rica americana llamada <strong>Los Chicos Del Barrio<\/strong>. La pel\u00edcula fue rodada por el joven <strong>John Singleton<\/strong>, el cual ten\u00eda solamente 24 a\u00f1os cuando sali\u00f3 al cine en 1991. Su Trabajo tuvo inmediatamente mucho \u00e9xito, de hecho fue candidato al Oscar como mejor director y por el mejor guion original. La pel\u00edcula fue protagonizada por\u00a0\u00a0actores famosos como <strong>Cuba Gooding Jr., Ice Cube y Laurence Fishburne<\/strong> y narra la historia de 3 chicos que deben sobrevivir a la dif\u00edcil vida en el peligroso barrio South Central en Los \u00c1ngeles. Adem\u00e1s, otro aspecto que aument\u00f3 el \u00e9xito positivo de este trabajo fue que la cr\u00edtica estadounidense asoci\u00f3 esa pel\u00edcula al mont\u00f3n de <strong>denuncias reales y existentes en las peores \u00e1reas de cada ciudad americana<\/strong>, en las que resultaba casi imposible para los j\u00f3venes afroamericanos crecer y alcanzar los 30 a\u00f1os.<\/p>\n<p>Esta hist\u00f3rica pel\u00edcula ser\u00e1 proyectada en el <strong>cine Entresuelo<\/strong>, en Plaza de San Agust\u00edn, <strong>a las 21:00<\/strong> <strong>horas<\/strong> y tendr\u00e1 una duraci\u00f3n de 2 horas;\u00a0\u00a0<strong>la entrada ser\u00e1 gratuita<\/strong> hasta agotar las plazas disponibles.<img fetchpriority=\"high\" decoding=\"async\" class=\" size-medium wp-image-14562 aligncenter\" src=\"https:\/\/www.inmsol.com\/wp-content\/uploads\/2015\/03\/los-chicos-del-barrio-199x300.jpg\" alt=\"los-chicos-del-barrio\" width=\"199\" height=\"300\" srcset=\"https:\/\/www.inmsol.com\/wp-content\/uploads\/2015\/03\/los-chicos-del-barrio-199x300.jpg 199w, https:\/\/www.inmsol.com\/wp-content\/uploads\/2015\/03\/los-chicos-del-barrio-64x96.jpg 64w, https:\/\/www.inmsol.com\/wp-content\/uploads\/2015\/03\/los-chicos-del-barrio-133x200.jpg 133w, https:\/\/www.inmsol.com\/wp-content\/uploads\/2015\/03\/los-chicos-del-barrio-266x400.jpg 266w, https:\/\/www.inmsol.com\/wp-content\/uploads\/2015\/03\/los-chicos-del-barrio.jpg 400w\" sizes=\"(max-width: 199px) 100vw, 199px\" \/><\/p>\n","protected":false},"excerpt":{"rendered":"<p>Ma\u00f1ana, el martes 10 de marzo, ser\u00e1 proyectada una pel\u00edcula hist\u00f3rica americana llamada Los Chicos Del Barrio. La pel\u00edcula fue rodada por el joven John Singleton, el cual ten\u00eda solamente 24 a\u00f1os cuando sali\u00f3 al cine en 1991. Su Trabajo tuvo inmediatamente mucho \u00e9xito, de&#8230;<\/p>\n","protected":false},"author":3,"featured_media":14562,"comment_status":"closed","ping_status":"closed","sticky":false,"template":"","format":"standard","meta":{"_acf_changed":false,"footnotes":""},"categories":[80],"tags":[],"class_list":["post-14573","post","type-post","status-publish","format-standard","has-post-thumbnail","hentry","category-eventos-granada"],"acf":[],"yoast_head":"<!-- This site is optimized with the Yoast SEO plugin v27.5 - https:\/\/yoast.com\/product\/yoast-seo-wordpress\/ -->\n<title>Los Chicos Del Barrio\u2026Granadino<\/title>\n<meta name=\"description\" content=\"Ma\u00f1ana, el martes 10 de marzo, ser\u00e1 proyectada una pel\u00edcula hist\u00f3rica americana llamada Los Chicos Del Barrio. La pel\u00edcula fue rodada por el joven John Singleton, el cual ten\u00eda solamente 24 a\u00f1os cuando sali\u00f3 al cine en 1991.\" \/>\n<meta name=\"robots\" content=\"index, follow, max-snippet:-1, max-image-preview:large, max-video-preview:-1\" \/>\n<link rel=\"canonical\" href=\"https:\/\/www.inmsol.com\/es\/blog-escuela\/eventos-granada\/los-chicos-del-barriogranadino\/\" \/>\n<meta property=\"og:locale\" content=\"es_ES\" \/>\n<meta property=\"og:type\" content=\"article\" \/>\n<meta property=\"og:title\" content=\"Los Chicos Del Barrio\u2026Granadino\" \/>\n<meta property=\"og:description\" content=\"Ma\u00f1ana, el martes 10 de marzo, ser\u00e1 proyectada una pel\u00edcula hist\u00f3rica americana llamada Los Chicos Del Barrio. La pel\u00edcula fue rodada por el joven John Singleton, el cual ten\u00eda solamente 24 a\u00f1os cuando sali\u00f3 al cine en 1991.\" \/>\n<meta property=\"og:url\" content=\"https:\/\/www.inmsol.com\/es\/blog-escuela\/eventos-granada\/los-chicos-del-barriogranadino\/\" \/>\n<meta property=\"og:site_name\" content=\"iNMSOL\" \/>\n<meta property=\"article:publisher\" content=\"https:\/\/www.facebook.com\/spanishcourses\" \/>\n<meta property=\"article:published_time\" content=\"2015-03-09T09:49:53+00:00\" \/>\n<meta property=\"article:modified_time\" content=\"2019-04-23T20:59:25+00:00\" \/>\n<meta property=\"og:image\" content=\"https:\/\/www.inmsol.com\/wp-content\/uploads\/2015\/03\/los-chicos-del-barrio.jpg\" \/>\n\t<meta property=\"og:image:width\" content=\"400\" \/>\n\t<meta property=\"og:image:height\" content=\"602\" \/>\n\t<meta property=\"og:image:type\" content=\"image\/jpeg\" \/>\n<meta name=\"author\" content=\"- Instituto Mediterr\u00e1neo Sol\" \/>\n<meta name=\"twitter:label1\" content=\"Escrito por\" \/>\n\t<meta name=\"twitter:data1\" content=\"- Instituto Mediterr\u00e1neo Sol\" \/>\n\t<meta name=\"twitter:label2\" content=\"Tiempo de lectura\" \/>\n\t<meta name=\"twitter:data2\" content=\"1 minuto\" \/>\n<script type=\"application\/ld+json\" class=\"yoast-schema-graph\">{\"@context\":\"https:\\\/\\\/schema.org\",\"@graph\":[{\"@type\":\"Article\",\"@id\":\"https:\\\/\\\/www.inmsol.com\\\/es\\\/blog-escuela\\\/eventos-granada\\\/los-chicos-del-barriogranadino\\\/#article\",\"isPartOf\":{\"@id\":\"https:\\\/\\\/www.inmsol.com\\\/es\\\/blog-escuela\\\/eventos-granada\\\/los-chicos-del-barriogranadino\\\/\"},\"author\":{\"name\":\"- Instituto Mediterr\u00e1neo Sol\",\"@id\":\"https:\\\/\\\/www.inmsol.com\\\/es\\\/#\\\/schema\\\/person\\\/94a7a01d14a56d1fbc49c841ffc57fe9\"},\"headline\":\"Los Chicos Del Barrio\u2026Granadino\",\"datePublished\":\"2015-03-09T09:49:53+00:00\",\"dateModified\":\"2019-04-23T20:59:25+00:00\",\"mainEntityOfPage\":{\"@id\":\"https:\\\/\\\/www.inmsol.com\\\/es\\\/blog-escuela\\\/eventos-granada\\\/los-chicos-del-barriogranadino\\\/\"},\"wordCount\":198,\"publisher\":{\"@id\":\"https:\\\/\\\/www.inmsol.com\\\/es\\\/#organization\"},\"image\":{\"@id\":\"https:\\\/\\\/www.inmsol.com\\\/es\\\/blog-escuela\\\/eventos-granada\\\/los-chicos-del-barriogranadino\\\/#primaryimage\"},\"thumbnailUrl\":\"https:\\\/\\\/www.inmsol.com\\\/wp-content\\\/uploads\\\/2015\\\/03\\\/los-chicos-del-barrio.jpg\",\"articleSection\":[\"Eventos en Granada\"],\"inLanguage\":\"es\"},{\"@type\":\"WebPage\",\"@id\":\"https:\\\/\\\/www.inmsol.com\\\/es\\\/blog-escuela\\\/eventos-granada\\\/los-chicos-del-barriogranadino\\\/\",\"url\":\"https:\\\/\\\/www.inmsol.com\\\/es\\\/blog-escuela\\\/eventos-granada\\\/los-chicos-del-barriogranadino\\\/\",\"name\":\"Los Chicos Del Barrio\u2026Granadino\",\"isPartOf\":{\"@id\":\"https:\\\/\\\/www.inmsol.com\\\/es\\\/#website\"},\"primaryImageOfPage\":{\"@id\":\"https:\\\/\\\/www.inmsol.com\\\/es\\\/blog-escuela\\\/eventos-granada\\\/los-chicos-del-barriogranadino\\\/#primaryimage\"},\"image\":{\"@id\":\"https:\\\/\\\/www.inmsol.com\\\/es\\\/blog-escuela\\\/eventos-granada\\\/los-chicos-del-barriogranadino\\\/#primaryimage\"},\"thumbnailUrl\":\"https:\\\/\\\/www.inmsol.com\\\/wp-content\\\/uploads\\\/2015\\\/03\\\/los-chicos-del-barrio.jpg\",\"datePublished\":\"2015-03-09T09:49:53+00:00\",\"dateModified\":\"2019-04-23T20:59:25+00:00\",\"description\":\"Ma\u00f1ana, el martes 10 de marzo, ser\u00e1 proyectada una pel\u00edcula hist\u00f3rica americana llamada Los Chicos Del Barrio. La pel\u00edcula fue rodada por el joven John Singleton, el cual ten\u00eda solamente 24 a\u00f1os cuando sali\u00f3 al cine en 1991.\",\"breadcrumb\":{\"@id\":\"https:\\\/\\\/www.inmsol.com\\\/es\\\/blog-escuela\\\/eventos-granada\\\/los-chicos-del-barriogranadino\\\/#breadcrumb\"},\"inLanguage\":\"es\",\"potentialAction\":[{\"@type\":\"ReadAction\",\"target\":[\"https:\\\/\\\/www.inmsol.com\\\/es\\\/blog-escuela\\\/eventos-granada\\\/los-chicos-del-barriogranadino\\\/\"]}]},{\"@type\":\"ImageObject\",\"inLanguage\":\"es\",\"@id\":\"https:\\\/\\\/www.inmsol.com\\\/es\\\/blog-escuela\\\/eventos-granada\\\/los-chicos-del-barriogranadino\\\/#primaryimage\",\"url\":\"https:\\\/\\\/www.inmsol.com\\\/wp-content\\\/uploads\\\/2015\\\/03\\\/los-chicos-del-barrio.jpg\",\"contentUrl\":\"https:\\\/\\\/www.inmsol.com\\\/wp-content\\\/uploads\\\/2015\\\/03\\\/los-chicos-del-barrio.jpg\",\"width\":400,\"height\":602},{\"@type\":\"BreadcrumbList\",\"@id\":\"https:\\\/\\\/www.inmsol.com\\\/es\\\/blog-escuela\\\/eventos-granada\\\/los-chicos-del-barriogranadino\\\/#breadcrumb\",\"itemListElement\":[{\"@type\":\"ListItem\",\"position\":1,\"name\":\"Accredited Center by Instituto Cervantes\",\"item\":\"https:\\\/\\\/www.inmsol.com\\\/es\\\/pagina-ejemplo\\\/\"},{\"@type\":\"ListItem\",\"position\":2,\"name\":\"Blog Escuela Espa\u00f1ol\",\"item\":\"https:\\\/\\\/www.inmsol.com\\\/es\\\/category\\\/blog-escuela\\\/\"},{\"@type\":\"ListItem\",\"position\":3,\"name\":\"Eventos en Granada\",\"item\":\"https:\\\/\\\/www.inmsol.com\\\/es\\\/category\\\/blog-escuela\\\/eventos-granada\\\/\"},{\"@type\":\"ListItem\",\"position\":4,\"name\":\"Los Chicos Del Barrio\u2026Granadino\"}]},{\"@type\":\"WebSite\",\"@id\":\"https:\\\/\\\/www.inmsol.com\\\/es\\\/#website\",\"url\":\"https:\\\/\\\/www.inmsol.com\\\/es\\\/\",\"name\":\"iNMSOL\",\"description\":\"Aprenda Espa\u00f1ol con iNMSOL en Granada | Centro Acreditado por el Instituto Cervantes\",\"publisher\":{\"@id\":\"https:\\\/\\\/www.inmsol.com\\\/es\\\/#organization\"},\"potentialAction\":[{\"@type\":\"SearchAction\",\"target\":{\"@type\":\"EntryPoint\",\"urlTemplate\":\"https:\\\/\\\/www.inmsol.com\\\/es\\\/?s={search_term_string}\"},\"query-input\":{\"@type\":\"PropertyValueSpecification\",\"valueRequired\":true,\"valueName\":\"search_term_string\"}}],\"inLanguage\":\"es\"},{\"@type\":\"Organization\",\"@id\":\"https:\\\/\\\/www.inmsol.com\\\/es\\\/#organization\",\"name\":\"Instituto Mediterr\u00e1neo Sol\",\"url\":\"https:\\\/\\\/www.inmsol.com\\\/es\\\/\",\"logo\":{\"@type\":\"ImageObject\",\"inLanguage\":\"es\",\"@id\":\"https:\\\/\\\/www.inmsol.com\\\/es\\\/#\\\/schema\\\/logo\\\/image\\\/\",\"url\":\"https:\\\/\\\/www.inmsol.com\\\/wp-content\\\/uploads\\\/2023\\\/06\\\/logo-inmsol-1.png\",\"contentUrl\":\"https:\\\/\\\/www.inmsol.com\\\/wp-content\\\/uploads\\\/2023\\\/06\\\/logo-inmsol-1.png\",\"width\":136,\"height\":73,\"caption\":\"Instituto Mediterr\u00e1neo Sol\"},\"image\":{\"@id\":\"https:\\\/\\\/www.inmsol.com\\\/es\\\/#\\\/schema\\\/logo\\\/image\\\/\"},\"sameAs\":[\"https:\\\/\\\/www.facebook.com\\\/spanishcourses\",\"https:\\\/\\\/x.com\\\/StudyInGranada\",\"http:\\\/\\\/instagram.com\\\/imsolgranada\",\"https:\\\/\\\/es.linkedin.com\\\/company\\\/imsol-granada\",\"https:\\\/\\\/www.pinterest.es\\\/inmsol\\\/\",\"https:\\\/\\\/www.youtube.com\\\/channel\\\/UChz-Qn_7coFMosY85iYMO4g\"]},{\"@type\":\"Person\",\"@id\":\"https:\\\/\\\/www.inmsol.com\\\/es\\\/#\\\/schema\\\/person\\\/94a7a01d14a56d1fbc49c841ffc57fe9\",\"name\":\"- Instituto Mediterr\u00e1neo Sol\",\"image\":{\"@type\":\"ImageObject\",\"inLanguage\":\"es\",\"@id\":\"https:\\\/\\\/secure.gravatar.com\\\/avatar\\\/5607fdabdf1b548b6095cc3d43079829bc1497403e70dd34004e7204a8fef62b?s=96&d=mm&r=g\",\"url\":\"https:\\\/\\\/secure.gravatar.com\\\/avatar\\\/5607fdabdf1b548b6095cc3d43079829bc1497403e70dd34004e7204a8fef62b?s=96&d=mm&r=g\",\"contentUrl\":\"https:\\\/\\\/secure.gravatar.com\\\/avatar\\\/5607fdabdf1b548b6095cc3d43079829bc1497403e70dd34004e7204a8fef62b?s=96&d=mm&r=g\",\"caption\":\"- Instituto Mediterr\u00e1neo Sol\"},\"url\":\"https:\\\/\\\/www.inmsol.com\\\/es\\\/author\\\/laura\\\/\"}]}<\/script>\n<!-- \/ Yoast SEO plugin. -->","yoast_head_json":{"title":"Los Chicos Del Barrio\u2026Granadino","description":"Ma\u00f1ana, el martes 10 de marzo, ser\u00e1 proyectada una pel\u00edcula hist\u00f3rica americana llamada Los Chicos Del Barrio. La pel\u00edcula fue rodada por el joven John Singleton, el cual ten\u00eda solamente 24 a\u00f1os cuando sali\u00f3 al cine en 1991.","robots":{"index":"index","follow":"follow","max-snippet":"max-snippet:-1","max-image-preview":"max-image-preview:large","max-video-preview":"max-video-preview:-1"},"canonical":"https:\/\/www.inmsol.com\/es\/blog-escuela\/eventos-granada\/los-chicos-del-barriogranadino\/","og_locale":"es_ES","og_type":"article","og_title":"Los Chicos Del Barrio\u2026Granadino","og_description":"Ma\u00f1ana, el martes 10 de marzo, ser\u00e1 proyectada una pel\u00edcula hist\u00f3rica americana llamada Los Chicos Del Barrio. La pel\u00edcula fue rodada por el joven John Singleton, el cual ten\u00eda solamente 24 a\u00f1os cuando sali\u00f3 al cine en 1991.","og_url":"https:\/\/www.inmsol.com\/es\/blog-escuela\/eventos-granada\/los-chicos-del-barriogranadino\/","og_site_name":"iNMSOL","article_publisher":"https:\/\/www.facebook.com\/spanishcourses","article_published_time":"2015-03-09T09:49:53+00:00","article_modified_time":"2019-04-23T20:59:25+00:00","og_image":[{"width":400,"height":602,"url":"https:\/\/www.inmsol.com\/wp-content\/uploads\/2015\/03\/los-chicos-del-barrio.jpg","type":"image\/jpeg"}],"author":"- Instituto Mediterr\u00e1neo Sol","twitter_misc":{"Escrito por":"- Instituto Mediterr\u00e1neo Sol","Tiempo de lectura":"1 minuto"},"schema":{"@context":"https:\/\/schema.org","@graph":[{"@type":"Article","@id":"https:\/\/www.inmsol.com\/es\/blog-escuela\/eventos-granada\/los-chicos-del-barriogranadino\/#article","isPartOf":{"@id":"https:\/\/www.inmsol.com\/es\/blog-escuela\/eventos-granada\/los-chicos-del-barriogranadino\/"},"author":{"name":"- Instituto Mediterr\u00e1neo Sol","@id":"https:\/\/www.inmsol.com\/es\/#\/schema\/person\/94a7a01d14a56d1fbc49c841ffc57fe9"},"headline":"Los Chicos Del Barrio\u2026Granadino","datePublished":"2015-03-09T09:49:53+00:00","dateModified":"2019-04-23T20:59:25+00:00","mainEntityOfPage":{"@id":"https:\/\/www.inmsol.com\/es\/blog-escuela\/eventos-granada\/los-chicos-del-barriogranadino\/"},"wordCount":198,"publisher":{"@id":"https:\/\/www.inmsol.com\/es\/#organization"},"image":{"@id":"https:\/\/www.inmsol.com\/es\/blog-escuela\/eventos-granada\/los-chicos-del-barriogranadino\/#primaryimage"},"thumbnailUrl":"https:\/\/www.inmsol.com\/wp-content\/uploads\/2015\/03\/los-chicos-del-barrio.jpg","articleSection":["Eventos en Granada"],"inLanguage":"es"},{"@type":"WebPage","@id":"https:\/\/www.inmsol.com\/es\/blog-escuela\/eventos-granada\/los-chicos-del-barriogranadino\/","url":"https:\/\/www.inmsol.com\/es\/blog-escuela\/eventos-granada\/los-chicos-del-barriogranadino\/","name":"Los Chicos Del Barrio\u2026Granadino","isPartOf":{"@id":"https:\/\/www.inmsol.com\/es\/#website"},"primaryImageOfPage":{"@id":"https:\/\/www.inmsol.com\/es\/blog-escuela\/eventos-granada\/los-chicos-del-barriogranadino\/#primaryimage"},"image":{"@id":"https:\/\/www.inmsol.com\/es\/blog-escuela\/eventos-granada\/los-chicos-del-barriogranadino\/#primaryimage"},"thumbnailUrl":"https:\/\/www.inmsol.com\/wp-content\/uploads\/2015\/03\/los-chicos-del-barrio.jpg","datePublished":"2015-03-09T09:49:53+00:00","dateModified":"2019-04-23T20:59:25+00:00","description":"Ma\u00f1ana, el martes 10 de marzo, ser\u00e1 proyectada una pel\u00edcula hist\u00f3rica americana llamada Los Chicos Del Barrio. La pel\u00edcula fue rodada por el joven John Singleton, el cual ten\u00eda solamente 24 a\u00f1os cuando sali\u00f3 al cine en 1991.","breadcrumb":{"@id":"https:\/\/www.inmsol.com\/es\/blog-escuela\/eventos-granada\/los-chicos-del-barriogranadino\/#breadcrumb"},"inLanguage":"es","potentialAction":[{"@type":"ReadAction","target":["https:\/\/www.inmsol.com\/es\/blog-escuela\/eventos-granada\/los-chicos-del-barriogranadino\/"]}]},{"@type":"ImageObject","inLanguage":"es","@id":"https:\/\/www.inmsol.com\/es\/blog-escuela\/eventos-granada\/los-chicos-del-barriogranadino\/#primaryimage","url":"https:\/\/www.inmsol.com\/wp-content\/uploads\/2015\/03\/los-chicos-del-barrio.jpg","contentUrl":"https:\/\/www.inmsol.com\/wp-content\/uploads\/2015\/03\/los-chicos-del-barrio.jpg","width":400,"height":602},{"@type":"BreadcrumbList","@id":"https:\/\/www.inmsol.com\/es\/blog-escuela\/eventos-granada\/los-chicos-del-barriogranadino\/#breadcrumb","itemListElement":[{"@type":"ListItem","position":1,"name":"Accredited Center by Instituto Cervantes","item":"https:\/\/www.inmsol.com\/es\/pagina-ejemplo\/"},{"@type":"ListItem","position":2,"name":"Blog Escuela Espa\u00f1ol","item":"https:\/\/www.inmsol.com\/es\/category\/blog-escuela\/"},{"@type":"ListItem","position":3,"name":"Eventos en Granada","item":"https:\/\/www.inmsol.com\/es\/category\/blog-escuela\/eventos-granada\/"},{"@type":"ListItem","position":4,"name":"Los Chicos Del Barrio\u2026Granadino"}]},{"@type":"WebSite","@id":"https:\/\/www.inmsol.com\/es\/#website","url":"https:\/\/www.inmsol.com\/es\/","name":"iNMSOL","description":"Aprenda Espa\u00f1ol con iNMSOL en Granada | Centro Acreditado por el Instituto Cervantes","publisher":{"@id":"https:\/\/www.inmsol.com\/es\/#organization"},"potentialAction":[{"@type":"SearchAction","target":{"@type":"EntryPoint","urlTemplate":"https:\/\/www.inmsol.com\/es\/?s={search_term_string}"},"query-input":{"@type":"PropertyValueSpecification","valueRequired":true,"valueName":"search_term_string"}}],"inLanguage":"es"},{"@type":"Organization","@id":"https:\/\/www.inmsol.com\/es\/#organization","name":"Instituto Mediterr\u00e1neo Sol","url":"https:\/\/www.inmsol.com\/es\/","logo":{"@type":"ImageObject","inLanguage":"es","@id":"https:\/\/www.inmsol.com\/es\/#\/schema\/logo\/image\/","url":"https:\/\/www.inmsol.com\/wp-content\/uploads\/2023\/06\/logo-inmsol-1.png","contentUrl":"https:\/\/www.inmsol.com\/wp-content\/uploads\/2023\/06\/logo-inmsol-1.png","width":136,"height":73,"caption":"Instituto Mediterr\u00e1neo Sol"},"image":{"@id":"https:\/\/www.inmsol.com\/es\/#\/schema\/logo\/image\/"},"sameAs":["https:\/\/www.facebook.com\/spanishcourses","https:\/\/x.com\/StudyInGranada","http:\/\/instagram.com\/imsolgranada","https:\/\/es.linkedin.com\/company\/imsol-granada","https:\/\/www.pinterest.es\/inmsol\/","https:\/\/www.youtube.com\/channel\/UChz-Qn_7coFMosY85iYMO4g"]},{"@type":"Person","@id":"https:\/\/www.inmsol.com\/es\/#\/schema\/person\/94a7a01d14a56d1fbc49c841ffc57fe9","name":"- Instituto Mediterr\u00e1neo Sol","image":{"@type":"ImageObject","inLanguage":"es","@id":"https:\/\/secure.gravatar.com\/avatar\/5607fdabdf1b548b6095cc3d43079829bc1497403e70dd34004e7204a8fef62b?s=96&d=mm&r=g","url":"https:\/\/secure.gravatar.com\/avatar\/5607fdabdf1b548b6095cc3d43079829bc1497403e70dd34004e7204a8fef62b?s=96&d=mm&r=g","contentUrl":"https:\/\/secure.gravatar.com\/avatar\/5607fdabdf1b548b6095cc3d43079829bc1497403e70dd34004e7204a8fef62b?s=96&d=mm&r=g","caption":"- Instituto Mediterr\u00e1neo Sol"},"url":"https:\/\/www.inmsol.com\/es\/author\/laura\/"}]}},"_links":{"self":[{"href":"https:\/\/www.inmsol.com\/es\/wp-json\/wp\/v2\/posts\/14573","targetHints":{"allow":["GET"]}}],"collection":[{"href":"https:\/\/www.inmsol.com\/es\/wp-json\/wp\/v2\/posts"}],"about":[{"href":"https:\/\/www.inmsol.com\/es\/wp-json\/wp\/v2\/types\/post"}],"author":[{"embeddable":true,"href":"https:\/\/www.inmsol.com\/es\/wp-json\/wp\/v2\/users\/3"}],"replies":[{"embeddable":true,"href":"https:\/\/www.inmsol.com\/es\/wp-json\/wp\/v2\/comments?post=14573"}],"version-history":[{"count":0,"href":"https:\/\/www.inmsol.com\/es\/wp-json\/wp\/v2\/posts\/14573\/revisions"}],"wp:featuredmedia":[{"embeddable":true,"href":"https:\/\/www.inmsol.com\/es\/wp-json\/wp\/v2\/media\/14562"}],"wp:attachment":[{"href":"https:\/\/www.inmsol.com\/es\/wp-json\/wp\/v2\/media?parent=14573"}],"wp:term":[{"taxonomy":"category","embeddable":true,"href":"https:\/\/www.inmsol.com\/es\/wp-json\/wp\/v2\/categories?post=14573"},{"taxonomy":"post_tag","embeddable":true,"href":"https:\/\/www.inmsol.com\/es\/wp-json\/wp\/v2\/tags?post=14573"}],"curies":[{"name":"wp","href":"https:\/\/api.w.org\/{rel}","templated":true}]}}