{"id":14630,"date":"2015-03-12T11:37:47","date_gmt":"2015-03-12T10:37:47","guid":{"rendered":"https:\/\/www.inmsol.com\/?p=14630"},"modified":"2019-04-23T22:57:50","modified_gmt":"2019-04-23T20:57:50","slug":"monumento-maquina-de-jorge-ribalta","status":"publish","type":"post","link":"https:\/\/www.inmsol.com\/es\/blog-escuela\/eventos-granada\/monumento-maquina-de-jorge-ribalta\/","title":{"rendered":"Monumento m\u00e1quina de Jorge Ribalta"},"content":{"rendered":"<p>El 16 de enero se inaugur\u00f3 la exposici\u00f3n fotogr\u00e1fica \u2018<strong>Monumento m\u00e1quina<\/strong>\u2019 de\u00a0<strong>Jorge Ribalta<\/strong>, un fot\u00f3grafo que quiere hacer una relectura de nuestra historia y de la construcci\u00f3n de nuestros mitos y monumentos a trav\u00e9s de su c\u00e1mara fotogr\u00e1fica.<\/p>\n<p>La visi\u00f3n de los objetos fotografiados\u00a0\u00a0rompe con lo que era la normalidad antecedente<img decoding=\"async\" class=\"alignright size-full wp-image-14621\" src=\"https:\/\/www.inmsol.com\/wp-content\/uploads\/2015\/03\/Monumento-Maquina-Jorge-Ribalta.jpg\" alt=\"Monumento-Maquina-Jorge-Ribalta\" width=\"175\" height=\"266\" srcset=\"https:\/\/www.inmsol.com\/wp-content\/uploads\/2015\/03\/Monumento-Maquina-Jorge-Ribalta.jpg 175w, https:\/\/www.inmsol.com\/wp-content\/uploads\/2015\/03\/Monumento-Maquina-Jorge-Ribalta-64x97.jpg 64w, https:\/\/www.inmsol.com\/wp-content\/uploads\/2015\/03\/Monumento-Maquina-Jorge-Ribalta-132x200.jpg 132w\" sizes=\"(max-width: 175px) 100vw, 175px\" \/>:\u00a0<strong>fotografiando los monumentos<\/strong>\u00a0el artista quiere reconstruir el significado que la pol\u00edtica hab\u00eda asignado\u00a0a esos elementos para crear una identidad nacional. Por eso, el fot\u00f3grafo intenta\u00a0<strong>devolver a todas las personas sus diferencias y la\u00a0heterogeneidad<\/strong>\u00a0que fueron eliminadas por los \u00f3rganos gobernantes mediante la trascendentalizaci\u00f3n del monumento,\u00a0<strong>que unificaba bajo una sola imagen todo el pueblo<\/strong>.<\/p>\n<p>La muestra est\u00e1 albergada por el\u00a0<strong>Centro Jos\u00e9 Guerrero hasta el 5 de abril<\/strong>; es posible visitar del martes al s\u00e1bado de 10:30 a 14:00 horas y de 16:30 a 21:00 horas y el domingo y los festivos de 10:30 a 14:00 horas.\u00a0<strong>La entrada <\/strong><strong>es libre<\/strong>.<\/p>\n","protected":false},"excerpt":{"rendered":"<p>El 16 de enero se inaugur\u00f3 la exposici\u00f3n fotogr\u00e1fica \u2018Monumento m\u00e1quina\u2019 de\u00a0Jorge Ribalta, un fot\u00f3grafo que quiere hacer una relectura de nuestra historia y de la construcci\u00f3n de nuestros mitos y monumentos a trav\u00e9s de su c\u00e1mara fotogr\u00e1fica. La visi\u00f3n de los objetos fotografiados\u00a0\u00a0rompe con&#8230;<\/p>\n","protected":false},"author":3,"featured_media":14621,"comment_status":"closed","ping_status":"closed","sticky":false,"template":"","format":"standard","meta":{"_acf_changed":false,"footnotes":""},"categories":[80],"tags":[],"class_list":["post-14630","post","type-post","status-publish","format-standard","has-post-thumbnail","hentry","category-eventos-granada"],"acf":[],"yoast_head":"<!-- This site is optimized with the Yoast SEO plugin v27.4 - https:\/\/yoast.com\/product\/yoast-seo-wordpress\/ -->\n<title>Monumento m\u00e1quina de Jorge Ribalta<\/title>\n<meta name=\"description\" content=\"El 16 de enero se inaugur\u00f3 la exposici\u00f3n fotogr\u00e1fica \u2018Monumento m\u00e1quina\u2019 de Jorge Ribalta, un fot\u00f3grafo que quiere hacer una relectura de nuestra historia y de la construcci\u00f3n de nuestros mitos y monumentos a trav\u00e9s de su c\u00e1mara fotogr\u00e1fica.\" \/>\n<meta name=\"robots\" content=\"index, follow, max-snippet:-1, max-image-preview:large, max-video-preview:-1\" \/>\n<link rel=\"canonical\" href=\"https:\/\/www.inmsol.com\/es\/blog-escuela\/eventos-granada\/monumento-maquina-de-jorge-ribalta\/\" \/>\n<meta property=\"og:locale\" content=\"es_ES\" \/>\n<meta property=\"og:type\" content=\"article\" \/>\n<meta property=\"og:title\" content=\"Monumento m\u00e1quina de Jorge Ribalta\" \/>\n<meta property=\"og:description\" content=\"El 16 de enero se inaugur\u00f3 la exposici\u00f3n fotogr\u00e1fica \u2018Monumento m\u00e1quina\u2019 de Jorge Ribalta, un fot\u00f3grafo que quiere hacer una relectura de nuestra historia y de la construcci\u00f3n de nuestros mitos y monumentos a trav\u00e9s de su c\u00e1mara fotogr\u00e1fica.\" \/>\n<meta property=\"og:url\" content=\"https:\/\/www.inmsol.com\/es\/blog-escuela\/eventos-granada\/monumento-maquina-de-jorge-ribalta\/\" \/>\n<meta property=\"og:site_name\" content=\"iNMSOL\" \/>\n<meta property=\"article:publisher\" content=\"https:\/\/www.facebook.com\/spanishcourses\" \/>\n<meta property=\"article:published_time\" content=\"2015-03-12T10:37:47+00:00\" \/>\n<meta property=\"article:modified_time\" content=\"2019-04-23T20:57:50+00:00\" \/>\n<meta property=\"og:image\" content=\"https:\/\/www.inmsol.com\/wp-content\/uploads\/2015\/03\/Monumento-Maquina-Jorge-Ribalta.jpg\" \/>\n\t<meta property=\"og:image:width\" content=\"175\" \/>\n\t<meta property=\"og:image:height\" content=\"266\" \/>\n\t<meta property=\"og:image:type\" content=\"image\/jpeg\" \/>\n<meta name=\"author\" content=\"- Instituto Mediterr\u00e1neo Sol\" \/>\n<meta name=\"twitter:label1\" content=\"Escrito por\" \/>\n\t<meta name=\"twitter:data1\" content=\"- Instituto Mediterr\u00e1neo Sol\" \/>\n\t<meta name=\"twitter:label2\" content=\"Tiempo de lectura\" \/>\n\t<meta name=\"twitter:data2\" content=\"1 minuto\" \/>\n<script type=\"application\/ld+json\" class=\"yoast-schema-graph\">{\"@context\":\"https:\\\/\\\/schema.org\",\"@graph\":[{\"@type\":\"Article\",\"@id\":\"https:\\\/\\\/www.inmsol.com\\\/es\\\/blog-escuela\\\/eventos-granada\\\/monumento-maquina-de-jorge-ribalta\\\/#article\",\"isPartOf\":{\"@id\":\"https:\\\/\\\/www.inmsol.com\\\/es\\\/blog-escuela\\\/eventos-granada\\\/monumento-maquina-de-jorge-ribalta\\\/\"},\"author\":{\"name\":\"- Instituto Mediterr\u00e1neo Sol\",\"@id\":\"https:\\\/\\\/www.inmsol.com\\\/es\\\/#\\\/schema\\\/person\\\/94a7a01d14a56d1fbc49c841ffc57fe9\"},\"headline\":\"Monumento m\u00e1quina de Jorge Ribalta\",\"datePublished\":\"2015-03-12T10:37:47+00:00\",\"dateModified\":\"2019-04-23T20:57:50+00:00\",\"mainEntityOfPage\":{\"@id\":\"https:\\\/\\\/www.inmsol.com\\\/es\\\/blog-escuela\\\/eventos-granada\\\/monumento-maquina-de-jorge-ribalta\\\/\"},\"wordCount\":170,\"publisher\":{\"@id\":\"https:\\\/\\\/www.inmsol.com\\\/es\\\/#organization\"},\"image\":{\"@id\":\"https:\\\/\\\/www.inmsol.com\\\/es\\\/blog-escuela\\\/eventos-granada\\\/monumento-maquina-de-jorge-ribalta\\\/#primaryimage\"},\"thumbnailUrl\":\"https:\\\/\\\/www.inmsol.com\\\/wp-content\\\/uploads\\\/2015\\\/03\\\/Monumento-Maquina-Jorge-Ribalta.jpg\",\"articleSection\":[\"Eventos en Granada\"],\"inLanguage\":\"es\"},{\"@type\":\"WebPage\",\"@id\":\"https:\\\/\\\/www.inmsol.com\\\/es\\\/blog-escuela\\\/eventos-granada\\\/monumento-maquina-de-jorge-ribalta\\\/\",\"url\":\"https:\\\/\\\/www.inmsol.com\\\/es\\\/blog-escuela\\\/eventos-granada\\\/monumento-maquina-de-jorge-ribalta\\\/\",\"name\":\"Monumento m\u00e1quina de Jorge Ribalta\",\"isPartOf\":{\"@id\":\"https:\\\/\\\/www.inmsol.com\\\/es\\\/#website\"},\"primaryImageOfPage\":{\"@id\":\"https:\\\/\\\/www.inmsol.com\\\/es\\\/blog-escuela\\\/eventos-granada\\\/monumento-maquina-de-jorge-ribalta\\\/#primaryimage\"},\"image\":{\"@id\":\"https:\\\/\\\/www.inmsol.com\\\/es\\\/blog-escuela\\\/eventos-granada\\\/monumento-maquina-de-jorge-ribalta\\\/#primaryimage\"},\"thumbnailUrl\":\"https:\\\/\\\/www.inmsol.com\\\/wp-content\\\/uploads\\\/2015\\\/03\\\/Monumento-Maquina-Jorge-Ribalta.jpg\",\"datePublished\":\"2015-03-12T10:37:47+00:00\",\"dateModified\":\"2019-04-23T20:57:50+00:00\",\"description\":\"El 16 de enero se inaugur\u00f3 la exposici\u00f3n fotogr\u00e1fica \u2018Monumento m\u00e1quina\u2019 de Jorge Ribalta, un fot\u00f3grafo que quiere hacer una relectura de nuestra historia y de la construcci\u00f3n de nuestros mitos y monumentos a trav\u00e9s de su c\u00e1mara fotogr\u00e1fica.\",\"breadcrumb\":{\"@id\":\"https:\\\/\\\/www.inmsol.com\\\/es\\\/blog-escuela\\\/eventos-granada\\\/monumento-maquina-de-jorge-ribalta\\\/#breadcrumb\"},\"inLanguage\":\"es\",\"potentialAction\":[{\"@type\":\"ReadAction\",\"target\":[\"https:\\\/\\\/www.inmsol.com\\\/es\\\/blog-escuela\\\/eventos-granada\\\/monumento-maquina-de-jorge-ribalta\\\/\"]}]},{\"@type\":\"ImageObject\",\"inLanguage\":\"es\",\"@id\":\"https:\\\/\\\/www.inmsol.com\\\/es\\\/blog-escuela\\\/eventos-granada\\\/monumento-maquina-de-jorge-ribalta\\\/#primaryimage\",\"url\":\"https:\\\/\\\/www.inmsol.com\\\/wp-content\\\/uploads\\\/2015\\\/03\\\/Monumento-Maquina-Jorge-Ribalta.jpg\",\"contentUrl\":\"https:\\\/\\\/www.inmsol.com\\\/wp-content\\\/uploads\\\/2015\\\/03\\\/Monumento-Maquina-Jorge-Ribalta.jpg\",\"width\":175,\"height\":266},{\"@type\":\"BreadcrumbList\",\"@id\":\"https:\\\/\\\/www.inmsol.com\\\/es\\\/blog-escuela\\\/eventos-granada\\\/monumento-maquina-de-jorge-ribalta\\\/#breadcrumb\",\"itemListElement\":[{\"@type\":\"ListItem\",\"position\":1,\"name\":\"Accredited Center by Instituto Cervantes\",\"item\":\"https:\\\/\\\/www.inmsol.com\\\/es\\\/pagina-ejemplo\\\/\"},{\"@type\":\"ListItem\",\"position\":2,\"name\":\"Blog Escuela Espa\u00f1ol\",\"item\":\"https:\\\/\\\/www.inmsol.com\\\/es\\\/category\\\/blog-escuela\\\/\"},{\"@type\":\"ListItem\",\"position\":3,\"name\":\"Eventos en Granada\",\"item\":\"https:\\\/\\\/www.inmsol.com\\\/es\\\/category\\\/blog-escuela\\\/eventos-granada\\\/\"},{\"@type\":\"ListItem\",\"position\":4,\"name\":\"Monumento m\u00e1quina de Jorge Ribalta\"}]},{\"@type\":\"WebSite\",\"@id\":\"https:\\\/\\\/www.inmsol.com\\\/es\\\/#website\",\"url\":\"https:\\\/\\\/www.inmsol.com\\\/es\\\/\",\"name\":\"iNMSOL\",\"description\":\"Aprenda Espa\u00f1ol con iNMSOL en Granada | Centro Acreditado por el Instituto Cervantes\",\"publisher\":{\"@id\":\"https:\\\/\\\/www.inmsol.com\\\/es\\\/#organization\"},\"potentialAction\":[{\"@type\":\"SearchAction\",\"target\":{\"@type\":\"EntryPoint\",\"urlTemplate\":\"https:\\\/\\\/www.inmsol.com\\\/es\\\/?s={search_term_string}\"},\"query-input\":{\"@type\":\"PropertyValueSpecification\",\"valueRequired\":true,\"valueName\":\"search_term_string\"}}],\"inLanguage\":\"es\"},{\"@type\":\"Organization\",\"@id\":\"https:\\\/\\\/www.inmsol.com\\\/es\\\/#organization\",\"name\":\"Instituto Mediterr\u00e1neo Sol\",\"url\":\"https:\\\/\\\/www.inmsol.com\\\/es\\\/\",\"logo\":{\"@type\":\"ImageObject\",\"inLanguage\":\"es\",\"@id\":\"https:\\\/\\\/www.inmsol.com\\\/es\\\/#\\\/schema\\\/logo\\\/image\\\/\",\"url\":\"https:\\\/\\\/www.inmsol.com\\\/wp-content\\\/uploads\\\/2023\\\/06\\\/logo-inmsol-1.png\",\"contentUrl\":\"https:\\\/\\\/www.inmsol.com\\\/wp-content\\\/uploads\\\/2023\\\/06\\\/logo-inmsol-1.png\",\"width\":136,\"height\":73,\"caption\":\"Instituto Mediterr\u00e1neo Sol\"},\"image\":{\"@id\":\"https:\\\/\\\/www.inmsol.com\\\/es\\\/#\\\/schema\\\/logo\\\/image\\\/\"},\"sameAs\":[\"https:\\\/\\\/www.facebook.com\\\/spanishcourses\",\"https:\\\/\\\/x.com\\\/StudyInGranada\",\"http:\\\/\\\/instagram.com\\\/imsolgranada\",\"https:\\\/\\\/es.linkedin.com\\\/company\\\/imsol-granada\",\"https:\\\/\\\/www.pinterest.es\\\/inmsol\\\/\",\"https:\\\/\\\/www.youtube.com\\\/channel\\\/UChz-Qn_7coFMosY85iYMO4g\"]},{\"@type\":\"Person\",\"@id\":\"https:\\\/\\\/www.inmsol.com\\\/es\\\/#\\\/schema\\\/person\\\/94a7a01d14a56d1fbc49c841ffc57fe9\",\"name\":\"- Instituto Mediterr\u00e1neo Sol\",\"image\":{\"@type\":\"ImageObject\",\"inLanguage\":\"es\",\"@id\":\"https:\\\/\\\/secure.gravatar.com\\\/avatar\\\/5607fdabdf1b548b6095cc3d43079829bc1497403e70dd34004e7204a8fef62b?s=96&d=mm&r=g\",\"url\":\"https:\\\/\\\/secure.gravatar.com\\\/avatar\\\/5607fdabdf1b548b6095cc3d43079829bc1497403e70dd34004e7204a8fef62b?s=96&d=mm&r=g\",\"contentUrl\":\"https:\\\/\\\/secure.gravatar.com\\\/avatar\\\/5607fdabdf1b548b6095cc3d43079829bc1497403e70dd34004e7204a8fef62b?s=96&d=mm&r=g\",\"caption\":\"- Instituto Mediterr\u00e1neo Sol\"},\"url\":\"https:\\\/\\\/www.inmsol.com\\\/es\\\/author\\\/laura\\\/\"}]}<\/script>\n<!-- \/ Yoast SEO plugin. -->","yoast_head_json":{"title":"Monumento m\u00e1quina de Jorge Ribalta","description":"El 16 de enero se inaugur\u00f3 la exposici\u00f3n fotogr\u00e1fica \u2018Monumento m\u00e1quina\u2019 de Jorge Ribalta, un fot\u00f3grafo que quiere hacer una relectura de nuestra historia y de la construcci\u00f3n de nuestros mitos y monumentos a trav\u00e9s de su c\u00e1mara fotogr\u00e1fica.","robots":{"index":"index","follow":"follow","max-snippet":"max-snippet:-1","max-image-preview":"max-image-preview:large","max-video-preview":"max-video-preview:-1"},"canonical":"https:\/\/www.inmsol.com\/es\/blog-escuela\/eventos-granada\/monumento-maquina-de-jorge-ribalta\/","og_locale":"es_ES","og_type":"article","og_title":"Monumento m\u00e1quina de Jorge Ribalta","og_description":"El 16 de enero se inaugur\u00f3 la exposici\u00f3n fotogr\u00e1fica \u2018Monumento m\u00e1quina\u2019 de Jorge Ribalta, un fot\u00f3grafo que quiere hacer una relectura de nuestra historia y de la construcci\u00f3n de nuestros mitos y monumentos a trav\u00e9s de su c\u00e1mara fotogr\u00e1fica.","og_url":"https:\/\/www.inmsol.com\/es\/blog-escuela\/eventos-granada\/monumento-maquina-de-jorge-ribalta\/","og_site_name":"iNMSOL","article_publisher":"https:\/\/www.facebook.com\/spanishcourses","article_published_time":"2015-03-12T10:37:47+00:00","article_modified_time":"2019-04-23T20:57:50+00:00","og_image":[{"width":175,"height":266,"url":"https:\/\/www.inmsol.com\/wp-content\/uploads\/2015\/03\/Monumento-Maquina-Jorge-Ribalta.jpg","type":"image\/jpeg"}],"author":"- Instituto Mediterr\u00e1neo Sol","twitter_misc":{"Escrito por":"- Instituto Mediterr\u00e1neo Sol","Tiempo de lectura":"1 minuto"},"schema":{"@context":"https:\/\/schema.org","@graph":[{"@type":"Article","@id":"https:\/\/www.inmsol.com\/es\/blog-escuela\/eventos-granada\/monumento-maquina-de-jorge-ribalta\/#article","isPartOf":{"@id":"https:\/\/www.inmsol.com\/es\/blog-escuela\/eventos-granada\/monumento-maquina-de-jorge-ribalta\/"},"author":{"name":"- Instituto Mediterr\u00e1neo Sol","@id":"https:\/\/www.inmsol.com\/es\/#\/schema\/person\/94a7a01d14a56d1fbc49c841ffc57fe9"},"headline":"Monumento m\u00e1quina de Jorge Ribalta","datePublished":"2015-03-12T10:37:47+00:00","dateModified":"2019-04-23T20:57:50+00:00","mainEntityOfPage":{"@id":"https:\/\/www.inmsol.com\/es\/blog-escuela\/eventos-granada\/monumento-maquina-de-jorge-ribalta\/"},"wordCount":170,"publisher":{"@id":"https:\/\/www.inmsol.com\/es\/#organization"},"image":{"@id":"https:\/\/www.inmsol.com\/es\/blog-escuela\/eventos-granada\/monumento-maquina-de-jorge-ribalta\/#primaryimage"},"thumbnailUrl":"https:\/\/www.inmsol.com\/wp-content\/uploads\/2015\/03\/Monumento-Maquina-Jorge-Ribalta.jpg","articleSection":["Eventos en Granada"],"inLanguage":"es"},{"@type":"WebPage","@id":"https:\/\/www.inmsol.com\/es\/blog-escuela\/eventos-granada\/monumento-maquina-de-jorge-ribalta\/","url":"https:\/\/www.inmsol.com\/es\/blog-escuela\/eventos-granada\/monumento-maquina-de-jorge-ribalta\/","name":"Monumento m\u00e1quina de Jorge Ribalta","isPartOf":{"@id":"https:\/\/www.inmsol.com\/es\/#website"},"primaryImageOfPage":{"@id":"https:\/\/www.inmsol.com\/es\/blog-escuela\/eventos-granada\/monumento-maquina-de-jorge-ribalta\/#primaryimage"},"image":{"@id":"https:\/\/www.inmsol.com\/es\/blog-escuela\/eventos-granada\/monumento-maquina-de-jorge-ribalta\/#primaryimage"},"thumbnailUrl":"https:\/\/www.inmsol.com\/wp-content\/uploads\/2015\/03\/Monumento-Maquina-Jorge-Ribalta.jpg","datePublished":"2015-03-12T10:37:47+00:00","dateModified":"2019-04-23T20:57:50+00:00","description":"El 16 de enero se inaugur\u00f3 la exposici\u00f3n fotogr\u00e1fica \u2018Monumento m\u00e1quina\u2019 de Jorge Ribalta, un fot\u00f3grafo que quiere hacer una relectura de nuestra historia y de la construcci\u00f3n de nuestros mitos y monumentos a trav\u00e9s de su c\u00e1mara fotogr\u00e1fica.","breadcrumb":{"@id":"https:\/\/www.inmsol.com\/es\/blog-escuela\/eventos-granada\/monumento-maquina-de-jorge-ribalta\/#breadcrumb"},"inLanguage":"es","potentialAction":[{"@type":"ReadAction","target":["https:\/\/www.inmsol.com\/es\/blog-escuela\/eventos-granada\/monumento-maquina-de-jorge-ribalta\/"]}]},{"@type":"ImageObject","inLanguage":"es","@id":"https:\/\/www.inmsol.com\/es\/blog-escuela\/eventos-granada\/monumento-maquina-de-jorge-ribalta\/#primaryimage","url":"https:\/\/www.inmsol.com\/wp-content\/uploads\/2015\/03\/Monumento-Maquina-Jorge-Ribalta.jpg","contentUrl":"https:\/\/www.inmsol.com\/wp-content\/uploads\/2015\/03\/Monumento-Maquina-Jorge-Ribalta.jpg","width":175,"height":266},{"@type":"BreadcrumbList","@id":"https:\/\/www.inmsol.com\/es\/blog-escuela\/eventos-granada\/monumento-maquina-de-jorge-ribalta\/#breadcrumb","itemListElement":[{"@type":"ListItem","position":1,"name":"Accredited Center by Instituto Cervantes","item":"https:\/\/www.inmsol.com\/es\/pagina-ejemplo\/"},{"@type":"ListItem","position":2,"name":"Blog Escuela Espa\u00f1ol","item":"https:\/\/www.inmsol.com\/es\/category\/blog-escuela\/"},{"@type":"ListItem","position":3,"name":"Eventos en Granada","item":"https:\/\/www.inmsol.com\/es\/category\/blog-escuela\/eventos-granada\/"},{"@type":"ListItem","position":4,"name":"Monumento m\u00e1quina de Jorge Ribalta"}]},{"@type":"WebSite","@id":"https:\/\/www.inmsol.com\/es\/#website","url":"https:\/\/www.inmsol.com\/es\/","name":"iNMSOL","description":"Aprenda Espa\u00f1ol con iNMSOL en Granada | Centro Acreditado por el Instituto Cervantes","publisher":{"@id":"https:\/\/www.inmsol.com\/es\/#organization"},"potentialAction":[{"@type":"SearchAction","target":{"@type":"EntryPoint","urlTemplate":"https:\/\/www.inmsol.com\/es\/?s={search_term_string}"},"query-input":{"@type":"PropertyValueSpecification","valueRequired":true,"valueName":"search_term_string"}}],"inLanguage":"es"},{"@type":"Organization","@id":"https:\/\/www.inmsol.com\/es\/#organization","name":"Instituto Mediterr\u00e1neo Sol","url":"https:\/\/www.inmsol.com\/es\/","logo":{"@type":"ImageObject","inLanguage":"es","@id":"https:\/\/www.inmsol.com\/es\/#\/schema\/logo\/image\/","url":"https:\/\/www.inmsol.com\/wp-content\/uploads\/2023\/06\/logo-inmsol-1.png","contentUrl":"https:\/\/www.inmsol.com\/wp-content\/uploads\/2023\/06\/logo-inmsol-1.png","width":136,"height":73,"caption":"Instituto Mediterr\u00e1neo Sol"},"image":{"@id":"https:\/\/www.inmsol.com\/es\/#\/schema\/logo\/image\/"},"sameAs":["https:\/\/www.facebook.com\/spanishcourses","https:\/\/x.com\/StudyInGranada","http:\/\/instagram.com\/imsolgranada","https:\/\/es.linkedin.com\/company\/imsol-granada","https:\/\/www.pinterest.es\/inmsol\/","https:\/\/www.youtube.com\/channel\/UChz-Qn_7coFMosY85iYMO4g"]},{"@type":"Person","@id":"https:\/\/www.inmsol.com\/es\/#\/schema\/person\/94a7a01d14a56d1fbc49c841ffc57fe9","name":"- Instituto Mediterr\u00e1neo Sol","image":{"@type":"ImageObject","inLanguage":"es","@id":"https:\/\/secure.gravatar.com\/avatar\/5607fdabdf1b548b6095cc3d43079829bc1497403e70dd34004e7204a8fef62b?s=96&d=mm&r=g","url":"https:\/\/secure.gravatar.com\/avatar\/5607fdabdf1b548b6095cc3d43079829bc1497403e70dd34004e7204a8fef62b?s=96&d=mm&r=g","contentUrl":"https:\/\/secure.gravatar.com\/avatar\/5607fdabdf1b548b6095cc3d43079829bc1497403e70dd34004e7204a8fef62b?s=96&d=mm&r=g","caption":"- Instituto Mediterr\u00e1neo Sol"},"url":"https:\/\/www.inmsol.com\/es\/author\/laura\/"}]}},"_links":{"self":[{"href":"https:\/\/www.inmsol.com\/es\/wp-json\/wp\/v2\/posts\/14630","targetHints":{"allow":["GET"]}}],"collection":[{"href":"https:\/\/www.inmsol.com\/es\/wp-json\/wp\/v2\/posts"}],"about":[{"href":"https:\/\/www.inmsol.com\/es\/wp-json\/wp\/v2\/types\/post"}],"author":[{"embeddable":true,"href":"https:\/\/www.inmsol.com\/es\/wp-json\/wp\/v2\/users\/3"}],"replies":[{"embeddable":true,"href":"https:\/\/www.inmsol.com\/es\/wp-json\/wp\/v2\/comments?post=14630"}],"version-history":[{"count":0,"href":"https:\/\/www.inmsol.com\/es\/wp-json\/wp\/v2\/posts\/14630\/revisions"}],"wp:featuredmedia":[{"embeddable":true,"href":"https:\/\/www.inmsol.com\/es\/wp-json\/wp\/v2\/media\/14621"}],"wp:attachment":[{"href":"https:\/\/www.inmsol.com\/es\/wp-json\/wp\/v2\/media?parent=14630"}],"wp:term":[{"taxonomy":"category","embeddable":true,"href":"https:\/\/www.inmsol.com\/es\/wp-json\/wp\/v2\/categories?post=14630"},{"taxonomy":"post_tag","embeddable":true,"href":"https:\/\/www.inmsol.com\/es\/wp-json\/wp\/v2\/tags?post=14630"}],"curies":[{"name":"wp","href":"https:\/\/api.w.org\/{rel}","templated":true}]}}