{"id":14670,"date":"2015-03-16T11:57:19","date_gmt":"2015-03-16T10:57:19","guid":{"rendered":"https:\/\/www.inmsol.com\/?p=14670"},"modified":"2019-04-23T22:56:31","modified_gmt":"2019-04-23T20:56:31","slug":"el-cante-y-el-baile-se-mezclan-en-una-sola-persona-rocio-marquez","status":"publish","type":"post","link":"https:\/\/www.inmsol.com\/es\/blog-escuela\/eventos-granada\/el-cante-y-el-baile-se-mezclan-en-una-sola-persona-rocio-marquez\/","title":{"rendered":"El cante y el baile se mezclan en una sola persona, Roc\u00edo M\u00e1rquez"},"content":{"rendered":"<p><strong>Roc\u00edo M\u00e1rquez<\/strong>\u00a0naci\u00f3 en 1985 y cuando ten\u00eda 9 a\u00f1os tuvo sus primeras experiencias en el mundo del cante, del flamenco y en el Conservatorio. Su carrera est\u00e1 llena de acontecimientos desde peque\u00f1a: particip\u00f3 en varios concursos televisivos y fue becada por la Fundaci\u00f3n Cristina Heeren hasta que realiz\u00f3 el Doctorado de Flamenco y\u00a0<strong>empez\u00f3 a actuar en escenarios de todo el mundo<\/strong>.<\/p>\n<p>En 2009 public\u00f3 su primer trabajo, un DVD\u00a0\u00a0con formato de concierto en directo. Con esta producci\u00f3n llega a ser famosa tambi\u00e9n en el extranjero, en particular en Francia y Pa\u00edses Bajos. En el 2012 fich\u00f3 por la discogr\u00e1fica Universal Music Spain y public\u00f3 su primer disco titulado\u00a0<strong>\u201cClaridad\u201d<\/strong>; al que ha seguido\u00a0<strong>\u201cEl Ni\u00f1o. Andando por los campos Marcheneros\u201d<\/strong>, en homenaje a Pepe Marchena. Durante su reciente gira, Roc\u00edo ha expresado\u00a0\u00a0los sentidos m\u00e1s profundos\u00a0\u00a0que componen su m\u00fasica y sus textos:\u00a0<strong>cantar respetando las tradiciones y recordando a\u00a0los grandes nombres que han vivido en el pasado, como Mario Benedetti, William Shakespeare, Jorge Manrique y muchos otros<\/strong>.<\/p>\n<p>El espect\u00e1culo tendr\u00e1 lugar hoy,\u00a0<strong>16 de marzo<\/strong>, en el\u00a0<strong>Teatro Alhambra a las 21:00 horas<\/strong>. Las entradas cuestan\u00a0<strong>17 euros<\/strong>\u00a0y se pueden adquirir en la p\u00e1gina web oficial de TicketMaster.<img fetchpriority=\"high\" decoding=\"async\" class=\" size-medium wp-image-14661 aligncenter\" src=\"https:\/\/www.inmsol.com\/wp-content\/uploads\/2015\/03\/Roc\u00edo-M\u00e1rquez-El-Ni\u00f1o-312x300.jpg\" alt=\"Roc\u00edo M\u00e1rquez El Ni\u00f1o\" width=\"312\" height=\"300\" srcset=\"https:\/\/www.inmsol.com\/wp-content\/uploads\/2015\/03\/Roc\u00edo-M\u00e1rquez-El-Ni\u00f1o-312x300.jpg 312w, https:\/\/www.inmsol.com\/wp-content\/uploads\/2015\/03\/Roc\u00edo-M\u00e1rquez-El-Ni\u00f1o-200x192.jpg 200w, https:\/\/www.inmsol.com\/wp-content\/uploads\/2015\/03\/Roc\u00edo-M\u00e1rquez-El-Ni\u00f1o-208x200.jpg 208w, https:\/\/www.inmsol.com\/wp-content\/uploads\/2015\/03\/Roc\u00edo-M\u00e1rquez-El-Ni\u00f1o-416x400.jpg 416w, https:\/\/www.inmsol.com\/wp-content\/uploads\/2015\/03\/Roc\u00edo-M\u00e1rquez-El-Ni\u00f1o.jpg 479w\" sizes=\"(max-width: 312px) 100vw, 312px\" \/><\/p>\n","protected":false},"excerpt":{"rendered":"<p>Roc\u00edo M\u00e1rquez\u00a0naci\u00f3 en 1985 y cuando ten\u00eda 9 a\u00f1os tuvo sus primeras experiencias en el mundo del cante, del flamenco y en el Conservatorio. Su carrera est\u00e1 llena de acontecimientos desde peque\u00f1a: particip\u00f3 en varios concursos televisivos y fue becada por la Fundaci\u00f3n Cristina Heeren&#8230;<\/p>\n","protected":false},"author":3,"featured_media":14661,"comment_status":"closed","ping_status":"closed","sticky":false,"template":"","format":"standard","meta":{"_acf_changed":false,"footnotes":""},"categories":[80],"tags":[],"class_list":["post-14670","post","type-post","status-publish","format-standard","has-post-thumbnail","hentry","category-eventos-granada"],"acf":[],"yoast_head":"<!-- This site is optimized with the Yoast SEO plugin v27.5 - https:\/\/yoast.com\/product\/yoast-seo-wordpress\/ -->\n<title>El cante y el baile se mezclan en una sola persona, Roc\u00edo M\u00e1rquez<\/title>\n<meta name=\"description\" content=\"Roc\u00edo M\u00e1rquez naci\u00f3 en 1985 y cuando ten\u00eda 9 a\u00f1os tuvo sus primeras experiencias en el mundo del cante, del flamenco y en el Conservatorio. Su carrera est\u00e1 llena de acontecimientos desde peque\u00f1a: particip\u00f3 en varios concursos televisivos y fue becada por la Fundaci\u00f3n Cristina Heeren hasta que realiz\u00f3 el Doctorado de Flamenco y empez\u00f3 a actuar en escenarios de todo el mundo.\" \/>\n<meta name=\"robots\" content=\"index, follow, max-snippet:-1, max-image-preview:large, max-video-preview:-1\" \/>\n<link rel=\"canonical\" href=\"https:\/\/www.inmsol.com\/es\/blog-escuela\/eventos-granada\/el-cante-y-el-baile-se-mezclan-en-una-sola-persona-rocio-marquez\/\" \/>\n<meta property=\"og:locale\" content=\"es_ES\" \/>\n<meta property=\"og:type\" content=\"article\" \/>\n<meta property=\"og:title\" content=\"El cante y el baile se mezclan en una sola persona, Roc\u00edo M\u00e1rquez\" \/>\n<meta property=\"og:description\" content=\"Roc\u00edo M\u00e1rquez naci\u00f3 en 1985 y cuando ten\u00eda 9 a\u00f1os tuvo sus primeras experiencias en el mundo del cante, del flamenco y en el Conservatorio. Su carrera est\u00e1 llena de acontecimientos desde peque\u00f1a: particip\u00f3 en varios concursos televisivos y fue becada por la Fundaci\u00f3n Cristina Heeren hasta que realiz\u00f3 el Doctorado de Flamenco y empez\u00f3 a actuar en escenarios de todo el mundo.\" \/>\n<meta property=\"og:url\" content=\"https:\/\/www.inmsol.com\/es\/blog-escuela\/eventos-granada\/el-cante-y-el-baile-se-mezclan-en-una-sola-persona-rocio-marquez\/\" \/>\n<meta property=\"og:site_name\" content=\"iNMSOL\" \/>\n<meta property=\"article:publisher\" content=\"https:\/\/www.facebook.com\/spanishcourses\" \/>\n<meta property=\"article:published_time\" content=\"2015-03-16T10:57:19+00:00\" \/>\n<meta property=\"article:modified_time\" content=\"2019-04-23T20:56:31+00:00\" \/>\n<meta property=\"og:image\" content=\"https:\/\/www.inmsol.com\/wp-content\/uploads\/2015\/03\/Roc\u00edo-M\u00e1rquez-El-Ni\u00f1o.jpg\" \/>\n\t<meta property=\"og:image:width\" content=\"479\" \/>\n\t<meta property=\"og:image:height\" content=\"461\" \/>\n\t<meta property=\"og:image:type\" content=\"image\/jpeg\" \/>\n<meta name=\"author\" content=\"- Instituto Mediterr\u00e1neo Sol\" \/>\n<meta name=\"twitter:label1\" content=\"Escrito por\" \/>\n\t<meta name=\"twitter:data1\" content=\"- Instituto Mediterr\u00e1neo Sol\" \/>\n\t<meta name=\"twitter:label2\" content=\"Tiempo de lectura\" \/>\n\t<meta name=\"twitter:data2\" content=\"1 minuto\" \/>\n<script type=\"application\/ld+json\" class=\"yoast-schema-graph\">{\"@context\":\"https:\\\/\\\/schema.org\",\"@graph\":[{\"@type\":\"Article\",\"@id\":\"https:\\\/\\\/www.inmsol.com\\\/es\\\/blog-escuela\\\/eventos-granada\\\/el-cante-y-el-baile-se-mezclan-en-una-sola-persona-rocio-marquez\\\/#article\",\"isPartOf\":{\"@id\":\"https:\\\/\\\/www.inmsol.com\\\/es\\\/blog-escuela\\\/eventos-granada\\\/el-cante-y-el-baile-se-mezclan-en-una-sola-persona-rocio-marquez\\\/\"},\"author\":{\"name\":\"- Instituto Mediterr\u00e1neo Sol\",\"@id\":\"https:\\\/\\\/www.inmsol.com\\\/es\\\/#\\\/schema\\\/person\\\/94a7a01d14a56d1fbc49c841ffc57fe9\"},\"headline\":\"El cante y el baile se mezclan en una sola persona, Roc\u00edo M\u00e1rquez\",\"datePublished\":\"2015-03-16T10:57:19+00:00\",\"dateModified\":\"2019-04-23T20:56:31+00:00\",\"mainEntityOfPage\":{\"@id\":\"https:\\\/\\\/www.inmsol.com\\\/es\\\/blog-escuela\\\/eventos-granada\\\/el-cante-y-el-baile-se-mezclan-en-una-sola-persona-rocio-marquez\\\/\"},\"wordCount\":228,\"publisher\":{\"@id\":\"https:\\\/\\\/www.inmsol.com\\\/es\\\/#organization\"},\"image\":{\"@id\":\"https:\\\/\\\/www.inmsol.com\\\/es\\\/blog-escuela\\\/eventos-granada\\\/el-cante-y-el-baile-se-mezclan-en-una-sola-persona-rocio-marquez\\\/#primaryimage\"},\"thumbnailUrl\":\"https:\\\/\\\/www.inmsol.com\\\/wp-content\\\/uploads\\\/2015\\\/03\\\/Roc\u00edo-M\u00e1rquez-El-Ni\u00f1o.jpg\",\"articleSection\":[\"Eventos en Granada\"],\"inLanguage\":\"es\"},{\"@type\":\"WebPage\",\"@id\":\"https:\\\/\\\/www.inmsol.com\\\/es\\\/blog-escuela\\\/eventos-granada\\\/el-cante-y-el-baile-se-mezclan-en-una-sola-persona-rocio-marquez\\\/\",\"url\":\"https:\\\/\\\/www.inmsol.com\\\/es\\\/blog-escuela\\\/eventos-granada\\\/el-cante-y-el-baile-se-mezclan-en-una-sola-persona-rocio-marquez\\\/\",\"name\":\"El cante y el baile se mezclan en una sola persona, Roc\u00edo M\u00e1rquez\",\"isPartOf\":{\"@id\":\"https:\\\/\\\/www.inmsol.com\\\/es\\\/#website\"},\"primaryImageOfPage\":{\"@id\":\"https:\\\/\\\/www.inmsol.com\\\/es\\\/blog-escuela\\\/eventos-granada\\\/el-cante-y-el-baile-se-mezclan-en-una-sola-persona-rocio-marquez\\\/#primaryimage\"},\"image\":{\"@id\":\"https:\\\/\\\/www.inmsol.com\\\/es\\\/blog-escuela\\\/eventos-granada\\\/el-cante-y-el-baile-se-mezclan-en-una-sola-persona-rocio-marquez\\\/#primaryimage\"},\"thumbnailUrl\":\"https:\\\/\\\/www.inmsol.com\\\/wp-content\\\/uploads\\\/2015\\\/03\\\/Roc\u00edo-M\u00e1rquez-El-Ni\u00f1o.jpg\",\"datePublished\":\"2015-03-16T10:57:19+00:00\",\"dateModified\":\"2019-04-23T20:56:31+00:00\",\"description\":\"Roc\u00edo M\u00e1rquez naci\u00f3 en 1985 y cuando ten\u00eda 9 a\u00f1os tuvo sus primeras experiencias en el mundo del cante, del flamenco y en el Conservatorio. Su carrera est\u00e1 llena de acontecimientos desde peque\u00f1a: particip\u00f3 en varios concursos televisivos y fue becada por la Fundaci\u00f3n Cristina Heeren hasta que realiz\u00f3 el Doctorado de Flamenco y empez\u00f3 a actuar en escenarios de todo el mundo.\",\"breadcrumb\":{\"@id\":\"https:\\\/\\\/www.inmsol.com\\\/es\\\/blog-escuela\\\/eventos-granada\\\/el-cante-y-el-baile-se-mezclan-en-una-sola-persona-rocio-marquez\\\/#breadcrumb\"},\"inLanguage\":\"es\",\"potentialAction\":[{\"@type\":\"ReadAction\",\"target\":[\"https:\\\/\\\/www.inmsol.com\\\/es\\\/blog-escuela\\\/eventos-granada\\\/el-cante-y-el-baile-se-mezclan-en-una-sola-persona-rocio-marquez\\\/\"]}]},{\"@type\":\"ImageObject\",\"inLanguage\":\"es\",\"@id\":\"https:\\\/\\\/www.inmsol.com\\\/es\\\/blog-escuela\\\/eventos-granada\\\/el-cante-y-el-baile-se-mezclan-en-una-sola-persona-rocio-marquez\\\/#primaryimage\",\"url\":\"https:\\\/\\\/www.inmsol.com\\\/wp-content\\\/uploads\\\/2015\\\/03\\\/Roc\u00edo-M\u00e1rquez-El-Ni\u00f1o.jpg\",\"contentUrl\":\"https:\\\/\\\/www.inmsol.com\\\/wp-content\\\/uploads\\\/2015\\\/03\\\/Roc\u00edo-M\u00e1rquez-El-Ni\u00f1o.jpg\",\"width\":479,\"height\":461},{\"@type\":\"BreadcrumbList\",\"@id\":\"https:\\\/\\\/www.inmsol.com\\\/es\\\/blog-escuela\\\/eventos-granada\\\/el-cante-y-el-baile-se-mezclan-en-una-sola-persona-rocio-marquez\\\/#breadcrumb\",\"itemListElement\":[{\"@type\":\"ListItem\",\"position\":1,\"name\":\"Accredited Center by Instituto Cervantes\",\"item\":\"https:\\\/\\\/www.inmsol.com\\\/es\\\/pagina-ejemplo\\\/\"},{\"@type\":\"ListItem\",\"position\":2,\"name\":\"Blog Escuela Espa\u00f1ol\",\"item\":\"https:\\\/\\\/www.inmsol.com\\\/es\\\/category\\\/blog-escuela\\\/\"},{\"@type\":\"ListItem\",\"position\":3,\"name\":\"Eventos en Granada\",\"item\":\"https:\\\/\\\/www.inmsol.com\\\/es\\\/category\\\/blog-escuela\\\/eventos-granada\\\/\"},{\"@type\":\"ListItem\",\"position\":4,\"name\":\"El cante y el baile se mezclan en una sola persona, Roc\u00edo M\u00e1rquez\"}]},{\"@type\":\"WebSite\",\"@id\":\"https:\\\/\\\/www.inmsol.com\\\/es\\\/#website\",\"url\":\"https:\\\/\\\/www.inmsol.com\\\/es\\\/\",\"name\":\"iNMSOL\",\"description\":\"Aprenda Espa\u00f1ol con iNMSOL en Granada | Centro Acreditado por el Instituto Cervantes\",\"publisher\":{\"@id\":\"https:\\\/\\\/www.inmsol.com\\\/es\\\/#organization\"},\"potentialAction\":[{\"@type\":\"SearchAction\",\"target\":{\"@type\":\"EntryPoint\",\"urlTemplate\":\"https:\\\/\\\/www.inmsol.com\\\/es\\\/?s={search_term_string}\"},\"query-input\":{\"@type\":\"PropertyValueSpecification\",\"valueRequired\":true,\"valueName\":\"search_term_string\"}}],\"inLanguage\":\"es\"},{\"@type\":\"Organization\",\"@id\":\"https:\\\/\\\/www.inmsol.com\\\/es\\\/#organization\",\"name\":\"Instituto Mediterr\u00e1neo Sol\",\"url\":\"https:\\\/\\\/www.inmsol.com\\\/es\\\/\",\"logo\":{\"@type\":\"ImageObject\",\"inLanguage\":\"es\",\"@id\":\"https:\\\/\\\/www.inmsol.com\\\/es\\\/#\\\/schema\\\/logo\\\/image\\\/\",\"url\":\"https:\\\/\\\/www.inmsol.com\\\/wp-content\\\/uploads\\\/2023\\\/06\\\/logo-inmsol-1.png\",\"contentUrl\":\"https:\\\/\\\/www.inmsol.com\\\/wp-content\\\/uploads\\\/2023\\\/06\\\/logo-inmsol-1.png\",\"width\":136,\"height\":73,\"caption\":\"Instituto Mediterr\u00e1neo Sol\"},\"image\":{\"@id\":\"https:\\\/\\\/www.inmsol.com\\\/es\\\/#\\\/schema\\\/logo\\\/image\\\/\"},\"sameAs\":[\"https:\\\/\\\/www.facebook.com\\\/spanishcourses\",\"https:\\\/\\\/x.com\\\/StudyInGranada\",\"http:\\\/\\\/instagram.com\\\/imsolgranada\",\"https:\\\/\\\/es.linkedin.com\\\/company\\\/imsol-granada\",\"https:\\\/\\\/www.pinterest.es\\\/inmsol\\\/\",\"https:\\\/\\\/www.youtube.com\\\/channel\\\/UChz-Qn_7coFMosY85iYMO4g\"]},{\"@type\":\"Person\",\"@id\":\"https:\\\/\\\/www.inmsol.com\\\/es\\\/#\\\/schema\\\/person\\\/94a7a01d14a56d1fbc49c841ffc57fe9\",\"name\":\"- Instituto Mediterr\u00e1neo Sol\",\"image\":{\"@type\":\"ImageObject\",\"inLanguage\":\"es\",\"@id\":\"https:\\\/\\\/secure.gravatar.com\\\/avatar\\\/5607fdabdf1b548b6095cc3d43079829bc1497403e70dd34004e7204a8fef62b?s=96&d=mm&r=g\",\"url\":\"https:\\\/\\\/secure.gravatar.com\\\/avatar\\\/5607fdabdf1b548b6095cc3d43079829bc1497403e70dd34004e7204a8fef62b?s=96&d=mm&r=g\",\"contentUrl\":\"https:\\\/\\\/secure.gravatar.com\\\/avatar\\\/5607fdabdf1b548b6095cc3d43079829bc1497403e70dd34004e7204a8fef62b?s=96&d=mm&r=g\",\"caption\":\"- Instituto Mediterr\u00e1neo Sol\"},\"url\":\"https:\\\/\\\/www.inmsol.com\\\/es\\\/author\\\/laura\\\/\"}]}<\/script>\n<!-- \/ Yoast SEO plugin. -->","yoast_head_json":{"title":"El cante y el baile se mezclan en una sola persona, Roc\u00edo M\u00e1rquez","description":"Roc\u00edo M\u00e1rquez naci\u00f3 en 1985 y cuando ten\u00eda 9 a\u00f1os tuvo sus primeras experiencias en el mundo del cante, del flamenco y en el Conservatorio. Su carrera est\u00e1 llena de acontecimientos desde peque\u00f1a: particip\u00f3 en varios concursos televisivos y fue becada por la Fundaci\u00f3n Cristina Heeren hasta que realiz\u00f3 el Doctorado de Flamenco y empez\u00f3 a actuar en escenarios de todo el mundo.","robots":{"index":"index","follow":"follow","max-snippet":"max-snippet:-1","max-image-preview":"max-image-preview:large","max-video-preview":"max-video-preview:-1"},"canonical":"https:\/\/www.inmsol.com\/es\/blog-escuela\/eventos-granada\/el-cante-y-el-baile-se-mezclan-en-una-sola-persona-rocio-marquez\/","og_locale":"es_ES","og_type":"article","og_title":"El cante y el baile se mezclan en una sola persona, Roc\u00edo M\u00e1rquez","og_description":"Roc\u00edo M\u00e1rquez naci\u00f3 en 1985 y cuando ten\u00eda 9 a\u00f1os tuvo sus primeras experiencias en el mundo del cante, del flamenco y en el Conservatorio. Su carrera est\u00e1 llena de acontecimientos desde peque\u00f1a: particip\u00f3 en varios concursos televisivos y fue becada por la Fundaci\u00f3n Cristina Heeren hasta que realiz\u00f3 el Doctorado de Flamenco y empez\u00f3 a actuar en escenarios de todo el mundo.","og_url":"https:\/\/www.inmsol.com\/es\/blog-escuela\/eventos-granada\/el-cante-y-el-baile-se-mezclan-en-una-sola-persona-rocio-marquez\/","og_site_name":"iNMSOL","article_publisher":"https:\/\/www.facebook.com\/spanishcourses","article_published_time":"2015-03-16T10:57:19+00:00","article_modified_time":"2019-04-23T20:56:31+00:00","og_image":[{"width":479,"height":461,"url":"https:\/\/www.inmsol.com\/wp-content\/uploads\/2015\/03\/Roc\u00edo-M\u00e1rquez-El-Ni\u00f1o.jpg","type":"image\/jpeg"}],"author":"- Instituto Mediterr\u00e1neo Sol","twitter_misc":{"Escrito por":"- Instituto Mediterr\u00e1neo Sol","Tiempo de lectura":"1 minuto"},"schema":{"@context":"https:\/\/schema.org","@graph":[{"@type":"Article","@id":"https:\/\/www.inmsol.com\/es\/blog-escuela\/eventos-granada\/el-cante-y-el-baile-se-mezclan-en-una-sola-persona-rocio-marquez\/#article","isPartOf":{"@id":"https:\/\/www.inmsol.com\/es\/blog-escuela\/eventos-granada\/el-cante-y-el-baile-se-mezclan-en-una-sola-persona-rocio-marquez\/"},"author":{"name":"- Instituto Mediterr\u00e1neo Sol","@id":"https:\/\/www.inmsol.com\/es\/#\/schema\/person\/94a7a01d14a56d1fbc49c841ffc57fe9"},"headline":"El cante y el baile se mezclan en una sola persona, Roc\u00edo M\u00e1rquez","datePublished":"2015-03-16T10:57:19+00:00","dateModified":"2019-04-23T20:56:31+00:00","mainEntityOfPage":{"@id":"https:\/\/www.inmsol.com\/es\/blog-escuela\/eventos-granada\/el-cante-y-el-baile-se-mezclan-en-una-sola-persona-rocio-marquez\/"},"wordCount":228,"publisher":{"@id":"https:\/\/www.inmsol.com\/es\/#organization"},"image":{"@id":"https:\/\/www.inmsol.com\/es\/blog-escuela\/eventos-granada\/el-cante-y-el-baile-se-mezclan-en-una-sola-persona-rocio-marquez\/#primaryimage"},"thumbnailUrl":"https:\/\/www.inmsol.com\/wp-content\/uploads\/2015\/03\/Roc\u00edo-M\u00e1rquez-El-Ni\u00f1o.jpg","articleSection":["Eventos en Granada"],"inLanguage":"es"},{"@type":"WebPage","@id":"https:\/\/www.inmsol.com\/es\/blog-escuela\/eventos-granada\/el-cante-y-el-baile-se-mezclan-en-una-sola-persona-rocio-marquez\/","url":"https:\/\/www.inmsol.com\/es\/blog-escuela\/eventos-granada\/el-cante-y-el-baile-se-mezclan-en-una-sola-persona-rocio-marquez\/","name":"El cante y el baile se mezclan en una sola persona, Roc\u00edo M\u00e1rquez","isPartOf":{"@id":"https:\/\/www.inmsol.com\/es\/#website"},"primaryImageOfPage":{"@id":"https:\/\/www.inmsol.com\/es\/blog-escuela\/eventos-granada\/el-cante-y-el-baile-se-mezclan-en-una-sola-persona-rocio-marquez\/#primaryimage"},"image":{"@id":"https:\/\/www.inmsol.com\/es\/blog-escuela\/eventos-granada\/el-cante-y-el-baile-se-mezclan-en-una-sola-persona-rocio-marquez\/#primaryimage"},"thumbnailUrl":"https:\/\/www.inmsol.com\/wp-content\/uploads\/2015\/03\/Roc\u00edo-M\u00e1rquez-El-Ni\u00f1o.jpg","datePublished":"2015-03-16T10:57:19+00:00","dateModified":"2019-04-23T20:56:31+00:00","description":"Roc\u00edo M\u00e1rquez naci\u00f3 en 1985 y cuando ten\u00eda 9 a\u00f1os tuvo sus primeras experiencias en el mundo del cante, del flamenco y en el Conservatorio. Su carrera est\u00e1 llena de acontecimientos desde peque\u00f1a: particip\u00f3 en varios concursos televisivos y fue becada por la Fundaci\u00f3n Cristina Heeren hasta que realiz\u00f3 el Doctorado de Flamenco y empez\u00f3 a actuar en escenarios de todo el mundo.","breadcrumb":{"@id":"https:\/\/www.inmsol.com\/es\/blog-escuela\/eventos-granada\/el-cante-y-el-baile-se-mezclan-en-una-sola-persona-rocio-marquez\/#breadcrumb"},"inLanguage":"es","potentialAction":[{"@type":"ReadAction","target":["https:\/\/www.inmsol.com\/es\/blog-escuela\/eventos-granada\/el-cante-y-el-baile-se-mezclan-en-una-sola-persona-rocio-marquez\/"]}]},{"@type":"ImageObject","inLanguage":"es","@id":"https:\/\/www.inmsol.com\/es\/blog-escuela\/eventos-granada\/el-cante-y-el-baile-se-mezclan-en-una-sola-persona-rocio-marquez\/#primaryimage","url":"https:\/\/www.inmsol.com\/wp-content\/uploads\/2015\/03\/Roc\u00edo-M\u00e1rquez-El-Ni\u00f1o.jpg","contentUrl":"https:\/\/www.inmsol.com\/wp-content\/uploads\/2015\/03\/Roc\u00edo-M\u00e1rquez-El-Ni\u00f1o.jpg","width":479,"height":461},{"@type":"BreadcrumbList","@id":"https:\/\/www.inmsol.com\/es\/blog-escuela\/eventos-granada\/el-cante-y-el-baile-se-mezclan-en-una-sola-persona-rocio-marquez\/#breadcrumb","itemListElement":[{"@type":"ListItem","position":1,"name":"Accredited Center by Instituto Cervantes","item":"https:\/\/www.inmsol.com\/es\/pagina-ejemplo\/"},{"@type":"ListItem","position":2,"name":"Blog Escuela Espa\u00f1ol","item":"https:\/\/www.inmsol.com\/es\/category\/blog-escuela\/"},{"@type":"ListItem","position":3,"name":"Eventos en Granada","item":"https:\/\/www.inmsol.com\/es\/category\/blog-escuela\/eventos-granada\/"},{"@type":"ListItem","position":4,"name":"El cante y el baile se mezclan en una sola persona, Roc\u00edo M\u00e1rquez"}]},{"@type":"WebSite","@id":"https:\/\/www.inmsol.com\/es\/#website","url":"https:\/\/www.inmsol.com\/es\/","name":"iNMSOL","description":"Aprenda Espa\u00f1ol con iNMSOL en Granada | Centro Acreditado por el Instituto Cervantes","publisher":{"@id":"https:\/\/www.inmsol.com\/es\/#organization"},"potentialAction":[{"@type":"SearchAction","target":{"@type":"EntryPoint","urlTemplate":"https:\/\/www.inmsol.com\/es\/?s={search_term_string}"},"query-input":{"@type":"PropertyValueSpecification","valueRequired":true,"valueName":"search_term_string"}}],"inLanguage":"es"},{"@type":"Organization","@id":"https:\/\/www.inmsol.com\/es\/#organization","name":"Instituto Mediterr\u00e1neo Sol","url":"https:\/\/www.inmsol.com\/es\/","logo":{"@type":"ImageObject","inLanguage":"es","@id":"https:\/\/www.inmsol.com\/es\/#\/schema\/logo\/image\/","url":"https:\/\/www.inmsol.com\/wp-content\/uploads\/2023\/06\/logo-inmsol-1.png","contentUrl":"https:\/\/www.inmsol.com\/wp-content\/uploads\/2023\/06\/logo-inmsol-1.png","width":136,"height":73,"caption":"Instituto Mediterr\u00e1neo Sol"},"image":{"@id":"https:\/\/www.inmsol.com\/es\/#\/schema\/logo\/image\/"},"sameAs":["https:\/\/www.facebook.com\/spanishcourses","https:\/\/x.com\/StudyInGranada","http:\/\/instagram.com\/imsolgranada","https:\/\/es.linkedin.com\/company\/imsol-granada","https:\/\/www.pinterest.es\/inmsol\/","https:\/\/www.youtube.com\/channel\/UChz-Qn_7coFMosY85iYMO4g"]},{"@type":"Person","@id":"https:\/\/www.inmsol.com\/es\/#\/schema\/person\/94a7a01d14a56d1fbc49c841ffc57fe9","name":"- Instituto Mediterr\u00e1neo Sol","image":{"@type":"ImageObject","inLanguage":"es","@id":"https:\/\/secure.gravatar.com\/avatar\/5607fdabdf1b548b6095cc3d43079829bc1497403e70dd34004e7204a8fef62b?s=96&d=mm&r=g","url":"https:\/\/secure.gravatar.com\/avatar\/5607fdabdf1b548b6095cc3d43079829bc1497403e70dd34004e7204a8fef62b?s=96&d=mm&r=g","contentUrl":"https:\/\/secure.gravatar.com\/avatar\/5607fdabdf1b548b6095cc3d43079829bc1497403e70dd34004e7204a8fef62b?s=96&d=mm&r=g","caption":"- Instituto Mediterr\u00e1neo Sol"},"url":"https:\/\/www.inmsol.com\/es\/author\/laura\/"}]}},"_links":{"self":[{"href":"https:\/\/www.inmsol.com\/es\/wp-json\/wp\/v2\/posts\/14670","targetHints":{"allow":["GET"]}}],"collection":[{"href":"https:\/\/www.inmsol.com\/es\/wp-json\/wp\/v2\/posts"}],"about":[{"href":"https:\/\/www.inmsol.com\/es\/wp-json\/wp\/v2\/types\/post"}],"author":[{"embeddable":true,"href":"https:\/\/www.inmsol.com\/es\/wp-json\/wp\/v2\/users\/3"}],"replies":[{"embeddable":true,"href":"https:\/\/www.inmsol.com\/es\/wp-json\/wp\/v2\/comments?post=14670"}],"version-history":[{"count":0,"href":"https:\/\/www.inmsol.com\/es\/wp-json\/wp\/v2\/posts\/14670\/revisions"}],"wp:featuredmedia":[{"embeddable":true,"href":"https:\/\/www.inmsol.com\/es\/wp-json\/wp\/v2\/media\/14661"}],"wp:attachment":[{"href":"https:\/\/www.inmsol.com\/es\/wp-json\/wp\/v2\/media?parent=14670"}],"wp:term":[{"taxonomy":"category","embeddable":true,"href":"https:\/\/www.inmsol.com\/es\/wp-json\/wp\/v2\/categories?post=14670"},{"taxonomy":"post_tag","embeddable":true,"href":"https:\/\/www.inmsol.com\/es\/wp-json\/wp\/v2\/tags?post=14670"}],"curies":[{"name":"wp","href":"https:\/\/api.w.org\/{rel}","templated":true}]}}