{"id":14762,"date":"2015-03-20T11:15:36","date_gmt":"2015-03-20T10:15:36","guid":{"rendered":"https:\/\/www.inmsol.com\/?p=14762"},"modified":"2019-04-23T22:54:18","modified_gmt":"2019-04-23T20:54:18","slug":"fiesta-de-la-primavera-en-el-botellodromo","status":"publish","type":"post","link":"https:\/\/www.inmsol.com\/es\/blog-escuela\/eventos-granada\/fiesta-de-la-primavera-en-el-botellodromo\/","title":{"rendered":"\u00a1Fiesta de la Primavera en el botell\u00f3dromo!"},"content":{"rendered":"<p>Hoy,\u00a0<strong>el viernes 20 de marzo<\/strong>, como todos los a\u00f1os, los j\u00f3venes, los estudiantes y los erasmus se reunir\u00e1n en el\u00a0<strong>botell\u00f3dromo de Granada<\/strong>, el \u00fanico oficial en toda Espa\u00f1a, para celebrar una fiesta comparable por su importancia a la noche vieja de Salamanca. El record de participantes est\u00e1 en\u00a0<strong>23.000 personas<\/strong>; este a\u00f1o ser\u00e1 dif\u00edcil mejorarlo a causa del mal tiempo pero los organizadores est\u00e1n seguros que miles personas dar\u00e1n la bienvenida a la primavera.<\/p>\n<p>Para hacer posible esta fiesta hay recomendaciones de seguridad que todos los participantes tienen que seguir: ante todo,\u00a0<strong>est\u00e1 prohibido llevar botellas de cristal<\/strong>, es necesario entonces\u00a0<strong>llenar\u00a0\u00a0botellas de pl\u00e1stico\u00a0<\/strong>con el alcohol antes de entrar en el botell\u00f3dromo; y, en segundo lugar, al abandonar el recinto\u00a0\u00a0la organizaci\u00f3n\u00a0\u00a0pide\u00a0<strong>dejar todos los residuos en una bolsa cerrada<\/strong>. Estos requisitos son indispensables para que se siga celebrando la fiesta en el futuro.<\/p>\n<p>Para llegar al botell\u00f3dromo la manera m\u00e1s f\u00e1cil es coger un\u00a0<strong>autob\u00fas de la l\u00ednea SN2 <\/strong>desde\u00a0la estaci\u00f3n internacional de autobuses y bajar en\u00a0\u00a0la\u00a0<strong>parada n\u00famero 9<\/strong>, que est\u00e1 solo a 400 metros del recinto.\u00a0\u00a0El lugar para las celebraciones est\u00e1 <strong>detr\u00e1s del centro comercial HIPERCOR y junto a la autov\u00eda<\/strong>.<\/p>\n<p>Despu\u00e9s de dar\u00a0\u00a0la bienvenida a la primavera habr\u00e1\u00a0otras fiestas en la ciudad para aprovechar la noche y reunirse con los amigos. \u00a1Vamos a celebrar todos juntos esta fant\u00e1stica bienvenida a la primavera, pero sin pasarnos con el alcohol! No olvid\u00e9is consumir responsablemente!<img fetchpriority=\"high\" decoding=\"async\" class=\" size-medium wp-image-14753 aligncenter\" src=\"https:\/\/www.inmsol.com\/wp-content\/uploads\/2015\/03\/Botell\u00f3dromo-Granada-Fiesta-de-Primavera-460x208.jpg\" alt=\"Botell\u00f3dromo Granada Fiesta de Primavera\" width=\"460\" height=\"208\" srcset=\"https:\/\/www.inmsol.com\/wp-content\/uploads\/2015\/03\/Botell\u00f3dromo-Granada-Fiesta-de-Primavera-460x208.jpg 460w, https:\/\/www.inmsol.com\/wp-content\/uploads\/2015\/03\/Botell\u00f3dromo-Granada-Fiesta-de-Primavera-600x271.jpg 600w, https:\/\/www.inmsol.com\/wp-content\/uploads\/2015\/03\/Botell\u00f3dromo-Granada-Fiesta-de-Primavera-200x90.jpg 200w, https:\/\/www.inmsol.com\/wp-content\/uploads\/2015\/03\/Botell\u00f3dromo-Granada-Fiesta-de-Primavera-250x113.jpg 250w, https:\/\/www.inmsol.com\/wp-content\/uploads\/2015\/03\/Botell\u00f3dromo-Granada-Fiesta-de-Primavera.jpg 665w\" sizes=\"(max-width: 460px) 100vw, 460px\" \/><\/p>\n","protected":false},"excerpt":{"rendered":"<p>Hoy,\u00a0el viernes 20 de marzo, como todos los a\u00f1os, los j\u00f3venes, los estudiantes y los erasmus se reunir\u00e1n en el\u00a0botell\u00f3dromo de Granada, el \u00fanico oficial en toda Espa\u00f1a, para celebrar una fiesta comparable por su importancia a la noche vieja de Salamanca. El record de&#8230;<\/p>\n","protected":false},"author":3,"featured_media":14753,"comment_status":"closed","ping_status":"closed","sticky":false,"template":"","format":"standard","meta":{"_acf_changed":false,"footnotes":""},"categories":[80],"tags":[],"class_list":["post-14762","post","type-post","status-publish","format-standard","has-post-thumbnail","hentry","category-eventos-granada"],"acf":[],"yoast_head":"<!-- This site is optimized with the Yoast SEO plugin v27.5 - https:\/\/yoast.com\/product\/yoast-seo-wordpress\/ -->\n<title>\u00a1Fiesta de la Primavera en el botell\u00f3dromo!<\/title>\n<meta name=\"description\" content=\"Hoy, el viernes 20 de marzo, como todos los a\u00f1os, los j\u00f3venes, los estudiantes y los erasmus se reunir\u00e1n en el botell\u00f3dromo de Granada, el \u00fanico oficial en toda Espa\u00f1a, para celebrar una fiesta comparable por su importancia a la noche vieja de Salamanca. El record de participantes est\u00e1 en 23.000 personas; este a\u00f1o ser\u00e1 dif\u00edcil mejorarlo a causa del mal tiempo pero los organizadores est\u00e1n seguros que miles personas dar\u00e1n la bienvenida a la primavera.\" \/>\n<meta name=\"robots\" content=\"index, follow, max-snippet:-1, max-image-preview:large, max-video-preview:-1\" \/>\n<link rel=\"canonical\" href=\"https:\/\/www.inmsol.com\/es\/blog-escuela\/eventos-granada\/fiesta-de-la-primavera-en-el-botellodromo\/\" \/>\n<meta property=\"og:locale\" content=\"es_ES\" \/>\n<meta property=\"og:type\" content=\"article\" \/>\n<meta property=\"og:title\" content=\"\u00a1Fiesta de la Primavera en el botell\u00f3dromo!\" \/>\n<meta property=\"og:description\" content=\"Hoy, el viernes 20 de marzo, como todos los a\u00f1os, los j\u00f3venes, los estudiantes y los erasmus se reunir\u00e1n en el botell\u00f3dromo de Granada, el \u00fanico oficial en toda Espa\u00f1a, para celebrar una fiesta comparable por su importancia a la noche vieja de Salamanca. El record de participantes est\u00e1 en 23.000 personas; este a\u00f1o ser\u00e1 dif\u00edcil mejorarlo a causa del mal tiempo pero los organizadores est\u00e1n seguros que miles personas dar\u00e1n la bienvenida a la primavera.\" \/>\n<meta property=\"og:url\" content=\"https:\/\/www.inmsol.com\/es\/blog-escuela\/eventos-granada\/fiesta-de-la-primavera-en-el-botellodromo\/\" \/>\n<meta property=\"og:site_name\" content=\"iNMSOL\" \/>\n<meta property=\"article:publisher\" content=\"https:\/\/www.facebook.com\/spanishcourses\" \/>\n<meta property=\"article:published_time\" content=\"2015-03-20T10:15:36+00:00\" \/>\n<meta property=\"article:modified_time\" content=\"2019-04-23T20:54:18+00:00\" \/>\n<meta property=\"og:image\" content=\"https:\/\/www.inmsol.com\/wp-content\/uploads\/2015\/03\/Botell\u00f3dromo-Granada-Fiesta-de-Primavera.jpg\" \/>\n\t<meta property=\"og:image:width\" content=\"665\" \/>\n\t<meta property=\"og:image:height\" content=\"300\" \/>\n\t<meta property=\"og:image:type\" content=\"image\/jpeg\" \/>\n<meta name=\"author\" content=\"- Instituto Mediterr\u00e1neo Sol\" \/>\n<meta name=\"twitter:label1\" content=\"Escrito por\" \/>\n\t<meta name=\"twitter:data1\" content=\"- Instituto Mediterr\u00e1neo Sol\" \/>\n\t<meta name=\"twitter:label2\" content=\"Tiempo de lectura\" \/>\n\t<meta name=\"twitter:data2\" content=\"1 minuto\" \/>\n<script type=\"application\/ld+json\" class=\"yoast-schema-graph\">{\"@context\":\"https:\\\/\\\/schema.org\",\"@graph\":[{\"@type\":\"Article\",\"@id\":\"https:\\\/\\\/www.inmsol.com\\\/es\\\/blog-escuela\\\/eventos-granada\\\/fiesta-de-la-primavera-en-el-botellodromo\\\/#article\",\"isPartOf\":{\"@id\":\"https:\\\/\\\/www.inmsol.com\\\/es\\\/blog-escuela\\\/eventos-granada\\\/fiesta-de-la-primavera-en-el-botellodromo\\\/\"},\"author\":{\"name\":\"- Instituto Mediterr\u00e1neo Sol\",\"@id\":\"https:\\\/\\\/www.inmsol.com\\\/es\\\/#\\\/schema\\\/person\\\/94a7a01d14a56d1fbc49c841ffc57fe9\"},\"headline\":\"\u00a1Fiesta de la Primavera en el botell\u00f3dromo!\",\"datePublished\":\"2015-03-20T10:15:36+00:00\",\"dateModified\":\"2019-04-23T20:54:18+00:00\",\"mainEntityOfPage\":{\"@id\":\"https:\\\/\\\/www.inmsol.com\\\/es\\\/blog-escuela\\\/eventos-granada\\\/fiesta-de-la-primavera-en-el-botellodromo\\\/\"},\"wordCount\":274,\"publisher\":{\"@id\":\"https:\\\/\\\/www.inmsol.com\\\/es\\\/#organization\"},\"image\":{\"@id\":\"https:\\\/\\\/www.inmsol.com\\\/es\\\/blog-escuela\\\/eventos-granada\\\/fiesta-de-la-primavera-en-el-botellodromo\\\/#primaryimage\"},\"thumbnailUrl\":\"https:\\\/\\\/www.inmsol.com\\\/wp-content\\\/uploads\\\/2015\\\/03\\\/Botell\u00f3dromo-Granada-Fiesta-de-Primavera.jpg\",\"articleSection\":[\"Eventos en Granada\"],\"inLanguage\":\"es\"},{\"@type\":\"WebPage\",\"@id\":\"https:\\\/\\\/www.inmsol.com\\\/es\\\/blog-escuela\\\/eventos-granada\\\/fiesta-de-la-primavera-en-el-botellodromo\\\/\",\"url\":\"https:\\\/\\\/www.inmsol.com\\\/es\\\/blog-escuela\\\/eventos-granada\\\/fiesta-de-la-primavera-en-el-botellodromo\\\/\",\"name\":\"\u00a1Fiesta de la Primavera en el botell\u00f3dromo!\",\"isPartOf\":{\"@id\":\"https:\\\/\\\/www.inmsol.com\\\/es\\\/#website\"},\"primaryImageOfPage\":{\"@id\":\"https:\\\/\\\/www.inmsol.com\\\/es\\\/blog-escuela\\\/eventos-granada\\\/fiesta-de-la-primavera-en-el-botellodromo\\\/#primaryimage\"},\"image\":{\"@id\":\"https:\\\/\\\/www.inmsol.com\\\/es\\\/blog-escuela\\\/eventos-granada\\\/fiesta-de-la-primavera-en-el-botellodromo\\\/#primaryimage\"},\"thumbnailUrl\":\"https:\\\/\\\/www.inmsol.com\\\/wp-content\\\/uploads\\\/2015\\\/03\\\/Botell\u00f3dromo-Granada-Fiesta-de-Primavera.jpg\",\"datePublished\":\"2015-03-20T10:15:36+00:00\",\"dateModified\":\"2019-04-23T20:54:18+00:00\",\"description\":\"Hoy, el viernes 20 de marzo, como todos los a\u00f1os, los j\u00f3venes, los estudiantes y los erasmus se reunir\u00e1n en el botell\u00f3dromo de Granada, el \u00fanico oficial en toda Espa\u00f1a, para celebrar una fiesta comparable por su importancia a la noche vieja de Salamanca. El record de participantes est\u00e1 en 23.000 personas; este a\u00f1o ser\u00e1 dif\u00edcil mejorarlo a causa del mal tiempo pero los organizadores est\u00e1n seguros que miles personas dar\u00e1n la bienvenida a la primavera.\",\"breadcrumb\":{\"@id\":\"https:\\\/\\\/www.inmsol.com\\\/es\\\/blog-escuela\\\/eventos-granada\\\/fiesta-de-la-primavera-en-el-botellodromo\\\/#breadcrumb\"},\"inLanguage\":\"es\",\"potentialAction\":[{\"@type\":\"ReadAction\",\"target\":[\"https:\\\/\\\/www.inmsol.com\\\/es\\\/blog-escuela\\\/eventos-granada\\\/fiesta-de-la-primavera-en-el-botellodromo\\\/\"]}]},{\"@type\":\"ImageObject\",\"inLanguage\":\"es\",\"@id\":\"https:\\\/\\\/www.inmsol.com\\\/es\\\/blog-escuela\\\/eventos-granada\\\/fiesta-de-la-primavera-en-el-botellodromo\\\/#primaryimage\",\"url\":\"https:\\\/\\\/www.inmsol.com\\\/wp-content\\\/uploads\\\/2015\\\/03\\\/Botell\u00f3dromo-Granada-Fiesta-de-Primavera.jpg\",\"contentUrl\":\"https:\\\/\\\/www.inmsol.com\\\/wp-content\\\/uploads\\\/2015\\\/03\\\/Botell\u00f3dromo-Granada-Fiesta-de-Primavera.jpg\",\"width\":665,\"height\":300},{\"@type\":\"BreadcrumbList\",\"@id\":\"https:\\\/\\\/www.inmsol.com\\\/es\\\/blog-escuela\\\/eventos-granada\\\/fiesta-de-la-primavera-en-el-botellodromo\\\/#breadcrumb\",\"itemListElement\":[{\"@type\":\"ListItem\",\"position\":1,\"name\":\"Accredited Center by Instituto Cervantes\",\"item\":\"https:\\\/\\\/www.inmsol.com\\\/es\\\/pagina-ejemplo\\\/\"},{\"@type\":\"ListItem\",\"position\":2,\"name\":\"Blog Escuela Espa\u00f1ol\",\"item\":\"https:\\\/\\\/www.inmsol.com\\\/es\\\/category\\\/blog-escuela\\\/\"},{\"@type\":\"ListItem\",\"position\":3,\"name\":\"Eventos en Granada\",\"item\":\"https:\\\/\\\/www.inmsol.com\\\/es\\\/category\\\/blog-escuela\\\/eventos-granada\\\/\"},{\"@type\":\"ListItem\",\"position\":4,\"name\":\"\u00a1Fiesta de la Primavera en el botell\u00f3dromo!\"}]},{\"@type\":\"WebSite\",\"@id\":\"https:\\\/\\\/www.inmsol.com\\\/es\\\/#website\",\"url\":\"https:\\\/\\\/www.inmsol.com\\\/es\\\/\",\"name\":\"iNMSOL\",\"description\":\"Aprenda Espa\u00f1ol con iNMSOL en Granada | Centro Acreditado por el Instituto Cervantes\",\"publisher\":{\"@id\":\"https:\\\/\\\/www.inmsol.com\\\/es\\\/#organization\"},\"potentialAction\":[{\"@type\":\"SearchAction\",\"target\":{\"@type\":\"EntryPoint\",\"urlTemplate\":\"https:\\\/\\\/www.inmsol.com\\\/es\\\/?s={search_term_string}\"},\"query-input\":{\"@type\":\"PropertyValueSpecification\",\"valueRequired\":true,\"valueName\":\"search_term_string\"}}],\"inLanguage\":\"es\"},{\"@type\":\"Organization\",\"@id\":\"https:\\\/\\\/www.inmsol.com\\\/es\\\/#organization\",\"name\":\"Instituto Mediterr\u00e1neo Sol\",\"url\":\"https:\\\/\\\/www.inmsol.com\\\/es\\\/\",\"logo\":{\"@type\":\"ImageObject\",\"inLanguage\":\"es\",\"@id\":\"https:\\\/\\\/www.inmsol.com\\\/es\\\/#\\\/schema\\\/logo\\\/image\\\/\",\"url\":\"https:\\\/\\\/www.inmsol.com\\\/wp-content\\\/uploads\\\/2023\\\/06\\\/logo-inmsol-1.png\",\"contentUrl\":\"https:\\\/\\\/www.inmsol.com\\\/wp-content\\\/uploads\\\/2023\\\/06\\\/logo-inmsol-1.png\",\"width\":136,\"height\":73,\"caption\":\"Instituto Mediterr\u00e1neo Sol\"},\"image\":{\"@id\":\"https:\\\/\\\/www.inmsol.com\\\/es\\\/#\\\/schema\\\/logo\\\/image\\\/\"},\"sameAs\":[\"https:\\\/\\\/www.facebook.com\\\/spanishcourses\",\"https:\\\/\\\/x.com\\\/StudyInGranada\",\"http:\\\/\\\/instagram.com\\\/imsolgranada\",\"https:\\\/\\\/es.linkedin.com\\\/company\\\/imsol-granada\",\"https:\\\/\\\/www.pinterest.es\\\/inmsol\\\/\",\"https:\\\/\\\/www.youtube.com\\\/channel\\\/UChz-Qn_7coFMosY85iYMO4g\"]},{\"@type\":\"Person\",\"@id\":\"https:\\\/\\\/www.inmsol.com\\\/es\\\/#\\\/schema\\\/person\\\/94a7a01d14a56d1fbc49c841ffc57fe9\",\"name\":\"- Instituto Mediterr\u00e1neo Sol\",\"image\":{\"@type\":\"ImageObject\",\"inLanguage\":\"es\",\"@id\":\"https:\\\/\\\/secure.gravatar.com\\\/avatar\\\/5607fdabdf1b548b6095cc3d43079829bc1497403e70dd34004e7204a8fef62b?s=96&d=mm&r=g\",\"url\":\"https:\\\/\\\/secure.gravatar.com\\\/avatar\\\/5607fdabdf1b548b6095cc3d43079829bc1497403e70dd34004e7204a8fef62b?s=96&d=mm&r=g\",\"contentUrl\":\"https:\\\/\\\/secure.gravatar.com\\\/avatar\\\/5607fdabdf1b548b6095cc3d43079829bc1497403e70dd34004e7204a8fef62b?s=96&d=mm&r=g\",\"caption\":\"- Instituto Mediterr\u00e1neo Sol\"},\"url\":\"https:\\\/\\\/www.inmsol.com\\\/es\\\/author\\\/laura\\\/\"}]}<\/script>\n<!-- \/ Yoast SEO plugin. -->","yoast_head_json":{"title":"\u00a1Fiesta de la Primavera en el botell\u00f3dromo!","description":"Hoy, el viernes 20 de marzo, como todos los a\u00f1os, los j\u00f3venes, los estudiantes y los erasmus se reunir\u00e1n en el botell\u00f3dromo de Granada, el \u00fanico oficial en toda Espa\u00f1a, para celebrar una fiesta comparable por su importancia a la noche vieja de Salamanca. El record de participantes est\u00e1 en 23.000 personas; este a\u00f1o ser\u00e1 dif\u00edcil mejorarlo a causa del mal tiempo pero los organizadores est\u00e1n seguros que miles personas dar\u00e1n la bienvenida a la primavera.","robots":{"index":"index","follow":"follow","max-snippet":"max-snippet:-1","max-image-preview":"max-image-preview:large","max-video-preview":"max-video-preview:-1"},"canonical":"https:\/\/www.inmsol.com\/es\/blog-escuela\/eventos-granada\/fiesta-de-la-primavera-en-el-botellodromo\/","og_locale":"es_ES","og_type":"article","og_title":"\u00a1Fiesta de la Primavera en el botell\u00f3dromo!","og_description":"Hoy, el viernes 20 de marzo, como todos los a\u00f1os, los j\u00f3venes, los estudiantes y los erasmus se reunir\u00e1n en el botell\u00f3dromo de Granada, el \u00fanico oficial en toda Espa\u00f1a, para celebrar una fiesta comparable por su importancia a la noche vieja de Salamanca. El record de participantes est\u00e1 en 23.000 personas; este a\u00f1o ser\u00e1 dif\u00edcil mejorarlo a causa del mal tiempo pero los organizadores est\u00e1n seguros que miles personas dar\u00e1n la bienvenida a la primavera.","og_url":"https:\/\/www.inmsol.com\/es\/blog-escuela\/eventos-granada\/fiesta-de-la-primavera-en-el-botellodromo\/","og_site_name":"iNMSOL","article_publisher":"https:\/\/www.facebook.com\/spanishcourses","article_published_time":"2015-03-20T10:15:36+00:00","article_modified_time":"2019-04-23T20:54:18+00:00","og_image":[{"width":665,"height":300,"url":"https:\/\/www.inmsol.com\/wp-content\/uploads\/2015\/03\/Botell\u00f3dromo-Granada-Fiesta-de-Primavera.jpg","type":"image\/jpeg"}],"author":"- Instituto Mediterr\u00e1neo Sol","twitter_misc":{"Escrito por":"- Instituto Mediterr\u00e1neo Sol","Tiempo de lectura":"1 minuto"},"schema":{"@context":"https:\/\/schema.org","@graph":[{"@type":"Article","@id":"https:\/\/www.inmsol.com\/es\/blog-escuela\/eventos-granada\/fiesta-de-la-primavera-en-el-botellodromo\/#article","isPartOf":{"@id":"https:\/\/www.inmsol.com\/es\/blog-escuela\/eventos-granada\/fiesta-de-la-primavera-en-el-botellodromo\/"},"author":{"name":"- Instituto Mediterr\u00e1neo Sol","@id":"https:\/\/www.inmsol.com\/es\/#\/schema\/person\/94a7a01d14a56d1fbc49c841ffc57fe9"},"headline":"\u00a1Fiesta de la Primavera en el botell\u00f3dromo!","datePublished":"2015-03-20T10:15:36+00:00","dateModified":"2019-04-23T20:54:18+00:00","mainEntityOfPage":{"@id":"https:\/\/www.inmsol.com\/es\/blog-escuela\/eventos-granada\/fiesta-de-la-primavera-en-el-botellodromo\/"},"wordCount":274,"publisher":{"@id":"https:\/\/www.inmsol.com\/es\/#organization"},"image":{"@id":"https:\/\/www.inmsol.com\/es\/blog-escuela\/eventos-granada\/fiesta-de-la-primavera-en-el-botellodromo\/#primaryimage"},"thumbnailUrl":"https:\/\/www.inmsol.com\/wp-content\/uploads\/2015\/03\/Botell\u00f3dromo-Granada-Fiesta-de-Primavera.jpg","articleSection":["Eventos en Granada"],"inLanguage":"es"},{"@type":"WebPage","@id":"https:\/\/www.inmsol.com\/es\/blog-escuela\/eventos-granada\/fiesta-de-la-primavera-en-el-botellodromo\/","url":"https:\/\/www.inmsol.com\/es\/blog-escuela\/eventos-granada\/fiesta-de-la-primavera-en-el-botellodromo\/","name":"\u00a1Fiesta de la Primavera en el botell\u00f3dromo!","isPartOf":{"@id":"https:\/\/www.inmsol.com\/es\/#website"},"primaryImageOfPage":{"@id":"https:\/\/www.inmsol.com\/es\/blog-escuela\/eventos-granada\/fiesta-de-la-primavera-en-el-botellodromo\/#primaryimage"},"image":{"@id":"https:\/\/www.inmsol.com\/es\/blog-escuela\/eventos-granada\/fiesta-de-la-primavera-en-el-botellodromo\/#primaryimage"},"thumbnailUrl":"https:\/\/www.inmsol.com\/wp-content\/uploads\/2015\/03\/Botell\u00f3dromo-Granada-Fiesta-de-Primavera.jpg","datePublished":"2015-03-20T10:15:36+00:00","dateModified":"2019-04-23T20:54:18+00:00","description":"Hoy, el viernes 20 de marzo, como todos los a\u00f1os, los j\u00f3venes, los estudiantes y los erasmus se reunir\u00e1n en el botell\u00f3dromo de Granada, el \u00fanico oficial en toda Espa\u00f1a, para celebrar una fiesta comparable por su importancia a la noche vieja de Salamanca. El record de participantes est\u00e1 en 23.000 personas; este a\u00f1o ser\u00e1 dif\u00edcil mejorarlo a causa del mal tiempo pero los organizadores est\u00e1n seguros que miles personas dar\u00e1n la bienvenida a la primavera.","breadcrumb":{"@id":"https:\/\/www.inmsol.com\/es\/blog-escuela\/eventos-granada\/fiesta-de-la-primavera-en-el-botellodromo\/#breadcrumb"},"inLanguage":"es","potentialAction":[{"@type":"ReadAction","target":["https:\/\/www.inmsol.com\/es\/blog-escuela\/eventos-granada\/fiesta-de-la-primavera-en-el-botellodromo\/"]}]},{"@type":"ImageObject","inLanguage":"es","@id":"https:\/\/www.inmsol.com\/es\/blog-escuela\/eventos-granada\/fiesta-de-la-primavera-en-el-botellodromo\/#primaryimage","url":"https:\/\/www.inmsol.com\/wp-content\/uploads\/2015\/03\/Botell\u00f3dromo-Granada-Fiesta-de-Primavera.jpg","contentUrl":"https:\/\/www.inmsol.com\/wp-content\/uploads\/2015\/03\/Botell\u00f3dromo-Granada-Fiesta-de-Primavera.jpg","width":665,"height":300},{"@type":"BreadcrumbList","@id":"https:\/\/www.inmsol.com\/es\/blog-escuela\/eventos-granada\/fiesta-de-la-primavera-en-el-botellodromo\/#breadcrumb","itemListElement":[{"@type":"ListItem","position":1,"name":"Accredited Center by Instituto Cervantes","item":"https:\/\/www.inmsol.com\/es\/pagina-ejemplo\/"},{"@type":"ListItem","position":2,"name":"Blog Escuela Espa\u00f1ol","item":"https:\/\/www.inmsol.com\/es\/category\/blog-escuela\/"},{"@type":"ListItem","position":3,"name":"Eventos en Granada","item":"https:\/\/www.inmsol.com\/es\/category\/blog-escuela\/eventos-granada\/"},{"@type":"ListItem","position":4,"name":"\u00a1Fiesta de la Primavera en el botell\u00f3dromo!"}]},{"@type":"WebSite","@id":"https:\/\/www.inmsol.com\/es\/#website","url":"https:\/\/www.inmsol.com\/es\/","name":"iNMSOL","description":"Aprenda Espa\u00f1ol con iNMSOL en Granada | Centro Acreditado por el Instituto Cervantes","publisher":{"@id":"https:\/\/www.inmsol.com\/es\/#organization"},"potentialAction":[{"@type":"SearchAction","target":{"@type":"EntryPoint","urlTemplate":"https:\/\/www.inmsol.com\/es\/?s={search_term_string}"},"query-input":{"@type":"PropertyValueSpecification","valueRequired":true,"valueName":"search_term_string"}}],"inLanguage":"es"},{"@type":"Organization","@id":"https:\/\/www.inmsol.com\/es\/#organization","name":"Instituto Mediterr\u00e1neo Sol","url":"https:\/\/www.inmsol.com\/es\/","logo":{"@type":"ImageObject","inLanguage":"es","@id":"https:\/\/www.inmsol.com\/es\/#\/schema\/logo\/image\/","url":"https:\/\/www.inmsol.com\/wp-content\/uploads\/2023\/06\/logo-inmsol-1.png","contentUrl":"https:\/\/www.inmsol.com\/wp-content\/uploads\/2023\/06\/logo-inmsol-1.png","width":136,"height":73,"caption":"Instituto Mediterr\u00e1neo Sol"},"image":{"@id":"https:\/\/www.inmsol.com\/es\/#\/schema\/logo\/image\/"},"sameAs":["https:\/\/www.facebook.com\/spanishcourses","https:\/\/x.com\/StudyInGranada","http:\/\/instagram.com\/imsolgranada","https:\/\/es.linkedin.com\/company\/imsol-granada","https:\/\/www.pinterest.es\/inmsol\/","https:\/\/www.youtube.com\/channel\/UChz-Qn_7coFMosY85iYMO4g"]},{"@type":"Person","@id":"https:\/\/www.inmsol.com\/es\/#\/schema\/person\/94a7a01d14a56d1fbc49c841ffc57fe9","name":"- Instituto Mediterr\u00e1neo Sol","image":{"@type":"ImageObject","inLanguage":"es","@id":"https:\/\/secure.gravatar.com\/avatar\/5607fdabdf1b548b6095cc3d43079829bc1497403e70dd34004e7204a8fef62b?s=96&d=mm&r=g","url":"https:\/\/secure.gravatar.com\/avatar\/5607fdabdf1b548b6095cc3d43079829bc1497403e70dd34004e7204a8fef62b?s=96&d=mm&r=g","contentUrl":"https:\/\/secure.gravatar.com\/avatar\/5607fdabdf1b548b6095cc3d43079829bc1497403e70dd34004e7204a8fef62b?s=96&d=mm&r=g","caption":"- Instituto Mediterr\u00e1neo Sol"},"url":"https:\/\/www.inmsol.com\/es\/author\/laura\/"}]}},"_links":{"self":[{"href":"https:\/\/www.inmsol.com\/es\/wp-json\/wp\/v2\/posts\/14762","targetHints":{"allow":["GET"]}}],"collection":[{"href":"https:\/\/www.inmsol.com\/es\/wp-json\/wp\/v2\/posts"}],"about":[{"href":"https:\/\/www.inmsol.com\/es\/wp-json\/wp\/v2\/types\/post"}],"author":[{"embeddable":true,"href":"https:\/\/www.inmsol.com\/es\/wp-json\/wp\/v2\/users\/3"}],"replies":[{"embeddable":true,"href":"https:\/\/www.inmsol.com\/es\/wp-json\/wp\/v2\/comments?post=14762"}],"version-history":[{"count":0,"href":"https:\/\/www.inmsol.com\/es\/wp-json\/wp\/v2\/posts\/14762\/revisions"}],"wp:featuredmedia":[{"embeddable":true,"href":"https:\/\/www.inmsol.com\/es\/wp-json\/wp\/v2\/media\/14753"}],"wp:attachment":[{"href":"https:\/\/www.inmsol.com\/es\/wp-json\/wp\/v2\/media?parent=14762"}],"wp:term":[{"taxonomy":"category","embeddable":true,"href":"https:\/\/www.inmsol.com\/es\/wp-json\/wp\/v2\/categories?post=14762"},{"taxonomy":"post_tag","embeddable":true,"href":"https:\/\/www.inmsol.com\/es\/wp-json\/wp\/v2\/tags?post=14762"}],"curies":[{"name":"wp","href":"https:\/\/api.w.org\/{rel}","templated":true}]}}