{"id":14800,"date":"2015-03-24T11:57:22","date_gmt":"2015-03-24T10:57:22","guid":{"rendered":"https:\/\/www.inmsol.com\/?p=14800"},"modified":"2019-04-23T22:53:50","modified_gmt":"2019-04-23T20:53:50","slug":"el-domingo-de-ramos-en-la-semana-santa-granadina","status":"publish","type":"post","link":"https:\/\/www.inmsol.com\/es\/blog-escuela\/eventos-granada\/el-domingo-de-ramos-en-la-semana-santa-granadina\/","title":{"rendered":"El Domingo de Ramos en la Semana Santa granadina"},"content":{"rendered":"<p>La\u00a0<strong>Semana Santa<\/strong>\u00a0siempre ha sido uno de los eventos que atraen m\u00e1s turistas y m\u00e1s personas para ver todas las procesiones ofrecidas en cada parte de la ciudad durante ochos d\u00edas,\u00a0<strong>del domingo 29 de marzo al domingo 5 de abril<\/strong>.<\/p>\n<p>En este primer d\u00eda de celebraciones,\u00a0<strong>el Domingo de Ramos<\/strong>, los penitentes vestidos de azul y blanco se reunir\u00e1n inundando las calles de Granada. El domingo tiene una costumbre: antes de la primera salida del Domingo de Ramos, el\u00a0<em>hermano mayor<\/em>\u00a0de la \u00faltima cofrad\u00eda de pasi\u00f3n del a\u00f1o anterior,\u00a0<strong>Santa Mar\u00eda de la Alhambra<\/strong>, le entrega la llave de apertura para el comienzo de la estaci\u00f3n de penitencia del presente a\u00f1o.\u00a0\u00a0Al finalizar las estaciones penitenciales es la cofrad\u00eda de\u00a0<strong>La Borriquilla<\/strong>\u00a0\u00a0la que\u00a0\u00a0devolver\u00e1 la llave a los cofrades de Santa Mar\u00eda de la Alhambra, que la guardar\u00e1n hasta el siguiente a\u00f1o.<\/p>\n<p><strong>La cofrad\u00eda de la Borriquilla<\/strong>\u00a0saldr\u00e1 del Santuario de Nuestra Se\u00f1ora del Perpetuo Socorro a las 16:00 y regresar\u00e1 a las 23:05 horas.<\/p>\n<p><strong>La cofrad\u00eda de la Santa Cena<\/strong>\u00a0saldr\u00e1 y regresar\u00e1 a su Templo, la iglesia de Santo Domingo en el Realejo, a las 18:30 y las 00:05 horas.<\/p>\n<p><strong>La cofrad\u00eda de las Maravillas<\/strong>\u00a0saldr\u00e1 de la iglesia San Pedro y San Pablo a las 18:15 y regresar\u00e1 por la Carrera de Darro y Plaza Nueva a las 00:15 horas.<\/p>\n<p><strong>La cofrad\u00eda del Despojado<\/strong>\u00a0saldr\u00e1 por el Convento del \u00c1ngel Custodio a las 19:15 y regresar\u00e1 a la Casa Hermandad en la calle M\u00fasico Ayala Cant\u00f3 a las 00:30 horas.<\/p>\n<p><strong>La cofrad\u00eda del Cautivo y la Encarnaci\u00f3n<\/strong>\u00a0saldr\u00e1 de plaza de la Encarnaci\u00f3n a las 18:00 y regresar\u00e1 en calle Alonso Cano a las 00:25.<img fetchpriority=\"high\" decoding=\"async\" class=\" size-medium wp-image-14791 aligncenter\" src=\"https:\/\/www.inmsol.com\/wp-content\/uploads\/2015\/03\/domingo-de-ramos-semana-santa-393x300.jpg\" alt=\"Iglesia del Perpetuo Socorro salida de la Borriquilla.Foto: Mrm.\" width=\"393\" height=\"300\" srcset=\"https:\/\/www.inmsol.com\/wp-content\/uploads\/2015\/03\/domingo-de-ramos-semana-santa-393x300.jpg 393w, https:\/\/www.inmsol.com\/wp-content\/uploads\/2015\/03\/domingo-de-ramos-semana-santa-64x49.jpg 64w, https:\/\/www.inmsol.com\/wp-content\/uploads\/2015\/03\/domingo-de-ramos-semana-santa-200x153.jpg 200w, https:\/\/www.inmsol.com\/wp-content\/uploads\/2015\/03\/domingo-de-ramos-semana-santa-250x191.jpg 250w, https:\/\/www.inmsol.com\/wp-content\/uploads\/2015\/03\/domingo-de-ramos-semana-santa-525x400.jpg 525w, https:\/\/www.inmsol.com\/wp-content\/uploads\/2015\/03\/domingo-de-ramos-semana-santa-262x200.jpg 262w, https:\/\/www.inmsol.com\/wp-content\/uploads\/2015\/03\/domingo-de-ramos-semana-santa.jpg 560w\" sizes=\"(max-width: 393px) 100vw, 393px\" \/><\/p>\n","protected":false},"excerpt":{"rendered":"<p>La\u00a0Semana Santa\u00a0siempre ha sido uno de los eventos que atraen m\u00e1s turistas y m\u00e1s personas para ver todas las procesiones ofrecidas en cada parte de la ciudad durante ochos d\u00edas,\u00a0del domingo 29 de marzo al domingo 5 de abril. En este primer d\u00eda de celebraciones,\u00a0el&#8230;<\/p>\n","protected":false},"author":3,"featured_media":14791,"comment_status":"closed","ping_status":"closed","sticky":false,"template":"","format":"standard","meta":{"_acf_changed":false,"footnotes":""},"categories":[80],"tags":[],"class_list":["post-14800","post","type-post","status-publish","format-standard","has-post-thumbnail","hentry","category-eventos-granada"],"acf":[],"yoast_head":"<!-- This site is optimized with the Yoast SEO plugin v27.5 - https:\/\/yoast.com\/product\/yoast-seo-wordpress\/ -->\n<title>El Domingo de Ramos en la Semana Santa granadina<\/title>\n<meta name=\"description\" content=\"La Semana Santa siempre ha sido uno de los eventos que atraen m\u00e1s turistas y m\u00e1s personas para ver todas las procesiones ofrecidas en cada parte de la ciudad durante ochos d\u00edas, del domingo 29 de marzo al domingo 5 de abril.\" \/>\n<meta name=\"robots\" content=\"index, follow, max-snippet:-1, max-image-preview:large, max-video-preview:-1\" \/>\n<link rel=\"canonical\" href=\"https:\/\/www.inmsol.com\/es\/blog-escuela\/eventos-granada\/el-domingo-de-ramos-en-la-semana-santa-granadina\/\" \/>\n<meta property=\"og:locale\" content=\"es_ES\" \/>\n<meta property=\"og:type\" content=\"article\" \/>\n<meta property=\"og:title\" content=\"El Domingo de Ramos en la Semana Santa granadina\" \/>\n<meta property=\"og:description\" content=\"La Semana Santa siempre ha sido uno de los eventos que atraen m\u00e1s turistas y m\u00e1s personas para ver todas las procesiones ofrecidas en cada parte de la ciudad durante ochos d\u00edas, del domingo 29 de marzo al domingo 5 de abril.\" \/>\n<meta property=\"og:url\" content=\"https:\/\/www.inmsol.com\/es\/blog-escuela\/eventos-granada\/el-domingo-de-ramos-en-la-semana-santa-granadina\/\" \/>\n<meta property=\"og:site_name\" content=\"iNMSOL\" \/>\n<meta property=\"article:publisher\" content=\"https:\/\/www.facebook.com\/spanishcourses\" \/>\n<meta property=\"article:published_time\" content=\"2015-03-24T10:57:22+00:00\" \/>\n<meta property=\"article:modified_time\" content=\"2019-04-23T20:53:50+00:00\" \/>\n<meta property=\"og:image\" content=\"https:\/\/www.inmsol.com\/wp-content\/uploads\/2015\/03\/domingo-de-ramos-semana-santa.jpg\" \/>\n\t<meta property=\"og:image:width\" content=\"560\" \/>\n\t<meta property=\"og:image:height\" content=\"427\" \/>\n\t<meta property=\"og:image:type\" content=\"image\/jpeg\" \/>\n<meta name=\"author\" content=\"- Instituto Mediterr\u00e1neo Sol\" \/>\n<meta name=\"twitter:label1\" content=\"Escrito por\" \/>\n\t<meta name=\"twitter:data1\" content=\"- Instituto Mediterr\u00e1neo Sol\" \/>\n\t<meta name=\"twitter:label2\" content=\"Tiempo de lectura\" \/>\n\t<meta name=\"twitter:data2\" content=\"1 minuto\" \/>\n<script type=\"application\/ld+json\" class=\"yoast-schema-graph\">{\"@context\":\"https:\\\/\\\/schema.org\",\"@graph\":[{\"@type\":\"Article\",\"@id\":\"https:\\\/\\\/www.inmsol.com\\\/es\\\/blog-escuela\\\/eventos-granada\\\/el-domingo-de-ramos-en-la-semana-santa-granadina\\\/#article\",\"isPartOf\":{\"@id\":\"https:\\\/\\\/www.inmsol.com\\\/es\\\/blog-escuela\\\/eventos-granada\\\/el-domingo-de-ramos-en-la-semana-santa-granadina\\\/\"},\"author\":{\"name\":\"- Instituto Mediterr\u00e1neo Sol\",\"@id\":\"https:\\\/\\\/www.inmsol.com\\\/es\\\/#\\\/schema\\\/person\\\/94a7a01d14a56d1fbc49c841ffc57fe9\"},\"headline\":\"El Domingo de Ramos en la Semana Santa granadina\",\"datePublished\":\"2015-03-24T10:57:22+00:00\",\"dateModified\":\"2019-04-23T20:53:50+00:00\",\"mainEntityOfPage\":{\"@id\":\"https:\\\/\\\/www.inmsol.com\\\/es\\\/blog-escuela\\\/eventos-granada\\\/el-domingo-de-ramos-en-la-semana-santa-granadina\\\/\"},\"wordCount\":303,\"publisher\":{\"@id\":\"https:\\\/\\\/www.inmsol.com\\\/es\\\/#organization\"},\"image\":{\"@id\":\"https:\\\/\\\/www.inmsol.com\\\/es\\\/blog-escuela\\\/eventos-granada\\\/el-domingo-de-ramos-en-la-semana-santa-granadina\\\/#primaryimage\"},\"thumbnailUrl\":\"https:\\\/\\\/www.inmsol.com\\\/wp-content\\\/uploads\\\/2015\\\/03\\\/domingo-de-ramos-semana-santa.jpg\",\"articleSection\":[\"Eventos en Granada\"],\"inLanguage\":\"es\"},{\"@type\":\"WebPage\",\"@id\":\"https:\\\/\\\/www.inmsol.com\\\/es\\\/blog-escuela\\\/eventos-granada\\\/el-domingo-de-ramos-en-la-semana-santa-granadina\\\/\",\"url\":\"https:\\\/\\\/www.inmsol.com\\\/es\\\/blog-escuela\\\/eventos-granada\\\/el-domingo-de-ramos-en-la-semana-santa-granadina\\\/\",\"name\":\"El Domingo de Ramos en la Semana Santa granadina\",\"isPartOf\":{\"@id\":\"https:\\\/\\\/www.inmsol.com\\\/es\\\/#website\"},\"primaryImageOfPage\":{\"@id\":\"https:\\\/\\\/www.inmsol.com\\\/es\\\/blog-escuela\\\/eventos-granada\\\/el-domingo-de-ramos-en-la-semana-santa-granadina\\\/#primaryimage\"},\"image\":{\"@id\":\"https:\\\/\\\/www.inmsol.com\\\/es\\\/blog-escuela\\\/eventos-granada\\\/el-domingo-de-ramos-en-la-semana-santa-granadina\\\/#primaryimage\"},\"thumbnailUrl\":\"https:\\\/\\\/www.inmsol.com\\\/wp-content\\\/uploads\\\/2015\\\/03\\\/domingo-de-ramos-semana-santa.jpg\",\"datePublished\":\"2015-03-24T10:57:22+00:00\",\"dateModified\":\"2019-04-23T20:53:50+00:00\",\"description\":\"La Semana Santa siempre ha sido uno de los eventos que atraen m\u00e1s turistas y m\u00e1s personas para ver todas las procesiones ofrecidas en cada parte de la ciudad durante ochos d\u00edas, del domingo 29 de marzo al domingo 5 de abril.\",\"breadcrumb\":{\"@id\":\"https:\\\/\\\/www.inmsol.com\\\/es\\\/blog-escuela\\\/eventos-granada\\\/el-domingo-de-ramos-en-la-semana-santa-granadina\\\/#breadcrumb\"},\"inLanguage\":\"es\",\"potentialAction\":[{\"@type\":\"ReadAction\",\"target\":[\"https:\\\/\\\/www.inmsol.com\\\/es\\\/blog-escuela\\\/eventos-granada\\\/el-domingo-de-ramos-en-la-semana-santa-granadina\\\/\"]}]},{\"@type\":\"ImageObject\",\"inLanguage\":\"es\",\"@id\":\"https:\\\/\\\/www.inmsol.com\\\/es\\\/blog-escuela\\\/eventos-granada\\\/el-domingo-de-ramos-en-la-semana-santa-granadina\\\/#primaryimage\",\"url\":\"https:\\\/\\\/www.inmsol.com\\\/wp-content\\\/uploads\\\/2015\\\/03\\\/domingo-de-ramos-semana-santa.jpg\",\"contentUrl\":\"https:\\\/\\\/www.inmsol.com\\\/wp-content\\\/uploads\\\/2015\\\/03\\\/domingo-de-ramos-semana-santa.jpg\",\"width\":560,\"height\":427},{\"@type\":\"BreadcrumbList\",\"@id\":\"https:\\\/\\\/www.inmsol.com\\\/es\\\/blog-escuela\\\/eventos-granada\\\/el-domingo-de-ramos-en-la-semana-santa-granadina\\\/#breadcrumb\",\"itemListElement\":[{\"@type\":\"ListItem\",\"position\":1,\"name\":\"Accredited Center by Instituto Cervantes\",\"item\":\"https:\\\/\\\/www.inmsol.com\\\/es\\\/pagina-ejemplo\\\/\"},{\"@type\":\"ListItem\",\"position\":2,\"name\":\"Blog Escuela Espa\u00f1ol\",\"item\":\"https:\\\/\\\/www.inmsol.com\\\/es\\\/category\\\/blog-escuela\\\/\"},{\"@type\":\"ListItem\",\"position\":3,\"name\":\"Eventos en Granada\",\"item\":\"https:\\\/\\\/www.inmsol.com\\\/es\\\/category\\\/blog-escuela\\\/eventos-granada\\\/\"},{\"@type\":\"ListItem\",\"position\":4,\"name\":\"El Domingo de Ramos en la Semana Santa granadina\"}]},{\"@type\":\"WebSite\",\"@id\":\"https:\\\/\\\/www.inmsol.com\\\/es\\\/#website\",\"url\":\"https:\\\/\\\/www.inmsol.com\\\/es\\\/\",\"name\":\"iNMSOL\",\"description\":\"Aprenda Espa\u00f1ol con iNMSOL en Granada | Centro Acreditado por el Instituto Cervantes\",\"publisher\":{\"@id\":\"https:\\\/\\\/www.inmsol.com\\\/es\\\/#organization\"},\"potentialAction\":[{\"@type\":\"SearchAction\",\"target\":{\"@type\":\"EntryPoint\",\"urlTemplate\":\"https:\\\/\\\/www.inmsol.com\\\/es\\\/?s={search_term_string}\"},\"query-input\":{\"@type\":\"PropertyValueSpecification\",\"valueRequired\":true,\"valueName\":\"search_term_string\"}}],\"inLanguage\":\"es\"},{\"@type\":\"Organization\",\"@id\":\"https:\\\/\\\/www.inmsol.com\\\/es\\\/#organization\",\"name\":\"Instituto Mediterr\u00e1neo Sol\",\"url\":\"https:\\\/\\\/www.inmsol.com\\\/es\\\/\",\"logo\":{\"@type\":\"ImageObject\",\"inLanguage\":\"es\",\"@id\":\"https:\\\/\\\/www.inmsol.com\\\/es\\\/#\\\/schema\\\/logo\\\/image\\\/\",\"url\":\"https:\\\/\\\/www.inmsol.com\\\/wp-content\\\/uploads\\\/2023\\\/06\\\/logo-inmsol-1.png\",\"contentUrl\":\"https:\\\/\\\/www.inmsol.com\\\/wp-content\\\/uploads\\\/2023\\\/06\\\/logo-inmsol-1.png\",\"width\":136,\"height\":73,\"caption\":\"Instituto Mediterr\u00e1neo Sol\"},\"image\":{\"@id\":\"https:\\\/\\\/www.inmsol.com\\\/es\\\/#\\\/schema\\\/logo\\\/image\\\/\"},\"sameAs\":[\"https:\\\/\\\/www.facebook.com\\\/spanishcourses\",\"https:\\\/\\\/x.com\\\/StudyInGranada\",\"http:\\\/\\\/instagram.com\\\/imsolgranada\",\"https:\\\/\\\/es.linkedin.com\\\/company\\\/imsol-granada\",\"https:\\\/\\\/www.pinterest.es\\\/inmsol\\\/\",\"https:\\\/\\\/www.youtube.com\\\/channel\\\/UChz-Qn_7coFMosY85iYMO4g\"]},{\"@type\":\"Person\",\"@id\":\"https:\\\/\\\/www.inmsol.com\\\/es\\\/#\\\/schema\\\/person\\\/94a7a01d14a56d1fbc49c841ffc57fe9\",\"name\":\"- Instituto Mediterr\u00e1neo Sol\",\"image\":{\"@type\":\"ImageObject\",\"inLanguage\":\"es\",\"@id\":\"https:\\\/\\\/secure.gravatar.com\\\/avatar\\\/5607fdabdf1b548b6095cc3d43079829bc1497403e70dd34004e7204a8fef62b?s=96&d=mm&r=g\",\"url\":\"https:\\\/\\\/secure.gravatar.com\\\/avatar\\\/5607fdabdf1b548b6095cc3d43079829bc1497403e70dd34004e7204a8fef62b?s=96&d=mm&r=g\",\"contentUrl\":\"https:\\\/\\\/secure.gravatar.com\\\/avatar\\\/5607fdabdf1b548b6095cc3d43079829bc1497403e70dd34004e7204a8fef62b?s=96&d=mm&r=g\",\"caption\":\"- Instituto Mediterr\u00e1neo Sol\"},\"url\":\"https:\\\/\\\/www.inmsol.com\\\/es\\\/author\\\/laura\\\/\"}]}<\/script>\n<!-- \/ Yoast SEO plugin. -->","yoast_head_json":{"title":"El Domingo de Ramos en la Semana Santa granadina","description":"La Semana Santa siempre ha sido uno de los eventos que atraen m\u00e1s turistas y m\u00e1s personas para ver todas las procesiones ofrecidas en cada parte de la ciudad durante ochos d\u00edas, del domingo 29 de marzo al domingo 5 de abril.","robots":{"index":"index","follow":"follow","max-snippet":"max-snippet:-1","max-image-preview":"max-image-preview:large","max-video-preview":"max-video-preview:-1"},"canonical":"https:\/\/www.inmsol.com\/es\/blog-escuela\/eventos-granada\/el-domingo-de-ramos-en-la-semana-santa-granadina\/","og_locale":"es_ES","og_type":"article","og_title":"El Domingo de Ramos en la Semana Santa granadina","og_description":"La Semana Santa siempre ha sido uno de los eventos que atraen m\u00e1s turistas y m\u00e1s personas para ver todas las procesiones ofrecidas en cada parte de la ciudad durante ochos d\u00edas, del domingo 29 de marzo al domingo 5 de abril.","og_url":"https:\/\/www.inmsol.com\/es\/blog-escuela\/eventos-granada\/el-domingo-de-ramos-en-la-semana-santa-granadina\/","og_site_name":"iNMSOL","article_publisher":"https:\/\/www.facebook.com\/spanishcourses","article_published_time":"2015-03-24T10:57:22+00:00","article_modified_time":"2019-04-23T20:53:50+00:00","og_image":[{"width":560,"height":427,"url":"https:\/\/www.inmsol.com\/wp-content\/uploads\/2015\/03\/domingo-de-ramos-semana-santa.jpg","type":"image\/jpeg"}],"author":"- Instituto Mediterr\u00e1neo Sol","twitter_misc":{"Escrito por":"- Instituto Mediterr\u00e1neo Sol","Tiempo de lectura":"1 minuto"},"schema":{"@context":"https:\/\/schema.org","@graph":[{"@type":"Article","@id":"https:\/\/www.inmsol.com\/es\/blog-escuela\/eventos-granada\/el-domingo-de-ramos-en-la-semana-santa-granadina\/#article","isPartOf":{"@id":"https:\/\/www.inmsol.com\/es\/blog-escuela\/eventos-granada\/el-domingo-de-ramos-en-la-semana-santa-granadina\/"},"author":{"name":"- Instituto Mediterr\u00e1neo Sol","@id":"https:\/\/www.inmsol.com\/es\/#\/schema\/person\/94a7a01d14a56d1fbc49c841ffc57fe9"},"headline":"El Domingo de Ramos en la Semana Santa granadina","datePublished":"2015-03-24T10:57:22+00:00","dateModified":"2019-04-23T20:53:50+00:00","mainEntityOfPage":{"@id":"https:\/\/www.inmsol.com\/es\/blog-escuela\/eventos-granada\/el-domingo-de-ramos-en-la-semana-santa-granadina\/"},"wordCount":303,"publisher":{"@id":"https:\/\/www.inmsol.com\/es\/#organization"},"image":{"@id":"https:\/\/www.inmsol.com\/es\/blog-escuela\/eventos-granada\/el-domingo-de-ramos-en-la-semana-santa-granadina\/#primaryimage"},"thumbnailUrl":"https:\/\/www.inmsol.com\/wp-content\/uploads\/2015\/03\/domingo-de-ramos-semana-santa.jpg","articleSection":["Eventos en Granada"],"inLanguage":"es"},{"@type":"WebPage","@id":"https:\/\/www.inmsol.com\/es\/blog-escuela\/eventos-granada\/el-domingo-de-ramos-en-la-semana-santa-granadina\/","url":"https:\/\/www.inmsol.com\/es\/blog-escuela\/eventos-granada\/el-domingo-de-ramos-en-la-semana-santa-granadina\/","name":"El Domingo de Ramos en la Semana Santa granadina","isPartOf":{"@id":"https:\/\/www.inmsol.com\/es\/#website"},"primaryImageOfPage":{"@id":"https:\/\/www.inmsol.com\/es\/blog-escuela\/eventos-granada\/el-domingo-de-ramos-en-la-semana-santa-granadina\/#primaryimage"},"image":{"@id":"https:\/\/www.inmsol.com\/es\/blog-escuela\/eventos-granada\/el-domingo-de-ramos-en-la-semana-santa-granadina\/#primaryimage"},"thumbnailUrl":"https:\/\/www.inmsol.com\/wp-content\/uploads\/2015\/03\/domingo-de-ramos-semana-santa.jpg","datePublished":"2015-03-24T10:57:22+00:00","dateModified":"2019-04-23T20:53:50+00:00","description":"La Semana Santa siempre ha sido uno de los eventos que atraen m\u00e1s turistas y m\u00e1s personas para ver todas las procesiones ofrecidas en cada parte de la ciudad durante ochos d\u00edas, del domingo 29 de marzo al domingo 5 de abril.","breadcrumb":{"@id":"https:\/\/www.inmsol.com\/es\/blog-escuela\/eventos-granada\/el-domingo-de-ramos-en-la-semana-santa-granadina\/#breadcrumb"},"inLanguage":"es","potentialAction":[{"@type":"ReadAction","target":["https:\/\/www.inmsol.com\/es\/blog-escuela\/eventos-granada\/el-domingo-de-ramos-en-la-semana-santa-granadina\/"]}]},{"@type":"ImageObject","inLanguage":"es","@id":"https:\/\/www.inmsol.com\/es\/blog-escuela\/eventos-granada\/el-domingo-de-ramos-en-la-semana-santa-granadina\/#primaryimage","url":"https:\/\/www.inmsol.com\/wp-content\/uploads\/2015\/03\/domingo-de-ramos-semana-santa.jpg","contentUrl":"https:\/\/www.inmsol.com\/wp-content\/uploads\/2015\/03\/domingo-de-ramos-semana-santa.jpg","width":560,"height":427},{"@type":"BreadcrumbList","@id":"https:\/\/www.inmsol.com\/es\/blog-escuela\/eventos-granada\/el-domingo-de-ramos-en-la-semana-santa-granadina\/#breadcrumb","itemListElement":[{"@type":"ListItem","position":1,"name":"Accredited Center by Instituto Cervantes","item":"https:\/\/www.inmsol.com\/es\/pagina-ejemplo\/"},{"@type":"ListItem","position":2,"name":"Blog Escuela Espa\u00f1ol","item":"https:\/\/www.inmsol.com\/es\/category\/blog-escuela\/"},{"@type":"ListItem","position":3,"name":"Eventos en Granada","item":"https:\/\/www.inmsol.com\/es\/category\/blog-escuela\/eventos-granada\/"},{"@type":"ListItem","position":4,"name":"El Domingo de Ramos en la Semana Santa granadina"}]},{"@type":"WebSite","@id":"https:\/\/www.inmsol.com\/es\/#website","url":"https:\/\/www.inmsol.com\/es\/","name":"iNMSOL","description":"Aprenda Espa\u00f1ol con iNMSOL en Granada | Centro Acreditado por el Instituto Cervantes","publisher":{"@id":"https:\/\/www.inmsol.com\/es\/#organization"},"potentialAction":[{"@type":"SearchAction","target":{"@type":"EntryPoint","urlTemplate":"https:\/\/www.inmsol.com\/es\/?s={search_term_string}"},"query-input":{"@type":"PropertyValueSpecification","valueRequired":true,"valueName":"search_term_string"}}],"inLanguage":"es"},{"@type":"Organization","@id":"https:\/\/www.inmsol.com\/es\/#organization","name":"Instituto Mediterr\u00e1neo Sol","url":"https:\/\/www.inmsol.com\/es\/","logo":{"@type":"ImageObject","inLanguage":"es","@id":"https:\/\/www.inmsol.com\/es\/#\/schema\/logo\/image\/","url":"https:\/\/www.inmsol.com\/wp-content\/uploads\/2023\/06\/logo-inmsol-1.png","contentUrl":"https:\/\/www.inmsol.com\/wp-content\/uploads\/2023\/06\/logo-inmsol-1.png","width":136,"height":73,"caption":"Instituto Mediterr\u00e1neo Sol"},"image":{"@id":"https:\/\/www.inmsol.com\/es\/#\/schema\/logo\/image\/"},"sameAs":["https:\/\/www.facebook.com\/spanishcourses","https:\/\/x.com\/StudyInGranada","http:\/\/instagram.com\/imsolgranada","https:\/\/es.linkedin.com\/company\/imsol-granada","https:\/\/www.pinterest.es\/inmsol\/","https:\/\/www.youtube.com\/channel\/UChz-Qn_7coFMosY85iYMO4g"]},{"@type":"Person","@id":"https:\/\/www.inmsol.com\/es\/#\/schema\/person\/94a7a01d14a56d1fbc49c841ffc57fe9","name":"- Instituto Mediterr\u00e1neo Sol","image":{"@type":"ImageObject","inLanguage":"es","@id":"https:\/\/secure.gravatar.com\/avatar\/5607fdabdf1b548b6095cc3d43079829bc1497403e70dd34004e7204a8fef62b?s=96&d=mm&r=g","url":"https:\/\/secure.gravatar.com\/avatar\/5607fdabdf1b548b6095cc3d43079829bc1497403e70dd34004e7204a8fef62b?s=96&d=mm&r=g","contentUrl":"https:\/\/secure.gravatar.com\/avatar\/5607fdabdf1b548b6095cc3d43079829bc1497403e70dd34004e7204a8fef62b?s=96&d=mm&r=g","caption":"- Instituto Mediterr\u00e1neo Sol"},"url":"https:\/\/www.inmsol.com\/es\/author\/laura\/"}]}},"_links":{"self":[{"href":"https:\/\/www.inmsol.com\/es\/wp-json\/wp\/v2\/posts\/14800","targetHints":{"allow":["GET"]}}],"collection":[{"href":"https:\/\/www.inmsol.com\/es\/wp-json\/wp\/v2\/posts"}],"about":[{"href":"https:\/\/www.inmsol.com\/es\/wp-json\/wp\/v2\/types\/post"}],"author":[{"embeddable":true,"href":"https:\/\/www.inmsol.com\/es\/wp-json\/wp\/v2\/users\/3"}],"replies":[{"embeddable":true,"href":"https:\/\/www.inmsol.com\/es\/wp-json\/wp\/v2\/comments?post=14800"}],"version-history":[{"count":0,"href":"https:\/\/www.inmsol.com\/es\/wp-json\/wp\/v2\/posts\/14800\/revisions"}],"wp:featuredmedia":[{"embeddable":true,"href":"https:\/\/www.inmsol.com\/es\/wp-json\/wp\/v2\/media\/14791"}],"wp:attachment":[{"href":"https:\/\/www.inmsol.com\/es\/wp-json\/wp\/v2\/media?parent=14800"}],"wp:term":[{"taxonomy":"category","embeddable":true,"href":"https:\/\/www.inmsol.com\/es\/wp-json\/wp\/v2\/categories?post=14800"},{"taxonomy":"post_tag","embeddable":true,"href":"https:\/\/www.inmsol.com\/es\/wp-json\/wp\/v2\/tags?post=14800"}],"curies":[{"name":"wp","href":"https:\/\/api.w.org\/{rel}","templated":true}]}}