{"id":14861,"date":"2015-03-30T12:51:30","date_gmt":"2015-03-30T10:51:30","guid":{"rendered":"https:\/\/www.inmsol.com\/?p=14861"},"modified":"2019-04-23T22:53:26","modified_gmt":"2019-04-23T20:53:26","slug":"el-programa-de-la-semana-santa-granadina","status":"publish","type":"post","link":"https:\/\/www.inmsol.com\/es\/blog-escuela\/eventos-granada\/el-programa-de-la-semana-santa-granadina\/","title":{"rendered":"El Programa de la Semana Santa Granadina"},"content":{"rendered":"<p>En el <strong><span style=\"text-decoration: underline;\">Lunes Santo<\/span><\/strong> \u00a0la salida y regreso a la iglesia de San Pedro no deja indiferente a ninguno de los presentes. Probablemente la caracter\u00edstica m\u00e1s sugestiva es el recorrido a trav\u00e9s la Acera del Darro realizado por la <strong>Cofrad\u00eda del Trabajo<\/strong>,\u00a0 que empezar\u00e1 a las 16:30. Las <strong>Cofrad\u00edas de los Dolores y del Rescate<\/strong> saldr\u00e1n de la iglesia de San Pedro y de la iglesia de Santa Mar\u00eda Magdalena\u00a0 a las 18:00,\u00a0 mientras que la <strong>Cofrad\u00eda del Huerto<\/strong> saldr\u00e1 a las 19:00 de la iglesia de las Comendadores de Santiago y la <strong>Cofrad\u00eda de San Agust\u00edn<\/strong> saldr\u00e1 de San Ant\u00f3n a las 20:45 horas.<\/p>\n<p>Durante el <strong><span style=\"text-decoration: underline;\">Martes Santo<\/span><\/strong> cuatro cofrad\u00edas celebrar\u00e1n las procesiones en las calles granadinas; en el Albaic\u00edn el <strong>Cristo lleno de sufrimiento porta la Cruz<\/strong> a trav\u00e9s las casas blancas del barrio. La\u00a0 <strong>Cofrad\u00eda de la Lanzada<\/strong> saldr\u00e1 a las 16:45 del puente romano; la de V\u00eda Crucis de San Juan de los Reyes a las 18:10; la de la <strong>Esperanza<\/strong> saldr\u00e1 de Plaza Nueva a las 18:30 y la <strong>Cofrad\u00eda de la Humildad<\/strong> saldr\u00e1 de la iglesia de Santo Domingo a las 19:25.<\/p>\n<p>El <strong><span style=\"text-decoration: underline;\">Mi\u00e9rcoles Santo<\/span><\/strong> se diferencia de los otros d\u00eda de la Semana Santa por el recorrido que la <strong>Cofrad\u00eda del Consuelo<\/strong> sigue: un camino a trav\u00e9s la cuevas y las moradas de los gitanos, los cuales encienden fogatas inmensas entre las mismas cuevas. La <strong>\u201cProcesi\u00f3n de los Gitanos\u201d <\/strong>empezar\u00e1 a las 16:45 de la iglesia del Santo Coraz\u00f3n y tardar\u00e1 m\u00e1s de 10 horas antes de regresar por el barrio del Sacromonte.<\/p>\n<p>La noche del <strong><span style=\"text-decoration: underline;\">Jueves Santo<\/span><\/strong> es la noche m\u00e1gica del Albaic\u00edn. Todo el barrio se convierte en un relicario de im\u00e1genes entre las estrechas calles en las que <strong>las tres V\u00edrgenes, La Concha, La Estrella y La Aurora<\/strong> desfilan junto al <strong>Cristo del Silencio<\/strong>. Durante esta celebraci\u00f3n las gentes que durante el a\u00f1o le rinden fervoroso culto aclaman<strong> La Aurora<\/strong> a su paso por las callejuelas del barrio, aclamando \u201c\u00a1Aurora! \u00a1Guapa, Guapa y Guapa!\u201d. Las cofrad\u00edas que participar\u00e1n a las celebraciones son <strong>la de la Concha, la de los Salesianos, la de la Aurora, la de la Estrella y la del Silencio;<\/strong> y saldr\u00e1n de los respectivos puntos de partida a las 16:45, a las 17:00, a las 17:50, a las 18:00 y a la medianoche.<\/p>\n<p>El <strong><span style=\"text-decoration: underline;\">Viernes Santo<\/span><\/strong> es probablemente el d\u00eda de la Semana Santa al que participan m\u00e1s granadinos: miles de ciudadanos se re\u00fanen en el <strong>Campo del Pr\u00edncipe<\/strong> a la hora de la muerte de Cristo. En este d\u00eda desfilar\u00e1n tambi\u00e9n algunos personajes de las \u00a0Sagradas\u00a0 Escrituras: en particular un grupo de <strong>soldados romanos<\/strong> y l<strong>as Tres Mar\u00edas, la Virgen, San Jos\u00e9, Jos\u00e9 Nicodemus y Jos\u00e9 de Arimatea;<\/strong> quienes son los que trasladaron a Jesus al sepulcro. A lo largo del viernes habr\u00e1 seis procesiones desde las 13:45 hasta la 01:20 de la madrugada.<\/p>\n<p>La protagonista del <strong><span style=\"text-decoration: underline;\">S\u00e1bado Santo<\/span><\/strong> es sin duda la <strong>Virgen de las Angustias<\/strong>, siendo adem\u00e1s la <strong>Patrona de Granada<\/strong>. La procesi\u00f3n\u00a0 partir\u00e1 de la Puerta de la Justicia y llegar\u00e1 hasta La Alhambra.<\/p>\n<p>El \u00faltimo d\u00eda de la Semana Santa es el<strong><span style=\"text-decoration: underline;\"> Domingo de Resurrecci\u00f3n<\/span><\/strong>, y es un d\u00eda en el que los ni\u00f1os son part\u00edcipes junto con la imagen del <strong>Ni\u00f1o Redentor.<\/strong> El tintineo de <strong>los facundillos <\/strong>simboliza la bienvenida que Cristo recibi\u00f3 al entrar a Jerusal\u00e9n sobre la borriquilla. Durante el Domingo de Resurrecci\u00f3n desfilar\u00e1n <strong>tres<\/strong> <strong>Cofrad\u00edas: la de la Resurrecci\u00f3n <\/strong>a las 9:00<strong>, la del Resucitado <\/strong>a las 11:00<strong> y la de los Facundillos<\/strong> a las 11:30.<\/p>\n<p>Pod\u00e9is encontrar el programa completo con m\u00e1s informaci\u00f3n en esta p\u00e1gina web: http:\/\/www.granadatur.com\/semana-santa<\/p>\n<p><img fetchpriority=\"high\" decoding=\"async\" class=\" size-medium wp-image-14854 aligncenter\" src=\"https:\/\/www.inmsol.com\/wp-content\/uploads\/2015\/03\/Semana-Santa-Granada-Completa-451x300.jpg\" alt=\"Semana Santa Granada Completa\" width=\"451\" height=\"300\" srcset=\"https:\/\/www.inmsol.com\/wp-content\/uploads\/2015\/03\/Semana-Santa-Granada-Completa-451x300.jpg 451w, https:\/\/www.inmsol.com\/wp-content\/uploads\/2015\/03\/Semana-Santa-Granada-Completa-64x43.jpg 64w, https:\/\/www.inmsol.com\/wp-content\/uploads\/2015\/03\/Semana-Santa-Granada-Completa-600x400.jpg 600w, https:\/\/www.inmsol.com\/wp-content\/uploads\/2015\/03\/Semana-Santa-Granada-Completa-200x133.jpg 200w, https:\/\/www.inmsol.com\/wp-content\/uploads\/2015\/03\/Semana-Santa-Granada-Completa-250x166.jpg 250w, https:\/\/www.inmsol.com\/wp-content\/uploads\/2015\/03\/Semana-Santa-Granada-Completa.jpg 652w\" sizes=\"(max-width: 451px) 100vw, 451px\" \/><\/p>\n","protected":false},"excerpt":{"rendered":"<p>En el Lunes Santo \u00a0la salida y regreso a la iglesia de San Pedro no deja indiferente a ninguno de los presentes. Probablemente la caracter\u00edstica m\u00e1s sugestiva es el recorrido a trav\u00e9s la Acera del Darro realizado por la Cofrad\u00eda del Trabajo,\u00a0 que empezar\u00e1 a&#8230;<\/p>\n","protected":false},"author":3,"featured_media":14854,"comment_status":"closed","ping_status":"closed","sticky":false,"template":"","format":"standard","meta":{"_acf_changed":false,"footnotes":""},"categories":[80],"tags":[],"class_list":["post-14861","post","type-post","status-publish","format-standard","has-post-thumbnail","hentry","category-eventos-granada"],"acf":[],"yoast_head":"<!-- This site is optimized with the Yoast SEO plugin v27.4 - https:\/\/yoast.com\/product\/yoast-seo-wordpress\/ -->\n<title>EL PROGRAMA DE LA SEMANA SANTA GRANADINA<\/title>\n<meta name=\"description\" content=\"En el Lunes Santo la salida y regreso a la iglesia de San Pedro no deja indiferente a ninguno de los presentes. Probablemente la caracter\u00edstica m\u00e1s sugestiva es el recorrido a trav\u00e9s la Acera del Darro realizado por la Cofrad\u00eda del Trabajo, que empezar\u00e1 a las 16:30. Las Cofrad\u00edas de los Dolores y del Rescate saldr\u00e1n de la iglesia de San Pedro y de la iglesia de Santa Mar\u00eda Magdalena a las 18:00, mientras que la Cofrad\u00eda del Huerto saldr\u00e1 a las 19:00 de la iglesia de las Comendadores de Santiago y la Cofrad\u00eda de San Agust\u00edn saldr\u00e1 de San Ant\u00f3n a las 20:45 horas.\" \/>\n<meta name=\"robots\" content=\"index, follow, max-snippet:-1, max-image-preview:large, max-video-preview:-1\" \/>\n<link rel=\"canonical\" href=\"https:\/\/www.inmsol.com\/es\/blog-escuela\/eventos-granada\/el-programa-de-la-semana-santa-granadina\/\" \/>\n<meta property=\"og:locale\" content=\"es_ES\" \/>\n<meta property=\"og:type\" content=\"article\" \/>\n<meta property=\"og:title\" content=\"EL PROGRAMA DE LA SEMANA SANTA GRANADINA\" \/>\n<meta property=\"og:description\" content=\"En el Lunes Santo la salida y regreso a la iglesia de San Pedro no deja indiferente a ninguno de los presentes. Probablemente la caracter\u00edstica m\u00e1s sugestiva es el recorrido a trav\u00e9s la Acera del Darro realizado por la Cofrad\u00eda del Trabajo, que empezar\u00e1 a las 16:30. Las Cofrad\u00edas de los Dolores y del Rescate saldr\u00e1n de la iglesia de San Pedro y de la iglesia de Santa Mar\u00eda Magdalena a las 18:00, mientras que la Cofrad\u00eda del Huerto saldr\u00e1 a las 19:00 de la iglesia de las Comendadores de Santiago y la Cofrad\u00eda de San Agust\u00edn saldr\u00e1 de San Ant\u00f3n a las 20:45 horas.\" \/>\n<meta property=\"og:url\" content=\"https:\/\/www.inmsol.com\/es\/blog-escuela\/eventos-granada\/el-programa-de-la-semana-santa-granadina\/\" \/>\n<meta property=\"og:site_name\" content=\"iNMSOL\" \/>\n<meta property=\"article:publisher\" content=\"https:\/\/www.facebook.com\/spanishcourses\" \/>\n<meta property=\"article:published_time\" content=\"2015-03-30T10:51:30+00:00\" \/>\n<meta property=\"article:modified_time\" content=\"2019-04-23T20:53:26+00:00\" \/>\n<meta property=\"og:image\" content=\"https:\/\/www.inmsol.com\/wp-content\/uploads\/2015\/03\/Semana-Santa-Granada-Completa.jpg\" \/>\n\t<meta property=\"og:image:width\" content=\"652\" \/>\n\t<meta property=\"og:image:height\" content=\"434\" \/>\n\t<meta property=\"og:image:type\" content=\"image\/jpeg\" \/>\n<meta name=\"author\" content=\"- Instituto Mediterr\u00e1neo Sol\" \/>\n<meta name=\"twitter:label1\" content=\"Escrito por\" \/>\n\t<meta name=\"twitter:data1\" content=\"- Instituto Mediterr\u00e1neo Sol\" \/>\n\t<meta name=\"twitter:label2\" content=\"Tiempo de lectura\" \/>\n\t<meta name=\"twitter:data2\" content=\"3 minutos\" \/>\n<script type=\"application\/ld+json\" class=\"yoast-schema-graph\">{\"@context\":\"https:\\\/\\\/schema.org\",\"@graph\":[{\"@type\":\"Article\",\"@id\":\"https:\\\/\\\/www.inmsol.com\\\/es\\\/blog-escuela\\\/eventos-granada\\\/el-programa-de-la-semana-santa-granadina\\\/#article\",\"isPartOf\":{\"@id\":\"https:\\\/\\\/www.inmsol.com\\\/es\\\/blog-escuela\\\/eventos-granada\\\/el-programa-de-la-semana-santa-granadina\\\/\"},\"author\":{\"name\":\"- Instituto Mediterr\u00e1neo Sol\",\"@id\":\"https:\\\/\\\/www.inmsol.com\\\/es\\\/#\\\/schema\\\/person\\\/94a7a01d14a56d1fbc49c841ffc57fe9\"},\"headline\":\"El Programa de la Semana Santa Granadina\",\"datePublished\":\"2015-03-30T10:51:30+00:00\",\"dateModified\":\"2019-04-23T20:53:26+00:00\",\"mainEntityOfPage\":{\"@id\":\"https:\\\/\\\/www.inmsol.com\\\/es\\\/blog-escuela\\\/eventos-granada\\\/el-programa-de-la-semana-santa-granadina\\\/\"},\"wordCount\":653,\"publisher\":{\"@id\":\"https:\\\/\\\/www.inmsol.com\\\/es\\\/#organization\"},\"image\":{\"@id\":\"https:\\\/\\\/www.inmsol.com\\\/es\\\/blog-escuela\\\/eventos-granada\\\/el-programa-de-la-semana-santa-granadina\\\/#primaryimage\"},\"thumbnailUrl\":\"https:\\\/\\\/www.inmsol.com\\\/wp-content\\\/uploads\\\/2015\\\/03\\\/Semana-Santa-Granada-Completa.jpg\",\"articleSection\":[\"Eventos en Granada\"],\"inLanguage\":\"es\"},{\"@type\":\"WebPage\",\"@id\":\"https:\\\/\\\/www.inmsol.com\\\/es\\\/blog-escuela\\\/eventos-granada\\\/el-programa-de-la-semana-santa-granadina\\\/\",\"url\":\"https:\\\/\\\/www.inmsol.com\\\/es\\\/blog-escuela\\\/eventos-granada\\\/el-programa-de-la-semana-santa-granadina\\\/\",\"name\":\"EL PROGRAMA DE LA SEMANA SANTA GRANADINA\",\"isPartOf\":{\"@id\":\"https:\\\/\\\/www.inmsol.com\\\/es\\\/#website\"},\"primaryImageOfPage\":{\"@id\":\"https:\\\/\\\/www.inmsol.com\\\/es\\\/blog-escuela\\\/eventos-granada\\\/el-programa-de-la-semana-santa-granadina\\\/#primaryimage\"},\"image\":{\"@id\":\"https:\\\/\\\/www.inmsol.com\\\/es\\\/blog-escuela\\\/eventos-granada\\\/el-programa-de-la-semana-santa-granadina\\\/#primaryimage\"},\"thumbnailUrl\":\"https:\\\/\\\/www.inmsol.com\\\/wp-content\\\/uploads\\\/2015\\\/03\\\/Semana-Santa-Granada-Completa.jpg\",\"datePublished\":\"2015-03-30T10:51:30+00:00\",\"dateModified\":\"2019-04-23T20:53:26+00:00\",\"description\":\"En el Lunes Santo la salida y regreso a la iglesia de San Pedro no deja indiferente a ninguno de los presentes. Probablemente la caracter\u00edstica m\u00e1s sugestiva es el recorrido a trav\u00e9s la Acera del Darro realizado por la Cofrad\u00eda del Trabajo, que empezar\u00e1 a las 16:30. Las Cofrad\u00edas de los Dolores y del Rescate saldr\u00e1n de la iglesia de San Pedro y de la iglesia de Santa Mar\u00eda Magdalena a las 18:00, mientras que la Cofrad\u00eda del Huerto saldr\u00e1 a las 19:00 de la iglesia de las Comendadores de Santiago y la Cofrad\u00eda de San Agust\u00edn saldr\u00e1 de San Ant\u00f3n a las 20:45 horas.\",\"breadcrumb\":{\"@id\":\"https:\\\/\\\/www.inmsol.com\\\/es\\\/blog-escuela\\\/eventos-granada\\\/el-programa-de-la-semana-santa-granadina\\\/#breadcrumb\"},\"inLanguage\":\"es\",\"potentialAction\":[{\"@type\":\"ReadAction\",\"target\":[\"https:\\\/\\\/www.inmsol.com\\\/es\\\/blog-escuela\\\/eventos-granada\\\/el-programa-de-la-semana-santa-granadina\\\/\"]}]},{\"@type\":\"ImageObject\",\"inLanguage\":\"es\",\"@id\":\"https:\\\/\\\/www.inmsol.com\\\/es\\\/blog-escuela\\\/eventos-granada\\\/el-programa-de-la-semana-santa-granadina\\\/#primaryimage\",\"url\":\"https:\\\/\\\/www.inmsol.com\\\/wp-content\\\/uploads\\\/2015\\\/03\\\/Semana-Santa-Granada-Completa.jpg\",\"contentUrl\":\"https:\\\/\\\/www.inmsol.com\\\/wp-content\\\/uploads\\\/2015\\\/03\\\/Semana-Santa-Granada-Completa.jpg\",\"width\":652,\"height\":434},{\"@type\":\"BreadcrumbList\",\"@id\":\"https:\\\/\\\/www.inmsol.com\\\/es\\\/blog-escuela\\\/eventos-granada\\\/el-programa-de-la-semana-santa-granadina\\\/#breadcrumb\",\"itemListElement\":[{\"@type\":\"ListItem\",\"position\":1,\"name\":\"Accredited Center by Instituto Cervantes\",\"item\":\"https:\\\/\\\/www.inmsol.com\\\/es\\\/pagina-ejemplo\\\/\"},{\"@type\":\"ListItem\",\"position\":2,\"name\":\"Blog Escuela Espa\u00f1ol\",\"item\":\"https:\\\/\\\/www.inmsol.com\\\/es\\\/category\\\/blog-escuela\\\/\"},{\"@type\":\"ListItem\",\"position\":3,\"name\":\"Eventos en Granada\",\"item\":\"https:\\\/\\\/www.inmsol.com\\\/es\\\/category\\\/blog-escuela\\\/eventos-granada\\\/\"},{\"@type\":\"ListItem\",\"position\":4,\"name\":\"El Programa de la Semana Santa Granadina\"}]},{\"@type\":\"WebSite\",\"@id\":\"https:\\\/\\\/www.inmsol.com\\\/es\\\/#website\",\"url\":\"https:\\\/\\\/www.inmsol.com\\\/es\\\/\",\"name\":\"iNMSOL\",\"description\":\"Aprenda Espa\u00f1ol con iNMSOL en Granada | Centro Acreditado por el Instituto Cervantes\",\"publisher\":{\"@id\":\"https:\\\/\\\/www.inmsol.com\\\/es\\\/#organization\"},\"potentialAction\":[{\"@type\":\"SearchAction\",\"target\":{\"@type\":\"EntryPoint\",\"urlTemplate\":\"https:\\\/\\\/www.inmsol.com\\\/es\\\/?s={search_term_string}\"},\"query-input\":{\"@type\":\"PropertyValueSpecification\",\"valueRequired\":true,\"valueName\":\"search_term_string\"}}],\"inLanguage\":\"es\"},{\"@type\":\"Organization\",\"@id\":\"https:\\\/\\\/www.inmsol.com\\\/es\\\/#organization\",\"name\":\"Instituto Mediterr\u00e1neo Sol\",\"url\":\"https:\\\/\\\/www.inmsol.com\\\/es\\\/\",\"logo\":{\"@type\":\"ImageObject\",\"inLanguage\":\"es\",\"@id\":\"https:\\\/\\\/www.inmsol.com\\\/es\\\/#\\\/schema\\\/logo\\\/image\\\/\",\"url\":\"https:\\\/\\\/www.inmsol.com\\\/wp-content\\\/uploads\\\/2023\\\/06\\\/logo-inmsol-1.png\",\"contentUrl\":\"https:\\\/\\\/www.inmsol.com\\\/wp-content\\\/uploads\\\/2023\\\/06\\\/logo-inmsol-1.png\",\"width\":136,\"height\":73,\"caption\":\"Instituto Mediterr\u00e1neo Sol\"},\"image\":{\"@id\":\"https:\\\/\\\/www.inmsol.com\\\/es\\\/#\\\/schema\\\/logo\\\/image\\\/\"},\"sameAs\":[\"https:\\\/\\\/www.facebook.com\\\/spanishcourses\",\"https:\\\/\\\/x.com\\\/StudyInGranada\",\"http:\\\/\\\/instagram.com\\\/imsolgranada\",\"https:\\\/\\\/es.linkedin.com\\\/company\\\/imsol-granada\",\"https:\\\/\\\/www.pinterest.es\\\/inmsol\\\/\",\"https:\\\/\\\/www.youtube.com\\\/channel\\\/UChz-Qn_7coFMosY85iYMO4g\"]},{\"@type\":\"Person\",\"@id\":\"https:\\\/\\\/www.inmsol.com\\\/es\\\/#\\\/schema\\\/person\\\/94a7a01d14a56d1fbc49c841ffc57fe9\",\"name\":\"- Instituto Mediterr\u00e1neo Sol\",\"image\":{\"@type\":\"ImageObject\",\"inLanguage\":\"es\",\"@id\":\"https:\\\/\\\/secure.gravatar.com\\\/avatar\\\/5607fdabdf1b548b6095cc3d43079829bc1497403e70dd34004e7204a8fef62b?s=96&d=mm&r=g\",\"url\":\"https:\\\/\\\/secure.gravatar.com\\\/avatar\\\/5607fdabdf1b548b6095cc3d43079829bc1497403e70dd34004e7204a8fef62b?s=96&d=mm&r=g\",\"contentUrl\":\"https:\\\/\\\/secure.gravatar.com\\\/avatar\\\/5607fdabdf1b548b6095cc3d43079829bc1497403e70dd34004e7204a8fef62b?s=96&d=mm&r=g\",\"caption\":\"- Instituto Mediterr\u00e1neo Sol\"},\"url\":\"https:\\\/\\\/www.inmsol.com\\\/es\\\/author\\\/laura\\\/\"}]}<\/script>\n<!-- \/ Yoast SEO plugin. -->","yoast_head_json":{"title":"EL PROGRAMA DE LA SEMANA SANTA GRANADINA","description":"En el Lunes Santo la salida y regreso a la iglesia de San Pedro no deja indiferente a ninguno de los presentes. Probablemente la caracter\u00edstica m\u00e1s sugestiva es el recorrido a trav\u00e9s la Acera del Darro realizado por la Cofrad\u00eda del Trabajo, que empezar\u00e1 a las 16:30. Las Cofrad\u00edas de los Dolores y del Rescate saldr\u00e1n de la iglesia de San Pedro y de la iglesia de Santa Mar\u00eda Magdalena a las 18:00, mientras que la Cofrad\u00eda del Huerto saldr\u00e1 a las 19:00 de la iglesia de las Comendadores de Santiago y la Cofrad\u00eda de San Agust\u00edn saldr\u00e1 de San Ant\u00f3n a las 20:45 horas.","robots":{"index":"index","follow":"follow","max-snippet":"max-snippet:-1","max-image-preview":"max-image-preview:large","max-video-preview":"max-video-preview:-1"},"canonical":"https:\/\/www.inmsol.com\/es\/blog-escuela\/eventos-granada\/el-programa-de-la-semana-santa-granadina\/","og_locale":"es_ES","og_type":"article","og_title":"EL PROGRAMA DE LA SEMANA SANTA GRANADINA","og_description":"En el Lunes Santo la salida y regreso a la iglesia de San Pedro no deja indiferente a ninguno de los presentes. Probablemente la caracter\u00edstica m\u00e1s sugestiva es el recorrido a trav\u00e9s la Acera del Darro realizado por la Cofrad\u00eda del Trabajo, que empezar\u00e1 a las 16:30. Las Cofrad\u00edas de los Dolores y del Rescate saldr\u00e1n de la iglesia de San Pedro y de la iglesia de Santa Mar\u00eda Magdalena a las 18:00, mientras que la Cofrad\u00eda del Huerto saldr\u00e1 a las 19:00 de la iglesia de las Comendadores de Santiago y la Cofrad\u00eda de San Agust\u00edn saldr\u00e1 de San Ant\u00f3n a las 20:45 horas.","og_url":"https:\/\/www.inmsol.com\/es\/blog-escuela\/eventos-granada\/el-programa-de-la-semana-santa-granadina\/","og_site_name":"iNMSOL","article_publisher":"https:\/\/www.facebook.com\/spanishcourses","article_published_time":"2015-03-30T10:51:30+00:00","article_modified_time":"2019-04-23T20:53:26+00:00","og_image":[{"width":652,"height":434,"url":"https:\/\/www.inmsol.com\/wp-content\/uploads\/2015\/03\/Semana-Santa-Granada-Completa.jpg","type":"image\/jpeg"}],"author":"- Instituto Mediterr\u00e1neo Sol","twitter_misc":{"Escrito por":"- Instituto Mediterr\u00e1neo Sol","Tiempo de lectura":"3 minutos"},"schema":{"@context":"https:\/\/schema.org","@graph":[{"@type":"Article","@id":"https:\/\/www.inmsol.com\/es\/blog-escuela\/eventos-granada\/el-programa-de-la-semana-santa-granadina\/#article","isPartOf":{"@id":"https:\/\/www.inmsol.com\/es\/blog-escuela\/eventos-granada\/el-programa-de-la-semana-santa-granadina\/"},"author":{"name":"- Instituto Mediterr\u00e1neo Sol","@id":"https:\/\/www.inmsol.com\/es\/#\/schema\/person\/94a7a01d14a56d1fbc49c841ffc57fe9"},"headline":"El Programa de la Semana Santa Granadina","datePublished":"2015-03-30T10:51:30+00:00","dateModified":"2019-04-23T20:53:26+00:00","mainEntityOfPage":{"@id":"https:\/\/www.inmsol.com\/es\/blog-escuela\/eventos-granada\/el-programa-de-la-semana-santa-granadina\/"},"wordCount":653,"publisher":{"@id":"https:\/\/www.inmsol.com\/es\/#organization"},"image":{"@id":"https:\/\/www.inmsol.com\/es\/blog-escuela\/eventos-granada\/el-programa-de-la-semana-santa-granadina\/#primaryimage"},"thumbnailUrl":"https:\/\/www.inmsol.com\/wp-content\/uploads\/2015\/03\/Semana-Santa-Granada-Completa.jpg","articleSection":["Eventos en Granada"],"inLanguage":"es"},{"@type":"WebPage","@id":"https:\/\/www.inmsol.com\/es\/blog-escuela\/eventos-granada\/el-programa-de-la-semana-santa-granadina\/","url":"https:\/\/www.inmsol.com\/es\/blog-escuela\/eventos-granada\/el-programa-de-la-semana-santa-granadina\/","name":"EL PROGRAMA DE LA SEMANA SANTA GRANADINA","isPartOf":{"@id":"https:\/\/www.inmsol.com\/es\/#website"},"primaryImageOfPage":{"@id":"https:\/\/www.inmsol.com\/es\/blog-escuela\/eventos-granada\/el-programa-de-la-semana-santa-granadina\/#primaryimage"},"image":{"@id":"https:\/\/www.inmsol.com\/es\/blog-escuela\/eventos-granada\/el-programa-de-la-semana-santa-granadina\/#primaryimage"},"thumbnailUrl":"https:\/\/www.inmsol.com\/wp-content\/uploads\/2015\/03\/Semana-Santa-Granada-Completa.jpg","datePublished":"2015-03-30T10:51:30+00:00","dateModified":"2019-04-23T20:53:26+00:00","description":"En el Lunes Santo la salida y regreso a la iglesia de San Pedro no deja indiferente a ninguno de los presentes. Probablemente la caracter\u00edstica m\u00e1s sugestiva es el recorrido a trav\u00e9s la Acera del Darro realizado por la Cofrad\u00eda del Trabajo, que empezar\u00e1 a las 16:30. Las Cofrad\u00edas de los Dolores y del Rescate saldr\u00e1n de la iglesia de San Pedro y de la iglesia de Santa Mar\u00eda Magdalena a las 18:00, mientras que la Cofrad\u00eda del Huerto saldr\u00e1 a las 19:00 de la iglesia de las Comendadores de Santiago y la Cofrad\u00eda de San Agust\u00edn saldr\u00e1 de San Ant\u00f3n a las 20:45 horas.","breadcrumb":{"@id":"https:\/\/www.inmsol.com\/es\/blog-escuela\/eventos-granada\/el-programa-de-la-semana-santa-granadina\/#breadcrumb"},"inLanguage":"es","potentialAction":[{"@type":"ReadAction","target":["https:\/\/www.inmsol.com\/es\/blog-escuela\/eventos-granada\/el-programa-de-la-semana-santa-granadina\/"]}]},{"@type":"ImageObject","inLanguage":"es","@id":"https:\/\/www.inmsol.com\/es\/blog-escuela\/eventos-granada\/el-programa-de-la-semana-santa-granadina\/#primaryimage","url":"https:\/\/www.inmsol.com\/wp-content\/uploads\/2015\/03\/Semana-Santa-Granada-Completa.jpg","contentUrl":"https:\/\/www.inmsol.com\/wp-content\/uploads\/2015\/03\/Semana-Santa-Granada-Completa.jpg","width":652,"height":434},{"@type":"BreadcrumbList","@id":"https:\/\/www.inmsol.com\/es\/blog-escuela\/eventos-granada\/el-programa-de-la-semana-santa-granadina\/#breadcrumb","itemListElement":[{"@type":"ListItem","position":1,"name":"Accredited Center by Instituto Cervantes","item":"https:\/\/www.inmsol.com\/es\/pagina-ejemplo\/"},{"@type":"ListItem","position":2,"name":"Blog Escuela Espa\u00f1ol","item":"https:\/\/www.inmsol.com\/es\/category\/blog-escuela\/"},{"@type":"ListItem","position":3,"name":"Eventos en Granada","item":"https:\/\/www.inmsol.com\/es\/category\/blog-escuela\/eventos-granada\/"},{"@type":"ListItem","position":4,"name":"El Programa de la Semana Santa Granadina"}]},{"@type":"WebSite","@id":"https:\/\/www.inmsol.com\/es\/#website","url":"https:\/\/www.inmsol.com\/es\/","name":"iNMSOL","description":"Aprenda Espa\u00f1ol con iNMSOL en Granada | Centro Acreditado por el Instituto Cervantes","publisher":{"@id":"https:\/\/www.inmsol.com\/es\/#organization"},"potentialAction":[{"@type":"SearchAction","target":{"@type":"EntryPoint","urlTemplate":"https:\/\/www.inmsol.com\/es\/?s={search_term_string}"},"query-input":{"@type":"PropertyValueSpecification","valueRequired":true,"valueName":"search_term_string"}}],"inLanguage":"es"},{"@type":"Organization","@id":"https:\/\/www.inmsol.com\/es\/#organization","name":"Instituto Mediterr\u00e1neo Sol","url":"https:\/\/www.inmsol.com\/es\/","logo":{"@type":"ImageObject","inLanguage":"es","@id":"https:\/\/www.inmsol.com\/es\/#\/schema\/logo\/image\/","url":"https:\/\/www.inmsol.com\/wp-content\/uploads\/2023\/06\/logo-inmsol-1.png","contentUrl":"https:\/\/www.inmsol.com\/wp-content\/uploads\/2023\/06\/logo-inmsol-1.png","width":136,"height":73,"caption":"Instituto Mediterr\u00e1neo Sol"},"image":{"@id":"https:\/\/www.inmsol.com\/es\/#\/schema\/logo\/image\/"},"sameAs":["https:\/\/www.facebook.com\/spanishcourses","https:\/\/x.com\/StudyInGranada","http:\/\/instagram.com\/imsolgranada","https:\/\/es.linkedin.com\/company\/imsol-granada","https:\/\/www.pinterest.es\/inmsol\/","https:\/\/www.youtube.com\/channel\/UChz-Qn_7coFMosY85iYMO4g"]},{"@type":"Person","@id":"https:\/\/www.inmsol.com\/es\/#\/schema\/person\/94a7a01d14a56d1fbc49c841ffc57fe9","name":"- Instituto Mediterr\u00e1neo Sol","image":{"@type":"ImageObject","inLanguage":"es","@id":"https:\/\/secure.gravatar.com\/avatar\/5607fdabdf1b548b6095cc3d43079829bc1497403e70dd34004e7204a8fef62b?s=96&d=mm&r=g","url":"https:\/\/secure.gravatar.com\/avatar\/5607fdabdf1b548b6095cc3d43079829bc1497403e70dd34004e7204a8fef62b?s=96&d=mm&r=g","contentUrl":"https:\/\/secure.gravatar.com\/avatar\/5607fdabdf1b548b6095cc3d43079829bc1497403e70dd34004e7204a8fef62b?s=96&d=mm&r=g","caption":"- Instituto Mediterr\u00e1neo Sol"},"url":"https:\/\/www.inmsol.com\/es\/author\/laura\/"}]}},"_links":{"self":[{"href":"https:\/\/www.inmsol.com\/es\/wp-json\/wp\/v2\/posts\/14861","targetHints":{"allow":["GET"]}}],"collection":[{"href":"https:\/\/www.inmsol.com\/es\/wp-json\/wp\/v2\/posts"}],"about":[{"href":"https:\/\/www.inmsol.com\/es\/wp-json\/wp\/v2\/types\/post"}],"author":[{"embeddable":true,"href":"https:\/\/www.inmsol.com\/es\/wp-json\/wp\/v2\/users\/3"}],"replies":[{"embeddable":true,"href":"https:\/\/www.inmsol.com\/es\/wp-json\/wp\/v2\/comments?post=14861"}],"version-history":[{"count":0,"href":"https:\/\/www.inmsol.com\/es\/wp-json\/wp\/v2\/posts\/14861\/revisions"}],"wp:featuredmedia":[{"embeddable":true,"href":"https:\/\/www.inmsol.com\/es\/wp-json\/wp\/v2\/media\/14854"}],"wp:attachment":[{"href":"https:\/\/www.inmsol.com\/es\/wp-json\/wp\/v2\/media?parent=14861"}],"wp:term":[{"taxonomy":"category","embeddable":true,"href":"https:\/\/www.inmsol.com\/es\/wp-json\/wp\/v2\/categories?post=14861"},{"taxonomy":"post_tag","embeddable":true,"href":"https:\/\/www.inmsol.com\/es\/wp-json\/wp\/v2\/tags?post=14861"}],"curies":[{"name":"wp","href":"https:\/\/api.w.org\/{rel}","templated":true}]}}