{"id":15006,"date":"2015-04-14T12:53:34","date_gmt":"2015-04-14T10:53:34","guid":{"rendered":"https:\/\/www.inmsol.com\/?p=15006"},"modified":"2019-04-23T22:52:17","modified_gmt":"2019-04-23T20:52:17","slug":"festival-abril-para-vivir-en-granada","status":"publish","type":"post","link":"https:\/\/www.inmsol.com\/es\/blog-escuela\/eventos-granada\/festival-abril-para-vivir-en-granada\/","title":{"rendered":"Festival Abril para Vivir en Granada"},"content":{"rendered":"<p>El festival de canci\u00f3n de autor\u00a0<strong><em>Abril para Vivir<\/em><\/strong>\u00a0naci\u00f3 hace 14 a\u00f1os, en 2001, como\u00a0<strong>homenaje a Carlos Cano<\/strong>\u00a0y debe su nombre a una de las canciones m\u00e1s representativas del cantautor:\u00a0<em>Luna de Abril<\/em>.\u00a0<strong>Artistas conocidos<\/strong>\u00a0a nivel internacional y <strong>de nueva generaci\u00f3n<\/strong>\u00a0han pisado y continuar\u00e1n pisando este escenario, el cual se propone permitir a todos los cantantes llegar al gran p\u00fablico, ya sean\u00a0\u00a0m\u00e1s o menos famosos. Por otro lado,\u00a0<strong><em>Abril para Vivir<\/em><\/strong>, permite tambi\u00e9n al p\u00fablico conocer <strong>artistas internacionales,\u00a0<\/strong>\u00a0en las pasadas ediciones, de hecho, varios trovadores franceses y grupos musicales suramericanos actuaron en Granada gracias a este evento.<\/p>\n<p>Adem\u00e1s, este a\u00f1o, el festival\u00a0<strong><em>Abril para Vivir<\/em><\/strong>\u00a0se suma y apoya la declaraci\u00f3n de Granada como\u00a0<strong><em>Ciudad de la Literatura<\/em>\u00a0por parte de la\u00a0\u00a0UNESCO,<\/strong>\u00a0lo que permite decir que se trata de un evento que relaciona diferentes aspectos del arte<strong>\u00a0<\/strong><strong>en relaci\u00f3n con la ciudad de Granada.<\/strong><\/p>\n<p>Las primeras actuaciones tendr\u00e1n lugar\u00a0<strong>el jueves 16 de abril<\/strong>, y,\u00a0<strong>a lo largo de 14 d\u00edas<\/strong>, ser\u00e1 posible asistir a actuaciones de numerosos artistas que actuar\u00e1n en los Auditorio de la Facultad de Arquitectura, en el Teatro Caja Granada, en el Teatro Municipal Cervantes y en muchos otros sitios.\u00a0<strong>Todas las entradas ser\u00e1n libres hasta completar el aforo<\/strong>.<\/p>\n<p>M\u00e1s informaci\u00f3n sobre el festival\u00a0<strong><em>Abril para Vivir<\/em><\/strong>\u00a0y la programaci\u00f3n en la <a title=\"Abril para Vivir\" href=\"http:\/\/www.abrilparavivir.es\/\" target=\"_blank\" rel=\"noopener noreferrer\">p\u00e1gina oficial<\/a> del evento.<\/p>\n<p><img fetchpriority=\"high\" decoding=\"async\" class=\" size-full wp-image-14997 aligncenter\" src=\"https:\/\/www.inmsol.com\/wp-content\/uploads\/2015\/04\/Abril-para-Vivir.jpg\" alt=\"Abril para Vivir\" width=\"256\" height=\"231\" srcset=\"https:\/\/www.inmsol.com\/wp-content\/uploads\/2015\/04\/Abril-para-Vivir.jpg 256w, https:\/\/www.inmsol.com\/wp-content\/uploads\/2015\/04\/Abril-para-Vivir-64x58.jpg 64w, https:\/\/www.inmsol.com\/wp-content\/uploads\/2015\/04\/Abril-para-Vivir-200x180.jpg 200w, https:\/\/www.inmsol.com\/wp-content\/uploads\/2015\/04\/Abril-para-Vivir-222x200.jpg 222w\" sizes=\"(max-width: 256px) 100vw, 256px\" \/><\/p>\n","protected":false},"excerpt":{"rendered":"<p>El festival de canci\u00f3n de autor\u00a0Abril para Vivir\u00a0naci\u00f3 hace 14 a\u00f1os, en 2001, como\u00a0homenaje a Carlos Cano\u00a0y debe su nombre a una de las canciones m\u00e1s representativas del cantautor:\u00a0Luna de Abril.\u00a0Artistas conocidos\u00a0a nivel internacional y de nueva generaci\u00f3n\u00a0han pisado y continuar\u00e1n pisando este escenario, el&#8230;<\/p>\n","protected":false},"author":3,"featured_media":14997,"comment_status":"closed","ping_status":"closed","sticky":false,"template":"","format":"standard","meta":{"_acf_changed":false,"footnotes":""},"categories":[80],"tags":[],"class_list":["post-15006","post","type-post","status-publish","format-standard","has-post-thumbnail","hentry","category-eventos-granada"],"acf":[],"yoast_head":"<!-- This site is optimized with the Yoast SEO plugin v27.5 - https:\/\/yoast.com\/product\/yoast-seo-wordpress\/ -->\n<title>Festival Abril para Vivir en Granada<\/title>\n<meta name=\"description\" content=\"El festival de canci\u00f3n de autor Abril para Vivir naci\u00f3 hace 14 a\u00f1os, en 2001, como homenaje a Carlos Cano y debe su nombre a una de las canciones m\u00e1s representativas del cantautor: Luna de Abril. Artistas conocidos a nivel internacional y de nueva generaci\u00f3n han pisado y continuar\u00e1n pisando este escenario, el cual se propone permitir a todos los cantantes llegar al gran p\u00fablico, ya sean m\u00e1s o menos famosos. Por otro lado, Abril para Vivir, permite tambi\u00e9n al p\u00fablico conocer artistas internacionales, en las pasadas ediciones, de hecho, varios trovadores franceses y grupos musicales suramericanos actuaron en Granada gracias a este evento.\" \/>\n<meta name=\"robots\" content=\"index, follow, max-snippet:-1, max-image-preview:large, max-video-preview:-1\" \/>\n<link rel=\"canonical\" href=\"https:\/\/www.inmsol.com\/es\/blog-escuela\/eventos-granada\/festival-abril-para-vivir-en-granada\/\" \/>\n<meta property=\"og:locale\" content=\"es_ES\" \/>\n<meta property=\"og:type\" content=\"article\" \/>\n<meta property=\"og:title\" content=\"Festival Abril para Vivir en Granada\" \/>\n<meta property=\"og:description\" content=\"El festival de canci\u00f3n de autor Abril para Vivir naci\u00f3 hace 14 a\u00f1os, en 2001, como homenaje a Carlos Cano y debe su nombre a una de las canciones m\u00e1s representativas del cantautor: Luna de Abril. Artistas conocidos a nivel internacional y de nueva generaci\u00f3n han pisado y continuar\u00e1n pisando este escenario, el cual se propone permitir a todos los cantantes llegar al gran p\u00fablico, ya sean m\u00e1s o menos famosos. Por otro lado, Abril para Vivir, permite tambi\u00e9n al p\u00fablico conocer artistas internacionales, en las pasadas ediciones, de hecho, varios trovadores franceses y grupos musicales suramericanos actuaron en Granada gracias a este evento.\" \/>\n<meta property=\"og:url\" content=\"https:\/\/www.inmsol.com\/es\/blog-escuela\/eventos-granada\/festival-abril-para-vivir-en-granada\/\" \/>\n<meta property=\"og:site_name\" content=\"iNMSOL\" \/>\n<meta property=\"article:publisher\" content=\"https:\/\/www.facebook.com\/spanishcourses\" \/>\n<meta property=\"article:published_time\" content=\"2015-04-14T10:53:34+00:00\" \/>\n<meta property=\"article:modified_time\" content=\"2019-04-23T20:52:17+00:00\" \/>\n<meta property=\"og:image\" content=\"https:\/\/www.inmsol.com\/wp-content\/uploads\/2015\/04\/Abril-para-Vivir.jpg\" \/>\n\t<meta property=\"og:image:width\" content=\"256\" \/>\n\t<meta property=\"og:image:height\" content=\"231\" \/>\n\t<meta property=\"og:image:type\" content=\"image\/jpeg\" \/>\n<meta name=\"author\" content=\"- Instituto Mediterr\u00e1neo Sol\" \/>\n<meta name=\"twitter:label1\" content=\"Escrito por\" \/>\n\t<meta name=\"twitter:data1\" content=\"- Instituto Mediterr\u00e1neo Sol\" \/>\n\t<meta name=\"twitter:label2\" content=\"Tiempo de lectura\" \/>\n\t<meta name=\"twitter:data2\" content=\"1 minuto\" \/>\n<script type=\"application\/ld+json\" class=\"yoast-schema-graph\">{\"@context\":\"https:\\\/\\\/schema.org\",\"@graph\":[{\"@type\":\"Article\",\"@id\":\"https:\\\/\\\/www.inmsol.com\\\/es\\\/blog-escuela\\\/eventos-granada\\\/festival-abril-para-vivir-en-granada\\\/#article\",\"isPartOf\":{\"@id\":\"https:\\\/\\\/www.inmsol.com\\\/es\\\/blog-escuela\\\/eventos-granada\\\/festival-abril-para-vivir-en-granada\\\/\"},\"author\":{\"name\":\"- Instituto Mediterr\u00e1neo Sol\",\"@id\":\"https:\\\/\\\/www.inmsol.com\\\/es\\\/#\\\/schema\\\/person\\\/94a7a01d14a56d1fbc49c841ffc57fe9\"},\"headline\":\"Festival Abril para Vivir en Granada\",\"datePublished\":\"2015-04-14T10:53:34+00:00\",\"dateModified\":\"2019-04-23T20:52:17+00:00\",\"mainEntityOfPage\":{\"@id\":\"https:\\\/\\\/www.inmsol.com\\\/es\\\/blog-escuela\\\/eventos-granada\\\/festival-abril-para-vivir-en-granada\\\/\"},\"wordCount\":252,\"publisher\":{\"@id\":\"https:\\\/\\\/www.inmsol.com\\\/es\\\/#organization\"},\"image\":{\"@id\":\"https:\\\/\\\/www.inmsol.com\\\/es\\\/blog-escuela\\\/eventos-granada\\\/festival-abril-para-vivir-en-granada\\\/#primaryimage\"},\"thumbnailUrl\":\"https:\\\/\\\/www.inmsol.com\\\/wp-content\\\/uploads\\\/2015\\\/04\\\/Abril-para-Vivir.jpg\",\"articleSection\":[\"Eventos en Granada\"],\"inLanguage\":\"es\"},{\"@type\":\"WebPage\",\"@id\":\"https:\\\/\\\/www.inmsol.com\\\/es\\\/blog-escuela\\\/eventos-granada\\\/festival-abril-para-vivir-en-granada\\\/\",\"url\":\"https:\\\/\\\/www.inmsol.com\\\/es\\\/blog-escuela\\\/eventos-granada\\\/festival-abril-para-vivir-en-granada\\\/\",\"name\":\"Festival Abril para Vivir en Granada\",\"isPartOf\":{\"@id\":\"https:\\\/\\\/www.inmsol.com\\\/es\\\/#website\"},\"primaryImageOfPage\":{\"@id\":\"https:\\\/\\\/www.inmsol.com\\\/es\\\/blog-escuela\\\/eventos-granada\\\/festival-abril-para-vivir-en-granada\\\/#primaryimage\"},\"image\":{\"@id\":\"https:\\\/\\\/www.inmsol.com\\\/es\\\/blog-escuela\\\/eventos-granada\\\/festival-abril-para-vivir-en-granada\\\/#primaryimage\"},\"thumbnailUrl\":\"https:\\\/\\\/www.inmsol.com\\\/wp-content\\\/uploads\\\/2015\\\/04\\\/Abril-para-Vivir.jpg\",\"datePublished\":\"2015-04-14T10:53:34+00:00\",\"dateModified\":\"2019-04-23T20:52:17+00:00\",\"description\":\"El festival de canci\u00f3n de autor Abril para Vivir naci\u00f3 hace 14 a\u00f1os, en 2001, como homenaje a Carlos Cano y debe su nombre a una de las canciones m\u00e1s representativas del cantautor: Luna de Abril. Artistas conocidos a nivel internacional y de nueva generaci\u00f3n han pisado y continuar\u00e1n pisando este escenario, el cual se propone permitir a todos los cantantes llegar al gran p\u00fablico, ya sean m\u00e1s o menos famosos. Por otro lado, Abril para Vivir, permite tambi\u00e9n al p\u00fablico conocer artistas internacionales, en las pasadas ediciones, de hecho, varios trovadores franceses y grupos musicales suramericanos actuaron en Granada gracias a este evento.\",\"breadcrumb\":{\"@id\":\"https:\\\/\\\/www.inmsol.com\\\/es\\\/blog-escuela\\\/eventos-granada\\\/festival-abril-para-vivir-en-granada\\\/#breadcrumb\"},\"inLanguage\":\"es\",\"potentialAction\":[{\"@type\":\"ReadAction\",\"target\":[\"https:\\\/\\\/www.inmsol.com\\\/es\\\/blog-escuela\\\/eventos-granada\\\/festival-abril-para-vivir-en-granada\\\/\"]}]},{\"@type\":\"ImageObject\",\"inLanguage\":\"es\",\"@id\":\"https:\\\/\\\/www.inmsol.com\\\/es\\\/blog-escuela\\\/eventos-granada\\\/festival-abril-para-vivir-en-granada\\\/#primaryimage\",\"url\":\"https:\\\/\\\/www.inmsol.com\\\/wp-content\\\/uploads\\\/2015\\\/04\\\/Abril-para-Vivir.jpg\",\"contentUrl\":\"https:\\\/\\\/www.inmsol.com\\\/wp-content\\\/uploads\\\/2015\\\/04\\\/Abril-para-Vivir.jpg\",\"width\":256,\"height\":231},{\"@type\":\"BreadcrumbList\",\"@id\":\"https:\\\/\\\/www.inmsol.com\\\/es\\\/blog-escuela\\\/eventos-granada\\\/festival-abril-para-vivir-en-granada\\\/#breadcrumb\",\"itemListElement\":[{\"@type\":\"ListItem\",\"position\":1,\"name\":\"Accredited Center by Instituto Cervantes\",\"item\":\"https:\\\/\\\/www.inmsol.com\\\/es\\\/pagina-ejemplo\\\/\"},{\"@type\":\"ListItem\",\"position\":2,\"name\":\"Blog Escuela Espa\u00f1ol\",\"item\":\"https:\\\/\\\/www.inmsol.com\\\/es\\\/category\\\/blog-escuela\\\/\"},{\"@type\":\"ListItem\",\"position\":3,\"name\":\"Eventos en Granada\",\"item\":\"https:\\\/\\\/www.inmsol.com\\\/es\\\/category\\\/blog-escuela\\\/eventos-granada\\\/\"},{\"@type\":\"ListItem\",\"position\":4,\"name\":\"Festival Abril para Vivir en Granada\"}]},{\"@type\":\"WebSite\",\"@id\":\"https:\\\/\\\/www.inmsol.com\\\/es\\\/#website\",\"url\":\"https:\\\/\\\/www.inmsol.com\\\/es\\\/\",\"name\":\"iNMSOL\",\"description\":\"Aprenda Espa\u00f1ol con iNMSOL en Granada | Centro Acreditado por el Instituto Cervantes\",\"publisher\":{\"@id\":\"https:\\\/\\\/www.inmsol.com\\\/es\\\/#organization\"},\"potentialAction\":[{\"@type\":\"SearchAction\",\"target\":{\"@type\":\"EntryPoint\",\"urlTemplate\":\"https:\\\/\\\/www.inmsol.com\\\/es\\\/?s={search_term_string}\"},\"query-input\":{\"@type\":\"PropertyValueSpecification\",\"valueRequired\":true,\"valueName\":\"search_term_string\"}}],\"inLanguage\":\"es\"},{\"@type\":\"Organization\",\"@id\":\"https:\\\/\\\/www.inmsol.com\\\/es\\\/#organization\",\"name\":\"Instituto Mediterr\u00e1neo Sol\",\"url\":\"https:\\\/\\\/www.inmsol.com\\\/es\\\/\",\"logo\":{\"@type\":\"ImageObject\",\"inLanguage\":\"es\",\"@id\":\"https:\\\/\\\/www.inmsol.com\\\/es\\\/#\\\/schema\\\/logo\\\/image\\\/\",\"url\":\"https:\\\/\\\/www.inmsol.com\\\/wp-content\\\/uploads\\\/2023\\\/06\\\/logo-inmsol-1.png\",\"contentUrl\":\"https:\\\/\\\/www.inmsol.com\\\/wp-content\\\/uploads\\\/2023\\\/06\\\/logo-inmsol-1.png\",\"width\":136,\"height\":73,\"caption\":\"Instituto Mediterr\u00e1neo Sol\"},\"image\":{\"@id\":\"https:\\\/\\\/www.inmsol.com\\\/es\\\/#\\\/schema\\\/logo\\\/image\\\/\"},\"sameAs\":[\"https:\\\/\\\/www.facebook.com\\\/spanishcourses\",\"https:\\\/\\\/x.com\\\/StudyInGranada\",\"http:\\\/\\\/instagram.com\\\/imsolgranada\",\"https:\\\/\\\/es.linkedin.com\\\/company\\\/imsol-granada\",\"https:\\\/\\\/www.pinterest.es\\\/inmsol\\\/\",\"https:\\\/\\\/www.youtube.com\\\/channel\\\/UChz-Qn_7coFMosY85iYMO4g\"]},{\"@type\":\"Person\",\"@id\":\"https:\\\/\\\/www.inmsol.com\\\/es\\\/#\\\/schema\\\/person\\\/94a7a01d14a56d1fbc49c841ffc57fe9\",\"name\":\"- Instituto Mediterr\u00e1neo Sol\",\"image\":{\"@type\":\"ImageObject\",\"inLanguage\":\"es\",\"@id\":\"https:\\\/\\\/secure.gravatar.com\\\/avatar\\\/5607fdabdf1b548b6095cc3d43079829bc1497403e70dd34004e7204a8fef62b?s=96&d=mm&r=g\",\"url\":\"https:\\\/\\\/secure.gravatar.com\\\/avatar\\\/5607fdabdf1b548b6095cc3d43079829bc1497403e70dd34004e7204a8fef62b?s=96&d=mm&r=g\",\"contentUrl\":\"https:\\\/\\\/secure.gravatar.com\\\/avatar\\\/5607fdabdf1b548b6095cc3d43079829bc1497403e70dd34004e7204a8fef62b?s=96&d=mm&r=g\",\"caption\":\"- Instituto Mediterr\u00e1neo Sol\"},\"url\":\"https:\\\/\\\/www.inmsol.com\\\/es\\\/author\\\/laura\\\/\"}]}<\/script>\n<!-- \/ Yoast SEO plugin. -->","yoast_head_json":{"title":"Festival Abril para Vivir en Granada","description":"El festival de canci\u00f3n de autor Abril para Vivir naci\u00f3 hace 14 a\u00f1os, en 2001, como homenaje a Carlos Cano y debe su nombre a una de las canciones m\u00e1s representativas del cantautor: Luna de Abril. Artistas conocidos a nivel internacional y de nueva generaci\u00f3n han pisado y continuar\u00e1n pisando este escenario, el cual se propone permitir a todos los cantantes llegar al gran p\u00fablico, ya sean m\u00e1s o menos famosos. Por otro lado, Abril para Vivir, permite tambi\u00e9n al p\u00fablico conocer artistas internacionales, en las pasadas ediciones, de hecho, varios trovadores franceses y grupos musicales suramericanos actuaron en Granada gracias a este evento.","robots":{"index":"index","follow":"follow","max-snippet":"max-snippet:-1","max-image-preview":"max-image-preview:large","max-video-preview":"max-video-preview:-1"},"canonical":"https:\/\/www.inmsol.com\/es\/blog-escuela\/eventos-granada\/festival-abril-para-vivir-en-granada\/","og_locale":"es_ES","og_type":"article","og_title":"Festival Abril para Vivir en Granada","og_description":"El festival de canci\u00f3n de autor Abril para Vivir naci\u00f3 hace 14 a\u00f1os, en 2001, como homenaje a Carlos Cano y debe su nombre a una de las canciones m\u00e1s representativas del cantautor: Luna de Abril. Artistas conocidos a nivel internacional y de nueva generaci\u00f3n han pisado y continuar\u00e1n pisando este escenario, el cual se propone permitir a todos los cantantes llegar al gran p\u00fablico, ya sean m\u00e1s o menos famosos. Por otro lado, Abril para Vivir, permite tambi\u00e9n al p\u00fablico conocer artistas internacionales, en las pasadas ediciones, de hecho, varios trovadores franceses y grupos musicales suramericanos actuaron en Granada gracias a este evento.","og_url":"https:\/\/www.inmsol.com\/es\/blog-escuela\/eventos-granada\/festival-abril-para-vivir-en-granada\/","og_site_name":"iNMSOL","article_publisher":"https:\/\/www.facebook.com\/spanishcourses","article_published_time":"2015-04-14T10:53:34+00:00","article_modified_time":"2019-04-23T20:52:17+00:00","og_image":[{"width":256,"height":231,"url":"https:\/\/www.inmsol.com\/wp-content\/uploads\/2015\/04\/Abril-para-Vivir.jpg","type":"image\/jpeg"}],"author":"- Instituto Mediterr\u00e1neo Sol","twitter_misc":{"Escrito por":"- Instituto Mediterr\u00e1neo Sol","Tiempo de lectura":"1 minuto"},"schema":{"@context":"https:\/\/schema.org","@graph":[{"@type":"Article","@id":"https:\/\/www.inmsol.com\/es\/blog-escuela\/eventos-granada\/festival-abril-para-vivir-en-granada\/#article","isPartOf":{"@id":"https:\/\/www.inmsol.com\/es\/blog-escuela\/eventos-granada\/festival-abril-para-vivir-en-granada\/"},"author":{"name":"- Instituto Mediterr\u00e1neo Sol","@id":"https:\/\/www.inmsol.com\/es\/#\/schema\/person\/94a7a01d14a56d1fbc49c841ffc57fe9"},"headline":"Festival Abril para Vivir en Granada","datePublished":"2015-04-14T10:53:34+00:00","dateModified":"2019-04-23T20:52:17+00:00","mainEntityOfPage":{"@id":"https:\/\/www.inmsol.com\/es\/blog-escuela\/eventos-granada\/festival-abril-para-vivir-en-granada\/"},"wordCount":252,"publisher":{"@id":"https:\/\/www.inmsol.com\/es\/#organization"},"image":{"@id":"https:\/\/www.inmsol.com\/es\/blog-escuela\/eventos-granada\/festival-abril-para-vivir-en-granada\/#primaryimage"},"thumbnailUrl":"https:\/\/www.inmsol.com\/wp-content\/uploads\/2015\/04\/Abril-para-Vivir.jpg","articleSection":["Eventos en Granada"],"inLanguage":"es"},{"@type":"WebPage","@id":"https:\/\/www.inmsol.com\/es\/blog-escuela\/eventos-granada\/festival-abril-para-vivir-en-granada\/","url":"https:\/\/www.inmsol.com\/es\/blog-escuela\/eventos-granada\/festival-abril-para-vivir-en-granada\/","name":"Festival Abril para Vivir en Granada","isPartOf":{"@id":"https:\/\/www.inmsol.com\/es\/#website"},"primaryImageOfPage":{"@id":"https:\/\/www.inmsol.com\/es\/blog-escuela\/eventos-granada\/festival-abril-para-vivir-en-granada\/#primaryimage"},"image":{"@id":"https:\/\/www.inmsol.com\/es\/blog-escuela\/eventos-granada\/festival-abril-para-vivir-en-granada\/#primaryimage"},"thumbnailUrl":"https:\/\/www.inmsol.com\/wp-content\/uploads\/2015\/04\/Abril-para-Vivir.jpg","datePublished":"2015-04-14T10:53:34+00:00","dateModified":"2019-04-23T20:52:17+00:00","description":"El festival de canci\u00f3n de autor Abril para Vivir naci\u00f3 hace 14 a\u00f1os, en 2001, como homenaje a Carlos Cano y debe su nombre a una de las canciones m\u00e1s representativas del cantautor: Luna de Abril. Artistas conocidos a nivel internacional y de nueva generaci\u00f3n han pisado y continuar\u00e1n pisando este escenario, el cual se propone permitir a todos los cantantes llegar al gran p\u00fablico, ya sean m\u00e1s o menos famosos. Por otro lado, Abril para Vivir, permite tambi\u00e9n al p\u00fablico conocer artistas internacionales, en las pasadas ediciones, de hecho, varios trovadores franceses y grupos musicales suramericanos actuaron en Granada gracias a este evento.","breadcrumb":{"@id":"https:\/\/www.inmsol.com\/es\/blog-escuela\/eventos-granada\/festival-abril-para-vivir-en-granada\/#breadcrumb"},"inLanguage":"es","potentialAction":[{"@type":"ReadAction","target":["https:\/\/www.inmsol.com\/es\/blog-escuela\/eventos-granada\/festival-abril-para-vivir-en-granada\/"]}]},{"@type":"ImageObject","inLanguage":"es","@id":"https:\/\/www.inmsol.com\/es\/blog-escuela\/eventos-granada\/festival-abril-para-vivir-en-granada\/#primaryimage","url":"https:\/\/www.inmsol.com\/wp-content\/uploads\/2015\/04\/Abril-para-Vivir.jpg","contentUrl":"https:\/\/www.inmsol.com\/wp-content\/uploads\/2015\/04\/Abril-para-Vivir.jpg","width":256,"height":231},{"@type":"BreadcrumbList","@id":"https:\/\/www.inmsol.com\/es\/blog-escuela\/eventos-granada\/festival-abril-para-vivir-en-granada\/#breadcrumb","itemListElement":[{"@type":"ListItem","position":1,"name":"Accredited Center by Instituto Cervantes","item":"https:\/\/www.inmsol.com\/es\/pagina-ejemplo\/"},{"@type":"ListItem","position":2,"name":"Blog Escuela Espa\u00f1ol","item":"https:\/\/www.inmsol.com\/es\/category\/blog-escuela\/"},{"@type":"ListItem","position":3,"name":"Eventos en Granada","item":"https:\/\/www.inmsol.com\/es\/category\/blog-escuela\/eventos-granada\/"},{"@type":"ListItem","position":4,"name":"Festival Abril para Vivir en Granada"}]},{"@type":"WebSite","@id":"https:\/\/www.inmsol.com\/es\/#website","url":"https:\/\/www.inmsol.com\/es\/","name":"iNMSOL","description":"Aprenda Espa\u00f1ol con iNMSOL en Granada | Centro Acreditado por el Instituto Cervantes","publisher":{"@id":"https:\/\/www.inmsol.com\/es\/#organization"},"potentialAction":[{"@type":"SearchAction","target":{"@type":"EntryPoint","urlTemplate":"https:\/\/www.inmsol.com\/es\/?s={search_term_string}"},"query-input":{"@type":"PropertyValueSpecification","valueRequired":true,"valueName":"search_term_string"}}],"inLanguage":"es"},{"@type":"Organization","@id":"https:\/\/www.inmsol.com\/es\/#organization","name":"Instituto Mediterr\u00e1neo Sol","url":"https:\/\/www.inmsol.com\/es\/","logo":{"@type":"ImageObject","inLanguage":"es","@id":"https:\/\/www.inmsol.com\/es\/#\/schema\/logo\/image\/","url":"https:\/\/www.inmsol.com\/wp-content\/uploads\/2023\/06\/logo-inmsol-1.png","contentUrl":"https:\/\/www.inmsol.com\/wp-content\/uploads\/2023\/06\/logo-inmsol-1.png","width":136,"height":73,"caption":"Instituto Mediterr\u00e1neo Sol"},"image":{"@id":"https:\/\/www.inmsol.com\/es\/#\/schema\/logo\/image\/"},"sameAs":["https:\/\/www.facebook.com\/spanishcourses","https:\/\/x.com\/StudyInGranada","http:\/\/instagram.com\/imsolgranada","https:\/\/es.linkedin.com\/company\/imsol-granada","https:\/\/www.pinterest.es\/inmsol\/","https:\/\/www.youtube.com\/channel\/UChz-Qn_7coFMosY85iYMO4g"]},{"@type":"Person","@id":"https:\/\/www.inmsol.com\/es\/#\/schema\/person\/94a7a01d14a56d1fbc49c841ffc57fe9","name":"- Instituto Mediterr\u00e1neo Sol","image":{"@type":"ImageObject","inLanguage":"es","@id":"https:\/\/secure.gravatar.com\/avatar\/5607fdabdf1b548b6095cc3d43079829bc1497403e70dd34004e7204a8fef62b?s=96&d=mm&r=g","url":"https:\/\/secure.gravatar.com\/avatar\/5607fdabdf1b548b6095cc3d43079829bc1497403e70dd34004e7204a8fef62b?s=96&d=mm&r=g","contentUrl":"https:\/\/secure.gravatar.com\/avatar\/5607fdabdf1b548b6095cc3d43079829bc1497403e70dd34004e7204a8fef62b?s=96&d=mm&r=g","caption":"- Instituto Mediterr\u00e1neo Sol"},"url":"https:\/\/www.inmsol.com\/es\/author\/laura\/"}]}},"_links":{"self":[{"href":"https:\/\/www.inmsol.com\/es\/wp-json\/wp\/v2\/posts\/15006","targetHints":{"allow":["GET"]}}],"collection":[{"href":"https:\/\/www.inmsol.com\/es\/wp-json\/wp\/v2\/posts"}],"about":[{"href":"https:\/\/www.inmsol.com\/es\/wp-json\/wp\/v2\/types\/post"}],"author":[{"embeddable":true,"href":"https:\/\/www.inmsol.com\/es\/wp-json\/wp\/v2\/users\/3"}],"replies":[{"embeddable":true,"href":"https:\/\/www.inmsol.com\/es\/wp-json\/wp\/v2\/comments?post=15006"}],"version-history":[{"count":0,"href":"https:\/\/www.inmsol.com\/es\/wp-json\/wp\/v2\/posts\/15006\/revisions"}],"wp:featuredmedia":[{"embeddable":true,"href":"https:\/\/www.inmsol.com\/es\/wp-json\/wp\/v2\/media\/14997"}],"wp:attachment":[{"href":"https:\/\/www.inmsol.com\/es\/wp-json\/wp\/v2\/media?parent=15006"}],"wp:term":[{"taxonomy":"category","embeddable":true,"href":"https:\/\/www.inmsol.com\/es\/wp-json\/wp\/v2\/categories?post=15006"},{"taxonomy":"post_tag","embeddable":true,"href":"https:\/\/www.inmsol.com\/es\/wp-json\/wp\/v2\/tags?post=15006"}],"curies":[{"name":"wp","href":"https:\/\/api.w.org\/{rel}","templated":true}]}}