{"id":15452,"date":"2015-05-12T12:38:54","date_gmt":"2015-05-12T10:38:54","guid":{"rendered":"https:\/\/www.inmsol.com\/?p=15452"},"modified":"2019-04-23T22:49:27","modified_gmt":"2019-04-23T20:49:27","slug":"el-cuarto-real-de-santo-domingo-abre-sus-puertas-tras-25-anos","status":"publish","type":"post","link":"https:\/\/www.inmsol.com\/es\/blog-escuela\/eventos-granada\/el-cuarto-real-de-santo-domingo-abre-sus-puertas-tras-25-anos\/","title":{"rendered":"El Cuarto Real de Santo Domingo abre sus puertas tras 25 a\u00f1os"},"content":{"rendered":"<p><strong>Tras 25 a\u00f1os cerrado<\/strong>, el lunes pasado, 11 de mayo, el\u00a0<strong>Cuarto Real de Santo Domingo de Granada<\/strong>\u00a0ha abierto sus puertas mostrando un patrimonio cultural del siglo XIII considerado precedente a lo de La Alhambra. La apertura del palacio coincide con la inauguraci\u00f3n\u00a0\u00a0del\u00a0<em>Festival Internacional de Poes\u00eda de Granada<\/em>\u00a0y, este evento, junto a la exposici\u00f3n\u00a0<em>Vida en el Cuarto Real<\/em>\u00a0por Juan Vida, contribuyen a enriquecer el panorama cultural de Granada.<\/p>\n<p>El Cuarto Real de Santo Domingo, declarado\u00a0<strong>Bien de Inter\u00e9s Cultural<\/strong>, es uno de los pocos monumentos granadinos y de Andaluc\u00eda que\u00a0<strong>puede competir con La Alhambra\u00a0por su riqueza patrimonial y sus decoraciones<\/strong>. Gracias a una inversi\u00f3n de seis millones de euros por parte del Gobierno, la Junta de Andaluc\u00eda y el Ayuntamiento, el palacio ha vuelto a su esplendor original y, entre las caracter\u00edsticas con mayor visibilidad sin duda resalta la \u2018qubba\u2019 o sal\u00f3n de protocolo, como tambi\u00e9n la sala de exposiciones.<\/p>\n<p>Desde su edificaci\u00f3n,\u00a0\u00a0el palacio del Cuarto Real fue en primer lugar una posesi\u00f3n de los monarcas nazar\u00edes y tras su donaci\u00f3n a la Orden de Santo Domingo por parte de los Reyes Cat\u00f3licos, fue confiscado en el siglo XIX tras la Desamortizaci\u00f3n. En ese momento, el palacio pas\u00f3 a manos privadas y\u00a0<strong>en 1990 fue adquirido por el Ayuntamiento<\/strong>.<\/p>\n<p>El Cuarto Real es uno de los muchos\u00a0\u00a0edificios hist\u00f3ricos que contribuyen a hacer del\u00a0<strong>Realejo<\/strong>, barrio en el que est\u00e1 situado tambi\u00e9n Instituto Mediterr\u00e1neo Sol, el barrio con m\u00e1s cultura hist\u00f3rica de toda Granada.<\/p>\n<p><img fetchpriority=\"high\" decoding=\"async\" class=\"size-medium wp-image-15441 aligncenter\" src=\"https:\/\/www.inmsol.com\/wp-content\/uploads\/2015\/05\/Cuarto-Real-de-Santo-Domingo-448x300.jpg\" alt=\"DCIM100GOPRO\" width=\"448\" height=\"300\" srcset=\"https:\/\/www.inmsol.com\/wp-content\/uploads\/2015\/05\/Cuarto-Real-de-Santo-Domingo-448x300.jpg 448w, https:\/\/www.inmsol.com\/wp-content\/uploads\/2015\/05\/Cuarto-Real-de-Santo-Domingo-800x535.jpg 800w, https:\/\/www.inmsol.com\/wp-content\/uploads\/2015\/05\/Cuarto-Real-de-Santo-Domingo-64x43.jpg 64w, https:\/\/www.inmsol.com\/wp-content\/uploads\/2015\/05\/Cuarto-Real-de-Santo-Domingo-1024x685.jpg 1024w, https:\/\/www.inmsol.com\/wp-content\/uploads\/2015\/05\/Cuarto-Real-de-Santo-Domingo-200x134.jpg 200w, https:\/\/www.inmsol.com\/wp-content\/uploads\/2015\/05\/Cuarto-Real-de-Santo-Domingo-250x167.jpg 250w, https:\/\/www.inmsol.com\/wp-content\/uploads\/2015\/05\/Cuarto-Real-de-Santo-Domingo-598x400.jpg 598w, https:\/\/www.inmsol.com\/wp-content\/uploads\/2015\/05\/Cuarto-Real-de-Santo-Domingo.jpg 1500w\" sizes=\"(max-width: 448px) 100vw, 448px\" \/><\/p>\n","protected":false},"excerpt":{"rendered":"<p>Tras 25 a\u00f1os cerrado, el lunes pasado, 11 de mayo, el\u00a0Cuarto Real de Santo Domingo de Granada\u00a0ha abierto sus puertas mostrando un patrimonio cultural del siglo XIII considerado precedente a lo de La Alhambra. La apertura del palacio coincide con la inauguraci\u00f3n\u00a0\u00a0del\u00a0Festival Internacional de Poes\u00eda&#8230;<\/p>\n","protected":false},"author":3,"featured_media":15441,"comment_status":"closed","ping_status":"closed","sticky":false,"template":"","format":"standard","meta":{"_acf_changed":false,"footnotes":""},"categories":[80],"tags":[],"class_list":["post-15452","post","type-post","status-publish","format-standard","has-post-thumbnail","hentry","category-eventos-granada"],"acf":[],"yoast_head":"<!-- This site is optimized with the Yoast SEO plugin v27.5 - https:\/\/yoast.com\/product\/yoast-seo-wordpress\/ -->\n<title>El Cuarto Real de Santo Domingo abre sus puertas tras 25 a\u00f1os<\/title>\n<meta name=\"description\" content=\"Tras 25 a\u00f1os cerrado, el lunes pasado, 11 de mayo, el Cuarto Real de Santo Domingo de Granada ha abierto sus puertas mostrando un patrimonio cultural del siglo XIII considerado precedente a lo de La Alhambra. La apertura del palacio coincide con la inauguraci\u00f3n del Festival Internacional de Poes\u00eda de Granada y, este evento, junto a la exposici\u00f3n Vida en el Cuarto Real por Juan Vida, contribuyen a enriquecer el panorama cultural de Granada.\" \/>\n<meta name=\"robots\" content=\"index, follow, max-snippet:-1, max-image-preview:large, max-video-preview:-1\" \/>\n<link rel=\"canonical\" href=\"https:\/\/www.inmsol.com\/es\/blog-escuela\/eventos-granada\/el-cuarto-real-de-santo-domingo-abre-sus-puertas-tras-25-anos\/\" \/>\n<meta property=\"og:locale\" content=\"es_ES\" \/>\n<meta property=\"og:type\" content=\"article\" \/>\n<meta property=\"og:title\" content=\"El Cuarto Real de Santo Domingo abre sus puertas tras 25 a\u00f1os\" \/>\n<meta property=\"og:description\" content=\"Tras 25 a\u00f1os cerrado, el lunes pasado, 11 de mayo, el Cuarto Real de Santo Domingo de Granada ha abierto sus puertas mostrando un patrimonio cultural del siglo XIII considerado precedente a lo de La Alhambra. La apertura del palacio coincide con la inauguraci\u00f3n del Festival Internacional de Poes\u00eda de Granada y, este evento, junto a la exposici\u00f3n Vida en el Cuarto Real por Juan Vida, contribuyen a enriquecer el panorama cultural de Granada.\" \/>\n<meta property=\"og:url\" content=\"https:\/\/www.inmsol.com\/es\/blog-escuela\/eventos-granada\/el-cuarto-real-de-santo-domingo-abre-sus-puertas-tras-25-anos\/\" \/>\n<meta property=\"og:site_name\" content=\"iNMSOL\" \/>\n<meta property=\"article:publisher\" content=\"https:\/\/www.facebook.com\/spanishcourses\" \/>\n<meta property=\"article:published_time\" content=\"2015-05-12T10:38:54+00:00\" \/>\n<meta property=\"article:modified_time\" content=\"2019-04-23T20:49:27+00:00\" \/>\n<meta property=\"og:image\" content=\"https:\/\/www.inmsol.com\/wp-content\/uploads\/2015\/05\/Cuarto-Real-de-Santo-Domingo.jpg\" \/>\n\t<meta property=\"og:image:width\" content=\"1500\" \/>\n\t<meta property=\"og:image:height\" content=\"1004\" \/>\n\t<meta property=\"og:image:type\" content=\"image\/jpeg\" \/>\n<meta name=\"author\" content=\"- Instituto Mediterr\u00e1neo Sol\" \/>\n<meta name=\"twitter:label1\" content=\"Escrito por\" \/>\n\t<meta name=\"twitter:data1\" content=\"- Instituto Mediterr\u00e1neo Sol\" \/>\n\t<meta name=\"twitter:label2\" content=\"Tiempo de lectura\" \/>\n\t<meta name=\"twitter:data2\" content=\"1 minuto\" \/>\n<script type=\"application\/ld+json\" class=\"yoast-schema-graph\">{\"@context\":\"https:\\\/\\\/schema.org\",\"@graph\":[{\"@type\":\"Article\",\"@id\":\"https:\\\/\\\/www.inmsol.com\\\/es\\\/blog-escuela\\\/eventos-granada\\\/el-cuarto-real-de-santo-domingo-abre-sus-puertas-tras-25-anos\\\/#article\",\"isPartOf\":{\"@id\":\"https:\\\/\\\/www.inmsol.com\\\/es\\\/blog-escuela\\\/eventos-granada\\\/el-cuarto-real-de-santo-domingo-abre-sus-puertas-tras-25-anos\\\/\"},\"author\":{\"name\":\"- Instituto Mediterr\u00e1neo Sol\",\"@id\":\"https:\\\/\\\/www.inmsol.com\\\/es\\\/#\\\/schema\\\/person\\\/94a7a01d14a56d1fbc49c841ffc57fe9\"},\"headline\":\"El Cuarto Real de Santo Domingo abre sus puertas tras 25 a\u00f1os\",\"datePublished\":\"2015-05-12T10:38:54+00:00\",\"dateModified\":\"2019-04-23T20:49:27+00:00\",\"mainEntityOfPage\":{\"@id\":\"https:\\\/\\\/www.inmsol.com\\\/es\\\/blog-escuela\\\/eventos-granada\\\/el-cuarto-real-de-santo-domingo-abre-sus-puertas-tras-25-anos\\\/\"},\"wordCount\":284,\"publisher\":{\"@id\":\"https:\\\/\\\/www.inmsol.com\\\/es\\\/#organization\"},\"image\":{\"@id\":\"https:\\\/\\\/www.inmsol.com\\\/es\\\/blog-escuela\\\/eventos-granada\\\/el-cuarto-real-de-santo-domingo-abre-sus-puertas-tras-25-anos\\\/#primaryimage\"},\"thumbnailUrl\":\"https:\\\/\\\/www.inmsol.com\\\/wp-content\\\/uploads\\\/2015\\\/05\\\/Cuarto-Real-de-Santo-Domingo.jpg\",\"articleSection\":[\"Eventos en Granada\"],\"inLanguage\":\"es\"},{\"@type\":\"WebPage\",\"@id\":\"https:\\\/\\\/www.inmsol.com\\\/es\\\/blog-escuela\\\/eventos-granada\\\/el-cuarto-real-de-santo-domingo-abre-sus-puertas-tras-25-anos\\\/\",\"url\":\"https:\\\/\\\/www.inmsol.com\\\/es\\\/blog-escuela\\\/eventos-granada\\\/el-cuarto-real-de-santo-domingo-abre-sus-puertas-tras-25-anos\\\/\",\"name\":\"El Cuarto Real de Santo Domingo abre sus puertas tras 25 a\u00f1os\",\"isPartOf\":{\"@id\":\"https:\\\/\\\/www.inmsol.com\\\/es\\\/#website\"},\"primaryImageOfPage\":{\"@id\":\"https:\\\/\\\/www.inmsol.com\\\/es\\\/blog-escuela\\\/eventos-granada\\\/el-cuarto-real-de-santo-domingo-abre-sus-puertas-tras-25-anos\\\/#primaryimage\"},\"image\":{\"@id\":\"https:\\\/\\\/www.inmsol.com\\\/es\\\/blog-escuela\\\/eventos-granada\\\/el-cuarto-real-de-santo-domingo-abre-sus-puertas-tras-25-anos\\\/#primaryimage\"},\"thumbnailUrl\":\"https:\\\/\\\/www.inmsol.com\\\/wp-content\\\/uploads\\\/2015\\\/05\\\/Cuarto-Real-de-Santo-Domingo.jpg\",\"datePublished\":\"2015-05-12T10:38:54+00:00\",\"dateModified\":\"2019-04-23T20:49:27+00:00\",\"description\":\"Tras 25 a\u00f1os cerrado, el lunes pasado, 11 de mayo, el Cuarto Real de Santo Domingo de Granada ha abierto sus puertas mostrando un patrimonio cultural del siglo XIII considerado precedente a lo de La Alhambra. La apertura del palacio coincide con la inauguraci\u00f3n del Festival Internacional de Poes\u00eda de Granada y, este evento, junto a la exposici\u00f3n Vida en el Cuarto Real por Juan Vida, contribuyen a enriquecer el panorama cultural de Granada.\",\"breadcrumb\":{\"@id\":\"https:\\\/\\\/www.inmsol.com\\\/es\\\/blog-escuela\\\/eventos-granada\\\/el-cuarto-real-de-santo-domingo-abre-sus-puertas-tras-25-anos\\\/#breadcrumb\"},\"inLanguage\":\"es\",\"potentialAction\":[{\"@type\":\"ReadAction\",\"target\":[\"https:\\\/\\\/www.inmsol.com\\\/es\\\/blog-escuela\\\/eventos-granada\\\/el-cuarto-real-de-santo-domingo-abre-sus-puertas-tras-25-anos\\\/\"]}]},{\"@type\":\"ImageObject\",\"inLanguage\":\"es\",\"@id\":\"https:\\\/\\\/www.inmsol.com\\\/es\\\/blog-escuela\\\/eventos-granada\\\/el-cuarto-real-de-santo-domingo-abre-sus-puertas-tras-25-anos\\\/#primaryimage\",\"url\":\"https:\\\/\\\/www.inmsol.com\\\/wp-content\\\/uploads\\\/2015\\\/05\\\/Cuarto-Real-de-Santo-Domingo.jpg\",\"contentUrl\":\"https:\\\/\\\/www.inmsol.com\\\/wp-content\\\/uploads\\\/2015\\\/05\\\/Cuarto-Real-de-Santo-Domingo.jpg\",\"width\":1500,\"height\":1004,\"caption\":\"DCIM100GOPRO\"},{\"@type\":\"BreadcrumbList\",\"@id\":\"https:\\\/\\\/www.inmsol.com\\\/es\\\/blog-escuela\\\/eventos-granada\\\/el-cuarto-real-de-santo-domingo-abre-sus-puertas-tras-25-anos\\\/#breadcrumb\",\"itemListElement\":[{\"@type\":\"ListItem\",\"position\":1,\"name\":\"Accredited Center by Instituto Cervantes\",\"item\":\"https:\\\/\\\/www.inmsol.com\\\/es\\\/pagina-ejemplo\\\/\"},{\"@type\":\"ListItem\",\"position\":2,\"name\":\"Blog Escuela Espa\u00f1ol\",\"item\":\"https:\\\/\\\/www.inmsol.com\\\/es\\\/category\\\/blog-escuela\\\/\"},{\"@type\":\"ListItem\",\"position\":3,\"name\":\"Eventos en Granada\",\"item\":\"https:\\\/\\\/www.inmsol.com\\\/es\\\/category\\\/blog-escuela\\\/eventos-granada\\\/\"},{\"@type\":\"ListItem\",\"position\":4,\"name\":\"El Cuarto Real de Santo Domingo abre sus puertas tras 25 a\u00f1os\"}]},{\"@type\":\"WebSite\",\"@id\":\"https:\\\/\\\/www.inmsol.com\\\/es\\\/#website\",\"url\":\"https:\\\/\\\/www.inmsol.com\\\/es\\\/\",\"name\":\"iNMSOL\",\"description\":\"Aprenda Espa\u00f1ol con iNMSOL en Granada | Centro Acreditado por el Instituto Cervantes\",\"publisher\":{\"@id\":\"https:\\\/\\\/www.inmsol.com\\\/es\\\/#organization\"},\"potentialAction\":[{\"@type\":\"SearchAction\",\"target\":{\"@type\":\"EntryPoint\",\"urlTemplate\":\"https:\\\/\\\/www.inmsol.com\\\/es\\\/?s={search_term_string}\"},\"query-input\":{\"@type\":\"PropertyValueSpecification\",\"valueRequired\":true,\"valueName\":\"search_term_string\"}}],\"inLanguage\":\"es\"},{\"@type\":\"Organization\",\"@id\":\"https:\\\/\\\/www.inmsol.com\\\/es\\\/#organization\",\"name\":\"Instituto Mediterr\u00e1neo Sol\",\"url\":\"https:\\\/\\\/www.inmsol.com\\\/es\\\/\",\"logo\":{\"@type\":\"ImageObject\",\"inLanguage\":\"es\",\"@id\":\"https:\\\/\\\/www.inmsol.com\\\/es\\\/#\\\/schema\\\/logo\\\/image\\\/\",\"url\":\"https:\\\/\\\/www.inmsol.com\\\/wp-content\\\/uploads\\\/2023\\\/06\\\/logo-inmsol-1.png\",\"contentUrl\":\"https:\\\/\\\/www.inmsol.com\\\/wp-content\\\/uploads\\\/2023\\\/06\\\/logo-inmsol-1.png\",\"width\":136,\"height\":73,\"caption\":\"Instituto Mediterr\u00e1neo Sol\"},\"image\":{\"@id\":\"https:\\\/\\\/www.inmsol.com\\\/es\\\/#\\\/schema\\\/logo\\\/image\\\/\"},\"sameAs\":[\"https:\\\/\\\/www.facebook.com\\\/spanishcourses\",\"https:\\\/\\\/x.com\\\/StudyInGranada\",\"http:\\\/\\\/instagram.com\\\/imsolgranada\",\"https:\\\/\\\/es.linkedin.com\\\/company\\\/imsol-granada\",\"https:\\\/\\\/www.pinterest.es\\\/inmsol\\\/\",\"https:\\\/\\\/www.youtube.com\\\/channel\\\/UChz-Qn_7coFMosY85iYMO4g\"]},{\"@type\":\"Person\",\"@id\":\"https:\\\/\\\/www.inmsol.com\\\/es\\\/#\\\/schema\\\/person\\\/94a7a01d14a56d1fbc49c841ffc57fe9\",\"name\":\"- Instituto Mediterr\u00e1neo Sol\",\"image\":{\"@type\":\"ImageObject\",\"inLanguage\":\"es\",\"@id\":\"https:\\\/\\\/secure.gravatar.com\\\/avatar\\\/5607fdabdf1b548b6095cc3d43079829bc1497403e70dd34004e7204a8fef62b?s=96&d=mm&r=g\",\"url\":\"https:\\\/\\\/secure.gravatar.com\\\/avatar\\\/5607fdabdf1b548b6095cc3d43079829bc1497403e70dd34004e7204a8fef62b?s=96&d=mm&r=g\",\"contentUrl\":\"https:\\\/\\\/secure.gravatar.com\\\/avatar\\\/5607fdabdf1b548b6095cc3d43079829bc1497403e70dd34004e7204a8fef62b?s=96&d=mm&r=g\",\"caption\":\"- Instituto Mediterr\u00e1neo Sol\"},\"url\":\"https:\\\/\\\/www.inmsol.com\\\/es\\\/author\\\/laura\\\/\"}]}<\/script>\n<!-- \/ Yoast SEO plugin. -->","yoast_head_json":{"title":"El Cuarto Real de Santo Domingo abre sus puertas tras 25 a\u00f1os","description":"Tras 25 a\u00f1os cerrado, el lunes pasado, 11 de mayo, el Cuarto Real de Santo Domingo de Granada ha abierto sus puertas mostrando un patrimonio cultural del siglo XIII considerado precedente a lo de La Alhambra. La apertura del palacio coincide con la inauguraci\u00f3n del Festival Internacional de Poes\u00eda de Granada y, este evento, junto a la exposici\u00f3n Vida en el Cuarto Real por Juan Vida, contribuyen a enriquecer el panorama cultural de Granada.","robots":{"index":"index","follow":"follow","max-snippet":"max-snippet:-1","max-image-preview":"max-image-preview:large","max-video-preview":"max-video-preview:-1"},"canonical":"https:\/\/www.inmsol.com\/es\/blog-escuela\/eventos-granada\/el-cuarto-real-de-santo-domingo-abre-sus-puertas-tras-25-anos\/","og_locale":"es_ES","og_type":"article","og_title":"El Cuarto Real de Santo Domingo abre sus puertas tras 25 a\u00f1os","og_description":"Tras 25 a\u00f1os cerrado, el lunes pasado, 11 de mayo, el Cuarto Real de Santo Domingo de Granada ha abierto sus puertas mostrando un patrimonio cultural del siglo XIII considerado precedente a lo de La Alhambra. La apertura del palacio coincide con la inauguraci\u00f3n del Festival Internacional de Poes\u00eda de Granada y, este evento, junto a la exposici\u00f3n Vida en el Cuarto Real por Juan Vida, contribuyen a enriquecer el panorama cultural de Granada.","og_url":"https:\/\/www.inmsol.com\/es\/blog-escuela\/eventos-granada\/el-cuarto-real-de-santo-domingo-abre-sus-puertas-tras-25-anos\/","og_site_name":"iNMSOL","article_publisher":"https:\/\/www.facebook.com\/spanishcourses","article_published_time":"2015-05-12T10:38:54+00:00","article_modified_time":"2019-04-23T20:49:27+00:00","og_image":[{"width":1500,"height":1004,"url":"https:\/\/www.inmsol.com\/wp-content\/uploads\/2015\/05\/Cuarto-Real-de-Santo-Domingo.jpg","type":"image\/jpeg"}],"author":"- Instituto Mediterr\u00e1neo Sol","twitter_misc":{"Escrito por":"- Instituto Mediterr\u00e1neo Sol","Tiempo de lectura":"1 minuto"},"schema":{"@context":"https:\/\/schema.org","@graph":[{"@type":"Article","@id":"https:\/\/www.inmsol.com\/es\/blog-escuela\/eventos-granada\/el-cuarto-real-de-santo-domingo-abre-sus-puertas-tras-25-anos\/#article","isPartOf":{"@id":"https:\/\/www.inmsol.com\/es\/blog-escuela\/eventos-granada\/el-cuarto-real-de-santo-domingo-abre-sus-puertas-tras-25-anos\/"},"author":{"name":"- Instituto Mediterr\u00e1neo Sol","@id":"https:\/\/www.inmsol.com\/es\/#\/schema\/person\/94a7a01d14a56d1fbc49c841ffc57fe9"},"headline":"El Cuarto Real de Santo Domingo abre sus puertas tras 25 a\u00f1os","datePublished":"2015-05-12T10:38:54+00:00","dateModified":"2019-04-23T20:49:27+00:00","mainEntityOfPage":{"@id":"https:\/\/www.inmsol.com\/es\/blog-escuela\/eventos-granada\/el-cuarto-real-de-santo-domingo-abre-sus-puertas-tras-25-anos\/"},"wordCount":284,"publisher":{"@id":"https:\/\/www.inmsol.com\/es\/#organization"},"image":{"@id":"https:\/\/www.inmsol.com\/es\/blog-escuela\/eventos-granada\/el-cuarto-real-de-santo-domingo-abre-sus-puertas-tras-25-anos\/#primaryimage"},"thumbnailUrl":"https:\/\/www.inmsol.com\/wp-content\/uploads\/2015\/05\/Cuarto-Real-de-Santo-Domingo.jpg","articleSection":["Eventos en Granada"],"inLanguage":"es"},{"@type":"WebPage","@id":"https:\/\/www.inmsol.com\/es\/blog-escuela\/eventos-granada\/el-cuarto-real-de-santo-domingo-abre-sus-puertas-tras-25-anos\/","url":"https:\/\/www.inmsol.com\/es\/blog-escuela\/eventos-granada\/el-cuarto-real-de-santo-domingo-abre-sus-puertas-tras-25-anos\/","name":"El Cuarto Real de Santo Domingo abre sus puertas tras 25 a\u00f1os","isPartOf":{"@id":"https:\/\/www.inmsol.com\/es\/#website"},"primaryImageOfPage":{"@id":"https:\/\/www.inmsol.com\/es\/blog-escuela\/eventos-granada\/el-cuarto-real-de-santo-domingo-abre-sus-puertas-tras-25-anos\/#primaryimage"},"image":{"@id":"https:\/\/www.inmsol.com\/es\/blog-escuela\/eventos-granada\/el-cuarto-real-de-santo-domingo-abre-sus-puertas-tras-25-anos\/#primaryimage"},"thumbnailUrl":"https:\/\/www.inmsol.com\/wp-content\/uploads\/2015\/05\/Cuarto-Real-de-Santo-Domingo.jpg","datePublished":"2015-05-12T10:38:54+00:00","dateModified":"2019-04-23T20:49:27+00:00","description":"Tras 25 a\u00f1os cerrado, el lunes pasado, 11 de mayo, el Cuarto Real de Santo Domingo de Granada ha abierto sus puertas mostrando un patrimonio cultural del siglo XIII considerado precedente a lo de La Alhambra. La apertura del palacio coincide con la inauguraci\u00f3n del Festival Internacional de Poes\u00eda de Granada y, este evento, junto a la exposici\u00f3n Vida en el Cuarto Real por Juan Vida, contribuyen a enriquecer el panorama cultural de Granada.","breadcrumb":{"@id":"https:\/\/www.inmsol.com\/es\/blog-escuela\/eventos-granada\/el-cuarto-real-de-santo-domingo-abre-sus-puertas-tras-25-anos\/#breadcrumb"},"inLanguage":"es","potentialAction":[{"@type":"ReadAction","target":["https:\/\/www.inmsol.com\/es\/blog-escuela\/eventos-granada\/el-cuarto-real-de-santo-domingo-abre-sus-puertas-tras-25-anos\/"]}]},{"@type":"ImageObject","inLanguage":"es","@id":"https:\/\/www.inmsol.com\/es\/blog-escuela\/eventos-granada\/el-cuarto-real-de-santo-domingo-abre-sus-puertas-tras-25-anos\/#primaryimage","url":"https:\/\/www.inmsol.com\/wp-content\/uploads\/2015\/05\/Cuarto-Real-de-Santo-Domingo.jpg","contentUrl":"https:\/\/www.inmsol.com\/wp-content\/uploads\/2015\/05\/Cuarto-Real-de-Santo-Domingo.jpg","width":1500,"height":1004,"caption":"DCIM100GOPRO"},{"@type":"BreadcrumbList","@id":"https:\/\/www.inmsol.com\/es\/blog-escuela\/eventos-granada\/el-cuarto-real-de-santo-domingo-abre-sus-puertas-tras-25-anos\/#breadcrumb","itemListElement":[{"@type":"ListItem","position":1,"name":"Accredited Center by Instituto Cervantes","item":"https:\/\/www.inmsol.com\/es\/pagina-ejemplo\/"},{"@type":"ListItem","position":2,"name":"Blog Escuela Espa\u00f1ol","item":"https:\/\/www.inmsol.com\/es\/category\/blog-escuela\/"},{"@type":"ListItem","position":3,"name":"Eventos en Granada","item":"https:\/\/www.inmsol.com\/es\/category\/blog-escuela\/eventos-granada\/"},{"@type":"ListItem","position":4,"name":"El Cuarto Real de Santo Domingo abre sus puertas tras 25 a\u00f1os"}]},{"@type":"WebSite","@id":"https:\/\/www.inmsol.com\/es\/#website","url":"https:\/\/www.inmsol.com\/es\/","name":"iNMSOL","description":"Aprenda Espa\u00f1ol con iNMSOL en Granada | Centro Acreditado por el Instituto Cervantes","publisher":{"@id":"https:\/\/www.inmsol.com\/es\/#organization"},"potentialAction":[{"@type":"SearchAction","target":{"@type":"EntryPoint","urlTemplate":"https:\/\/www.inmsol.com\/es\/?s={search_term_string}"},"query-input":{"@type":"PropertyValueSpecification","valueRequired":true,"valueName":"search_term_string"}}],"inLanguage":"es"},{"@type":"Organization","@id":"https:\/\/www.inmsol.com\/es\/#organization","name":"Instituto Mediterr\u00e1neo Sol","url":"https:\/\/www.inmsol.com\/es\/","logo":{"@type":"ImageObject","inLanguage":"es","@id":"https:\/\/www.inmsol.com\/es\/#\/schema\/logo\/image\/","url":"https:\/\/www.inmsol.com\/wp-content\/uploads\/2023\/06\/logo-inmsol-1.png","contentUrl":"https:\/\/www.inmsol.com\/wp-content\/uploads\/2023\/06\/logo-inmsol-1.png","width":136,"height":73,"caption":"Instituto Mediterr\u00e1neo Sol"},"image":{"@id":"https:\/\/www.inmsol.com\/es\/#\/schema\/logo\/image\/"},"sameAs":["https:\/\/www.facebook.com\/spanishcourses","https:\/\/x.com\/StudyInGranada","http:\/\/instagram.com\/imsolgranada","https:\/\/es.linkedin.com\/company\/imsol-granada","https:\/\/www.pinterest.es\/inmsol\/","https:\/\/www.youtube.com\/channel\/UChz-Qn_7coFMosY85iYMO4g"]},{"@type":"Person","@id":"https:\/\/www.inmsol.com\/es\/#\/schema\/person\/94a7a01d14a56d1fbc49c841ffc57fe9","name":"- Instituto Mediterr\u00e1neo Sol","image":{"@type":"ImageObject","inLanguage":"es","@id":"https:\/\/secure.gravatar.com\/avatar\/5607fdabdf1b548b6095cc3d43079829bc1497403e70dd34004e7204a8fef62b?s=96&d=mm&r=g","url":"https:\/\/secure.gravatar.com\/avatar\/5607fdabdf1b548b6095cc3d43079829bc1497403e70dd34004e7204a8fef62b?s=96&d=mm&r=g","contentUrl":"https:\/\/secure.gravatar.com\/avatar\/5607fdabdf1b548b6095cc3d43079829bc1497403e70dd34004e7204a8fef62b?s=96&d=mm&r=g","caption":"- Instituto Mediterr\u00e1neo Sol"},"url":"https:\/\/www.inmsol.com\/es\/author\/laura\/"}]}},"_links":{"self":[{"href":"https:\/\/www.inmsol.com\/es\/wp-json\/wp\/v2\/posts\/15452","targetHints":{"allow":["GET"]}}],"collection":[{"href":"https:\/\/www.inmsol.com\/es\/wp-json\/wp\/v2\/posts"}],"about":[{"href":"https:\/\/www.inmsol.com\/es\/wp-json\/wp\/v2\/types\/post"}],"author":[{"embeddable":true,"href":"https:\/\/www.inmsol.com\/es\/wp-json\/wp\/v2\/users\/3"}],"replies":[{"embeddable":true,"href":"https:\/\/www.inmsol.com\/es\/wp-json\/wp\/v2\/comments?post=15452"}],"version-history":[{"count":0,"href":"https:\/\/www.inmsol.com\/es\/wp-json\/wp\/v2\/posts\/15452\/revisions"}],"wp:featuredmedia":[{"embeddable":true,"href":"https:\/\/www.inmsol.com\/es\/wp-json\/wp\/v2\/media\/15441"}],"wp:attachment":[{"href":"https:\/\/www.inmsol.com\/es\/wp-json\/wp\/v2\/media?parent=15452"}],"wp:term":[{"taxonomy":"category","embeddable":true,"href":"https:\/\/www.inmsol.com\/es\/wp-json\/wp\/v2\/categories?post=15452"},{"taxonomy":"post_tag","embeddable":true,"href":"https:\/\/www.inmsol.com\/es\/wp-json\/wp\/v2\/tags?post=15452"}],"curies":[{"name":"wp","href":"https:\/\/api.w.org\/{rel}","templated":true}]}}