{"id":15603,"date":"2015-05-19T11:57:45","date_gmt":"2015-05-19T09:57:45","guid":{"rendered":"https:\/\/www.inmsol.com\/?p=15603"},"modified":"2019-04-23T22:48:54","modified_gmt":"2019-04-23T20:48:54","slug":"peter-bojthe-una-referencia-del-impresionismo","status":"publish","type":"post","link":"https:\/\/www.inmsol.com\/es\/blog-escuela\/eventos-granada\/peter-bojthe-una-referencia-del-impresionismo\/","title":{"rendered":"P\u00e9ter B\u00f6jthe, una referencia del impresionismo"},"content":{"rendered":"<p><strong>Hasta el 22 de Mayo\u00a0\u00a0\u00a0\u00a0\u00a0\u00a0\u00a0\u00a0\u00a0\u00a0\u00a0\u00a0\u00a0\u00a0\u00a0\u00a0\u00a0\u00a0\u00a0\u00a0\u00a0\u00a0<img fetchpriority=\"high\" decoding=\"async\" class=\"alignright size-medium wp-image-15594\" src=\"https:\/\/www.inmsol.com\/wp-content\/uploads\/2015\/05\/p\u00e9ter-B\u00f6jthe-impresionismo1-375x300.png\" alt=\"p\u00e9ter B\u00f6jthe impresionismo\" width=\"375\" height=\"300\" srcset=\"https:\/\/www.inmsol.com\/wp-content\/uploads\/2015\/05\/p\u00e9ter-B\u00f6jthe-impresionismo1-375x300.png 375w, https:\/\/www.inmsol.com\/wp-content\/uploads\/2015\/05\/p\u00e9ter-B\u00f6jthe-impresionismo1-600x480.png 600w, https:\/\/www.inmsol.com\/wp-content\/uploads\/2015\/05\/p\u00e9ter-B\u00f6jthe-impresionismo1-200x160.png 200w, https:\/\/www.inmsol.com\/wp-content\/uploads\/2015\/05\/p\u00e9ter-B\u00f6jthe-impresionismo1-250x200.png 250w, https:\/\/www.inmsol.com\/wp-content\/uploads\/2015\/05\/p\u00e9ter-B\u00f6jthe-impresionismo1-500x400.png 500w, https:\/\/www.inmsol.com\/wp-content\/uploads\/2015\/05\/p\u00e9ter-B\u00f6jthe-impresionismo1.png 768w\" sizes=\"(max-width: 375px) 100vw, 375px\" \/> <\/strong><\/p>\n<p>P\u00e9ter B\u00f6jthe, pintor h\u00fangaro, influenciado del arte de Sorolla, actualmente es reconocido como uno de los grandes artistas contempor\u00e1neos de t\u00e9cnica impresionista de Europa.<\/p>\n<p>La exposici\u00f3n se podr\u00e1 ver en el colegio de Farmac\u00e9uticos de lunes a s\u00e1bado de 11:00 a 14:00 y de 19:00 a 22:00 horas. Domingos de 11:00 a 14:00 horas.<\/p>\n","protected":false},"excerpt":{"rendered":"<p>Hasta el 22 de Mayo\u00a0\u00a0\u00a0\u00a0\u00a0\u00a0\u00a0\u00a0\u00a0\u00a0\u00a0\u00a0\u00a0\u00a0\u00a0\u00a0\u00a0\u00a0\u00a0\u00a0\u00a0\u00a0 P\u00e9ter B\u00f6jthe, pintor h\u00fangaro, influenciado del arte de Sorolla, actualmente es reconocido como uno de los grandes artistas contempor\u00e1neos de t\u00e9cnica impresionista de Europa. La exposici\u00f3n se podr\u00e1 ver en el colegio de Farmac\u00e9uticos de lunes a s\u00e1bado de 11:00&#8230;<\/p>\n","protected":false},"author":3,"featured_media":15594,"comment_status":"closed","ping_status":"closed","sticky":false,"template":"","format":"standard","meta":{"_acf_changed":false,"footnotes":""},"categories":[80],"tags":[],"class_list":["post-15603","post","type-post","status-publish","format-standard","has-post-thumbnail","hentry","category-eventos-granada"],"acf":[],"yoast_head":"<!-- This site is optimized with the Yoast SEO plugin v27.4 - https:\/\/yoast.com\/product\/yoast-seo-wordpress\/ -->\n<title>P\u00e9ter B\u00f6jthe, una referencia del impresionismo - Inmsol Granada<\/title>\n<meta name=\"description\" content=\"P\u00e9ter B\u00f6jthe, pintor h\u00fangaro, influenciado del arte de Sorolla, actualmente es reconocido como uno de los grandes artistas contempor\u00e1neos impresionista de Europa. La exposici\u00f3n se podr\u00e1 ver en el colegio de Farmac\u00e9uticos de lunes a s\u00e1bado de 11:00 a 14:00 y de 19:00 a 22:00 horas. Domingos de 11:00 a 14:00 horas.\" \/>\n<meta name=\"robots\" content=\"index, follow, max-snippet:-1, max-image-preview:large, max-video-preview:-1\" \/>\n<link rel=\"canonical\" href=\"https:\/\/www.inmsol.com\/es\/blog-escuela\/eventos-granada\/peter-bojthe-una-referencia-del-impresionismo\/\" \/>\n<meta property=\"og:locale\" content=\"es_ES\" \/>\n<meta property=\"og:type\" content=\"article\" \/>\n<meta property=\"og:title\" content=\"P\u00e9ter B\u00f6jthe, una referencia del impresionismo - Inmsol Granada\" \/>\n<meta property=\"og:description\" content=\"P\u00e9ter B\u00f6jthe, pintor h\u00fangaro, influenciado del arte de Sorolla, actualmente es reconocido como uno de los grandes artistas contempor\u00e1neos impresionista de Europa. La exposici\u00f3n se podr\u00e1 ver en el colegio de Farmac\u00e9uticos de lunes a s\u00e1bado de 11:00 a 14:00 y de 19:00 a 22:00 horas. Domingos de 11:00 a 14:00 horas.\" \/>\n<meta property=\"og:url\" content=\"https:\/\/www.inmsol.com\/es\/blog-escuela\/eventos-granada\/peter-bojthe-una-referencia-del-impresionismo\/\" \/>\n<meta property=\"og:site_name\" content=\"iNMSOL\" \/>\n<meta property=\"article:publisher\" content=\"https:\/\/www.facebook.com\/spanishcourses\" \/>\n<meta property=\"article:published_time\" content=\"2015-05-19T09:57:45+00:00\" \/>\n<meta property=\"article:modified_time\" content=\"2019-04-23T20:48:54+00:00\" \/>\n<meta property=\"og:image\" content=\"https:\/\/www.inmsol.com\/wp-content\/uploads\/2015\/05\/p\u00e9ter-B\u00f6jthe-impresionismo1.png\" \/>\n\t<meta property=\"og:image:width\" content=\"768\" \/>\n\t<meta property=\"og:image:height\" content=\"614\" \/>\n\t<meta property=\"og:image:type\" content=\"image\/png\" \/>\n<meta name=\"author\" content=\"- Instituto Mediterr\u00e1neo Sol\" \/>\n<meta name=\"twitter:label1\" content=\"Escrito por\" \/>\n\t<meta name=\"twitter:data1\" content=\"- Instituto Mediterr\u00e1neo Sol\" \/>\n<script type=\"application\/ld+json\" class=\"yoast-schema-graph\">{\"@context\":\"https:\\\/\\\/schema.org\",\"@graph\":[{\"@type\":\"Article\",\"@id\":\"https:\\\/\\\/www.inmsol.com\\\/es\\\/blog-escuela\\\/eventos-granada\\\/peter-bojthe-una-referencia-del-impresionismo\\\/#article\",\"isPartOf\":{\"@id\":\"https:\\\/\\\/www.inmsol.com\\\/es\\\/blog-escuela\\\/eventos-granada\\\/peter-bojthe-una-referencia-del-impresionismo\\\/\"},\"author\":{\"name\":\"- Instituto Mediterr\u00e1neo Sol\",\"@id\":\"https:\\\/\\\/www.inmsol.com\\\/es\\\/#\\\/schema\\\/person\\\/94a7a01d14a56d1fbc49c841ffc57fe9\"},\"headline\":\"P\u00e9ter B\u00f6jthe, una referencia del impresionismo\",\"datePublished\":\"2015-05-19T09:57:45+00:00\",\"dateModified\":\"2019-04-23T20:48:54+00:00\",\"mainEntityOfPage\":{\"@id\":\"https:\\\/\\\/www.inmsol.com\\\/es\\\/blog-escuela\\\/eventos-granada\\\/peter-bojthe-una-referencia-del-impresionismo\\\/\"},\"wordCount\":68,\"publisher\":{\"@id\":\"https:\\\/\\\/www.inmsol.com\\\/es\\\/#organization\"},\"image\":{\"@id\":\"https:\\\/\\\/www.inmsol.com\\\/es\\\/blog-escuela\\\/eventos-granada\\\/peter-bojthe-una-referencia-del-impresionismo\\\/#primaryimage\"},\"thumbnailUrl\":\"https:\\\/\\\/www.inmsol.com\\\/wp-content\\\/uploads\\\/2015\\\/05\\\/p\u00e9ter-B\u00f6jthe-impresionismo1.png\",\"articleSection\":[\"Eventos en Granada\"],\"inLanguage\":\"es\"},{\"@type\":\"WebPage\",\"@id\":\"https:\\\/\\\/www.inmsol.com\\\/es\\\/blog-escuela\\\/eventos-granada\\\/peter-bojthe-una-referencia-del-impresionismo\\\/\",\"url\":\"https:\\\/\\\/www.inmsol.com\\\/es\\\/blog-escuela\\\/eventos-granada\\\/peter-bojthe-una-referencia-del-impresionismo\\\/\",\"name\":\"P\u00e9ter B\u00f6jthe, una referencia del impresionismo - Inmsol Granada\",\"isPartOf\":{\"@id\":\"https:\\\/\\\/www.inmsol.com\\\/es\\\/#website\"},\"primaryImageOfPage\":{\"@id\":\"https:\\\/\\\/www.inmsol.com\\\/es\\\/blog-escuela\\\/eventos-granada\\\/peter-bojthe-una-referencia-del-impresionismo\\\/#primaryimage\"},\"image\":{\"@id\":\"https:\\\/\\\/www.inmsol.com\\\/es\\\/blog-escuela\\\/eventos-granada\\\/peter-bojthe-una-referencia-del-impresionismo\\\/#primaryimage\"},\"thumbnailUrl\":\"https:\\\/\\\/www.inmsol.com\\\/wp-content\\\/uploads\\\/2015\\\/05\\\/p\u00e9ter-B\u00f6jthe-impresionismo1.png\",\"datePublished\":\"2015-05-19T09:57:45+00:00\",\"dateModified\":\"2019-04-23T20:48:54+00:00\",\"description\":\"P\u00e9ter B\u00f6jthe, pintor h\u00fangaro, influenciado del arte de Sorolla, actualmente es reconocido como uno de los grandes artistas contempor\u00e1neos impresionista de Europa. La exposici\u00f3n se podr\u00e1 ver en el colegio de Farmac\u00e9uticos de lunes a s\u00e1bado de 11:00 a 14:00 y de 19:00 a 22:00 horas. Domingos de 11:00 a 14:00 horas.\",\"breadcrumb\":{\"@id\":\"https:\\\/\\\/www.inmsol.com\\\/es\\\/blog-escuela\\\/eventos-granada\\\/peter-bojthe-una-referencia-del-impresionismo\\\/#breadcrumb\"},\"inLanguage\":\"es\",\"potentialAction\":[{\"@type\":\"ReadAction\",\"target\":[\"https:\\\/\\\/www.inmsol.com\\\/es\\\/blog-escuela\\\/eventos-granada\\\/peter-bojthe-una-referencia-del-impresionismo\\\/\"]}]},{\"@type\":\"ImageObject\",\"inLanguage\":\"es\",\"@id\":\"https:\\\/\\\/www.inmsol.com\\\/es\\\/blog-escuela\\\/eventos-granada\\\/peter-bojthe-una-referencia-del-impresionismo\\\/#primaryimage\",\"url\":\"https:\\\/\\\/www.inmsol.com\\\/wp-content\\\/uploads\\\/2015\\\/05\\\/p\u00e9ter-B\u00f6jthe-impresionismo1.png\",\"contentUrl\":\"https:\\\/\\\/www.inmsol.com\\\/wp-content\\\/uploads\\\/2015\\\/05\\\/p\u00e9ter-B\u00f6jthe-impresionismo1.png\",\"width\":768,\"height\":614},{\"@type\":\"BreadcrumbList\",\"@id\":\"https:\\\/\\\/www.inmsol.com\\\/es\\\/blog-escuela\\\/eventos-granada\\\/peter-bojthe-una-referencia-del-impresionismo\\\/#breadcrumb\",\"itemListElement\":[{\"@type\":\"ListItem\",\"position\":1,\"name\":\"Accredited Center by Instituto Cervantes\",\"item\":\"https:\\\/\\\/www.inmsol.com\\\/es\\\/pagina-ejemplo\\\/\"},{\"@type\":\"ListItem\",\"position\":2,\"name\":\"Blog Escuela Espa\u00f1ol\",\"item\":\"https:\\\/\\\/www.inmsol.com\\\/es\\\/category\\\/blog-escuela\\\/\"},{\"@type\":\"ListItem\",\"position\":3,\"name\":\"Eventos en Granada\",\"item\":\"https:\\\/\\\/www.inmsol.com\\\/es\\\/category\\\/blog-escuela\\\/eventos-granada\\\/\"},{\"@type\":\"ListItem\",\"position\":4,\"name\":\"P\u00e9ter B\u00f6jthe, una referencia del impresionismo\"}]},{\"@type\":\"WebSite\",\"@id\":\"https:\\\/\\\/www.inmsol.com\\\/es\\\/#website\",\"url\":\"https:\\\/\\\/www.inmsol.com\\\/es\\\/\",\"name\":\"iNMSOL\",\"description\":\"Aprenda Espa\u00f1ol con iNMSOL en Granada | Centro Acreditado por el Instituto Cervantes\",\"publisher\":{\"@id\":\"https:\\\/\\\/www.inmsol.com\\\/es\\\/#organization\"},\"potentialAction\":[{\"@type\":\"SearchAction\",\"target\":{\"@type\":\"EntryPoint\",\"urlTemplate\":\"https:\\\/\\\/www.inmsol.com\\\/es\\\/?s={search_term_string}\"},\"query-input\":{\"@type\":\"PropertyValueSpecification\",\"valueRequired\":true,\"valueName\":\"search_term_string\"}}],\"inLanguage\":\"es\"},{\"@type\":\"Organization\",\"@id\":\"https:\\\/\\\/www.inmsol.com\\\/es\\\/#organization\",\"name\":\"Instituto Mediterr\u00e1neo Sol\",\"url\":\"https:\\\/\\\/www.inmsol.com\\\/es\\\/\",\"logo\":{\"@type\":\"ImageObject\",\"inLanguage\":\"es\",\"@id\":\"https:\\\/\\\/www.inmsol.com\\\/es\\\/#\\\/schema\\\/logo\\\/image\\\/\",\"url\":\"https:\\\/\\\/www.inmsol.com\\\/wp-content\\\/uploads\\\/2023\\\/06\\\/logo-inmsol-1.png\",\"contentUrl\":\"https:\\\/\\\/www.inmsol.com\\\/wp-content\\\/uploads\\\/2023\\\/06\\\/logo-inmsol-1.png\",\"width\":136,\"height\":73,\"caption\":\"Instituto Mediterr\u00e1neo Sol\"},\"image\":{\"@id\":\"https:\\\/\\\/www.inmsol.com\\\/es\\\/#\\\/schema\\\/logo\\\/image\\\/\"},\"sameAs\":[\"https:\\\/\\\/www.facebook.com\\\/spanishcourses\",\"https:\\\/\\\/x.com\\\/StudyInGranada\",\"http:\\\/\\\/instagram.com\\\/imsolgranada\",\"https:\\\/\\\/es.linkedin.com\\\/company\\\/imsol-granada\",\"https:\\\/\\\/www.pinterest.es\\\/inmsol\\\/\",\"https:\\\/\\\/www.youtube.com\\\/channel\\\/UChz-Qn_7coFMosY85iYMO4g\"]},{\"@type\":\"Person\",\"@id\":\"https:\\\/\\\/www.inmsol.com\\\/es\\\/#\\\/schema\\\/person\\\/94a7a01d14a56d1fbc49c841ffc57fe9\",\"name\":\"- Instituto Mediterr\u00e1neo Sol\",\"image\":{\"@type\":\"ImageObject\",\"inLanguage\":\"es\",\"@id\":\"https:\\\/\\\/secure.gravatar.com\\\/avatar\\\/5607fdabdf1b548b6095cc3d43079829bc1497403e70dd34004e7204a8fef62b?s=96&d=mm&r=g\",\"url\":\"https:\\\/\\\/secure.gravatar.com\\\/avatar\\\/5607fdabdf1b548b6095cc3d43079829bc1497403e70dd34004e7204a8fef62b?s=96&d=mm&r=g\",\"contentUrl\":\"https:\\\/\\\/secure.gravatar.com\\\/avatar\\\/5607fdabdf1b548b6095cc3d43079829bc1497403e70dd34004e7204a8fef62b?s=96&d=mm&r=g\",\"caption\":\"- Instituto Mediterr\u00e1neo Sol\"},\"url\":\"https:\\\/\\\/www.inmsol.com\\\/es\\\/author\\\/laura\\\/\"}]}<\/script>\n<!-- \/ Yoast SEO plugin. -->","yoast_head_json":{"title":"P\u00e9ter B\u00f6jthe, una referencia del impresionismo - Inmsol Granada","description":"P\u00e9ter B\u00f6jthe, pintor h\u00fangaro, influenciado del arte de Sorolla, actualmente es reconocido como uno de los grandes artistas contempor\u00e1neos impresionista de Europa. La exposici\u00f3n se podr\u00e1 ver en el colegio de Farmac\u00e9uticos de lunes a s\u00e1bado de 11:00 a 14:00 y de 19:00 a 22:00 horas. Domingos de 11:00 a 14:00 horas.","robots":{"index":"index","follow":"follow","max-snippet":"max-snippet:-1","max-image-preview":"max-image-preview:large","max-video-preview":"max-video-preview:-1"},"canonical":"https:\/\/www.inmsol.com\/es\/blog-escuela\/eventos-granada\/peter-bojthe-una-referencia-del-impresionismo\/","og_locale":"es_ES","og_type":"article","og_title":"P\u00e9ter B\u00f6jthe, una referencia del impresionismo - Inmsol Granada","og_description":"P\u00e9ter B\u00f6jthe, pintor h\u00fangaro, influenciado del arte de Sorolla, actualmente es reconocido como uno de los grandes artistas contempor\u00e1neos impresionista de Europa. La exposici\u00f3n se podr\u00e1 ver en el colegio de Farmac\u00e9uticos de lunes a s\u00e1bado de 11:00 a 14:00 y de 19:00 a 22:00 horas. Domingos de 11:00 a 14:00 horas.","og_url":"https:\/\/www.inmsol.com\/es\/blog-escuela\/eventos-granada\/peter-bojthe-una-referencia-del-impresionismo\/","og_site_name":"iNMSOL","article_publisher":"https:\/\/www.facebook.com\/spanishcourses","article_published_time":"2015-05-19T09:57:45+00:00","article_modified_time":"2019-04-23T20:48:54+00:00","og_image":[{"width":768,"height":614,"url":"https:\/\/www.inmsol.com\/wp-content\/uploads\/2015\/05\/p\u00e9ter-B\u00f6jthe-impresionismo1.png","type":"image\/png"}],"author":"- Instituto Mediterr\u00e1neo Sol","twitter_misc":{"Escrito por":"- Instituto Mediterr\u00e1neo Sol"},"schema":{"@context":"https:\/\/schema.org","@graph":[{"@type":"Article","@id":"https:\/\/www.inmsol.com\/es\/blog-escuela\/eventos-granada\/peter-bojthe-una-referencia-del-impresionismo\/#article","isPartOf":{"@id":"https:\/\/www.inmsol.com\/es\/blog-escuela\/eventos-granada\/peter-bojthe-una-referencia-del-impresionismo\/"},"author":{"name":"- Instituto Mediterr\u00e1neo Sol","@id":"https:\/\/www.inmsol.com\/es\/#\/schema\/person\/94a7a01d14a56d1fbc49c841ffc57fe9"},"headline":"P\u00e9ter B\u00f6jthe, una referencia del impresionismo","datePublished":"2015-05-19T09:57:45+00:00","dateModified":"2019-04-23T20:48:54+00:00","mainEntityOfPage":{"@id":"https:\/\/www.inmsol.com\/es\/blog-escuela\/eventos-granada\/peter-bojthe-una-referencia-del-impresionismo\/"},"wordCount":68,"publisher":{"@id":"https:\/\/www.inmsol.com\/es\/#organization"},"image":{"@id":"https:\/\/www.inmsol.com\/es\/blog-escuela\/eventos-granada\/peter-bojthe-una-referencia-del-impresionismo\/#primaryimage"},"thumbnailUrl":"https:\/\/www.inmsol.com\/wp-content\/uploads\/2015\/05\/p\u00e9ter-B\u00f6jthe-impresionismo1.png","articleSection":["Eventos en Granada"],"inLanguage":"es"},{"@type":"WebPage","@id":"https:\/\/www.inmsol.com\/es\/blog-escuela\/eventos-granada\/peter-bojthe-una-referencia-del-impresionismo\/","url":"https:\/\/www.inmsol.com\/es\/blog-escuela\/eventos-granada\/peter-bojthe-una-referencia-del-impresionismo\/","name":"P\u00e9ter B\u00f6jthe, una referencia del impresionismo - Inmsol Granada","isPartOf":{"@id":"https:\/\/www.inmsol.com\/es\/#website"},"primaryImageOfPage":{"@id":"https:\/\/www.inmsol.com\/es\/blog-escuela\/eventos-granada\/peter-bojthe-una-referencia-del-impresionismo\/#primaryimage"},"image":{"@id":"https:\/\/www.inmsol.com\/es\/blog-escuela\/eventos-granada\/peter-bojthe-una-referencia-del-impresionismo\/#primaryimage"},"thumbnailUrl":"https:\/\/www.inmsol.com\/wp-content\/uploads\/2015\/05\/p\u00e9ter-B\u00f6jthe-impresionismo1.png","datePublished":"2015-05-19T09:57:45+00:00","dateModified":"2019-04-23T20:48:54+00:00","description":"P\u00e9ter B\u00f6jthe, pintor h\u00fangaro, influenciado del arte de Sorolla, actualmente es reconocido como uno de los grandes artistas contempor\u00e1neos impresionista de Europa. La exposici\u00f3n se podr\u00e1 ver en el colegio de Farmac\u00e9uticos de lunes a s\u00e1bado de 11:00 a 14:00 y de 19:00 a 22:00 horas. Domingos de 11:00 a 14:00 horas.","breadcrumb":{"@id":"https:\/\/www.inmsol.com\/es\/blog-escuela\/eventos-granada\/peter-bojthe-una-referencia-del-impresionismo\/#breadcrumb"},"inLanguage":"es","potentialAction":[{"@type":"ReadAction","target":["https:\/\/www.inmsol.com\/es\/blog-escuela\/eventos-granada\/peter-bojthe-una-referencia-del-impresionismo\/"]}]},{"@type":"ImageObject","inLanguage":"es","@id":"https:\/\/www.inmsol.com\/es\/blog-escuela\/eventos-granada\/peter-bojthe-una-referencia-del-impresionismo\/#primaryimage","url":"https:\/\/www.inmsol.com\/wp-content\/uploads\/2015\/05\/p\u00e9ter-B\u00f6jthe-impresionismo1.png","contentUrl":"https:\/\/www.inmsol.com\/wp-content\/uploads\/2015\/05\/p\u00e9ter-B\u00f6jthe-impresionismo1.png","width":768,"height":614},{"@type":"BreadcrumbList","@id":"https:\/\/www.inmsol.com\/es\/blog-escuela\/eventos-granada\/peter-bojthe-una-referencia-del-impresionismo\/#breadcrumb","itemListElement":[{"@type":"ListItem","position":1,"name":"Accredited Center by Instituto Cervantes","item":"https:\/\/www.inmsol.com\/es\/pagina-ejemplo\/"},{"@type":"ListItem","position":2,"name":"Blog Escuela Espa\u00f1ol","item":"https:\/\/www.inmsol.com\/es\/category\/blog-escuela\/"},{"@type":"ListItem","position":3,"name":"Eventos en Granada","item":"https:\/\/www.inmsol.com\/es\/category\/blog-escuela\/eventos-granada\/"},{"@type":"ListItem","position":4,"name":"P\u00e9ter B\u00f6jthe, una referencia del impresionismo"}]},{"@type":"WebSite","@id":"https:\/\/www.inmsol.com\/es\/#website","url":"https:\/\/www.inmsol.com\/es\/","name":"iNMSOL","description":"Aprenda Espa\u00f1ol con iNMSOL en Granada | Centro Acreditado por el Instituto Cervantes","publisher":{"@id":"https:\/\/www.inmsol.com\/es\/#organization"},"potentialAction":[{"@type":"SearchAction","target":{"@type":"EntryPoint","urlTemplate":"https:\/\/www.inmsol.com\/es\/?s={search_term_string}"},"query-input":{"@type":"PropertyValueSpecification","valueRequired":true,"valueName":"search_term_string"}}],"inLanguage":"es"},{"@type":"Organization","@id":"https:\/\/www.inmsol.com\/es\/#organization","name":"Instituto Mediterr\u00e1neo Sol","url":"https:\/\/www.inmsol.com\/es\/","logo":{"@type":"ImageObject","inLanguage":"es","@id":"https:\/\/www.inmsol.com\/es\/#\/schema\/logo\/image\/","url":"https:\/\/www.inmsol.com\/wp-content\/uploads\/2023\/06\/logo-inmsol-1.png","contentUrl":"https:\/\/www.inmsol.com\/wp-content\/uploads\/2023\/06\/logo-inmsol-1.png","width":136,"height":73,"caption":"Instituto Mediterr\u00e1neo Sol"},"image":{"@id":"https:\/\/www.inmsol.com\/es\/#\/schema\/logo\/image\/"},"sameAs":["https:\/\/www.facebook.com\/spanishcourses","https:\/\/x.com\/StudyInGranada","http:\/\/instagram.com\/imsolgranada","https:\/\/es.linkedin.com\/company\/imsol-granada","https:\/\/www.pinterest.es\/inmsol\/","https:\/\/www.youtube.com\/channel\/UChz-Qn_7coFMosY85iYMO4g"]},{"@type":"Person","@id":"https:\/\/www.inmsol.com\/es\/#\/schema\/person\/94a7a01d14a56d1fbc49c841ffc57fe9","name":"- Instituto Mediterr\u00e1neo Sol","image":{"@type":"ImageObject","inLanguage":"es","@id":"https:\/\/secure.gravatar.com\/avatar\/5607fdabdf1b548b6095cc3d43079829bc1497403e70dd34004e7204a8fef62b?s=96&d=mm&r=g","url":"https:\/\/secure.gravatar.com\/avatar\/5607fdabdf1b548b6095cc3d43079829bc1497403e70dd34004e7204a8fef62b?s=96&d=mm&r=g","contentUrl":"https:\/\/secure.gravatar.com\/avatar\/5607fdabdf1b548b6095cc3d43079829bc1497403e70dd34004e7204a8fef62b?s=96&d=mm&r=g","caption":"- Instituto Mediterr\u00e1neo Sol"},"url":"https:\/\/www.inmsol.com\/es\/author\/laura\/"}]}},"_links":{"self":[{"href":"https:\/\/www.inmsol.com\/es\/wp-json\/wp\/v2\/posts\/15603","targetHints":{"allow":["GET"]}}],"collection":[{"href":"https:\/\/www.inmsol.com\/es\/wp-json\/wp\/v2\/posts"}],"about":[{"href":"https:\/\/www.inmsol.com\/es\/wp-json\/wp\/v2\/types\/post"}],"author":[{"embeddable":true,"href":"https:\/\/www.inmsol.com\/es\/wp-json\/wp\/v2\/users\/3"}],"replies":[{"embeddable":true,"href":"https:\/\/www.inmsol.com\/es\/wp-json\/wp\/v2\/comments?post=15603"}],"version-history":[{"count":0,"href":"https:\/\/www.inmsol.com\/es\/wp-json\/wp\/v2\/posts\/15603\/revisions"}],"wp:featuredmedia":[{"embeddable":true,"href":"https:\/\/www.inmsol.com\/es\/wp-json\/wp\/v2\/media\/15594"}],"wp:attachment":[{"href":"https:\/\/www.inmsol.com\/es\/wp-json\/wp\/v2\/media?parent=15603"}],"wp:term":[{"taxonomy":"category","embeddable":true,"href":"https:\/\/www.inmsol.com\/es\/wp-json\/wp\/v2\/categories?post=15603"},{"taxonomy":"post_tag","embeddable":true,"href":"https:\/\/www.inmsol.com\/es\/wp-json\/wp\/v2\/tags?post=15603"}],"curies":[{"name":"wp","href":"https:\/\/api.w.org\/{rel}","templated":true}]}}