{"id":15737,"date":"2015-06-08T09:26:03","date_gmt":"2015-06-08T07:26:03","guid":{"rendered":"https:\/\/www.inmsol.com\/?p=15737"},"modified":"2023-03-09T12:09:05","modified_gmt":"2023-03-09T11:09:05","slug":"grupo-de-estudiantes-suizos","status":"publish","type":"post","link":"https:\/\/www.inmsol.com\/es\/blog-escuela\/espanol-grupos\/grupo-de-estudiantes-suizos\/","title":{"rendered":"Grupo de estudiantes suizos"},"content":{"rendered":"<p><strong><a href=\"https:\/\/www.inmsol.com\/es\/cursos-espanol-espana\/cursos-espanol-grupos\/\" target=\"_blank\" rel=\"noopener\">Otro grupo m\u00e1s de estudiantes<\/a><\/strong> lleg\u00f3 la semana pasada a <strong><a href=\"https:\/\/www.inmsol.com\/es\/\" target=\"_blank\" rel=\"noopener\">Instituto Mediterr\u00e1neo Sol<\/a><\/strong>. Estos chicos de Suiza han pasado una semana en <strong><a href=\"https:\/\/www.inmsol.com\/es\/granada\/\" target=\"_blank\" rel=\"noopener\">Granada<\/a><\/strong>, viviendo con nuestras <strong><a href=\"https:\/\/www.inmsol.com\/es\/alojamiento-para-estudiantes-granada-espana\/\" target=\"_blank\" rel=\"noopener\">familias de acogida<\/a><\/strong> y realizando un <strong><a href=\"https:\/\/www.inmsol.com\/es\/cursos-espanol-espana\/granada\/intensivo-4-clases-dia\/\" target=\"_blank\" rel=\"noopener\">curso de espa\u00f1ol intensivo<\/a><\/strong> en nuestra academia. \u00a1Y s\u00ed que ha sido una semana muy intensa para ellos! Han sabido combinar a la perfecci\u00f3n su curso de espa\u00f1ol con muchas actividades extraescolares por la ciudad, \u00a1no han parado!<\/p>\n<p>Mientras que Granada celebraba sus fiestas m\u00e1s importantes del a\u00f1o (<strong><a href=\"https:\/\/www.inmsol.com\/es\/blog-escuela\/eventos-granada\/feria-del-corpus-christi-en-granada\/\" target=\"_blank\" rel=\"noopener\">la Feria del Corpus Christi<\/a><\/strong>), nuestros estudiantes suizos participaron de esos festejos disfrutando del ambiente de feria por las calles durante sus excursiones a los barrios hist\u00f3ricos del <a href=\"http:\/\/www.albaicin-granada.com\/\" target=\"_blank\" rel=\"noopener\"><strong>Albaic\u00edn<\/strong> <\/a>y del <strong>Sacromonte<\/strong>. Incluso se tomaron un d\u00eda libre para visitar la costa&#8230; \u00a1el clima era perfecto para pasar un d\u00eda de playa!<\/p>\n<p>Seg\u00fan ellos, el <strong><a href=\"https:\/\/www.inmsol.com\/es\/blog-escuela\/imagenes-20-anos-de-ballet-flamenco-de-andalucia\/\" target=\"_blank\" rel=\"noopener\">taller de Flamenco y Sevillanas<\/a><img fetchpriority=\"high\" decoding=\"async\" class=\"alignright size-medium wp-image-15730\" src=\"https:\/\/www.inmsol.com\/wp-content\/uploads\/2015\/06\/IMG-20150603-WA0026-460x259.jpg\" alt=\"\" width=\"460\" height=\"259\" srcset=\"https:\/\/www.inmsol.com\/wp-content\/uploads\/2015\/06\/IMG-20150603-WA0026-460x259.jpg 460w, https:\/\/www.inmsol.com\/wp-content\/uploads\/2015\/06\/IMG-20150603-WA0026-800x451.jpg 800w, https:\/\/www.inmsol.com\/wp-content\/uploads\/2015\/06\/IMG-20150603-WA0026-64x36.jpg 64w, https:\/\/www.inmsol.com\/wp-content\/uploads\/2015\/06\/IMG-20150603-WA0026-1024x577.jpg 1024w, https:\/\/www.inmsol.com\/wp-content\/uploads\/2015\/06\/IMG-20150603-WA0026-200x113.jpg 200w, https:\/\/www.inmsol.com\/wp-content\/uploads\/2015\/06\/IMG-20150603-WA0026-250x141.jpg 250w, https:\/\/www.inmsol.com\/wp-content\/uploads\/2015\/06\/IMG-20150603-WA0026-600x338.jpg 600w, https:\/\/www.inmsol.com\/wp-content\/uploads\/2015\/06\/IMG-20150603-WA0026.jpg 1136w\" sizes=\"(max-width: 460px) 100vw, 460px\" \/><\/strong> ha sido una de las actividades m\u00e1s emocionantes que han llevado a cabo. En \u00e9l les ense\u00f1aron algunos de los pasos b\u00e1sicos de estos t\u00edpicos bailes espa\u00f1oles, y pasaron un rato estupendo practic\u00e1ndolos y aprendiendo sobre nuestra cultura.<\/p>\n<p>\u00a1Nos gustar\u00eda darles las gracias a todos! Han sido un grupo maravilloso, y nos han hecho pasar una semana incre\u00edble. \u00a1Ojal\u00e1 y nos volvamos a ver pronto!<\/p>\n<p>\u00a1\u00a1Hasta siempre!!<\/p>\n","protected":false},"excerpt":{"rendered":"<p>Otro grupo m\u00e1s de estudiantes lleg\u00f3 la semana pasada a Instituto Mediterr\u00e1neo Sol. Estos chicos de Suiza han pasado una semana en Granada, viviendo con nuestras familias de acogida y realizando un curso de espa\u00f1ol intensivo en nuestra academia. \u00a1Y s\u00ed que ha sido una&#8230;<\/p>\n","protected":false},"author":3,"featured_media":15717,"comment_status":"closed","ping_status":"closed","sticky":false,"template":"","format":"standard","meta":{"_acf_changed":false,"footnotes":""},"categories":[84],"tags":[],"class_list":["post-15737","post","type-post","status-publish","format-standard","has-post-thumbnail","hentry","category-espanol-grupos"],"acf":[],"yoast_head":"<!-- This site is optimized with the Yoast SEO plugin v27.5 - https:\/\/yoast.com\/product\/yoast-seo-wordpress\/ -->\n<title>Grupo de estudiantes suizos &#8226; iNMSOL<\/title>\n<meta name=\"description\" content=\"Otro grupo m\u00e1s de estudiantes lleg\u00f3 la semana pasada a Instituto Mediterr\u00e1neo Sol. Estos chicos de Suiza han pasado una semana en Granada.\" \/>\n<meta name=\"robots\" content=\"index, follow, max-snippet:-1, max-image-preview:large, max-video-preview:-1\" \/>\n<link rel=\"canonical\" href=\"https:\/\/www.inmsol.com\/es\/blog-escuela\/espanol-grupos\/grupo-de-estudiantes-suizos\/\" \/>\n<meta property=\"og:locale\" content=\"es_ES\" \/>\n<meta property=\"og:type\" content=\"article\" \/>\n<meta property=\"og:title\" content=\"Grupo de estudiantes suizos &#8226; iNMSOL\" \/>\n<meta property=\"og:description\" content=\"Otro grupo m\u00e1s de estudiantes lleg\u00f3 la semana pasada a Instituto Mediterr\u00e1neo Sol. Estos chicos de Suiza han pasado una semana en Granada.\" \/>\n<meta property=\"og:url\" content=\"https:\/\/www.inmsol.com\/es\/blog-escuela\/espanol-grupos\/grupo-de-estudiantes-suizos\/\" \/>\n<meta property=\"og:site_name\" content=\"iNMSOL\" \/>\n<meta property=\"article:publisher\" content=\"https:\/\/www.facebook.com\/spanishcourses\" \/>\n<meta property=\"article:published_time\" content=\"2015-06-08T07:26:03+00:00\" \/>\n<meta property=\"article:modified_time\" content=\"2023-03-09T11:09:05+00:00\" \/>\n<meta property=\"og:image\" content=\"https:\/\/www.inmsol.com\/wp-content\/uploads\/2015\/06\/IMG-20150603-WA0009.jpg\" \/>\n\t<meta property=\"og:image:width\" content=\"960\" \/>\n\t<meta property=\"og:image:height\" content=\"1280\" \/>\n\t<meta property=\"og:image:type\" content=\"image\/jpeg\" \/>\n<meta name=\"author\" content=\"- Instituto Mediterr\u00e1neo Sol\" \/>\n<meta name=\"twitter:label1\" content=\"Escrito por\" \/>\n\t<meta name=\"twitter:data1\" content=\"- Instituto Mediterr\u00e1neo Sol\" \/>\n\t<meta name=\"twitter:label2\" content=\"Tiempo de lectura\" \/>\n\t<meta name=\"twitter:data2\" content=\"1 minuto\" \/>\n<script type=\"application\/ld+json\" class=\"yoast-schema-graph\">{\"@context\":\"https:\\\/\\\/schema.org\",\"@graph\":[{\"@type\":\"Article\",\"@id\":\"https:\\\/\\\/www.inmsol.com\\\/es\\\/blog-escuela\\\/espanol-grupos\\\/grupo-de-estudiantes-suizos\\\/#article\",\"isPartOf\":{\"@id\":\"https:\\\/\\\/www.inmsol.com\\\/es\\\/blog-escuela\\\/espanol-grupos\\\/grupo-de-estudiantes-suizos\\\/\"},\"author\":{\"name\":\"- Instituto Mediterr\u00e1neo Sol\",\"@id\":\"https:\\\/\\\/www.inmsol.com\\\/es\\\/#\\\/schema\\\/person\\\/94a7a01d14a56d1fbc49c841ffc57fe9\"},\"headline\":\"Grupo de estudiantes suizos\",\"datePublished\":\"2015-06-08T07:26:03+00:00\",\"dateModified\":\"2023-03-09T11:09:05+00:00\",\"mainEntityOfPage\":{\"@id\":\"https:\\\/\\\/www.inmsol.com\\\/es\\\/blog-escuela\\\/espanol-grupos\\\/grupo-de-estudiantes-suizos\\\/\"},\"wordCount\":231,\"publisher\":{\"@id\":\"https:\\\/\\\/www.inmsol.com\\\/es\\\/#organization\"},\"image\":{\"@id\":\"https:\\\/\\\/www.inmsol.com\\\/es\\\/blog-escuela\\\/espanol-grupos\\\/grupo-de-estudiantes-suizos\\\/#primaryimage\"},\"thumbnailUrl\":\"https:\\\/\\\/www.inmsol.com\\\/wp-content\\\/uploads\\\/2015\\\/06\\\/IMG-20150603-WA0009.jpg\",\"articleSection\":[\"Espa\u00f1ol para grupos\"],\"inLanguage\":\"es\"},{\"@type\":\"WebPage\",\"@id\":\"https:\\\/\\\/www.inmsol.com\\\/es\\\/blog-escuela\\\/espanol-grupos\\\/grupo-de-estudiantes-suizos\\\/\",\"url\":\"https:\\\/\\\/www.inmsol.com\\\/es\\\/blog-escuela\\\/espanol-grupos\\\/grupo-de-estudiantes-suizos\\\/\",\"name\":\"Grupo de estudiantes suizos &#8226; iNMSOL\",\"isPartOf\":{\"@id\":\"https:\\\/\\\/www.inmsol.com\\\/es\\\/#website\"},\"primaryImageOfPage\":{\"@id\":\"https:\\\/\\\/www.inmsol.com\\\/es\\\/blog-escuela\\\/espanol-grupos\\\/grupo-de-estudiantes-suizos\\\/#primaryimage\"},\"image\":{\"@id\":\"https:\\\/\\\/www.inmsol.com\\\/es\\\/blog-escuela\\\/espanol-grupos\\\/grupo-de-estudiantes-suizos\\\/#primaryimage\"},\"thumbnailUrl\":\"https:\\\/\\\/www.inmsol.com\\\/wp-content\\\/uploads\\\/2015\\\/06\\\/IMG-20150603-WA0009.jpg\",\"datePublished\":\"2015-06-08T07:26:03+00:00\",\"dateModified\":\"2023-03-09T11:09:05+00:00\",\"description\":\"Otro grupo m\u00e1s de estudiantes lleg\u00f3 la semana pasada a Instituto Mediterr\u00e1neo Sol. Estos chicos de Suiza han pasado una semana en Granada.\",\"breadcrumb\":{\"@id\":\"https:\\\/\\\/www.inmsol.com\\\/es\\\/blog-escuela\\\/espanol-grupos\\\/grupo-de-estudiantes-suizos\\\/#breadcrumb\"},\"inLanguage\":\"es\",\"potentialAction\":[{\"@type\":\"ReadAction\",\"target\":[\"https:\\\/\\\/www.inmsol.com\\\/es\\\/blog-escuela\\\/espanol-grupos\\\/grupo-de-estudiantes-suizos\\\/\"]}]},{\"@type\":\"ImageObject\",\"inLanguage\":\"es\",\"@id\":\"https:\\\/\\\/www.inmsol.com\\\/es\\\/blog-escuela\\\/espanol-grupos\\\/grupo-de-estudiantes-suizos\\\/#primaryimage\",\"url\":\"https:\\\/\\\/www.inmsol.com\\\/wp-content\\\/uploads\\\/2015\\\/06\\\/IMG-20150603-WA0009.jpg\",\"contentUrl\":\"https:\\\/\\\/www.inmsol.com\\\/wp-content\\\/uploads\\\/2015\\\/06\\\/IMG-20150603-WA0009.jpg\",\"width\":960,\"height\":1280},{\"@type\":\"BreadcrumbList\",\"@id\":\"https:\\\/\\\/www.inmsol.com\\\/es\\\/blog-escuela\\\/espanol-grupos\\\/grupo-de-estudiantes-suizos\\\/#breadcrumb\",\"itemListElement\":[{\"@type\":\"ListItem\",\"position\":1,\"name\":\"Accredited Center by Instituto Cervantes\",\"item\":\"https:\\\/\\\/www.inmsol.com\\\/es\\\/pagina-ejemplo\\\/\"},{\"@type\":\"ListItem\",\"position\":2,\"name\":\"Blog Escuela Espa\u00f1ol\",\"item\":\"https:\\\/\\\/www.inmsol.com\\\/es\\\/category\\\/blog-escuela\\\/\"},{\"@type\":\"ListItem\",\"position\":3,\"name\":\"Espa\u00f1ol para grupos\",\"item\":\"https:\\\/\\\/www.inmsol.com\\\/es\\\/category\\\/blog-escuela\\\/espanol-grupos\\\/\"},{\"@type\":\"ListItem\",\"position\":4,\"name\":\"Grupo de estudiantes suizos\"}]},{\"@type\":\"WebSite\",\"@id\":\"https:\\\/\\\/www.inmsol.com\\\/es\\\/#website\",\"url\":\"https:\\\/\\\/www.inmsol.com\\\/es\\\/\",\"name\":\"iNMSOL\",\"description\":\"Aprenda Espa\u00f1ol con iNMSOL en Granada | Centro Acreditado por el Instituto Cervantes\",\"publisher\":{\"@id\":\"https:\\\/\\\/www.inmsol.com\\\/es\\\/#organization\"},\"potentialAction\":[{\"@type\":\"SearchAction\",\"target\":{\"@type\":\"EntryPoint\",\"urlTemplate\":\"https:\\\/\\\/www.inmsol.com\\\/es\\\/?s={search_term_string}\"},\"query-input\":{\"@type\":\"PropertyValueSpecification\",\"valueRequired\":true,\"valueName\":\"search_term_string\"}}],\"inLanguage\":\"es\"},{\"@type\":\"Organization\",\"@id\":\"https:\\\/\\\/www.inmsol.com\\\/es\\\/#organization\",\"name\":\"Instituto Mediterr\u00e1neo Sol\",\"url\":\"https:\\\/\\\/www.inmsol.com\\\/es\\\/\",\"logo\":{\"@type\":\"ImageObject\",\"inLanguage\":\"es\",\"@id\":\"https:\\\/\\\/www.inmsol.com\\\/es\\\/#\\\/schema\\\/logo\\\/image\\\/\",\"url\":\"https:\\\/\\\/www.inmsol.com\\\/wp-content\\\/uploads\\\/2023\\\/06\\\/logo-inmsol-1.png\",\"contentUrl\":\"https:\\\/\\\/www.inmsol.com\\\/wp-content\\\/uploads\\\/2023\\\/06\\\/logo-inmsol-1.png\",\"width\":136,\"height\":73,\"caption\":\"Instituto Mediterr\u00e1neo Sol\"},\"image\":{\"@id\":\"https:\\\/\\\/www.inmsol.com\\\/es\\\/#\\\/schema\\\/logo\\\/image\\\/\"},\"sameAs\":[\"https:\\\/\\\/www.facebook.com\\\/spanishcourses\",\"https:\\\/\\\/x.com\\\/StudyInGranada\",\"http:\\\/\\\/instagram.com\\\/imsolgranada\",\"https:\\\/\\\/es.linkedin.com\\\/company\\\/imsol-granada\",\"https:\\\/\\\/www.pinterest.es\\\/inmsol\\\/\",\"https:\\\/\\\/www.youtube.com\\\/channel\\\/UChz-Qn_7coFMosY85iYMO4g\"]},{\"@type\":\"Person\",\"@id\":\"https:\\\/\\\/www.inmsol.com\\\/es\\\/#\\\/schema\\\/person\\\/94a7a01d14a56d1fbc49c841ffc57fe9\",\"name\":\"- Instituto Mediterr\u00e1neo Sol\",\"image\":{\"@type\":\"ImageObject\",\"inLanguage\":\"es\",\"@id\":\"https:\\\/\\\/secure.gravatar.com\\\/avatar\\\/5607fdabdf1b548b6095cc3d43079829bc1497403e70dd34004e7204a8fef62b?s=96&d=mm&r=g\",\"url\":\"https:\\\/\\\/secure.gravatar.com\\\/avatar\\\/5607fdabdf1b548b6095cc3d43079829bc1497403e70dd34004e7204a8fef62b?s=96&d=mm&r=g\",\"contentUrl\":\"https:\\\/\\\/secure.gravatar.com\\\/avatar\\\/5607fdabdf1b548b6095cc3d43079829bc1497403e70dd34004e7204a8fef62b?s=96&d=mm&r=g\",\"caption\":\"- Instituto Mediterr\u00e1neo Sol\"},\"url\":\"https:\\\/\\\/www.inmsol.com\\\/es\\\/author\\\/laura\\\/\"}]}<\/script>\n<!-- \/ Yoast SEO plugin. -->","yoast_head_json":{"title":"Grupo de estudiantes suizos &#8226; iNMSOL","description":"Otro grupo m\u00e1s de estudiantes lleg\u00f3 la semana pasada a Instituto Mediterr\u00e1neo Sol. Estos chicos de Suiza han pasado una semana en Granada.","robots":{"index":"index","follow":"follow","max-snippet":"max-snippet:-1","max-image-preview":"max-image-preview:large","max-video-preview":"max-video-preview:-1"},"canonical":"https:\/\/www.inmsol.com\/es\/blog-escuela\/espanol-grupos\/grupo-de-estudiantes-suizos\/","og_locale":"es_ES","og_type":"article","og_title":"Grupo de estudiantes suizos &#8226; iNMSOL","og_description":"Otro grupo m\u00e1s de estudiantes lleg\u00f3 la semana pasada a Instituto Mediterr\u00e1neo Sol. Estos chicos de Suiza han pasado una semana en Granada.","og_url":"https:\/\/www.inmsol.com\/es\/blog-escuela\/espanol-grupos\/grupo-de-estudiantes-suizos\/","og_site_name":"iNMSOL","article_publisher":"https:\/\/www.facebook.com\/spanishcourses","article_published_time":"2015-06-08T07:26:03+00:00","article_modified_time":"2023-03-09T11:09:05+00:00","og_image":[{"width":960,"height":1280,"url":"https:\/\/www.inmsol.com\/wp-content\/uploads\/2015\/06\/IMG-20150603-WA0009.jpg","type":"image\/jpeg"}],"author":"- Instituto Mediterr\u00e1neo Sol","twitter_misc":{"Escrito por":"- Instituto Mediterr\u00e1neo Sol","Tiempo de lectura":"1 minuto"},"schema":{"@context":"https:\/\/schema.org","@graph":[{"@type":"Article","@id":"https:\/\/www.inmsol.com\/es\/blog-escuela\/espanol-grupos\/grupo-de-estudiantes-suizos\/#article","isPartOf":{"@id":"https:\/\/www.inmsol.com\/es\/blog-escuela\/espanol-grupos\/grupo-de-estudiantes-suizos\/"},"author":{"name":"- Instituto Mediterr\u00e1neo Sol","@id":"https:\/\/www.inmsol.com\/es\/#\/schema\/person\/94a7a01d14a56d1fbc49c841ffc57fe9"},"headline":"Grupo de estudiantes suizos","datePublished":"2015-06-08T07:26:03+00:00","dateModified":"2023-03-09T11:09:05+00:00","mainEntityOfPage":{"@id":"https:\/\/www.inmsol.com\/es\/blog-escuela\/espanol-grupos\/grupo-de-estudiantes-suizos\/"},"wordCount":231,"publisher":{"@id":"https:\/\/www.inmsol.com\/es\/#organization"},"image":{"@id":"https:\/\/www.inmsol.com\/es\/blog-escuela\/espanol-grupos\/grupo-de-estudiantes-suizos\/#primaryimage"},"thumbnailUrl":"https:\/\/www.inmsol.com\/wp-content\/uploads\/2015\/06\/IMG-20150603-WA0009.jpg","articleSection":["Espa\u00f1ol para grupos"],"inLanguage":"es"},{"@type":"WebPage","@id":"https:\/\/www.inmsol.com\/es\/blog-escuela\/espanol-grupos\/grupo-de-estudiantes-suizos\/","url":"https:\/\/www.inmsol.com\/es\/blog-escuela\/espanol-grupos\/grupo-de-estudiantes-suizos\/","name":"Grupo de estudiantes suizos &#8226; iNMSOL","isPartOf":{"@id":"https:\/\/www.inmsol.com\/es\/#website"},"primaryImageOfPage":{"@id":"https:\/\/www.inmsol.com\/es\/blog-escuela\/espanol-grupos\/grupo-de-estudiantes-suizos\/#primaryimage"},"image":{"@id":"https:\/\/www.inmsol.com\/es\/blog-escuela\/espanol-grupos\/grupo-de-estudiantes-suizos\/#primaryimage"},"thumbnailUrl":"https:\/\/www.inmsol.com\/wp-content\/uploads\/2015\/06\/IMG-20150603-WA0009.jpg","datePublished":"2015-06-08T07:26:03+00:00","dateModified":"2023-03-09T11:09:05+00:00","description":"Otro grupo m\u00e1s de estudiantes lleg\u00f3 la semana pasada a Instituto Mediterr\u00e1neo Sol. Estos chicos de Suiza han pasado una semana en Granada.","breadcrumb":{"@id":"https:\/\/www.inmsol.com\/es\/blog-escuela\/espanol-grupos\/grupo-de-estudiantes-suizos\/#breadcrumb"},"inLanguage":"es","potentialAction":[{"@type":"ReadAction","target":["https:\/\/www.inmsol.com\/es\/blog-escuela\/espanol-grupos\/grupo-de-estudiantes-suizos\/"]}]},{"@type":"ImageObject","inLanguage":"es","@id":"https:\/\/www.inmsol.com\/es\/blog-escuela\/espanol-grupos\/grupo-de-estudiantes-suizos\/#primaryimage","url":"https:\/\/www.inmsol.com\/wp-content\/uploads\/2015\/06\/IMG-20150603-WA0009.jpg","contentUrl":"https:\/\/www.inmsol.com\/wp-content\/uploads\/2015\/06\/IMG-20150603-WA0009.jpg","width":960,"height":1280},{"@type":"BreadcrumbList","@id":"https:\/\/www.inmsol.com\/es\/blog-escuela\/espanol-grupos\/grupo-de-estudiantes-suizos\/#breadcrumb","itemListElement":[{"@type":"ListItem","position":1,"name":"Accredited Center by Instituto Cervantes","item":"https:\/\/www.inmsol.com\/es\/pagina-ejemplo\/"},{"@type":"ListItem","position":2,"name":"Blog Escuela Espa\u00f1ol","item":"https:\/\/www.inmsol.com\/es\/category\/blog-escuela\/"},{"@type":"ListItem","position":3,"name":"Espa\u00f1ol para grupos","item":"https:\/\/www.inmsol.com\/es\/category\/blog-escuela\/espanol-grupos\/"},{"@type":"ListItem","position":4,"name":"Grupo de estudiantes suizos"}]},{"@type":"WebSite","@id":"https:\/\/www.inmsol.com\/es\/#website","url":"https:\/\/www.inmsol.com\/es\/","name":"iNMSOL","description":"Aprenda Espa\u00f1ol con iNMSOL en Granada | Centro Acreditado por el Instituto Cervantes","publisher":{"@id":"https:\/\/www.inmsol.com\/es\/#organization"},"potentialAction":[{"@type":"SearchAction","target":{"@type":"EntryPoint","urlTemplate":"https:\/\/www.inmsol.com\/es\/?s={search_term_string}"},"query-input":{"@type":"PropertyValueSpecification","valueRequired":true,"valueName":"search_term_string"}}],"inLanguage":"es"},{"@type":"Organization","@id":"https:\/\/www.inmsol.com\/es\/#organization","name":"Instituto Mediterr\u00e1neo Sol","url":"https:\/\/www.inmsol.com\/es\/","logo":{"@type":"ImageObject","inLanguage":"es","@id":"https:\/\/www.inmsol.com\/es\/#\/schema\/logo\/image\/","url":"https:\/\/www.inmsol.com\/wp-content\/uploads\/2023\/06\/logo-inmsol-1.png","contentUrl":"https:\/\/www.inmsol.com\/wp-content\/uploads\/2023\/06\/logo-inmsol-1.png","width":136,"height":73,"caption":"Instituto Mediterr\u00e1neo Sol"},"image":{"@id":"https:\/\/www.inmsol.com\/es\/#\/schema\/logo\/image\/"},"sameAs":["https:\/\/www.facebook.com\/spanishcourses","https:\/\/x.com\/StudyInGranada","http:\/\/instagram.com\/imsolgranada","https:\/\/es.linkedin.com\/company\/imsol-granada","https:\/\/www.pinterest.es\/inmsol\/","https:\/\/www.youtube.com\/channel\/UChz-Qn_7coFMosY85iYMO4g"]},{"@type":"Person","@id":"https:\/\/www.inmsol.com\/es\/#\/schema\/person\/94a7a01d14a56d1fbc49c841ffc57fe9","name":"- Instituto Mediterr\u00e1neo Sol","image":{"@type":"ImageObject","inLanguage":"es","@id":"https:\/\/secure.gravatar.com\/avatar\/5607fdabdf1b548b6095cc3d43079829bc1497403e70dd34004e7204a8fef62b?s=96&d=mm&r=g","url":"https:\/\/secure.gravatar.com\/avatar\/5607fdabdf1b548b6095cc3d43079829bc1497403e70dd34004e7204a8fef62b?s=96&d=mm&r=g","contentUrl":"https:\/\/secure.gravatar.com\/avatar\/5607fdabdf1b548b6095cc3d43079829bc1497403e70dd34004e7204a8fef62b?s=96&d=mm&r=g","caption":"- Instituto Mediterr\u00e1neo Sol"},"url":"https:\/\/www.inmsol.com\/es\/author\/laura\/"}]}},"_links":{"self":[{"href":"https:\/\/www.inmsol.com\/es\/wp-json\/wp\/v2\/posts\/15737","targetHints":{"allow":["GET"]}}],"collection":[{"href":"https:\/\/www.inmsol.com\/es\/wp-json\/wp\/v2\/posts"}],"about":[{"href":"https:\/\/www.inmsol.com\/es\/wp-json\/wp\/v2\/types\/post"}],"author":[{"embeddable":true,"href":"https:\/\/www.inmsol.com\/es\/wp-json\/wp\/v2\/users\/3"}],"replies":[{"embeddable":true,"href":"https:\/\/www.inmsol.com\/es\/wp-json\/wp\/v2\/comments?post=15737"}],"version-history":[{"count":0,"href":"https:\/\/www.inmsol.com\/es\/wp-json\/wp\/v2\/posts\/15737\/revisions"}],"wp:featuredmedia":[{"embeddable":true,"href":"https:\/\/www.inmsol.com\/es\/wp-json\/wp\/v2\/media\/15717"}],"wp:attachment":[{"href":"https:\/\/www.inmsol.com\/es\/wp-json\/wp\/v2\/media?parent=15737"}],"wp:term":[{"taxonomy":"category","embeddable":true,"href":"https:\/\/www.inmsol.com\/es\/wp-json\/wp\/v2\/categories?post=15737"},{"taxonomy":"post_tag","embeddable":true,"href":"https:\/\/www.inmsol.com\/es\/wp-json\/wp\/v2\/tags?post=15737"}],"curies":[{"name":"wp","href":"https:\/\/api.w.org\/{rel}","templated":true}]}}