{"id":16168,"date":"2015-07-08T14:32:23","date_gmt":"2015-07-08T12:32:23","guid":{"rendered":"https:\/\/www.inmsol.com\/?p=16168"},"modified":"2022-10-06T09:17:40","modified_gmt":"2022-10-06T07:17:40","slug":"los-alamos-beach-festival","status":"publish","type":"post","link":"https:\/\/www.inmsol.com\/es\/blog-escuela\/noticias\/los-alamos-beach-festival\/","title":{"rendered":"Los \u00c1lamos Beach Festival"},"content":{"rendered":"<p>Hoy tenemos una noticia para los j\u00f3venes amantes de la m\u00fasica y de la playa. Los \u00c1lamos Beach Festival es un festival que se celebra en verano en la playa de Los \u00c1lamos, una de las playas m\u00e1s bonitas de Torremolinos, en la Costa del Sol de la provincia de M\u00e1laga.<\/p>\n<p>En los a\u00f1os &#8217;70 Torremolinos representaba el destino preferido por la jet set y los actores de Hollywood y lo que quiere realizar el festival de este verano es reunir el esp\u00edritu del pasado con lo del presente a trav\u00e9s de la m\u00fasica. El festival dura cuatro d\u00edas, 16, 17,18 y 19 de julio; d\u00edas en los cuales lo j\u00f3venes vivir\u00e1n conciertos y puestas del sol inolvidables.<\/p>\n<p><img fetchpriority=\"high\" decoding=\"async\" class=\" wp-image-16174 aligncenter\" src=\"https:\/\/www.inmsol.com\/wp-content\/uploads\/2015\/07\/losalamos-grande-web-460x243.jpg\" alt=\"losalamos-grande-web\" width=\"701\" height=\"370\" srcset=\"https:\/\/www.inmsol.com\/wp-content\/uploads\/2015\/07\/losalamos-grande-web-460x243.jpg 460w, https:\/\/www.inmsol.com\/wp-content\/uploads\/2015\/07\/losalamos-grande-web-64x34.jpg 64w, https:\/\/www.inmsol.com\/wp-content\/uploads\/2015\/07\/losalamos-grande-web-600x316.jpg 600w, https:\/\/www.inmsol.com\/wp-content\/uploads\/2015\/07\/losalamos-grande-web-250x132.jpg 250w, https:\/\/www.inmsol.com\/wp-content\/uploads\/2015\/07\/losalamos-grande-web.jpg 660w\" sizes=\"(max-width: 701px) 100vw, 701px\" \/><\/p>\n<p>El festival est\u00e1 dividido en tres escenarios con grandes nombres de artistas conocidos a nivel internacional y adem\u00e1s pone a disposici\u00f3n una gran cantidad de servicios: zonas de entretenimiento y comida, atracciones acu\u00e1ticas, \u00e1reas de descanso, stands&#8230;etc.<\/p>\n<p>Hay diferentes tipos\u00a0de abonos, desde la entrada m\u00e1s barata y simple a las entradas VIP, la escala de precios var\u00edan de 15\u20ac a 500\u20ac&#8230;as\u00ed que, hay opciones para todos los gustos! Si quer\u00e9is disfrutar de los conciertos m\u00e1s de un d\u00eda, el festival ofrece un servicio de camping, con todo tipo de instalaciones (duchas, aseos, ba\u00f1os qu\u00edmicos&#8230;etc.) y adem\u00e1s un area di picnic, reservada para los usuarios.<\/p>\n<p>Se trata de una\u00a0oportunidad imperdible para todos los amantes de la m\u00fasica, de las fiestas en la playa y de la atm\u00f3sfera de verano. Si quer\u00e9is pasar unos d\u00edas de relax y diversi\u00f3n con vuestros amigos, esta es la ocasi\u00f3n que estabais esperando!<\/p>\n<p>Para m\u00e1s informaciones sobre abonos, camping y programaci\u00f3n, visite el sitio web\u00a0<a href=\"http:\/\/losalamosbeach.com\/\" target=\"_blank\" rel=\"noopener\">http:\/\/losalamosbeach.com\/<\/a><\/p>\n","protected":false},"excerpt":{"rendered":"<p>Hoy tenemos una noticia para los j\u00f3venes amantes de la m\u00fasica y de la playa. Los \u00c1lamos Beach Festival es un festival que se celebra en verano en la playa de Los \u00c1lamos, una de las playas m\u00e1s bonitas de Torremolinos, en la Costa del&#8230;<\/p>\n","protected":false},"author":3,"featured_media":16174,"comment_status":"closed","ping_status":"closed","sticky":false,"template":"","format":"standard","meta":{"_acf_changed":false,"footnotes":""},"categories":[82],"tags":[],"class_list":["post-16168","post","type-post","status-publish","format-standard","has-post-thumbnail","hentry","category-noticias"],"acf":[],"yoast_head":"<!-- This site is optimized with the Yoast SEO plugin v27.5 - https:\/\/yoast.com\/product\/yoast-seo-wordpress\/ -->\n<title>Los \u00c1lamos Beach Festival<\/title>\n<meta name=\"description\" content=\"Hoy tenemos una noticia para los j\u00f3venes que aman la m\u00fasica y la playa. Los \u00c1lamos Beach Festival es un festival que se celebra en verano en la playa de Los \u00c1lamos, una de las playas m\u00e1s bonitas de Torremolinos, en la Costa del Sol de la provincia de M\u00e1laga.\" \/>\n<meta name=\"robots\" content=\"index, follow, max-snippet:-1, max-image-preview:large, max-video-preview:-1\" \/>\n<link rel=\"canonical\" href=\"https:\/\/www.inmsol.com\/es\/blog-escuela\/noticias\/los-alamos-beach-festival\/\" \/>\n<meta property=\"og:locale\" content=\"es_ES\" \/>\n<meta property=\"og:type\" content=\"article\" \/>\n<meta property=\"og:title\" content=\"Los \u00c1lamos Beach Festival\" \/>\n<meta property=\"og:description\" content=\"Hoy tenemos una noticia para los j\u00f3venes que aman la m\u00fasica y la playa. Los \u00c1lamos Beach Festival es un festival que se celebra en verano en la playa de Los \u00c1lamos, una de las playas m\u00e1s bonitas de Torremolinos, en la Costa del Sol de la provincia de M\u00e1laga.\" \/>\n<meta property=\"og:url\" content=\"https:\/\/www.inmsol.com\/es\/blog-escuela\/noticias\/los-alamos-beach-festival\/\" \/>\n<meta property=\"og:site_name\" content=\"iNMSOL\" \/>\n<meta property=\"article:publisher\" content=\"https:\/\/www.facebook.com\/spanishcourses\" \/>\n<meta property=\"article:published_time\" content=\"2015-07-08T12:32:23+00:00\" \/>\n<meta property=\"article:modified_time\" content=\"2022-10-06T07:17:40+00:00\" \/>\n<meta property=\"og:image\" content=\"https:\/\/www.inmsol.com\/wp-content\/uploads\/2015\/07\/losalamos-grande-web.jpg\" \/>\n\t<meta property=\"og:image:width\" content=\"660\" \/>\n\t<meta property=\"og:image:height\" content=\"348\" \/>\n\t<meta property=\"og:image:type\" content=\"image\/jpeg\" \/>\n<meta name=\"author\" content=\"- Instituto Mediterr\u00e1neo Sol\" \/>\n<meta name=\"twitter:label1\" content=\"Escrito por\" \/>\n\t<meta name=\"twitter:data1\" content=\"- Instituto Mediterr\u00e1neo Sol\" \/>\n\t<meta name=\"twitter:label2\" content=\"Tiempo de lectura\" \/>\n\t<meta name=\"twitter:data2\" content=\"2 minutos\" \/>\n<script type=\"application\/ld+json\" class=\"yoast-schema-graph\">{\"@context\":\"https:\\\/\\\/schema.org\",\"@graph\":[{\"@type\":\"Article\",\"@id\":\"https:\\\/\\\/www.inmsol.com\\\/es\\\/blog-escuela\\\/noticias\\\/los-alamos-beach-festival\\\/#article\",\"isPartOf\":{\"@id\":\"https:\\\/\\\/www.inmsol.com\\\/es\\\/blog-escuela\\\/noticias\\\/los-alamos-beach-festival\\\/\"},\"author\":{\"name\":\"- Instituto Mediterr\u00e1neo Sol\",\"@id\":\"https:\\\/\\\/www.inmsol.com\\\/es\\\/#\\\/schema\\\/person\\\/94a7a01d14a56d1fbc49c841ffc57fe9\"},\"headline\":\"Los \u00c1lamos Beach Festival\",\"datePublished\":\"2015-07-08T12:32:23+00:00\",\"dateModified\":\"2022-10-06T07:17:40+00:00\",\"mainEntityOfPage\":{\"@id\":\"https:\\\/\\\/www.inmsol.com\\\/es\\\/blog-escuela\\\/noticias\\\/los-alamos-beach-festival\\\/\"},\"wordCount\":314,\"publisher\":{\"@id\":\"https:\\\/\\\/www.inmsol.com\\\/es\\\/#organization\"},\"image\":{\"@id\":\"https:\\\/\\\/www.inmsol.com\\\/es\\\/blog-escuela\\\/noticias\\\/los-alamos-beach-festival\\\/#primaryimage\"},\"thumbnailUrl\":\"https:\\\/\\\/www.inmsol.com\\\/wp-content\\\/uploads\\\/2015\\\/07\\\/losalamos-grande-web.jpg\",\"articleSection\":[\"Noticias y Servicios iNMSOL\"],\"inLanguage\":\"es\"},{\"@type\":\"WebPage\",\"@id\":\"https:\\\/\\\/www.inmsol.com\\\/es\\\/blog-escuela\\\/noticias\\\/los-alamos-beach-festival\\\/\",\"url\":\"https:\\\/\\\/www.inmsol.com\\\/es\\\/blog-escuela\\\/noticias\\\/los-alamos-beach-festival\\\/\",\"name\":\"Los \u00c1lamos Beach Festival\",\"isPartOf\":{\"@id\":\"https:\\\/\\\/www.inmsol.com\\\/es\\\/#website\"},\"primaryImageOfPage\":{\"@id\":\"https:\\\/\\\/www.inmsol.com\\\/es\\\/blog-escuela\\\/noticias\\\/los-alamos-beach-festival\\\/#primaryimage\"},\"image\":{\"@id\":\"https:\\\/\\\/www.inmsol.com\\\/es\\\/blog-escuela\\\/noticias\\\/los-alamos-beach-festival\\\/#primaryimage\"},\"thumbnailUrl\":\"https:\\\/\\\/www.inmsol.com\\\/wp-content\\\/uploads\\\/2015\\\/07\\\/losalamos-grande-web.jpg\",\"datePublished\":\"2015-07-08T12:32:23+00:00\",\"dateModified\":\"2022-10-06T07:17:40+00:00\",\"description\":\"Hoy tenemos una noticia para los j\u00f3venes que aman la m\u00fasica y la playa. Los \u00c1lamos Beach Festival es un festival que se celebra en verano en la playa de Los \u00c1lamos, una de las playas m\u00e1s bonitas de Torremolinos, en la Costa del Sol de la provincia de M\u00e1laga.\",\"breadcrumb\":{\"@id\":\"https:\\\/\\\/www.inmsol.com\\\/es\\\/blog-escuela\\\/noticias\\\/los-alamos-beach-festival\\\/#breadcrumb\"},\"inLanguage\":\"es\",\"potentialAction\":[{\"@type\":\"ReadAction\",\"target\":[\"https:\\\/\\\/www.inmsol.com\\\/es\\\/blog-escuela\\\/noticias\\\/los-alamos-beach-festival\\\/\"]}]},{\"@type\":\"ImageObject\",\"inLanguage\":\"es\",\"@id\":\"https:\\\/\\\/www.inmsol.com\\\/es\\\/blog-escuela\\\/noticias\\\/los-alamos-beach-festival\\\/#primaryimage\",\"url\":\"https:\\\/\\\/www.inmsol.com\\\/wp-content\\\/uploads\\\/2015\\\/07\\\/losalamos-grande-web.jpg\",\"contentUrl\":\"https:\\\/\\\/www.inmsol.com\\\/wp-content\\\/uploads\\\/2015\\\/07\\\/losalamos-grande-web.jpg\",\"width\":660,\"height\":348},{\"@type\":\"BreadcrumbList\",\"@id\":\"https:\\\/\\\/www.inmsol.com\\\/es\\\/blog-escuela\\\/noticias\\\/los-alamos-beach-festival\\\/#breadcrumb\",\"itemListElement\":[{\"@type\":\"ListItem\",\"position\":1,\"name\":\"Accredited Center by Instituto Cervantes\",\"item\":\"https:\\\/\\\/www.inmsol.com\\\/es\\\/pagina-ejemplo\\\/\"},{\"@type\":\"ListItem\",\"position\":2,\"name\":\"Blog Escuela Espa\u00f1ol\",\"item\":\"https:\\\/\\\/www.inmsol.com\\\/es\\\/category\\\/blog-escuela\\\/\"},{\"@type\":\"ListItem\",\"position\":3,\"name\":\"Noticias y Servicios iNMSOL\",\"item\":\"https:\\\/\\\/www.inmsol.com\\\/es\\\/category\\\/blog-escuela\\\/noticias\\\/\"},{\"@type\":\"ListItem\",\"position\":4,\"name\":\"Los \u00c1lamos Beach Festival\"}]},{\"@type\":\"WebSite\",\"@id\":\"https:\\\/\\\/www.inmsol.com\\\/es\\\/#website\",\"url\":\"https:\\\/\\\/www.inmsol.com\\\/es\\\/\",\"name\":\"iNMSOL\",\"description\":\"Aprenda Espa\u00f1ol con iNMSOL en Granada | Centro Acreditado por el Instituto Cervantes\",\"publisher\":{\"@id\":\"https:\\\/\\\/www.inmsol.com\\\/es\\\/#organization\"},\"potentialAction\":[{\"@type\":\"SearchAction\",\"target\":{\"@type\":\"EntryPoint\",\"urlTemplate\":\"https:\\\/\\\/www.inmsol.com\\\/es\\\/?s={search_term_string}\"},\"query-input\":{\"@type\":\"PropertyValueSpecification\",\"valueRequired\":true,\"valueName\":\"search_term_string\"}}],\"inLanguage\":\"es\"},{\"@type\":\"Organization\",\"@id\":\"https:\\\/\\\/www.inmsol.com\\\/es\\\/#organization\",\"name\":\"Instituto Mediterr\u00e1neo Sol\",\"url\":\"https:\\\/\\\/www.inmsol.com\\\/es\\\/\",\"logo\":{\"@type\":\"ImageObject\",\"inLanguage\":\"es\",\"@id\":\"https:\\\/\\\/www.inmsol.com\\\/es\\\/#\\\/schema\\\/logo\\\/image\\\/\",\"url\":\"https:\\\/\\\/www.inmsol.com\\\/wp-content\\\/uploads\\\/2023\\\/06\\\/logo-inmsol-1.png\",\"contentUrl\":\"https:\\\/\\\/www.inmsol.com\\\/wp-content\\\/uploads\\\/2023\\\/06\\\/logo-inmsol-1.png\",\"width\":136,\"height\":73,\"caption\":\"Instituto Mediterr\u00e1neo Sol\"},\"image\":{\"@id\":\"https:\\\/\\\/www.inmsol.com\\\/es\\\/#\\\/schema\\\/logo\\\/image\\\/\"},\"sameAs\":[\"https:\\\/\\\/www.facebook.com\\\/spanishcourses\",\"https:\\\/\\\/x.com\\\/StudyInGranada\",\"http:\\\/\\\/instagram.com\\\/imsolgranada\",\"https:\\\/\\\/es.linkedin.com\\\/company\\\/imsol-granada\",\"https:\\\/\\\/www.pinterest.es\\\/inmsol\\\/\",\"https:\\\/\\\/www.youtube.com\\\/channel\\\/UChz-Qn_7coFMosY85iYMO4g\"]},{\"@type\":\"Person\",\"@id\":\"https:\\\/\\\/www.inmsol.com\\\/es\\\/#\\\/schema\\\/person\\\/94a7a01d14a56d1fbc49c841ffc57fe9\",\"name\":\"- Instituto Mediterr\u00e1neo Sol\",\"image\":{\"@type\":\"ImageObject\",\"inLanguage\":\"es\",\"@id\":\"https:\\\/\\\/secure.gravatar.com\\\/avatar\\\/5607fdabdf1b548b6095cc3d43079829bc1497403e70dd34004e7204a8fef62b?s=96&d=mm&r=g\",\"url\":\"https:\\\/\\\/secure.gravatar.com\\\/avatar\\\/5607fdabdf1b548b6095cc3d43079829bc1497403e70dd34004e7204a8fef62b?s=96&d=mm&r=g\",\"contentUrl\":\"https:\\\/\\\/secure.gravatar.com\\\/avatar\\\/5607fdabdf1b548b6095cc3d43079829bc1497403e70dd34004e7204a8fef62b?s=96&d=mm&r=g\",\"caption\":\"- Instituto Mediterr\u00e1neo Sol\"},\"url\":\"https:\\\/\\\/www.inmsol.com\\\/es\\\/author\\\/laura\\\/\"}]}<\/script>\n<!-- \/ Yoast SEO plugin. -->","yoast_head_json":{"title":"Los \u00c1lamos Beach Festival","description":"Hoy tenemos una noticia para los j\u00f3venes que aman la m\u00fasica y la playa. Los \u00c1lamos Beach Festival es un festival que se celebra en verano en la playa de Los \u00c1lamos, una de las playas m\u00e1s bonitas de Torremolinos, en la Costa del Sol de la provincia de M\u00e1laga.","robots":{"index":"index","follow":"follow","max-snippet":"max-snippet:-1","max-image-preview":"max-image-preview:large","max-video-preview":"max-video-preview:-1"},"canonical":"https:\/\/www.inmsol.com\/es\/blog-escuela\/noticias\/los-alamos-beach-festival\/","og_locale":"es_ES","og_type":"article","og_title":"Los \u00c1lamos Beach Festival","og_description":"Hoy tenemos una noticia para los j\u00f3venes que aman la m\u00fasica y la playa. Los \u00c1lamos Beach Festival es un festival que se celebra en verano en la playa de Los \u00c1lamos, una de las playas m\u00e1s bonitas de Torremolinos, en la Costa del Sol de la provincia de M\u00e1laga.","og_url":"https:\/\/www.inmsol.com\/es\/blog-escuela\/noticias\/los-alamos-beach-festival\/","og_site_name":"iNMSOL","article_publisher":"https:\/\/www.facebook.com\/spanishcourses","article_published_time":"2015-07-08T12:32:23+00:00","article_modified_time":"2022-10-06T07:17:40+00:00","og_image":[{"width":660,"height":348,"url":"https:\/\/www.inmsol.com\/wp-content\/uploads\/2015\/07\/losalamos-grande-web.jpg","type":"image\/jpeg"}],"author":"- Instituto Mediterr\u00e1neo Sol","twitter_misc":{"Escrito por":"- Instituto Mediterr\u00e1neo Sol","Tiempo de lectura":"2 minutos"},"schema":{"@context":"https:\/\/schema.org","@graph":[{"@type":"Article","@id":"https:\/\/www.inmsol.com\/es\/blog-escuela\/noticias\/los-alamos-beach-festival\/#article","isPartOf":{"@id":"https:\/\/www.inmsol.com\/es\/blog-escuela\/noticias\/los-alamos-beach-festival\/"},"author":{"name":"- Instituto Mediterr\u00e1neo Sol","@id":"https:\/\/www.inmsol.com\/es\/#\/schema\/person\/94a7a01d14a56d1fbc49c841ffc57fe9"},"headline":"Los \u00c1lamos Beach Festival","datePublished":"2015-07-08T12:32:23+00:00","dateModified":"2022-10-06T07:17:40+00:00","mainEntityOfPage":{"@id":"https:\/\/www.inmsol.com\/es\/blog-escuela\/noticias\/los-alamos-beach-festival\/"},"wordCount":314,"publisher":{"@id":"https:\/\/www.inmsol.com\/es\/#organization"},"image":{"@id":"https:\/\/www.inmsol.com\/es\/blog-escuela\/noticias\/los-alamos-beach-festival\/#primaryimage"},"thumbnailUrl":"https:\/\/www.inmsol.com\/wp-content\/uploads\/2015\/07\/losalamos-grande-web.jpg","articleSection":["Noticias y Servicios iNMSOL"],"inLanguage":"es"},{"@type":"WebPage","@id":"https:\/\/www.inmsol.com\/es\/blog-escuela\/noticias\/los-alamos-beach-festival\/","url":"https:\/\/www.inmsol.com\/es\/blog-escuela\/noticias\/los-alamos-beach-festival\/","name":"Los \u00c1lamos Beach Festival","isPartOf":{"@id":"https:\/\/www.inmsol.com\/es\/#website"},"primaryImageOfPage":{"@id":"https:\/\/www.inmsol.com\/es\/blog-escuela\/noticias\/los-alamos-beach-festival\/#primaryimage"},"image":{"@id":"https:\/\/www.inmsol.com\/es\/blog-escuela\/noticias\/los-alamos-beach-festival\/#primaryimage"},"thumbnailUrl":"https:\/\/www.inmsol.com\/wp-content\/uploads\/2015\/07\/losalamos-grande-web.jpg","datePublished":"2015-07-08T12:32:23+00:00","dateModified":"2022-10-06T07:17:40+00:00","description":"Hoy tenemos una noticia para los j\u00f3venes que aman la m\u00fasica y la playa. Los \u00c1lamos Beach Festival es un festival que se celebra en verano en la playa de Los \u00c1lamos, una de las playas m\u00e1s bonitas de Torremolinos, en la Costa del Sol de la provincia de M\u00e1laga.","breadcrumb":{"@id":"https:\/\/www.inmsol.com\/es\/blog-escuela\/noticias\/los-alamos-beach-festival\/#breadcrumb"},"inLanguage":"es","potentialAction":[{"@type":"ReadAction","target":["https:\/\/www.inmsol.com\/es\/blog-escuela\/noticias\/los-alamos-beach-festival\/"]}]},{"@type":"ImageObject","inLanguage":"es","@id":"https:\/\/www.inmsol.com\/es\/blog-escuela\/noticias\/los-alamos-beach-festival\/#primaryimage","url":"https:\/\/www.inmsol.com\/wp-content\/uploads\/2015\/07\/losalamos-grande-web.jpg","contentUrl":"https:\/\/www.inmsol.com\/wp-content\/uploads\/2015\/07\/losalamos-grande-web.jpg","width":660,"height":348},{"@type":"BreadcrumbList","@id":"https:\/\/www.inmsol.com\/es\/blog-escuela\/noticias\/los-alamos-beach-festival\/#breadcrumb","itemListElement":[{"@type":"ListItem","position":1,"name":"Accredited Center by Instituto Cervantes","item":"https:\/\/www.inmsol.com\/es\/pagina-ejemplo\/"},{"@type":"ListItem","position":2,"name":"Blog Escuela Espa\u00f1ol","item":"https:\/\/www.inmsol.com\/es\/category\/blog-escuela\/"},{"@type":"ListItem","position":3,"name":"Noticias y Servicios iNMSOL","item":"https:\/\/www.inmsol.com\/es\/category\/blog-escuela\/noticias\/"},{"@type":"ListItem","position":4,"name":"Los \u00c1lamos Beach Festival"}]},{"@type":"WebSite","@id":"https:\/\/www.inmsol.com\/es\/#website","url":"https:\/\/www.inmsol.com\/es\/","name":"iNMSOL","description":"Aprenda Espa\u00f1ol con iNMSOL en Granada | Centro Acreditado por el Instituto Cervantes","publisher":{"@id":"https:\/\/www.inmsol.com\/es\/#organization"},"potentialAction":[{"@type":"SearchAction","target":{"@type":"EntryPoint","urlTemplate":"https:\/\/www.inmsol.com\/es\/?s={search_term_string}"},"query-input":{"@type":"PropertyValueSpecification","valueRequired":true,"valueName":"search_term_string"}}],"inLanguage":"es"},{"@type":"Organization","@id":"https:\/\/www.inmsol.com\/es\/#organization","name":"Instituto Mediterr\u00e1neo Sol","url":"https:\/\/www.inmsol.com\/es\/","logo":{"@type":"ImageObject","inLanguage":"es","@id":"https:\/\/www.inmsol.com\/es\/#\/schema\/logo\/image\/","url":"https:\/\/www.inmsol.com\/wp-content\/uploads\/2023\/06\/logo-inmsol-1.png","contentUrl":"https:\/\/www.inmsol.com\/wp-content\/uploads\/2023\/06\/logo-inmsol-1.png","width":136,"height":73,"caption":"Instituto Mediterr\u00e1neo Sol"},"image":{"@id":"https:\/\/www.inmsol.com\/es\/#\/schema\/logo\/image\/"},"sameAs":["https:\/\/www.facebook.com\/spanishcourses","https:\/\/x.com\/StudyInGranada","http:\/\/instagram.com\/imsolgranada","https:\/\/es.linkedin.com\/company\/imsol-granada","https:\/\/www.pinterest.es\/inmsol\/","https:\/\/www.youtube.com\/channel\/UChz-Qn_7coFMosY85iYMO4g"]},{"@type":"Person","@id":"https:\/\/www.inmsol.com\/es\/#\/schema\/person\/94a7a01d14a56d1fbc49c841ffc57fe9","name":"- Instituto Mediterr\u00e1neo Sol","image":{"@type":"ImageObject","inLanguage":"es","@id":"https:\/\/secure.gravatar.com\/avatar\/5607fdabdf1b548b6095cc3d43079829bc1497403e70dd34004e7204a8fef62b?s=96&d=mm&r=g","url":"https:\/\/secure.gravatar.com\/avatar\/5607fdabdf1b548b6095cc3d43079829bc1497403e70dd34004e7204a8fef62b?s=96&d=mm&r=g","contentUrl":"https:\/\/secure.gravatar.com\/avatar\/5607fdabdf1b548b6095cc3d43079829bc1497403e70dd34004e7204a8fef62b?s=96&d=mm&r=g","caption":"- Instituto Mediterr\u00e1neo Sol"},"url":"https:\/\/www.inmsol.com\/es\/author\/laura\/"}]}},"_links":{"self":[{"href":"https:\/\/www.inmsol.com\/es\/wp-json\/wp\/v2\/posts\/16168","targetHints":{"allow":["GET"]}}],"collection":[{"href":"https:\/\/www.inmsol.com\/es\/wp-json\/wp\/v2\/posts"}],"about":[{"href":"https:\/\/www.inmsol.com\/es\/wp-json\/wp\/v2\/types\/post"}],"author":[{"embeddable":true,"href":"https:\/\/www.inmsol.com\/es\/wp-json\/wp\/v2\/users\/3"}],"replies":[{"embeddable":true,"href":"https:\/\/www.inmsol.com\/es\/wp-json\/wp\/v2\/comments?post=16168"}],"version-history":[{"count":0,"href":"https:\/\/www.inmsol.com\/es\/wp-json\/wp\/v2\/posts\/16168\/revisions"}],"wp:featuredmedia":[{"embeddable":true,"href":"https:\/\/www.inmsol.com\/es\/wp-json\/wp\/v2\/media\/16174"}],"wp:attachment":[{"href":"https:\/\/www.inmsol.com\/es\/wp-json\/wp\/v2\/media?parent=16168"}],"wp:term":[{"taxonomy":"category","embeddable":true,"href":"https:\/\/www.inmsol.com\/es\/wp-json\/wp\/v2\/categories?post=16168"},{"taxonomy":"post_tag","embeddable":true,"href":"https:\/\/www.inmsol.com\/es\/wp-json\/wp\/v2\/tags?post=16168"}],"curies":[{"name":"wp","href":"https:\/\/api.w.org\/{rel}","templated":true}]}}