{"id":16753,"date":"2015-07-20T10:40:06","date_gmt":"2015-07-20T08:40:06","guid":{"rendered":"https:\/\/www.inmsol.com\/?p=16753"},"modified":"2019-11-21T11:56:36","modified_gmt":"2019-11-21T10:56:36","slug":"despedida-de-los-estudiantes-franceses","status":"publish","type":"post","link":"https:\/\/www.inmsol.com\/es\/blog-escuela\/espanol-grupos\/despedida-de-los-estudiantes-franceses\/","title":{"rendered":"Despedida de los estudiantes franceses"},"content":{"rendered":"<p style=\"text-align: center;\">El viernes pasado nos despedimos de un grupo de estudiantes que estuvieron con nosotros dos semanas. Nueve alumnos de Francia han venido a <strong><a href=\"https:\/\/www.inmsol.com\/es\/granada\/\">Granada<\/a><\/strong> para <strong><a href=\"https:\/\/www.inmsol.com\/es\/\">aprender espa\u00f1ol<\/a><\/strong> en uno de los <strong><a href=\"https:\/\/www.inmsol.com\/es\/cursos-espanol-espana\/granada\/\">cursos<\/a><\/strong> que ofrece <strong><a href=\"https:\/\/www.inmsol.com\/es\/escuela-espanol-granada\/\">Instituto Mediterr\u00e1neo Sol<\/a><\/strong>, en particular, <strong><a href=\"https:\/\/www.inmsol.com\/es\/cursos-espanol-espana\/curso-adolescentes\/\">curso para adolescentes<\/a><\/strong>. En quince d\u00edas han mejorado su <strong><a href=\"https:\/\/www.inmsol.com\/es\/niveles-espanol\/\">nivel de espa\u00f1ol<\/a><\/strong>, lo que pod\u00edan comprobar el \u00faltimo d\u00eda en el <strong><a href=\"http:\/\/www.granadatur.com\/page\/179-mercado-gourmet-san-agustin\/\">Mercado de San August\u00edn<\/a><\/strong> donde ten\u00edan que utilizar los conocimientos de clase en pr\u00e1ctica.<\/p>\n<p style=\"text-align: center;\">Esperamos que les haya gustado la estancia en <strong><a href=\"https:\/\/www.inmsol.com\/es\/granada\/\">Granada<\/a><\/strong> y que vuelvan otra vez con ganas.<\/p>\n<p style=\"text-align: center;\"><img fetchpriority=\"high\" decoding=\"async\" class=\" wp-image-16743 aligncenter\" src=\"https:\/\/www.inmsol.com\/wp-content\/uploads\/2015\/07\/DSC_0087-447x300.jpg\" alt=\"DSC_0087\" width=\"620\" height=\"416\" srcset=\"https:\/\/www.inmsol.com\/wp-content\/uploads\/2015\/07\/DSC_0087-447x300.jpg 447w, https:\/\/www.inmsol.com\/wp-content\/uploads\/2015\/07\/DSC_0087-800x537.jpg 800w, https:\/\/www.inmsol.com\/wp-content\/uploads\/2015\/07\/DSC_0087-64x43.jpg 64w, https:\/\/www.inmsol.com\/wp-content\/uploads\/2015\/07\/DSC_0087-1024x687.jpg 1024w, https:\/\/www.inmsol.com\/wp-content\/uploads\/2015\/07\/DSC_0087-250x168.jpg 250w, https:\/\/www.inmsol.com\/wp-content\/uploads\/2015\/07\/DSC_0087-596x400.jpg 596w, https:\/\/www.inmsol.com\/wp-content\/uploads\/2015\/07\/DSC_0087.jpg 1500w\" sizes=\"(max-width: 620px) 100vw, 620px\" \/><\/p>\n","protected":false},"excerpt":{"rendered":"<p>El viernes pasado nos despedimos de un grupo de estudiantes que estuvieron con nosotros dos semanas. Nueve alumnos de Francia han venido a Granada para aprender espa\u00f1ol en uno de los cursos que ofrece Instituto Mediterr\u00e1neo Sol, en particular, curso para adolescentes. En quince d\u00edas&#8230;<\/p>\n","protected":false},"author":3,"featured_media":16743,"comment_status":"closed","ping_status":"closed","sticky":false,"template":"","format":"standard","meta":{"_acf_changed":false,"footnotes":""},"categories":[84],"tags":[],"class_list":["post-16753","post","type-post","status-publish","format-standard","has-post-thumbnail","hentry","category-espanol-grupos"],"acf":[],"yoast_head":"<!-- This site is optimized with the Yoast SEO plugin v27.5 - https:\/\/yoast.com\/product\/yoast-seo-wordpress\/ -->\n<title>Despedida de los estudiantes franceses\/iNMSOL cursos<\/title>\n<meta name=\"description\" content=\"El viernes pasado nos despedimos de un grupo de estudiantes que estuvieron con nosotros dos semanas. Nueve alumnos de Francia para aprender espa\u00f1ol.\" \/>\n<meta name=\"robots\" content=\"index, follow, max-snippet:-1, max-image-preview:large, max-video-preview:-1\" \/>\n<link rel=\"canonical\" href=\"https:\/\/www.inmsol.com\/es\/blog-escuela\/espanol-grupos\/despedida-de-los-estudiantes-franceses\/\" \/>\n<meta property=\"og:locale\" content=\"es_ES\" \/>\n<meta property=\"og:type\" content=\"article\" \/>\n<meta property=\"og:title\" content=\"Despedida de los estudiantes franceses\/iNMSOL cursos\" \/>\n<meta property=\"og:description\" content=\"El viernes pasado nos despedimos de un grupo de estudiantes que estuvieron con nosotros dos semanas. Nueve alumnos de Francia para aprender espa\u00f1ol.\" \/>\n<meta property=\"og:url\" content=\"https:\/\/www.inmsol.com\/es\/blog-escuela\/espanol-grupos\/despedida-de-los-estudiantes-franceses\/\" \/>\n<meta property=\"og:site_name\" content=\"iNMSOL\" \/>\n<meta property=\"article:publisher\" content=\"https:\/\/www.facebook.com\/spanishcourses\" \/>\n<meta property=\"article:published_time\" content=\"2015-07-20T08:40:06+00:00\" \/>\n<meta property=\"article:modified_time\" content=\"2019-11-21T10:56:36+00:00\" \/>\n<meta property=\"og:image\" content=\"https:\/\/www.inmsol.com\/wp-content\/uploads\/2015\/07\/DSC_0087.jpg\" \/>\n\t<meta property=\"og:image:width\" content=\"1500\" \/>\n\t<meta property=\"og:image:height\" content=\"1007\" \/>\n\t<meta property=\"og:image:type\" content=\"image\/jpeg\" \/>\n<meta name=\"author\" content=\"- Instituto Mediterr\u00e1neo Sol\" \/>\n<meta name=\"twitter:label1\" content=\"Escrito por\" \/>\n\t<meta name=\"twitter:data1\" content=\"- Instituto Mediterr\u00e1neo Sol\" \/>\n<script type=\"application\/ld+json\" class=\"yoast-schema-graph\">{\"@context\":\"https:\\\/\\\/schema.org\",\"@graph\":[{\"@type\":\"Article\",\"@id\":\"https:\\\/\\\/www.inmsol.com\\\/es\\\/blog-escuela\\\/espanol-grupos\\\/despedida-de-los-estudiantes-franceses\\\/#article\",\"isPartOf\":{\"@id\":\"https:\\\/\\\/www.inmsol.com\\\/es\\\/blog-escuela\\\/espanol-grupos\\\/despedida-de-los-estudiantes-franceses\\\/\"},\"author\":{\"name\":\"- Instituto Mediterr\u00e1neo Sol\",\"@id\":\"https:\\\/\\\/www.inmsol.com\\\/es\\\/#\\\/schema\\\/person\\\/94a7a01d14a56d1fbc49c841ffc57fe9\"},\"headline\":\"Despedida de los estudiantes franceses\",\"datePublished\":\"2015-07-20T08:40:06+00:00\",\"dateModified\":\"2019-11-21T10:56:36+00:00\",\"mainEntityOfPage\":{\"@id\":\"https:\\\/\\\/www.inmsol.com\\\/es\\\/blog-escuela\\\/espanol-grupos\\\/despedida-de-los-estudiantes-franceses\\\/\"},\"wordCount\":104,\"publisher\":{\"@id\":\"https:\\\/\\\/www.inmsol.com\\\/es\\\/#organization\"},\"image\":{\"@id\":\"https:\\\/\\\/www.inmsol.com\\\/es\\\/blog-escuela\\\/espanol-grupos\\\/despedida-de-los-estudiantes-franceses\\\/#primaryimage\"},\"thumbnailUrl\":\"https:\\\/\\\/www.inmsol.com\\\/wp-content\\\/uploads\\\/2015\\\/07\\\/DSC_0087.jpg\",\"articleSection\":[\"Espa\u00f1ol para grupos\"],\"inLanguage\":\"es\"},{\"@type\":\"WebPage\",\"@id\":\"https:\\\/\\\/www.inmsol.com\\\/es\\\/blog-escuela\\\/espanol-grupos\\\/despedida-de-los-estudiantes-franceses\\\/\",\"url\":\"https:\\\/\\\/www.inmsol.com\\\/es\\\/blog-escuela\\\/espanol-grupos\\\/despedida-de-los-estudiantes-franceses\\\/\",\"name\":\"Despedida de los estudiantes franceses\\\/iNMSOL cursos\",\"isPartOf\":{\"@id\":\"https:\\\/\\\/www.inmsol.com\\\/es\\\/#website\"},\"primaryImageOfPage\":{\"@id\":\"https:\\\/\\\/www.inmsol.com\\\/es\\\/blog-escuela\\\/espanol-grupos\\\/despedida-de-los-estudiantes-franceses\\\/#primaryimage\"},\"image\":{\"@id\":\"https:\\\/\\\/www.inmsol.com\\\/es\\\/blog-escuela\\\/espanol-grupos\\\/despedida-de-los-estudiantes-franceses\\\/#primaryimage\"},\"thumbnailUrl\":\"https:\\\/\\\/www.inmsol.com\\\/wp-content\\\/uploads\\\/2015\\\/07\\\/DSC_0087.jpg\",\"datePublished\":\"2015-07-20T08:40:06+00:00\",\"dateModified\":\"2019-11-21T10:56:36+00:00\",\"description\":\"El viernes pasado nos despedimos de un grupo de estudiantes que estuvieron con nosotros dos semanas. Nueve alumnos de Francia para aprender espa\u00f1ol.\",\"breadcrumb\":{\"@id\":\"https:\\\/\\\/www.inmsol.com\\\/es\\\/blog-escuela\\\/espanol-grupos\\\/despedida-de-los-estudiantes-franceses\\\/#breadcrumb\"},\"inLanguage\":\"es\",\"potentialAction\":[{\"@type\":\"ReadAction\",\"target\":[\"https:\\\/\\\/www.inmsol.com\\\/es\\\/blog-escuela\\\/espanol-grupos\\\/despedida-de-los-estudiantes-franceses\\\/\"]}]},{\"@type\":\"ImageObject\",\"inLanguage\":\"es\",\"@id\":\"https:\\\/\\\/www.inmsol.com\\\/es\\\/blog-escuela\\\/espanol-grupos\\\/despedida-de-los-estudiantes-franceses\\\/#primaryimage\",\"url\":\"https:\\\/\\\/www.inmsol.com\\\/wp-content\\\/uploads\\\/2015\\\/07\\\/DSC_0087.jpg\",\"contentUrl\":\"https:\\\/\\\/www.inmsol.com\\\/wp-content\\\/uploads\\\/2015\\\/07\\\/DSC_0087.jpg\",\"width\":1500,\"height\":1007},{\"@type\":\"BreadcrumbList\",\"@id\":\"https:\\\/\\\/www.inmsol.com\\\/es\\\/blog-escuela\\\/espanol-grupos\\\/despedida-de-los-estudiantes-franceses\\\/#breadcrumb\",\"itemListElement\":[{\"@type\":\"ListItem\",\"position\":1,\"name\":\"Accredited Center by Instituto Cervantes\",\"item\":\"https:\\\/\\\/www.inmsol.com\\\/es\\\/pagina-ejemplo\\\/\"},{\"@type\":\"ListItem\",\"position\":2,\"name\":\"Blog Escuela Espa\u00f1ol\",\"item\":\"https:\\\/\\\/www.inmsol.com\\\/es\\\/category\\\/blog-escuela\\\/\"},{\"@type\":\"ListItem\",\"position\":3,\"name\":\"Espa\u00f1ol para grupos\",\"item\":\"https:\\\/\\\/www.inmsol.com\\\/es\\\/category\\\/blog-escuela\\\/espanol-grupos\\\/\"},{\"@type\":\"ListItem\",\"position\":4,\"name\":\"Despedida de los estudiantes franceses\"}]},{\"@type\":\"WebSite\",\"@id\":\"https:\\\/\\\/www.inmsol.com\\\/es\\\/#website\",\"url\":\"https:\\\/\\\/www.inmsol.com\\\/es\\\/\",\"name\":\"iNMSOL\",\"description\":\"Aprenda Espa\u00f1ol con iNMSOL en Granada | Centro Acreditado por el Instituto Cervantes\",\"publisher\":{\"@id\":\"https:\\\/\\\/www.inmsol.com\\\/es\\\/#organization\"},\"potentialAction\":[{\"@type\":\"SearchAction\",\"target\":{\"@type\":\"EntryPoint\",\"urlTemplate\":\"https:\\\/\\\/www.inmsol.com\\\/es\\\/?s={search_term_string}\"},\"query-input\":{\"@type\":\"PropertyValueSpecification\",\"valueRequired\":true,\"valueName\":\"search_term_string\"}}],\"inLanguage\":\"es\"},{\"@type\":\"Organization\",\"@id\":\"https:\\\/\\\/www.inmsol.com\\\/es\\\/#organization\",\"name\":\"Instituto Mediterr\u00e1neo Sol\",\"url\":\"https:\\\/\\\/www.inmsol.com\\\/es\\\/\",\"logo\":{\"@type\":\"ImageObject\",\"inLanguage\":\"es\",\"@id\":\"https:\\\/\\\/www.inmsol.com\\\/es\\\/#\\\/schema\\\/logo\\\/image\\\/\",\"url\":\"https:\\\/\\\/www.inmsol.com\\\/wp-content\\\/uploads\\\/2023\\\/06\\\/logo-inmsol-1.png\",\"contentUrl\":\"https:\\\/\\\/www.inmsol.com\\\/wp-content\\\/uploads\\\/2023\\\/06\\\/logo-inmsol-1.png\",\"width\":136,\"height\":73,\"caption\":\"Instituto Mediterr\u00e1neo Sol\"},\"image\":{\"@id\":\"https:\\\/\\\/www.inmsol.com\\\/es\\\/#\\\/schema\\\/logo\\\/image\\\/\"},\"sameAs\":[\"https:\\\/\\\/www.facebook.com\\\/spanishcourses\",\"https:\\\/\\\/x.com\\\/StudyInGranada\",\"http:\\\/\\\/instagram.com\\\/imsolgranada\",\"https:\\\/\\\/es.linkedin.com\\\/company\\\/imsol-granada\",\"https:\\\/\\\/www.pinterest.es\\\/inmsol\\\/\",\"https:\\\/\\\/www.youtube.com\\\/channel\\\/UChz-Qn_7coFMosY85iYMO4g\"]},{\"@type\":\"Person\",\"@id\":\"https:\\\/\\\/www.inmsol.com\\\/es\\\/#\\\/schema\\\/person\\\/94a7a01d14a56d1fbc49c841ffc57fe9\",\"name\":\"- Instituto Mediterr\u00e1neo Sol\",\"image\":{\"@type\":\"ImageObject\",\"inLanguage\":\"es\",\"@id\":\"https:\\\/\\\/secure.gravatar.com\\\/avatar\\\/5607fdabdf1b548b6095cc3d43079829bc1497403e70dd34004e7204a8fef62b?s=96&d=mm&r=g\",\"url\":\"https:\\\/\\\/secure.gravatar.com\\\/avatar\\\/5607fdabdf1b548b6095cc3d43079829bc1497403e70dd34004e7204a8fef62b?s=96&d=mm&r=g\",\"contentUrl\":\"https:\\\/\\\/secure.gravatar.com\\\/avatar\\\/5607fdabdf1b548b6095cc3d43079829bc1497403e70dd34004e7204a8fef62b?s=96&d=mm&r=g\",\"caption\":\"- Instituto Mediterr\u00e1neo Sol\"},\"url\":\"https:\\\/\\\/www.inmsol.com\\\/es\\\/author\\\/laura\\\/\"}]}<\/script>\n<!-- \/ Yoast SEO plugin. -->","yoast_head_json":{"title":"Despedida de los estudiantes franceses\/iNMSOL cursos","description":"El viernes pasado nos despedimos de un grupo de estudiantes que estuvieron con nosotros dos semanas. Nueve alumnos de Francia para aprender espa\u00f1ol.","robots":{"index":"index","follow":"follow","max-snippet":"max-snippet:-1","max-image-preview":"max-image-preview:large","max-video-preview":"max-video-preview:-1"},"canonical":"https:\/\/www.inmsol.com\/es\/blog-escuela\/espanol-grupos\/despedida-de-los-estudiantes-franceses\/","og_locale":"es_ES","og_type":"article","og_title":"Despedida de los estudiantes franceses\/iNMSOL cursos","og_description":"El viernes pasado nos despedimos de un grupo de estudiantes que estuvieron con nosotros dos semanas. Nueve alumnos de Francia para aprender espa\u00f1ol.","og_url":"https:\/\/www.inmsol.com\/es\/blog-escuela\/espanol-grupos\/despedida-de-los-estudiantes-franceses\/","og_site_name":"iNMSOL","article_publisher":"https:\/\/www.facebook.com\/spanishcourses","article_published_time":"2015-07-20T08:40:06+00:00","article_modified_time":"2019-11-21T10:56:36+00:00","og_image":[{"width":1500,"height":1007,"url":"https:\/\/www.inmsol.com\/wp-content\/uploads\/2015\/07\/DSC_0087.jpg","type":"image\/jpeg"}],"author":"- Instituto Mediterr\u00e1neo Sol","twitter_misc":{"Escrito por":"- Instituto Mediterr\u00e1neo Sol"},"schema":{"@context":"https:\/\/schema.org","@graph":[{"@type":"Article","@id":"https:\/\/www.inmsol.com\/es\/blog-escuela\/espanol-grupos\/despedida-de-los-estudiantes-franceses\/#article","isPartOf":{"@id":"https:\/\/www.inmsol.com\/es\/blog-escuela\/espanol-grupos\/despedida-de-los-estudiantes-franceses\/"},"author":{"name":"- Instituto Mediterr\u00e1neo Sol","@id":"https:\/\/www.inmsol.com\/es\/#\/schema\/person\/94a7a01d14a56d1fbc49c841ffc57fe9"},"headline":"Despedida de los estudiantes franceses","datePublished":"2015-07-20T08:40:06+00:00","dateModified":"2019-11-21T10:56:36+00:00","mainEntityOfPage":{"@id":"https:\/\/www.inmsol.com\/es\/blog-escuela\/espanol-grupos\/despedida-de-los-estudiantes-franceses\/"},"wordCount":104,"publisher":{"@id":"https:\/\/www.inmsol.com\/es\/#organization"},"image":{"@id":"https:\/\/www.inmsol.com\/es\/blog-escuela\/espanol-grupos\/despedida-de-los-estudiantes-franceses\/#primaryimage"},"thumbnailUrl":"https:\/\/www.inmsol.com\/wp-content\/uploads\/2015\/07\/DSC_0087.jpg","articleSection":["Espa\u00f1ol para grupos"],"inLanguage":"es"},{"@type":"WebPage","@id":"https:\/\/www.inmsol.com\/es\/blog-escuela\/espanol-grupos\/despedida-de-los-estudiantes-franceses\/","url":"https:\/\/www.inmsol.com\/es\/blog-escuela\/espanol-grupos\/despedida-de-los-estudiantes-franceses\/","name":"Despedida de los estudiantes franceses\/iNMSOL cursos","isPartOf":{"@id":"https:\/\/www.inmsol.com\/es\/#website"},"primaryImageOfPage":{"@id":"https:\/\/www.inmsol.com\/es\/blog-escuela\/espanol-grupos\/despedida-de-los-estudiantes-franceses\/#primaryimage"},"image":{"@id":"https:\/\/www.inmsol.com\/es\/blog-escuela\/espanol-grupos\/despedida-de-los-estudiantes-franceses\/#primaryimage"},"thumbnailUrl":"https:\/\/www.inmsol.com\/wp-content\/uploads\/2015\/07\/DSC_0087.jpg","datePublished":"2015-07-20T08:40:06+00:00","dateModified":"2019-11-21T10:56:36+00:00","description":"El viernes pasado nos despedimos de un grupo de estudiantes que estuvieron con nosotros dos semanas. Nueve alumnos de Francia para aprender espa\u00f1ol.","breadcrumb":{"@id":"https:\/\/www.inmsol.com\/es\/blog-escuela\/espanol-grupos\/despedida-de-los-estudiantes-franceses\/#breadcrumb"},"inLanguage":"es","potentialAction":[{"@type":"ReadAction","target":["https:\/\/www.inmsol.com\/es\/blog-escuela\/espanol-grupos\/despedida-de-los-estudiantes-franceses\/"]}]},{"@type":"ImageObject","inLanguage":"es","@id":"https:\/\/www.inmsol.com\/es\/blog-escuela\/espanol-grupos\/despedida-de-los-estudiantes-franceses\/#primaryimage","url":"https:\/\/www.inmsol.com\/wp-content\/uploads\/2015\/07\/DSC_0087.jpg","contentUrl":"https:\/\/www.inmsol.com\/wp-content\/uploads\/2015\/07\/DSC_0087.jpg","width":1500,"height":1007},{"@type":"BreadcrumbList","@id":"https:\/\/www.inmsol.com\/es\/blog-escuela\/espanol-grupos\/despedida-de-los-estudiantes-franceses\/#breadcrumb","itemListElement":[{"@type":"ListItem","position":1,"name":"Accredited Center by Instituto Cervantes","item":"https:\/\/www.inmsol.com\/es\/pagina-ejemplo\/"},{"@type":"ListItem","position":2,"name":"Blog Escuela Espa\u00f1ol","item":"https:\/\/www.inmsol.com\/es\/category\/blog-escuela\/"},{"@type":"ListItem","position":3,"name":"Espa\u00f1ol para grupos","item":"https:\/\/www.inmsol.com\/es\/category\/blog-escuela\/espanol-grupos\/"},{"@type":"ListItem","position":4,"name":"Despedida de los estudiantes franceses"}]},{"@type":"WebSite","@id":"https:\/\/www.inmsol.com\/es\/#website","url":"https:\/\/www.inmsol.com\/es\/","name":"iNMSOL","description":"Aprenda Espa\u00f1ol con iNMSOL en Granada | Centro Acreditado por el Instituto Cervantes","publisher":{"@id":"https:\/\/www.inmsol.com\/es\/#organization"},"potentialAction":[{"@type":"SearchAction","target":{"@type":"EntryPoint","urlTemplate":"https:\/\/www.inmsol.com\/es\/?s={search_term_string}"},"query-input":{"@type":"PropertyValueSpecification","valueRequired":true,"valueName":"search_term_string"}}],"inLanguage":"es"},{"@type":"Organization","@id":"https:\/\/www.inmsol.com\/es\/#organization","name":"Instituto Mediterr\u00e1neo Sol","url":"https:\/\/www.inmsol.com\/es\/","logo":{"@type":"ImageObject","inLanguage":"es","@id":"https:\/\/www.inmsol.com\/es\/#\/schema\/logo\/image\/","url":"https:\/\/www.inmsol.com\/wp-content\/uploads\/2023\/06\/logo-inmsol-1.png","contentUrl":"https:\/\/www.inmsol.com\/wp-content\/uploads\/2023\/06\/logo-inmsol-1.png","width":136,"height":73,"caption":"Instituto Mediterr\u00e1neo Sol"},"image":{"@id":"https:\/\/www.inmsol.com\/es\/#\/schema\/logo\/image\/"},"sameAs":["https:\/\/www.facebook.com\/spanishcourses","https:\/\/x.com\/StudyInGranada","http:\/\/instagram.com\/imsolgranada","https:\/\/es.linkedin.com\/company\/imsol-granada","https:\/\/www.pinterest.es\/inmsol\/","https:\/\/www.youtube.com\/channel\/UChz-Qn_7coFMosY85iYMO4g"]},{"@type":"Person","@id":"https:\/\/www.inmsol.com\/es\/#\/schema\/person\/94a7a01d14a56d1fbc49c841ffc57fe9","name":"- Instituto Mediterr\u00e1neo Sol","image":{"@type":"ImageObject","inLanguage":"es","@id":"https:\/\/secure.gravatar.com\/avatar\/5607fdabdf1b548b6095cc3d43079829bc1497403e70dd34004e7204a8fef62b?s=96&d=mm&r=g","url":"https:\/\/secure.gravatar.com\/avatar\/5607fdabdf1b548b6095cc3d43079829bc1497403e70dd34004e7204a8fef62b?s=96&d=mm&r=g","contentUrl":"https:\/\/secure.gravatar.com\/avatar\/5607fdabdf1b548b6095cc3d43079829bc1497403e70dd34004e7204a8fef62b?s=96&d=mm&r=g","caption":"- Instituto Mediterr\u00e1neo Sol"},"url":"https:\/\/www.inmsol.com\/es\/author\/laura\/"}]}},"_links":{"self":[{"href":"https:\/\/www.inmsol.com\/es\/wp-json\/wp\/v2\/posts\/16753","targetHints":{"allow":["GET"]}}],"collection":[{"href":"https:\/\/www.inmsol.com\/es\/wp-json\/wp\/v2\/posts"}],"about":[{"href":"https:\/\/www.inmsol.com\/es\/wp-json\/wp\/v2\/types\/post"}],"author":[{"embeddable":true,"href":"https:\/\/www.inmsol.com\/es\/wp-json\/wp\/v2\/users\/3"}],"replies":[{"embeddable":true,"href":"https:\/\/www.inmsol.com\/es\/wp-json\/wp\/v2\/comments?post=16753"}],"version-history":[{"count":0,"href":"https:\/\/www.inmsol.com\/es\/wp-json\/wp\/v2\/posts\/16753\/revisions"}],"wp:featuredmedia":[{"embeddable":true,"href":"https:\/\/www.inmsol.com\/es\/wp-json\/wp\/v2\/media\/16743"}],"wp:attachment":[{"href":"https:\/\/www.inmsol.com\/es\/wp-json\/wp\/v2\/media?parent=16753"}],"wp:term":[{"taxonomy":"category","embeddable":true,"href":"https:\/\/www.inmsol.com\/es\/wp-json\/wp\/v2\/categories?post=16753"},{"taxonomy":"post_tag","embeddable":true,"href":"https:\/\/www.inmsol.com\/es\/wp-json\/wp\/v2\/tags?post=16753"}],"curies":[{"name":"wp","href":"https:\/\/api.w.org\/{rel}","templated":true}]}}