{"id":18375,"date":"2015-08-27T10:52:23","date_gmt":"2015-08-27T08:52:23","guid":{"rendered":"https:\/\/www.inmsol.com\/?p=18375"},"modified":"2019-04-23T15:35:45","modified_gmt":"2019-04-23T13:35:45","slug":"fechas-de-los-examenes-dele-para-el-proximo-ano","status":"publish","type":"post","link":"https:\/\/www.inmsol.com\/es\/examenes-y-certificaciones-espanol\/fechas-de-los-examenes-dele-para-el-proximo-ano\/","title":{"rendered":"Fechas de los ex\u00e1menes DELE para el pr\u00f3ximo a\u00f1o"},"content":{"rendered":"<p>Tenemos una buena noticia para los que no han tiempo para hacer los<a href=\"https:\/\/examenes.cervantes.es\/\"> ex\u00e1menes DELE <\/a>este a\u00f1o. El <strong><a href=\"http:\/\/www.cervantes.es\/default.htm\">Instituto Cervantes<\/a><\/strong> ya ha publicado las fechas de convocatorias para el a\u00f1o que viene.<\/p>\n<p><img fetchpriority=\"high\" decoding=\"async\" class=\" wp-image-18376 aligncenter\" src=\"https:\/\/www.inmsol.com\/wp-content\/uploads\/2015\/08\/DELE-convocatorias-2016-268x300.jpg\" alt=\"DELE convocatorias 2016\" width=\"465\" height=\"521\" srcset=\"https:\/\/www.inmsol.com\/wp-content\/uploads\/2015\/08\/DELE-convocatorias-2016-268x300.jpg 268w, https:\/\/www.inmsol.com\/wp-content\/uploads\/2015\/08\/DELE-convocatorias-2016-64x72.jpg 64w, https:\/\/www.inmsol.com\/wp-content\/uploads\/2015\/08\/DELE-convocatorias-2016-600x672.jpg 600w, https:\/\/www.inmsol.com\/wp-content\/uploads\/2015\/08\/DELE-convocatorias-2016-178x200.jpg 178w, https:\/\/www.inmsol.com\/wp-content\/uploads\/2015\/08\/DELE-convocatorias-2016-357x400.jpg 357w, https:\/\/www.inmsol.com\/wp-content\/uploads\/2015\/08\/DELE-convocatorias-2016.jpg 606w\" sizes=\"(max-width: 465px) 100vw, 465px\" \/><\/p>\n<p>En mayo y en noviembre se celebrar\u00e1n las convocatorias dirigidas a los escolares, es decir, a los menores de 18 a\u00f1os.<\/p>\n<p>Seg\u00fan nos han informado, los precios de los ex\u00e1menes para el a\u00f1o 2016 estar\u00e1n publicados en breves.<\/p>\n","protected":false},"excerpt":{"rendered":"<p>Tenemos una buena noticia para los que no han tiempo para hacer los ex\u00e1menes DELE este a\u00f1o. El Instituto Cervantes ya ha publicado las fechas de convocatorias para el a\u00f1o que viene. En mayo y en noviembre se celebrar\u00e1n las convocatorias dirigidas a los escolares,&#8230;<\/p>\n","protected":false},"author":3,"featured_media":15826,"comment_status":"closed","ping_status":"closed","sticky":false,"template":"","format":"standard","meta":{"_acf_changed":false,"footnotes":""},"categories":[451],"tags":[],"class_list":["post-18375","post","type-post","status-publish","format-standard","has-post-thumbnail","hentry","category-examenes-y-certificaciones-espanol"],"acf":[],"yoast_head":"<!-- This site is optimized with the Yoast SEO plugin v27.5 - https:\/\/yoast.com\/product\/yoast-seo-wordpress\/ -->\n<title>Fechas de los ex\u00e1menes DELE para el pr\u00f3ximo a\u00f1o<\/title>\n<meta name=\"description\" content=\"Tenemos una buena noticia para los que no han tiempo para hacer los ex\u00e1menes DELE este a\u00f1o. El Instituto Cervantes ya ha publicado las fechas de convocatorias.\" \/>\n<meta name=\"robots\" content=\"index, follow, max-snippet:-1, max-image-preview:large, max-video-preview:-1\" \/>\n<link rel=\"canonical\" href=\"https:\/\/www.inmsol.com\/es\/examenes-y-certificaciones-espanol\/fechas-de-los-examenes-dele-para-el-proximo-ano\/\" \/>\n<meta property=\"og:locale\" content=\"es_ES\" \/>\n<meta property=\"og:type\" content=\"article\" \/>\n<meta property=\"og:title\" content=\"Fechas de los ex\u00e1menes DELE para el pr\u00f3ximo a\u00f1o\" \/>\n<meta property=\"og:description\" content=\"Tenemos una buena noticia para los que no han tiempo para hacer los ex\u00e1menes DELE este a\u00f1o. El Instituto Cervantes ya ha publicado las fechas de convocatorias.\" \/>\n<meta property=\"og:url\" content=\"https:\/\/www.inmsol.com\/es\/examenes-y-certificaciones-espanol\/fechas-de-los-examenes-dele-para-el-proximo-ano\/\" \/>\n<meta property=\"og:site_name\" content=\"iNMSOL\" \/>\n<meta property=\"article:publisher\" content=\"https:\/\/www.facebook.com\/spanishcourses\" \/>\n<meta property=\"article:published_time\" content=\"2015-08-27T08:52:23+00:00\" \/>\n<meta property=\"article:modified_time\" content=\"2019-04-23T13:35:45+00:00\" \/>\n<meta property=\"og:image\" content=\"https:\/\/www.inmsol.com\/wp-content\/uploads\/2015\/06\/Logo_DELE_RGB-2.jpg\" \/>\n\t<meta property=\"og:image:width\" content=\"280\" \/>\n\t<meta property=\"og:image:height\" content=\"248\" \/>\n\t<meta property=\"og:image:type\" content=\"image\/jpeg\" \/>\n<meta name=\"author\" content=\"- Instituto Mediterr\u00e1neo Sol\" \/>\n<meta name=\"twitter:label1\" content=\"Escrito por\" \/>\n\t<meta name=\"twitter:data1\" content=\"- Instituto Mediterr\u00e1neo Sol\" \/>\n<script type=\"application\/ld+json\" class=\"yoast-schema-graph\">{\"@context\":\"https:\\\/\\\/schema.org\",\"@graph\":[{\"@type\":\"Article\",\"@id\":\"https:\\\/\\\/www.inmsol.com\\\/es\\\/examenes-y-certificaciones-espanol\\\/fechas-de-los-examenes-dele-para-el-proximo-ano\\\/#article\",\"isPartOf\":{\"@id\":\"https:\\\/\\\/www.inmsol.com\\\/es\\\/examenes-y-certificaciones-espanol\\\/fechas-de-los-examenes-dele-para-el-proximo-ano\\\/\"},\"author\":{\"name\":\"- Instituto Mediterr\u00e1neo Sol\",\"@id\":\"https:\\\/\\\/www.inmsol.com\\\/es\\\/#\\\/schema\\\/person\\\/94a7a01d14a56d1fbc49c841ffc57fe9\"},\"headline\":\"Fechas de los ex\u00e1menes DELE para el pr\u00f3ximo a\u00f1o\",\"datePublished\":\"2015-08-27T08:52:23+00:00\",\"dateModified\":\"2019-04-23T13:35:45+00:00\",\"mainEntityOfPage\":{\"@id\":\"https:\\\/\\\/www.inmsol.com\\\/es\\\/examenes-y-certificaciones-espanol\\\/fechas-de-los-examenes-dele-para-el-proximo-ano\\\/\"},\"wordCount\":89,\"publisher\":{\"@id\":\"https:\\\/\\\/www.inmsol.com\\\/es\\\/#organization\"},\"image\":{\"@id\":\"https:\\\/\\\/www.inmsol.com\\\/es\\\/examenes-y-certificaciones-espanol\\\/fechas-de-los-examenes-dele-para-el-proximo-ano\\\/#primaryimage\"},\"thumbnailUrl\":\"https:\\\/\\\/www.inmsol.com\\\/wp-content\\\/uploads\\\/2015\\\/06\\\/Logo_DELE_RGB-2.jpg\",\"articleSection\":[\"Ex\u00e1menes y Certificaciones Espa\u00f1ol\"],\"inLanguage\":\"es\"},{\"@type\":\"WebPage\",\"@id\":\"https:\\\/\\\/www.inmsol.com\\\/es\\\/examenes-y-certificaciones-espanol\\\/fechas-de-los-examenes-dele-para-el-proximo-ano\\\/\",\"url\":\"https:\\\/\\\/www.inmsol.com\\\/es\\\/examenes-y-certificaciones-espanol\\\/fechas-de-los-examenes-dele-para-el-proximo-ano\\\/\",\"name\":\"Fechas de los ex\u00e1menes DELE para el pr\u00f3ximo a\u00f1o\",\"isPartOf\":{\"@id\":\"https:\\\/\\\/www.inmsol.com\\\/es\\\/#website\"},\"primaryImageOfPage\":{\"@id\":\"https:\\\/\\\/www.inmsol.com\\\/es\\\/examenes-y-certificaciones-espanol\\\/fechas-de-los-examenes-dele-para-el-proximo-ano\\\/#primaryimage\"},\"image\":{\"@id\":\"https:\\\/\\\/www.inmsol.com\\\/es\\\/examenes-y-certificaciones-espanol\\\/fechas-de-los-examenes-dele-para-el-proximo-ano\\\/#primaryimage\"},\"thumbnailUrl\":\"https:\\\/\\\/www.inmsol.com\\\/wp-content\\\/uploads\\\/2015\\\/06\\\/Logo_DELE_RGB-2.jpg\",\"datePublished\":\"2015-08-27T08:52:23+00:00\",\"dateModified\":\"2019-04-23T13:35:45+00:00\",\"description\":\"Tenemos una buena noticia para los que no han tiempo para hacer los ex\u00e1menes DELE este a\u00f1o. El Instituto Cervantes ya ha publicado las fechas de convocatorias.\",\"breadcrumb\":{\"@id\":\"https:\\\/\\\/www.inmsol.com\\\/es\\\/examenes-y-certificaciones-espanol\\\/fechas-de-los-examenes-dele-para-el-proximo-ano\\\/#breadcrumb\"},\"inLanguage\":\"es\",\"potentialAction\":[{\"@type\":\"ReadAction\",\"target\":[\"https:\\\/\\\/www.inmsol.com\\\/es\\\/examenes-y-certificaciones-espanol\\\/fechas-de-los-examenes-dele-para-el-proximo-ano\\\/\"]}]},{\"@type\":\"ImageObject\",\"inLanguage\":\"es\",\"@id\":\"https:\\\/\\\/www.inmsol.com\\\/es\\\/examenes-y-certificaciones-espanol\\\/fechas-de-los-examenes-dele-para-el-proximo-ano\\\/#primaryimage\",\"url\":\"https:\\\/\\\/www.inmsol.com\\\/wp-content\\\/uploads\\\/2015\\\/06\\\/Logo_DELE_RGB-2.jpg\",\"contentUrl\":\"https:\\\/\\\/www.inmsol.com\\\/wp-content\\\/uploads\\\/2015\\\/06\\\/Logo_DELE_RGB-2.jpg\",\"width\":280,\"height\":248,\"caption\":\"DELE\"},{\"@type\":\"BreadcrumbList\",\"@id\":\"https:\\\/\\\/www.inmsol.com\\\/es\\\/examenes-y-certificaciones-espanol\\\/fechas-de-los-examenes-dele-para-el-proximo-ano\\\/#breadcrumb\",\"itemListElement\":[{\"@type\":\"ListItem\",\"position\":1,\"name\":\"Accredited Center by Instituto Cervantes\",\"item\":\"https:\\\/\\\/www.inmsol.com\\\/es\\\/pagina-ejemplo\\\/\"},{\"@type\":\"ListItem\",\"position\":2,\"name\":\"Ex\u00e1menes y Certificaciones Espa\u00f1ol\",\"item\":\"https:\\\/\\\/www.inmsol.com\\\/es\\\/category\\\/examenes-y-certificaciones-espanol\\\/\"},{\"@type\":\"ListItem\",\"position\":3,\"name\":\"Fechas de los ex\u00e1menes DELE para el pr\u00f3ximo a\u00f1o\"}]},{\"@type\":\"WebSite\",\"@id\":\"https:\\\/\\\/www.inmsol.com\\\/es\\\/#website\",\"url\":\"https:\\\/\\\/www.inmsol.com\\\/es\\\/\",\"name\":\"iNMSOL\",\"description\":\"Aprenda Espa\u00f1ol con iNMSOL en Granada | Centro Acreditado por el Instituto Cervantes\",\"publisher\":{\"@id\":\"https:\\\/\\\/www.inmsol.com\\\/es\\\/#organization\"},\"potentialAction\":[{\"@type\":\"SearchAction\",\"target\":{\"@type\":\"EntryPoint\",\"urlTemplate\":\"https:\\\/\\\/www.inmsol.com\\\/es\\\/?s={search_term_string}\"},\"query-input\":{\"@type\":\"PropertyValueSpecification\",\"valueRequired\":true,\"valueName\":\"search_term_string\"}}],\"inLanguage\":\"es\"},{\"@type\":\"Organization\",\"@id\":\"https:\\\/\\\/www.inmsol.com\\\/es\\\/#organization\",\"name\":\"Instituto Mediterr\u00e1neo Sol\",\"url\":\"https:\\\/\\\/www.inmsol.com\\\/es\\\/\",\"logo\":{\"@type\":\"ImageObject\",\"inLanguage\":\"es\",\"@id\":\"https:\\\/\\\/www.inmsol.com\\\/es\\\/#\\\/schema\\\/logo\\\/image\\\/\",\"url\":\"https:\\\/\\\/www.inmsol.com\\\/wp-content\\\/uploads\\\/2023\\\/06\\\/logo-inmsol-1.png\",\"contentUrl\":\"https:\\\/\\\/www.inmsol.com\\\/wp-content\\\/uploads\\\/2023\\\/06\\\/logo-inmsol-1.png\",\"width\":136,\"height\":73,\"caption\":\"Instituto Mediterr\u00e1neo Sol\"},\"image\":{\"@id\":\"https:\\\/\\\/www.inmsol.com\\\/es\\\/#\\\/schema\\\/logo\\\/image\\\/\"},\"sameAs\":[\"https:\\\/\\\/www.facebook.com\\\/spanishcourses\",\"https:\\\/\\\/x.com\\\/StudyInGranada\",\"http:\\\/\\\/instagram.com\\\/imsolgranada\",\"https:\\\/\\\/es.linkedin.com\\\/company\\\/imsol-granada\",\"https:\\\/\\\/www.pinterest.es\\\/inmsol\\\/\",\"https:\\\/\\\/www.youtube.com\\\/channel\\\/UChz-Qn_7coFMosY85iYMO4g\"]},{\"@type\":\"Person\",\"@id\":\"https:\\\/\\\/www.inmsol.com\\\/es\\\/#\\\/schema\\\/person\\\/94a7a01d14a56d1fbc49c841ffc57fe9\",\"name\":\"- Instituto Mediterr\u00e1neo Sol\",\"image\":{\"@type\":\"ImageObject\",\"inLanguage\":\"es\",\"@id\":\"https:\\\/\\\/secure.gravatar.com\\\/avatar\\\/5607fdabdf1b548b6095cc3d43079829bc1497403e70dd34004e7204a8fef62b?s=96&d=mm&r=g\",\"url\":\"https:\\\/\\\/secure.gravatar.com\\\/avatar\\\/5607fdabdf1b548b6095cc3d43079829bc1497403e70dd34004e7204a8fef62b?s=96&d=mm&r=g\",\"contentUrl\":\"https:\\\/\\\/secure.gravatar.com\\\/avatar\\\/5607fdabdf1b548b6095cc3d43079829bc1497403e70dd34004e7204a8fef62b?s=96&d=mm&r=g\",\"caption\":\"- Instituto Mediterr\u00e1neo Sol\"},\"url\":\"https:\\\/\\\/www.inmsol.com\\\/es\\\/author\\\/laura\\\/\"}]}<\/script>\n<!-- \/ Yoast SEO plugin. -->","yoast_head_json":{"title":"Fechas de los ex\u00e1menes DELE para el pr\u00f3ximo a\u00f1o","description":"Tenemos una buena noticia para los que no han tiempo para hacer los ex\u00e1menes DELE este a\u00f1o. El Instituto Cervantes ya ha publicado las fechas de convocatorias.","robots":{"index":"index","follow":"follow","max-snippet":"max-snippet:-1","max-image-preview":"max-image-preview:large","max-video-preview":"max-video-preview:-1"},"canonical":"https:\/\/www.inmsol.com\/es\/examenes-y-certificaciones-espanol\/fechas-de-los-examenes-dele-para-el-proximo-ano\/","og_locale":"es_ES","og_type":"article","og_title":"Fechas de los ex\u00e1menes DELE para el pr\u00f3ximo a\u00f1o","og_description":"Tenemos una buena noticia para los que no han tiempo para hacer los ex\u00e1menes DELE este a\u00f1o. El Instituto Cervantes ya ha publicado las fechas de convocatorias.","og_url":"https:\/\/www.inmsol.com\/es\/examenes-y-certificaciones-espanol\/fechas-de-los-examenes-dele-para-el-proximo-ano\/","og_site_name":"iNMSOL","article_publisher":"https:\/\/www.facebook.com\/spanishcourses","article_published_time":"2015-08-27T08:52:23+00:00","article_modified_time":"2019-04-23T13:35:45+00:00","og_image":[{"width":280,"height":248,"url":"https:\/\/www.inmsol.com\/wp-content\/uploads\/2015\/06\/Logo_DELE_RGB-2.jpg","type":"image\/jpeg"}],"author":"- Instituto Mediterr\u00e1neo Sol","twitter_misc":{"Escrito por":"- Instituto Mediterr\u00e1neo Sol"},"schema":{"@context":"https:\/\/schema.org","@graph":[{"@type":"Article","@id":"https:\/\/www.inmsol.com\/es\/examenes-y-certificaciones-espanol\/fechas-de-los-examenes-dele-para-el-proximo-ano\/#article","isPartOf":{"@id":"https:\/\/www.inmsol.com\/es\/examenes-y-certificaciones-espanol\/fechas-de-los-examenes-dele-para-el-proximo-ano\/"},"author":{"name":"- Instituto Mediterr\u00e1neo Sol","@id":"https:\/\/www.inmsol.com\/es\/#\/schema\/person\/94a7a01d14a56d1fbc49c841ffc57fe9"},"headline":"Fechas de los ex\u00e1menes DELE para el pr\u00f3ximo a\u00f1o","datePublished":"2015-08-27T08:52:23+00:00","dateModified":"2019-04-23T13:35:45+00:00","mainEntityOfPage":{"@id":"https:\/\/www.inmsol.com\/es\/examenes-y-certificaciones-espanol\/fechas-de-los-examenes-dele-para-el-proximo-ano\/"},"wordCount":89,"publisher":{"@id":"https:\/\/www.inmsol.com\/es\/#organization"},"image":{"@id":"https:\/\/www.inmsol.com\/es\/examenes-y-certificaciones-espanol\/fechas-de-los-examenes-dele-para-el-proximo-ano\/#primaryimage"},"thumbnailUrl":"https:\/\/www.inmsol.com\/wp-content\/uploads\/2015\/06\/Logo_DELE_RGB-2.jpg","articleSection":["Ex\u00e1menes y Certificaciones Espa\u00f1ol"],"inLanguage":"es"},{"@type":"WebPage","@id":"https:\/\/www.inmsol.com\/es\/examenes-y-certificaciones-espanol\/fechas-de-los-examenes-dele-para-el-proximo-ano\/","url":"https:\/\/www.inmsol.com\/es\/examenes-y-certificaciones-espanol\/fechas-de-los-examenes-dele-para-el-proximo-ano\/","name":"Fechas de los ex\u00e1menes DELE para el pr\u00f3ximo a\u00f1o","isPartOf":{"@id":"https:\/\/www.inmsol.com\/es\/#website"},"primaryImageOfPage":{"@id":"https:\/\/www.inmsol.com\/es\/examenes-y-certificaciones-espanol\/fechas-de-los-examenes-dele-para-el-proximo-ano\/#primaryimage"},"image":{"@id":"https:\/\/www.inmsol.com\/es\/examenes-y-certificaciones-espanol\/fechas-de-los-examenes-dele-para-el-proximo-ano\/#primaryimage"},"thumbnailUrl":"https:\/\/www.inmsol.com\/wp-content\/uploads\/2015\/06\/Logo_DELE_RGB-2.jpg","datePublished":"2015-08-27T08:52:23+00:00","dateModified":"2019-04-23T13:35:45+00:00","description":"Tenemos una buena noticia para los que no han tiempo para hacer los ex\u00e1menes DELE este a\u00f1o. El Instituto Cervantes ya ha publicado las fechas de convocatorias.","breadcrumb":{"@id":"https:\/\/www.inmsol.com\/es\/examenes-y-certificaciones-espanol\/fechas-de-los-examenes-dele-para-el-proximo-ano\/#breadcrumb"},"inLanguage":"es","potentialAction":[{"@type":"ReadAction","target":["https:\/\/www.inmsol.com\/es\/examenes-y-certificaciones-espanol\/fechas-de-los-examenes-dele-para-el-proximo-ano\/"]}]},{"@type":"ImageObject","inLanguage":"es","@id":"https:\/\/www.inmsol.com\/es\/examenes-y-certificaciones-espanol\/fechas-de-los-examenes-dele-para-el-proximo-ano\/#primaryimage","url":"https:\/\/www.inmsol.com\/wp-content\/uploads\/2015\/06\/Logo_DELE_RGB-2.jpg","contentUrl":"https:\/\/www.inmsol.com\/wp-content\/uploads\/2015\/06\/Logo_DELE_RGB-2.jpg","width":280,"height":248,"caption":"DELE"},{"@type":"BreadcrumbList","@id":"https:\/\/www.inmsol.com\/es\/examenes-y-certificaciones-espanol\/fechas-de-los-examenes-dele-para-el-proximo-ano\/#breadcrumb","itemListElement":[{"@type":"ListItem","position":1,"name":"Accredited Center by Instituto Cervantes","item":"https:\/\/www.inmsol.com\/es\/pagina-ejemplo\/"},{"@type":"ListItem","position":2,"name":"Ex\u00e1menes y Certificaciones Espa\u00f1ol","item":"https:\/\/www.inmsol.com\/es\/category\/examenes-y-certificaciones-espanol\/"},{"@type":"ListItem","position":3,"name":"Fechas de los ex\u00e1menes DELE para el pr\u00f3ximo a\u00f1o"}]},{"@type":"WebSite","@id":"https:\/\/www.inmsol.com\/es\/#website","url":"https:\/\/www.inmsol.com\/es\/","name":"iNMSOL","description":"Aprenda Espa\u00f1ol con iNMSOL en Granada | Centro Acreditado por el Instituto Cervantes","publisher":{"@id":"https:\/\/www.inmsol.com\/es\/#organization"},"potentialAction":[{"@type":"SearchAction","target":{"@type":"EntryPoint","urlTemplate":"https:\/\/www.inmsol.com\/es\/?s={search_term_string}"},"query-input":{"@type":"PropertyValueSpecification","valueRequired":true,"valueName":"search_term_string"}}],"inLanguage":"es"},{"@type":"Organization","@id":"https:\/\/www.inmsol.com\/es\/#organization","name":"Instituto Mediterr\u00e1neo Sol","url":"https:\/\/www.inmsol.com\/es\/","logo":{"@type":"ImageObject","inLanguage":"es","@id":"https:\/\/www.inmsol.com\/es\/#\/schema\/logo\/image\/","url":"https:\/\/www.inmsol.com\/wp-content\/uploads\/2023\/06\/logo-inmsol-1.png","contentUrl":"https:\/\/www.inmsol.com\/wp-content\/uploads\/2023\/06\/logo-inmsol-1.png","width":136,"height":73,"caption":"Instituto Mediterr\u00e1neo Sol"},"image":{"@id":"https:\/\/www.inmsol.com\/es\/#\/schema\/logo\/image\/"},"sameAs":["https:\/\/www.facebook.com\/spanishcourses","https:\/\/x.com\/StudyInGranada","http:\/\/instagram.com\/imsolgranada","https:\/\/es.linkedin.com\/company\/imsol-granada","https:\/\/www.pinterest.es\/inmsol\/","https:\/\/www.youtube.com\/channel\/UChz-Qn_7coFMosY85iYMO4g"]},{"@type":"Person","@id":"https:\/\/www.inmsol.com\/es\/#\/schema\/person\/94a7a01d14a56d1fbc49c841ffc57fe9","name":"- Instituto Mediterr\u00e1neo Sol","image":{"@type":"ImageObject","inLanguage":"es","@id":"https:\/\/secure.gravatar.com\/avatar\/5607fdabdf1b548b6095cc3d43079829bc1497403e70dd34004e7204a8fef62b?s=96&d=mm&r=g","url":"https:\/\/secure.gravatar.com\/avatar\/5607fdabdf1b548b6095cc3d43079829bc1497403e70dd34004e7204a8fef62b?s=96&d=mm&r=g","contentUrl":"https:\/\/secure.gravatar.com\/avatar\/5607fdabdf1b548b6095cc3d43079829bc1497403e70dd34004e7204a8fef62b?s=96&d=mm&r=g","caption":"- Instituto Mediterr\u00e1neo Sol"},"url":"https:\/\/www.inmsol.com\/es\/author\/laura\/"}]}},"_links":{"self":[{"href":"https:\/\/www.inmsol.com\/es\/wp-json\/wp\/v2\/posts\/18375","targetHints":{"allow":["GET"]}}],"collection":[{"href":"https:\/\/www.inmsol.com\/es\/wp-json\/wp\/v2\/posts"}],"about":[{"href":"https:\/\/www.inmsol.com\/es\/wp-json\/wp\/v2\/types\/post"}],"author":[{"embeddable":true,"href":"https:\/\/www.inmsol.com\/es\/wp-json\/wp\/v2\/users\/3"}],"replies":[{"embeddable":true,"href":"https:\/\/www.inmsol.com\/es\/wp-json\/wp\/v2\/comments?post=18375"}],"version-history":[{"count":0,"href":"https:\/\/www.inmsol.com\/es\/wp-json\/wp\/v2\/posts\/18375\/revisions"}],"wp:featuredmedia":[{"embeddable":true,"href":"https:\/\/www.inmsol.com\/es\/wp-json\/wp\/v2\/media\/15826"}],"wp:attachment":[{"href":"https:\/\/www.inmsol.com\/es\/wp-json\/wp\/v2\/media?parent=18375"}],"wp:term":[{"taxonomy":"category","embeddable":true,"href":"https:\/\/www.inmsol.com\/es\/wp-json\/wp\/v2\/categories?post=18375"},{"taxonomy":"post_tag","embeddable":true,"href":"https:\/\/www.inmsol.com\/es\/wp-json\/wp\/v2\/tags?post=18375"}],"curies":[{"name":"wp","href":"https:\/\/api.w.org\/{rel}","templated":true}]}}