{"id":207,"date":"2010-01-05T12:18:36","date_gmt":"2010-01-05T11:18:36","guid":{"rendered":"https:\/\/www.inmsol.com\/"},"modified":"2019-05-02T12:08:02","modified_gmt":"2019-05-02T10:08:02","slug":"cabalgata-de-reyes-2010-granada","status":"publish","type":"post","link":"https:\/\/www.inmsol.com\/es\/blog-escuela\/eventos-granada\/cabalgata-de-reyes-2010-granada\/","title":{"rendered":"Cabalgata de Reyes 2010 Granada"},"content":{"rendered":"<p>El pintor Juan Vida, el empresario Luis Mart\u00edn y el veterinario Jos\u00e9 Luis Le\u00f3n, encarnar\u00e1n a los<strong> Reyes Magos en la cabalgata granadina de 2010.<\/strong><\/p>\n<p><em><strong>Recorrido:<\/strong><\/em><br \/>\n-Salida (17.30horas)<br \/>\n-Gran Capit\u00e1n<br \/>\n-San Juan de Dios<br \/>\n-Gran V\u00eda<br \/>\n-Reyes Cat\u00f3licos<br \/>\n-Puerta Real<br \/>\n-Acera del Darro<br \/>\n-Plaza del Humilladero<br \/>\n-Carrera de la Virgen<br \/>\n-Plaza de Bibataub\u00edn<br \/>\n-Plaza del Campillo<br \/>\n-Plaza de Mariana Pineda,<br \/>\n-\u00c1ngel Ganivet<br \/>\n-Reyes Cat\u00f3licos<br \/>\n-Plaza del Carmen<\/p>\n<p>\u00a0<\/p>\n<p class=\"rtecenter\"><strong>La historia, la carta, la cabalgata, el rosc\u00f3n, y los regalos <\/strong><\/p>\n<p class=\"rtecenter\"><strong>de los Reyes Magos<\/strong><\/p>\n<p class=\"rtecenter\">\u00a0<\/p>\n<p class=\"rteleft\">\u00bfQui\u00e9nes son los Reyes Magos? Sus <strong>or\u00edgenes<\/strong> son un verdadero misterio. Su rastro nos lleva a la <strong>Biblia<\/strong>, al cap\u00edtulo dos, vers\u00edculos uno al doce, del Evangelio de San Mateo. En este trecho se narra el camino que hicieron unos Magos del Oriente, guiados por una estrella, hasta llegar a Bel\u00e9n para visitar y ofrecer regalos al reci\u00e9n nacido Jes\u00fas. Pero, aunque en esas escrituras no se explica de d\u00f3nde proceden, todo indica que vinieron de Babilonia o Persia, donde los magos ejerc\u00edan una gran influencia. <\/p>\n<p>\n<strong>Melchor, Gaspar y Baltasar<\/strong><br \/>\nTampoco hacen menci\u00f3n de c\u00f3mo eran o c\u00f3mo se llamaban <strong>los reyes<\/strong>. En el siglo XIV, un monje benedictino, doctor de la iglesia, describi\u00f3 a los Reyes Magos en un manuscrito: <strong>Melchor<\/strong> era un anciano de blancos cabellos y larga barba; <strong>Gaspar<\/strong>, m\u00e1s joven y rubio; y <strong>Baltasar<\/strong>, un se\u00f1or negro. Los identific\u00f3 como representantes de Europa, Asia y \u00c1frica. <\/p>\n<p>Las escrituras no cuentan qu\u00e9 hac\u00edan los reyes. Existen teor\u00edas que explican que los Reyes podr\u00edan haber sido astr\u00f3logos, sacerdotes, o cient\u00edficos. <\/p>\n<p>Y en cuanto al n\u00famero de magos, se acepta el de tres, aunque en distintos lugares se suponen que fueron dos, cuatro, y hasta doce, los reyes magos. Del mismo modo, no se sabe cu\u00e1l ha sido su destino despu\u00e9s del encuentro con la familia de Jes\u00fas, en Bel\u00e9n. <\/p>\n<p>En cuanto a la estrella que les condujo a Bel\u00e9n, para muchos cient\u00edficos no se trataba m\u00e1s que un cometa o meteoro luminoso. Existen muchas teor\u00edas que intentan profundizar lo que est\u00e1 escrito en la Biblia, pero lo que s\u00ed sabemos es que, con el tiempo, sus majestades los Reyes Magos se convirtieron en unos personajes muy queridos por todos los ni\u00f1os. <\/p>\n<p>\n<strong>Los regalos de reyes<\/strong><br \/>\nSon los Reyes Magos que, en la madrugada del d\u00eda <strong>6 de enero<\/strong> de cada a\u00f1o, visitan a las casas donde hayan ni\u00f1os hispanos para dejarles regalos, del mismo modo en que hace a\u00f1os llevaron oro, incienso y mirra al ni\u00f1o Jes\u00fas. <br \/>\nSeg\u00fan las tradiciones, una de las cosas exigidas por los reyes para que los ni\u00f1os reciban su regalos es que se hayan comportado y hayan sido buenos durante el \u00faltimo a\u00f1o. Para los que cumplen esas exigencias, reciben <strong>regalos<\/strong>, pero los que no se hayan portado bien los reyes no les traen regalos, sino carb\u00f3n. Pero como los reyes no son malos, el carb\u00f3n que les dan es un tipo de <strong>carb\u00f3n dulce<\/strong>, hechos de az\u00facar, que simboliza la necesidad de que el ni\u00f1o se comporte mejor. <\/p>\n<p>\n<strong>La cabalgata de reyes<\/strong><br \/>\nEs una de las tradiciones m\u00e1s profundas de la <strong>cultura espa\u00f1ola<\/strong>. La Cabalgada de reyes es un desfile que sale a las calles de todas las ciudades, envueltas de luces y color, representando el camino que recorrieron los Reyes Magos hasta Bel\u00e9n. Montados en camellos o en carrozas, los reyes salen acompa\u00f1ados de sus pajes quienes regalan caramelos a los ni\u00f1os. Es una noche donde se mezclan la tradici\u00f3n con la fe y la esperanza. Es una noche m\u00e1gica y de mucha ilusi\u00f3n para los ni\u00f1os. Una noche de adoraci\u00f3n a los reyes y al ni\u00f1o Jes\u00fas.<\/p>\n<p>\n<strong>El rosc\u00f3n de reyes<\/strong><br \/>\nDespu\u00e9s de una noche m\u00e1gica nada mejor que despertar con un sabor dulce en la boca. El rosc\u00f3n de reyes es el producto estrella del d\u00eda de reyes, es decir, el 6 de enero. Mientras los turrones son los protagonistas de los postres navide\u00f1os, el rosc\u00f3n es el protagonista de la mesa de reyes. El rosc\u00f3n es un tipo de <strong>bollo de masa fina <\/strong>con forma de anillo, m\u00e1s o menos redondeado, decorado con trozos de frutas confitadas de muchos colores. Dentro de la masa se suelen esconderse peque\u00f1os regalos para quienes, con suerte, come el pedazo donde lo guarda. <br \/>\nSe puede degustar el rosc\u00f3n en el desayuno, como postre despu\u00e9s de la comida, en la merienda, y en cualquier momento del d\u00eda. <\/p>\n<p>\n<strong>La carta a los Reyes Magos<\/strong><br \/>\nComo cada a\u00f1o, el escribir la carta a los reyes representa mucha ilusi\u00f3n, fantas\u00eda, e inocencia de los ni\u00f1os. En ella, los ni\u00f1os cuentan como se han portado, c\u00f3mo fueron de buenos, hacen su pedido de regalo, y hacen algunos dibujitos. Para hacer llegar la carta a sus majestades, los ni\u00f1os tienen muchos caminos. Se la puede entregar a los pajes de los reyes durante la cabalgata, al correo real montado en muchas tiendas de juguetes, o simplemente dejarla junto a las zapatillas, a la ventana o al pie del \u00e1rbol de Navidad. Hay ni\u00f1os que piden a que sus padres la sellen y la lleven al correo convencional, y hay otros que prefieren la rapidez y la comodidad del correo electr\u00f3nico. <br \/>\nSea cual sea el camino que hab\u00e9is elegido, no os olvid\u00e9is de dejar algo de comer y de beber a los reyes y a sus camellos. Algo de dulce o de frutas seguro les har\u00e1 mucha ilusi\u00f3n. <br \/>\n\u00a0<\/p>\n","protected":false},"excerpt":{"rendered":"<p>El pintor Juan Vida, el empresario Luis Mart\u00edn y el veterinario Jos\u00e9 Luis Le\u00f3n, encarnar\u00e1n a los Reyes Magos en la cabalgata granadina de 2010. Recorrido: -Salida (17.30horas) -Gran Capit\u00e1n -San Juan de Dios -Gran V\u00eda -Reyes Cat\u00f3licos -Puerta Real -Acera del Darro -Plaza del&#8230;<\/p>\n","protected":false},"author":2,"featured_media":0,"comment_status":"closed","ping_status":"closed","sticky":false,"template":"","format":"standard","meta":{"_acf_changed":false,"footnotes":""},"categories":[80],"tags":[],"class_list":["post-207","post","type-post","status-publish","format-standard","hentry","category-eventos-granada"],"acf":[],"yoast_head":"<!-- This site is optimized with the Yoast SEO plugin v27.5 - https:\/\/yoast.com\/product\/yoast-seo-wordpress\/ -->\n<title>Cabalgata de Reyes 2010 Granada &#8226; iNMSOL<\/title>\n<meta name=\"description\" content=\"Cabalgata de Reyes Magos 2010 Granada\" \/>\n<meta name=\"robots\" content=\"index, follow, max-snippet:-1, max-image-preview:large, max-video-preview:-1\" \/>\n<link rel=\"canonical\" href=\"https:\/\/www.inmsol.com\/es\/blog-escuela\/eventos-granada\/cabalgata-de-reyes-2010-granada\/\" \/>\n<meta property=\"og:locale\" content=\"es_ES\" \/>\n<meta property=\"og:type\" content=\"article\" \/>\n<meta property=\"og:title\" content=\"Cabalgata de Reyes 2010 Granada &#8226; iNMSOL\" \/>\n<meta property=\"og:description\" content=\"Cabalgata de Reyes Magos 2010 Granada\" \/>\n<meta property=\"og:url\" content=\"https:\/\/www.inmsol.com\/es\/blog-escuela\/eventos-granada\/cabalgata-de-reyes-2010-granada\/\" \/>\n<meta property=\"og:site_name\" content=\"iNMSOL\" \/>\n<meta property=\"article:publisher\" content=\"https:\/\/www.facebook.com\/spanishcourses\" \/>\n<meta property=\"article:published_time\" content=\"2010-01-05T11:18:36+00:00\" \/>\n<meta property=\"article:modified_time\" content=\"2019-05-02T10:08:02+00:00\" \/>\n<meta property=\"og:image\" content=\"https:\/\/www.inmsol.com\/wp-content\/uploads\/2019\/08\/logo-inmsol.png\" \/>\n\t<meta property=\"og:image:width\" content=\"320\" \/>\n\t<meta property=\"og:image:height\" content=\"154\" \/>\n\t<meta property=\"og:image:type\" content=\"image\/png\" \/>\n<meta name=\"author\" content=\"Javier Torres\" \/>\n<meta name=\"twitter:label1\" content=\"Escrito por\" \/>\n\t<meta name=\"twitter:data1\" content=\"Javier Torres\" \/>\n\t<meta name=\"twitter:label2\" content=\"Tiempo de lectura\" \/>\n\t<meta name=\"twitter:data2\" content=\"5 minutos\" \/>\n<script type=\"application\/ld+json\" class=\"yoast-schema-graph\">{\"@context\":\"https:\\\/\\\/schema.org\",\"@graph\":[{\"@type\":\"Article\",\"@id\":\"https:\\\/\\\/www.inmsol.com\\\/es\\\/blog-escuela\\\/eventos-granada\\\/cabalgata-de-reyes-2010-granada\\\/#article\",\"isPartOf\":{\"@id\":\"https:\\\/\\\/www.inmsol.com\\\/es\\\/blog-escuela\\\/eventos-granada\\\/cabalgata-de-reyes-2010-granada\\\/\"},\"author\":{\"name\":\"Javier Torres\",\"@id\":\"https:\\\/\\\/www.inmsol.com\\\/es\\\/#\\\/schema\\\/person\\\/18f18acd0397ef441e373e79ec3eb6ea\"},\"headline\":\"Cabalgata de Reyes 2010 Granada\",\"datePublished\":\"2010-01-05T11:18:36+00:00\",\"dateModified\":\"2019-05-02T10:08:02+00:00\",\"mainEntityOfPage\":{\"@id\":\"https:\\\/\\\/www.inmsol.com\\\/es\\\/blog-escuela\\\/eventos-granada\\\/cabalgata-de-reyes-2010-granada\\\/\"},\"wordCount\":982,\"publisher\":{\"@id\":\"https:\\\/\\\/www.inmsol.com\\\/es\\\/#organization\"},\"articleSection\":[\"Eventos en Granada\"],\"inLanguage\":\"es\"},{\"@type\":\"WebPage\",\"@id\":\"https:\\\/\\\/www.inmsol.com\\\/es\\\/blog-escuela\\\/eventos-granada\\\/cabalgata-de-reyes-2010-granada\\\/\",\"url\":\"https:\\\/\\\/www.inmsol.com\\\/es\\\/blog-escuela\\\/eventos-granada\\\/cabalgata-de-reyes-2010-granada\\\/\",\"name\":\"Cabalgata de Reyes 2010 Granada &#8226; iNMSOL\",\"isPartOf\":{\"@id\":\"https:\\\/\\\/www.inmsol.com\\\/es\\\/#website\"},\"datePublished\":\"2010-01-05T11:18:36+00:00\",\"dateModified\":\"2019-05-02T10:08:02+00:00\",\"description\":\"Cabalgata de Reyes Magos 2010 Granada\",\"breadcrumb\":{\"@id\":\"https:\\\/\\\/www.inmsol.com\\\/es\\\/blog-escuela\\\/eventos-granada\\\/cabalgata-de-reyes-2010-granada\\\/#breadcrumb\"},\"inLanguage\":\"es\",\"potentialAction\":[{\"@type\":\"ReadAction\",\"target\":[\"https:\\\/\\\/www.inmsol.com\\\/es\\\/blog-escuela\\\/eventos-granada\\\/cabalgata-de-reyes-2010-granada\\\/\"]}]},{\"@type\":\"BreadcrumbList\",\"@id\":\"https:\\\/\\\/www.inmsol.com\\\/es\\\/blog-escuela\\\/eventos-granada\\\/cabalgata-de-reyes-2010-granada\\\/#breadcrumb\",\"itemListElement\":[{\"@type\":\"ListItem\",\"position\":1,\"name\":\"Accredited Center by Instituto Cervantes\",\"item\":\"https:\\\/\\\/www.inmsol.com\\\/es\\\/pagina-ejemplo\\\/\"},{\"@type\":\"ListItem\",\"position\":2,\"name\":\"Blog Escuela Espa\u00f1ol\",\"item\":\"https:\\\/\\\/www.inmsol.com\\\/es\\\/category\\\/blog-escuela\\\/\"},{\"@type\":\"ListItem\",\"position\":3,\"name\":\"Eventos en Granada\",\"item\":\"https:\\\/\\\/www.inmsol.com\\\/es\\\/category\\\/blog-escuela\\\/eventos-granada\\\/\"},{\"@type\":\"ListItem\",\"position\":4,\"name\":\"Cabalgata de Reyes 2010 Granada\"}]},{\"@type\":\"WebSite\",\"@id\":\"https:\\\/\\\/www.inmsol.com\\\/es\\\/#website\",\"url\":\"https:\\\/\\\/www.inmsol.com\\\/es\\\/\",\"name\":\"iNMSOL\",\"description\":\"Aprenda Espa\u00f1ol con iNMSOL en Granada | Centro Acreditado por el Instituto Cervantes\",\"publisher\":{\"@id\":\"https:\\\/\\\/www.inmsol.com\\\/es\\\/#organization\"},\"potentialAction\":[{\"@type\":\"SearchAction\",\"target\":{\"@type\":\"EntryPoint\",\"urlTemplate\":\"https:\\\/\\\/www.inmsol.com\\\/es\\\/?s={search_term_string}\"},\"query-input\":{\"@type\":\"PropertyValueSpecification\",\"valueRequired\":true,\"valueName\":\"search_term_string\"}}],\"inLanguage\":\"es\"},{\"@type\":\"Organization\",\"@id\":\"https:\\\/\\\/www.inmsol.com\\\/es\\\/#organization\",\"name\":\"Instituto Mediterr\u00e1neo Sol\",\"url\":\"https:\\\/\\\/www.inmsol.com\\\/es\\\/\",\"logo\":{\"@type\":\"ImageObject\",\"inLanguage\":\"es\",\"@id\":\"https:\\\/\\\/www.inmsol.com\\\/es\\\/#\\\/schema\\\/logo\\\/image\\\/\",\"url\":\"https:\\\/\\\/www.inmsol.com\\\/wp-content\\\/uploads\\\/2023\\\/06\\\/logo-inmsol-1.png\",\"contentUrl\":\"https:\\\/\\\/www.inmsol.com\\\/wp-content\\\/uploads\\\/2023\\\/06\\\/logo-inmsol-1.png\",\"width\":136,\"height\":73,\"caption\":\"Instituto Mediterr\u00e1neo Sol\"},\"image\":{\"@id\":\"https:\\\/\\\/www.inmsol.com\\\/es\\\/#\\\/schema\\\/logo\\\/image\\\/\"},\"sameAs\":[\"https:\\\/\\\/www.facebook.com\\\/spanishcourses\",\"https:\\\/\\\/x.com\\\/StudyInGranada\",\"http:\\\/\\\/instagram.com\\\/imsolgranada\",\"https:\\\/\\\/es.linkedin.com\\\/company\\\/imsol-granada\",\"https:\\\/\\\/www.pinterest.es\\\/inmsol\\\/\",\"https:\\\/\\\/www.youtube.com\\\/channel\\\/UChz-Qn_7coFMosY85iYMO4g\"]},{\"@type\":\"Person\",\"@id\":\"https:\\\/\\\/www.inmsol.com\\\/es\\\/#\\\/schema\\\/person\\\/18f18acd0397ef441e373e79ec3eb6ea\",\"name\":\"Javier Torres\",\"image\":{\"@type\":\"ImageObject\",\"inLanguage\":\"es\",\"@id\":\"https:\\\/\\\/secure.gravatar.com\\\/avatar\\\/90afa2d6499550218d247408758082af566e5ec3641e1b8eac0d7bb889344a55?s=96&d=mm&r=g\",\"url\":\"https:\\\/\\\/secure.gravatar.com\\\/avatar\\\/90afa2d6499550218d247408758082af566e5ec3641e1b8eac0d7bb889344a55?s=96&d=mm&r=g\",\"contentUrl\":\"https:\\\/\\\/secure.gravatar.com\\\/avatar\\\/90afa2d6499550218d247408758082af566e5ec3641e1b8eac0d7bb889344a55?s=96&d=mm&r=g\",\"caption\":\"Javier Torres\"},\"url\":\"https:\\\/\\\/www.inmsol.com\\\/es\\\/author\\\/javier\\\/\"}]}<\/script>\n<!-- \/ Yoast SEO plugin. -->","yoast_head_json":{"title":"Cabalgata de Reyes 2010 Granada &#8226; iNMSOL","description":"Cabalgata de Reyes Magos 2010 Granada","robots":{"index":"index","follow":"follow","max-snippet":"max-snippet:-1","max-image-preview":"max-image-preview:large","max-video-preview":"max-video-preview:-1"},"canonical":"https:\/\/www.inmsol.com\/es\/blog-escuela\/eventos-granada\/cabalgata-de-reyes-2010-granada\/","og_locale":"es_ES","og_type":"article","og_title":"Cabalgata de Reyes 2010 Granada &#8226; iNMSOL","og_description":"Cabalgata de Reyes Magos 2010 Granada","og_url":"https:\/\/www.inmsol.com\/es\/blog-escuela\/eventos-granada\/cabalgata-de-reyes-2010-granada\/","og_site_name":"iNMSOL","article_publisher":"https:\/\/www.facebook.com\/spanishcourses","article_published_time":"2010-01-05T11:18:36+00:00","article_modified_time":"2019-05-02T10:08:02+00:00","og_image":[{"width":320,"height":154,"url":"https:\/\/www.inmsol.com\/wp-content\/uploads\/2019\/08\/logo-inmsol.png","type":"image\/png"}],"author":"Javier Torres","twitter_misc":{"Escrito por":"Javier Torres","Tiempo de lectura":"5 minutos"},"schema":{"@context":"https:\/\/schema.org","@graph":[{"@type":"Article","@id":"https:\/\/www.inmsol.com\/es\/blog-escuela\/eventos-granada\/cabalgata-de-reyes-2010-granada\/#article","isPartOf":{"@id":"https:\/\/www.inmsol.com\/es\/blog-escuela\/eventos-granada\/cabalgata-de-reyes-2010-granada\/"},"author":{"name":"Javier Torres","@id":"https:\/\/www.inmsol.com\/es\/#\/schema\/person\/18f18acd0397ef441e373e79ec3eb6ea"},"headline":"Cabalgata de Reyes 2010 Granada","datePublished":"2010-01-05T11:18:36+00:00","dateModified":"2019-05-02T10:08:02+00:00","mainEntityOfPage":{"@id":"https:\/\/www.inmsol.com\/es\/blog-escuela\/eventos-granada\/cabalgata-de-reyes-2010-granada\/"},"wordCount":982,"publisher":{"@id":"https:\/\/www.inmsol.com\/es\/#organization"},"articleSection":["Eventos en Granada"],"inLanguage":"es"},{"@type":"WebPage","@id":"https:\/\/www.inmsol.com\/es\/blog-escuela\/eventos-granada\/cabalgata-de-reyes-2010-granada\/","url":"https:\/\/www.inmsol.com\/es\/blog-escuela\/eventos-granada\/cabalgata-de-reyes-2010-granada\/","name":"Cabalgata de Reyes 2010 Granada &#8226; iNMSOL","isPartOf":{"@id":"https:\/\/www.inmsol.com\/es\/#website"},"datePublished":"2010-01-05T11:18:36+00:00","dateModified":"2019-05-02T10:08:02+00:00","description":"Cabalgata de Reyes Magos 2010 Granada","breadcrumb":{"@id":"https:\/\/www.inmsol.com\/es\/blog-escuela\/eventos-granada\/cabalgata-de-reyes-2010-granada\/#breadcrumb"},"inLanguage":"es","potentialAction":[{"@type":"ReadAction","target":["https:\/\/www.inmsol.com\/es\/blog-escuela\/eventos-granada\/cabalgata-de-reyes-2010-granada\/"]}]},{"@type":"BreadcrumbList","@id":"https:\/\/www.inmsol.com\/es\/blog-escuela\/eventos-granada\/cabalgata-de-reyes-2010-granada\/#breadcrumb","itemListElement":[{"@type":"ListItem","position":1,"name":"Accredited Center by Instituto Cervantes","item":"https:\/\/www.inmsol.com\/es\/pagina-ejemplo\/"},{"@type":"ListItem","position":2,"name":"Blog Escuela Espa\u00f1ol","item":"https:\/\/www.inmsol.com\/es\/category\/blog-escuela\/"},{"@type":"ListItem","position":3,"name":"Eventos en Granada","item":"https:\/\/www.inmsol.com\/es\/category\/blog-escuela\/eventos-granada\/"},{"@type":"ListItem","position":4,"name":"Cabalgata de Reyes 2010 Granada"}]},{"@type":"WebSite","@id":"https:\/\/www.inmsol.com\/es\/#website","url":"https:\/\/www.inmsol.com\/es\/","name":"iNMSOL","description":"Aprenda Espa\u00f1ol con iNMSOL en Granada | Centro Acreditado por el Instituto Cervantes","publisher":{"@id":"https:\/\/www.inmsol.com\/es\/#organization"},"potentialAction":[{"@type":"SearchAction","target":{"@type":"EntryPoint","urlTemplate":"https:\/\/www.inmsol.com\/es\/?s={search_term_string}"},"query-input":{"@type":"PropertyValueSpecification","valueRequired":true,"valueName":"search_term_string"}}],"inLanguage":"es"},{"@type":"Organization","@id":"https:\/\/www.inmsol.com\/es\/#organization","name":"Instituto Mediterr\u00e1neo Sol","url":"https:\/\/www.inmsol.com\/es\/","logo":{"@type":"ImageObject","inLanguage":"es","@id":"https:\/\/www.inmsol.com\/es\/#\/schema\/logo\/image\/","url":"https:\/\/www.inmsol.com\/wp-content\/uploads\/2023\/06\/logo-inmsol-1.png","contentUrl":"https:\/\/www.inmsol.com\/wp-content\/uploads\/2023\/06\/logo-inmsol-1.png","width":136,"height":73,"caption":"Instituto Mediterr\u00e1neo Sol"},"image":{"@id":"https:\/\/www.inmsol.com\/es\/#\/schema\/logo\/image\/"},"sameAs":["https:\/\/www.facebook.com\/spanishcourses","https:\/\/x.com\/StudyInGranada","http:\/\/instagram.com\/imsolgranada","https:\/\/es.linkedin.com\/company\/imsol-granada","https:\/\/www.pinterest.es\/inmsol\/","https:\/\/www.youtube.com\/channel\/UChz-Qn_7coFMosY85iYMO4g"]},{"@type":"Person","@id":"https:\/\/www.inmsol.com\/es\/#\/schema\/person\/18f18acd0397ef441e373e79ec3eb6ea","name":"Javier Torres","image":{"@type":"ImageObject","inLanguage":"es","@id":"https:\/\/secure.gravatar.com\/avatar\/90afa2d6499550218d247408758082af566e5ec3641e1b8eac0d7bb889344a55?s=96&d=mm&r=g","url":"https:\/\/secure.gravatar.com\/avatar\/90afa2d6499550218d247408758082af566e5ec3641e1b8eac0d7bb889344a55?s=96&d=mm&r=g","contentUrl":"https:\/\/secure.gravatar.com\/avatar\/90afa2d6499550218d247408758082af566e5ec3641e1b8eac0d7bb889344a55?s=96&d=mm&r=g","caption":"Javier Torres"},"url":"https:\/\/www.inmsol.com\/es\/author\/javier\/"}]}},"_links":{"self":[{"href":"https:\/\/www.inmsol.com\/es\/wp-json\/wp\/v2\/posts\/207","targetHints":{"allow":["GET"]}}],"collection":[{"href":"https:\/\/www.inmsol.com\/es\/wp-json\/wp\/v2\/posts"}],"about":[{"href":"https:\/\/www.inmsol.com\/es\/wp-json\/wp\/v2\/types\/post"}],"author":[{"embeddable":true,"href":"https:\/\/www.inmsol.com\/es\/wp-json\/wp\/v2\/users\/2"}],"replies":[{"embeddable":true,"href":"https:\/\/www.inmsol.com\/es\/wp-json\/wp\/v2\/comments?post=207"}],"version-history":[{"count":0,"href":"https:\/\/www.inmsol.com\/es\/wp-json\/wp\/v2\/posts\/207\/revisions"}],"wp:attachment":[{"href":"https:\/\/www.inmsol.com\/es\/wp-json\/wp\/v2\/media?parent=207"}],"wp:term":[{"taxonomy":"category","embeddable":true,"href":"https:\/\/www.inmsol.com\/es\/wp-json\/wp\/v2\/categories?post=207"},{"taxonomy":"post_tag","embeddable":true,"href":"https:\/\/www.inmsol.com\/es\/wp-json\/wp\/v2\/tags?post=207"}],"curies":[{"name":"wp","href":"https:\/\/api.w.org\/{rel}","templated":true}]}}