{"id":222,"date":"2010-01-29T17:37:13","date_gmt":"2010-01-29T16:37:13","guid":{"rendered":"https:\/\/www.inmsol.com\/"},"modified":"2022-11-21T12:33:18","modified_gmt":"2022-11-21T11:33:18","slug":"fiestas-de-granada","status":"publish","type":"post","link":"https:\/\/www.inmsol.com\/es\/blog-escuela\/eventos-granada\/fiestas-de-granada\/","title":{"rendered":"Fiestas de Granada"},"content":{"rendered":"<p>El car\u00e1cter prioritario de las Fiestas de Granada es el estar enraizadas en una tradici\u00f3n que la Historia remonta hasta el Renacimiento.<\/p>\n<p>El crucial acontecimiento militar y pol\u00edtico de la Toma de Granada por parte de los Reyes Cat\u00f3licos tuvo una repercusi\u00f3n transcendental en la vida cotidiana de los habitantes de Granada y sus alrededores.<\/p>\n<p>Los Reyes Cat\u00f3licos se encargaron de legislar sobre cualquier aspecto social, pretendiendo cristianizar cuanto antes a una poblaci\u00f3n que tantos siglos hab\u00eda vivido en una cultura \u00e1rabe. Y, aunque muy pronto introdujeron ritos y ceremonias cristianas, logr\u00f3 sobrevivir un buen n\u00famero de tradiciones populares, d\u00e1ndose el caso de que, al final, el resultado de todo fue un sincretismo cultural de los m\u00e1s singulares de Andaluc\u00eda y Espa\u00f1a.<\/p>\n<p>As\u00ed que, hablar de fiestas en Granada, es contar una variada riqueza de tradiciones en la que lo cristiano, lo \u00e1rabe, lo jud\u00edo van siempre entrelazados.<\/p>\n<p>Entre las fiestas m\u00e1s importantes destacan:<\/p>\n<p><strong>]D\u00eda de la Toma<\/strong><\/p>\n<p>Se celebra el d\u00eda 2 de enero<br \/>\nEs la fiesta m\u00e1s representativa de cuantas tienen car\u00e1cter hist\u00f3rico en la ciudad.<br \/>\nSe recuerda el d\u00eda en el que los Reyes Cat\u00f3licos, tras rigurosas Capitulaciones firmadas en la cercana Santa Fe el 25 de noviembre del a\u00f1o 1491, tomaron posesi\u00f3n de la Alhambra.<br \/>\nAl amanecer del 2 de enero de 1492, y en el Sal\u00f3n de la Torre de Comares, Boabdil entreg\u00f3 las llaves de la Alhambra a Gutierre de C\u00e1rdenas. Una vez abiertas las puertas, I\u00f1igo L\u00f3pez de Mendoza, conde de Tendilla, entr\u00f3 al frente de una gran parada militar. Luego el confesor de la reina Isabel, fray Hernando de Talavera, dijo la primera misa y alz\u00f3 la cruz y el pend\u00f3n real de Castilla en la Torre de la Vela.<br \/>\nEn la actualidad, la celebraci\u00f3n comienza en la Capilla Real con una funci\u00f3n religiosa y el tremoleo del Pend\u00f3n, que all\u00ed se conserva. A continuaci\u00f3n se organiza una procesi\u00f3n c\u00edvico-religiosa que traslada el Pend\u00f3n hasta el balc\u00f3n principal del Ayuntamiento en donde el concejal m\u00e1s joven vuelve a tremolarlo por tres veces, repitiendo la f\u00f3rmula protocolaria: \u00abEspa\u00f1a, Castilla, Granada, por los \u00ednclitos Reyes do\u00f1a Isabel y don Fernando\u00bb.<\/p>\n<hr \/>\n<p><strong>San Cecilio. Patr\u00f3n de la ciudad<\/strong><\/p>\n<p>1 de febrero. Romer\u00eda, domingo m\u00e1s pr\u00f3ximo al 1 de febrero.<\/p>\n<p>San Cecilio es el patr\u00f3n de Granada y la romer\u00eda se remonta a 1599, a\u00f1o en que una peste asol\u00f3 Granada y de la que seg\u00fan la tradici\u00f3n se sali\u00f3 por invocaci\u00f3n al santo.<\/p>\n<p>Esta romer\u00eda tiene lugar en el Bario del Sacromonte, en torno a la Abad\u00eda que recibe el mismo nombre. El paisaje, vistas sus casas-cueva y vegetaci\u00f3n le dan un car\u00e1cter espectacular. En torno a ese d\u00eda hay actos civiles, militares y eclesi\u00e1sticos y tiene lugar una ofrenda solar y misa solemne.<\/p>\n<p>La romer\u00eda fue creada por el Ayuntamiento, por lo que este tiene un papel fundamental. Una de las partes m\u00e1s populares, es el\u00a0 reparto de sala\u00edllas o tortas jayuyas, habas, bacalao, y vino, que el Ayuntamiento ofrece a todos los asistentes que disfrutan repartidos por el monte en compa\u00f1\u00eda de familiares y amigos de estos productos junto con otros elaborados en sus hogares al ritmo de los bailes y m\u00fasica tradicionales.<\/p>\n<hr \/>\n<p><strong>Cruces de Mayo<\/strong><br \/>\n3 de Mayo<\/p>\n<p>La celebraci\u00f3n del D\u00eda de la Cruz arranca cada a\u00f1o en Granada\u00a0 con una buena cantidad de cruces instaladas en calles, plazas, patios, establecimientos y centros escolares de la capital, con especial presencia en el centro de la ciudad y en los barrios hist\u00f3ricos del Realejo y el Albaic\u00edn.<\/p>\n<hr \/>\n<p><strong>Feria del Corpus de Granada<\/strong><\/p>\n<p>La Feria del Corpus es la fiesta mayor de la ciudad. Comienza cada a\u00f1o el lunes a las 12 de la noche con el \u00abalumbrado\u00bb -encendido de las miles de bombillas de la portada- y termina el domingo siguiente con un espect\u00e1culo de fuegos artificiales.<\/p>\n<p>La Feria suele ser en el mes de junio, pero es una fiesta movible que depende de la Semana Santa. La forma de saber la fecha exacta del Corpus es contar 60 d\u00edas desde el Lunes de Pascua- primer lunes tras el Domingo de Resurreci\u00f3n- y nos dar\u00e1 el Jueves del Corpus Christi, d\u00eda grande de la semana que duran las fiestas.<\/p>\n<p>En estas fechas, la ciudad se prepara para disfrutar y vivir sus Fiestas Mayores, aquellas que hace m\u00e1s de quinientos a\u00f1os se ordenaron por mandato real. Las Fiestas del Corpus forman parte de las mas alegres tradiciones que conserva la ciudad y que en toda su historia han servido de par\u00e9ntesis en la vida cotidiana de los granadinos, propiciando unas jornadas de sana convivencia y divertimento.<\/p>\n<p>Granada huele a Corpus y se viste de Corpus en estos d\u00edas donde un completo abanico de acontecimientos culturales, entre los que destacan las Fiestas Taurinas, comparten el tiempo con las esmeradamente ornamentadas casetas y los trepidantes columpios del Ferial.<\/p>\n<p>El ambiente de feria se puede disfrutar tanto de dia como de noche en el recinto ferial. De d\u00edaa se ven pasear elegantes coches de caballos cargados de gente vestida con los trajes flamencos t\u00edpicos. Durante la noche el ambiente flamenco no decae y eso se puede observar en cualquiera de las casetas y en sus adornos cuidados al mas m\u00ednimo detalle.<\/p>\n<p>En la Feria de Granada, a diferencia de otras, las casetas p\u00fablicas se intercalan con las privadas de modo que el visitante pueda acceder libremente y conocer el ambiente que se vive en estas fechas y en esta fiesta.<\/p>\n<p>Durante la semana que dura la feria hay que destacar 2 procesiones que se pasean por toda la ciudad:<\/p>\n<p>Cada mi\u00e9rcoles de feria, a media ma\u00f1ana la Tarasca, un maniqu\u00ed que se supone viste la ropa que estar\u00e1 de moda en esa temporada, se pasea por toda la ciudad a lomos de un fiero drag\u00f3n que parece quedar rendido a sus pies. As\u00ed el secreto mejor guardado, hasta su salida, es el traje que lucir\u00e1 ese d\u00eda La Tarasca. La Tarasca, se puede decir, que es el contrapunto pagano a la fiesta religiosa.<br \/>\nLa Fiesta grande de Granada se organiza alrededor del jueves, d\u00eda del Corpus Christi, d\u00eda en el que toda la ciudad abarrota las calles para contemplar la procesi\u00f3n del mismo nombre.<br \/>\nEl domingo de la semana siguiente a la festividad del Corpus se celebra una peque\u00f1a procesi\u00f3n en los alrededores de la Catedral, es la llamada Octava del Corpus.<\/p>\n<p><strong>D\u00eda de La Tarasca<\/strong><\/p>\n<p>Tiene su origen en el \u00abPaseo de la Ciudad\u00bb que desde 1632 consist\u00eda en una especie de desfile festivo con diablillos, gigantes, cabezudos y la m\u00edtica Tarasca, una mujer sobre un drag\u00f3n que se supone viste la ropa que habr\u00e1 de estar de moda esa temporada. Podr\u00e1 disfrutar de esta celebraci\u00f3n dirigida a ni\u00f1os y j\u00f3venes el mi\u00e9rcoles de Corpus.<\/p>\n<p><strong>Procesi\u00f3n Corpus Christi<\/strong><\/p>\n<p>Fue creada institucionalmente por los Reyes Cat\u00f3licos como Fiesta Mayor tras la conquista de la ciudad. Se copi\u00f3 el modelo de la de Sevilla que, por entonces, era la m\u00e1s suntuosa de Espa\u00f1a.<\/p>\n<p>La procesi\u00f3n en honor de la Custodia que conten\u00eda el Cuerpo de Jesucristo estaba formada por todas las parroquias de la ciudad y las de las poblaciones de la Vega que, adem\u00e1s, eran las responsables de cubrir con juncia todo el suelo del itinerario. Desde el principio, el arzobispo Hernando de Talavera se encarg\u00f3 de que todos los sectores de la poblaci\u00f3n granadina se sintiesen representados y as\u00ed consta que sal\u00edan zambras moriscas en el cortejo. Y desfilaban diversos carros en los que se escenificaban pasos y juegos teatrales. Tal fue la envergadura que tom\u00f3 la procesi\u00f3n con el paso de los a\u00f1os que en 1573 se dieron unas Constituciones Sinodales para regular el orden de la solemne comitiva y el tipo de \u00abespect\u00e1culos\u00bb que pod\u00eda contener.<\/p>\n<p>El jueves, que es el d\u00eda grande, la procesi\u00f3n religiosa que en la actualidad saca un trono realizado por el orfebre y escultor granadino Miguel Moreno.<\/p>\n<p>Se mantiene a\u00fan la tradici\u00f3n de erigir altares a lo largo del recorrido procesional.<\/p>\n<p>En la Plaza de Bibarrambla se exponen las denominadas \u00abCarocas\u00bb: dibujos y quintillas alusivas, en tono sat\u00edrico, a acontecimientos ocurridos en la ciudad durante el a\u00f1o anterior.<\/p>\n<p>La Feria en s\u00ed, que comienza el lunes anterior al jueves del Corpus y finaliza el domingo siguiente, se traslada a un recinto a las afueras de la ciudad, con casetas y atracciones de todo tipo.<\/p>\n<hr \/>\n<p><strong>Ofrenda Floral Virgen de las Angustias. Patrona de la Ciudad.<\/strong><\/p>\n<p><strong>15 de septiembre.<\/strong><\/p>\n<p>Aunque la devoci\u00f3n por esta representaci\u00f3n de la Virgen Mar\u00eda se remonta al siglo XVI, su coronaci\u00f3n can\u00f3nica tuvo lugar en 1913, a\u00f1o en el que adem\u00e1s se la declar\u00f3 Patrona de la ciudad. Se trata de una talla de Torcuato Ruiz del Peral.<\/p>\n<p>El 15 de septiembre, la Ciudad se llena de gente de la capital, de los pueblos y de los turistas que contemplan asombrados el fervor de los granadinos que desde tempranas horas de la ma\u00f1ana se han preparado para ir a visitar a la Virgen. El centro de la ciudad, se convierte en un colorido escaparate de flores que m\u00e1s tarde se convertir\u00e1n en ofrenda al depositarse por los peregrinos, flor a flor, ramo a ramo en la fachada de la Bas\u00edlica.<\/p>\n<p><strong>San Miguel <\/strong><\/p>\n<p>\u00daltimo domingo de septiembre<\/p>\n<p>En la \u00e9poca de dominaci\u00f3n \u00e1rabe exist\u00eda la leyenda de que en el conocido Cerro del Aceituno (o tambi\u00e9n Cerro de los Diablos) hab\u00eda un milagroso olivo que s\u00f3lo en un d\u00eda era capaz de ofrecer sus frutos con todo el proceso de maduraci\u00f3n de manera simult\u00e1nea. Y con tal se celebraba una fiesta en el d\u00eda de la Ankara junto a una Torre que all\u00ed se elevaba.<\/p>\n<p>Despu\u00e9s de la conquista cristiana de la ciudad el lugar pas\u00f3 a llamarse Cerro de los \u00c1ngeles y se edific\u00f3 una peque\u00f1a ermita en la que se dijo misa por primera vez en 1673. Esta ermita fue arrasada por los franceses en 1810, pero el empe\u00f1o de la Hermandad la volvi\u00f3 a erigir en 1828.<\/p>\n<p>Aunque es una fiesta local del Barrio del Albaic\u00edn, tiene una enorme repercusi\u00f3n en toda la poblaci\u00f3n de Granada que asiste a la romer\u00eda en el Cerrro de S. Miguel, junto a la Ermita.<\/p>\n<p>&nbsp;<\/p>\n","protected":false},"excerpt":{"rendered":"<p>El car\u00e1cter prioritario de las Fiestas de Granada es el estar enraizadas en una tradici\u00f3n que la Historia remonta hasta el Renacimiento. El crucial acontecimiento militar y pol\u00edtico de la Toma de Granada por parte de los Reyes Cat\u00f3licos tuvo una repercusi\u00f3n transcendental en la&#8230;<\/p>\n","protected":false},"author":2,"featured_media":0,"comment_status":"closed","ping_status":"closed","sticky":false,"template":"","format":"standard","meta":{"_acf_changed":false,"footnotes":""},"categories":[80],"tags":[],"class_list":["post-222","post","type-post","status-publish","format-standard","hentry","category-eventos-granada"],"acf":[],"yoast_head":"<!-- This site is optimized with the Yoast SEO plugin v27.4 - https:\/\/yoast.com\/product\/yoast-seo-wordpress\/ -->\n<title>Fiestas m\u00e1s caracter\u00edsticas de la ciudad de Granada | Corpus de Granada, Tarasca, San Cecilio, Cruces de Mayo | INMSOL<\/title>\n<meta name=\"description\" content=\"Fiestas que se celebran cada a\u00f1o en la ciudad de Granada\" \/>\n<meta name=\"robots\" content=\"index, follow, max-snippet:-1, max-image-preview:large, max-video-preview:-1\" \/>\n<link rel=\"canonical\" href=\"https:\/\/www.inmsol.com\/es\/blog-escuela\/eventos-granada\/fiestas-de-granada\/\" \/>\n<meta property=\"og:locale\" content=\"es_ES\" \/>\n<meta property=\"og:type\" content=\"article\" \/>\n<meta property=\"og:title\" content=\"Fiestas m\u00e1s caracter\u00edsticas de la ciudad de Granada | Corpus de Granada, Tarasca, San Cecilio, Cruces de Mayo | INMSOL\" \/>\n<meta property=\"og:description\" content=\"Fiestas que se celebran cada a\u00f1o en la ciudad de Granada\" \/>\n<meta property=\"og:url\" content=\"https:\/\/www.inmsol.com\/es\/blog-escuela\/eventos-granada\/fiestas-de-granada\/\" \/>\n<meta property=\"og:site_name\" content=\"iNMSOL\" \/>\n<meta property=\"article:publisher\" content=\"https:\/\/www.facebook.com\/spanishcourses\" \/>\n<meta property=\"article:published_time\" content=\"2010-01-29T16:37:13+00:00\" \/>\n<meta property=\"article:modified_time\" content=\"2022-11-21T11:33:18+00:00\" \/>\n<meta property=\"og:image\" content=\"https:\/\/www.inmsol.com\/wp-content\/uploads\/2019\/08\/logo-inmsol.png\" \/>\n\t<meta property=\"og:image:width\" content=\"320\" \/>\n\t<meta property=\"og:image:height\" content=\"154\" \/>\n\t<meta property=\"og:image:type\" content=\"image\/png\" \/>\n<meta name=\"author\" content=\"Javier Torres\" \/>\n<meta name=\"twitter:label1\" content=\"Escrito por\" \/>\n\t<meta name=\"twitter:data1\" content=\"Javier Torres\" \/>\n\t<meta name=\"twitter:label2\" content=\"Tiempo de lectura\" \/>\n\t<meta name=\"twitter:data2\" content=\"8 minutos\" \/>\n<script type=\"application\/ld+json\" class=\"yoast-schema-graph\">{\"@context\":\"https:\\\/\\\/schema.org\",\"@graph\":[{\"@type\":\"Article\",\"@id\":\"https:\\\/\\\/www.inmsol.com\\\/es\\\/blog-escuela\\\/eventos-granada\\\/fiestas-de-granada\\\/#article\",\"isPartOf\":{\"@id\":\"https:\\\/\\\/www.inmsol.com\\\/es\\\/blog-escuela\\\/eventos-granada\\\/fiestas-de-granada\\\/\"},\"author\":{\"name\":\"Javier Torres\",\"@id\":\"https:\\\/\\\/www.inmsol.com\\\/es\\\/#\\\/schema\\\/person\\\/18f18acd0397ef441e373e79ec3eb6ea\"},\"headline\":\"Fiestas de Granada\",\"datePublished\":\"2010-01-29T16:37:13+00:00\",\"dateModified\":\"2022-11-21T11:33:18+00:00\",\"mainEntityOfPage\":{\"@id\":\"https:\\\/\\\/www.inmsol.com\\\/es\\\/blog-escuela\\\/eventos-granada\\\/fiestas-de-granada\\\/\"},\"wordCount\":1814,\"publisher\":{\"@id\":\"https:\\\/\\\/www.inmsol.com\\\/es\\\/#organization\"},\"articleSection\":[\"Eventos en Granada\"],\"inLanguage\":\"es\"},{\"@type\":\"WebPage\",\"@id\":\"https:\\\/\\\/www.inmsol.com\\\/es\\\/blog-escuela\\\/eventos-granada\\\/fiestas-de-granada\\\/\",\"url\":\"https:\\\/\\\/www.inmsol.com\\\/es\\\/blog-escuela\\\/eventos-granada\\\/fiestas-de-granada\\\/\",\"name\":\"Fiestas m\u00e1s caracter\u00edsticas de la ciudad de Granada | Corpus de Granada, Tarasca, San Cecilio, Cruces de Mayo | INMSOL\",\"isPartOf\":{\"@id\":\"https:\\\/\\\/www.inmsol.com\\\/es\\\/#website\"},\"datePublished\":\"2010-01-29T16:37:13+00:00\",\"dateModified\":\"2022-11-21T11:33:18+00:00\",\"description\":\"Fiestas que se celebran cada a\u00f1o en la ciudad de Granada\",\"breadcrumb\":{\"@id\":\"https:\\\/\\\/www.inmsol.com\\\/es\\\/blog-escuela\\\/eventos-granada\\\/fiestas-de-granada\\\/#breadcrumb\"},\"inLanguage\":\"es\",\"potentialAction\":[{\"@type\":\"ReadAction\",\"target\":[\"https:\\\/\\\/www.inmsol.com\\\/es\\\/blog-escuela\\\/eventos-granada\\\/fiestas-de-granada\\\/\"]}]},{\"@type\":\"BreadcrumbList\",\"@id\":\"https:\\\/\\\/www.inmsol.com\\\/es\\\/blog-escuela\\\/eventos-granada\\\/fiestas-de-granada\\\/#breadcrumb\",\"itemListElement\":[{\"@type\":\"ListItem\",\"position\":1,\"name\":\"Accredited Center by Instituto Cervantes\",\"item\":\"https:\\\/\\\/www.inmsol.com\\\/es\\\/pagina-ejemplo\\\/\"},{\"@type\":\"ListItem\",\"position\":2,\"name\":\"Blog Escuela Espa\u00f1ol\",\"item\":\"https:\\\/\\\/www.inmsol.com\\\/es\\\/category\\\/blog-escuela\\\/\"},{\"@type\":\"ListItem\",\"position\":3,\"name\":\"Eventos en Granada\",\"item\":\"https:\\\/\\\/www.inmsol.com\\\/es\\\/category\\\/blog-escuela\\\/eventos-granada\\\/\"},{\"@type\":\"ListItem\",\"position\":4,\"name\":\"Fiestas de Granada\"}]},{\"@type\":\"WebSite\",\"@id\":\"https:\\\/\\\/www.inmsol.com\\\/es\\\/#website\",\"url\":\"https:\\\/\\\/www.inmsol.com\\\/es\\\/\",\"name\":\"iNMSOL\",\"description\":\"Aprenda Espa\u00f1ol con iNMSOL en Granada | Centro Acreditado por el Instituto Cervantes\",\"publisher\":{\"@id\":\"https:\\\/\\\/www.inmsol.com\\\/es\\\/#organization\"},\"potentialAction\":[{\"@type\":\"SearchAction\",\"target\":{\"@type\":\"EntryPoint\",\"urlTemplate\":\"https:\\\/\\\/www.inmsol.com\\\/es\\\/?s={search_term_string}\"},\"query-input\":{\"@type\":\"PropertyValueSpecification\",\"valueRequired\":true,\"valueName\":\"search_term_string\"}}],\"inLanguage\":\"es\"},{\"@type\":\"Organization\",\"@id\":\"https:\\\/\\\/www.inmsol.com\\\/es\\\/#organization\",\"name\":\"Instituto Mediterr\u00e1neo Sol\",\"url\":\"https:\\\/\\\/www.inmsol.com\\\/es\\\/\",\"logo\":{\"@type\":\"ImageObject\",\"inLanguage\":\"es\",\"@id\":\"https:\\\/\\\/www.inmsol.com\\\/es\\\/#\\\/schema\\\/logo\\\/image\\\/\",\"url\":\"https:\\\/\\\/www.inmsol.com\\\/wp-content\\\/uploads\\\/2023\\\/06\\\/logo-inmsol-1.png\",\"contentUrl\":\"https:\\\/\\\/www.inmsol.com\\\/wp-content\\\/uploads\\\/2023\\\/06\\\/logo-inmsol-1.png\",\"width\":136,\"height\":73,\"caption\":\"Instituto Mediterr\u00e1neo Sol\"},\"image\":{\"@id\":\"https:\\\/\\\/www.inmsol.com\\\/es\\\/#\\\/schema\\\/logo\\\/image\\\/\"},\"sameAs\":[\"https:\\\/\\\/www.facebook.com\\\/spanishcourses\",\"https:\\\/\\\/x.com\\\/StudyInGranada\",\"http:\\\/\\\/instagram.com\\\/imsolgranada\",\"https:\\\/\\\/es.linkedin.com\\\/company\\\/imsol-granada\",\"https:\\\/\\\/www.pinterest.es\\\/inmsol\\\/\",\"https:\\\/\\\/www.youtube.com\\\/channel\\\/UChz-Qn_7coFMosY85iYMO4g\"]},{\"@type\":\"Person\",\"@id\":\"https:\\\/\\\/www.inmsol.com\\\/es\\\/#\\\/schema\\\/person\\\/18f18acd0397ef441e373e79ec3eb6ea\",\"name\":\"Javier Torres\",\"image\":{\"@type\":\"ImageObject\",\"inLanguage\":\"es\",\"@id\":\"https:\\\/\\\/secure.gravatar.com\\\/avatar\\\/90afa2d6499550218d247408758082af566e5ec3641e1b8eac0d7bb889344a55?s=96&d=mm&r=g\",\"url\":\"https:\\\/\\\/secure.gravatar.com\\\/avatar\\\/90afa2d6499550218d247408758082af566e5ec3641e1b8eac0d7bb889344a55?s=96&d=mm&r=g\",\"contentUrl\":\"https:\\\/\\\/secure.gravatar.com\\\/avatar\\\/90afa2d6499550218d247408758082af566e5ec3641e1b8eac0d7bb889344a55?s=96&d=mm&r=g\",\"caption\":\"Javier Torres\"},\"url\":\"https:\\\/\\\/www.inmsol.com\\\/es\\\/author\\\/javier\\\/\"}]}<\/script>\n<!-- \/ Yoast SEO plugin. -->","yoast_head_json":{"title":"Fiestas m\u00e1s caracter\u00edsticas de la ciudad de Granada | Corpus de Granada, Tarasca, San Cecilio, Cruces de Mayo | INMSOL","description":"Fiestas que se celebran cada a\u00f1o en la ciudad de Granada","robots":{"index":"index","follow":"follow","max-snippet":"max-snippet:-1","max-image-preview":"max-image-preview:large","max-video-preview":"max-video-preview:-1"},"canonical":"https:\/\/www.inmsol.com\/es\/blog-escuela\/eventos-granada\/fiestas-de-granada\/","og_locale":"es_ES","og_type":"article","og_title":"Fiestas m\u00e1s caracter\u00edsticas de la ciudad de Granada | Corpus de Granada, Tarasca, San Cecilio, Cruces de Mayo | INMSOL","og_description":"Fiestas que se celebran cada a\u00f1o en la ciudad de Granada","og_url":"https:\/\/www.inmsol.com\/es\/blog-escuela\/eventos-granada\/fiestas-de-granada\/","og_site_name":"iNMSOL","article_publisher":"https:\/\/www.facebook.com\/spanishcourses","article_published_time":"2010-01-29T16:37:13+00:00","article_modified_time":"2022-11-21T11:33:18+00:00","og_image":[{"width":320,"height":154,"url":"https:\/\/www.inmsol.com\/wp-content\/uploads\/2019\/08\/logo-inmsol.png","type":"image\/png"}],"author":"Javier Torres","twitter_misc":{"Escrito por":"Javier Torres","Tiempo de lectura":"8 minutos"},"schema":{"@context":"https:\/\/schema.org","@graph":[{"@type":"Article","@id":"https:\/\/www.inmsol.com\/es\/blog-escuela\/eventos-granada\/fiestas-de-granada\/#article","isPartOf":{"@id":"https:\/\/www.inmsol.com\/es\/blog-escuela\/eventos-granada\/fiestas-de-granada\/"},"author":{"name":"Javier Torres","@id":"https:\/\/www.inmsol.com\/es\/#\/schema\/person\/18f18acd0397ef441e373e79ec3eb6ea"},"headline":"Fiestas de Granada","datePublished":"2010-01-29T16:37:13+00:00","dateModified":"2022-11-21T11:33:18+00:00","mainEntityOfPage":{"@id":"https:\/\/www.inmsol.com\/es\/blog-escuela\/eventos-granada\/fiestas-de-granada\/"},"wordCount":1814,"publisher":{"@id":"https:\/\/www.inmsol.com\/es\/#organization"},"articleSection":["Eventos en Granada"],"inLanguage":"es"},{"@type":"WebPage","@id":"https:\/\/www.inmsol.com\/es\/blog-escuela\/eventos-granada\/fiestas-de-granada\/","url":"https:\/\/www.inmsol.com\/es\/blog-escuela\/eventos-granada\/fiestas-de-granada\/","name":"Fiestas m\u00e1s caracter\u00edsticas de la ciudad de Granada | Corpus de Granada, Tarasca, San Cecilio, Cruces de Mayo | INMSOL","isPartOf":{"@id":"https:\/\/www.inmsol.com\/es\/#website"},"datePublished":"2010-01-29T16:37:13+00:00","dateModified":"2022-11-21T11:33:18+00:00","description":"Fiestas que se celebran cada a\u00f1o en la ciudad de Granada","breadcrumb":{"@id":"https:\/\/www.inmsol.com\/es\/blog-escuela\/eventos-granada\/fiestas-de-granada\/#breadcrumb"},"inLanguage":"es","potentialAction":[{"@type":"ReadAction","target":["https:\/\/www.inmsol.com\/es\/blog-escuela\/eventos-granada\/fiestas-de-granada\/"]}]},{"@type":"BreadcrumbList","@id":"https:\/\/www.inmsol.com\/es\/blog-escuela\/eventos-granada\/fiestas-de-granada\/#breadcrumb","itemListElement":[{"@type":"ListItem","position":1,"name":"Accredited Center by Instituto Cervantes","item":"https:\/\/www.inmsol.com\/es\/pagina-ejemplo\/"},{"@type":"ListItem","position":2,"name":"Blog Escuela Espa\u00f1ol","item":"https:\/\/www.inmsol.com\/es\/category\/blog-escuela\/"},{"@type":"ListItem","position":3,"name":"Eventos en Granada","item":"https:\/\/www.inmsol.com\/es\/category\/blog-escuela\/eventos-granada\/"},{"@type":"ListItem","position":4,"name":"Fiestas de Granada"}]},{"@type":"WebSite","@id":"https:\/\/www.inmsol.com\/es\/#website","url":"https:\/\/www.inmsol.com\/es\/","name":"iNMSOL","description":"Aprenda Espa\u00f1ol con iNMSOL en Granada | Centro Acreditado por el Instituto Cervantes","publisher":{"@id":"https:\/\/www.inmsol.com\/es\/#organization"},"potentialAction":[{"@type":"SearchAction","target":{"@type":"EntryPoint","urlTemplate":"https:\/\/www.inmsol.com\/es\/?s={search_term_string}"},"query-input":{"@type":"PropertyValueSpecification","valueRequired":true,"valueName":"search_term_string"}}],"inLanguage":"es"},{"@type":"Organization","@id":"https:\/\/www.inmsol.com\/es\/#organization","name":"Instituto Mediterr\u00e1neo Sol","url":"https:\/\/www.inmsol.com\/es\/","logo":{"@type":"ImageObject","inLanguage":"es","@id":"https:\/\/www.inmsol.com\/es\/#\/schema\/logo\/image\/","url":"https:\/\/www.inmsol.com\/wp-content\/uploads\/2023\/06\/logo-inmsol-1.png","contentUrl":"https:\/\/www.inmsol.com\/wp-content\/uploads\/2023\/06\/logo-inmsol-1.png","width":136,"height":73,"caption":"Instituto Mediterr\u00e1neo Sol"},"image":{"@id":"https:\/\/www.inmsol.com\/es\/#\/schema\/logo\/image\/"},"sameAs":["https:\/\/www.facebook.com\/spanishcourses","https:\/\/x.com\/StudyInGranada","http:\/\/instagram.com\/imsolgranada","https:\/\/es.linkedin.com\/company\/imsol-granada","https:\/\/www.pinterest.es\/inmsol\/","https:\/\/www.youtube.com\/channel\/UChz-Qn_7coFMosY85iYMO4g"]},{"@type":"Person","@id":"https:\/\/www.inmsol.com\/es\/#\/schema\/person\/18f18acd0397ef441e373e79ec3eb6ea","name":"Javier Torres","image":{"@type":"ImageObject","inLanguage":"es","@id":"https:\/\/secure.gravatar.com\/avatar\/90afa2d6499550218d247408758082af566e5ec3641e1b8eac0d7bb889344a55?s=96&d=mm&r=g","url":"https:\/\/secure.gravatar.com\/avatar\/90afa2d6499550218d247408758082af566e5ec3641e1b8eac0d7bb889344a55?s=96&d=mm&r=g","contentUrl":"https:\/\/secure.gravatar.com\/avatar\/90afa2d6499550218d247408758082af566e5ec3641e1b8eac0d7bb889344a55?s=96&d=mm&r=g","caption":"Javier Torres"},"url":"https:\/\/www.inmsol.com\/es\/author\/javier\/"}]}},"_links":{"self":[{"href":"https:\/\/www.inmsol.com\/es\/wp-json\/wp\/v2\/posts\/222","targetHints":{"allow":["GET"]}}],"collection":[{"href":"https:\/\/www.inmsol.com\/es\/wp-json\/wp\/v2\/posts"}],"about":[{"href":"https:\/\/www.inmsol.com\/es\/wp-json\/wp\/v2\/types\/post"}],"author":[{"embeddable":true,"href":"https:\/\/www.inmsol.com\/es\/wp-json\/wp\/v2\/users\/2"}],"replies":[{"embeddable":true,"href":"https:\/\/www.inmsol.com\/es\/wp-json\/wp\/v2\/comments?post=222"}],"version-history":[{"count":0,"href":"https:\/\/www.inmsol.com\/es\/wp-json\/wp\/v2\/posts\/222\/revisions"}],"wp:attachment":[{"href":"https:\/\/www.inmsol.com\/es\/wp-json\/wp\/v2\/media?parent=222"}],"wp:term":[{"taxonomy":"category","embeddable":true,"href":"https:\/\/www.inmsol.com\/es\/wp-json\/wp\/v2\/categories?post=222"},{"taxonomy":"post_tag","embeddable":true,"href":"https:\/\/www.inmsol.com\/es\/wp-json\/wp\/v2\/tags?post=222"}],"curies":[{"name":"wp","href":"https:\/\/api.w.org\/{rel}","templated":true}]}}