{"id":22387,"date":"2016-03-18T09:25:47","date_gmt":"2016-03-18T08:25:47","guid":{"rendered":"https:\/\/www.inmsol.com\/es\/?p=22387"},"modified":"2016-03-18T10:51:28","modified_gmt":"2016-03-18T09:51:28","slug":"estancia-de-estudiantes-de-lodi-italia","status":"publish","type":"post","link":"https:\/\/www.inmsol.com\/es\/blog-escuela\/espanol-grupos\/estancia-de-estudiantes-de-lodi-italia\/","title":{"rendered":"Estancia de Estudiantes de Lodi (Italia)"},"content":{"rendered":"<p>La semana pasada <strong><a href=\"https:\/\/www.inmsol.com\/es\/\">nuestro Instituto<\/a><\/strong> tuvo el placer de acoger al primero de dos grupos de \u00a0estudiantes italianos de Lodi, \u00a0con tres profesores acompa\u00f1antes, que han tenido la oportunidad de hacer un<strong><a href=\"https:\/\/www.inmsol.com\/es\/examenes-certificados-dele-camara-madrid\/\"> curso de espa\u00f1ol<\/a><\/strong> durante una semana y la posibilidad de visitar nuestra hermosa ciudad a trav\u00e9s de diferentes excursiones y visitas guiadas as\u00ed como asistir a un espect\u00e1culo de flamenco y m\u00e1s; el clima favorable ha a\u00f1adido un toque de magia a la estancia.<img fetchpriority=\"high\" decoding=\"async\" class=\"alignleft size-medium wp-image-22388\" src=\"https:\/\/www.inmsol.com\/wp-content\/uploads\/2016\/03\/DSC_0190-447x300.jpg\" alt=\"\" width=\"447\" height=\"300\" srcset=\"https:\/\/www.inmsol.com\/wp-content\/uploads\/2016\/03\/DSC_0190-447x300.jpg 447w, https:\/\/www.inmsol.com\/wp-content\/uploads\/2016\/03\/DSC_0190-scaled-800x537.jpg 800w, https:\/\/www.inmsol.com\/wp-content\/uploads\/2016\/03\/DSC_0190-scaled-64x43.jpg 64w, https:\/\/www.inmsol.com\/wp-content\/uploads\/2016\/03\/DSC_0190-768x516.jpg 768w, https:\/\/www.inmsol.com\/wp-content\/uploads\/2016\/03\/DSC_0190-1024x687.jpg 1024w, https:\/\/www.inmsol.com\/wp-content\/uploads\/2016\/03\/DSC_0190-250x168.jpg 250w, https:\/\/www.inmsol.com\/wp-content\/uploads\/2016\/03\/DSC_0190-596x400.jpg 596w\" sizes=\"(max-width: 447px) 100vw, 447px\" \/><\/p>\n<p>El martes despu\u00e9s de las clases de la ma\u00f1ana, por la tarde \u00a0han tenido una visita guiada al centro de la ciudad y el Realejo, barrio en el que se encuentra la escuela y situado en el casco antiguo de la ciudad, a los pies de la Alhambra. Arrabal jud\u00edo de la ciudad musulmana, cuando se conoc\u00eda como Garnata al-Yahud, \u00ab<strong><a href=\"https:\/\/www.inmsol.com\/es\/granada\/\">Granada<\/a><\/strong> de los jud\u00edos\u00bb, y que, cuando los cristianos tomaron la ciudad, lo renombraron como Realejo, lugar donde est\u00e1 la tienda del Rey o del general.<\/p>\n<p>&nbsp;<\/p>\n<p>&nbsp;<\/p>\n<p>El mi\u00e9rcoles despu\u00e9s de las clases de la ma\u00f1ana realizaron una visita al \u00a0Albaic\u00edn y al Sacromonte.<img decoding=\"async\" class=\"size-medium wp-image-22402 alignleft\" src=\"https:\/\/www.inmsol.com\/wp-content\/uploads\/2016\/03\/DSC_0165-447x300.jpg\" alt=\"\" width=\"447\" height=\"300\" srcset=\"https:\/\/www.inmsol.com\/wp-content\/uploads\/2016\/03\/DSC_0165-447x300.jpg 447w, https:\/\/www.inmsol.com\/wp-content\/uploads\/2016\/03\/DSC_0165-scaled-800x537.jpg 800w, https:\/\/www.inmsol.com\/wp-content\/uploads\/2016\/03\/DSC_0165-scaled-64x43.jpg 64w, https:\/\/www.inmsol.com\/wp-content\/uploads\/2016\/03\/DSC_0165-768x516.jpg 768w, https:\/\/www.inmsol.com\/wp-content\/uploads\/2016\/03\/DSC_0165-1024x687.jpg 1024w, https:\/\/www.inmsol.com\/wp-content\/uploads\/2016\/03\/DSC_0165-250x168.jpg 250w, https:\/\/www.inmsol.com\/wp-content\/uploads\/2016\/03\/DSC_0165-596x400.jpg 596w\" sizes=\"(max-width: 447px) 100vw, 447px\" \/><\/p>\n<p>&nbsp;<\/p>\n<p>El jueves por la noche han descubierto la belleza del arte del flamenco, danza t\u00edpica espa\u00f1ola conocida en todo el mundo, asistiendo a un espect\u00e1culo en una zambra t\u00edpica del Sacromonte.<\/p>\n<p>&nbsp;<\/p>\n<p>&nbsp;<\/p>\n<p>&nbsp;<\/p>\n<p>&nbsp;<\/p>\n<p><img decoding=\"async\" class=\"wp-image-22430 size-medium alignright\" src=\"https:\/\/www.inmsol.com\/wp-content\/uploads\/2016\/03\/IMG-20160312-WA0026-169x300.jpg\" alt=\"\" width=\"169\" height=\"300\" srcset=\"https:\/\/www.inmsol.com\/wp-content\/uploads\/2016\/03\/IMG-20160312-WA0026-169x300.jpg 169w, https:\/\/www.inmsol.com\/wp-content\/uploads\/2016\/03\/IMG-20160312-WA0026-800x1422.jpg 800w, https:\/\/www.inmsol.com\/wp-content\/uploads\/2016\/03\/IMG-20160312-WA0026-64x114.jpg 64w, https:\/\/www.inmsol.com\/wp-content\/uploads\/2016\/03\/IMG-20160312-WA0026-768x1365.jpg 768w, https:\/\/www.inmsol.com\/wp-content\/uploads\/2016\/03\/IMG-20160312-WA0026-576x1024.jpg 576w, https:\/\/www.inmsol.com\/wp-content\/uploads\/2016\/03\/IMG-20160312-WA0026-113x200.jpg 113w, https:\/\/www.inmsol.com\/wp-content\/uploads\/2016\/03\/IMG-20160312-WA0026-225x400.jpg 225w, https:\/\/www.inmsol.com\/wp-content\/uploads\/2016\/03\/IMG-20160312-WA0026.jpg 900w\" sizes=\"(max-width: 169px) 100vw, 169px\" \/><\/p>\n<p><img loading=\"lazy\" decoding=\"async\" class=\"wp-image-22416 size-medium alignright\" src=\"https:\/\/www.inmsol.com\/wp-content\/uploads\/2016\/03\/IMG-20160313-WA0019-169x300.jpg\" alt=\"\" width=\"169\" height=\"300\" srcset=\"https:\/\/www.inmsol.com\/wp-content\/uploads\/2016\/03\/IMG-20160313-WA0019-169x300.jpg 169w, https:\/\/www.inmsol.com\/wp-content\/uploads\/2016\/03\/IMG-20160313-WA0019-800x1422.jpg 800w, https:\/\/www.inmsol.com\/wp-content\/uploads\/2016\/03\/IMG-20160313-WA0019-64x114.jpg 64w, https:\/\/www.inmsol.com\/wp-content\/uploads\/2016\/03\/IMG-20160313-WA0019-768x1365.jpg 768w, https:\/\/www.inmsol.com\/wp-content\/uploads\/2016\/03\/IMG-20160313-WA0019-576x1024.jpg 576w, https:\/\/www.inmsol.com\/wp-content\/uploads\/2016\/03\/IMG-20160313-WA0019-113x200.jpg 113w, https:\/\/www.inmsol.com\/wp-content\/uploads\/2016\/03\/IMG-20160313-WA0019-225x400.jpg 225w, https:\/\/www.inmsol.com\/wp-content\/uploads\/2016\/03\/IMG-20160313-WA0019.jpg 900w\" sizes=\"(max-width: 169px) 100vw, 169px\" \/><\/p>\n<p>&nbsp;<\/p>\n<p>El s\u00e1bado estuvieron todo el d\u00eda\u00a0 de excursi\u00f3n en la Costa Tropical, tambi\u00e9n llamada Costa Granadina, que es una comarca andaluza situada en el extremo meridional de la provincia de Granada<\/p>\n<p>El domingo por la ma\u00f1ana visita guiada a la Alhambra, la ciudad palatina andalus\u00ed situada en Granada formada por un conjunto de palacios, jardines y fortaleza\u00a0que albergaba una verdadera ciudadela dentro de la propia ciudad de Granada, que serv\u00eda como alojamiento al monarca y a la corte del Reino nazar\u00ed de Granada y el Generalife.<\/p>\n<p>&nbsp;<\/p>\n<p>&nbsp;<\/p>\n<p>Ya esperamos al segundo grupo de este liceo que estar\u00e1 con nosotros a principios de abril.<\/p>\n<p>&nbsp;<\/p>\n<p>&nbsp;<\/p>\n<p>&nbsp;<\/p>\n<p>&nbsp;<\/p>\n<p>&nbsp;<\/p>\n<p>&nbsp;<\/p>\n<p>&nbsp;<\/p>\n<p>&nbsp;<\/p>\n<p>&nbsp;<\/p>\n<p>&nbsp;<\/p>\n<p>&nbsp;<\/p>\n<p>&nbsp;<\/p>\n<p>&nbsp;<\/p>\n","protected":false},"excerpt":{"rendered":"<p>La semana pasada nuestro Instituto tuvo el placer de acoger al primero de dos grupos de \u00a0estudiantes italianos de Lodi, \u00a0con tres profesores acompa\u00f1antes, que han tenido la oportunidad de hacer un curso de espa\u00f1ol durante una semana y la posibilidad de visitar nuestra hermosa&#8230;<\/p>\n","protected":false},"author":3,"featured_media":22388,"comment_status":"closed","ping_status":"closed","sticky":false,"template":"","format":"standard","meta":{"_acf_changed":false,"footnotes":""},"categories":[84],"tags":[],"class_list":["post-22387","post","type-post","status-publish","format-standard","has-post-thumbnail","hentry","category-espanol-grupos"],"acf":[],"yoast_head":"<!-- This site is optimized with the Yoast SEO plugin v27.5 - https:\/\/yoast.com\/product\/yoast-seo-wordpress\/ -->\n<title>Estancia de Estudiantes de Lodi (Italia) &#8226; iNMSOL<\/title>\n<meta name=\"robots\" content=\"index, follow, max-snippet:-1, max-image-preview:large, max-video-preview:-1\" \/>\n<link rel=\"canonical\" href=\"https:\/\/www.inmsol.com\/es\/blog-escuela\/espanol-grupos\/estancia-de-estudiantes-de-lodi-italia\/\" \/>\n<meta property=\"og:locale\" content=\"es_ES\" \/>\n<meta property=\"og:type\" content=\"article\" \/>\n<meta property=\"og:title\" content=\"Estancia de Estudiantes de Lodi (Italia) &#8226; iNMSOL\" \/>\n<meta property=\"og:description\" content=\"La semana pasada nuestro Instituto tuvo el placer de acoger al primero de dos grupos de \u00a0estudiantes italianos de Lodi, \u00a0con tres profesores acompa\u00f1antes, que han tenido la oportunidad de hacer un curso de espa\u00f1ol durante una semana y la posibilidad de visitar nuestra hermosa...\" \/>\n<meta property=\"og:url\" content=\"https:\/\/www.inmsol.com\/es\/blog-escuela\/espanol-grupos\/estancia-de-estudiantes-de-lodi-italia\/\" \/>\n<meta property=\"og:site_name\" content=\"iNMSOL\" \/>\n<meta property=\"article:publisher\" content=\"https:\/\/www.facebook.com\/spanishcourses\" \/>\n<meta property=\"article:published_time\" content=\"2016-03-18T08:25:47+00:00\" \/>\n<meta property=\"article:modified_time\" content=\"2016-03-18T09:51:28+00:00\" \/>\n<meta property=\"og:image\" content=\"https:\/\/www.inmsol.com\/wp-content\/uploads\/2016\/03\/DSC_0190-scaled.jpg\" \/>\n\t<meta property=\"og:image:width\" content=\"2560\" \/>\n\t<meta property=\"og:image:height\" content=\"1718\" \/>\n\t<meta property=\"og:image:type\" content=\"image\/jpeg\" \/>\n<meta name=\"author\" content=\"- Instituto Mediterr\u00e1neo Sol\" \/>\n<meta name=\"twitter:label1\" content=\"Escrito por\" \/>\n\t<meta name=\"twitter:data1\" content=\"- Instituto Mediterr\u00e1neo Sol\" \/>\n\t<meta name=\"twitter:label2\" content=\"Tiempo de lectura\" \/>\n\t<meta name=\"twitter:data2\" content=\"2 minutos\" \/>\n<script type=\"application\/ld+json\" class=\"yoast-schema-graph\">{\"@context\":\"https:\\\/\\\/schema.org\",\"@graph\":[{\"@type\":\"Article\",\"@id\":\"https:\\\/\\\/www.inmsol.com\\\/es\\\/blog-escuela\\\/espanol-grupos\\\/estancia-de-estudiantes-de-lodi-italia\\\/#article\",\"isPartOf\":{\"@id\":\"https:\\\/\\\/www.inmsol.com\\\/es\\\/blog-escuela\\\/espanol-grupos\\\/estancia-de-estudiantes-de-lodi-italia\\\/\"},\"author\":{\"name\":\"- Instituto Mediterr\u00e1neo Sol\",\"@id\":\"https:\\\/\\\/www.inmsol.com\\\/es\\\/#\\\/schema\\\/person\\\/94a7a01d14a56d1fbc49c841ffc57fe9\"},\"headline\":\"Estancia de Estudiantes de Lodi (Italia)\",\"datePublished\":\"2016-03-18T08:25:47+00:00\",\"dateModified\":\"2016-03-18T09:51:28+00:00\",\"mainEntityOfPage\":{\"@id\":\"https:\\\/\\\/www.inmsol.com\\\/es\\\/blog-escuela\\\/espanol-grupos\\\/estancia-de-estudiantes-de-lodi-italia\\\/\"},\"wordCount\":367,\"publisher\":{\"@id\":\"https:\\\/\\\/www.inmsol.com\\\/es\\\/#organization\"},\"image\":{\"@id\":\"https:\\\/\\\/www.inmsol.com\\\/es\\\/blog-escuela\\\/espanol-grupos\\\/estancia-de-estudiantes-de-lodi-italia\\\/#primaryimage\"},\"thumbnailUrl\":\"https:\\\/\\\/www.inmsol.com\\\/wp-content\\\/uploads\\\/2016\\\/03\\\/DSC_0190-scaled.jpg\",\"articleSection\":[\"Espa\u00f1ol para grupos\"],\"inLanguage\":\"es\"},{\"@type\":\"WebPage\",\"@id\":\"https:\\\/\\\/www.inmsol.com\\\/es\\\/blog-escuela\\\/espanol-grupos\\\/estancia-de-estudiantes-de-lodi-italia\\\/\",\"url\":\"https:\\\/\\\/www.inmsol.com\\\/es\\\/blog-escuela\\\/espanol-grupos\\\/estancia-de-estudiantes-de-lodi-italia\\\/\",\"name\":\"Estancia de Estudiantes de Lodi (Italia) &#8226; iNMSOL\",\"isPartOf\":{\"@id\":\"https:\\\/\\\/www.inmsol.com\\\/es\\\/#website\"},\"primaryImageOfPage\":{\"@id\":\"https:\\\/\\\/www.inmsol.com\\\/es\\\/blog-escuela\\\/espanol-grupos\\\/estancia-de-estudiantes-de-lodi-italia\\\/#primaryimage\"},\"image\":{\"@id\":\"https:\\\/\\\/www.inmsol.com\\\/es\\\/blog-escuela\\\/espanol-grupos\\\/estancia-de-estudiantes-de-lodi-italia\\\/#primaryimage\"},\"thumbnailUrl\":\"https:\\\/\\\/www.inmsol.com\\\/wp-content\\\/uploads\\\/2016\\\/03\\\/DSC_0190-scaled.jpg\",\"datePublished\":\"2016-03-18T08:25:47+00:00\",\"dateModified\":\"2016-03-18T09:51:28+00:00\",\"breadcrumb\":{\"@id\":\"https:\\\/\\\/www.inmsol.com\\\/es\\\/blog-escuela\\\/espanol-grupos\\\/estancia-de-estudiantes-de-lodi-italia\\\/#breadcrumb\"},\"inLanguage\":\"es\",\"potentialAction\":[{\"@type\":\"ReadAction\",\"target\":[\"https:\\\/\\\/www.inmsol.com\\\/es\\\/blog-escuela\\\/espanol-grupos\\\/estancia-de-estudiantes-de-lodi-italia\\\/\"]}]},{\"@type\":\"ImageObject\",\"inLanguage\":\"es\",\"@id\":\"https:\\\/\\\/www.inmsol.com\\\/es\\\/blog-escuela\\\/espanol-grupos\\\/estancia-de-estudiantes-de-lodi-italia\\\/#primaryimage\",\"url\":\"https:\\\/\\\/www.inmsol.com\\\/wp-content\\\/uploads\\\/2016\\\/03\\\/DSC_0190-scaled.jpg\",\"contentUrl\":\"https:\\\/\\\/www.inmsol.com\\\/wp-content\\\/uploads\\\/2016\\\/03\\\/DSC_0190-scaled.jpg\",\"width\":2560,\"height\":1718},{\"@type\":\"BreadcrumbList\",\"@id\":\"https:\\\/\\\/www.inmsol.com\\\/es\\\/blog-escuela\\\/espanol-grupos\\\/estancia-de-estudiantes-de-lodi-italia\\\/#breadcrumb\",\"itemListElement\":[{\"@type\":\"ListItem\",\"position\":1,\"name\":\"Accredited Center by Instituto Cervantes\",\"item\":\"https:\\\/\\\/www.inmsol.com\\\/es\\\/pagina-ejemplo\\\/\"},{\"@type\":\"ListItem\",\"position\":2,\"name\":\"Blog Escuela Espa\u00f1ol\",\"item\":\"https:\\\/\\\/www.inmsol.com\\\/es\\\/category\\\/blog-escuela\\\/\"},{\"@type\":\"ListItem\",\"position\":3,\"name\":\"Espa\u00f1ol para grupos\",\"item\":\"https:\\\/\\\/www.inmsol.com\\\/es\\\/category\\\/blog-escuela\\\/espanol-grupos\\\/\"},{\"@type\":\"ListItem\",\"position\":4,\"name\":\"Estancia de Estudiantes de Lodi (Italia)\"}]},{\"@type\":\"WebSite\",\"@id\":\"https:\\\/\\\/www.inmsol.com\\\/es\\\/#website\",\"url\":\"https:\\\/\\\/www.inmsol.com\\\/es\\\/\",\"name\":\"iNMSOL\",\"description\":\"Aprenda Espa\u00f1ol con iNMSOL en Granada | Centro Acreditado por el Instituto Cervantes\",\"publisher\":{\"@id\":\"https:\\\/\\\/www.inmsol.com\\\/es\\\/#organization\"},\"potentialAction\":[{\"@type\":\"SearchAction\",\"target\":{\"@type\":\"EntryPoint\",\"urlTemplate\":\"https:\\\/\\\/www.inmsol.com\\\/es\\\/?s={search_term_string}\"},\"query-input\":{\"@type\":\"PropertyValueSpecification\",\"valueRequired\":true,\"valueName\":\"search_term_string\"}}],\"inLanguage\":\"es\"},{\"@type\":\"Organization\",\"@id\":\"https:\\\/\\\/www.inmsol.com\\\/es\\\/#organization\",\"name\":\"Instituto Mediterr\u00e1neo Sol\",\"url\":\"https:\\\/\\\/www.inmsol.com\\\/es\\\/\",\"logo\":{\"@type\":\"ImageObject\",\"inLanguage\":\"es\",\"@id\":\"https:\\\/\\\/www.inmsol.com\\\/es\\\/#\\\/schema\\\/logo\\\/image\\\/\",\"url\":\"https:\\\/\\\/www.inmsol.com\\\/wp-content\\\/uploads\\\/2023\\\/06\\\/logo-inmsol-1.png\",\"contentUrl\":\"https:\\\/\\\/www.inmsol.com\\\/wp-content\\\/uploads\\\/2023\\\/06\\\/logo-inmsol-1.png\",\"width\":136,\"height\":73,\"caption\":\"Instituto Mediterr\u00e1neo Sol\"},\"image\":{\"@id\":\"https:\\\/\\\/www.inmsol.com\\\/es\\\/#\\\/schema\\\/logo\\\/image\\\/\"},\"sameAs\":[\"https:\\\/\\\/www.facebook.com\\\/spanishcourses\",\"https:\\\/\\\/x.com\\\/StudyInGranada\",\"http:\\\/\\\/instagram.com\\\/imsolgranada\",\"https:\\\/\\\/es.linkedin.com\\\/company\\\/imsol-granada\",\"https:\\\/\\\/www.pinterest.es\\\/inmsol\\\/\",\"https:\\\/\\\/www.youtube.com\\\/channel\\\/UChz-Qn_7coFMosY85iYMO4g\"]},{\"@type\":\"Person\",\"@id\":\"https:\\\/\\\/www.inmsol.com\\\/es\\\/#\\\/schema\\\/person\\\/94a7a01d14a56d1fbc49c841ffc57fe9\",\"name\":\"- Instituto Mediterr\u00e1neo Sol\",\"image\":{\"@type\":\"ImageObject\",\"inLanguage\":\"es\",\"@id\":\"https:\\\/\\\/secure.gravatar.com\\\/avatar\\\/5607fdabdf1b548b6095cc3d43079829bc1497403e70dd34004e7204a8fef62b?s=96&d=mm&r=g\",\"url\":\"https:\\\/\\\/secure.gravatar.com\\\/avatar\\\/5607fdabdf1b548b6095cc3d43079829bc1497403e70dd34004e7204a8fef62b?s=96&d=mm&r=g\",\"contentUrl\":\"https:\\\/\\\/secure.gravatar.com\\\/avatar\\\/5607fdabdf1b548b6095cc3d43079829bc1497403e70dd34004e7204a8fef62b?s=96&d=mm&r=g\",\"caption\":\"- Instituto Mediterr\u00e1neo Sol\"},\"url\":\"https:\\\/\\\/www.inmsol.com\\\/es\\\/author\\\/laura\\\/\"}]}<\/script>\n<!-- \/ Yoast SEO plugin. -->","yoast_head_json":{"title":"Estancia de Estudiantes de Lodi (Italia) &#8226; iNMSOL","robots":{"index":"index","follow":"follow","max-snippet":"max-snippet:-1","max-image-preview":"max-image-preview:large","max-video-preview":"max-video-preview:-1"},"canonical":"https:\/\/www.inmsol.com\/es\/blog-escuela\/espanol-grupos\/estancia-de-estudiantes-de-lodi-italia\/","og_locale":"es_ES","og_type":"article","og_title":"Estancia de Estudiantes de Lodi (Italia) &#8226; iNMSOL","og_description":"La semana pasada nuestro Instituto tuvo el placer de acoger al primero de dos grupos de \u00a0estudiantes italianos de Lodi, \u00a0con tres profesores acompa\u00f1antes, que han tenido la oportunidad de hacer un curso de espa\u00f1ol durante una semana y la posibilidad de visitar nuestra hermosa...","og_url":"https:\/\/www.inmsol.com\/es\/blog-escuela\/espanol-grupos\/estancia-de-estudiantes-de-lodi-italia\/","og_site_name":"iNMSOL","article_publisher":"https:\/\/www.facebook.com\/spanishcourses","article_published_time":"2016-03-18T08:25:47+00:00","article_modified_time":"2016-03-18T09:51:28+00:00","og_image":[{"width":2560,"height":1718,"url":"https:\/\/www.inmsol.com\/wp-content\/uploads\/2016\/03\/DSC_0190-scaled.jpg","type":"image\/jpeg"}],"author":"- Instituto Mediterr\u00e1neo Sol","twitter_misc":{"Escrito por":"- Instituto Mediterr\u00e1neo Sol","Tiempo de lectura":"2 minutos"},"schema":{"@context":"https:\/\/schema.org","@graph":[{"@type":"Article","@id":"https:\/\/www.inmsol.com\/es\/blog-escuela\/espanol-grupos\/estancia-de-estudiantes-de-lodi-italia\/#article","isPartOf":{"@id":"https:\/\/www.inmsol.com\/es\/blog-escuela\/espanol-grupos\/estancia-de-estudiantes-de-lodi-italia\/"},"author":{"name":"- Instituto Mediterr\u00e1neo Sol","@id":"https:\/\/www.inmsol.com\/es\/#\/schema\/person\/94a7a01d14a56d1fbc49c841ffc57fe9"},"headline":"Estancia de Estudiantes de Lodi (Italia)","datePublished":"2016-03-18T08:25:47+00:00","dateModified":"2016-03-18T09:51:28+00:00","mainEntityOfPage":{"@id":"https:\/\/www.inmsol.com\/es\/blog-escuela\/espanol-grupos\/estancia-de-estudiantes-de-lodi-italia\/"},"wordCount":367,"publisher":{"@id":"https:\/\/www.inmsol.com\/es\/#organization"},"image":{"@id":"https:\/\/www.inmsol.com\/es\/blog-escuela\/espanol-grupos\/estancia-de-estudiantes-de-lodi-italia\/#primaryimage"},"thumbnailUrl":"https:\/\/www.inmsol.com\/wp-content\/uploads\/2016\/03\/DSC_0190-scaled.jpg","articleSection":["Espa\u00f1ol para grupos"],"inLanguage":"es"},{"@type":"WebPage","@id":"https:\/\/www.inmsol.com\/es\/blog-escuela\/espanol-grupos\/estancia-de-estudiantes-de-lodi-italia\/","url":"https:\/\/www.inmsol.com\/es\/blog-escuela\/espanol-grupos\/estancia-de-estudiantes-de-lodi-italia\/","name":"Estancia de Estudiantes de Lodi (Italia) &#8226; iNMSOL","isPartOf":{"@id":"https:\/\/www.inmsol.com\/es\/#website"},"primaryImageOfPage":{"@id":"https:\/\/www.inmsol.com\/es\/blog-escuela\/espanol-grupos\/estancia-de-estudiantes-de-lodi-italia\/#primaryimage"},"image":{"@id":"https:\/\/www.inmsol.com\/es\/blog-escuela\/espanol-grupos\/estancia-de-estudiantes-de-lodi-italia\/#primaryimage"},"thumbnailUrl":"https:\/\/www.inmsol.com\/wp-content\/uploads\/2016\/03\/DSC_0190-scaled.jpg","datePublished":"2016-03-18T08:25:47+00:00","dateModified":"2016-03-18T09:51:28+00:00","breadcrumb":{"@id":"https:\/\/www.inmsol.com\/es\/blog-escuela\/espanol-grupos\/estancia-de-estudiantes-de-lodi-italia\/#breadcrumb"},"inLanguage":"es","potentialAction":[{"@type":"ReadAction","target":["https:\/\/www.inmsol.com\/es\/blog-escuela\/espanol-grupos\/estancia-de-estudiantes-de-lodi-italia\/"]}]},{"@type":"ImageObject","inLanguage":"es","@id":"https:\/\/www.inmsol.com\/es\/blog-escuela\/espanol-grupos\/estancia-de-estudiantes-de-lodi-italia\/#primaryimage","url":"https:\/\/www.inmsol.com\/wp-content\/uploads\/2016\/03\/DSC_0190-scaled.jpg","contentUrl":"https:\/\/www.inmsol.com\/wp-content\/uploads\/2016\/03\/DSC_0190-scaled.jpg","width":2560,"height":1718},{"@type":"BreadcrumbList","@id":"https:\/\/www.inmsol.com\/es\/blog-escuela\/espanol-grupos\/estancia-de-estudiantes-de-lodi-italia\/#breadcrumb","itemListElement":[{"@type":"ListItem","position":1,"name":"Accredited Center by Instituto Cervantes","item":"https:\/\/www.inmsol.com\/es\/pagina-ejemplo\/"},{"@type":"ListItem","position":2,"name":"Blog Escuela Espa\u00f1ol","item":"https:\/\/www.inmsol.com\/es\/category\/blog-escuela\/"},{"@type":"ListItem","position":3,"name":"Espa\u00f1ol para grupos","item":"https:\/\/www.inmsol.com\/es\/category\/blog-escuela\/espanol-grupos\/"},{"@type":"ListItem","position":4,"name":"Estancia de Estudiantes de Lodi (Italia)"}]},{"@type":"WebSite","@id":"https:\/\/www.inmsol.com\/es\/#website","url":"https:\/\/www.inmsol.com\/es\/","name":"iNMSOL","description":"Aprenda Espa\u00f1ol con iNMSOL en Granada | Centro Acreditado por el Instituto Cervantes","publisher":{"@id":"https:\/\/www.inmsol.com\/es\/#organization"},"potentialAction":[{"@type":"SearchAction","target":{"@type":"EntryPoint","urlTemplate":"https:\/\/www.inmsol.com\/es\/?s={search_term_string}"},"query-input":{"@type":"PropertyValueSpecification","valueRequired":true,"valueName":"search_term_string"}}],"inLanguage":"es"},{"@type":"Organization","@id":"https:\/\/www.inmsol.com\/es\/#organization","name":"Instituto Mediterr\u00e1neo Sol","url":"https:\/\/www.inmsol.com\/es\/","logo":{"@type":"ImageObject","inLanguage":"es","@id":"https:\/\/www.inmsol.com\/es\/#\/schema\/logo\/image\/","url":"https:\/\/www.inmsol.com\/wp-content\/uploads\/2023\/06\/logo-inmsol-1.png","contentUrl":"https:\/\/www.inmsol.com\/wp-content\/uploads\/2023\/06\/logo-inmsol-1.png","width":136,"height":73,"caption":"Instituto Mediterr\u00e1neo Sol"},"image":{"@id":"https:\/\/www.inmsol.com\/es\/#\/schema\/logo\/image\/"},"sameAs":["https:\/\/www.facebook.com\/spanishcourses","https:\/\/x.com\/StudyInGranada","http:\/\/instagram.com\/imsolgranada","https:\/\/es.linkedin.com\/company\/imsol-granada","https:\/\/www.pinterest.es\/inmsol\/","https:\/\/www.youtube.com\/channel\/UChz-Qn_7coFMosY85iYMO4g"]},{"@type":"Person","@id":"https:\/\/www.inmsol.com\/es\/#\/schema\/person\/94a7a01d14a56d1fbc49c841ffc57fe9","name":"- Instituto Mediterr\u00e1neo Sol","image":{"@type":"ImageObject","inLanguage":"es","@id":"https:\/\/secure.gravatar.com\/avatar\/5607fdabdf1b548b6095cc3d43079829bc1497403e70dd34004e7204a8fef62b?s=96&d=mm&r=g","url":"https:\/\/secure.gravatar.com\/avatar\/5607fdabdf1b548b6095cc3d43079829bc1497403e70dd34004e7204a8fef62b?s=96&d=mm&r=g","contentUrl":"https:\/\/secure.gravatar.com\/avatar\/5607fdabdf1b548b6095cc3d43079829bc1497403e70dd34004e7204a8fef62b?s=96&d=mm&r=g","caption":"- Instituto Mediterr\u00e1neo Sol"},"url":"https:\/\/www.inmsol.com\/es\/author\/laura\/"}]}},"_links":{"self":[{"href":"https:\/\/www.inmsol.com\/es\/wp-json\/wp\/v2\/posts\/22387","targetHints":{"allow":["GET"]}}],"collection":[{"href":"https:\/\/www.inmsol.com\/es\/wp-json\/wp\/v2\/posts"}],"about":[{"href":"https:\/\/www.inmsol.com\/es\/wp-json\/wp\/v2\/types\/post"}],"author":[{"embeddable":true,"href":"https:\/\/www.inmsol.com\/es\/wp-json\/wp\/v2\/users\/3"}],"replies":[{"embeddable":true,"href":"https:\/\/www.inmsol.com\/es\/wp-json\/wp\/v2\/comments?post=22387"}],"version-history":[{"count":0,"href":"https:\/\/www.inmsol.com\/es\/wp-json\/wp\/v2\/posts\/22387\/revisions"}],"wp:featuredmedia":[{"embeddable":true,"href":"https:\/\/www.inmsol.com\/es\/wp-json\/wp\/v2\/media\/22388"}],"wp:attachment":[{"href":"https:\/\/www.inmsol.com\/es\/wp-json\/wp\/v2\/media?parent=22387"}],"wp:term":[{"taxonomy":"category","embeddable":true,"href":"https:\/\/www.inmsol.com\/es\/wp-json\/wp\/v2\/categories?post=22387"},{"taxonomy":"post_tag","embeddable":true,"href":"https:\/\/www.inmsol.com\/es\/wp-json\/wp\/v2\/tags?post=22387"}],"curies":[{"name":"wp","href":"https:\/\/api.w.org\/{rel}","templated":true}]}}