{"id":22484,"date":"2016-03-21T10:01:49","date_gmt":"2016-03-21T09:01:49","guid":{"rendered":"https:\/\/www.inmsol.com\/es\/?p=22484"},"modified":"2016-03-21T13:07:01","modified_gmt":"2016-03-21T12:07:01","slug":"semana-santa-granada-2016","status":"publish","type":"post","link":"https:\/\/www.inmsol.com\/es\/blog-escuela\/eventos-granada\/semana-santa-granada-2016\/","title":{"rendered":"Semana Santa en Granada"},"content":{"rendered":"<p>La Semana Santa en <strong><a href=\"https:\/\/www.inmsol.com\/es\/granada\/\">Granada<\/a><\/strong> se distingue por el enclave \u00fanico en el que discurren sus procesiones. Fue declarada Fiesta de Inter\u00e9s Tur\u00edstico Internacional en el a\u00f1o 2009, reconocimiento que en Andaluc\u00eda s\u00f3lo comparten la Semana Santa de M\u00e1laga y la de Sevilla.<\/p>\n<p>Las fechas de la Semana Santa cambian cada a\u00f1o y suelen coincidir con la primera luna llena del equinoccio de primavera. En el a\u00f1o 2016 la Semana Santa granadina se celebra del 20 al 27 de marzo. En la Semana Santa de Granada treinta y dos cofrad\u00edas con m\u00e1s de dos mil costaleros portando cincuenta y ocho pasos procesionales cruzan las principales calles de la ciudad acompa\u00f1ados por m\u00e1s de cinco mil cofrades y camareras.<\/p>\n<p>Entre las varias procesiones de la Semana Santa unas de las m\u00e1s importantes son:<\/p>\n<p>El mi\u00e9rcoles a las 16.45 \u201cEl Cristo de los Gitanos\u201d que rinde culto al Sant\u00edsimo Cristo del Consuelo y Mar\u00eda Sant\u00edsima del Sacromonte.<img fetchpriority=\"high\" decoding=\"async\" class=\"alignleft size-medium wp-image-22502\" src=\"https:\/\/www.inmsol.com\/wp-content\/uploads\/2016\/03\/maxresdefault-460x259.jpg\" alt=\"\" width=\"460\" height=\"259\" srcset=\"https:\/\/www.inmsol.com\/wp-content\/uploads\/2016\/03\/maxresdefault-460x259.jpg 460w, https:\/\/www.inmsol.com\/wp-content\/uploads\/2016\/03\/maxresdefault-800x450.jpg 800w, https:\/\/www.inmsol.com\/wp-content\/uploads\/2016\/03\/maxresdefault-64x36.jpg 64w, https:\/\/www.inmsol.com\/wp-content\/uploads\/2016\/03\/maxresdefault-768x432.jpg 768w, https:\/\/www.inmsol.com\/wp-content\/uploads\/2016\/03\/maxresdefault-1024x576.jpg 1024w, https:\/\/www.inmsol.com\/wp-content\/uploads\/2016\/03\/maxresdefault-250x141.jpg 250w, https:\/\/www.inmsol.com\/wp-content\/uploads\/2016\/03\/maxresdefault-600x338.jpg 600w\" sizes=\"(max-width: 460px) 100vw, 460px\" \/><\/p>\n<p>El jueves \u201cEl Silencio\u201d, una procesi\u00f3n que sale a media noche que recorre las calles de Granada a golpe de tambor trayendo silencio y recogimiento y al su paso por las calles se va apagando el alumbrado p\u00fablico.<img decoding=\"async\" class=\"size-medium wp-image-22517 alignright\" src=\"https:\/\/www.inmsol.com\/wp-content\/uploads\/2016\/03\/la-procesic3b3n-del-silencio-362x300.jpg\" alt=\"\" width=\"362\" height=\"300\" srcset=\"https:\/\/www.inmsol.com\/wp-content\/uploads\/2016\/03\/la-procesic3b3n-del-silencio-362x300.jpg 362w, https:\/\/www.inmsol.com\/wp-content\/uploads\/2016\/03\/la-procesic3b3n-del-silencio-800x663.jpg 800w, https:\/\/www.inmsol.com\/wp-content\/uploads\/2016\/03\/la-procesic3b3n-del-silencio-64x53.jpg 64w, https:\/\/www.inmsol.com\/wp-content\/uploads\/2016\/03\/la-procesic3b3n-del-silencio-768x637.jpg 768w, https:\/\/www.inmsol.com\/wp-content\/uploads\/2016\/03\/la-procesic3b3n-del-silencio-241x200.jpg 241w, https:\/\/www.inmsol.com\/wp-content\/uploads\/2016\/03\/la-procesic3b3n-del-silencio-483x400.jpg 483w, https:\/\/www.inmsol.com\/wp-content\/uploads\/2016\/03\/la-procesic3b3n-del-silencio.jpg 970w\" sizes=\"(max-width: 362px) 100vw, 362px\" \/><\/p>\n<p>&nbsp;<\/p>\n<p>&nbsp;<\/p>\n<p>&nbsp;<\/p>\n<p>&nbsp;<\/p>\n<p>&nbsp;<\/p>\n<p>&nbsp;<\/p>\n<p>&nbsp;<\/p>\n<p>&nbsp;<\/p>\n<p>El s\u00e1bado \u201cLa Alhambra\u201d. Su salida a las 17.30 origina tal algarab\u00eda de campanas y cohetes que puede oirse en toda la ciudad. Baja desde su templo de la Alhambra recorriendo el espectacular paseo del recinto nazarita. Muchos son los lugares recomendados para verla pasar, aunque sin duda los m\u00e1s especiales est\u00e1n dentro del recinto de la Alhambra.<\/p>\n<p><img decoding=\"async\" class=\"alignleft size-medium wp-image-22531\" src=\"https:\/\/www.inmsol.com\/wp-content\/uploads\/2016\/03\/635907878487598239-451x300.jpg\" alt=\"\" width=\"451\" height=\"300\" srcset=\"https:\/\/www.inmsol.com\/wp-content\/uploads\/2016\/03\/635907878487598239-451x300.jpg 451w, https:\/\/www.inmsol.com\/wp-content\/uploads\/2016\/03\/635907878487598239-64x43.jpg 64w, https:\/\/www.inmsol.com\/wp-content\/uploads\/2016\/03\/635907878487598239-600x400.jpg 600w, https:\/\/www.inmsol.com\/wp-content\/uploads\/2016\/03\/635907878487598239-250x166.jpg 250w, https:\/\/www.inmsol.com\/wp-content\/uploads\/2016\/03\/635907878487598239.jpg 640w\" sizes=\"(max-width: 451px) 100vw, 451px\" \/><\/p>\n","protected":false},"excerpt":{"rendered":"<p>La Semana Santa en Granada se distingue por el enclave \u00fanico en el que discurren sus procesiones. Fue declarada Fiesta de Inter\u00e9s Tur\u00edstico Internacional en el a\u00f1o 2009, reconocimiento que en Andaluc\u00eda s\u00f3lo comparten la Semana Santa de M\u00e1laga y la de Sevilla. Las fechas&#8230;<\/p>\n","protected":false},"author":3,"featured_media":22485,"comment_status":"closed","ping_status":"closed","sticky":false,"template":"","format":"standard","meta":{"_acf_changed":false,"footnotes":""},"categories":[80],"tags":[],"class_list":["post-22484","post","type-post","status-publish","format-standard","has-post-thumbnail","hentry","category-eventos-granada"],"acf":[],"yoast_head":"<!-- This site is optimized with the Yoast SEO plugin v27.4 - https:\/\/yoast.com\/product\/yoast-seo-wordpress\/ -->\n<title>Semana Santa en Granada &#8226; iNMSOL<\/title>\n<meta name=\"robots\" content=\"index, follow, max-snippet:-1, max-image-preview:large, max-video-preview:-1\" \/>\n<link rel=\"canonical\" href=\"https:\/\/www.inmsol.com\/es\/blog-escuela\/eventos-granada\/semana-santa-granada-2016\/\" \/>\n<meta property=\"og:locale\" content=\"es_ES\" \/>\n<meta property=\"og:type\" content=\"article\" \/>\n<meta property=\"og:title\" content=\"Semana Santa en Granada &#8226; iNMSOL\" \/>\n<meta property=\"og:description\" content=\"La Semana Santa en Granada se distingue por el enclave \u00fanico en el que discurren sus procesiones. Fue declarada Fiesta de Inter\u00e9s Tur\u00edstico Internacional en el a\u00f1o 2009, reconocimiento que en Andaluc\u00eda s\u00f3lo comparten la Semana Santa de M\u00e1laga y la de Sevilla. Las fechas...\" \/>\n<meta property=\"og:url\" content=\"https:\/\/www.inmsol.com\/es\/blog-escuela\/eventos-granada\/semana-santa-granada-2016\/\" \/>\n<meta property=\"og:site_name\" content=\"iNMSOL\" \/>\n<meta property=\"article:publisher\" content=\"https:\/\/www.facebook.com\/spanishcourses\" \/>\n<meta property=\"article:published_time\" content=\"2016-03-21T09:01:49+00:00\" \/>\n<meta property=\"article:modified_time\" content=\"2016-03-21T12:07:01+00:00\" \/>\n<meta property=\"og:image\" content=\"https:\/\/www.inmsol.com\/wp-content\/uploads\/2016\/03\/semana-santa-granada-2012.jpg\" \/>\n\t<meta property=\"og:image:width\" content=\"652\" \/>\n\t<meta property=\"og:image:height\" content=\"434\" \/>\n\t<meta property=\"og:image:type\" content=\"image\/jpeg\" \/>\n<meta name=\"author\" content=\"- Instituto Mediterr\u00e1neo Sol\" \/>\n<meta name=\"twitter:label1\" content=\"Escrito por\" \/>\n\t<meta name=\"twitter:data1\" content=\"- Instituto Mediterr\u00e1neo Sol\" \/>\n\t<meta name=\"twitter:label2\" content=\"Tiempo de lectura\" \/>\n\t<meta name=\"twitter:data2\" content=\"1 minuto\" \/>\n<script type=\"application\/ld+json\" class=\"yoast-schema-graph\">{\"@context\":\"https:\\\/\\\/schema.org\",\"@graph\":[{\"@type\":\"Article\",\"@id\":\"https:\\\/\\\/www.inmsol.com\\\/es\\\/blog-escuela\\\/eventos-granada\\\/semana-santa-granada-2016\\\/#article\",\"isPartOf\":{\"@id\":\"https:\\\/\\\/www.inmsol.com\\\/es\\\/blog-escuela\\\/eventos-granada\\\/semana-santa-granada-2016\\\/\"},\"author\":{\"name\":\"- Instituto Mediterr\u00e1neo Sol\",\"@id\":\"https:\\\/\\\/www.inmsol.com\\\/es\\\/#\\\/schema\\\/person\\\/94a7a01d14a56d1fbc49c841ffc57fe9\"},\"headline\":\"Semana Santa en Granada\",\"datePublished\":\"2016-03-21T09:01:49+00:00\",\"dateModified\":\"2016-03-21T12:07:01+00:00\",\"mainEntityOfPage\":{\"@id\":\"https:\\\/\\\/www.inmsol.com\\\/es\\\/blog-escuela\\\/eventos-granada\\\/semana-santa-granada-2016\\\/\"},\"wordCount\":280,\"publisher\":{\"@id\":\"https:\\\/\\\/www.inmsol.com\\\/es\\\/#organization\"},\"image\":{\"@id\":\"https:\\\/\\\/www.inmsol.com\\\/es\\\/blog-escuela\\\/eventos-granada\\\/semana-santa-granada-2016\\\/#primaryimage\"},\"thumbnailUrl\":\"https:\\\/\\\/www.inmsol.com\\\/wp-content\\\/uploads\\\/2016\\\/03\\\/semana-santa-granada-2012.jpg\",\"articleSection\":[\"Eventos en Granada\"],\"inLanguage\":\"es\"},{\"@type\":\"WebPage\",\"@id\":\"https:\\\/\\\/www.inmsol.com\\\/es\\\/blog-escuela\\\/eventos-granada\\\/semana-santa-granada-2016\\\/\",\"url\":\"https:\\\/\\\/www.inmsol.com\\\/es\\\/blog-escuela\\\/eventos-granada\\\/semana-santa-granada-2016\\\/\",\"name\":\"Semana Santa en Granada &#8226; iNMSOL\",\"isPartOf\":{\"@id\":\"https:\\\/\\\/www.inmsol.com\\\/es\\\/#website\"},\"primaryImageOfPage\":{\"@id\":\"https:\\\/\\\/www.inmsol.com\\\/es\\\/blog-escuela\\\/eventos-granada\\\/semana-santa-granada-2016\\\/#primaryimage\"},\"image\":{\"@id\":\"https:\\\/\\\/www.inmsol.com\\\/es\\\/blog-escuela\\\/eventos-granada\\\/semana-santa-granada-2016\\\/#primaryimage\"},\"thumbnailUrl\":\"https:\\\/\\\/www.inmsol.com\\\/wp-content\\\/uploads\\\/2016\\\/03\\\/semana-santa-granada-2012.jpg\",\"datePublished\":\"2016-03-21T09:01:49+00:00\",\"dateModified\":\"2016-03-21T12:07:01+00:00\",\"breadcrumb\":{\"@id\":\"https:\\\/\\\/www.inmsol.com\\\/es\\\/blog-escuela\\\/eventos-granada\\\/semana-santa-granada-2016\\\/#breadcrumb\"},\"inLanguage\":\"es\",\"potentialAction\":[{\"@type\":\"ReadAction\",\"target\":[\"https:\\\/\\\/www.inmsol.com\\\/es\\\/blog-escuela\\\/eventos-granada\\\/semana-santa-granada-2016\\\/\"]}]},{\"@type\":\"ImageObject\",\"inLanguage\":\"es\",\"@id\":\"https:\\\/\\\/www.inmsol.com\\\/es\\\/blog-escuela\\\/eventos-granada\\\/semana-santa-granada-2016\\\/#primaryimage\",\"url\":\"https:\\\/\\\/www.inmsol.com\\\/wp-content\\\/uploads\\\/2016\\\/03\\\/semana-santa-granada-2012.jpg\",\"contentUrl\":\"https:\\\/\\\/www.inmsol.com\\\/wp-content\\\/uploads\\\/2016\\\/03\\\/semana-santa-granada-2012.jpg\",\"width\":652,\"height\":434},{\"@type\":\"BreadcrumbList\",\"@id\":\"https:\\\/\\\/www.inmsol.com\\\/es\\\/blog-escuela\\\/eventos-granada\\\/semana-santa-granada-2016\\\/#breadcrumb\",\"itemListElement\":[{\"@type\":\"ListItem\",\"position\":1,\"name\":\"Accredited Center by Instituto Cervantes\",\"item\":\"https:\\\/\\\/www.inmsol.com\\\/es\\\/pagina-ejemplo\\\/\"},{\"@type\":\"ListItem\",\"position\":2,\"name\":\"Blog Escuela Espa\u00f1ol\",\"item\":\"https:\\\/\\\/www.inmsol.com\\\/es\\\/category\\\/blog-escuela\\\/\"},{\"@type\":\"ListItem\",\"position\":3,\"name\":\"Eventos en Granada\",\"item\":\"https:\\\/\\\/www.inmsol.com\\\/es\\\/category\\\/blog-escuela\\\/eventos-granada\\\/\"},{\"@type\":\"ListItem\",\"position\":4,\"name\":\"Semana Santa en Granada\"}]},{\"@type\":\"WebSite\",\"@id\":\"https:\\\/\\\/www.inmsol.com\\\/es\\\/#website\",\"url\":\"https:\\\/\\\/www.inmsol.com\\\/es\\\/\",\"name\":\"iNMSOL\",\"description\":\"Aprenda Espa\u00f1ol con iNMSOL en Granada | Centro Acreditado por el Instituto Cervantes\",\"publisher\":{\"@id\":\"https:\\\/\\\/www.inmsol.com\\\/es\\\/#organization\"},\"potentialAction\":[{\"@type\":\"SearchAction\",\"target\":{\"@type\":\"EntryPoint\",\"urlTemplate\":\"https:\\\/\\\/www.inmsol.com\\\/es\\\/?s={search_term_string}\"},\"query-input\":{\"@type\":\"PropertyValueSpecification\",\"valueRequired\":true,\"valueName\":\"search_term_string\"}}],\"inLanguage\":\"es\"},{\"@type\":\"Organization\",\"@id\":\"https:\\\/\\\/www.inmsol.com\\\/es\\\/#organization\",\"name\":\"Instituto Mediterr\u00e1neo Sol\",\"url\":\"https:\\\/\\\/www.inmsol.com\\\/es\\\/\",\"logo\":{\"@type\":\"ImageObject\",\"inLanguage\":\"es\",\"@id\":\"https:\\\/\\\/www.inmsol.com\\\/es\\\/#\\\/schema\\\/logo\\\/image\\\/\",\"url\":\"https:\\\/\\\/www.inmsol.com\\\/wp-content\\\/uploads\\\/2023\\\/06\\\/logo-inmsol-1.png\",\"contentUrl\":\"https:\\\/\\\/www.inmsol.com\\\/wp-content\\\/uploads\\\/2023\\\/06\\\/logo-inmsol-1.png\",\"width\":136,\"height\":73,\"caption\":\"Instituto Mediterr\u00e1neo Sol\"},\"image\":{\"@id\":\"https:\\\/\\\/www.inmsol.com\\\/es\\\/#\\\/schema\\\/logo\\\/image\\\/\"},\"sameAs\":[\"https:\\\/\\\/www.facebook.com\\\/spanishcourses\",\"https:\\\/\\\/x.com\\\/StudyInGranada\",\"http:\\\/\\\/instagram.com\\\/imsolgranada\",\"https:\\\/\\\/es.linkedin.com\\\/company\\\/imsol-granada\",\"https:\\\/\\\/www.pinterest.es\\\/inmsol\\\/\",\"https:\\\/\\\/www.youtube.com\\\/channel\\\/UChz-Qn_7coFMosY85iYMO4g\"]},{\"@type\":\"Person\",\"@id\":\"https:\\\/\\\/www.inmsol.com\\\/es\\\/#\\\/schema\\\/person\\\/94a7a01d14a56d1fbc49c841ffc57fe9\",\"name\":\"- Instituto Mediterr\u00e1neo Sol\",\"image\":{\"@type\":\"ImageObject\",\"inLanguage\":\"es\",\"@id\":\"https:\\\/\\\/secure.gravatar.com\\\/avatar\\\/5607fdabdf1b548b6095cc3d43079829bc1497403e70dd34004e7204a8fef62b?s=96&d=mm&r=g\",\"url\":\"https:\\\/\\\/secure.gravatar.com\\\/avatar\\\/5607fdabdf1b548b6095cc3d43079829bc1497403e70dd34004e7204a8fef62b?s=96&d=mm&r=g\",\"contentUrl\":\"https:\\\/\\\/secure.gravatar.com\\\/avatar\\\/5607fdabdf1b548b6095cc3d43079829bc1497403e70dd34004e7204a8fef62b?s=96&d=mm&r=g\",\"caption\":\"- Instituto Mediterr\u00e1neo Sol\"},\"url\":\"https:\\\/\\\/www.inmsol.com\\\/es\\\/author\\\/laura\\\/\"}]}<\/script>\n<!-- \/ Yoast SEO plugin. -->","yoast_head_json":{"title":"Semana Santa en Granada &#8226; iNMSOL","robots":{"index":"index","follow":"follow","max-snippet":"max-snippet:-1","max-image-preview":"max-image-preview:large","max-video-preview":"max-video-preview:-1"},"canonical":"https:\/\/www.inmsol.com\/es\/blog-escuela\/eventos-granada\/semana-santa-granada-2016\/","og_locale":"es_ES","og_type":"article","og_title":"Semana Santa en Granada &#8226; iNMSOL","og_description":"La Semana Santa en Granada se distingue por el enclave \u00fanico en el que discurren sus procesiones. Fue declarada Fiesta de Inter\u00e9s Tur\u00edstico Internacional en el a\u00f1o 2009, reconocimiento que en Andaluc\u00eda s\u00f3lo comparten la Semana Santa de M\u00e1laga y la de Sevilla. Las fechas...","og_url":"https:\/\/www.inmsol.com\/es\/blog-escuela\/eventos-granada\/semana-santa-granada-2016\/","og_site_name":"iNMSOL","article_publisher":"https:\/\/www.facebook.com\/spanishcourses","article_published_time":"2016-03-21T09:01:49+00:00","article_modified_time":"2016-03-21T12:07:01+00:00","og_image":[{"width":652,"height":434,"url":"https:\/\/www.inmsol.com\/wp-content\/uploads\/2016\/03\/semana-santa-granada-2012.jpg","type":"image\/jpeg"}],"author":"- Instituto Mediterr\u00e1neo Sol","twitter_misc":{"Escrito por":"- Instituto Mediterr\u00e1neo Sol","Tiempo de lectura":"1 minuto"},"schema":{"@context":"https:\/\/schema.org","@graph":[{"@type":"Article","@id":"https:\/\/www.inmsol.com\/es\/blog-escuela\/eventos-granada\/semana-santa-granada-2016\/#article","isPartOf":{"@id":"https:\/\/www.inmsol.com\/es\/blog-escuela\/eventos-granada\/semana-santa-granada-2016\/"},"author":{"name":"- Instituto Mediterr\u00e1neo Sol","@id":"https:\/\/www.inmsol.com\/es\/#\/schema\/person\/94a7a01d14a56d1fbc49c841ffc57fe9"},"headline":"Semana Santa en Granada","datePublished":"2016-03-21T09:01:49+00:00","dateModified":"2016-03-21T12:07:01+00:00","mainEntityOfPage":{"@id":"https:\/\/www.inmsol.com\/es\/blog-escuela\/eventos-granada\/semana-santa-granada-2016\/"},"wordCount":280,"publisher":{"@id":"https:\/\/www.inmsol.com\/es\/#organization"},"image":{"@id":"https:\/\/www.inmsol.com\/es\/blog-escuela\/eventos-granada\/semana-santa-granada-2016\/#primaryimage"},"thumbnailUrl":"https:\/\/www.inmsol.com\/wp-content\/uploads\/2016\/03\/semana-santa-granada-2012.jpg","articleSection":["Eventos en Granada"],"inLanguage":"es"},{"@type":"WebPage","@id":"https:\/\/www.inmsol.com\/es\/blog-escuela\/eventos-granada\/semana-santa-granada-2016\/","url":"https:\/\/www.inmsol.com\/es\/blog-escuela\/eventos-granada\/semana-santa-granada-2016\/","name":"Semana Santa en Granada &#8226; iNMSOL","isPartOf":{"@id":"https:\/\/www.inmsol.com\/es\/#website"},"primaryImageOfPage":{"@id":"https:\/\/www.inmsol.com\/es\/blog-escuela\/eventos-granada\/semana-santa-granada-2016\/#primaryimage"},"image":{"@id":"https:\/\/www.inmsol.com\/es\/blog-escuela\/eventos-granada\/semana-santa-granada-2016\/#primaryimage"},"thumbnailUrl":"https:\/\/www.inmsol.com\/wp-content\/uploads\/2016\/03\/semana-santa-granada-2012.jpg","datePublished":"2016-03-21T09:01:49+00:00","dateModified":"2016-03-21T12:07:01+00:00","breadcrumb":{"@id":"https:\/\/www.inmsol.com\/es\/blog-escuela\/eventos-granada\/semana-santa-granada-2016\/#breadcrumb"},"inLanguage":"es","potentialAction":[{"@type":"ReadAction","target":["https:\/\/www.inmsol.com\/es\/blog-escuela\/eventos-granada\/semana-santa-granada-2016\/"]}]},{"@type":"ImageObject","inLanguage":"es","@id":"https:\/\/www.inmsol.com\/es\/blog-escuela\/eventos-granada\/semana-santa-granada-2016\/#primaryimage","url":"https:\/\/www.inmsol.com\/wp-content\/uploads\/2016\/03\/semana-santa-granada-2012.jpg","contentUrl":"https:\/\/www.inmsol.com\/wp-content\/uploads\/2016\/03\/semana-santa-granada-2012.jpg","width":652,"height":434},{"@type":"BreadcrumbList","@id":"https:\/\/www.inmsol.com\/es\/blog-escuela\/eventos-granada\/semana-santa-granada-2016\/#breadcrumb","itemListElement":[{"@type":"ListItem","position":1,"name":"Accredited Center by Instituto Cervantes","item":"https:\/\/www.inmsol.com\/es\/pagina-ejemplo\/"},{"@type":"ListItem","position":2,"name":"Blog Escuela Espa\u00f1ol","item":"https:\/\/www.inmsol.com\/es\/category\/blog-escuela\/"},{"@type":"ListItem","position":3,"name":"Eventos en Granada","item":"https:\/\/www.inmsol.com\/es\/category\/blog-escuela\/eventos-granada\/"},{"@type":"ListItem","position":4,"name":"Semana Santa en Granada"}]},{"@type":"WebSite","@id":"https:\/\/www.inmsol.com\/es\/#website","url":"https:\/\/www.inmsol.com\/es\/","name":"iNMSOL","description":"Aprenda Espa\u00f1ol con iNMSOL en Granada | Centro Acreditado por el Instituto Cervantes","publisher":{"@id":"https:\/\/www.inmsol.com\/es\/#organization"},"potentialAction":[{"@type":"SearchAction","target":{"@type":"EntryPoint","urlTemplate":"https:\/\/www.inmsol.com\/es\/?s={search_term_string}"},"query-input":{"@type":"PropertyValueSpecification","valueRequired":true,"valueName":"search_term_string"}}],"inLanguage":"es"},{"@type":"Organization","@id":"https:\/\/www.inmsol.com\/es\/#organization","name":"Instituto Mediterr\u00e1neo Sol","url":"https:\/\/www.inmsol.com\/es\/","logo":{"@type":"ImageObject","inLanguage":"es","@id":"https:\/\/www.inmsol.com\/es\/#\/schema\/logo\/image\/","url":"https:\/\/www.inmsol.com\/wp-content\/uploads\/2023\/06\/logo-inmsol-1.png","contentUrl":"https:\/\/www.inmsol.com\/wp-content\/uploads\/2023\/06\/logo-inmsol-1.png","width":136,"height":73,"caption":"Instituto Mediterr\u00e1neo Sol"},"image":{"@id":"https:\/\/www.inmsol.com\/es\/#\/schema\/logo\/image\/"},"sameAs":["https:\/\/www.facebook.com\/spanishcourses","https:\/\/x.com\/StudyInGranada","http:\/\/instagram.com\/imsolgranada","https:\/\/es.linkedin.com\/company\/imsol-granada","https:\/\/www.pinterest.es\/inmsol\/","https:\/\/www.youtube.com\/channel\/UChz-Qn_7coFMosY85iYMO4g"]},{"@type":"Person","@id":"https:\/\/www.inmsol.com\/es\/#\/schema\/person\/94a7a01d14a56d1fbc49c841ffc57fe9","name":"- Instituto Mediterr\u00e1neo Sol","image":{"@type":"ImageObject","inLanguage":"es","@id":"https:\/\/secure.gravatar.com\/avatar\/5607fdabdf1b548b6095cc3d43079829bc1497403e70dd34004e7204a8fef62b?s=96&d=mm&r=g","url":"https:\/\/secure.gravatar.com\/avatar\/5607fdabdf1b548b6095cc3d43079829bc1497403e70dd34004e7204a8fef62b?s=96&d=mm&r=g","contentUrl":"https:\/\/secure.gravatar.com\/avatar\/5607fdabdf1b548b6095cc3d43079829bc1497403e70dd34004e7204a8fef62b?s=96&d=mm&r=g","caption":"- Instituto Mediterr\u00e1neo Sol"},"url":"https:\/\/www.inmsol.com\/es\/author\/laura\/"}]}},"_links":{"self":[{"href":"https:\/\/www.inmsol.com\/es\/wp-json\/wp\/v2\/posts\/22484","targetHints":{"allow":["GET"]}}],"collection":[{"href":"https:\/\/www.inmsol.com\/es\/wp-json\/wp\/v2\/posts"}],"about":[{"href":"https:\/\/www.inmsol.com\/es\/wp-json\/wp\/v2\/types\/post"}],"author":[{"embeddable":true,"href":"https:\/\/www.inmsol.com\/es\/wp-json\/wp\/v2\/users\/3"}],"replies":[{"embeddable":true,"href":"https:\/\/www.inmsol.com\/es\/wp-json\/wp\/v2\/comments?post=22484"}],"version-history":[{"count":0,"href":"https:\/\/www.inmsol.com\/es\/wp-json\/wp\/v2\/posts\/22484\/revisions"}],"wp:featuredmedia":[{"embeddable":true,"href":"https:\/\/www.inmsol.com\/es\/wp-json\/wp\/v2\/media\/22485"}],"wp:attachment":[{"href":"https:\/\/www.inmsol.com\/es\/wp-json\/wp\/v2\/media?parent=22484"}],"wp:term":[{"taxonomy":"category","embeddable":true,"href":"https:\/\/www.inmsol.com\/es\/wp-json\/wp\/v2\/categories?post=22484"},{"taxonomy":"post_tag","embeddable":true,"href":"https:\/\/www.inmsol.com\/es\/wp-json\/wp\/v2\/tags?post=22484"}],"curies":[{"name":"wp","href":"https:\/\/api.w.org\/{rel}","templated":true}]}}