{"id":22598,"date":"2016-03-28T10:43:42","date_gmt":"2016-03-28T08:43:42","guid":{"rendered":"https:\/\/www.inmsol.com\/es\/?p=22598"},"modified":"2016-03-28T12:58:33","modified_gmt":"2016-03-28T10:58:33","slug":"estancia-de-estudiantes-de-suiza","status":"publish","type":"post","link":"https:\/\/www.inmsol.com\/es\/blog-escuela\/espanol-grupos\/estancia-de-estudiantes-de-suiza\/","title":{"rendered":"Estancia de  Estudiantes de Suiza"},"content":{"rendered":"<p>La semana pasada nuestro <a href=\"https:\/\/www.inmsol.com\/es\/\"><strong>Instituto Mediterraneo Sol<\/strong> <\/a>tuvo el placer de tener un grupo de estudiantes suizos con algunos profesores acompa\u00f1antes, que han tenido la oportunidad de hacer un <a href=\"https:\/\/www.inmsol.com\/es\/cursos-espanol-espana\/granada\/\"><strong>curso intensivo<\/strong> <\/a>de tres d\u00edas (desde el lunes 21 hasta al mi\u00e9rcoles 23) de espa\u00f1ol aprovechar de nuestra preciosa cuidad, mucho m\u00e1s preciosa en estos d\u00edas gracias tambi\u00e9n a las procesiones de la Semana Santa.<img fetchpriority=\"high\" decoding=\"async\" class=\"alignleft size-medium wp-image-22655\" src=\"https:\/\/www.inmsol.com\/wp-content\/uploads\/2016\/03\/semana-santa-granada-2012-1-451x300.jpg\" alt=\"\" width=\"451\" height=\"300\" srcset=\"https:\/\/www.inmsol.com\/wp-content\/uploads\/2016\/03\/semana-santa-granada-2012-1-451x300.jpg 451w, https:\/\/www.inmsol.com\/wp-content\/uploads\/2016\/03\/semana-santa-granada-2012-1-64x43.jpg 64w, https:\/\/www.inmsol.com\/wp-content\/uploads\/2016\/03\/semana-santa-granada-2012-1-600x400.jpg 600w, https:\/\/www.inmsol.com\/wp-content\/uploads\/2016\/03\/semana-santa-granada-2012-1-250x166.jpg 250w, https:\/\/www.inmsol.com\/wp-content\/uploads\/2016\/03\/semana-santa-granada-2012-1.jpg 652w\" sizes=\"(max-width: 451px) 100vw, 451px\" \/><\/p>\n<p>Llegaron el domingo 20 Marzo y por la tarde fueron a visitar el <strong><a href=\"https:\/\/www.inmsol.com\/es\/actividades-culturales-excursiones\/\">Albaic\u00edn <\/a><\/strong><a href=\"https:\/\/www.inmsol.com\/es\/actividades-culturales-excursiones\/\">y<\/a><strong><a href=\"https:\/\/www.inmsol.com\/es\/actividades-culturales-excursiones\/\"> Sacromonte<\/a><\/strong><\/p>\n<p>El lunes despu\u00e9s de la clases de la ma\u00f1ana, por la noche han descubierto la belleza del arte del flamenco, danza t\u00edpica espa\u00f1ola conocida en todo el mundo, asistiendo a un espect\u00e1culo en una zambra t\u00edpica del Sacromonte.<\/p>\n<p>&nbsp;<\/p>\n<p>&nbsp;<\/p>\n<p>&nbsp;<\/p>\n<p>El martes despu\u00e9s de la clases de la ma\u00f1ana, por la tarde visita guiada a la <strong><a href=\"https:\/\/www.inmsol.com\/es\/actividades-culturales-excursiones\/\">Alhambra<\/a><\/strong>, la ciudad palatina andalus\u00ed situada en <strong><a href=\"https:\/\/www.inmsol.com\/es\/granada\/\">Granada<\/a><\/strong> formada por un conjunto de palacios, jardines y fortaleza que albergaba una verdadera ciudadela dentro de la propia ciudad de Granada, que serv\u00eda como alojamiento al monarca y a la corte del Reino nazar\u00ed de Granada y el Generalife.<\/p>\n<p>El mi\u00e9rcoles despu\u00e9s de las clases de la ma\u00f1ana han tenido una visita guiada al centro y al<strong><a href=\"https:\/\/www.inmsol.com\/es\/actividades-culturales-excursiones\/\"> Realejo,<\/a><\/strong> barrio en el que se encuentra la escuela y situado en el casco antiguo de la ciudad, a los pies de la Alhambra.<img decoding=\"async\" class=\"alignleft size-medium wp-image-22669\" src=\"https:\/\/www.inmsol.com\/wp-content\/uploads\/2016\/03\/granada_centro-396x300.jpg\" alt=\"\" width=\"396\" height=\"300\" srcset=\"https:\/\/www.inmsol.com\/wp-content\/uploads\/2016\/03\/granada_centro-396x300.jpg 396w, https:\/\/www.inmsol.com\/wp-content\/uploads\/2016\/03\/granada_centro-64x48.jpg 64w, https:\/\/www.inmsol.com\/wp-content\/uploads\/2016\/03\/granada_centro-250x189.jpg 250w, https:\/\/www.inmsol.com\/wp-content\/uploads\/2016\/03\/granada_centro.jpg 412w\" sizes=\"(max-width: 396px) 100vw, 396px\" \/><\/p>\n<p>&nbsp;<\/p>\n<p>&nbsp;<\/p>\n<p>&nbsp;<\/p>\n<p>&nbsp;<\/p>\n<p>&nbsp;<\/p>\n<p>&nbsp;<\/p>\n<p>&nbsp;<\/p>\n<p>&nbsp;<\/p>\n<p>El jueves d\u00eda de regreso a Suiza.<\/p>\n<p>\u00a1Much\u00edsimas gracias por elegir nuestra escuela y nuestra hermosa cuidad!<\/p>\n","protected":false},"excerpt":{"rendered":"<p>La semana pasada nuestro Instituto Mediterraneo Sol tuvo el placer de tener un grupo de estudiantes suizos con algunos profesores acompa\u00f1antes, que han tenido la oportunidad de hacer un curso intensivo de tres d\u00edas (desde el lunes 21 hasta al mi\u00e9rcoles 23) de espa\u00f1ol aprovechar&#8230;<\/p>\n","protected":false},"author":3,"featured_media":22599,"comment_status":"closed","ping_status":"closed","sticky":false,"template":"","format":"standard","meta":{"_acf_changed":false,"footnotes":""},"categories":[84],"tags":[],"class_list":["post-22598","post","type-post","status-publish","format-standard","has-post-thumbnail","hentry","category-espanol-grupos"],"acf":[],"yoast_head":"<!-- This site is optimized with the Yoast SEO plugin v27.5 - https:\/\/yoast.com\/product\/yoast-seo-wordpress\/ -->\n<title>Estancia de Estudiantes de Suiza &#8226; iNMSOL<\/title>\n<meta name=\"robots\" content=\"index, follow, max-snippet:-1, max-image-preview:large, max-video-preview:-1\" \/>\n<link rel=\"canonical\" href=\"https:\/\/www.inmsol.com\/es\/blog-escuela\/espanol-grupos\/estancia-de-estudiantes-de-suiza\/\" \/>\n<meta property=\"og:locale\" content=\"es_ES\" \/>\n<meta property=\"og:type\" content=\"article\" \/>\n<meta property=\"og:title\" content=\"Estancia de Estudiantes de Suiza &#8226; iNMSOL\" \/>\n<meta property=\"og:description\" content=\"La semana pasada nuestro Instituto Mediterraneo Sol tuvo el placer de tener un grupo de estudiantes suizos con algunos profesores acompa\u00f1antes, que han tenido la oportunidad de hacer un curso intensivo de tres d\u00edas (desde el lunes 21 hasta al mi\u00e9rcoles 23) de espa\u00f1ol aprovechar...\" \/>\n<meta property=\"og:url\" content=\"https:\/\/www.inmsol.com\/es\/blog-escuela\/espanol-grupos\/estancia-de-estudiantes-de-suiza\/\" \/>\n<meta property=\"og:site_name\" content=\"iNMSOL\" \/>\n<meta property=\"article:publisher\" content=\"https:\/\/www.facebook.com\/spanishcourses\" \/>\n<meta property=\"article:published_time\" content=\"2016-03-28T08:43:42+00:00\" \/>\n<meta property=\"article:modified_time\" content=\"2016-03-28T10:58:33+00:00\" \/>\n<meta property=\"og:image\" content=\"https:\/\/www.inmsol.com\/wp-content\/uploads\/2016\/03\/DSC_0199.jpg\" \/>\n\t<meta property=\"og:image:width\" content=\"1500\" \/>\n\t<meta property=\"og:image:height\" content=\"1007\" \/>\n\t<meta property=\"og:image:type\" content=\"image\/jpeg\" \/>\n<meta name=\"author\" content=\"- Instituto Mediterr\u00e1neo Sol\" \/>\n<meta name=\"twitter:label1\" content=\"Escrito por\" \/>\n\t<meta name=\"twitter:data1\" content=\"- Instituto Mediterr\u00e1neo Sol\" \/>\n\t<meta name=\"twitter:label2\" content=\"Tiempo de lectura\" \/>\n\t<meta name=\"twitter:data2\" content=\"1 minuto\" \/>\n<script type=\"application\/ld+json\" class=\"yoast-schema-graph\">{\"@context\":\"https:\\\/\\\/schema.org\",\"@graph\":[{\"@type\":\"Article\",\"@id\":\"https:\\\/\\\/www.inmsol.com\\\/es\\\/blog-escuela\\\/espanol-grupos\\\/estancia-de-estudiantes-de-suiza\\\/#article\",\"isPartOf\":{\"@id\":\"https:\\\/\\\/www.inmsol.com\\\/es\\\/blog-escuela\\\/espanol-grupos\\\/estancia-de-estudiantes-de-suiza\\\/\"},\"author\":{\"name\":\"- Instituto Mediterr\u00e1neo Sol\",\"@id\":\"https:\\\/\\\/www.inmsol.com\\\/es\\\/#\\\/schema\\\/person\\\/94a7a01d14a56d1fbc49c841ffc57fe9\"},\"headline\":\"Estancia de Estudiantes de Suiza\",\"datePublished\":\"2016-03-28T08:43:42+00:00\",\"dateModified\":\"2016-03-28T10:58:33+00:00\",\"mainEntityOfPage\":{\"@id\":\"https:\\\/\\\/www.inmsol.com\\\/es\\\/blog-escuela\\\/espanol-grupos\\\/estancia-de-estudiantes-de-suiza\\\/\"},\"wordCount\":275,\"publisher\":{\"@id\":\"https:\\\/\\\/www.inmsol.com\\\/es\\\/#organization\"},\"image\":{\"@id\":\"https:\\\/\\\/www.inmsol.com\\\/es\\\/blog-escuela\\\/espanol-grupos\\\/estancia-de-estudiantes-de-suiza\\\/#primaryimage\"},\"thumbnailUrl\":\"https:\\\/\\\/www.inmsol.com\\\/wp-content\\\/uploads\\\/2016\\\/03\\\/DSC_0199.jpg\",\"articleSection\":[\"Espa\u00f1ol para grupos\"],\"inLanguage\":\"es\"},{\"@type\":\"WebPage\",\"@id\":\"https:\\\/\\\/www.inmsol.com\\\/es\\\/blog-escuela\\\/espanol-grupos\\\/estancia-de-estudiantes-de-suiza\\\/\",\"url\":\"https:\\\/\\\/www.inmsol.com\\\/es\\\/blog-escuela\\\/espanol-grupos\\\/estancia-de-estudiantes-de-suiza\\\/\",\"name\":\"Estancia de Estudiantes de Suiza &#8226; iNMSOL\",\"isPartOf\":{\"@id\":\"https:\\\/\\\/www.inmsol.com\\\/es\\\/#website\"},\"primaryImageOfPage\":{\"@id\":\"https:\\\/\\\/www.inmsol.com\\\/es\\\/blog-escuela\\\/espanol-grupos\\\/estancia-de-estudiantes-de-suiza\\\/#primaryimage\"},\"image\":{\"@id\":\"https:\\\/\\\/www.inmsol.com\\\/es\\\/blog-escuela\\\/espanol-grupos\\\/estancia-de-estudiantes-de-suiza\\\/#primaryimage\"},\"thumbnailUrl\":\"https:\\\/\\\/www.inmsol.com\\\/wp-content\\\/uploads\\\/2016\\\/03\\\/DSC_0199.jpg\",\"datePublished\":\"2016-03-28T08:43:42+00:00\",\"dateModified\":\"2016-03-28T10:58:33+00:00\",\"breadcrumb\":{\"@id\":\"https:\\\/\\\/www.inmsol.com\\\/es\\\/blog-escuela\\\/espanol-grupos\\\/estancia-de-estudiantes-de-suiza\\\/#breadcrumb\"},\"inLanguage\":\"es\",\"potentialAction\":[{\"@type\":\"ReadAction\",\"target\":[\"https:\\\/\\\/www.inmsol.com\\\/es\\\/blog-escuela\\\/espanol-grupos\\\/estancia-de-estudiantes-de-suiza\\\/\"]}]},{\"@type\":\"ImageObject\",\"inLanguage\":\"es\",\"@id\":\"https:\\\/\\\/www.inmsol.com\\\/es\\\/blog-escuela\\\/espanol-grupos\\\/estancia-de-estudiantes-de-suiza\\\/#primaryimage\",\"url\":\"https:\\\/\\\/www.inmsol.com\\\/wp-content\\\/uploads\\\/2016\\\/03\\\/DSC_0199.jpg\",\"contentUrl\":\"https:\\\/\\\/www.inmsol.com\\\/wp-content\\\/uploads\\\/2016\\\/03\\\/DSC_0199.jpg\",\"width\":1500,\"height\":1007},{\"@type\":\"BreadcrumbList\",\"@id\":\"https:\\\/\\\/www.inmsol.com\\\/es\\\/blog-escuela\\\/espanol-grupos\\\/estancia-de-estudiantes-de-suiza\\\/#breadcrumb\",\"itemListElement\":[{\"@type\":\"ListItem\",\"position\":1,\"name\":\"Accredited Center by Instituto Cervantes\",\"item\":\"https:\\\/\\\/www.inmsol.com\\\/es\\\/pagina-ejemplo\\\/\"},{\"@type\":\"ListItem\",\"position\":2,\"name\":\"Blog Escuela Espa\u00f1ol\",\"item\":\"https:\\\/\\\/www.inmsol.com\\\/es\\\/category\\\/blog-escuela\\\/\"},{\"@type\":\"ListItem\",\"position\":3,\"name\":\"Espa\u00f1ol para grupos\",\"item\":\"https:\\\/\\\/www.inmsol.com\\\/es\\\/category\\\/blog-escuela\\\/espanol-grupos\\\/\"},{\"@type\":\"ListItem\",\"position\":4,\"name\":\"Estancia de Estudiantes de Suiza\"}]},{\"@type\":\"WebSite\",\"@id\":\"https:\\\/\\\/www.inmsol.com\\\/es\\\/#website\",\"url\":\"https:\\\/\\\/www.inmsol.com\\\/es\\\/\",\"name\":\"iNMSOL\",\"description\":\"Aprenda Espa\u00f1ol con iNMSOL en Granada | Centro Acreditado por el Instituto Cervantes\",\"publisher\":{\"@id\":\"https:\\\/\\\/www.inmsol.com\\\/es\\\/#organization\"},\"potentialAction\":[{\"@type\":\"SearchAction\",\"target\":{\"@type\":\"EntryPoint\",\"urlTemplate\":\"https:\\\/\\\/www.inmsol.com\\\/es\\\/?s={search_term_string}\"},\"query-input\":{\"@type\":\"PropertyValueSpecification\",\"valueRequired\":true,\"valueName\":\"search_term_string\"}}],\"inLanguage\":\"es\"},{\"@type\":\"Organization\",\"@id\":\"https:\\\/\\\/www.inmsol.com\\\/es\\\/#organization\",\"name\":\"Instituto Mediterr\u00e1neo Sol\",\"url\":\"https:\\\/\\\/www.inmsol.com\\\/es\\\/\",\"logo\":{\"@type\":\"ImageObject\",\"inLanguage\":\"es\",\"@id\":\"https:\\\/\\\/www.inmsol.com\\\/es\\\/#\\\/schema\\\/logo\\\/image\\\/\",\"url\":\"https:\\\/\\\/www.inmsol.com\\\/wp-content\\\/uploads\\\/2023\\\/06\\\/logo-inmsol-1.png\",\"contentUrl\":\"https:\\\/\\\/www.inmsol.com\\\/wp-content\\\/uploads\\\/2023\\\/06\\\/logo-inmsol-1.png\",\"width\":136,\"height\":73,\"caption\":\"Instituto Mediterr\u00e1neo Sol\"},\"image\":{\"@id\":\"https:\\\/\\\/www.inmsol.com\\\/es\\\/#\\\/schema\\\/logo\\\/image\\\/\"},\"sameAs\":[\"https:\\\/\\\/www.facebook.com\\\/spanishcourses\",\"https:\\\/\\\/x.com\\\/StudyInGranada\",\"http:\\\/\\\/instagram.com\\\/imsolgranada\",\"https:\\\/\\\/es.linkedin.com\\\/company\\\/imsol-granada\",\"https:\\\/\\\/www.pinterest.es\\\/inmsol\\\/\",\"https:\\\/\\\/www.youtube.com\\\/channel\\\/UChz-Qn_7coFMosY85iYMO4g\"]},{\"@type\":\"Person\",\"@id\":\"https:\\\/\\\/www.inmsol.com\\\/es\\\/#\\\/schema\\\/person\\\/94a7a01d14a56d1fbc49c841ffc57fe9\",\"name\":\"- Instituto Mediterr\u00e1neo Sol\",\"image\":{\"@type\":\"ImageObject\",\"inLanguage\":\"es\",\"@id\":\"https:\\\/\\\/secure.gravatar.com\\\/avatar\\\/5607fdabdf1b548b6095cc3d43079829bc1497403e70dd34004e7204a8fef62b?s=96&d=mm&r=g\",\"url\":\"https:\\\/\\\/secure.gravatar.com\\\/avatar\\\/5607fdabdf1b548b6095cc3d43079829bc1497403e70dd34004e7204a8fef62b?s=96&d=mm&r=g\",\"contentUrl\":\"https:\\\/\\\/secure.gravatar.com\\\/avatar\\\/5607fdabdf1b548b6095cc3d43079829bc1497403e70dd34004e7204a8fef62b?s=96&d=mm&r=g\",\"caption\":\"- Instituto Mediterr\u00e1neo Sol\"},\"url\":\"https:\\\/\\\/www.inmsol.com\\\/es\\\/author\\\/laura\\\/\"}]}<\/script>\n<!-- \/ Yoast SEO plugin. -->","yoast_head_json":{"title":"Estancia de Estudiantes de Suiza &#8226; iNMSOL","robots":{"index":"index","follow":"follow","max-snippet":"max-snippet:-1","max-image-preview":"max-image-preview:large","max-video-preview":"max-video-preview:-1"},"canonical":"https:\/\/www.inmsol.com\/es\/blog-escuela\/espanol-grupos\/estancia-de-estudiantes-de-suiza\/","og_locale":"es_ES","og_type":"article","og_title":"Estancia de Estudiantes de Suiza &#8226; iNMSOL","og_description":"La semana pasada nuestro Instituto Mediterraneo Sol tuvo el placer de tener un grupo de estudiantes suizos con algunos profesores acompa\u00f1antes, que han tenido la oportunidad de hacer un curso intensivo de tres d\u00edas (desde el lunes 21 hasta al mi\u00e9rcoles 23) de espa\u00f1ol aprovechar...","og_url":"https:\/\/www.inmsol.com\/es\/blog-escuela\/espanol-grupos\/estancia-de-estudiantes-de-suiza\/","og_site_name":"iNMSOL","article_publisher":"https:\/\/www.facebook.com\/spanishcourses","article_published_time":"2016-03-28T08:43:42+00:00","article_modified_time":"2016-03-28T10:58:33+00:00","og_image":[{"width":1500,"height":1007,"url":"https:\/\/www.inmsol.com\/wp-content\/uploads\/2016\/03\/DSC_0199.jpg","type":"image\/jpeg"}],"author":"- Instituto Mediterr\u00e1neo Sol","twitter_misc":{"Escrito por":"- Instituto Mediterr\u00e1neo Sol","Tiempo de lectura":"1 minuto"},"schema":{"@context":"https:\/\/schema.org","@graph":[{"@type":"Article","@id":"https:\/\/www.inmsol.com\/es\/blog-escuela\/espanol-grupos\/estancia-de-estudiantes-de-suiza\/#article","isPartOf":{"@id":"https:\/\/www.inmsol.com\/es\/blog-escuela\/espanol-grupos\/estancia-de-estudiantes-de-suiza\/"},"author":{"name":"- Instituto Mediterr\u00e1neo Sol","@id":"https:\/\/www.inmsol.com\/es\/#\/schema\/person\/94a7a01d14a56d1fbc49c841ffc57fe9"},"headline":"Estancia de Estudiantes de Suiza","datePublished":"2016-03-28T08:43:42+00:00","dateModified":"2016-03-28T10:58:33+00:00","mainEntityOfPage":{"@id":"https:\/\/www.inmsol.com\/es\/blog-escuela\/espanol-grupos\/estancia-de-estudiantes-de-suiza\/"},"wordCount":275,"publisher":{"@id":"https:\/\/www.inmsol.com\/es\/#organization"},"image":{"@id":"https:\/\/www.inmsol.com\/es\/blog-escuela\/espanol-grupos\/estancia-de-estudiantes-de-suiza\/#primaryimage"},"thumbnailUrl":"https:\/\/www.inmsol.com\/wp-content\/uploads\/2016\/03\/DSC_0199.jpg","articleSection":["Espa\u00f1ol para grupos"],"inLanguage":"es"},{"@type":"WebPage","@id":"https:\/\/www.inmsol.com\/es\/blog-escuela\/espanol-grupos\/estancia-de-estudiantes-de-suiza\/","url":"https:\/\/www.inmsol.com\/es\/blog-escuela\/espanol-grupos\/estancia-de-estudiantes-de-suiza\/","name":"Estancia de Estudiantes de Suiza &#8226; iNMSOL","isPartOf":{"@id":"https:\/\/www.inmsol.com\/es\/#website"},"primaryImageOfPage":{"@id":"https:\/\/www.inmsol.com\/es\/blog-escuela\/espanol-grupos\/estancia-de-estudiantes-de-suiza\/#primaryimage"},"image":{"@id":"https:\/\/www.inmsol.com\/es\/blog-escuela\/espanol-grupos\/estancia-de-estudiantes-de-suiza\/#primaryimage"},"thumbnailUrl":"https:\/\/www.inmsol.com\/wp-content\/uploads\/2016\/03\/DSC_0199.jpg","datePublished":"2016-03-28T08:43:42+00:00","dateModified":"2016-03-28T10:58:33+00:00","breadcrumb":{"@id":"https:\/\/www.inmsol.com\/es\/blog-escuela\/espanol-grupos\/estancia-de-estudiantes-de-suiza\/#breadcrumb"},"inLanguage":"es","potentialAction":[{"@type":"ReadAction","target":["https:\/\/www.inmsol.com\/es\/blog-escuela\/espanol-grupos\/estancia-de-estudiantes-de-suiza\/"]}]},{"@type":"ImageObject","inLanguage":"es","@id":"https:\/\/www.inmsol.com\/es\/blog-escuela\/espanol-grupos\/estancia-de-estudiantes-de-suiza\/#primaryimage","url":"https:\/\/www.inmsol.com\/wp-content\/uploads\/2016\/03\/DSC_0199.jpg","contentUrl":"https:\/\/www.inmsol.com\/wp-content\/uploads\/2016\/03\/DSC_0199.jpg","width":1500,"height":1007},{"@type":"BreadcrumbList","@id":"https:\/\/www.inmsol.com\/es\/blog-escuela\/espanol-grupos\/estancia-de-estudiantes-de-suiza\/#breadcrumb","itemListElement":[{"@type":"ListItem","position":1,"name":"Accredited Center by Instituto Cervantes","item":"https:\/\/www.inmsol.com\/es\/pagina-ejemplo\/"},{"@type":"ListItem","position":2,"name":"Blog Escuela Espa\u00f1ol","item":"https:\/\/www.inmsol.com\/es\/category\/blog-escuela\/"},{"@type":"ListItem","position":3,"name":"Espa\u00f1ol para grupos","item":"https:\/\/www.inmsol.com\/es\/category\/blog-escuela\/espanol-grupos\/"},{"@type":"ListItem","position":4,"name":"Estancia de Estudiantes de Suiza"}]},{"@type":"WebSite","@id":"https:\/\/www.inmsol.com\/es\/#website","url":"https:\/\/www.inmsol.com\/es\/","name":"iNMSOL","description":"Aprenda Espa\u00f1ol con iNMSOL en Granada | Centro Acreditado por el Instituto Cervantes","publisher":{"@id":"https:\/\/www.inmsol.com\/es\/#organization"},"potentialAction":[{"@type":"SearchAction","target":{"@type":"EntryPoint","urlTemplate":"https:\/\/www.inmsol.com\/es\/?s={search_term_string}"},"query-input":{"@type":"PropertyValueSpecification","valueRequired":true,"valueName":"search_term_string"}}],"inLanguage":"es"},{"@type":"Organization","@id":"https:\/\/www.inmsol.com\/es\/#organization","name":"Instituto Mediterr\u00e1neo Sol","url":"https:\/\/www.inmsol.com\/es\/","logo":{"@type":"ImageObject","inLanguage":"es","@id":"https:\/\/www.inmsol.com\/es\/#\/schema\/logo\/image\/","url":"https:\/\/www.inmsol.com\/wp-content\/uploads\/2023\/06\/logo-inmsol-1.png","contentUrl":"https:\/\/www.inmsol.com\/wp-content\/uploads\/2023\/06\/logo-inmsol-1.png","width":136,"height":73,"caption":"Instituto Mediterr\u00e1neo Sol"},"image":{"@id":"https:\/\/www.inmsol.com\/es\/#\/schema\/logo\/image\/"},"sameAs":["https:\/\/www.facebook.com\/spanishcourses","https:\/\/x.com\/StudyInGranada","http:\/\/instagram.com\/imsolgranada","https:\/\/es.linkedin.com\/company\/imsol-granada","https:\/\/www.pinterest.es\/inmsol\/","https:\/\/www.youtube.com\/channel\/UChz-Qn_7coFMosY85iYMO4g"]},{"@type":"Person","@id":"https:\/\/www.inmsol.com\/es\/#\/schema\/person\/94a7a01d14a56d1fbc49c841ffc57fe9","name":"- Instituto Mediterr\u00e1neo Sol","image":{"@type":"ImageObject","inLanguage":"es","@id":"https:\/\/secure.gravatar.com\/avatar\/5607fdabdf1b548b6095cc3d43079829bc1497403e70dd34004e7204a8fef62b?s=96&d=mm&r=g","url":"https:\/\/secure.gravatar.com\/avatar\/5607fdabdf1b548b6095cc3d43079829bc1497403e70dd34004e7204a8fef62b?s=96&d=mm&r=g","contentUrl":"https:\/\/secure.gravatar.com\/avatar\/5607fdabdf1b548b6095cc3d43079829bc1497403e70dd34004e7204a8fef62b?s=96&d=mm&r=g","caption":"- Instituto Mediterr\u00e1neo Sol"},"url":"https:\/\/www.inmsol.com\/es\/author\/laura\/"}]}},"_links":{"self":[{"href":"https:\/\/www.inmsol.com\/es\/wp-json\/wp\/v2\/posts\/22598","targetHints":{"allow":["GET"]}}],"collection":[{"href":"https:\/\/www.inmsol.com\/es\/wp-json\/wp\/v2\/posts"}],"about":[{"href":"https:\/\/www.inmsol.com\/es\/wp-json\/wp\/v2\/types\/post"}],"author":[{"embeddable":true,"href":"https:\/\/www.inmsol.com\/es\/wp-json\/wp\/v2\/users\/3"}],"replies":[{"embeddable":true,"href":"https:\/\/www.inmsol.com\/es\/wp-json\/wp\/v2\/comments?post=22598"}],"version-history":[{"count":0,"href":"https:\/\/www.inmsol.com\/es\/wp-json\/wp\/v2\/posts\/22598\/revisions"}],"wp:featuredmedia":[{"embeddable":true,"href":"https:\/\/www.inmsol.com\/es\/wp-json\/wp\/v2\/media\/22599"}],"wp:attachment":[{"href":"https:\/\/www.inmsol.com\/es\/wp-json\/wp\/v2\/media?parent=22598"}],"wp:term":[{"taxonomy":"category","embeddable":true,"href":"https:\/\/www.inmsol.com\/es\/wp-json\/wp\/v2\/categories?post=22598"},{"taxonomy":"post_tag","embeddable":true,"href":"https:\/\/www.inmsol.com\/es\/wp-json\/wp\/v2\/tags?post=22598"}],"curies":[{"name":"wp","href":"https:\/\/api.w.org\/{rel}","templated":true}]}}