{"id":227,"date":"2010-02-07T11:28:44","date_gmt":"2010-02-07T10:28:44","guid":{"rendered":"https:\/\/www.inmsol.com\/"},"modified":"2019-05-02T12:06:48","modified_gmt":"2019-05-02T10:06:48","slug":"semana-santa","status":"publish","type":"post","link":"https:\/\/www.inmsol.com\/es\/blog-escuela\/cultura-literatura-historia-espana-es\/semana-santa\/","title":{"rendered":"Semana Santa"},"content":{"rendered":"<p>La <strong>Semana Santa <\/strong>es la conmemoraci\u00f3n anual en que el calendario cristiano conmemora la Pasi\u00f3n, Muerte y Resurrecci\u00f3n de Jes\u00fas de Nazaret o lo que es igual conmemorar sus \u00faltimos d\u00edas, por ello, es un per\u00edodo de intensa actividad lit\u00fargica dentro de las diversas confesiones cristianas. Da comienzo el Domingo de Ramos y finaliza el S\u00e1bado Santo, aunque su celebraci\u00f3n suele iniciarse en varios lugares el viernes anterior (Viernes de Dolores) y se considera parte de la misma el Domingo de Resurrecci\u00f3n o Domingo de Gloria.<br \/>\n\tLa Semana Santa va precedida por la Cuaresma, que culmina en la Semana de Pasi\u00f3n donde se celebra la eucarist\u00eda en el Jueves Santo, se conmemora la Crucifixi\u00f3n de Jes\u00fas el Viernes Santo y la Resurrecci\u00f3n en la Vigilia Pascual durante la noche del S\u00e1bado Santo al Domingo de Resurrecci\u00f3n.<br \/>\n\tDurante la Semana Santa tienen lugar numerosas muestras de religiosidad popular a lo largo de todo el mundo, destacando las procesiones y las representaciones de la Pasi\u00f3n.<br \/>\n\tTriduo pascual<br \/>\n\tLos d\u00edas m\u00e1s importantes de la Semana Santa son los formados por el llamado Triduo Pascual: La introducci\u00f3n al Triduo el Jueves Santo y los d\u00edas Viernes Santo, en el que se conmemora la muerte de Cristo, S\u00e1bado Santo, en el que se conmemora a Cristo en el sepulcro y el Domingo de Pascua de la Resurrecci\u00f3n .<br \/>\n\tTambi\u00e9n es importante en la v\u00edspera del Viernes, el Jueves Santo, d\u00eda en el que la Iglesia cat\u00f3lica conmemora la instituci\u00f3n de la Eucarist\u00eda, en los oficios de ese d\u00eda se reserva el Sant\u00edsimo Sacramento en un lugar que se prepara en la iglesia, llamado monumento, hasta el oficio del d\u00eda siguiente, permitiendo a los Fieles la Adoraci\u00f3n personal o comunitaria al Sant\u00edsimo Sacramento durante un breve momento o toda la noche, seg\u00fan las posibilidades de cada lugar.<br \/>\n\tLa fecha de la Semana Santa<br \/>\n\tLa semana santa, se inicia el domingo de Ramos, y finaliza el Domingo de Resurrecci\u00f3n o Pascua de Resurrecci\u00f3n. La fecha de la semana Santa, es variable, se proyecta para el primer domingo despu\u00e9s de la primera luna llena de la primavera boreal, pero si ese mismo d\u00eda cae domingo se trasladar\u00e1 a la siguiente semana, ya que seg\u00fan las reglas establecidas en el Concilio de Nicea en 325) no debe coincidir con las Pascua Jud\u00eda (Ver \u00abHistoria\u00bb).<br \/>\n\tHistoria<br \/>\n\tA principios del siglo IV hab\u00eda en la cristiandad una gran confusi\u00f3n sobre cu\u00e1ndo hab\u00eda de celebrarse la Pascua cristiana o d\u00eda de Pascua de Resurrecci\u00f3n, con motivo del aniversario de la resurrecci\u00f3n de Jes\u00fas de Nazaret. Hab\u00edan surgido en aquel momento numerosas tendencias o grupos de practicantes que utilizaban c\u00e1lculos propios. Ya en el Concilio de Arl\u00e9s (en el a\u00f1o 314), se oblig\u00f3 a toda la Cristiandad a celebrar la Pascua el mismo d\u00eda, y que esta fecha habr\u00eda de ser fijada por el Papa, que enviar\u00eda ep\u00edstolas a todas las iglesias del orbe con las instrucciones necesarias. Sin embargo, no todas las congregaciones siguieron estos preceptos. Es en el Concilio de Nicea (en el a\u00f1o 325) donde se llega finalmente a una soluci\u00f3n para este asunto.<br \/>\n\tEn \u00e9l se estableci\u00f3 que la Pascua de Resurrecci\u00f3n hab\u00eda de ser celebrada cumpliendo unas determinadas normas:<br \/>\n\t\u2022\u00a0Que la Pascua se celebrase en domingo.<br \/>\n\t\u2022\u00a0Que no coincidiese nunca con la Pascua jud\u00eda, que se celebraba independientemente del d\u00eda de la semana. (De esta manera se evitar\u00edan paralelismos o confusiones entre ambas religiones).<br \/>\n\t\u2022\u00a0Que los cristianos no celebrasen nunca la Pascua dos veces en el mismo a\u00f1o. Esto tiene su explicaci\u00f3n porque el a\u00f1o nuevo empezaba en el equinoccio primaveral, por lo que se prohib\u00eda la celebraci\u00f3n de la Pascua antes del equinoccio real (antes de la entrada del Sol en Aries).<br \/>\n\tNo obstante, sigui\u00f3 habiendo diferencias entre la Iglesia de Roma y la Iglesia de Alejandr\u00eda, si bien el Concilio de Nicea dio la raz\u00f3n a los alejandrinos, estableci\u00e9ndose la costumbre de que la fecha de la Pascua se calculaba en Alejandr\u00eda, que lo comunicaba a Roma, la cual difund\u00eda el c\u00e1lculo al resto de la cristiandad.<\/p>\n<p>Referencia: <a href=\"http:\/\/es.wikipedia.org\/wiki\/Semana_Santa\" target=\"_blank\" rel=\"noopener noreferrer\">WIKIPEDIA<\/a><\/p>\n","protected":false},"excerpt":{"rendered":"<p>La Semana Santa es la conmemoraci\u00f3n anual en que el calendario cristiano conmemora la Pasi\u00f3n, Muerte y Resurrecci\u00f3n de Jes\u00fas de Nazaret o lo que es igual conmemorar sus \u00faltimos d\u00edas, por ello, es un per\u00edodo de intensa actividad lit\u00fargica dentro de las diversas confesiones&#8230;<\/p>\n","protected":false},"author":2,"featured_media":0,"comment_status":"closed","ping_status":"closed","sticky":false,"template":"","format":"standard","meta":{"_acf_changed":false,"footnotes":""},"categories":[83],"tags":[],"class_list":["post-227","post","type-post","status-publish","format-standard","hentry","category-cultura-literatura-historia-espana-es"],"acf":[],"yoast_head":"<!-- This site is optimized with the Yoast SEO plugin v27.5 - https:\/\/yoast.com\/product\/yoast-seo-wordpress\/ -->\n<title>Semana santa en Espa\u00f1a | pascua, cuaresma, resurrecci\u00f3n, cristianos | INMSOL<\/title>\n<meta name=\"description\" content=\"La Semana Santa es una de las tradiciones m\u00e1s especiales dentro de la Cultura Espa\u00f1ola.\" \/>\n<meta name=\"robots\" content=\"index, follow, max-snippet:-1, max-image-preview:large, max-video-preview:-1\" \/>\n<link rel=\"canonical\" href=\"https:\/\/www.inmsol.com\/es\/blog-escuela\/cultura-literatura-historia-espana-es\/semana-santa\/\" \/>\n<meta property=\"og:locale\" content=\"es_ES\" \/>\n<meta property=\"og:type\" content=\"article\" \/>\n<meta property=\"og:title\" content=\"Semana santa en Espa\u00f1a | pascua, cuaresma, resurrecci\u00f3n, cristianos | INMSOL\" \/>\n<meta property=\"og:description\" content=\"La Semana Santa es una de las tradiciones m\u00e1s especiales dentro de la Cultura Espa\u00f1ola.\" \/>\n<meta property=\"og:url\" content=\"https:\/\/www.inmsol.com\/es\/blog-escuela\/cultura-literatura-historia-espana-es\/semana-santa\/\" \/>\n<meta property=\"og:site_name\" content=\"iNMSOL\" \/>\n<meta property=\"article:publisher\" content=\"https:\/\/www.facebook.com\/spanishcourses\" \/>\n<meta property=\"article:published_time\" content=\"2010-02-07T10:28:44+00:00\" \/>\n<meta property=\"article:modified_time\" content=\"2019-05-02T10:06:48+00:00\" \/>\n<meta property=\"og:image\" content=\"https:\/\/www.inmsol.com\/wp-content\/uploads\/2019\/08\/logo-inmsol.png\" \/>\n\t<meta property=\"og:image:width\" content=\"320\" \/>\n\t<meta property=\"og:image:height\" content=\"154\" \/>\n\t<meta property=\"og:image:type\" content=\"image\/png\" \/>\n<meta name=\"author\" content=\"Javier Torres\" \/>\n<meta name=\"twitter:label1\" content=\"Escrito por\" \/>\n\t<meta name=\"twitter:data1\" content=\"Javier Torres\" \/>\n\t<meta name=\"twitter:label2\" content=\"Tiempo de lectura\" \/>\n\t<meta name=\"twitter:data2\" content=\"4 minutos\" \/>\n<script type=\"application\/ld+json\" class=\"yoast-schema-graph\">{\"@context\":\"https:\\\/\\\/schema.org\",\"@graph\":[{\"@type\":\"Article\",\"@id\":\"https:\\\/\\\/www.inmsol.com\\\/es\\\/blog-escuela\\\/cultura-literatura-historia-espana-es\\\/semana-santa\\\/#article\",\"isPartOf\":{\"@id\":\"https:\\\/\\\/www.inmsol.com\\\/es\\\/blog-escuela\\\/cultura-literatura-historia-espana-es\\\/semana-santa\\\/\"},\"author\":{\"name\":\"Javier Torres\",\"@id\":\"https:\\\/\\\/www.inmsol.com\\\/es\\\/#\\\/schema\\\/person\\\/18f18acd0397ef441e373e79ec3eb6ea\"},\"headline\":\"Semana Santa\",\"datePublished\":\"2010-02-07T10:28:44+00:00\",\"dateModified\":\"2019-05-02T10:06:48+00:00\",\"mainEntityOfPage\":{\"@id\":\"https:\\\/\\\/www.inmsol.com\\\/es\\\/blog-escuela\\\/cultura-literatura-historia-espana-es\\\/semana-santa\\\/\"},\"wordCount\":747,\"publisher\":{\"@id\":\"https:\\\/\\\/www.inmsol.com\\\/es\\\/#organization\"},\"articleSection\":[\"Cultura, Literatura e Historia de Espa\u00f1a e Hispanoam\u00e9rica\"],\"inLanguage\":\"es\"},{\"@type\":\"WebPage\",\"@id\":\"https:\\\/\\\/www.inmsol.com\\\/es\\\/blog-escuela\\\/cultura-literatura-historia-espana-es\\\/semana-santa\\\/\",\"url\":\"https:\\\/\\\/www.inmsol.com\\\/es\\\/blog-escuela\\\/cultura-literatura-historia-espana-es\\\/semana-santa\\\/\",\"name\":\"Semana santa en Espa\u00f1a | pascua, cuaresma, resurrecci\u00f3n, cristianos | INMSOL\",\"isPartOf\":{\"@id\":\"https:\\\/\\\/www.inmsol.com\\\/es\\\/#website\"},\"datePublished\":\"2010-02-07T10:28:44+00:00\",\"dateModified\":\"2019-05-02T10:06:48+00:00\",\"description\":\"La Semana Santa es una de las tradiciones m\u00e1s especiales dentro de la Cultura Espa\u00f1ola.\",\"breadcrumb\":{\"@id\":\"https:\\\/\\\/www.inmsol.com\\\/es\\\/blog-escuela\\\/cultura-literatura-historia-espana-es\\\/semana-santa\\\/#breadcrumb\"},\"inLanguage\":\"es\",\"potentialAction\":[{\"@type\":\"ReadAction\",\"target\":[\"https:\\\/\\\/www.inmsol.com\\\/es\\\/blog-escuela\\\/cultura-literatura-historia-espana-es\\\/semana-santa\\\/\"]}]},{\"@type\":\"BreadcrumbList\",\"@id\":\"https:\\\/\\\/www.inmsol.com\\\/es\\\/blog-escuela\\\/cultura-literatura-historia-espana-es\\\/semana-santa\\\/#breadcrumb\",\"itemListElement\":[{\"@type\":\"ListItem\",\"position\":1,\"name\":\"Accredited Center by Instituto Cervantes\",\"item\":\"https:\\\/\\\/www.inmsol.com\\\/es\\\/pagina-ejemplo\\\/\"},{\"@type\":\"ListItem\",\"position\":2,\"name\":\"Blog Escuela Espa\u00f1ol\",\"item\":\"https:\\\/\\\/www.inmsol.com\\\/es\\\/category\\\/blog-escuela\\\/\"},{\"@type\":\"ListItem\",\"position\":3,\"name\":\"Cultura, Literatura e Historia de Espa\u00f1a e Hispanoam\u00e9rica\",\"item\":\"https:\\\/\\\/www.inmsol.com\\\/es\\\/category\\\/blog-escuela\\\/cultura-literatura-historia-espana-es\\\/\"},{\"@type\":\"ListItem\",\"position\":4,\"name\":\"Semana Santa\"}]},{\"@type\":\"WebSite\",\"@id\":\"https:\\\/\\\/www.inmsol.com\\\/es\\\/#website\",\"url\":\"https:\\\/\\\/www.inmsol.com\\\/es\\\/\",\"name\":\"iNMSOL\",\"description\":\"Aprenda Espa\u00f1ol con iNMSOL en Granada | Centro Acreditado por el Instituto Cervantes\",\"publisher\":{\"@id\":\"https:\\\/\\\/www.inmsol.com\\\/es\\\/#organization\"},\"potentialAction\":[{\"@type\":\"SearchAction\",\"target\":{\"@type\":\"EntryPoint\",\"urlTemplate\":\"https:\\\/\\\/www.inmsol.com\\\/es\\\/?s={search_term_string}\"},\"query-input\":{\"@type\":\"PropertyValueSpecification\",\"valueRequired\":true,\"valueName\":\"search_term_string\"}}],\"inLanguage\":\"es\"},{\"@type\":\"Organization\",\"@id\":\"https:\\\/\\\/www.inmsol.com\\\/es\\\/#organization\",\"name\":\"Instituto Mediterr\u00e1neo Sol\",\"url\":\"https:\\\/\\\/www.inmsol.com\\\/es\\\/\",\"logo\":{\"@type\":\"ImageObject\",\"inLanguage\":\"es\",\"@id\":\"https:\\\/\\\/www.inmsol.com\\\/es\\\/#\\\/schema\\\/logo\\\/image\\\/\",\"url\":\"https:\\\/\\\/www.inmsol.com\\\/wp-content\\\/uploads\\\/2023\\\/06\\\/logo-inmsol-1.png\",\"contentUrl\":\"https:\\\/\\\/www.inmsol.com\\\/wp-content\\\/uploads\\\/2023\\\/06\\\/logo-inmsol-1.png\",\"width\":136,\"height\":73,\"caption\":\"Instituto Mediterr\u00e1neo Sol\"},\"image\":{\"@id\":\"https:\\\/\\\/www.inmsol.com\\\/es\\\/#\\\/schema\\\/logo\\\/image\\\/\"},\"sameAs\":[\"https:\\\/\\\/www.facebook.com\\\/spanishcourses\",\"https:\\\/\\\/x.com\\\/StudyInGranada\",\"http:\\\/\\\/instagram.com\\\/imsolgranada\",\"https:\\\/\\\/es.linkedin.com\\\/company\\\/imsol-granada\",\"https:\\\/\\\/www.pinterest.es\\\/inmsol\\\/\",\"https:\\\/\\\/www.youtube.com\\\/channel\\\/UChz-Qn_7coFMosY85iYMO4g\"]},{\"@type\":\"Person\",\"@id\":\"https:\\\/\\\/www.inmsol.com\\\/es\\\/#\\\/schema\\\/person\\\/18f18acd0397ef441e373e79ec3eb6ea\",\"name\":\"Javier Torres\",\"image\":{\"@type\":\"ImageObject\",\"inLanguage\":\"es\",\"@id\":\"https:\\\/\\\/secure.gravatar.com\\\/avatar\\\/90afa2d6499550218d247408758082af566e5ec3641e1b8eac0d7bb889344a55?s=96&d=mm&r=g\",\"url\":\"https:\\\/\\\/secure.gravatar.com\\\/avatar\\\/90afa2d6499550218d247408758082af566e5ec3641e1b8eac0d7bb889344a55?s=96&d=mm&r=g\",\"contentUrl\":\"https:\\\/\\\/secure.gravatar.com\\\/avatar\\\/90afa2d6499550218d247408758082af566e5ec3641e1b8eac0d7bb889344a55?s=96&d=mm&r=g\",\"caption\":\"Javier Torres\"},\"url\":\"https:\\\/\\\/www.inmsol.com\\\/es\\\/author\\\/javier\\\/\"}]}<\/script>\n<!-- \/ Yoast SEO plugin. -->","yoast_head_json":{"title":"Semana santa en Espa\u00f1a | pascua, cuaresma, resurrecci\u00f3n, cristianos | INMSOL","description":"La Semana Santa es una de las tradiciones m\u00e1s especiales dentro de la Cultura Espa\u00f1ola.","robots":{"index":"index","follow":"follow","max-snippet":"max-snippet:-1","max-image-preview":"max-image-preview:large","max-video-preview":"max-video-preview:-1"},"canonical":"https:\/\/www.inmsol.com\/es\/blog-escuela\/cultura-literatura-historia-espana-es\/semana-santa\/","og_locale":"es_ES","og_type":"article","og_title":"Semana santa en Espa\u00f1a | pascua, cuaresma, resurrecci\u00f3n, cristianos | INMSOL","og_description":"La Semana Santa es una de las tradiciones m\u00e1s especiales dentro de la Cultura Espa\u00f1ola.","og_url":"https:\/\/www.inmsol.com\/es\/blog-escuela\/cultura-literatura-historia-espana-es\/semana-santa\/","og_site_name":"iNMSOL","article_publisher":"https:\/\/www.facebook.com\/spanishcourses","article_published_time":"2010-02-07T10:28:44+00:00","article_modified_time":"2019-05-02T10:06:48+00:00","og_image":[{"width":320,"height":154,"url":"https:\/\/www.inmsol.com\/wp-content\/uploads\/2019\/08\/logo-inmsol.png","type":"image\/png"}],"author":"Javier Torres","twitter_misc":{"Escrito por":"Javier Torres","Tiempo de lectura":"4 minutos"},"schema":{"@context":"https:\/\/schema.org","@graph":[{"@type":"Article","@id":"https:\/\/www.inmsol.com\/es\/blog-escuela\/cultura-literatura-historia-espana-es\/semana-santa\/#article","isPartOf":{"@id":"https:\/\/www.inmsol.com\/es\/blog-escuela\/cultura-literatura-historia-espana-es\/semana-santa\/"},"author":{"name":"Javier Torres","@id":"https:\/\/www.inmsol.com\/es\/#\/schema\/person\/18f18acd0397ef441e373e79ec3eb6ea"},"headline":"Semana Santa","datePublished":"2010-02-07T10:28:44+00:00","dateModified":"2019-05-02T10:06:48+00:00","mainEntityOfPage":{"@id":"https:\/\/www.inmsol.com\/es\/blog-escuela\/cultura-literatura-historia-espana-es\/semana-santa\/"},"wordCount":747,"publisher":{"@id":"https:\/\/www.inmsol.com\/es\/#organization"},"articleSection":["Cultura, Literatura e Historia de Espa\u00f1a e Hispanoam\u00e9rica"],"inLanguage":"es"},{"@type":"WebPage","@id":"https:\/\/www.inmsol.com\/es\/blog-escuela\/cultura-literatura-historia-espana-es\/semana-santa\/","url":"https:\/\/www.inmsol.com\/es\/blog-escuela\/cultura-literatura-historia-espana-es\/semana-santa\/","name":"Semana santa en Espa\u00f1a | pascua, cuaresma, resurrecci\u00f3n, cristianos | INMSOL","isPartOf":{"@id":"https:\/\/www.inmsol.com\/es\/#website"},"datePublished":"2010-02-07T10:28:44+00:00","dateModified":"2019-05-02T10:06:48+00:00","description":"La Semana Santa es una de las tradiciones m\u00e1s especiales dentro de la Cultura Espa\u00f1ola.","breadcrumb":{"@id":"https:\/\/www.inmsol.com\/es\/blog-escuela\/cultura-literatura-historia-espana-es\/semana-santa\/#breadcrumb"},"inLanguage":"es","potentialAction":[{"@type":"ReadAction","target":["https:\/\/www.inmsol.com\/es\/blog-escuela\/cultura-literatura-historia-espana-es\/semana-santa\/"]}]},{"@type":"BreadcrumbList","@id":"https:\/\/www.inmsol.com\/es\/blog-escuela\/cultura-literatura-historia-espana-es\/semana-santa\/#breadcrumb","itemListElement":[{"@type":"ListItem","position":1,"name":"Accredited Center by Instituto Cervantes","item":"https:\/\/www.inmsol.com\/es\/pagina-ejemplo\/"},{"@type":"ListItem","position":2,"name":"Blog Escuela Espa\u00f1ol","item":"https:\/\/www.inmsol.com\/es\/category\/blog-escuela\/"},{"@type":"ListItem","position":3,"name":"Cultura, Literatura e Historia de Espa\u00f1a e Hispanoam\u00e9rica","item":"https:\/\/www.inmsol.com\/es\/category\/blog-escuela\/cultura-literatura-historia-espana-es\/"},{"@type":"ListItem","position":4,"name":"Semana Santa"}]},{"@type":"WebSite","@id":"https:\/\/www.inmsol.com\/es\/#website","url":"https:\/\/www.inmsol.com\/es\/","name":"iNMSOL","description":"Aprenda Espa\u00f1ol con iNMSOL en Granada | Centro Acreditado por el Instituto Cervantes","publisher":{"@id":"https:\/\/www.inmsol.com\/es\/#organization"},"potentialAction":[{"@type":"SearchAction","target":{"@type":"EntryPoint","urlTemplate":"https:\/\/www.inmsol.com\/es\/?s={search_term_string}"},"query-input":{"@type":"PropertyValueSpecification","valueRequired":true,"valueName":"search_term_string"}}],"inLanguage":"es"},{"@type":"Organization","@id":"https:\/\/www.inmsol.com\/es\/#organization","name":"Instituto Mediterr\u00e1neo Sol","url":"https:\/\/www.inmsol.com\/es\/","logo":{"@type":"ImageObject","inLanguage":"es","@id":"https:\/\/www.inmsol.com\/es\/#\/schema\/logo\/image\/","url":"https:\/\/www.inmsol.com\/wp-content\/uploads\/2023\/06\/logo-inmsol-1.png","contentUrl":"https:\/\/www.inmsol.com\/wp-content\/uploads\/2023\/06\/logo-inmsol-1.png","width":136,"height":73,"caption":"Instituto Mediterr\u00e1neo Sol"},"image":{"@id":"https:\/\/www.inmsol.com\/es\/#\/schema\/logo\/image\/"},"sameAs":["https:\/\/www.facebook.com\/spanishcourses","https:\/\/x.com\/StudyInGranada","http:\/\/instagram.com\/imsolgranada","https:\/\/es.linkedin.com\/company\/imsol-granada","https:\/\/www.pinterest.es\/inmsol\/","https:\/\/www.youtube.com\/channel\/UChz-Qn_7coFMosY85iYMO4g"]},{"@type":"Person","@id":"https:\/\/www.inmsol.com\/es\/#\/schema\/person\/18f18acd0397ef441e373e79ec3eb6ea","name":"Javier Torres","image":{"@type":"ImageObject","inLanguage":"es","@id":"https:\/\/secure.gravatar.com\/avatar\/90afa2d6499550218d247408758082af566e5ec3641e1b8eac0d7bb889344a55?s=96&d=mm&r=g","url":"https:\/\/secure.gravatar.com\/avatar\/90afa2d6499550218d247408758082af566e5ec3641e1b8eac0d7bb889344a55?s=96&d=mm&r=g","contentUrl":"https:\/\/secure.gravatar.com\/avatar\/90afa2d6499550218d247408758082af566e5ec3641e1b8eac0d7bb889344a55?s=96&d=mm&r=g","caption":"Javier Torres"},"url":"https:\/\/www.inmsol.com\/es\/author\/javier\/"}]}},"_links":{"self":[{"href":"https:\/\/www.inmsol.com\/es\/wp-json\/wp\/v2\/posts\/227","targetHints":{"allow":["GET"]}}],"collection":[{"href":"https:\/\/www.inmsol.com\/es\/wp-json\/wp\/v2\/posts"}],"about":[{"href":"https:\/\/www.inmsol.com\/es\/wp-json\/wp\/v2\/types\/post"}],"author":[{"embeddable":true,"href":"https:\/\/www.inmsol.com\/es\/wp-json\/wp\/v2\/users\/2"}],"replies":[{"embeddable":true,"href":"https:\/\/www.inmsol.com\/es\/wp-json\/wp\/v2\/comments?post=227"}],"version-history":[{"count":0,"href":"https:\/\/www.inmsol.com\/es\/wp-json\/wp\/v2\/posts\/227\/revisions"}],"wp:attachment":[{"href":"https:\/\/www.inmsol.com\/es\/wp-json\/wp\/v2\/media?parent=227"}],"wp:term":[{"taxonomy":"category","embeddable":true,"href":"https:\/\/www.inmsol.com\/es\/wp-json\/wp\/v2\/categories?post=227"},{"taxonomy":"post_tag","embeddable":true,"href":"https:\/\/www.inmsol.com\/es\/wp-json\/wp\/v2\/tags?post=227"}],"curies":[{"name":"wp","href":"https:\/\/api.w.org\/{rel}","templated":true}]}}