{"id":229,"date":"2010-02-08T16:22:54","date_gmt":"2010-02-08T15:22:54","guid":{"rendered":"https:\/\/www.inmsol.com\/"},"modified":"2019-05-02T12:06:29","modified_gmt":"2019-05-02T10:06:29","slug":"orquesta-chekara-flamenca-fechas-2010","status":"publish","type":"post","link":"https:\/\/www.inmsol.com\/es\/blog-escuela\/cultura-literatura-historia-espana-es\/orquesta-chekara-flamenca-fechas-2010\/","title":{"rendered":"Orquesta Chekara Flamenca -fechas 2010-"},"content":{"rendered":"<p><strong>ORQUESTA CHEKARA FLAMENCA<br \/>\nFECHAS CONFIRMADAS<\/strong><\/p>\n<p>\n<strong>Enero <\/strong><\/p>\n<ul>\n<li>Martes 26. Orquesta Chekara Flamenca. Festival Dos Orillas. Marrakech, Marruecos.<\/li>\n<li>Mi\u00e9rcoles 27. Orquesta Chekara Flamenca. Festival Dos Orillas. Al Jadida, Marruecos.<\/li>\n<li>Viernes 29. Orquesta Chekara Flamenca. Festival Dos Orillas. Casablanca, Marruecos.<\/li>\n<li>S\u00e1bado 30. Orquesta Chekara Flamenca. Sala Maremagnum. Barcelona.<\/li>\n<\/ul>\n<p>\n<strong>Febrero<\/strong><\/p>\n<ul>\n<li>Jueves 18. Orquesta Chekara Andalus\u00ed de Tetu\u00e1n (cuarteto). Cultural Center. Chicago, Estados Unidos.<\/li>\n<li>Viernes 19. Orquesta Chekara Andalus\u00ed de Tetu\u00e1n (cuarteto). Instituto Cervantes. Chicago, Estados Unidos.<\/li>\n<li>S\u00e1bado 20. Marina Heredia y la Orquesta Chekara Andalus\u00ed de Tetu\u00e1n. Flamenco Festival USA. Nueva York, E.E.U.U.<\/li>\n<li>Domingo 21. Marina Heredia y la Orquesta Chekara Andalus\u00ed de Tetu\u00e1n. Flamenco Festival USA. Washington, E.E.U.U.<\/li>\n<\/ul>\n<p>\n<strong>Marzo <\/strong><\/p>\n<ul>\n<li>Miercoles 3 de marzo. Jallal Chekara en la Compa\u00f1\u00eda de Baile Ana Morales. Festival de Jerez. Sala Compa\u00f1\u00eda. Jerez.<\/li>\n<li>Abril 10: Finales de abril. Tres fechas en el Festival Ollin Kan. Mexico D.F.<\/li>\n<\/ul>\n<p>\n<strong>Mayo <\/strong><\/p>\n<ul>\n<li>Domingo 9. Jallal Chekara Flamenco. Fiesta del Esp\u00e1rrago Verde. Hu\u00e9tor-T\u00e1jar, Granada<\/li>\n<li>Jueves 27. Jallal Chekara Cuarteto Andalus\u00ed. Sal\u00f3n de Actos de la EU de Arquitectura T\u00e9cnica. 20h. Granada.<\/li>\n<li>Domingo 30. Orquesta Chekara Flamenca. Reykjavik Arts Festival. Islandia.<\/li>\n<\/ul>\n<p>\n<strong>Junio <\/strong><\/p>\n<ul>\n<li>Martes 1. Orquesta Chekara Flamenca. CIPAEM. Los Palacios, Sevilla.<\/li>\n<li>Viernes 25. Orquesta Chekara Flamenca. CIPAEM. Mairena del Alcor, Sevilla<\/li>\n<\/ul>\n<p>\n<strong>Julio <\/strong><\/p>\n<ul>\n<li>Viernes 9. Orquesta Chekara Flamenca. Forde Folk Festival. Noruega.<\/li>\n<li>S\u00e1bado 10. Orquesta Chekara Flamenca. Forde Folk Festival. Noruega<\/li>\n<li>Jueves 15. Orquesta Chekara Flamenca. CIPAEM. Alcal\u00e1 de Guadaira, Sevilla<\/li>\n<li>Finales de julio (fecha por determinar). Jallal Chekara Flamenco. Jornadas en el Museo-Cueva del Sacromonte, Granada.<\/li>\n<\/ul>\n<p>\n<strong>Octubre <\/strong><\/p>\n<ul>\n<li>Viernes 22. Orquesta Chekara Flamenca. CIPAEM. Mor\u00f3n de la Frontera, Sevilla<\/li>\n<li>S\u00e1bado 23. Orquesta Chekara Flamenca. CIPAEM. Cantillana, Sevilla.<\/li>\n<li>Viernes 29. Orquesta Chekara Flamenca. CIAPEM. La Rinconada, Sevilla.<br \/>\n    \u00a0<\/li>\n<\/ul>\n","protected":false},"excerpt":{"rendered":"<p>ORQUESTA CHEKARA FLAMENCA FECHAS CONFIRMADAS Enero Martes 26. Orquesta Chekara Flamenca. Festival Dos Orillas. Marrakech, Marruecos. Mi\u00e9rcoles 27. Orquesta Chekara Flamenca. Festival Dos Orillas. Al Jadida, Marruecos. Viernes 29. Orquesta Chekara Flamenca. Festival Dos Orillas. Casablanca, Marruecos. S\u00e1bado 30. Orquesta Chekara Flamenca. Sala Maremagnum. Barcelona&#8230;.<\/p>\n","protected":false},"author":2,"featured_media":0,"comment_status":"closed","ping_status":"closed","sticky":false,"template":"","format":"standard","meta":{"_acf_changed":false,"footnotes":""},"categories":[83],"tags":[],"class_list":["post-229","post","type-post","status-publish","format-standard","hentry","category-cultura-literatura-historia-espana-es"],"acf":[],"yoast_head":"<!-- This site is optimized with the Yoast SEO plugin v27.5 - https:\/\/yoast.com\/product\/yoast-seo-wordpress\/ -->\n<title>Orquesta Chekara Flamenca -fechas 2010- &#8226; iNMSOL<\/title>\n<meta name=\"description\" content=\"Gira 2010 de la Orquesta Chekara Flamenca\" \/>\n<meta name=\"robots\" content=\"index, follow, max-snippet:-1, max-image-preview:large, max-video-preview:-1\" \/>\n<link rel=\"canonical\" href=\"https:\/\/www.inmsol.com\/es\/blog-escuela\/cultura-literatura-historia-espana-es\/orquesta-chekara-flamenca-fechas-2010\/\" \/>\n<meta property=\"og:locale\" content=\"es_ES\" \/>\n<meta property=\"og:type\" content=\"article\" \/>\n<meta property=\"og:title\" content=\"Orquesta Chekara Flamenca -fechas 2010- &#8226; iNMSOL\" \/>\n<meta property=\"og:description\" content=\"Gira 2010 de la Orquesta Chekara Flamenca\" \/>\n<meta property=\"og:url\" content=\"https:\/\/www.inmsol.com\/es\/blog-escuela\/cultura-literatura-historia-espana-es\/orquesta-chekara-flamenca-fechas-2010\/\" \/>\n<meta property=\"og:site_name\" content=\"iNMSOL\" \/>\n<meta property=\"article:publisher\" content=\"https:\/\/www.facebook.com\/spanishcourses\" \/>\n<meta property=\"article:published_time\" content=\"2010-02-08T15:22:54+00:00\" \/>\n<meta property=\"article:modified_time\" content=\"2019-05-02T10:06:29+00:00\" \/>\n<meta property=\"og:image\" content=\"https:\/\/www.inmsol.com\/wp-content\/uploads\/2019\/08\/logo-inmsol.png\" \/>\n\t<meta property=\"og:image:width\" content=\"320\" \/>\n\t<meta property=\"og:image:height\" content=\"154\" \/>\n\t<meta property=\"og:image:type\" content=\"image\/png\" \/>\n<meta name=\"author\" content=\"Javier Torres\" \/>\n<meta name=\"twitter:label1\" content=\"Escrito por\" \/>\n\t<meta name=\"twitter:data1\" content=\"Javier Torres\" \/>\n\t<meta name=\"twitter:label2\" content=\"Tiempo de lectura\" \/>\n\t<meta name=\"twitter:data2\" content=\"1 minuto\" \/>\n<script type=\"application\/ld+json\" class=\"yoast-schema-graph\">{\"@context\":\"https:\\\/\\\/schema.org\",\"@graph\":[{\"@type\":\"Article\",\"@id\":\"https:\\\/\\\/www.inmsol.com\\\/es\\\/blog-escuela\\\/cultura-literatura-historia-espana-es\\\/orquesta-chekara-flamenca-fechas-2010\\\/#article\",\"isPartOf\":{\"@id\":\"https:\\\/\\\/www.inmsol.com\\\/es\\\/blog-escuela\\\/cultura-literatura-historia-espana-es\\\/orquesta-chekara-flamenca-fechas-2010\\\/\"},\"author\":{\"name\":\"Javier Torres\",\"@id\":\"https:\\\/\\\/www.inmsol.com\\\/es\\\/#\\\/schema\\\/person\\\/18f18acd0397ef441e373e79ec3eb6ea\"},\"headline\":\"Orquesta Chekara Flamenca -fechas 2010-\",\"datePublished\":\"2010-02-08T15:22:54+00:00\",\"dateModified\":\"2019-05-02T10:06:29+00:00\",\"mainEntityOfPage\":{\"@id\":\"https:\\\/\\\/www.inmsol.com\\\/es\\\/blog-escuela\\\/cultura-literatura-historia-espana-es\\\/orquesta-chekara-flamenca-fechas-2010\\\/\"},\"wordCount\":279,\"publisher\":{\"@id\":\"https:\\\/\\\/www.inmsol.com\\\/es\\\/#organization\"},\"articleSection\":[\"Cultura, Literatura e Historia de Espa\u00f1a e Hispanoam\u00e9rica\"],\"inLanguage\":\"es\"},{\"@type\":\"WebPage\",\"@id\":\"https:\\\/\\\/www.inmsol.com\\\/es\\\/blog-escuela\\\/cultura-literatura-historia-espana-es\\\/orquesta-chekara-flamenca-fechas-2010\\\/\",\"url\":\"https:\\\/\\\/www.inmsol.com\\\/es\\\/blog-escuela\\\/cultura-literatura-historia-espana-es\\\/orquesta-chekara-flamenca-fechas-2010\\\/\",\"name\":\"Orquesta Chekara Flamenca -fechas 2010- &#8226; iNMSOL\",\"isPartOf\":{\"@id\":\"https:\\\/\\\/www.inmsol.com\\\/es\\\/#website\"},\"datePublished\":\"2010-02-08T15:22:54+00:00\",\"dateModified\":\"2019-05-02T10:06:29+00:00\",\"description\":\"Gira 2010 de la Orquesta Chekara Flamenca\",\"breadcrumb\":{\"@id\":\"https:\\\/\\\/www.inmsol.com\\\/es\\\/blog-escuela\\\/cultura-literatura-historia-espana-es\\\/orquesta-chekara-flamenca-fechas-2010\\\/#breadcrumb\"},\"inLanguage\":\"es\",\"potentialAction\":[{\"@type\":\"ReadAction\",\"target\":[\"https:\\\/\\\/www.inmsol.com\\\/es\\\/blog-escuela\\\/cultura-literatura-historia-espana-es\\\/orquesta-chekara-flamenca-fechas-2010\\\/\"]}]},{\"@type\":\"BreadcrumbList\",\"@id\":\"https:\\\/\\\/www.inmsol.com\\\/es\\\/blog-escuela\\\/cultura-literatura-historia-espana-es\\\/orquesta-chekara-flamenca-fechas-2010\\\/#breadcrumb\",\"itemListElement\":[{\"@type\":\"ListItem\",\"position\":1,\"name\":\"Accredited Center by Instituto Cervantes\",\"item\":\"https:\\\/\\\/www.inmsol.com\\\/es\\\/pagina-ejemplo\\\/\"},{\"@type\":\"ListItem\",\"position\":2,\"name\":\"Blog Escuela Espa\u00f1ol\",\"item\":\"https:\\\/\\\/www.inmsol.com\\\/es\\\/category\\\/blog-escuela\\\/\"},{\"@type\":\"ListItem\",\"position\":3,\"name\":\"Cultura, Literatura e Historia de Espa\u00f1a e Hispanoam\u00e9rica\",\"item\":\"https:\\\/\\\/www.inmsol.com\\\/es\\\/category\\\/blog-escuela\\\/cultura-literatura-historia-espana-es\\\/\"},{\"@type\":\"ListItem\",\"position\":4,\"name\":\"Orquesta Chekara Flamenca -fechas 2010-\"}]},{\"@type\":\"WebSite\",\"@id\":\"https:\\\/\\\/www.inmsol.com\\\/es\\\/#website\",\"url\":\"https:\\\/\\\/www.inmsol.com\\\/es\\\/\",\"name\":\"iNMSOL\",\"description\":\"Aprenda Espa\u00f1ol con iNMSOL en Granada | Centro Acreditado por el Instituto Cervantes\",\"publisher\":{\"@id\":\"https:\\\/\\\/www.inmsol.com\\\/es\\\/#organization\"},\"potentialAction\":[{\"@type\":\"SearchAction\",\"target\":{\"@type\":\"EntryPoint\",\"urlTemplate\":\"https:\\\/\\\/www.inmsol.com\\\/es\\\/?s={search_term_string}\"},\"query-input\":{\"@type\":\"PropertyValueSpecification\",\"valueRequired\":true,\"valueName\":\"search_term_string\"}}],\"inLanguage\":\"es\"},{\"@type\":\"Organization\",\"@id\":\"https:\\\/\\\/www.inmsol.com\\\/es\\\/#organization\",\"name\":\"Instituto Mediterr\u00e1neo Sol\",\"url\":\"https:\\\/\\\/www.inmsol.com\\\/es\\\/\",\"logo\":{\"@type\":\"ImageObject\",\"inLanguage\":\"es\",\"@id\":\"https:\\\/\\\/www.inmsol.com\\\/es\\\/#\\\/schema\\\/logo\\\/image\\\/\",\"url\":\"https:\\\/\\\/www.inmsol.com\\\/wp-content\\\/uploads\\\/2023\\\/06\\\/logo-inmsol-1.png\",\"contentUrl\":\"https:\\\/\\\/www.inmsol.com\\\/wp-content\\\/uploads\\\/2023\\\/06\\\/logo-inmsol-1.png\",\"width\":136,\"height\":73,\"caption\":\"Instituto Mediterr\u00e1neo Sol\"},\"image\":{\"@id\":\"https:\\\/\\\/www.inmsol.com\\\/es\\\/#\\\/schema\\\/logo\\\/image\\\/\"},\"sameAs\":[\"https:\\\/\\\/www.facebook.com\\\/spanishcourses\",\"https:\\\/\\\/x.com\\\/StudyInGranada\",\"http:\\\/\\\/instagram.com\\\/imsolgranada\",\"https:\\\/\\\/es.linkedin.com\\\/company\\\/imsol-granada\",\"https:\\\/\\\/www.pinterest.es\\\/inmsol\\\/\",\"https:\\\/\\\/www.youtube.com\\\/channel\\\/UChz-Qn_7coFMosY85iYMO4g\"]},{\"@type\":\"Person\",\"@id\":\"https:\\\/\\\/www.inmsol.com\\\/es\\\/#\\\/schema\\\/person\\\/18f18acd0397ef441e373e79ec3eb6ea\",\"name\":\"Javier Torres\",\"image\":{\"@type\":\"ImageObject\",\"inLanguage\":\"es\",\"@id\":\"https:\\\/\\\/secure.gravatar.com\\\/avatar\\\/90afa2d6499550218d247408758082af566e5ec3641e1b8eac0d7bb889344a55?s=96&d=mm&r=g\",\"url\":\"https:\\\/\\\/secure.gravatar.com\\\/avatar\\\/90afa2d6499550218d247408758082af566e5ec3641e1b8eac0d7bb889344a55?s=96&d=mm&r=g\",\"contentUrl\":\"https:\\\/\\\/secure.gravatar.com\\\/avatar\\\/90afa2d6499550218d247408758082af566e5ec3641e1b8eac0d7bb889344a55?s=96&d=mm&r=g\",\"caption\":\"Javier Torres\"},\"url\":\"https:\\\/\\\/www.inmsol.com\\\/es\\\/author\\\/javier\\\/\"}]}<\/script>\n<!-- \/ Yoast SEO plugin. -->","yoast_head_json":{"title":"Orquesta Chekara Flamenca -fechas 2010- &#8226; iNMSOL","description":"Gira 2010 de la Orquesta Chekara Flamenca","robots":{"index":"index","follow":"follow","max-snippet":"max-snippet:-1","max-image-preview":"max-image-preview:large","max-video-preview":"max-video-preview:-1"},"canonical":"https:\/\/www.inmsol.com\/es\/blog-escuela\/cultura-literatura-historia-espana-es\/orquesta-chekara-flamenca-fechas-2010\/","og_locale":"es_ES","og_type":"article","og_title":"Orquesta Chekara Flamenca -fechas 2010- &#8226; iNMSOL","og_description":"Gira 2010 de la Orquesta Chekara Flamenca","og_url":"https:\/\/www.inmsol.com\/es\/blog-escuela\/cultura-literatura-historia-espana-es\/orquesta-chekara-flamenca-fechas-2010\/","og_site_name":"iNMSOL","article_publisher":"https:\/\/www.facebook.com\/spanishcourses","article_published_time":"2010-02-08T15:22:54+00:00","article_modified_time":"2019-05-02T10:06:29+00:00","og_image":[{"width":320,"height":154,"url":"https:\/\/www.inmsol.com\/wp-content\/uploads\/2019\/08\/logo-inmsol.png","type":"image\/png"}],"author":"Javier Torres","twitter_misc":{"Escrito por":"Javier Torres","Tiempo de lectura":"1 minuto"},"schema":{"@context":"https:\/\/schema.org","@graph":[{"@type":"Article","@id":"https:\/\/www.inmsol.com\/es\/blog-escuela\/cultura-literatura-historia-espana-es\/orquesta-chekara-flamenca-fechas-2010\/#article","isPartOf":{"@id":"https:\/\/www.inmsol.com\/es\/blog-escuela\/cultura-literatura-historia-espana-es\/orquesta-chekara-flamenca-fechas-2010\/"},"author":{"name":"Javier Torres","@id":"https:\/\/www.inmsol.com\/es\/#\/schema\/person\/18f18acd0397ef441e373e79ec3eb6ea"},"headline":"Orquesta Chekara Flamenca -fechas 2010-","datePublished":"2010-02-08T15:22:54+00:00","dateModified":"2019-05-02T10:06:29+00:00","mainEntityOfPage":{"@id":"https:\/\/www.inmsol.com\/es\/blog-escuela\/cultura-literatura-historia-espana-es\/orquesta-chekara-flamenca-fechas-2010\/"},"wordCount":279,"publisher":{"@id":"https:\/\/www.inmsol.com\/es\/#organization"},"articleSection":["Cultura, Literatura e Historia de Espa\u00f1a e Hispanoam\u00e9rica"],"inLanguage":"es"},{"@type":"WebPage","@id":"https:\/\/www.inmsol.com\/es\/blog-escuela\/cultura-literatura-historia-espana-es\/orquesta-chekara-flamenca-fechas-2010\/","url":"https:\/\/www.inmsol.com\/es\/blog-escuela\/cultura-literatura-historia-espana-es\/orquesta-chekara-flamenca-fechas-2010\/","name":"Orquesta Chekara Flamenca -fechas 2010- &#8226; iNMSOL","isPartOf":{"@id":"https:\/\/www.inmsol.com\/es\/#website"},"datePublished":"2010-02-08T15:22:54+00:00","dateModified":"2019-05-02T10:06:29+00:00","description":"Gira 2010 de la Orquesta Chekara Flamenca","breadcrumb":{"@id":"https:\/\/www.inmsol.com\/es\/blog-escuela\/cultura-literatura-historia-espana-es\/orquesta-chekara-flamenca-fechas-2010\/#breadcrumb"},"inLanguage":"es","potentialAction":[{"@type":"ReadAction","target":["https:\/\/www.inmsol.com\/es\/blog-escuela\/cultura-literatura-historia-espana-es\/orquesta-chekara-flamenca-fechas-2010\/"]}]},{"@type":"BreadcrumbList","@id":"https:\/\/www.inmsol.com\/es\/blog-escuela\/cultura-literatura-historia-espana-es\/orquesta-chekara-flamenca-fechas-2010\/#breadcrumb","itemListElement":[{"@type":"ListItem","position":1,"name":"Accredited Center by Instituto Cervantes","item":"https:\/\/www.inmsol.com\/es\/pagina-ejemplo\/"},{"@type":"ListItem","position":2,"name":"Blog Escuela Espa\u00f1ol","item":"https:\/\/www.inmsol.com\/es\/category\/blog-escuela\/"},{"@type":"ListItem","position":3,"name":"Cultura, Literatura e Historia de Espa\u00f1a e Hispanoam\u00e9rica","item":"https:\/\/www.inmsol.com\/es\/category\/blog-escuela\/cultura-literatura-historia-espana-es\/"},{"@type":"ListItem","position":4,"name":"Orquesta Chekara Flamenca -fechas 2010-"}]},{"@type":"WebSite","@id":"https:\/\/www.inmsol.com\/es\/#website","url":"https:\/\/www.inmsol.com\/es\/","name":"iNMSOL","description":"Aprenda Espa\u00f1ol con iNMSOL en Granada | Centro Acreditado por el Instituto Cervantes","publisher":{"@id":"https:\/\/www.inmsol.com\/es\/#organization"},"potentialAction":[{"@type":"SearchAction","target":{"@type":"EntryPoint","urlTemplate":"https:\/\/www.inmsol.com\/es\/?s={search_term_string}"},"query-input":{"@type":"PropertyValueSpecification","valueRequired":true,"valueName":"search_term_string"}}],"inLanguage":"es"},{"@type":"Organization","@id":"https:\/\/www.inmsol.com\/es\/#organization","name":"Instituto Mediterr\u00e1neo Sol","url":"https:\/\/www.inmsol.com\/es\/","logo":{"@type":"ImageObject","inLanguage":"es","@id":"https:\/\/www.inmsol.com\/es\/#\/schema\/logo\/image\/","url":"https:\/\/www.inmsol.com\/wp-content\/uploads\/2023\/06\/logo-inmsol-1.png","contentUrl":"https:\/\/www.inmsol.com\/wp-content\/uploads\/2023\/06\/logo-inmsol-1.png","width":136,"height":73,"caption":"Instituto Mediterr\u00e1neo Sol"},"image":{"@id":"https:\/\/www.inmsol.com\/es\/#\/schema\/logo\/image\/"},"sameAs":["https:\/\/www.facebook.com\/spanishcourses","https:\/\/x.com\/StudyInGranada","http:\/\/instagram.com\/imsolgranada","https:\/\/es.linkedin.com\/company\/imsol-granada","https:\/\/www.pinterest.es\/inmsol\/","https:\/\/www.youtube.com\/channel\/UChz-Qn_7coFMosY85iYMO4g"]},{"@type":"Person","@id":"https:\/\/www.inmsol.com\/es\/#\/schema\/person\/18f18acd0397ef441e373e79ec3eb6ea","name":"Javier Torres","image":{"@type":"ImageObject","inLanguage":"es","@id":"https:\/\/secure.gravatar.com\/avatar\/90afa2d6499550218d247408758082af566e5ec3641e1b8eac0d7bb889344a55?s=96&d=mm&r=g","url":"https:\/\/secure.gravatar.com\/avatar\/90afa2d6499550218d247408758082af566e5ec3641e1b8eac0d7bb889344a55?s=96&d=mm&r=g","contentUrl":"https:\/\/secure.gravatar.com\/avatar\/90afa2d6499550218d247408758082af566e5ec3641e1b8eac0d7bb889344a55?s=96&d=mm&r=g","caption":"Javier Torres"},"url":"https:\/\/www.inmsol.com\/es\/author\/javier\/"}]}},"_links":{"self":[{"href":"https:\/\/www.inmsol.com\/es\/wp-json\/wp\/v2\/posts\/229","targetHints":{"allow":["GET"]}}],"collection":[{"href":"https:\/\/www.inmsol.com\/es\/wp-json\/wp\/v2\/posts"}],"about":[{"href":"https:\/\/www.inmsol.com\/es\/wp-json\/wp\/v2\/types\/post"}],"author":[{"embeddable":true,"href":"https:\/\/www.inmsol.com\/es\/wp-json\/wp\/v2\/users\/2"}],"replies":[{"embeddable":true,"href":"https:\/\/www.inmsol.com\/es\/wp-json\/wp\/v2\/comments?post=229"}],"version-history":[{"count":0,"href":"https:\/\/www.inmsol.com\/es\/wp-json\/wp\/v2\/posts\/229\/revisions"}],"wp:attachment":[{"href":"https:\/\/www.inmsol.com\/es\/wp-json\/wp\/v2\/media?parent=229"}],"wp:term":[{"taxonomy":"category","embeddable":true,"href":"https:\/\/www.inmsol.com\/es\/wp-json\/wp\/v2\/categories?post=229"},{"taxonomy":"post_tag","embeddable":true,"href":"https:\/\/www.inmsol.com\/es\/wp-json\/wp\/v2\/tags?post=229"}],"curies":[{"name":"wp","href":"https:\/\/api.w.org\/{rel}","templated":true}]}}