{"id":239,"date":"2010-02-26T17:57:57","date_gmt":"2010-02-26T16:57:57","guid":{"rendered":"https:\/\/www.inmsol.com\/"},"modified":"2019-05-02T12:06:09","modified_gmt":"2019-05-02T10:06:09","slug":"programa-cultural-granada-marzo-2010","status":"publish","type":"post","link":"https:\/\/www.inmsol.com\/es\/blog-escuela\/eventos-granada\/programa-cultural-granada-marzo-2010\/","title":{"rendered":"Programa Cultural Granada  Marzo 2010"},"content":{"rendered":"<p><strong>PROGRAMA CULTURAL GRANADA -MARZO 2010-<\/strong><\/p>\n<p>Hasta el 9 de abril<br \/><strong>Exposici\u00f3n \u201cENRIQUE PADIAL, 50 A\u00d1OS DE PINTURA\u201d<\/strong><br \/>\nLugar: Sala de exposiciones \u201cGran Capit\u00e1n\u201d<br \/>\nHorario: de martes a s\u00e1bado de 17\u201900 a 21\u201930<br \/>\ndomingos de 10\u201900 a 14\u201900<br \/>\nlunes cerrado<\/p>\n<p>D\u00eda 4, jueves<br \/>\n\u00ab<strong>60 A\u00d1OS DE FOLKLORE. COROS Y DANZAS GRANADA\u00bb<\/strong><br \/>\nLugar: Teatro Municipal \u00abIsabel la Cat\u00f3lica\u00bb<br \/>\nHora: 21&#8217;00<\/p>\n<p>D\u00eda 5, viernes<br \/><strong>BANDA MUNICIPAL DE M\u00daSICA<br \/>\nMARCHAS CON CORNETAS<\/strong><br \/>\nLugar: Colegio Mayor San Bartolom\u00e9 y Santiago<br \/>\nHora: 20\u201900<\/p>\n<p>D\u00eda 5,\u00a0 viernes<br \/><strong>GRANADA TEL\u00d3N ABIERTO 2010<br \/>\nCompa\u00f1\u00eda \u201cLA GARITA\u201d<\/strong><br \/>\nObra: \u201cArs\u00e9nico por compasi\u00f3n\u201d<br \/>\nLugar: Teatro Municipal \u201cIsabel la Cat\u00f3lica\u201d<br \/>\nHora: 20\u201930<\/p>\n<p>D\u00eda 5, viernes<br \/><strong>ORQUESTA CIUDAD DE GRANADA<br \/>\nCONCIERTO SINF\u00d3NICO X<\/strong><br \/>\nLugar: Palacio de Congresos y Exposiciones<br \/>\nHora: 21\u201900<\/p>\n<p>D\u00edas 6 y 7, s\u00e1bado y domingo<br \/><strong>Representaci\u00f3n de la obra \u201cAS\u00cd QUE PASEN CINCO A\u00d1OS<br \/>\n\u201cGARC\u00cdA LORCA TEATRO\u201d<\/strong><br \/>\nLugar: Teatro Municipal \u201cIsabel la Cat\u00f3lica\u201d<br \/>\nHora: d\u00eda 6 a las 21\u201900<br \/>\n\u00a0\u00a0\u00a0\u00a0\u00a0\u00a0\u00a0\u00a0\u00a0 d\u00eda 7 a las 19\u201900<\/p>\n<p>\nD\u00eda 6, s\u00e1bado<br \/><strong>PATRIMONIO FLAMENCO INVIERNO-PRIMAVERA 2010<br \/>\nLA REPOMPA DE M\u00c1LAGA (Cuadro flamenco)<\/strong><br \/>\nLugar: Teatro Municipal \u201cLa Chumbera\u201d<br \/>\nHora: 21\u201900<\/p>\n<p>D\u00cdA 7, domingo<br \/><strong>PROGRAMACION CENTRO CENTRO CULTURAL \u201cMANUEL DE FALLA\u201d<br \/>\nUNA HORA DE C\u00c1MARA. VI CONCIERTO DE C\u00c1MARA<br \/>\nHOMENAJE A BEETHOVEN<\/strong><br \/>\nLugar: Teatro Municipal \u201cJos\u00e9 Tamayo\u201d, Chana<br \/>\nHora: 12\u201900<\/p>\n<p>Del 9 al 14<br \/><strong>22 FESTIVAL INTERNACIONAL DE TANGO DE\u00a0 GRANADA 2010<\/strong><\/p>\n<p>D\u00eda 9, martes<br \/><strong>22 FESTIVAL INTERNACIONAL DE TANGO DE GRANADA 2010<\/strong><br \/>\nActo inaugural<br \/>\nOsvaldo Jim\u00e9nez cantar\u00e1 un tango de Gardel y Carlos Andreoli y Juan Pinilla<br \/>\ninterpretar\u00e1n juntos el Tango al Festival de Granada<br \/>\nLugar: Sal\u00f3n de Plenos del Ayuntamiento de Granada<br \/>\nHora: 20&#8217;00<\/p>\n<p>D\u00eda 10, mi\u00e9rcoles<br \/><strong>22 FESTIVAL INTERNACIONAL DE TANGO DE GRANADA 2010<br \/>\nBANDA DE LA ASOCIACI\u00d3N MUSICAL DE LANJAR\u00d3N<br \/>\nTANGO N\u00d3MADE -piano, saxo-<\/strong><br \/>\nArstista invitada: PIR\u00c9 RAY\u00c9N\u00a0 -voz femenina-<br \/>\nCIA. DE DANZA SENTIMIENTO DE ARRABAL -1\u00ba parte-<br \/>\nLugar: Teatro Municipal \u00abIsabel la Cat\u00f3lica\u00bb<br \/>\nHora: 21&#8217;00<\/p>\n<p>D\u00eda 11, jueves<br \/><strong>22 FESTIVAL INTERNACIONAL DE TANGO DE GRANADA 2010<br \/>\nCIA. DE\u00a0 DANZA SENTIMIENTO DE ARRABAL -2\u00aa parte-<br \/>\nTABAR\u00c9 LEYTON y su GRUPO<\/strong><br \/>\nGanador del Concurso \u00abTango Uruguayo en Espa\u00f1a\u00bb<br \/>\nconvocado por la Embajada de Espa\u00f1a en Montevideo<br \/>\nLugar: Teatro Municipal \u00abIsabel la Cat\u00f3lica\u00bb<br \/>\nHora: 21&#8217;00<\/p>\n<p>D\u00eda 12, viernes<br \/><strong>22 FESTIVAL INTERNACIONAL DE TANGO DE GRANADA 2010<br \/>\nPATRICIA\u00a0 CANGEMI y COLECTIVO Tango -quinteto-<br \/>\nTANGO-DANZA SIGLO XXI<\/strong><br \/>\nD\u00daO ROGGERO -piano, viol\u00edn-<br \/>\nLugar: Teatro Municipal \u00abIsabel la Cat\u00f3lica\u00bb<br \/>\nHora: 21&#8217;00<\/p>\n<p>D\u00eda 12 y 13, viernes y s\u00e1bado<br \/><strong>ORQUESTA CIUDAD DE GRANADA<br \/>\nCONCIERTO SINF\u00d3NICO XI<\/strong><br \/>\nLugar: Palacio de Congresos y Exposiciones<br \/>\nHora: 21\u201900<\/p>\n<p>D\u00eda 13, s\u00e1bado<br \/><strong>22 FESTIVAL INTERNACIONAL DE TANGO DE GRANADA 2010<br \/>\nLAURA LEGAZCUE Y RAFAEL VALEIRE -Tango-danza-<br \/>\nELEONORA BARLETTA, JES\u00daS HIDALGO Y ALBERTO GIAIMO -voz femenida, voz masculina y piano-<br \/>\nEDWIN CHICA Y LINA VALENCIA -tango-danza de Cali-<br \/>\nLEONARDO S\u00c1NCHEZ Y CRISTIAN Z\u00c1RATE -Guitarra y piano-<\/strong><br \/>\nLugar: Teatro Municipal \u00abIsabel la Cat\u00f3lica\u00bb<br \/>\nHora: 21&#8217;00<\/p>\n<p>D\u00eda 13, s\u00e1bado<br \/><strong>PATRIMONIO FLAMENCO INVIERNO-PRIMAVERA 2010<br \/>\nMUJERES AN\u00d3NIMAS ( Chua Alba) (Cuadro flamenco)<\/strong><br \/>\nLugar: Teatro Municipal \u201cLa Chumbera\u201d<br \/>\nHora: 21\u201900<\/p>\n<p>D\u00eda 13, s\u00e1bado<br \/><strong>XIV FESTIVAL FLAMENCO DE GRANADA<br \/>\nA beneficio de ASPROGRADES<\/strong><br \/>\nLugar: Palacio de Congresos, sala \u00abGarc\u00eda Lorca\u00bb<br \/>\nHora: 21&#8217;00<\/p>\n<p>D\u00eda 14, domingo<br \/><strong>KYOKO\u00a0 e HIROSHI YAMAO -tango-danza-<br \/>\nPareja Campeona del Campeonato Mundial de Baile de Tango de la Ciudad de<br \/>\nBuenos Aries 2009<br \/>\nANNA SAEKI en concierto<br \/>\nAcompa\u00f1a FABI\u00c1N CARBONE CUARTETO<br \/>\nCRISTIAN Z\u00c1RATE Y LEO SUJATOVICH\u00a0 -dos pianos de cola-<\/strong><br \/>\nLugar: Teatro Municipal \u00abIsabel la Cat\u00f3lica\u00bb<br \/>\nHora: 20&#8217;00<\/p>\n<p>D\u00eda 18, jueves<br \/><strong>III GRAN FESTIVAL FLAMENCO, con Juan Pinilla, Patricia Guerrero, Curro Albayz\u00edn, Curro Andr\u00e9s, Alfredo Tejada, Sergio Gom\u00e9z<\/strong><br \/>\nA beneficio de Proyecto Hombre<br \/>\nLugar: Teatro Municipal \u201cIsabel la Cat\u00f3lica\u201d<br \/>\nHora: 21\u201900<\/p>\n<p>D\u00eda 18,\u00a0 jueves<br \/><strong>BANDA MUNICIPAL DE M\u00daSICA<br \/>\nGENIOS DE LA MARCHA PROCESIONAL<\/strong><br \/>\nLugar: Aula Magna de la Facultad de Medicina, Avd. De Madrid s\/n<br \/>\nHora: 19\u201900<\/p>\n<p>D\u00eda 19,\u00a0 viernes<br \/><strong>BANDA MUNICIPAL DE M\u00daSICA<br \/>\nVI MUESTRA DE MARCHAS PROCESIONALES GRANADINAS<br \/>\nCONCIERTO 1. MONOGR\u00c1FICO JUAN ATNONIO BARROS J\u00d3DAR<\/strong><br \/>\nLugar: Colegio San Bartolom\u00e9 y Santiago<br \/>\nHora: 20\u201930<\/p>\n<p>D\u00edas 19, 20 y 21, viernes, s\u00e1bado y domingo<br \/><strong>EL PISITO de Rafael Azcona<\/strong><br \/>\nCon Pepe Viyuela, Tet\u00e9 Delgado y Asunci\u00f3n Balaguer, entre otros<br \/>\nLugar: Teatro Municipal \u00abIsabel la Cat\u00f3lica\u00bb<br \/>\nHora: d\u00eda 19 a las 21&#8217;00 h.<br \/>\n\u00a0\u00a0\u00a0\u00a0\u00a0\u00a0\u00a0\u00a0 d\u00eda 20 a las 19&#8217;00 y 22&#8217;00 h.<br \/>\n\u00a0\u00a0\u00a0\u00a0\u00a0\u00a0\u00a0\u00a0 d\u00eda 21 a las 19&#8217;00<\/p>\n<p>D\u00eda 19, viernes<br \/><strong>ORQUESTA CIUDAD DE GRANADA<br \/>\nFESTIVAL OCG: EL MAR (I)<\/strong><br \/>\nLugar: Palacio de Congresos y Exposiciones<br \/>\nHora: 21\u201900<\/p>\n<p>D\u00eda 20, s\u00e1bado<br \/><strong>PATRIMONIO FLAMENCO INVIERNO-PRIMAVERA 2010<br \/>\nLA SENSA (Cuadro flamenc<\/strong>o)<br \/>\nLugar: Teatro Municipal \u201cLa Chumbera\u201d<br \/>\nHora: 21\u201900<\/p>\n<p>D\u00eda 20, s\u00e1bado<br \/><strong>BANDA MUNICIPAL DE M\u00daSICA<br \/>\nPREG\u00d3N DEL COSTALERO<\/strong><br \/>\nLugar: Sal\u00f3n de Plenos del Ayuntamiento de Granada<br \/>\nHora: 20\u201900<\/p>\n<p>D\u00eda 21, domingo<br \/><strong>BANDA MUNICIPAL DE M\u00daSICA<br \/>\nCONCIERTO N\u00ba 3<\/strong><br \/>\nLugar: Colegio San Bartolom\u00e9 y Santiago<br \/>\nHora: 12\u201900<\/p>\n<p>D\u00eda 24, mi\u00e9rcoles<br \/><strong>XI EDICI\u00d3N DEL PREG\u00d3N DEL MAYOR<\/strong><br \/>\nA cargo de OLGA MARIA RAMOS, compositora y cantante<br \/>\nLugar: Teatro Municipal \u00abIsabel la Cat\u00f3lica\u00bb<br \/>\nHora: 19&#8217;00<\/p>\n<p>D\u00eda 24, mi\u00e9rcoles<br \/><strong>BANDA MUNICIPAL DE M\u00daSICA<br \/>\nREQUIEM DE FAURE<\/strong><br \/>\nLugar: Bas\u00edlica de San Juan de Dios<br \/>\nHora: 20\u201930<\/p>\n<p>D\u00eda 25, jueves<br \/><strong>CELEBRACI\u00d3N D\u00cdA MUNDIAL DEL TEATRO<\/strong><br \/>\nLugar: Monumento al actor Isidoro Maiquez<br \/>\nHora: 12&#8217;00<\/p>\n<p>D\u00edas 26, 27 y 28, viernes, s\u00e1bado y domingo<br \/><strong>COMPA\u00d1\u00cdA CORRAL DEL CARB\u00d3N<br \/>\nLA MOLINERA DE ARCOS<\/strong><br \/>\nLugar: Teatro Municipal \u00abIsabel la Cat\u00f3lica\u00bb<br \/>\nHora: d\u00eda 26 y 27 a las 21&#8217;30<br \/>\n\u00a0\u00a0\u00a0\u00a0\u00a0\u00a0\u00a0\u00a0\u00a0 d\u00eda 28 a las 20&#8217;00<\/p>\n<p>D\u00eda 27, s\u00e1bado<br \/><strong>PATRIMONIO FLAMENCO INVIERNO-PRIMAVERA 2010<br \/>\nPEPE JUSTICIA (Guitarra y cuadro flamenco)<\/strong><br \/>\nLugar: Teatro Municipal \u201cLa Chumbera\u201d<br \/>\nHora: 21\u201900<\/p>\n<p>D\u00eda 28, domingo<br \/><strong>BANDA MUNICIPAL DE M\u00daSICA EN LA CORRALA<\/strong><br \/>\nLugar: Corrala de Santiago<br \/>\nHora: 12\u201900<\/p>\n<p><strong>ACTIVIDADES PARALELAS<br \/>\n22 FESTIVAL INTERNACIONAL DE TANGO DE GRANADA 2010<\/strong><br \/><strong><br \/>\nTANGO EN LA PROVINCIA<\/strong><br \/>\nCinco conciertos en cinco pueblos de la provincia<br \/>\nHOTEL TEM\u00c1TICO DE TANGO<br \/>\nHotel Maci\u00e1 Real de la Alhambra<\/p>\n<p><strong>FIESTAS DE TRASNOCHE<\/strong><br \/>\nAliatar caf\u00e9 -entrada libre<br \/>\nMi\u00e9rcoles 10 de marzo a las 23&#8217;00 h.<br \/>\nJueves 11 de marzo a las 23&#8217;00 h: Tango electr\u00f3nico en directo<br \/>\nDomingo 14 de marzo a las 23&#8217;00 h: Tango tradicional en directo<br \/>\nHotel Mac\u00eda Real de la Alhambra -entrada: 12 \u20ac-<br \/>\nViernes 12 y s\u00e1bado 13 a las 23&#8217;00 h.<\/p>\n<p><strong>CLASES DE BAILE<\/strong><br \/>\n-12\u20ac\/persona\/clase-<br \/>\nHotel Maci\u00e1 Real de la Alhambra<br \/>\nS\u00e1bado 13 de marzo de 11&#8217;00 h. a 12&#8217;30: Intermedios y Avanzados<br \/>\nProfesores: Edwin Chica y Lina Valencia<br \/>\nS\u00e1bado 13 de marzo de 17&#8217;00 a 18&#8217;30 h: Principiantes<br \/>\nProfesores: Marta y Manuel<br \/>\nS\u00e1bado 13 de marzo de 17&#8217;00 h. a 18&#8217;30: Intermedios y Avanzados<br \/>\nProfesores: Kyoko e Hiroshi Yamao<br \/>\nDomingo 14 de marzo de 10&#8217;00 a 11&#8217;30 h: Intermedios y Avanzados<br \/>\nProfesores: Laura Legazcue y Rafael Valeire<\/p>\n<p>* El Hotel Maci\u00e1 Real de la Alhambra y el Hotel Maci\u00e1 Monasterio de los<br \/>\nBasilios son los hoteles oficiales del Festival Internacional de Tango de<br \/>\nGranada.<\/p>\n<p>D\u00eda 11, jueves<br \/><strong>TANGO EN LA UNIVERSIDAD<\/strong><br \/>\nKYOTO E HIROSHI YAMAO<br \/>\nDUO N\u00d3MADE<br \/>\nLugar: Facultad de Filosof\u00eda y Letras<br \/>\nHora: 19&#8217;00<\/p>\n<p>D\u00eda 13, s\u00e1bado<br \/><strong>BAILE POPULAR, <\/strong>M\u00fasica en directo<br \/>\nLugar: Plaza de las Pasiegas<br \/>\nHora: 13&#8217;00<\/p>\n<p>D\u00eda 13, s\u00e1bado<br \/><strong>TANGO EN CAJA GRANADA<\/strong><br \/>\nCIA. DE DANZA SENTIMIENTO DE ARRABAL<br \/>\nFESTIVAL DE VOCES FEMENINAS<br \/>\nPIR\u00c9 RAY\u00c9N ELEONORA BARLETTA<br \/>\nPATRICIA CANGEMI<br \/>\nLugar: Teatro Isidoro Ma\u00edquez<br \/>\nHora: 12&#8217;00<\/p>\n<p>D\u00eda 14, domingo<br \/><strong>TANGO EN LOS MUSEOS<\/strong><br \/>\nD\u00daO ROGGERO<br \/>\nLugar: Museo Casa de los Tiros<br \/>\nHora: 13&#8217;00<\/p>\n","protected":false},"excerpt":{"rendered":"<p>PROGRAMA CULTURAL GRANADA -MARZO 2010- Hasta el 9 de abrilExposici\u00f3n \u201cENRIQUE PADIAL, 50 A\u00d1OS DE PINTURA\u201d Lugar: Sala de exposiciones \u201cGran Capit\u00e1n\u201d Horario: de martes a s\u00e1bado de 17\u201900 a 21\u201930 domingos de 10\u201900 a 14\u201900 lunes cerrado D\u00eda 4, jueves \u00ab60 A\u00d1OS DE FOLKLORE&#8230;.<\/p>\n","protected":false},"author":2,"featured_media":0,"comment_status":"closed","ping_status":"closed","sticky":false,"template":"","format":"standard","meta":{"_acf_changed":false,"footnotes":""},"categories":[80],"tags":[],"class_list":["post-239","post","type-post","status-publish","format-standard","hentry","category-eventos-granada"],"acf":[],"yoast_head":"<!-- This site is optimized with the Yoast SEO plugin v27.5 - https:\/\/yoast.com\/product\/yoast-seo-wordpress\/ -->\n<title>Programa Cultural Granada Marzo 2010 &#8226; iNMSOL<\/title>\n<meta name=\"robots\" content=\"index, follow, max-snippet:-1, max-image-preview:large, max-video-preview:-1\" \/>\n<link rel=\"canonical\" href=\"https:\/\/www.inmsol.com\/es\/blog-escuela\/eventos-granada\/programa-cultural-granada-marzo-2010\/\" \/>\n<meta property=\"og:locale\" content=\"es_ES\" \/>\n<meta property=\"og:type\" content=\"article\" \/>\n<meta property=\"og:title\" content=\"Programa Cultural Granada Marzo 2010 &#8226; iNMSOL\" \/>\n<meta property=\"og:description\" content=\"PROGRAMA CULTURAL GRANADA -MARZO 2010- Hasta el 9 de abrilExposici\u00f3n \u201cENRIQUE PADIAL, 50 A\u00d1OS DE PINTURA\u201d Lugar: Sala de exposiciones \u201cGran Capit\u00e1n\u201d Horario: de martes a s\u00e1bado de 17\u201900 a 21\u201930 domingos de 10\u201900 a 14\u201900 lunes cerrado D\u00eda 4, jueves \u00ab60 A\u00d1OS DE FOLKLORE....\" \/>\n<meta property=\"og:url\" content=\"https:\/\/www.inmsol.com\/es\/blog-escuela\/eventos-granada\/programa-cultural-granada-marzo-2010\/\" \/>\n<meta property=\"og:site_name\" content=\"iNMSOL\" \/>\n<meta property=\"article:publisher\" content=\"https:\/\/www.facebook.com\/spanishcourses\" \/>\n<meta property=\"article:published_time\" content=\"2010-02-26T16:57:57+00:00\" \/>\n<meta property=\"article:modified_time\" content=\"2019-05-02T10:06:09+00:00\" \/>\n<meta property=\"og:image\" content=\"https:\/\/www.inmsol.com\/wp-content\/uploads\/2019\/08\/logo-inmsol.png\" \/>\n\t<meta property=\"og:image:width\" content=\"320\" \/>\n\t<meta property=\"og:image:height\" content=\"154\" \/>\n\t<meta property=\"og:image:type\" content=\"image\/png\" \/>\n<meta name=\"author\" content=\"Javier Torres\" \/>\n<meta name=\"twitter:label1\" content=\"Escrito por\" \/>\n\t<meta name=\"twitter:data1\" content=\"Javier Torres\" \/>\n\t<meta name=\"twitter:label2\" content=\"Tiempo de lectura\" \/>\n\t<meta name=\"twitter:data2\" content=\"6 minutos\" \/>\n<script type=\"application\/ld+json\" class=\"yoast-schema-graph\">{\"@context\":\"https:\\\/\\\/schema.org\",\"@graph\":[{\"@type\":\"Article\",\"@id\":\"https:\\\/\\\/www.inmsol.com\\\/es\\\/blog-escuela\\\/eventos-granada\\\/programa-cultural-granada-marzo-2010\\\/#article\",\"isPartOf\":{\"@id\":\"https:\\\/\\\/www.inmsol.com\\\/es\\\/blog-escuela\\\/eventos-granada\\\/programa-cultural-granada-marzo-2010\\\/\"},\"author\":{\"name\":\"Javier Torres\",\"@id\":\"https:\\\/\\\/www.inmsol.com\\\/es\\\/#\\\/schema\\\/person\\\/18f18acd0397ef441e373e79ec3eb6ea\"},\"headline\":\"Programa Cultural Granada Marzo 2010\",\"datePublished\":\"2010-02-26T16:57:57+00:00\",\"dateModified\":\"2019-05-02T10:06:09+00:00\",\"mainEntityOfPage\":{\"@id\":\"https:\\\/\\\/www.inmsol.com\\\/es\\\/blog-escuela\\\/eventos-granada\\\/programa-cultural-granada-marzo-2010\\\/\"},\"wordCount\":1175,\"publisher\":{\"@id\":\"https:\\\/\\\/www.inmsol.com\\\/es\\\/#organization\"},\"articleSection\":[\"Eventos en Granada\"],\"inLanguage\":\"es\"},{\"@type\":\"WebPage\",\"@id\":\"https:\\\/\\\/www.inmsol.com\\\/es\\\/blog-escuela\\\/eventos-granada\\\/programa-cultural-granada-marzo-2010\\\/\",\"url\":\"https:\\\/\\\/www.inmsol.com\\\/es\\\/blog-escuela\\\/eventos-granada\\\/programa-cultural-granada-marzo-2010\\\/\",\"name\":\"Programa Cultural Granada Marzo 2010 &#8226; iNMSOL\",\"isPartOf\":{\"@id\":\"https:\\\/\\\/www.inmsol.com\\\/es\\\/#website\"},\"datePublished\":\"2010-02-26T16:57:57+00:00\",\"dateModified\":\"2019-05-02T10:06:09+00:00\",\"breadcrumb\":{\"@id\":\"https:\\\/\\\/www.inmsol.com\\\/es\\\/blog-escuela\\\/eventos-granada\\\/programa-cultural-granada-marzo-2010\\\/#breadcrumb\"},\"inLanguage\":\"es\",\"potentialAction\":[{\"@type\":\"ReadAction\",\"target\":[\"https:\\\/\\\/www.inmsol.com\\\/es\\\/blog-escuela\\\/eventos-granada\\\/programa-cultural-granada-marzo-2010\\\/\"]}]},{\"@type\":\"BreadcrumbList\",\"@id\":\"https:\\\/\\\/www.inmsol.com\\\/es\\\/blog-escuela\\\/eventos-granada\\\/programa-cultural-granada-marzo-2010\\\/#breadcrumb\",\"itemListElement\":[{\"@type\":\"ListItem\",\"position\":1,\"name\":\"Accredited Center by Instituto Cervantes\",\"item\":\"https:\\\/\\\/www.inmsol.com\\\/es\\\/pagina-ejemplo\\\/\"},{\"@type\":\"ListItem\",\"position\":2,\"name\":\"Blog Escuela Espa\u00f1ol\",\"item\":\"https:\\\/\\\/www.inmsol.com\\\/es\\\/category\\\/blog-escuela\\\/\"},{\"@type\":\"ListItem\",\"position\":3,\"name\":\"Eventos en Granada\",\"item\":\"https:\\\/\\\/www.inmsol.com\\\/es\\\/category\\\/blog-escuela\\\/eventos-granada\\\/\"},{\"@type\":\"ListItem\",\"position\":4,\"name\":\"Programa Cultural Granada Marzo 2010\"}]},{\"@type\":\"WebSite\",\"@id\":\"https:\\\/\\\/www.inmsol.com\\\/es\\\/#website\",\"url\":\"https:\\\/\\\/www.inmsol.com\\\/es\\\/\",\"name\":\"iNMSOL\",\"description\":\"Aprenda Espa\u00f1ol con iNMSOL en Granada | Centro Acreditado por el Instituto Cervantes\",\"publisher\":{\"@id\":\"https:\\\/\\\/www.inmsol.com\\\/es\\\/#organization\"},\"potentialAction\":[{\"@type\":\"SearchAction\",\"target\":{\"@type\":\"EntryPoint\",\"urlTemplate\":\"https:\\\/\\\/www.inmsol.com\\\/es\\\/?s={search_term_string}\"},\"query-input\":{\"@type\":\"PropertyValueSpecification\",\"valueRequired\":true,\"valueName\":\"search_term_string\"}}],\"inLanguage\":\"es\"},{\"@type\":\"Organization\",\"@id\":\"https:\\\/\\\/www.inmsol.com\\\/es\\\/#organization\",\"name\":\"Instituto Mediterr\u00e1neo Sol\",\"url\":\"https:\\\/\\\/www.inmsol.com\\\/es\\\/\",\"logo\":{\"@type\":\"ImageObject\",\"inLanguage\":\"es\",\"@id\":\"https:\\\/\\\/www.inmsol.com\\\/es\\\/#\\\/schema\\\/logo\\\/image\\\/\",\"url\":\"https:\\\/\\\/www.inmsol.com\\\/wp-content\\\/uploads\\\/2023\\\/06\\\/logo-inmsol-1.png\",\"contentUrl\":\"https:\\\/\\\/www.inmsol.com\\\/wp-content\\\/uploads\\\/2023\\\/06\\\/logo-inmsol-1.png\",\"width\":136,\"height\":73,\"caption\":\"Instituto Mediterr\u00e1neo Sol\"},\"image\":{\"@id\":\"https:\\\/\\\/www.inmsol.com\\\/es\\\/#\\\/schema\\\/logo\\\/image\\\/\"},\"sameAs\":[\"https:\\\/\\\/www.facebook.com\\\/spanishcourses\",\"https:\\\/\\\/x.com\\\/StudyInGranada\",\"http:\\\/\\\/instagram.com\\\/imsolgranada\",\"https:\\\/\\\/es.linkedin.com\\\/company\\\/imsol-granada\",\"https:\\\/\\\/www.pinterest.es\\\/inmsol\\\/\",\"https:\\\/\\\/www.youtube.com\\\/channel\\\/UChz-Qn_7coFMosY85iYMO4g\"]},{\"@type\":\"Person\",\"@id\":\"https:\\\/\\\/www.inmsol.com\\\/es\\\/#\\\/schema\\\/person\\\/18f18acd0397ef441e373e79ec3eb6ea\",\"name\":\"Javier Torres\",\"image\":{\"@type\":\"ImageObject\",\"inLanguage\":\"es\",\"@id\":\"https:\\\/\\\/secure.gravatar.com\\\/avatar\\\/90afa2d6499550218d247408758082af566e5ec3641e1b8eac0d7bb889344a55?s=96&d=mm&r=g\",\"url\":\"https:\\\/\\\/secure.gravatar.com\\\/avatar\\\/90afa2d6499550218d247408758082af566e5ec3641e1b8eac0d7bb889344a55?s=96&d=mm&r=g\",\"contentUrl\":\"https:\\\/\\\/secure.gravatar.com\\\/avatar\\\/90afa2d6499550218d247408758082af566e5ec3641e1b8eac0d7bb889344a55?s=96&d=mm&r=g\",\"caption\":\"Javier Torres\"},\"url\":\"https:\\\/\\\/www.inmsol.com\\\/es\\\/author\\\/javier\\\/\"}]}<\/script>\n<!-- \/ Yoast SEO plugin. -->","yoast_head_json":{"title":"Programa Cultural Granada Marzo 2010 &#8226; iNMSOL","robots":{"index":"index","follow":"follow","max-snippet":"max-snippet:-1","max-image-preview":"max-image-preview:large","max-video-preview":"max-video-preview:-1"},"canonical":"https:\/\/www.inmsol.com\/es\/blog-escuela\/eventos-granada\/programa-cultural-granada-marzo-2010\/","og_locale":"es_ES","og_type":"article","og_title":"Programa Cultural Granada Marzo 2010 &#8226; iNMSOL","og_description":"PROGRAMA CULTURAL GRANADA -MARZO 2010- Hasta el 9 de abrilExposici\u00f3n \u201cENRIQUE PADIAL, 50 A\u00d1OS DE PINTURA\u201d Lugar: Sala de exposiciones \u201cGran Capit\u00e1n\u201d Horario: de martes a s\u00e1bado de 17\u201900 a 21\u201930 domingos de 10\u201900 a 14\u201900 lunes cerrado D\u00eda 4, jueves \u00ab60 A\u00d1OS DE FOLKLORE....","og_url":"https:\/\/www.inmsol.com\/es\/blog-escuela\/eventos-granada\/programa-cultural-granada-marzo-2010\/","og_site_name":"iNMSOL","article_publisher":"https:\/\/www.facebook.com\/spanishcourses","article_published_time":"2010-02-26T16:57:57+00:00","article_modified_time":"2019-05-02T10:06:09+00:00","og_image":[{"width":320,"height":154,"url":"https:\/\/www.inmsol.com\/wp-content\/uploads\/2019\/08\/logo-inmsol.png","type":"image\/png"}],"author":"Javier Torres","twitter_misc":{"Escrito por":"Javier Torres","Tiempo de lectura":"6 minutos"},"schema":{"@context":"https:\/\/schema.org","@graph":[{"@type":"Article","@id":"https:\/\/www.inmsol.com\/es\/blog-escuela\/eventos-granada\/programa-cultural-granada-marzo-2010\/#article","isPartOf":{"@id":"https:\/\/www.inmsol.com\/es\/blog-escuela\/eventos-granada\/programa-cultural-granada-marzo-2010\/"},"author":{"name":"Javier Torres","@id":"https:\/\/www.inmsol.com\/es\/#\/schema\/person\/18f18acd0397ef441e373e79ec3eb6ea"},"headline":"Programa Cultural Granada Marzo 2010","datePublished":"2010-02-26T16:57:57+00:00","dateModified":"2019-05-02T10:06:09+00:00","mainEntityOfPage":{"@id":"https:\/\/www.inmsol.com\/es\/blog-escuela\/eventos-granada\/programa-cultural-granada-marzo-2010\/"},"wordCount":1175,"publisher":{"@id":"https:\/\/www.inmsol.com\/es\/#organization"},"articleSection":["Eventos en Granada"],"inLanguage":"es"},{"@type":"WebPage","@id":"https:\/\/www.inmsol.com\/es\/blog-escuela\/eventos-granada\/programa-cultural-granada-marzo-2010\/","url":"https:\/\/www.inmsol.com\/es\/blog-escuela\/eventos-granada\/programa-cultural-granada-marzo-2010\/","name":"Programa Cultural Granada Marzo 2010 &#8226; iNMSOL","isPartOf":{"@id":"https:\/\/www.inmsol.com\/es\/#website"},"datePublished":"2010-02-26T16:57:57+00:00","dateModified":"2019-05-02T10:06:09+00:00","breadcrumb":{"@id":"https:\/\/www.inmsol.com\/es\/blog-escuela\/eventos-granada\/programa-cultural-granada-marzo-2010\/#breadcrumb"},"inLanguage":"es","potentialAction":[{"@type":"ReadAction","target":["https:\/\/www.inmsol.com\/es\/blog-escuela\/eventos-granada\/programa-cultural-granada-marzo-2010\/"]}]},{"@type":"BreadcrumbList","@id":"https:\/\/www.inmsol.com\/es\/blog-escuela\/eventos-granada\/programa-cultural-granada-marzo-2010\/#breadcrumb","itemListElement":[{"@type":"ListItem","position":1,"name":"Accredited Center by Instituto Cervantes","item":"https:\/\/www.inmsol.com\/es\/pagina-ejemplo\/"},{"@type":"ListItem","position":2,"name":"Blog Escuela Espa\u00f1ol","item":"https:\/\/www.inmsol.com\/es\/category\/blog-escuela\/"},{"@type":"ListItem","position":3,"name":"Eventos en Granada","item":"https:\/\/www.inmsol.com\/es\/category\/blog-escuela\/eventos-granada\/"},{"@type":"ListItem","position":4,"name":"Programa Cultural Granada Marzo 2010"}]},{"@type":"WebSite","@id":"https:\/\/www.inmsol.com\/es\/#website","url":"https:\/\/www.inmsol.com\/es\/","name":"iNMSOL","description":"Aprenda Espa\u00f1ol con iNMSOL en Granada | Centro Acreditado por el Instituto Cervantes","publisher":{"@id":"https:\/\/www.inmsol.com\/es\/#organization"},"potentialAction":[{"@type":"SearchAction","target":{"@type":"EntryPoint","urlTemplate":"https:\/\/www.inmsol.com\/es\/?s={search_term_string}"},"query-input":{"@type":"PropertyValueSpecification","valueRequired":true,"valueName":"search_term_string"}}],"inLanguage":"es"},{"@type":"Organization","@id":"https:\/\/www.inmsol.com\/es\/#organization","name":"Instituto Mediterr\u00e1neo Sol","url":"https:\/\/www.inmsol.com\/es\/","logo":{"@type":"ImageObject","inLanguage":"es","@id":"https:\/\/www.inmsol.com\/es\/#\/schema\/logo\/image\/","url":"https:\/\/www.inmsol.com\/wp-content\/uploads\/2023\/06\/logo-inmsol-1.png","contentUrl":"https:\/\/www.inmsol.com\/wp-content\/uploads\/2023\/06\/logo-inmsol-1.png","width":136,"height":73,"caption":"Instituto Mediterr\u00e1neo Sol"},"image":{"@id":"https:\/\/www.inmsol.com\/es\/#\/schema\/logo\/image\/"},"sameAs":["https:\/\/www.facebook.com\/spanishcourses","https:\/\/x.com\/StudyInGranada","http:\/\/instagram.com\/imsolgranada","https:\/\/es.linkedin.com\/company\/imsol-granada","https:\/\/www.pinterest.es\/inmsol\/","https:\/\/www.youtube.com\/channel\/UChz-Qn_7coFMosY85iYMO4g"]},{"@type":"Person","@id":"https:\/\/www.inmsol.com\/es\/#\/schema\/person\/18f18acd0397ef441e373e79ec3eb6ea","name":"Javier Torres","image":{"@type":"ImageObject","inLanguage":"es","@id":"https:\/\/secure.gravatar.com\/avatar\/90afa2d6499550218d247408758082af566e5ec3641e1b8eac0d7bb889344a55?s=96&d=mm&r=g","url":"https:\/\/secure.gravatar.com\/avatar\/90afa2d6499550218d247408758082af566e5ec3641e1b8eac0d7bb889344a55?s=96&d=mm&r=g","contentUrl":"https:\/\/secure.gravatar.com\/avatar\/90afa2d6499550218d247408758082af566e5ec3641e1b8eac0d7bb889344a55?s=96&d=mm&r=g","caption":"Javier Torres"},"url":"https:\/\/www.inmsol.com\/es\/author\/javier\/"}]}},"_links":{"self":[{"href":"https:\/\/www.inmsol.com\/es\/wp-json\/wp\/v2\/posts\/239","targetHints":{"allow":["GET"]}}],"collection":[{"href":"https:\/\/www.inmsol.com\/es\/wp-json\/wp\/v2\/posts"}],"about":[{"href":"https:\/\/www.inmsol.com\/es\/wp-json\/wp\/v2\/types\/post"}],"author":[{"embeddable":true,"href":"https:\/\/www.inmsol.com\/es\/wp-json\/wp\/v2\/users\/2"}],"replies":[{"embeddable":true,"href":"https:\/\/www.inmsol.com\/es\/wp-json\/wp\/v2\/comments?post=239"}],"version-history":[{"count":0,"href":"https:\/\/www.inmsol.com\/es\/wp-json\/wp\/v2\/posts\/239\/revisions"}],"wp:attachment":[{"href":"https:\/\/www.inmsol.com\/es\/wp-json\/wp\/v2\/media?parent=239"}],"wp:term":[{"taxonomy":"category","embeddable":true,"href":"https:\/\/www.inmsol.com\/es\/wp-json\/wp\/v2\/categories?post=239"},{"taxonomy":"post_tag","embeddable":true,"href":"https:\/\/www.inmsol.com\/es\/wp-json\/wp\/v2\/tags?post=239"}],"curies":[{"name":"wp","href":"https:\/\/api.w.org\/{rel}","templated":true}]}}