{"id":26009,"date":"2016-07-13T17:39:54","date_gmt":"2016-07-13T15:39:54","guid":{"rendered":"https:\/\/www.inmsol.com\/es\/?p=26009"},"modified":"2019-04-23T13:20:40","modified_gmt":"2019-04-23T11:20:40","slug":"curso-preparatorio-dele-a2-en-inmsol","status":"publish","type":"post","link":"https:\/\/www.inmsol.com\/es\/examenes-y-certificaciones-espanol\/curso-preparatorio-dele-a2-en-inmsol\/","title":{"rendered":"Curso preparatorio DELE A2 en INMSOL"},"content":{"rendered":"<p>Esta semana tiene lugar la <strong>convocatoria de julio de los ex\u00e1menes DELE<\/strong>, y nosotros estamos llevando a cabo un <strong><a href=\"https:\/\/www.inmsol.com\/es\/cursos-espanol-espana\/cursos-de-preparacion-de-examenes-oficiales\/preparacion-dele\/\" target=\"_blank\" rel=\"noopener noreferrer\">curso preparatorio DELE A2<\/a><\/strong> en <strong><a href=\"https:\/\/www.inmsol.com\/es\/\" target=\"_blank\" rel=\"noopener noreferrer\">INMSOL<\/a><\/strong> para preparar a nuestros candidatos. La prueba escrita se llevar\u00e1 a cabo el d\u00eda 15 de julio, viernes, para todos los candidatos. Y desde ayer se est\u00e1n realizando las pruebas orales, para las que cada candidato tiene asignado un d\u00eda y un hora espec\u00edficos, ya que se hacen por separado.<\/p>\n<p>Desde que el pasado a\u00f1o se pusiera en marcha la nueva ley para la obtenci\u00f3n de la nacionalidad espa\u00f1ola, cualquier persona que desee <strong><a href=\"https:\/\/www.inmsol.com\/es\/escuela-espanol-granada\/centro-acreditado-para-el-test-del-ccse\/\" target=\"_blank\" rel=\"noopener noreferrer\">obtener la nacionalidad<\/a><\/strong> deber\u00e1 aprobar el <strong><a href=\"https:\/\/www.inmsol.com\/es\/escuela-espanol-granada\/centro-acreditado-para-el-test-del-ccse\/examen-ccse\/\" target=\"_blank\" rel=\"noopener noreferrer\">examen CCSE<\/a><\/strong>, y si no es originaria de un pa\u00eds hispanohablante, tambi\u00e9n se le exigir\u00e1 aprobar el <strong>examen DELE A2<\/strong>, como requisito indispensable.<\/p>\n<p><img fetchpriority=\"high\" decoding=\"async\" class=\"size-medium wp-image-25973 aligncenter\" src=\"https:\/\/www.inmsol.com\/wp-content\/uploads\/2016\/07\/ByN-2-460x174.jpg\" alt=\"Estudiantes curso DELE A2\" width=\"460\" height=\"174\" srcset=\"https:\/\/www.inmsol.com\/wp-content\/uploads\/2016\/07\/ByN-2-460x174.jpg 460w, https:\/\/www.inmsol.com\/wp-content\/uploads\/2016\/07\/ByN-2-800x303.jpg 800w, https:\/\/www.inmsol.com\/wp-content\/uploads\/2016\/07\/ByN-2-64x24.jpg 64w, https:\/\/www.inmsol.com\/wp-content\/uploads\/2016\/07\/ByN-2-768x291.jpg 768w, https:\/\/www.inmsol.com\/wp-content\/uploads\/2016\/07\/ByN-2-1024x388.jpg 1024w, https:\/\/www.inmsol.com\/wp-content\/uploads\/2016\/07\/ByN-2-250x95.jpg 250w, https:\/\/www.inmsol.com\/wp-content\/uploads\/2016\/07\/ByN-2-600x228.jpg 600w, https:\/\/www.inmsol.com\/wp-content\/uploads\/2016\/07\/ByN-2.jpg 1500w\" sizes=\"(max-width: 460px) 100vw, 460px\" \/><\/p>\n<p>En <strong><a href=\"https:\/\/www.inmsol.com\/es\/\" target=\"_blank\" rel=\"noopener noreferrer\">Instituto Mediterr\u00e1neo Sol<\/a><\/strong>, al ser centro acreditado por el <strong>Instituto Cervantes<\/strong> y ser <strong>centro examinador oficial de CCSE y DELE<\/strong>, celebramos todas las convocatorias de ambos ex\u00e1menes. As\u00ed que esta semana hay movimiento por aqu\u00ed!<\/p>\n<p>&nbsp;<\/p>\n<h4><b>Cursos preparatorios para el nivel A2: especial para el expediente de nacionalidad espa\u00f1ola.<\/b><\/h4>\n<p>Durante esta semana hay en marcha un <strong>curso preparatorio para el examen DELE A2<\/strong>. Es la cuarta vez que realizamos este curso DELE A2 en 2016. Abrimos un grupo para preparar estos ex\u00e1menes durante la semana de la convocatoria DELE, y ofrecemos un <strong>precio especial reducido<\/strong> a aquellas personas que se presenten al examen para obtener la nacionalidad espa\u00f1ola.<\/p>\n<p><img decoding=\"async\" class=\"size-medium wp-image-26001 aligncenter\" src=\"https:\/\/www.inmsol.com\/wp-content\/uploads\/2016\/07\/Curso-DELE-1-447x300.jpg\" alt=\"Curso DELE 1\" width=\"447\" height=\"300\" srcset=\"https:\/\/www.inmsol.com\/wp-content\/uploads\/2016\/07\/Curso-DELE-1-447x300.jpg 447w, https:\/\/www.inmsol.com\/wp-content\/uploads\/2016\/07\/Curso-DELE-1-800x537.jpg 800w, https:\/\/www.inmsol.com\/wp-content\/uploads\/2016\/07\/Curso-DELE-1-64x43.jpg 64w, https:\/\/www.inmsol.com\/wp-content\/uploads\/2016\/07\/Curso-DELE-1-768x516.jpg 768w, https:\/\/www.inmsol.com\/wp-content\/uploads\/2016\/07\/Curso-DELE-1-1024x687.jpg 1024w, https:\/\/www.inmsol.com\/wp-content\/uploads\/2016\/07\/Curso-DELE-1-250x168.jpg 250w, https:\/\/www.inmsol.com\/wp-content\/uploads\/2016\/07\/Curso-DELE-1-596x400.jpg 596w, https:\/\/www.inmsol.com\/wp-content\/uploads\/2016\/07\/Curso-DELE-1.jpg 1500w\" sizes=\"(max-width: 447px) 100vw, 447px\" \/><\/p>\n<p>Estos cursos est\u00e1n dise\u00f1ados para tener una preparaci\u00f3n general al DELE A2 durante 4 d\u00edas.<a href=\"https:\/\/www.inmsol.com\/es\/escuela-espanol-granada\/quienes-somos\/\" target=\"_blank\" rel=\"noopener noreferrer\"> <strong>Nuestros profesores son examinadores oficiales de DELE<\/strong><\/a>, y te ayudar\u00e1n a estudiar cada una de las partes que componen estos ex\u00e1menes, para que adquieras seguridad y consigas el aprobado.<\/p>\n<p>&nbsp;<\/p>\n<h4><b>Una clase con muchas ganas de aprender.<\/b><\/h4>\n<p>Desde el lunes, algunos de los candidatos al DELE A2 est\u00e1n asistiendo a este curso de preparaci\u00f3n, que imparte nuestra profesora <strong><a href=\"https:\/\/www.inmsol.com\/es\/staff\/ma-de-los-angeles-madrigal-garcia\/\" target=\"_blank\" rel=\"noopener noreferrer\">M\u00aa \u00c1ngeles Madrigal<\/a><\/strong>. Nuestros estudiantes est\u00e1n demostrando muchas ganas de aprender y est\u00e1n poniendo mucho esfuerzo en todas las tareas. Todos ellos llevan muchos a\u00f1os viviendo en Espa\u00f1a, algunos residen en <strong><a href=\"https:\/\/www.inmsol.com\/es\/granada\/\" target=\"_blank\" rel=\"noopener noreferrer\">Granada<\/a><\/strong> y otros en ciudades como Lorca o Almer\u00eda, y pasan estos d\u00edas con nosotros para centrarse en estudiar e intentar aprobar el examen DELE A2. Son originarios de Pakist\u00e1n, Marruecos, etc., \u00a1aunque por su acento parece andaluces!<\/p>\n<p>&nbsp;<\/p>\n<p>\u00a1Desde <strong>INMSOL<\/strong> queremos desearles toda la suerte del mundo! Deseamos que aprueben el DELE A2 y que pronto obtengan la nacionalidad espa\u00f1ola. \u00a1\u00c1nimo y fuera nervios, chicos!<\/p>\n<p><img decoding=\"async\" class=\"size-medium wp-image-25959 aligncenter\" src=\"https:\/\/www.inmsol.com\/wp-content\/uploads\/2016\/07\/Curso-DELE-2-460x297.jpg\" alt=\"Curso DELE 2\" width=\"460\" height=\"297\" srcset=\"https:\/\/www.inmsol.com\/wp-content\/uploads\/2016\/07\/Curso-DELE-2-460x297.jpg 460w, https:\/\/www.inmsol.com\/wp-content\/uploads\/2016\/07\/Curso-DELE-2-800x516.jpg 800w, https:\/\/www.inmsol.com\/wp-content\/uploads\/2016\/07\/Curso-DELE-2-64x41.jpg 64w, https:\/\/www.inmsol.com\/wp-content\/uploads\/2016\/07\/Curso-DELE-2-768x495.jpg 768w, https:\/\/www.inmsol.com\/wp-content\/uploads\/2016\/07\/Curso-DELE-2-1024x660.jpg 1024w, https:\/\/www.inmsol.com\/wp-content\/uploads\/2016\/07\/Curso-DELE-2-250x161.jpg 250w, https:\/\/www.inmsol.com\/wp-content\/uploads\/2016\/07\/Curso-DELE-2-600x387.jpg 600w, https:\/\/www.inmsol.com\/wp-content\/uploads\/2016\/07\/Curso-DELE-2.jpg 1500w\" sizes=\"(max-width: 460px) 100vw, 460px\" \/><\/p>\n","protected":false},"excerpt":{"rendered":"<p>Esta semana tiene lugar la convocatoria de julio de los ex\u00e1menes DELE, y nosotros estamos llevando a cabo un curso preparatorio DELE A2 en INMSOL para preparar a nuestros candidatos. La prueba escrita se llevar\u00e1 a cabo el d\u00eda 15 de julio, viernes, para todos&#8230;<\/p>\n","protected":false},"author":3,"featured_media":25987,"comment_status":"closed","ping_status":"closed","sticky":false,"template":"","format":"standard","meta":{"_acf_changed":false,"footnotes":""},"categories":[451],"tags":[],"class_list":["post-26009","post","type-post","status-publish","format-standard","has-post-thumbnail","hentry","category-examenes-y-certificaciones-espanol"],"acf":[],"yoast_head":"<!-- This site is optimized with the Yoast SEO plugin v27.5 - https:\/\/yoast.com\/product\/yoast-seo-wordpress\/ -->\n<title>Curso preparatorio DELE A2 en INMSOL<\/title>\n<meta name=\"description\" content=\"Esta semana tiene lugar la convocatoria de julio de los ex\u00e1menes DELE, y nosotros estamos llevando a cabo un curso preparatorio DELE A2 en INMSOL.\" \/>\n<meta name=\"robots\" content=\"index, follow, max-snippet:-1, max-image-preview:large, max-video-preview:-1\" \/>\n<link rel=\"canonical\" href=\"https:\/\/www.inmsol.com\/es\/examenes-y-certificaciones-espanol\/curso-preparatorio-dele-a2-en-inmsol\/\" \/>\n<meta property=\"og:locale\" content=\"es_ES\" \/>\n<meta property=\"og:type\" content=\"article\" \/>\n<meta property=\"og:title\" content=\"Curso preparatorio DELE A2 en INMSOL\" \/>\n<meta property=\"og:description\" content=\"Esta semana tiene lugar la convocatoria de julio de los ex\u00e1menes DELE, y nosotros estamos llevando a cabo un curso preparatorio DELE A2 en INMSOL.\" \/>\n<meta property=\"og:url\" content=\"https:\/\/www.inmsol.com\/es\/examenes-y-certificaciones-espanol\/curso-preparatorio-dele-a2-en-inmsol\/\" \/>\n<meta property=\"og:site_name\" content=\"iNMSOL\" \/>\n<meta property=\"article:publisher\" content=\"https:\/\/www.facebook.com\/spanishcourses\" \/>\n<meta property=\"article:published_time\" content=\"2016-07-13T15:39:54+00:00\" \/>\n<meta property=\"article:modified_time\" content=\"2019-04-23T11:20:40+00:00\" \/>\n<meta property=\"og:image\" content=\"https:\/\/www.inmsol.com\/wp-content\/uploads\/2016\/07\/Curso-DELE-3.jpg\" \/>\n\t<meta property=\"og:image:width\" content=\"1500\" \/>\n\t<meta property=\"og:image:height\" content=\"1007\" \/>\n\t<meta property=\"og:image:type\" content=\"image\/jpeg\" \/>\n<meta name=\"author\" content=\"- Instituto Mediterr\u00e1neo Sol\" \/>\n<meta name=\"twitter:label1\" content=\"Escrito por\" \/>\n\t<meta name=\"twitter:data1\" content=\"- Instituto Mediterr\u00e1neo Sol\" \/>\n\t<meta name=\"twitter:label2\" content=\"Tiempo de lectura\" \/>\n\t<meta name=\"twitter:data2\" content=\"2 minutos\" \/>\n<script type=\"application\/ld+json\" class=\"yoast-schema-graph\">{\"@context\":\"https:\\\/\\\/schema.org\",\"@graph\":[{\"@type\":\"Article\",\"@id\":\"https:\\\/\\\/www.inmsol.com\\\/es\\\/examenes-y-certificaciones-espanol\\\/curso-preparatorio-dele-a2-en-inmsol\\\/#article\",\"isPartOf\":{\"@id\":\"https:\\\/\\\/www.inmsol.com\\\/es\\\/examenes-y-certificaciones-espanol\\\/curso-preparatorio-dele-a2-en-inmsol\\\/\"},\"author\":{\"name\":\"- Instituto Mediterr\u00e1neo Sol\",\"@id\":\"https:\\\/\\\/www.inmsol.com\\\/es\\\/#\\\/schema\\\/person\\\/94a7a01d14a56d1fbc49c841ffc57fe9\"},\"headline\":\"Curso preparatorio DELE A2 en INMSOL\",\"datePublished\":\"2016-07-13T15:39:54+00:00\",\"dateModified\":\"2019-04-23T11:20:40+00:00\",\"mainEntityOfPage\":{\"@id\":\"https:\\\/\\\/www.inmsol.com\\\/es\\\/examenes-y-certificaciones-espanol\\\/curso-preparatorio-dele-a2-en-inmsol\\\/\"},\"wordCount\":440,\"publisher\":{\"@id\":\"https:\\\/\\\/www.inmsol.com\\\/es\\\/#organization\"},\"image\":{\"@id\":\"https:\\\/\\\/www.inmsol.com\\\/es\\\/examenes-y-certificaciones-espanol\\\/curso-preparatorio-dele-a2-en-inmsol\\\/#primaryimage\"},\"thumbnailUrl\":\"https:\\\/\\\/www.inmsol.com\\\/wp-content\\\/uploads\\\/2016\\\/07\\\/Curso-DELE-3.jpg\",\"articleSection\":[\"Ex\u00e1menes y Certificaciones Espa\u00f1ol\"],\"inLanguage\":\"es\"},{\"@type\":\"WebPage\",\"@id\":\"https:\\\/\\\/www.inmsol.com\\\/es\\\/examenes-y-certificaciones-espanol\\\/curso-preparatorio-dele-a2-en-inmsol\\\/\",\"url\":\"https:\\\/\\\/www.inmsol.com\\\/es\\\/examenes-y-certificaciones-espanol\\\/curso-preparatorio-dele-a2-en-inmsol\\\/\",\"name\":\"Curso preparatorio DELE A2 en INMSOL\",\"isPartOf\":{\"@id\":\"https:\\\/\\\/www.inmsol.com\\\/es\\\/#website\"},\"primaryImageOfPage\":{\"@id\":\"https:\\\/\\\/www.inmsol.com\\\/es\\\/examenes-y-certificaciones-espanol\\\/curso-preparatorio-dele-a2-en-inmsol\\\/#primaryimage\"},\"image\":{\"@id\":\"https:\\\/\\\/www.inmsol.com\\\/es\\\/examenes-y-certificaciones-espanol\\\/curso-preparatorio-dele-a2-en-inmsol\\\/#primaryimage\"},\"thumbnailUrl\":\"https:\\\/\\\/www.inmsol.com\\\/wp-content\\\/uploads\\\/2016\\\/07\\\/Curso-DELE-3.jpg\",\"datePublished\":\"2016-07-13T15:39:54+00:00\",\"dateModified\":\"2019-04-23T11:20:40+00:00\",\"description\":\"Esta semana tiene lugar la convocatoria de julio de los ex\u00e1menes DELE, y nosotros estamos llevando a cabo un curso preparatorio DELE A2 en INMSOL.\",\"breadcrumb\":{\"@id\":\"https:\\\/\\\/www.inmsol.com\\\/es\\\/examenes-y-certificaciones-espanol\\\/curso-preparatorio-dele-a2-en-inmsol\\\/#breadcrumb\"},\"inLanguage\":\"es\",\"potentialAction\":[{\"@type\":\"ReadAction\",\"target\":[\"https:\\\/\\\/www.inmsol.com\\\/es\\\/examenes-y-certificaciones-espanol\\\/curso-preparatorio-dele-a2-en-inmsol\\\/\"]}]},{\"@type\":\"ImageObject\",\"inLanguage\":\"es\",\"@id\":\"https:\\\/\\\/www.inmsol.com\\\/es\\\/examenes-y-certificaciones-espanol\\\/curso-preparatorio-dele-a2-en-inmsol\\\/#primaryimage\",\"url\":\"https:\\\/\\\/www.inmsol.com\\\/wp-content\\\/uploads\\\/2016\\\/07\\\/Curso-DELE-3.jpg\",\"contentUrl\":\"https:\\\/\\\/www.inmsol.com\\\/wp-content\\\/uploads\\\/2016\\\/07\\\/Curso-DELE-3.jpg\",\"width\":1500,\"height\":1007},{\"@type\":\"BreadcrumbList\",\"@id\":\"https:\\\/\\\/www.inmsol.com\\\/es\\\/examenes-y-certificaciones-espanol\\\/curso-preparatorio-dele-a2-en-inmsol\\\/#breadcrumb\",\"itemListElement\":[{\"@type\":\"ListItem\",\"position\":1,\"name\":\"Accredited Center by Instituto Cervantes\",\"item\":\"https:\\\/\\\/www.inmsol.com\\\/es\\\/pagina-ejemplo\\\/\"},{\"@type\":\"ListItem\",\"position\":2,\"name\":\"Ex\u00e1menes y Certificaciones Espa\u00f1ol\",\"item\":\"https:\\\/\\\/www.inmsol.com\\\/es\\\/category\\\/examenes-y-certificaciones-espanol\\\/\"},{\"@type\":\"ListItem\",\"position\":3,\"name\":\"Curso preparatorio DELE A2 en INMSOL\"}]},{\"@type\":\"WebSite\",\"@id\":\"https:\\\/\\\/www.inmsol.com\\\/es\\\/#website\",\"url\":\"https:\\\/\\\/www.inmsol.com\\\/es\\\/\",\"name\":\"iNMSOL\",\"description\":\"Aprenda Espa\u00f1ol con iNMSOL en Granada | Centro Acreditado por el Instituto Cervantes\",\"publisher\":{\"@id\":\"https:\\\/\\\/www.inmsol.com\\\/es\\\/#organization\"},\"potentialAction\":[{\"@type\":\"SearchAction\",\"target\":{\"@type\":\"EntryPoint\",\"urlTemplate\":\"https:\\\/\\\/www.inmsol.com\\\/es\\\/?s={search_term_string}\"},\"query-input\":{\"@type\":\"PropertyValueSpecification\",\"valueRequired\":true,\"valueName\":\"search_term_string\"}}],\"inLanguage\":\"es\"},{\"@type\":\"Organization\",\"@id\":\"https:\\\/\\\/www.inmsol.com\\\/es\\\/#organization\",\"name\":\"Instituto Mediterr\u00e1neo Sol\",\"url\":\"https:\\\/\\\/www.inmsol.com\\\/es\\\/\",\"logo\":{\"@type\":\"ImageObject\",\"inLanguage\":\"es\",\"@id\":\"https:\\\/\\\/www.inmsol.com\\\/es\\\/#\\\/schema\\\/logo\\\/image\\\/\",\"url\":\"https:\\\/\\\/www.inmsol.com\\\/wp-content\\\/uploads\\\/2023\\\/06\\\/logo-inmsol-1.png\",\"contentUrl\":\"https:\\\/\\\/www.inmsol.com\\\/wp-content\\\/uploads\\\/2023\\\/06\\\/logo-inmsol-1.png\",\"width\":136,\"height\":73,\"caption\":\"Instituto Mediterr\u00e1neo Sol\"},\"image\":{\"@id\":\"https:\\\/\\\/www.inmsol.com\\\/es\\\/#\\\/schema\\\/logo\\\/image\\\/\"},\"sameAs\":[\"https:\\\/\\\/www.facebook.com\\\/spanishcourses\",\"https:\\\/\\\/x.com\\\/StudyInGranada\",\"http:\\\/\\\/instagram.com\\\/imsolgranada\",\"https:\\\/\\\/es.linkedin.com\\\/company\\\/imsol-granada\",\"https:\\\/\\\/www.pinterest.es\\\/inmsol\\\/\",\"https:\\\/\\\/www.youtube.com\\\/channel\\\/UChz-Qn_7coFMosY85iYMO4g\"]},{\"@type\":\"Person\",\"@id\":\"https:\\\/\\\/www.inmsol.com\\\/es\\\/#\\\/schema\\\/person\\\/94a7a01d14a56d1fbc49c841ffc57fe9\",\"name\":\"- Instituto Mediterr\u00e1neo Sol\",\"image\":{\"@type\":\"ImageObject\",\"inLanguage\":\"es\",\"@id\":\"https:\\\/\\\/secure.gravatar.com\\\/avatar\\\/5607fdabdf1b548b6095cc3d43079829bc1497403e70dd34004e7204a8fef62b?s=96&d=mm&r=g\",\"url\":\"https:\\\/\\\/secure.gravatar.com\\\/avatar\\\/5607fdabdf1b548b6095cc3d43079829bc1497403e70dd34004e7204a8fef62b?s=96&d=mm&r=g\",\"contentUrl\":\"https:\\\/\\\/secure.gravatar.com\\\/avatar\\\/5607fdabdf1b548b6095cc3d43079829bc1497403e70dd34004e7204a8fef62b?s=96&d=mm&r=g\",\"caption\":\"- Instituto Mediterr\u00e1neo Sol\"},\"url\":\"https:\\\/\\\/www.inmsol.com\\\/es\\\/author\\\/laura\\\/\"}]}<\/script>\n<!-- \/ Yoast SEO plugin. -->","yoast_head_json":{"title":"Curso preparatorio DELE A2 en INMSOL","description":"Esta semana tiene lugar la convocatoria de julio de los ex\u00e1menes DELE, y nosotros estamos llevando a cabo un curso preparatorio DELE A2 en INMSOL.","robots":{"index":"index","follow":"follow","max-snippet":"max-snippet:-1","max-image-preview":"max-image-preview:large","max-video-preview":"max-video-preview:-1"},"canonical":"https:\/\/www.inmsol.com\/es\/examenes-y-certificaciones-espanol\/curso-preparatorio-dele-a2-en-inmsol\/","og_locale":"es_ES","og_type":"article","og_title":"Curso preparatorio DELE A2 en INMSOL","og_description":"Esta semana tiene lugar la convocatoria de julio de los ex\u00e1menes DELE, y nosotros estamos llevando a cabo un curso preparatorio DELE A2 en INMSOL.","og_url":"https:\/\/www.inmsol.com\/es\/examenes-y-certificaciones-espanol\/curso-preparatorio-dele-a2-en-inmsol\/","og_site_name":"iNMSOL","article_publisher":"https:\/\/www.facebook.com\/spanishcourses","article_published_time":"2016-07-13T15:39:54+00:00","article_modified_time":"2019-04-23T11:20:40+00:00","og_image":[{"width":1500,"height":1007,"url":"https:\/\/www.inmsol.com\/wp-content\/uploads\/2016\/07\/Curso-DELE-3.jpg","type":"image\/jpeg"}],"author":"- Instituto Mediterr\u00e1neo Sol","twitter_misc":{"Escrito por":"- Instituto Mediterr\u00e1neo Sol","Tiempo de lectura":"2 minutos"},"schema":{"@context":"https:\/\/schema.org","@graph":[{"@type":"Article","@id":"https:\/\/www.inmsol.com\/es\/examenes-y-certificaciones-espanol\/curso-preparatorio-dele-a2-en-inmsol\/#article","isPartOf":{"@id":"https:\/\/www.inmsol.com\/es\/examenes-y-certificaciones-espanol\/curso-preparatorio-dele-a2-en-inmsol\/"},"author":{"name":"- Instituto Mediterr\u00e1neo Sol","@id":"https:\/\/www.inmsol.com\/es\/#\/schema\/person\/94a7a01d14a56d1fbc49c841ffc57fe9"},"headline":"Curso preparatorio DELE A2 en INMSOL","datePublished":"2016-07-13T15:39:54+00:00","dateModified":"2019-04-23T11:20:40+00:00","mainEntityOfPage":{"@id":"https:\/\/www.inmsol.com\/es\/examenes-y-certificaciones-espanol\/curso-preparatorio-dele-a2-en-inmsol\/"},"wordCount":440,"publisher":{"@id":"https:\/\/www.inmsol.com\/es\/#organization"},"image":{"@id":"https:\/\/www.inmsol.com\/es\/examenes-y-certificaciones-espanol\/curso-preparatorio-dele-a2-en-inmsol\/#primaryimage"},"thumbnailUrl":"https:\/\/www.inmsol.com\/wp-content\/uploads\/2016\/07\/Curso-DELE-3.jpg","articleSection":["Ex\u00e1menes y Certificaciones Espa\u00f1ol"],"inLanguage":"es"},{"@type":"WebPage","@id":"https:\/\/www.inmsol.com\/es\/examenes-y-certificaciones-espanol\/curso-preparatorio-dele-a2-en-inmsol\/","url":"https:\/\/www.inmsol.com\/es\/examenes-y-certificaciones-espanol\/curso-preparatorio-dele-a2-en-inmsol\/","name":"Curso preparatorio DELE A2 en INMSOL","isPartOf":{"@id":"https:\/\/www.inmsol.com\/es\/#website"},"primaryImageOfPage":{"@id":"https:\/\/www.inmsol.com\/es\/examenes-y-certificaciones-espanol\/curso-preparatorio-dele-a2-en-inmsol\/#primaryimage"},"image":{"@id":"https:\/\/www.inmsol.com\/es\/examenes-y-certificaciones-espanol\/curso-preparatorio-dele-a2-en-inmsol\/#primaryimage"},"thumbnailUrl":"https:\/\/www.inmsol.com\/wp-content\/uploads\/2016\/07\/Curso-DELE-3.jpg","datePublished":"2016-07-13T15:39:54+00:00","dateModified":"2019-04-23T11:20:40+00:00","description":"Esta semana tiene lugar la convocatoria de julio de los ex\u00e1menes DELE, y nosotros estamos llevando a cabo un curso preparatorio DELE A2 en INMSOL.","breadcrumb":{"@id":"https:\/\/www.inmsol.com\/es\/examenes-y-certificaciones-espanol\/curso-preparatorio-dele-a2-en-inmsol\/#breadcrumb"},"inLanguage":"es","potentialAction":[{"@type":"ReadAction","target":["https:\/\/www.inmsol.com\/es\/examenes-y-certificaciones-espanol\/curso-preparatorio-dele-a2-en-inmsol\/"]}]},{"@type":"ImageObject","inLanguage":"es","@id":"https:\/\/www.inmsol.com\/es\/examenes-y-certificaciones-espanol\/curso-preparatorio-dele-a2-en-inmsol\/#primaryimage","url":"https:\/\/www.inmsol.com\/wp-content\/uploads\/2016\/07\/Curso-DELE-3.jpg","contentUrl":"https:\/\/www.inmsol.com\/wp-content\/uploads\/2016\/07\/Curso-DELE-3.jpg","width":1500,"height":1007},{"@type":"BreadcrumbList","@id":"https:\/\/www.inmsol.com\/es\/examenes-y-certificaciones-espanol\/curso-preparatorio-dele-a2-en-inmsol\/#breadcrumb","itemListElement":[{"@type":"ListItem","position":1,"name":"Accredited Center by Instituto Cervantes","item":"https:\/\/www.inmsol.com\/es\/pagina-ejemplo\/"},{"@type":"ListItem","position":2,"name":"Ex\u00e1menes y Certificaciones Espa\u00f1ol","item":"https:\/\/www.inmsol.com\/es\/category\/examenes-y-certificaciones-espanol\/"},{"@type":"ListItem","position":3,"name":"Curso preparatorio DELE A2 en INMSOL"}]},{"@type":"WebSite","@id":"https:\/\/www.inmsol.com\/es\/#website","url":"https:\/\/www.inmsol.com\/es\/","name":"iNMSOL","description":"Aprenda Espa\u00f1ol con iNMSOL en Granada | Centro Acreditado por el Instituto Cervantes","publisher":{"@id":"https:\/\/www.inmsol.com\/es\/#organization"},"potentialAction":[{"@type":"SearchAction","target":{"@type":"EntryPoint","urlTemplate":"https:\/\/www.inmsol.com\/es\/?s={search_term_string}"},"query-input":{"@type":"PropertyValueSpecification","valueRequired":true,"valueName":"search_term_string"}}],"inLanguage":"es"},{"@type":"Organization","@id":"https:\/\/www.inmsol.com\/es\/#organization","name":"Instituto Mediterr\u00e1neo Sol","url":"https:\/\/www.inmsol.com\/es\/","logo":{"@type":"ImageObject","inLanguage":"es","@id":"https:\/\/www.inmsol.com\/es\/#\/schema\/logo\/image\/","url":"https:\/\/www.inmsol.com\/wp-content\/uploads\/2023\/06\/logo-inmsol-1.png","contentUrl":"https:\/\/www.inmsol.com\/wp-content\/uploads\/2023\/06\/logo-inmsol-1.png","width":136,"height":73,"caption":"Instituto Mediterr\u00e1neo Sol"},"image":{"@id":"https:\/\/www.inmsol.com\/es\/#\/schema\/logo\/image\/"},"sameAs":["https:\/\/www.facebook.com\/spanishcourses","https:\/\/x.com\/StudyInGranada","http:\/\/instagram.com\/imsolgranada","https:\/\/es.linkedin.com\/company\/imsol-granada","https:\/\/www.pinterest.es\/inmsol\/","https:\/\/www.youtube.com\/channel\/UChz-Qn_7coFMosY85iYMO4g"]},{"@type":"Person","@id":"https:\/\/www.inmsol.com\/es\/#\/schema\/person\/94a7a01d14a56d1fbc49c841ffc57fe9","name":"- Instituto Mediterr\u00e1neo Sol","image":{"@type":"ImageObject","inLanguage":"es","@id":"https:\/\/secure.gravatar.com\/avatar\/5607fdabdf1b548b6095cc3d43079829bc1497403e70dd34004e7204a8fef62b?s=96&d=mm&r=g","url":"https:\/\/secure.gravatar.com\/avatar\/5607fdabdf1b548b6095cc3d43079829bc1497403e70dd34004e7204a8fef62b?s=96&d=mm&r=g","contentUrl":"https:\/\/secure.gravatar.com\/avatar\/5607fdabdf1b548b6095cc3d43079829bc1497403e70dd34004e7204a8fef62b?s=96&d=mm&r=g","caption":"- Instituto Mediterr\u00e1neo Sol"},"url":"https:\/\/www.inmsol.com\/es\/author\/laura\/"}]}},"_links":{"self":[{"href":"https:\/\/www.inmsol.com\/es\/wp-json\/wp\/v2\/posts\/26009","targetHints":{"allow":["GET"]}}],"collection":[{"href":"https:\/\/www.inmsol.com\/es\/wp-json\/wp\/v2\/posts"}],"about":[{"href":"https:\/\/www.inmsol.com\/es\/wp-json\/wp\/v2\/types\/post"}],"author":[{"embeddable":true,"href":"https:\/\/www.inmsol.com\/es\/wp-json\/wp\/v2\/users\/3"}],"replies":[{"embeddable":true,"href":"https:\/\/www.inmsol.com\/es\/wp-json\/wp\/v2\/comments?post=26009"}],"version-history":[{"count":0,"href":"https:\/\/www.inmsol.com\/es\/wp-json\/wp\/v2\/posts\/26009\/revisions"}],"wp:featuredmedia":[{"embeddable":true,"href":"https:\/\/www.inmsol.com\/es\/wp-json\/wp\/v2\/media\/25987"}],"wp:attachment":[{"href":"https:\/\/www.inmsol.com\/es\/wp-json\/wp\/v2\/media?parent=26009"}],"wp:term":[{"taxonomy":"category","embeddable":true,"href":"https:\/\/www.inmsol.com\/es\/wp-json\/wp\/v2\/categories?post=26009"},{"taxonomy":"post_tag","embeddable":true,"href":"https:\/\/www.inmsol.com\/es\/wp-json\/wp\/v2\/tags?post=26009"}],"curies":[{"name":"wp","href":"https:\/\/api.w.org\/{rel}","templated":true}]}}