{"id":26689,"date":"2016-08-17T13:04:07","date_gmt":"2016-08-17T11:04:07","guid":{"rendered":"https:\/\/www.inmsol.com\/es\/?p=26689"},"modified":"2021-08-03T10:31:48","modified_gmt":"2021-08-03T08:31:48","slug":"visita-la-catedral-y-capilla-real-de-granada","status":"publish","type":"post","link":"https:\/\/www.inmsol.com\/es\/blog-escuela\/actividades-iNMSOL\/visita-la-catedral-y-capilla-real-de-granada\/","title":{"rendered":"Visita a la Catedral y Capilla Real de Granada"},"content":{"rendered":"<p>Durante la semana pasada algunos de nuestros estudiantes de <strong><a href=\"https:\/\/www.inmsol.com\/es\/\" target=\"_blank\" rel=\"noopener\">INMSOL<\/a><\/strong> han realizado una visita a la <strong>Catedral y Capilla Real<\/strong> de <strong><a href=\"https:\/\/www.inmsol.com\/es\/granada\/\" target=\"_blank\" rel=\"noopener\">Granada<\/a><\/strong>, acompa\u00f1ados por uno de <strong><a href=\"https:\/\/www.inmsol.com\/es\/escuela-espanol-granada\/quienes-somos\/\" target=\"_blank\" rel=\"noopener\">nuestros profesores<\/a><\/strong>, <strong>Roberto Arias<\/strong>. Esta visita, que forma parte de nuestro <strong><a href=\"https:\/\/www.inmsol.com\/es\/actividades-culturales-excursiones\/\" target=\"_blank\" rel=\"noopener\">programa de actividades semanales<\/a><\/strong>, es muy interesante dada la historia que envuelve a ambos edificios. Os contamos un poco sobre ella.<\/p>\n<p><img fetchpriority=\"high\" decoding=\"async\" class=\"size-medium wp-image-26630 aligncenter\" src=\"https:\/\/www.inmsol.com\/wp-content\/uploads\/2016\/08\/3-byn-460x259.jpg\" alt=\"Roberto en Catedral\" width=\"460\" height=\"259\" srcset=\"https:\/\/www.inmsol.com\/wp-content\/uploads\/2016\/08\/3-byn-460x259.jpg 460w, https:\/\/www.inmsol.com\/wp-content\/uploads\/2016\/08\/3-byn-800x450.jpg 800w, https:\/\/www.inmsol.com\/wp-content\/uploads\/2016\/08\/3-byn-64x36.jpg 64w, https:\/\/www.inmsol.com\/wp-content\/uploads\/2016\/08\/3-byn-768x432.jpg 768w, https:\/\/www.inmsol.com\/wp-content\/uploads\/2016\/08\/3-byn-1024x576.jpg 1024w, https:\/\/www.inmsol.com\/wp-content\/uploads\/2016\/08\/3-byn-250x141.jpg 250w, https:\/\/www.inmsol.com\/wp-content\/uploads\/2016\/08\/3-byn-600x338.jpg 600w, https:\/\/www.inmsol.com\/wp-content\/uploads\/2016\/08\/3-byn.jpg 1032w\" sizes=\"(max-width: 460px) 100vw, 460px\" \/><\/p>\n<h3><strong>Catedral de Granada<\/strong><\/h3>\n<p>Fue una de las primeras Iglesias en ser fundada en el territorio peninsular, y es de las m\u00e1s antiguas del occidente cristiano. Es un templo de estilo renacentista, y su construcci\u00f3n (1526 &#8211; 1561) coincidi\u00f3 con la del palacio cristiano de la Alhambra, la Chanciller\u00eda y la Universidad., ya que durante el reinado de Carlos I de Espa\u00f1a se le quiso otorgar a la ciudad de Granada la intenci\u00f3n de convertirla en modelo de urbe del siglo XVI.<\/p>\n<h3><strong><img decoding=\"async\" class=\"alignleft size-medium wp-image-26644\" src=\"https:\/\/www.inmsol.com\/wp-content\/uploads\/2016\/08\/2-bis-150x300.jpg\" alt=\"Cartel Capilla Real\" width=\"150\" height=\"300\" srcset=\"https:\/\/www.inmsol.com\/wp-content\/uploads\/2016\/08\/2-bis-150x300.jpg 150w, https:\/\/www.inmsol.com\/wp-content\/uploads\/2016\/08\/2-bis-64x128.jpg 64w, https:\/\/www.inmsol.com\/wp-content\/uploads\/2016\/08\/2-bis-100x200.jpg 100w, https:\/\/www.inmsol.com\/wp-content\/uploads\/2016\/08\/2-bis-200x400.jpg 200w, https:\/\/www.inmsol.com\/wp-content\/uploads\/2016\/08\/2-bis.jpg 399w\" sizes=\"(max-width: 150px) 100vw, 150px\" \/>Capilla Real de Granada<\/strong><\/h3>\n<p>Este lugar, anexo a la Catedral, fue construido por orden de los Reyes Cat\u00f3licos, D\u00aa Isabel y D Fernando, a ra\u00edz de que el 13 de septiembre de 1504 ambos decidieran que sus restos fuesen acogidos en Granada. Este es un fragmento literal de la carta de Privilegio de los Reyes Cat\u00f3licos:<\/p>\n<blockquote><p><em>Primeramente mandamos que en la Iglesia Catedral de la ciudad de Granada se haga una honrada capilla en la cual sean, cuando la voluntad de Nuestro Se\u00f1or fuere, nuestros cuerpos sepultados.<\/em><\/p><\/blockquote>\n<p>&nbsp;<\/p>\n<p>&nbsp;<\/p>\n<p>&nbsp;<\/p>\n<p>&nbsp;<\/p>\n<p>Es decir, quisieron que a su muerte fueran enterrados en este nuevo edificio de Granada, y para ello crearon una nueva instituci\u00f3n con personas al cargo y la dotaron econ\u00f3micamente. Y as\u00ed es: en ella encontrar\u00e9is las tumbas de los Reyes Cat\u00f3licos (D. Fernando de Arag\u00f3n y D\u00aa. Isabel de Castilla), adem\u00e1s de los restos de D\u00aa. Juana I y D. Felipe I, y del pr\u00edncipe Miguel. Esta construcci\u00f3n es de estilo g\u00f3tico, y se construy\u00f3 entre los a\u00f1os 1505 y 1517.<\/p>\n<p><img decoding=\"async\" class=\"alignleft size-medium wp-image-26674\" src=\"https:\/\/www.inmsol.com\/wp-content\/uploads\/2016\/08\/4-460x259.jpg\" alt=\"Interior Catedral\" width=\"460\" height=\"259\" srcset=\"https:\/\/www.inmsol.com\/wp-content\/uploads\/2016\/08\/4-460x259.jpg 460w, https:\/\/www.inmsol.com\/wp-content\/uploads\/2016\/08\/4-800x450.jpg 800w, https:\/\/www.inmsol.com\/wp-content\/uploads\/2016\/08\/4-64x36.jpg 64w, https:\/\/www.inmsol.com\/wp-content\/uploads\/2016\/08\/4-768x432.jpg 768w, https:\/\/www.inmsol.com\/wp-content\/uploads\/2016\/08\/4-1024x576.jpg 1024w, https:\/\/www.inmsol.com\/wp-content\/uploads\/2016\/08\/4-250x141.jpg 250w, https:\/\/www.inmsol.com\/wp-content\/uploads\/2016\/08\/4-600x338.jpg 600w, https:\/\/www.inmsol.com\/wp-content\/uploads\/2016\/08\/4.jpg 1032w\" sizes=\"(max-width: 460px) 100vw, 460px\" \/><img loading=\"lazy\" decoding=\"async\" class=\"alignleft size-medium wp-image-26658\" src=\"https:\/\/www.inmsol.com\/wp-content\/uploads\/2016\/08\/1-169x300.jpg\" alt=\"Entrando a la Capilla Real\" width=\"169\" height=\"300\" srcset=\"https:\/\/www.inmsol.com\/wp-content\/uploads\/2016\/08\/1-169x300.jpg 169w, https:\/\/www.inmsol.com\/wp-content\/uploads\/2016\/08\/1-64x114.jpg 64w, https:\/\/www.inmsol.com\/wp-content\/uploads\/2016\/08\/1-576x1024.jpg 576w, https:\/\/www.inmsol.com\/wp-content\/uploads\/2016\/08\/1-113x200.jpg 113w, https:\/\/www.inmsol.com\/wp-content\/uploads\/2016\/08\/1-225x400.jpg 225w, https:\/\/www.inmsol.com\/wp-content\/uploads\/2016\/08\/1.jpg 581w\" sizes=\"(max-width: 169px) 100vw, 169px\" \/><\/p>\n<p>&nbsp;<\/p>\n<p>&nbsp;<\/p>\n<p>&nbsp;<\/p>\n<p>&nbsp;<\/p>\n<p>&nbsp;<\/p>\n<p>&nbsp;<\/p>\n<p>&nbsp;<\/p>\n<p>&nbsp;<\/p>\n<p>&nbsp;<\/p>\n<p><strong>\u00a0<\/strong><\/p>\n<p>&nbsp;<\/p>\n<p><strong>El paseo fue muy interesante gracias a las explicaciones del profesor, y nuestros alumnos pasaron una tarde fant\u00e1stica en pleno centro de la ciudad de Granada.<\/strong><\/p>\n","protected":false},"excerpt":{"rendered":"<p>Durante la semana pasada algunos de nuestros estudiantes de INMSOL han realizado una visita a la Catedral y Capilla Real de Granada, acompa\u00f1ados por uno de nuestros profesores, Roberto Arias. Esta visita, que forma parte de nuestro programa de actividades semanales, es muy interesante dada&#8230;<\/p>\n","protected":false},"author":3,"featured_media":26616,"comment_status":"closed","ping_status":"closed","sticky":false,"template":"","format":"standard","meta":{"_acf_changed":false,"footnotes":""},"categories":[79],"tags":[],"class_list":["post-26689","post","type-post","status-publish","format-standard","has-post-thumbnail","hentry","category-actividades-iNMSOL"],"acf":[],"yoast_head":"<!-- This site is optimized with the Yoast SEO plugin v27.5 - https:\/\/yoast.com\/product\/yoast-seo-wordpress\/ -->\n<title>Visita a la Catedral y Capilla Real de Granada<\/title>\n<meta name=\"description\" content=\"Durante la semana pasada nuestros estudiantes de iNMSOL realizaron una visita a la Catedral y Capilla Real de Granada, acompa\u00f1ados por Roberto Arias.\" \/>\n<meta name=\"robots\" content=\"index, follow, max-snippet:-1, max-image-preview:large, max-video-preview:-1\" \/>\n<link rel=\"canonical\" href=\"https:\/\/www.inmsol.com\/es\/blog-escuela\/actividades-iNMSOL\/visita-la-catedral-y-capilla-real-de-granada\/\" \/>\n<meta property=\"og:locale\" content=\"es_ES\" \/>\n<meta property=\"og:type\" content=\"article\" \/>\n<meta property=\"og:title\" content=\"Visita a la Catedral y Capilla Real de Granada\" \/>\n<meta property=\"og:description\" content=\"Durante la semana pasada nuestros estudiantes de iNMSOL realizaron una visita a la Catedral y Capilla Real de Granada, acompa\u00f1ados por Roberto Arias.\" \/>\n<meta property=\"og:url\" content=\"https:\/\/www.inmsol.com\/es\/blog-escuela\/actividades-iNMSOL\/visita-la-catedral-y-capilla-real-de-granada\/\" \/>\n<meta property=\"og:site_name\" content=\"iNMSOL\" \/>\n<meta property=\"article:publisher\" content=\"https:\/\/www.facebook.com\/spanishcourses\" \/>\n<meta property=\"article:published_time\" content=\"2016-08-17T11:04:07+00:00\" \/>\n<meta property=\"article:modified_time\" content=\"2021-08-03T08:31:48+00:00\" \/>\n<meta property=\"og:image\" content=\"https:\/\/www.inmsol.com\/wp-content\/uploads\/2016\/08\/Cathedral__Capilla_Real_Granada_Spain-byn.jpg\" \/>\n\t<meta property=\"og:image:width\" content=\"1500\" \/>\n\t<meta property=\"og:image:height\" content=\"998\" \/>\n\t<meta property=\"og:image:type\" content=\"image\/jpeg\" \/>\n<meta name=\"author\" content=\"- Instituto Mediterr\u00e1neo Sol\" \/>\n<meta name=\"twitter:label1\" content=\"Escrito por\" \/>\n\t<meta name=\"twitter:data1\" content=\"- Instituto Mediterr\u00e1neo Sol\" \/>\n\t<meta name=\"twitter:label2\" content=\"Tiempo de lectura\" \/>\n\t<meta name=\"twitter:data2\" content=\"3 minutos\" \/>\n<script type=\"application\/ld+json\" class=\"yoast-schema-graph\">{\"@context\":\"https:\\\/\\\/schema.org\",\"@graph\":[{\"@type\":\"Article\",\"@id\":\"https:\\\/\\\/www.inmsol.com\\\/es\\\/blog-escuela\\\/actividades-iNMSOL\\\/visita-la-catedral-y-capilla-real-de-granada\\\/#article\",\"isPartOf\":{\"@id\":\"https:\\\/\\\/www.inmsol.com\\\/es\\\/blog-escuela\\\/actividades-iNMSOL\\\/visita-la-catedral-y-capilla-real-de-granada\\\/\"},\"author\":{\"name\":\"- Instituto Mediterr\u00e1neo Sol\",\"@id\":\"https:\\\/\\\/www.inmsol.com\\\/es\\\/#\\\/schema\\\/person\\\/94a7a01d14a56d1fbc49c841ffc57fe9\"},\"headline\":\"Visita a la Catedral y Capilla Real de Granada\",\"datePublished\":\"2016-08-17T11:04:07+00:00\",\"dateModified\":\"2021-08-03T08:31:48+00:00\",\"mainEntityOfPage\":{\"@id\":\"https:\\\/\\\/www.inmsol.com\\\/es\\\/blog-escuela\\\/actividades-iNMSOL\\\/visita-la-catedral-y-capilla-real-de-granada\\\/\"},\"wordCount\":372,\"publisher\":{\"@id\":\"https:\\\/\\\/www.inmsol.com\\\/es\\\/#organization\"},\"image\":{\"@id\":\"https:\\\/\\\/www.inmsol.com\\\/es\\\/blog-escuela\\\/actividades-iNMSOL\\\/visita-la-catedral-y-capilla-real-de-granada\\\/#primaryimage\"},\"thumbnailUrl\":\"https:\\\/\\\/www.inmsol.com\\\/wp-content\\\/uploads\\\/2016\\\/08\\\/Cathedral__Capilla_Real_Granada_Spain-byn.jpg\",\"articleSection\":[\"Actividades en iNMSOL\"],\"inLanguage\":\"es\"},{\"@type\":\"WebPage\",\"@id\":\"https:\\\/\\\/www.inmsol.com\\\/es\\\/blog-escuela\\\/actividades-iNMSOL\\\/visita-la-catedral-y-capilla-real-de-granada\\\/\",\"url\":\"https:\\\/\\\/www.inmsol.com\\\/es\\\/blog-escuela\\\/actividades-iNMSOL\\\/visita-la-catedral-y-capilla-real-de-granada\\\/\",\"name\":\"Visita a la Catedral y Capilla Real de Granada\",\"isPartOf\":{\"@id\":\"https:\\\/\\\/www.inmsol.com\\\/es\\\/#website\"},\"primaryImageOfPage\":{\"@id\":\"https:\\\/\\\/www.inmsol.com\\\/es\\\/blog-escuela\\\/actividades-iNMSOL\\\/visita-la-catedral-y-capilla-real-de-granada\\\/#primaryimage\"},\"image\":{\"@id\":\"https:\\\/\\\/www.inmsol.com\\\/es\\\/blog-escuela\\\/actividades-iNMSOL\\\/visita-la-catedral-y-capilla-real-de-granada\\\/#primaryimage\"},\"thumbnailUrl\":\"https:\\\/\\\/www.inmsol.com\\\/wp-content\\\/uploads\\\/2016\\\/08\\\/Cathedral__Capilla_Real_Granada_Spain-byn.jpg\",\"datePublished\":\"2016-08-17T11:04:07+00:00\",\"dateModified\":\"2021-08-03T08:31:48+00:00\",\"description\":\"Durante la semana pasada nuestros estudiantes de iNMSOL realizaron una visita a la Catedral y Capilla Real de Granada, acompa\u00f1ados por Roberto Arias.\",\"breadcrumb\":{\"@id\":\"https:\\\/\\\/www.inmsol.com\\\/es\\\/blog-escuela\\\/actividades-iNMSOL\\\/visita-la-catedral-y-capilla-real-de-granada\\\/#breadcrumb\"},\"inLanguage\":\"es\",\"potentialAction\":[{\"@type\":\"ReadAction\",\"target\":[\"https:\\\/\\\/www.inmsol.com\\\/es\\\/blog-escuela\\\/actividades-iNMSOL\\\/visita-la-catedral-y-capilla-real-de-granada\\\/\"]}]},{\"@type\":\"ImageObject\",\"inLanguage\":\"es\",\"@id\":\"https:\\\/\\\/www.inmsol.com\\\/es\\\/blog-escuela\\\/actividades-iNMSOL\\\/visita-la-catedral-y-capilla-real-de-granada\\\/#primaryimage\",\"url\":\"https:\\\/\\\/www.inmsol.com\\\/wp-content\\\/uploads\\\/2016\\\/08\\\/Cathedral__Capilla_Real_Granada_Spain-byn.jpg\",\"contentUrl\":\"https:\\\/\\\/www.inmsol.com\\\/wp-content\\\/uploads\\\/2016\\\/08\\\/Cathedral__Capilla_Real_Granada_Spain-byn.jpg\",\"width\":1500,\"height\":998,\"caption\":\"SONY DSC\"},{\"@type\":\"BreadcrumbList\",\"@id\":\"https:\\\/\\\/www.inmsol.com\\\/es\\\/blog-escuela\\\/actividades-iNMSOL\\\/visita-la-catedral-y-capilla-real-de-granada\\\/#breadcrumb\",\"itemListElement\":[{\"@type\":\"ListItem\",\"position\":1,\"name\":\"Accredited Center by Instituto Cervantes\",\"item\":\"https:\\\/\\\/www.inmsol.com\\\/es\\\/pagina-ejemplo\\\/\"},{\"@type\":\"ListItem\",\"position\":2,\"name\":\"Blog Escuela Espa\u00f1ol\",\"item\":\"https:\\\/\\\/www.inmsol.com\\\/es\\\/category\\\/blog-escuela\\\/\"},{\"@type\":\"ListItem\",\"position\":3,\"name\":\"Actividades en iNMSOL\",\"item\":\"https:\\\/\\\/www.inmsol.com\\\/es\\\/category\\\/blog-escuela\\\/actividades-iNMSOL\\\/\"},{\"@type\":\"ListItem\",\"position\":4,\"name\":\"Visita a la Catedral y Capilla Real de Granada\"}]},{\"@type\":\"WebSite\",\"@id\":\"https:\\\/\\\/www.inmsol.com\\\/es\\\/#website\",\"url\":\"https:\\\/\\\/www.inmsol.com\\\/es\\\/\",\"name\":\"iNMSOL\",\"description\":\"Aprenda Espa\u00f1ol con iNMSOL en Granada | Centro Acreditado por el Instituto Cervantes\",\"publisher\":{\"@id\":\"https:\\\/\\\/www.inmsol.com\\\/es\\\/#organization\"},\"potentialAction\":[{\"@type\":\"SearchAction\",\"target\":{\"@type\":\"EntryPoint\",\"urlTemplate\":\"https:\\\/\\\/www.inmsol.com\\\/es\\\/?s={search_term_string}\"},\"query-input\":{\"@type\":\"PropertyValueSpecification\",\"valueRequired\":true,\"valueName\":\"search_term_string\"}}],\"inLanguage\":\"es\"},{\"@type\":\"Organization\",\"@id\":\"https:\\\/\\\/www.inmsol.com\\\/es\\\/#organization\",\"name\":\"Instituto Mediterr\u00e1neo Sol\",\"url\":\"https:\\\/\\\/www.inmsol.com\\\/es\\\/\",\"logo\":{\"@type\":\"ImageObject\",\"inLanguage\":\"es\",\"@id\":\"https:\\\/\\\/www.inmsol.com\\\/es\\\/#\\\/schema\\\/logo\\\/image\\\/\",\"url\":\"https:\\\/\\\/www.inmsol.com\\\/wp-content\\\/uploads\\\/2023\\\/06\\\/logo-inmsol-1.png\",\"contentUrl\":\"https:\\\/\\\/www.inmsol.com\\\/wp-content\\\/uploads\\\/2023\\\/06\\\/logo-inmsol-1.png\",\"width\":136,\"height\":73,\"caption\":\"Instituto Mediterr\u00e1neo Sol\"},\"image\":{\"@id\":\"https:\\\/\\\/www.inmsol.com\\\/es\\\/#\\\/schema\\\/logo\\\/image\\\/\"},\"sameAs\":[\"https:\\\/\\\/www.facebook.com\\\/spanishcourses\",\"https:\\\/\\\/x.com\\\/StudyInGranada\",\"http:\\\/\\\/instagram.com\\\/imsolgranada\",\"https:\\\/\\\/es.linkedin.com\\\/company\\\/imsol-granada\",\"https:\\\/\\\/www.pinterest.es\\\/inmsol\\\/\",\"https:\\\/\\\/www.youtube.com\\\/channel\\\/UChz-Qn_7coFMosY85iYMO4g\"]},{\"@type\":\"Person\",\"@id\":\"https:\\\/\\\/www.inmsol.com\\\/es\\\/#\\\/schema\\\/person\\\/94a7a01d14a56d1fbc49c841ffc57fe9\",\"name\":\"- Instituto Mediterr\u00e1neo Sol\",\"image\":{\"@type\":\"ImageObject\",\"inLanguage\":\"es\",\"@id\":\"https:\\\/\\\/secure.gravatar.com\\\/avatar\\\/5607fdabdf1b548b6095cc3d43079829bc1497403e70dd34004e7204a8fef62b?s=96&d=mm&r=g\",\"url\":\"https:\\\/\\\/secure.gravatar.com\\\/avatar\\\/5607fdabdf1b548b6095cc3d43079829bc1497403e70dd34004e7204a8fef62b?s=96&d=mm&r=g\",\"contentUrl\":\"https:\\\/\\\/secure.gravatar.com\\\/avatar\\\/5607fdabdf1b548b6095cc3d43079829bc1497403e70dd34004e7204a8fef62b?s=96&d=mm&r=g\",\"caption\":\"- Instituto Mediterr\u00e1neo Sol\"},\"url\":\"https:\\\/\\\/www.inmsol.com\\\/es\\\/author\\\/laura\\\/\"}]}<\/script>\n<!-- \/ Yoast SEO plugin. -->","yoast_head_json":{"title":"Visita a la Catedral y Capilla Real de Granada","description":"Durante la semana pasada nuestros estudiantes de iNMSOL realizaron una visita a la Catedral y Capilla Real de Granada, acompa\u00f1ados por Roberto Arias.","robots":{"index":"index","follow":"follow","max-snippet":"max-snippet:-1","max-image-preview":"max-image-preview:large","max-video-preview":"max-video-preview:-1"},"canonical":"https:\/\/www.inmsol.com\/es\/blog-escuela\/actividades-iNMSOL\/visita-la-catedral-y-capilla-real-de-granada\/","og_locale":"es_ES","og_type":"article","og_title":"Visita a la Catedral y Capilla Real de Granada","og_description":"Durante la semana pasada nuestros estudiantes de iNMSOL realizaron una visita a la Catedral y Capilla Real de Granada, acompa\u00f1ados por Roberto Arias.","og_url":"https:\/\/www.inmsol.com\/es\/blog-escuela\/actividades-iNMSOL\/visita-la-catedral-y-capilla-real-de-granada\/","og_site_name":"iNMSOL","article_publisher":"https:\/\/www.facebook.com\/spanishcourses","article_published_time":"2016-08-17T11:04:07+00:00","article_modified_time":"2021-08-03T08:31:48+00:00","og_image":[{"width":1500,"height":998,"url":"https:\/\/www.inmsol.com\/wp-content\/uploads\/2016\/08\/Cathedral__Capilla_Real_Granada_Spain-byn.jpg","type":"image\/jpeg"}],"author":"- Instituto Mediterr\u00e1neo Sol","twitter_misc":{"Escrito por":"- Instituto Mediterr\u00e1neo Sol","Tiempo de lectura":"3 minutos"},"schema":{"@context":"https:\/\/schema.org","@graph":[{"@type":"Article","@id":"https:\/\/www.inmsol.com\/es\/blog-escuela\/actividades-iNMSOL\/visita-la-catedral-y-capilla-real-de-granada\/#article","isPartOf":{"@id":"https:\/\/www.inmsol.com\/es\/blog-escuela\/actividades-iNMSOL\/visita-la-catedral-y-capilla-real-de-granada\/"},"author":{"name":"- Instituto Mediterr\u00e1neo Sol","@id":"https:\/\/www.inmsol.com\/es\/#\/schema\/person\/94a7a01d14a56d1fbc49c841ffc57fe9"},"headline":"Visita a la Catedral y Capilla Real de Granada","datePublished":"2016-08-17T11:04:07+00:00","dateModified":"2021-08-03T08:31:48+00:00","mainEntityOfPage":{"@id":"https:\/\/www.inmsol.com\/es\/blog-escuela\/actividades-iNMSOL\/visita-la-catedral-y-capilla-real-de-granada\/"},"wordCount":372,"publisher":{"@id":"https:\/\/www.inmsol.com\/es\/#organization"},"image":{"@id":"https:\/\/www.inmsol.com\/es\/blog-escuela\/actividades-iNMSOL\/visita-la-catedral-y-capilla-real-de-granada\/#primaryimage"},"thumbnailUrl":"https:\/\/www.inmsol.com\/wp-content\/uploads\/2016\/08\/Cathedral__Capilla_Real_Granada_Spain-byn.jpg","articleSection":["Actividades en iNMSOL"],"inLanguage":"es"},{"@type":"WebPage","@id":"https:\/\/www.inmsol.com\/es\/blog-escuela\/actividades-iNMSOL\/visita-la-catedral-y-capilla-real-de-granada\/","url":"https:\/\/www.inmsol.com\/es\/blog-escuela\/actividades-iNMSOL\/visita-la-catedral-y-capilla-real-de-granada\/","name":"Visita a la Catedral y Capilla Real de Granada","isPartOf":{"@id":"https:\/\/www.inmsol.com\/es\/#website"},"primaryImageOfPage":{"@id":"https:\/\/www.inmsol.com\/es\/blog-escuela\/actividades-iNMSOL\/visita-la-catedral-y-capilla-real-de-granada\/#primaryimage"},"image":{"@id":"https:\/\/www.inmsol.com\/es\/blog-escuela\/actividades-iNMSOL\/visita-la-catedral-y-capilla-real-de-granada\/#primaryimage"},"thumbnailUrl":"https:\/\/www.inmsol.com\/wp-content\/uploads\/2016\/08\/Cathedral__Capilla_Real_Granada_Spain-byn.jpg","datePublished":"2016-08-17T11:04:07+00:00","dateModified":"2021-08-03T08:31:48+00:00","description":"Durante la semana pasada nuestros estudiantes de iNMSOL realizaron una visita a la Catedral y Capilla Real de Granada, acompa\u00f1ados por Roberto Arias.","breadcrumb":{"@id":"https:\/\/www.inmsol.com\/es\/blog-escuela\/actividades-iNMSOL\/visita-la-catedral-y-capilla-real-de-granada\/#breadcrumb"},"inLanguage":"es","potentialAction":[{"@type":"ReadAction","target":["https:\/\/www.inmsol.com\/es\/blog-escuela\/actividades-iNMSOL\/visita-la-catedral-y-capilla-real-de-granada\/"]}]},{"@type":"ImageObject","inLanguage":"es","@id":"https:\/\/www.inmsol.com\/es\/blog-escuela\/actividades-iNMSOL\/visita-la-catedral-y-capilla-real-de-granada\/#primaryimage","url":"https:\/\/www.inmsol.com\/wp-content\/uploads\/2016\/08\/Cathedral__Capilla_Real_Granada_Spain-byn.jpg","contentUrl":"https:\/\/www.inmsol.com\/wp-content\/uploads\/2016\/08\/Cathedral__Capilla_Real_Granada_Spain-byn.jpg","width":1500,"height":998,"caption":"SONY DSC"},{"@type":"BreadcrumbList","@id":"https:\/\/www.inmsol.com\/es\/blog-escuela\/actividades-iNMSOL\/visita-la-catedral-y-capilla-real-de-granada\/#breadcrumb","itemListElement":[{"@type":"ListItem","position":1,"name":"Accredited Center by Instituto Cervantes","item":"https:\/\/www.inmsol.com\/es\/pagina-ejemplo\/"},{"@type":"ListItem","position":2,"name":"Blog Escuela Espa\u00f1ol","item":"https:\/\/www.inmsol.com\/es\/category\/blog-escuela\/"},{"@type":"ListItem","position":3,"name":"Actividades en iNMSOL","item":"https:\/\/www.inmsol.com\/es\/category\/blog-escuela\/actividades-iNMSOL\/"},{"@type":"ListItem","position":4,"name":"Visita a la Catedral y Capilla Real de Granada"}]},{"@type":"WebSite","@id":"https:\/\/www.inmsol.com\/es\/#website","url":"https:\/\/www.inmsol.com\/es\/","name":"iNMSOL","description":"Aprenda Espa\u00f1ol con iNMSOL en Granada | Centro Acreditado por el Instituto Cervantes","publisher":{"@id":"https:\/\/www.inmsol.com\/es\/#organization"},"potentialAction":[{"@type":"SearchAction","target":{"@type":"EntryPoint","urlTemplate":"https:\/\/www.inmsol.com\/es\/?s={search_term_string}"},"query-input":{"@type":"PropertyValueSpecification","valueRequired":true,"valueName":"search_term_string"}}],"inLanguage":"es"},{"@type":"Organization","@id":"https:\/\/www.inmsol.com\/es\/#organization","name":"Instituto Mediterr\u00e1neo Sol","url":"https:\/\/www.inmsol.com\/es\/","logo":{"@type":"ImageObject","inLanguage":"es","@id":"https:\/\/www.inmsol.com\/es\/#\/schema\/logo\/image\/","url":"https:\/\/www.inmsol.com\/wp-content\/uploads\/2023\/06\/logo-inmsol-1.png","contentUrl":"https:\/\/www.inmsol.com\/wp-content\/uploads\/2023\/06\/logo-inmsol-1.png","width":136,"height":73,"caption":"Instituto Mediterr\u00e1neo Sol"},"image":{"@id":"https:\/\/www.inmsol.com\/es\/#\/schema\/logo\/image\/"},"sameAs":["https:\/\/www.facebook.com\/spanishcourses","https:\/\/x.com\/StudyInGranada","http:\/\/instagram.com\/imsolgranada","https:\/\/es.linkedin.com\/company\/imsol-granada","https:\/\/www.pinterest.es\/inmsol\/","https:\/\/www.youtube.com\/channel\/UChz-Qn_7coFMosY85iYMO4g"]},{"@type":"Person","@id":"https:\/\/www.inmsol.com\/es\/#\/schema\/person\/94a7a01d14a56d1fbc49c841ffc57fe9","name":"- Instituto Mediterr\u00e1neo Sol","image":{"@type":"ImageObject","inLanguage":"es","@id":"https:\/\/secure.gravatar.com\/avatar\/5607fdabdf1b548b6095cc3d43079829bc1497403e70dd34004e7204a8fef62b?s=96&d=mm&r=g","url":"https:\/\/secure.gravatar.com\/avatar\/5607fdabdf1b548b6095cc3d43079829bc1497403e70dd34004e7204a8fef62b?s=96&d=mm&r=g","contentUrl":"https:\/\/secure.gravatar.com\/avatar\/5607fdabdf1b548b6095cc3d43079829bc1497403e70dd34004e7204a8fef62b?s=96&d=mm&r=g","caption":"- Instituto Mediterr\u00e1neo Sol"},"url":"https:\/\/www.inmsol.com\/es\/author\/laura\/"}]}},"_links":{"self":[{"href":"https:\/\/www.inmsol.com\/es\/wp-json\/wp\/v2\/posts\/26689","targetHints":{"allow":["GET"]}}],"collection":[{"href":"https:\/\/www.inmsol.com\/es\/wp-json\/wp\/v2\/posts"}],"about":[{"href":"https:\/\/www.inmsol.com\/es\/wp-json\/wp\/v2\/types\/post"}],"author":[{"embeddable":true,"href":"https:\/\/www.inmsol.com\/es\/wp-json\/wp\/v2\/users\/3"}],"replies":[{"embeddable":true,"href":"https:\/\/www.inmsol.com\/es\/wp-json\/wp\/v2\/comments?post=26689"}],"version-history":[{"count":0,"href":"https:\/\/www.inmsol.com\/es\/wp-json\/wp\/v2\/posts\/26689\/revisions"}],"wp:featuredmedia":[{"embeddable":true,"href":"https:\/\/www.inmsol.com\/es\/wp-json\/wp\/v2\/media\/26616"}],"wp:attachment":[{"href":"https:\/\/www.inmsol.com\/es\/wp-json\/wp\/v2\/media?parent=26689"}],"wp:term":[{"taxonomy":"category","embeddable":true,"href":"https:\/\/www.inmsol.com\/es\/wp-json\/wp\/v2\/categories?post=26689"},{"taxonomy":"post_tag","embeddable":true,"href":"https:\/\/www.inmsol.com\/es\/wp-json\/wp\/v2\/tags?post=26689"}],"curies":[{"name":"wp","href":"https:\/\/api.w.org\/{rel}","templated":true}]}}