{"id":28752,"date":"2016-11-17T12:30:21","date_gmt":"2016-11-17T11:30:21","guid":{"rendered":"https:\/\/www.inmsol.com\/es\/?p=28752"},"modified":"2019-04-23T12:29:28","modified_gmt":"2019-04-23T10:29:28","slug":"unidosxelpatrimonio","status":"publish","type":"post","link":"https:\/\/www.inmsol.com\/es\/blog-escuela\/eventos-granada\/unidosxelpatrimonio\/","title":{"rendered":"#UnidosxElPatrimonio"},"content":{"rendered":"<p>Ya lleg\u00f3 el jueves, esto significa que el fin de semana est\u00e1 a punto de llegar. <a href=\"https:\/\/www.inmsol.com\/es\/escuela-espanol-granada\/\">iNMSOL<\/a>, como siempre, te da una idea de c\u00f3mo pasar este\u00a0<em>weekend<\/em>. Esta vez tendr\u00e9is cita con la cultura y los monumentos.<\/p>\n<p><img fetchpriority=\"high\" decoding=\"async\" class=\"aligncenter size-medium wp-image-28753\" src=\"https:\/\/www.inmsol.com\/wp-content\/uploads\/2016\/11\/Granada-Barrio-albaic\u00edn-copia-450x300.jpg\" alt=\"granada-barrio-albaicin-copia\" width=\"450\" height=\"300\" srcset=\"https:\/\/www.inmsol.com\/wp-content\/uploads\/2016\/11\/Granada-Barrio-albaic\u00edn-copia-450x300.jpg 450w, https:\/\/www.inmsol.com\/wp-content\/uploads\/2016\/11\/Granada-Barrio-albaic\u00edn-copia-600x400.jpg 600w, https:\/\/www.inmsol.com\/wp-content\/uploads\/2016\/11\/Granada-Barrio-albaic\u00edn-copia-768x512.jpg 768w, https:\/\/www.inmsol.com\/wp-content\/uploads\/2016\/11\/Granada-Barrio-albaic\u00edn-copia-250x167.jpg 250w, https:\/\/www.inmsol.com\/wp-content\/uploads\/2016\/11\/Granada-Barrio-albaic\u00edn-copia.jpg 1000w\" sizes=\"(max-width: 450px) 100vw, 450px\" \/><\/p>\n<p>El 16 de Noviembre se celebr\u00f3 el D\u00eda Internacional del Patrimonio Mundial y el D\u00eda Internacional de la Tolerancia para tomar conciencia de la importancia del reconocimiento y la salvaguarda del patrimonio y\u00a0de la diversidad cultural en todo el mundo. Pero la celebraci\u00f3n a\u00fan no ha acabado\u2026<a href=\"https:\/\/www.inmsol.com\/es\/granada\/\">Granada<\/a> ha preparado un programa incre\u00edble para festejarlo. Entre el 16 y el 20 de noviembre <a href=\"https:\/\/www.inmsol.com\/es\/granada\/\">Granada<\/a> te ofrece jornada de puertas abiertas, talleres donde cada uno encontrar\u00e1 algo para s\u00ed mismo, recitales e espect\u00e1culos de ilusionismo.<\/p>\n<p><a href=\"http:\/\/www.unescoandalucia.org\/sites\/default\/files\/archivos\/documentos\/programa_completo.pdf\">Programa de #UnidosxElPatrimonio<\/a><\/p>\n<p>\u00a1No os olvid\u00e9is de compartir vuestra experiencia con<a href=\"https:\/\/www.inmsol.com\/es\/escuela-espanol-granada\/\"> iNMSOL<\/a>!<\/p>\n","protected":false},"excerpt":{"rendered":"<p>Ya lleg\u00f3 el jueves, esto significa que el fin de semana est\u00e1 a punto de llegar. iNMSOL, como siempre, te da una idea de c\u00f3mo pasar este\u00a0weekend. Esta vez tendr\u00e9is cita con la cultura y los monumentos. El 16 de Noviembre se celebr\u00f3 el D\u00eda&#8230;<\/p>\n","protected":false},"author":3,"featured_media":28770,"comment_status":"closed","ping_status":"closed","sticky":false,"template":"","format":"standard","meta":{"_acf_changed":false,"footnotes":""},"categories":[80],"tags":[],"class_list":["post-28752","post","type-post","status-publish","format-standard","has-post-thumbnail","hentry","category-eventos-granada"],"acf":[],"yoast_head":"<!-- This site is optimized with the Yoast SEO plugin v27.4 - https:\/\/yoast.com\/product\/yoast-seo-wordpress\/ -->\n<title>#UnidosxElPatrimonio<\/title>\n<meta name=\"description\" content=\"El 16 de Noviembre se celebr\u00f3 el D\u00eda Internacional del Patrimonio Mundial y el D\u00eda Internacional de la Tolerancia.\" \/>\n<meta name=\"robots\" content=\"index, follow, max-snippet:-1, max-image-preview:large, max-video-preview:-1\" \/>\n<link rel=\"canonical\" href=\"https:\/\/www.inmsol.com\/es\/blog-escuela\/eventos-granada\/unidosxelpatrimonio\/\" \/>\n<meta property=\"og:locale\" content=\"es_ES\" \/>\n<meta property=\"og:type\" content=\"article\" \/>\n<meta property=\"og:title\" content=\"#UnidosxElPatrimonio\" \/>\n<meta property=\"og:description\" content=\"El 16 de Noviembre se celebr\u00f3 el D\u00eda Internacional del Patrimonio Mundial y el D\u00eda Internacional de la Tolerancia.\" \/>\n<meta property=\"og:url\" content=\"https:\/\/www.inmsol.com\/es\/blog-escuela\/eventos-granada\/unidosxelpatrimonio\/\" \/>\n<meta property=\"og:site_name\" content=\"iNMSOL\" \/>\n<meta property=\"article:publisher\" content=\"https:\/\/www.facebook.com\/spanishcourses\" \/>\n<meta property=\"article:published_time\" content=\"2016-11-17T11:30:21+00:00\" \/>\n<meta property=\"article:modified_time\" content=\"2019-04-23T10:29:28+00:00\" \/>\n<meta property=\"og:image\" content=\"https:\/\/www.inmsol.com\/wp-content\/uploads\/2016\/11\/logo-world-heritage-300x300.jpg\" \/>\n\t<meta property=\"og:image:width\" content=\"300\" \/>\n\t<meta property=\"og:image:height\" content=\"300\" \/>\n\t<meta property=\"og:image:type\" content=\"image\/jpeg\" \/>\n<meta name=\"author\" content=\"- Instituto Mediterr\u00e1neo Sol\" \/>\n<meta name=\"twitter:label1\" content=\"Escrito por\" \/>\n\t<meta name=\"twitter:data1\" content=\"- Instituto Mediterr\u00e1neo Sol\" \/>\n\t<meta name=\"twitter:label2\" content=\"Tiempo de lectura\" \/>\n\t<meta name=\"twitter:data2\" content=\"1 minuto\" \/>\n<script type=\"application\/ld+json\" class=\"yoast-schema-graph\">{\"@context\":\"https:\\\/\\\/schema.org\",\"@graph\":[{\"@type\":\"Article\",\"@id\":\"https:\\\/\\\/www.inmsol.com\\\/es\\\/blog-escuela\\\/eventos-granada\\\/unidosxelpatrimonio\\\/#article\",\"isPartOf\":{\"@id\":\"https:\\\/\\\/www.inmsol.com\\\/es\\\/blog-escuela\\\/eventos-granada\\\/unidosxelpatrimonio\\\/\"},\"author\":{\"name\":\"- Instituto Mediterr\u00e1neo Sol\",\"@id\":\"https:\\\/\\\/www.inmsol.com\\\/es\\\/#\\\/schema\\\/person\\\/94a7a01d14a56d1fbc49c841ffc57fe9\"},\"headline\":\"#UnidosxElPatrimonio\",\"datePublished\":\"2016-11-17T11:30:21+00:00\",\"dateModified\":\"2019-04-23T10:29:28+00:00\",\"mainEntityOfPage\":{\"@id\":\"https:\\\/\\\/www.inmsol.com\\\/es\\\/blog-escuela\\\/eventos-granada\\\/unidosxelpatrimonio\\\/\"},\"wordCount\":142,\"publisher\":{\"@id\":\"https:\\\/\\\/www.inmsol.com\\\/es\\\/#organization\"},\"image\":{\"@id\":\"https:\\\/\\\/www.inmsol.com\\\/es\\\/blog-escuela\\\/eventos-granada\\\/unidosxelpatrimonio\\\/#primaryimage\"},\"thumbnailUrl\":\"https:\\\/\\\/www.inmsol.com\\\/wp-content\\\/uploads\\\/2016\\\/11\\\/logo-world-heritage-300x300.jpg\",\"articleSection\":[\"Eventos en Granada\"],\"inLanguage\":\"es\"},{\"@type\":\"WebPage\",\"@id\":\"https:\\\/\\\/www.inmsol.com\\\/es\\\/blog-escuela\\\/eventos-granada\\\/unidosxelpatrimonio\\\/\",\"url\":\"https:\\\/\\\/www.inmsol.com\\\/es\\\/blog-escuela\\\/eventos-granada\\\/unidosxelpatrimonio\\\/\",\"name\":\"#UnidosxElPatrimonio\",\"isPartOf\":{\"@id\":\"https:\\\/\\\/www.inmsol.com\\\/es\\\/#website\"},\"primaryImageOfPage\":{\"@id\":\"https:\\\/\\\/www.inmsol.com\\\/es\\\/blog-escuela\\\/eventos-granada\\\/unidosxelpatrimonio\\\/#primaryimage\"},\"image\":{\"@id\":\"https:\\\/\\\/www.inmsol.com\\\/es\\\/blog-escuela\\\/eventos-granada\\\/unidosxelpatrimonio\\\/#primaryimage\"},\"thumbnailUrl\":\"https:\\\/\\\/www.inmsol.com\\\/wp-content\\\/uploads\\\/2016\\\/11\\\/logo-world-heritage-300x300.jpg\",\"datePublished\":\"2016-11-17T11:30:21+00:00\",\"dateModified\":\"2019-04-23T10:29:28+00:00\",\"description\":\"El 16 de Noviembre se celebr\u00f3 el D\u00eda Internacional del Patrimonio Mundial y el D\u00eda Internacional de la Tolerancia.\",\"breadcrumb\":{\"@id\":\"https:\\\/\\\/www.inmsol.com\\\/es\\\/blog-escuela\\\/eventos-granada\\\/unidosxelpatrimonio\\\/#breadcrumb\"},\"inLanguage\":\"es\",\"potentialAction\":[{\"@type\":\"ReadAction\",\"target\":[\"https:\\\/\\\/www.inmsol.com\\\/es\\\/blog-escuela\\\/eventos-granada\\\/unidosxelpatrimonio\\\/\"]}]},{\"@type\":\"ImageObject\",\"inLanguage\":\"es\",\"@id\":\"https:\\\/\\\/www.inmsol.com\\\/es\\\/blog-escuela\\\/eventos-granada\\\/unidosxelpatrimonio\\\/#primaryimage\",\"url\":\"https:\\\/\\\/www.inmsol.com\\\/wp-content\\\/uploads\\\/2016\\\/11\\\/logo-world-heritage-300x300.jpg\",\"contentUrl\":\"https:\\\/\\\/www.inmsol.com\\\/wp-content\\\/uploads\\\/2016\\\/11\\\/logo-world-heritage-300x300.jpg\",\"width\":300,\"height\":300},{\"@type\":\"BreadcrumbList\",\"@id\":\"https:\\\/\\\/www.inmsol.com\\\/es\\\/blog-escuela\\\/eventos-granada\\\/unidosxelpatrimonio\\\/#breadcrumb\",\"itemListElement\":[{\"@type\":\"ListItem\",\"position\":1,\"name\":\"Accredited Center by Instituto Cervantes\",\"item\":\"https:\\\/\\\/www.inmsol.com\\\/es\\\/pagina-ejemplo\\\/\"},{\"@type\":\"ListItem\",\"position\":2,\"name\":\"Blog Escuela Espa\u00f1ol\",\"item\":\"https:\\\/\\\/www.inmsol.com\\\/es\\\/category\\\/blog-escuela\\\/\"},{\"@type\":\"ListItem\",\"position\":3,\"name\":\"Eventos en Granada\",\"item\":\"https:\\\/\\\/www.inmsol.com\\\/es\\\/category\\\/blog-escuela\\\/eventos-granada\\\/\"},{\"@type\":\"ListItem\",\"position\":4,\"name\":\"#UnidosxElPatrimonio\"}]},{\"@type\":\"WebSite\",\"@id\":\"https:\\\/\\\/www.inmsol.com\\\/es\\\/#website\",\"url\":\"https:\\\/\\\/www.inmsol.com\\\/es\\\/\",\"name\":\"iNMSOL\",\"description\":\"Aprenda Espa\u00f1ol con iNMSOL en Granada | Centro Acreditado por el Instituto Cervantes\",\"publisher\":{\"@id\":\"https:\\\/\\\/www.inmsol.com\\\/es\\\/#organization\"},\"potentialAction\":[{\"@type\":\"SearchAction\",\"target\":{\"@type\":\"EntryPoint\",\"urlTemplate\":\"https:\\\/\\\/www.inmsol.com\\\/es\\\/?s={search_term_string}\"},\"query-input\":{\"@type\":\"PropertyValueSpecification\",\"valueRequired\":true,\"valueName\":\"search_term_string\"}}],\"inLanguage\":\"es\"},{\"@type\":\"Organization\",\"@id\":\"https:\\\/\\\/www.inmsol.com\\\/es\\\/#organization\",\"name\":\"Instituto Mediterr\u00e1neo Sol\",\"url\":\"https:\\\/\\\/www.inmsol.com\\\/es\\\/\",\"logo\":{\"@type\":\"ImageObject\",\"inLanguage\":\"es\",\"@id\":\"https:\\\/\\\/www.inmsol.com\\\/es\\\/#\\\/schema\\\/logo\\\/image\\\/\",\"url\":\"https:\\\/\\\/www.inmsol.com\\\/wp-content\\\/uploads\\\/2023\\\/06\\\/logo-inmsol-1.png\",\"contentUrl\":\"https:\\\/\\\/www.inmsol.com\\\/wp-content\\\/uploads\\\/2023\\\/06\\\/logo-inmsol-1.png\",\"width\":136,\"height\":73,\"caption\":\"Instituto Mediterr\u00e1neo Sol\"},\"image\":{\"@id\":\"https:\\\/\\\/www.inmsol.com\\\/es\\\/#\\\/schema\\\/logo\\\/image\\\/\"},\"sameAs\":[\"https:\\\/\\\/www.facebook.com\\\/spanishcourses\",\"https:\\\/\\\/x.com\\\/StudyInGranada\",\"http:\\\/\\\/instagram.com\\\/imsolgranada\",\"https:\\\/\\\/es.linkedin.com\\\/company\\\/imsol-granada\",\"https:\\\/\\\/www.pinterest.es\\\/inmsol\\\/\",\"https:\\\/\\\/www.youtube.com\\\/channel\\\/UChz-Qn_7coFMosY85iYMO4g\"]},{\"@type\":\"Person\",\"@id\":\"https:\\\/\\\/www.inmsol.com\\\/es\\\/#\\\/schema\\\/person\\\/94a7a01d14a56d1fbc49c841ffc57fe9\",\"name\":\"- Instituto Mediterr\u00e1neo Sol\",\"image\":{\"@type\":\"ImageObject\",\"inLanguage\":\"es\",\"@id\":\"https:\\\/\\\/secure.gravatar.com\\\/avatar\\\/5607fdabdf1b548b6095cc3d43079829bc1497403e70dd34004e7204a8fef62b?s=96&d=mm&r=g\",\"url\":\"https:\\\/\\\/secure.gravatar.com\\\/avatar\\\/5607fdabdf1b548b6095cc3d43079829bc1497403e70dd34004e7204a8fef62b?s=96&d=mm&r=g\",\"contentUrl\":\"https:\\\/\\\/secure.gravatar.com\\\/avatar\\\/5607fdabdf1b548b6095cc3d43079829bc1497403e70dd34004e7204a8fef62b?s=96&d=mm&r=g\",\"caption\":\"- Instituto Mediterr\u00e1neo Sol\"},\"url\":\"https:\\\/\\\/www.inmsol.com\\\/es\\\/author\\\/laura\\\/\"}]}<\/script>\n<!-- \/ Yoast SEO plugin. -->","yoast_head_json":{"title":"#UnidosxElPatrimonio","description":"El 16 de Noviembre se celebr\u00f3 el D\u00eda Internacional del Patrimonio Mundial y el D\u00eda Internacional de la Tolerancia.","robots":{"index":"index","follow":"follow","max-snippet":"max-snippet:-1","max-image-preview":"max-image-preview:large","max-video-preview":"max-video-preview:-1"},"canonical":"https:\/\/www.inmsol.com\/es\/blog-escuela\/eventos-granada\/unidosxelpatrimonio\/","og_locale":"es_ES","og_type":"article","og_title":"#UnidosxElPatrimonio","og_description":"El 16 de Noviembre se celebr\u00f3 el D\u00eda Internacional del Patrimonio Mundial y el D\u00eda Internacional de la Tolerancia.","og_url":"https:\/\/www.inmsol.com\/es\/blog-escuela\/eventos-granada\/unidosxelpatrimonio\/","og_site_name":"iNMSOL","article_publisher":"https:\/\/www.facebook.com\/spanishcourses","article_published_time":"2016-11-17T11:30:21+00:00","article_modified_time":"2019-04-23T10:29:28+00:00","og_image":[{"width":300,"height":300,"url":"https:\/\/www.inmsol.com\/wp-content\/uploads\/2016\/11\/logo-world-heritage-300x300.jpg","type":"image\/jpeg"}],"author":"- Instituto Mediterr\u00e1neo Sol","twitter_misc":{"Escrito por":"- Instituto Mediterr\u00e1neo Sol","Tiempo de lectura":"1 minuto"},"schema":{"@context":"https:\/\/schema.org","@graph":[{"@type":"Article","@id":"https:\/\/www.inmsol.com\/es\/blog-escuela\/eventos-granada\/unidosxelpatrimonio\/#article","isPartOf":{"@id":"https:\/\/www.inmsol.com\/es\/blog-escuela\/eventos-granada\/unidosxelpatrimonio\/"},"author":{"name":"- Instituto Mediterr\u00e1neo Sol","@id":"https:\/\/www.inmsol.com\/es\/#\/schema\/person\/94a7a01d14a56d1fbc49c841ffc57fe9"},"headline":"#UnidosxElPatrimonio","datePublished":"2016-11-17T11:30:21+00:00","dateModified":"2019-04-23T10:29:28+00:00","mainEntityOfPage":{"@id":"https:\/\/www.inmsol.com\/es\/blog-escuela\/eventos-granada\/unidosxelpatrimonio\/"},"wordCount":142,"publisher":{"@id":"https:\/\/www.inmsol.com\/es\/#organization"},"image":{"@id":"https:\/\/www.inmsol.com\/es\/blog-escuela\/eventos-granada\/unidosxelpatrimonio\/#primaryimage"},"thumbnailUrl":"https:\/\/www.inmsol.com\/wp-content\/uploads\/2016\/11\/logo-world-heritage-300x300.jpg","articleSection":["Eventos en Granada"],"inLanguage":"es"},{"@type":"WebPage","@id":"https:\/\/www.inmsol.com\/es\/blog-escuela\/eventos-granada\/unidosxelpatrimonio\/","url":"https:\/\/www.inmsol.com\/es\/blog-escuela\/eventos-granada\/unidosxelpatrimonio\/","name":"#UnidosxElPatrimonio","isPartOf":{"@id":"https:\/\/www.inmsol.com\/es\/#website"},"primaryImageOfPage":{"@id":"https:\/\/www.inmsol.com\/es\/blog-escuela\/eventos-granada\/unidosxelpatrimonio\/#primaryimage"},"image":{"@id":"https:\/\/www.inmsol.com\/es\/blog-escuela\/eventos-granada\/unidosxelpatrimonio\/#primaryimage"},"thumbnailUrl":"https:\/\/www.inmsol.com\/wp-content\/uploads\/2016\/11\/logo-world-heritage-300x300.jpg","datePublished":"2016-11-17T11:30:21+00:00","dateModified":"2019-04-23T10:29:28+00:00","description":"El 16 de Noviembre se celebr\u00f3 el D\u00eda Internacional del Patrimonio Mundial y el D\u00eda Internacional de la Tolerancia.","breadcrumb":{"@id":"https:\/\/www.inmsol.com\/es\/blog-escuela\/eventos-granada\/unidosxelpatrimonio\/#breadcrumb"},"inLanguage":"es","potentialAction":[{"@type":"ReadAction","target":["https:\/\/www.inmsol.com\/es\/blog-escuela\/eventos-granada\/unidosxelpatrimonio\/"]}]},{"@type":"ImageObject","inLanguage":"es","@id":"https:\/\/www.inmsol.com\/es\/blog-escuela\/eventos-granada\/unidosxelpatrimonio\/#primaryimage","url":"https:\/\/www.inmsol.com\/wp-content\/uploads\/2016\/11\/logo-world-heritage-300x300.jpg","contentUrl":"https:\/\/www.inmsol.com\/wp-content\/uploads\/2016\/11\/logo-world-heritage-300x300.jpg","width":300,"height":300},{"@type":"BreadcrumbList","@id":"https:\/\/www.inmsol.com\/es\/blog-escuela\/eventos-granada\/unidosxelpatrimonio\/#breadcrumb","itemListElement":[{"@type":"ListItem","position":1,"name":"Accredited Center by Instituto Cervantes","item":"https:\/\/www.inmsol.com\/es\/pagina-ejemplo\/"},{"@type":"ListItem","position":2,"name":"Blog Escuela Espa\u00f1ol","item":"https:\/\/www.inmsol.com\/es\/category\/blog-escuela\/"},{"@type":"ListItem","position":3,"name":"Eventos en Granada","item":"https:\/\/www.inmsol.com\/es\/category\/blog-escuela\/eventos-granada\/"},{"@type":"ListItem","position":4,"name":"#UnidosxElPatrimonio"}]},{"@type":"WebSite","@id":"https:\/\/www.inmsol.com\/es\/#website","url":"https:\/\/www.inmsol.com\/es\/","name":"iNMSOL","description":"Aprenda Espa\u00f1ol con iNMSOL en Granada | Centro Acreditado por el Instituto Cervantes","publisher":{"@id":"https:\/\/www.inmsol.com\/es\/#organization"},"potentialAction":[{"@type":"SearchAction","target":{"@type":"EntryPoint","urlTemplate":"https:\/\/www.inmsol.com\/es\/?s={search_term_string}"},"query-input":{"@type":"PropertyValueSpecification","valueRequired":true,"valueName":"search_term_string"}}],"inLanguage":"es"},{"@type":"Organization","@id":"https:\/\/www.inmsol.com\/es\/#organization","name":"Instituto Mediterr\u00e1neo Sol","url":"https:\/\/www.inmsol.com\/es\/","logo":{"@type":"ImageObject","inLanguage":"es","@id":"https:\/\/www.inmsol.com\/es\/#\/schema\/logo\/image\/","url":"https:\/\/www.inmsol.com\/wp-content\/uploads\/2023\/06\/logo-inmsol-1.png","contentUrl":"https:\/\/www.inmsol.com\/wp-content\/uploads\/2023\/06\/logo-inmsol-1.png","width":136,"height":73,"caption":"Instituto Mediterr\u00e1neo Sol"},"image":{"@id":"https:\/\/www.inmsol.com\/es\/#\/schema\/logo\/image\/"},"sameAs":["https:\/\/www.facebook.com\/spanishcourses","https:\/\/x.com\/StudyInGranada","http:\/\/instagram.com\/imsolgranada","https:\/\/es.linkedin.com\/company\/imsol-granada","https:\/\/www.pinterest.es\/inmsol\/","https:\/\/www.youtube.com\/channel\/UChz-Qn_7coFMosY85iYMO4g"]},{"@type":"Person","@id":"https:\/\/www.inmsol.com\/es\/#\/schema\/person\/94a7a01d14a56d1fbc49c841ffc57fe9","name":"- Instituto Mediterr\u00e1neo Sol","image":{"@type":"ImageObject","inLanguage":"es","@id":"https:\/\/secure.gravatar.com\/avatar\/5607fdabdf1b548b6095cc3d43079829bc1497403e70dd34004e7204a8fef62b?s=96&d=mm&r=g","url":"https:\/\/secure.gravatar.com\/avatar\/5607fdabdf1b548b6095cc3d43079829bc1497403e70dd34004e7204a8fef62b?s=96&d=mm&r=g","contentUrl":"https:\/\/secure.gravatar.com\/avatar\/5607fdabdf1b548b6095cc3d43079829bc1497403e70dd34004e7204a8fef62b?s=96&d=mm&r=g","caption":"- Instituto Mediterr\u00e1neo Sol"},"url":"https:\/\/www.inmsol.com\/es\/author\/laura\/"}]}},"_links":{"self":[{"href":"https:\/\/www.inmsol.com\/es\/wp-json\/wp\/v2\/posts\/28752","targetHints":{"allow":["GET"]}}],"collection":[{"href":"https:\/\/www.inmsol.com\/es\/wp-json\/wp\/v2\/posts"}],"about":[{"href":"https:\/\/www.inmsol.com\/es\/wp-json\/wp\/v2\/types\/post"}],"author":[{"embeddable":true,"href":"https:\/\/www.inmsol.com\/es\/wp-json\/wp\/v2\/users\/3"}],"replies":[{"embeddable":true,"href":"https:\/\/www.inmsol.com\/es\/wp-json\/wp\/v2\/comments?post=28752"}],"version-history":[{"count":0,"href":"https:\/\/www.inmsol.com\/es\/wp-json\/wp\/v2\/posts\/28752\/revisions"}],"wp:featuredmedia":[{"embeddable":true,"href":"https:\/\/www.inmsol.com\/es\/wp-json\/wp\/v2\/media\/28770"}],"wp:attachment":[{"href":"https:\/\/www.inmsol.com\/es\/wp-json\/wp\/v2\/media?parent=28752"}],"wp:term":[{"taxonomy":"category","embeddable":true,"href":"https:\/\/www.inmsol.com\/es\/wp-json\/wp\/v2\/categories?post=28752"},{"taxonomy":"post_tag","embeddable":true,"href":"https:\/\/www.inmsol.com\/es\/wp-json\/wp\/v2\/tags?post=28752"}],"curies":[{"name":"wp","href":"https:\/\/api.w.org\/{rel}","templated":true}]}}