{"id":29544,"date":"2016-11-22T10:45:48","date_gmt":"2016-11-22T09:45:48","guid":{"rendered":"https:\/\/www.inmsol.com\/es\/?p=29544"},"modified":"2019-04-23T12:25:21","modified_gmt":"2019-04-23T10:25:21","slug":"la-fiebre-de-shopping-llega-granada","status":"publish","type":"post","link":"https:\/\/www.inmsol.com\/es\/blog-escuela\/noticias\/la-fiebre-de-shopping-llega-granada\/","title":{"rendered":"La fiebre de shopping llega a Granada"},"content":{"rendered":"<p>Seguramente la mayor\u00eda de vosotros desde el \u00faltimo mes escucha con mucha frecuencia dos palabras BLACK FRIDAY. Os pregunt\u00e1is \u00bfqu\u00e9 es? Como siempre, <a href=\"https:\/\/www.inmsol.com\/es\/escuela-espanol-granada\/\">iNMSOL<\/a> viene a ayudaros y daros algunos <em>tips<\/em> acerca de este fen\u00f3meno.<\/p>\n<p>Black Friday, en castellano <em>viernes negro, <\/em>es una jornada de descuentos que inaugura la temporada de compras navide\u00f1as. Se celebra un d\u00eda despu\u00e9s del D\u00eda de Acci\u00f3n de Gracias en Estados Unidos. Esta festividad viene de Estados Unidos y poco a poco se ha ido extendiendo por el resto del mundo.<\/p>\n<p><img fetchpriority=\"high\" decoding=\"async\" class=\"aligncenter size-medium wp-image-29606\" src=\"https:\/\/www.inmsol.com\/wp-content\/uploads\/2016\/11\/Shopping-3-460x247.jpg\" alt=\"shopping-3\" width=\"460\" height=\"247\" srcset=\"https:\/\/www.inmsol.com\/wp-content\/uploads\/2016\/11\/Shopping-3-460x247.jpg 460w, https:\/\/www.inmsol.com\/wp-content\/uploads\/2016\/11\/Shopping-3-64x34.jpg 64w, https:\/\/www.inmsol.com\/wp-content\/uploads\/2016\/11\/Shopping-3-250x135.jpg 250w, https:\/\/www.inmsol.com\/wp-content\/uploads\/2016\/11\/Shopping-3.jpg 500w\" sizes=\"(max-width: 460px) 100vw, 460px\" \/><\/p>\n<p>A Espa\u00f1a lleg\u00f3 hace 4 a\u00f1os en plena crisis econ\u00f3mica. De esta forma,\u00a0el comercio pretend\u00eda incentivar el consumo antes de las fiestas. Seg\u00fan el estudio de Worten, <strong>el 83% de los espa\u00f1oles encuestados ya conoce esta fecha.<\/strong><\/p>\n<p>La mayor\u00eda de\u00a0empresas textiles, muchas cadenas de supermercados, marcas de electr\u00f3nica, agencias de viajes,\u00a0compa\u00f1\u00edas de telefon\u00eda m\u00f3vil, aerol\u00edneas y cadenas de restauraci\u00f3n, entre otros, se apuntar\u00e1n a este viernes negro. <strong>Aunque muchas marcas esperan hasta el \u00faltimo d\u00eda para anunciar sus descuentos.<\/strong><\/p>\n<p><img decoding=\"async\" class=\"aligncenter size-medium wp-image-29559\" src=\"https:\/\/www.inmsol.com\/wp-content\/uploads\/2016\/11\/black-friday-espa\u00f1a-1-460x274.jpg\" alt=\"black-friday-espana-1\" width=\"460\" height=\"274\" srcset=\"https:\/\/www.inmsol.com\/wp-content\/uploads\/2016\/11\/black-friday-espa\u00f1a-1-460x274.jpg 460w, https:\/\/www.inmsol.com\/wp-content\/uploads\/2016\/11\/black-friday-espa\u00f1a-1-250x149.jpg 250w, https:\/\/www.inmsol.com\/wp-content\/uploads\/2016\/11\/black-friday-espa\u00f1a-1.jpg 600w\" sizes=\"(max-width: 460px) 100vw, 460px\" \/><\/p>\n<p>El 23 de noviembre, antes de la locura de Black Friday, el Centro Comercial Nevada, en\u00a0<a href=\"https:\/\/www.inmsol.com\/es\/granada\/\">Granada<\/a>, abre por primera vez sus puertas. Podr\u00e9is encontrar all\u00ed m\u00e1s de 300 locales que te ofrecer\u00e1n una gran variedad de marcas y productos.<\/p>\n<p>Ah\u2026 \u00a1se nos ha olvidado lo m\u00e1s importante! <strong>Black Friday es este viernes, el 25 de noviembre, \u00a1y en <a href=\"https:\/\/www.inmsol.com\/es\/escuela-espanol-granada\/\">Instituto Mediterr\u00e1neo Sol<\/a> tambi\u00e9n os ofreceremos atractivos descuentos! Estad atentos&#8230; <\/strong><\/p>\n<p>Esperamos que nos cont\u00e9is vuestra experiencia de este d\u00eda.<\/p>\n<p>\u00a1Que pas\u00e9is un estupendo d\u00eda de compras!<\/p>\n","protected":false},"excerpt":{"rendered":"<p>Seguramente la mayor\u00eda de vosotros desde el \u00faltimo mes escucha con mucha frecuencia dos palabras BLACK FRIDAY. Os pregunt\u00e1is \u00bfqu\u00e9 es? Como siempre, iNMSOL viene a ayudaros y daros algunos tips acerca de este fen\u00f3meno. Black Friday, en castellano viernes negro, es una jornada de&#8230;<\/p>\n","protected":false},"author":3,"featured_media":29545,"comment_status":"closed","ping_status":"closed","sticky":false,"template":"","format":"standard","meta":{"_acf_changed":false,"footnotes":""},"categories":[82],"tags":[],"class_list":["post-29544","post","type-post","status-publish","format-standard","has-post-thumbnail","hentry","category-noticias"],"acf":[],"yoast_head":"<!-- This site is optimized with the Yoast SEO plugin v27.5 - https:\/\/yoast.com\/product\/yoast-seo-wordpress\/ -->\n<title>La fiebre de shopping llega a Granada<\/title>\n<meta name=\"description\" content=\"Seguramente la mayor\u00eda de vosotros desde el \u00faltimo mes escucha con mucha frecuencia dos palabras BLACK FRIDAY. Os pregunt\u00e1is \u00bfqu\u00e9 es?\" \/>\n<meta name=\"robots\" content=\"index, follow, max-snippet:-1, max-image-preview:large, max-video-preview:-1\" \/>\n<link rel=\"canonical\" href=\"https:\/\/www.inmsol.com\/es\/blog-escuela\/noticias\/la-fiebre-de-shopping-llega-granada\/\" \/>\n<meta property=\"og:locale\" content=\"es_ES\" \/>\n<meta property=\"og:type\" content=\"article\" \/>\n<meta property=\"og:title\" content=\"La fiebre de shopping llega a Granada\" \/>\n<meta property=\"og:description\" content=\"Seguramente la mayor\u00eda de vosotros desde el \u00faltimo mes escucha con mucha frecuencia dos palabras BLACK FRIDAY. Os pregunt\u00e1is \u00bfqu\u00e9 es?\" \/>\n<meta property=\"og:url\" content=\"https:\/\/www.inmsol.com\/es\/blog-escuela\/noticias\/la-fiebre-de-shopping-llega-granada\/\" \/>\n<meta property=\"og:site_name\" content=\"iNMSOL\" \/>\n<meta property=\"article:publisher\" content=\"https:\/\/www.facebook.com\/spanishcourses\" \/>\n<meta property=\"article:published_time\" content=\"2016-11-22T09:45:48+00:00\" \/>\n<meta property=\"article:modified_time\" content=\"2019-04-23T10:25:21+00:00\" \/>\n<meta property=\"og:image\" content=\"https:\/\/www.inmsol.com\/wp-content\/uploads\/2016\/11\/black-friday-1.png\" \/>\n\t<meta property=\"og:image:width\" content=\"500\" \/>\n\t<meta property=\"og:image:height\" content=\"500\" \/>\n\t<meta property=\"og:image:type\" content=\"image\/png\" \/>\n<meta name=\"author\" content=\"- Instituto Mediterr\u00e1neo Sol\" \/>\n<meta name=\"twitter:label1\" content=\"Escrito por\" \/>\n\t<meta name=\"twitter:data1\" content=\"- Instituto Mediterr\u00e1neo Sol\" \/>\n\t<meta name=\"twitter:label2\" content=\"Tiempo de lectura\" \/>\n\t<meta name=\"twitter:data2\" content=\"1 minuto\" \/>\n<script type=\"application\/ld+json\" class=\"yoast-schema-graph\">{\"@context\":\"https:\\\/\\\/schema.org\",\"@graph\":[{\"@type\":\"Article\",\"@id\":\"https:\\\/\\\/www.inmsol.com\\\/es\\\/blog-escuela\\\/noticias\\\/la-fiebre-de-shopping-llega-granada\\\/#article\",\"isPartOf\":{\"@id\":\"https:\\\/\\\/www.inmsol.com\\\/es\\\/blog-escuela\\\/noticias\\\/la-fiebre-de-shopping-llega-granada\\\/\"},\"author\":{\"name\":\"- Instituto Mediterr\u00e1neo Sol\",\"@id\":\"https:\\\/\\\/www.inmsol.com\\\/es\\\/#\\\/schema\\\/person\\\/94a7a01d14a56d1fbc49c841ffc57fe9\"},\"headline\":\"La fiebre de shopping llega a Granada\",\"datePublished\":\"2016-11-22T09:45:48+00:00\",\"dateModified\":\"2019-04-23T10:25:21+00:00\",\"mainEntityOfPage\":{\"@id\":\"https:\\\/\\\/www.inmsol.com\\\/es\\\/blog-escuela\\\/noticias\\\/la-fiebre-de-shopping-llega-granada\\\/\"},\"wordCount\":288,\"publisher\":{\"@id\":\"https:\\\/\\\/www.inmsol.com\\\/es\\\/#organization\"},\"image\":{\"@id\":\"https:\\\/\\\/www.inmsol.com\\\/es\\\/blog-escuela\\\/noticias\\\/la-fiebre-de-shopping-llega-granada\\\/#primaryimage\"},\"thumbnailUrl\":\"https:\\\/\\\/www.inmsol.com\\\/wp-content\\\/uploads\\\/2016\\\/11\\\/black-friday-1.png\",\"articleSection\":[\"Noticias y Servicios iNMSOL\"],\"inLanguage\":\"es\"},{\"@type\":\"WebPage\",\"@id\":\"https:\\\/\\\/www.inmsol.com\\\/es\\\/blog-escuela\\\/noticias\\\/la-fiebre-de-shopping-llega-granada\\\/\",\"url\":\"https:\\\/\\\/www.inmsol.com\\\/es\\\/blog-escuela\\\/noticias\\\/la-fiebre-de-shopping-llega-granada\\\/\",\"name\":\"La fiebre de shopping llega a Granada\",\"isPartOf\":{\"@id\":\"https:\\\/\\\/www.inmsol.com\\\/es\\\/#website\"},\"primaryImageOfPage\":{\"@id\":\"https:\\\/\\\/www.inmsol.com\\\/es\\\/blog-escuela\\\/noticias\\\/la-fiebre-de-shopping-llega-granada\\\/#primaryimage\"},\"image\":{\"@id\":\"https:\\\/\\\/www.inmsol.com\\\/es\\\/blog-escuela\\\/noticias\\\/la-fiebre-de-shopping-llega-granada\\\/#primaryimage\"},\"thumbnailUrl\":\"https:\\\/\\\/www.inmsol.com\\\/wp-content\\\/uploads\\\/2016\\\/11\\\/black-friday-1.png\",\"datePublished\":\"2016-11-22T09:45:48+00:00\",\"dateModified\":\"2019-04-23T10:25:21+00:00\",\"description\":\"Seguramente la mayor\u00eda de vosotros desde el \u00faltimo mes escucha con mucha frecuencia dos palabras BLACK FRIDAY. Os pregunt\u00e1is \u00bfqu\u00e9 es?\",\"breadcrumb\":{\"@id\":\"https:\\\/\\\/www.inmsol.com\\\/es\\\/blog-escuela\\\/noticias\\\/la-fiebre-de-shopping-llega-granada\\\/#breadcrumb\"},\"inLanguage\":\"es\",\"potentialAction\":[{\"@type\":\"ReadAction\",\"target\":[\"https:\\\/\\\/www.inmsol.com\\\/es\\\/blog-escuela\\\/noticias\\\/la-fiebre-de-shopping-llega-granada\\\/\"]}]},{\"@type\":\"ImageObject\",\"inLanguage\":\"es\",\"@id\":\"https:\\\/\\\/www.inmsol.com\\\/es\\\/blog-escuela\\\/noticias\\\/la-fiebre-de-shopping-llega-granada\\\/#primaryimage\",\"url\":\"https:\\\/\\\/www.inmsol.com\\\/wp-content\\\/uploads\\\/2016\\\/11\\\/black-friday-1.png\",\"contentUrl\":\"https:\\\/\\\/www.inmsol.com\\\/wp-content\\\/uploads\\\/2016\\\/11\\\/black-friday-1.png\",\"width\":500,\"height\":500},{\"@type\":\"BreadcrumbList\",\"@id\":\"https:\\\/\\\/www.inmsol.com\\\/es\\\/blog-escuela\\\/noticias\\\/la-fiebre-de-shopping-llega-granada\\\/#breadcrumb\",\"itemListElement\":[{\"@type\":\"ListItem\",\"position\":1,\"name\":\"Accredited Center by Instituto Cervantes\",\"item\":\"https:\\\/\\\/www.inmsol.com\\\/es\\\/pagina-ejemplo\\\/\"},{\"@type\":\"ListItem\",\"position\":2,\"name\":\"Blog Escuela Espa\u00f1ol\",\"item\":\"https:\\\/\\\/www.inmsol.com\\\/es\\\/category\\\/blog-escuela\\\/\"},{\"@type\":\"ListItem\",\"position\":3,\"name\":\"Noticias y Servicios iNMSOL\",\"item\":\"https:\\\/\\\/www.inmsol.com\\\/es\\\/category\\\/blog-escuela\\\/noticias\\\/\"},{\"@type\":\"ListItem\",\"position\":4,\"name\":\"La fiebre de shopping llega a Granada\"}]},{\"@type\":\"WebSite\",\"@id\":\"https:\\\/\\\/www.inmsol.com\\\/es\\\/#website\",\"url\":\"https:\\\/\\\/www.inmsol.com\\\/es\\\/\",\"name\":\"iNMSOL\",\"description\":\"Aprenda Espa\u00f1ol con iNMSOL en Granada | Centro Acreditado por el Instituto Cervantes\",\"publisher\":{\"@id\":\"https:\\\/\\\/www.inmsol.com\\\/es\\\/#organization\"},\"potentialAction\":[{\"@type\":\"SearchAction\",\"target\":{\"@type\":\"EntryPoint\",\"urlTemplate\":\"https:\\\/\\\/www.inmsol.com\\\/es\\\/?s={search_term_string}\"},\"query-input\":{\"@type\":\"PropertyValueSpecification\",\"valueRequired\":true,\"valueName\":\"search_term_string\"}}],\"inLanguage\":\"es\"},{\"@type\":\"Organization\",\"@id\":\"https:\\\/\\\/www.inmsol.com\\\/es\\\/#organization\",\"name\":\"Instituto Mediterr\u00e1neo Sol\",\"url\":\"https:\\\/\\\/www.inmsol.com\\\/es\\\/\",\"logo\":{\"@type\":\"ImageObject\",\"inLanguage\":\"es\",\"@id\":\"https:\\\/\\\/www.inmsol.com\\\/es\\\/#\\\/schema\\\/logo\\\/image\\\/\",\"url\":\"https:\\\/\\\/www.inmsol.com\\\/wp-content\\\/uploads\\\/2023\\\/06\\\/logo-inmsol-1.png\",\"contentUrl\":\"https:\\\/\\\/www.inmsol.com\\\/wp-content\\\/uploads\\\/2023\\\/06\\\/logo-inmsol-1.png\",\"width\":136,\"height\":73,\"caption\":\"Instituto Mediterr\u00e1neo Sol\"},\"image\":{\"@id\":\"https:\\\/\\\/www.inmsol.com\\\/es\\\/#\\\/schema\\\/logo\\\/image\\\/\"},\"sameAs\":[\"https:\\\/\\\/www.facebook.com\\\/spanishcourses\",\"https:\\\/\\\/x.com\\\/StudyInGranada\",\"http:\\\/\\\/instagram.com\\\/imsolgranada\",\"https:\\\/\\\/es.linkedin.com\\\/company\\\/imsol-granada\",\"https:\\\/\\\/www.pinterest.es\\\/inmsol\\\/\",\"https:\\\/\\\/www.youtube.com\\\/channel\\\/UChz-Qn_7coFMosY85iYMO4g\"]},{\"@type\":\"Person\",\"@id\":\"https:\\\/\\\/www.inmsol.com\\\/es\\\/#\\\/schema\\\/person\\\/94a7a01d14a56d1fbc49c841ffc57fe9\",\"name\":\"- Instituto Mediterr\u00e1neo Sol\",\"image\":{\"@type\":\"ImageObject\",\"inLanguage\":\"es\",\"@id\":\"https:\\\/\\\/secure.gravatar.com\\\/avatar\\\/5607fdabdf1b548b6095cc3d43079829bc1497403e70dd34004e7204a8fef62b?s=96&d=mm&r=g\",\"url\":\"https:\\\/\\\/secure.gravatar.com\\\/avatar\\\/5607fdabdf1b548b6095cc3d43079829bc1497403e70dd34004e7204a8fef62b?s=96&d=mm&r=g\",\"contentUrl\":\"https:\\\/\\\/secure.gravatar.com\\\/avatar\\\/5607fdabdf1b548b6095cc3d43079829bc1497403e70dd34004e7204a8fef62b?s=96&d=mm&r=g\",\"caption\":\"- Instituto Mediterr\u00e1neo Sol\"},\"url\":\"https:\\\/\\\/www.inmsol.com\\\/es\\\/author\\\/laura\\\/\"}]}<\/script>\n<!-- \/ Yoast SEO plugin. -->","yoast_head_json":{"title":"La fiebre de shopping llega a Granada","description":"Seguramente la mayor\u00eda de vosotros desde el \u00faltimo mes escucha con mucha frecuencia dos palabras BLACK FRIDAY. Os pregunt\u00e1is \u00bfqu\u00e9 es?","robots":{"index":"index","follow":"follow","max-snippet":"max-snippet:-1","max-image-preview":"max-image-preview:large","max-video-preview":"max-video-preview:-1"},"canonical":"https:\/\/www.inmsol.com\/es\/blog-escuela\/noticias\/la-fiebre-de-shopping-llega-granada\/","og_locale":"es_ES","og_type":"article","og_title":"La fiebre de shopping llega a Granada","og_description":"Seguramente la mayor\u00eda de vosotros desde el \u00faltimo mes escucha con mucha frecuencia dos palabras BLACK FRIDAY. Os pregunt\u00e1is \u00bfqu\u00e9 es?","og_url":"https:\/\/www.inmsol.com\/es\/blog-escuela\/noticias\/la-fiebre-de-shopping-llega-granada\/","og_site_name":"iNMSOL","article_publisher":"https:\/\/www.facebook.com\/spanishcourses","article_published_time":"2016-11-22T09:45:48+00:00","article_modified_time":"2019-04-23T10:25:21+00:00","og_image":[{"width":500,"height":500,"url":"https:\/\/www.inmsol.com\/wp-content\/uploads\/2016\/11\/black-friday-1.png","type":"image\/png"}],"author":"- Instituto Mediterr\u00e1neo Sol","twitter_misc":{"Escrito por":"- Instituto Mediterr\u00e1neo Sol","Tiempo de lectura":"1 minuto"},"schema":{"@context":"https:\/\/schema.org","@graph":[{"@type":"Article","@id":"https:\/\/www.inmsol.com\/es\/blog-escuela\/noticias\/la-fiebre-de-shopping-llega-granada\/#article","isPartOf":{"@id":"https:\/\/www.inmsol.com\/es\/blog-escuela\/noticias\/la-fiebre-de-shopping-llega-granada\/"},"author":{"name":"- Instituto Mediterr\u00e1neo Sol","@id":"https:\/\/www.inmsol.com\/es\/#\/schema\/person\/94a7a01d14a56d1fbc49c841ffc57fe9"},"headline":"La fiebre de shopping llega a Granada","datePublished":"2016-11-22T09:45:48+00:00","dateModified":"2019-04-23T10:25:21+00:00","mainEntityOfPage":{"@id":"https:\/\/www.inmsol.com\/es\/blog-escuela\/noticias\/la-fiebre-de-shopping-llega-granada\/"},"wordCount":288,"publisher":{"@id":"https:\/\/www.inmsol.com\/es\/#organization"},"image":{"@id":"https:\/\/www.inmsol.com\/es\/blog-escuela\/noticias\/la-fiebre-de-shopping-llega-granada\/#primaryimage"},"thumbnailUrl":"https:\/\/www.inmsol.com\/wp-content\/uploads\/2016\/11\/black-friday-1.png","articleSection":["Noticias y Servicios iNMSOL"],"inLanguage":"es"},{"@type":"WebPage","@id":"https:\/\/www.inmsol.com\/es\/blog-escuela\/noticias\/la-fiebre-de-shopping-llega-granada\/","url":"https:\/\/www.inmsol.com\/es\/blog-escuela\/noticias\/la-fiebre-de-shopping-llega-granada\/","name":"La fiebre de shopping llega a Granada","isPartOf":{"@id":"https:\/\/www.inmsol.com\/es\/#website"},"primaryImageOfPage":{"@id":"https:\/\/www.inmsol.com\/es\/blog-escuela\/noticias\/la-fiebre-de-shopping-llega-granada\/#primaryimage"},"image":{"@id":"https:\/\/www.inmsol.com\/es\/blog-escuela\/noticias\/la-fiebre-de-shopping-llega-granada\/#primaryimage"},"thumbnailUrl":"https:\/\/www.inmsol.com\/wp-content\/uploads\/2016\/11\/black-friday-1.png","datePublished":"2016-11-22T09:45:48+00:00","dateModified":"2019-04-23T10:25:21+00:00","description":"Seguramente la mayor\u00eda de vosotros desde el \u00faltimo mes escucha con mucha frecuencia dos palabras BLACK FRIDAY. Os pregunt\u00e1is \u00bfqu\u00e9 es?","breadcrumb":{"@id":"https:\/\/www.inmsol.com\/es\/blog-escuela\/noticias\/la-fiebre-de-shopping-llega-granada\/#breadcrumb"},"inLanguage":"es","potentialAction":[{"@type":"ReadAction","target":["https:\/\/www.inmsol.com\/es\/blog-escuela\/noticias\/la-fiebre-de-shopping-llega-granada\/"]}]},{"@type":"ImageObject","inLanguage":"es","@id":"https:\/\/www.inmsol.com\/es\/blog-escuela\/noticias\/la-fiebre-de-shopping-llega-granada\/#primaryimage","url":"https:\/\/www.inmsol.com\/wp-content\/uploads\/2016\/11\/black-friday-1.png","contentUrl":"https:\/\/www.inmsol.com\/wp-content\/uploads\/2016\/11\/black-friday-1.png","width":500,"height":500},{"@type":"BreadcrumbList","@id":"https:\/\/www.inmsol.com\/es\/blog-escuela\/noticias\/la-fiebre-de-shopping-llega-granada\/#breadcrumb","itemListElement":[{"@type":"ListItem","position":1,"name":"Accredited Center by Instituto Cervantes","item":"https:\/\/www.inmsol.com\/es\/pagina-ejemplo\/"},{"@type":"ListItem","position":2,"name":"Blog Escuela Espa\u00f1ol","item":"https:\/\/www.inmsol.com\/es\/category\/blog-escuela\/"},{"@type":"ListItem","position":3,"name":"Noticias y Servicios iNMSOL","item":"https:\/\/www.inmsol.com\/es\/category\/blog-escuela\/noticias\/"},{"@type":"ListItem","position":4,"name":"La fiebre de shopping llega a Granada"}]},{"@type":"WebSite","@id":"https:\/\/www.inmsol.com\/es\/#website","url":"https:\/\/www.inmsol.com\/es\/","name":"iNMSOL","description":"Aprenda Espa\u00f1ol con iNMSOL en Granada | Centro Acreditado por el Instituto Cervantes","publisher":{"@id":"https:\/\/www.inmsol.com\/es\/#organization"},"potentialAction":[{"@type":"SearchAction","target":{"@type":"EntryPoint","urlTemplate":"https:\/\/www.inmsol.com\/es\/?s={search_term_string}"},"query-input":{"@type":"PropertyValueSpecification","valueRequired":true,"valueName":"search_term_string"}}],"inLanguage":"es"},{"@type":"Organization","@id":"https:\/\/www.inmsol.com\/es\/#organization","name":"Instituto Mediterr\u00e1neo Sol","url":"https:\/\/www.inmsol.com\/es\/","logo":{"@type":"ImageObject","inLanguage":"es","@id":"https:\/\/www.inmsol.com\/es\/#\/schema\/logo\/image\/","url":"https:\/\/www.inmsol.com\/wp-content\/uploads\/2023\/06\/logo-inmsol-1.png","contentUrl":"https:\/\/www.inmsol.com\/wp-content\/uploads\/2023\/06\/logo-inmsol-1.png","width":136,"height":73,"caption":"Instituto Mediterr\u00e1neo Sol"},"image":{"@id":"https:\/\/www.inmsol.com\/es\/#\/schema\/logo\/image\/"},"sameAs":["https:\/\/www.facebook.com\/spanishcourses","https:\/\/x.com\/StudyInGranada","http:\/\/instagram.com\/imsolgranada","https:\/\/es.linkedin.com\/company\/imsol-granada","https:\/\/www.pinterest.es\/inmsol\/","https:\/\/www.youtube.com\/channel\/UChz-Qn_7coFMosY85iYMO4g"]},{"@type":"Person","@id":"https:\/\/www.inmsol.com\/es\/#\/schema\/person\/94a7a01d14a56d1fbc49c841ffc57fe9","name":"- Instituto Mediterr\u00e1neo Sol","image":{"@type":"ImageObject","inLanguage":"es","@id":"https:\/\/secure.gravatar.com\/avatar\/5607fdabdf1b548b6095cc3d43079829bc1497403e70dd34004e7204a8fef62b?s=96&d=mm&r=g","url":"https:\/\/secure.gravatar.com\/avatar\/5607fdabdf1b548b6095cc3d43079829bc1497403e70dd34004e7204a8fef62b?s=96&d=mm&r=g","contentUrl":"https:\/\/secure.gravatar.com\/avatar\/5607fdabdf1b548b6095cc3d43079829bc1497403e70dd34004e7204a8fef62b?s=96&d=mm&r=g","caption":"- Instituto Mediterr\u00e1neo Sol"},"url":"https:\/\/www.inmsol.com\/es\/author\/laura\/"}]}},"_links":{"self":[{"href":"https:\/\/www.inmsol.com\/es\/wp-json\/wp\/v2\/posts\/29544","targetHints":{"allow":["GET"]}}],"collection":[{"href":"https:\/\/www.inmsol.com\/es\/wp-json\/wp\/v2\/posts"}],"about":[{"href":"https:\/\/www.inmsol.com\/es\/wp-json\/wp\/v2\/types\/post"}],"author":[{"embeddable":true,"href":"https:\/\/www.inmsol.com\/es\/wp-json\/wp\/v2\/users\/3"}],"replies":[{"embeddable":true,"href":"https:\/\/www.inmsol.com\/es\/wp-json\/wp\/v2\/comments?post=29544"}],"version-history":[{"count":0,"href":"https:\/\/www.inmsol.com\/es\/wp-json\/wp\/v2\/posts\/29544\/revisions"}],"wp:featuredmedia":[{"embeddable":true,"href":"https:\/\/www.inmsol.com\/es\/wp-json\/wp\/v2\/media\/29545"}],"wp:attachment":[{"href":"https:\/\/www.inmsol.com\/es\/wp-json\/wp\/v2\/media?parent=29544"}],"wp:term":[{"taxonomy":"category","embeddable":true,"href":"https:\/\/www.inmsol.com\/es\/wp-json\/wp\/v2\/categories?post=29544"},{"taxonomy":"post_tag","embeddable":true,"href":"https:\/\/www.inmsol.com\/es\/wp-json\/wp\/v2\/tags?post=29544"}],"curies":[{"name":"wp","href":"https:\/\/api.w.org\/{rel}","templated":true}]}}